{"id":37613,"date":"2022-06-14T16:51:20","date_gmt":"2022-06-14T19:51:20","guid":{"rendered":"https:\/\/www.amstedmaxion.com.br\/?p=37613"},"modified":"2022-06-14T16:51:22","modified_gmt":"2022-06-14T19:51:22","slug":"fendt-amplia-operacao-no-brasil-e-preve-dobrar-as-vendas-no-pais-em-2022","status":"publish","type":"post","link":"https:\/\/www.amstedmaxion.com.br\/en\/fendt-amplia-operacao-no-brasil-e-preve-dobrar-as-vendas-no-pais-em-2022\/","title":{"rendered":"Fendt amplia opera\u00e7\u00e3o no Brasil e prev\u00ea dobrar as vendas no Pa\u00eds em 2022"},"content":{"rendered":"\n<p>Terra \/ Estad\u00e3o Conte\u00fado &#8211; Com boas safras, momento tem sido de ado\u00e7\u00e3o de equipamentos de maior porte<\/p>\n\n\n\n<p>A decis\u00e3o de vir para o Brasil, em 2019, se mostrou acertada \u00e0 Fendt, fabricante de m\u00e1quinas agr\u00edcolas do grupo AGCO. O resultado esperado para 2025 ser\u00e1 obtido ainda este ano. Com 80% do volume estimado para 2022 j\u00e1 comercializado, a expectativa \u00e9 dobrar as vendas no Pa\u00eds ante 2021. &#8220;O momento tem sido de ado\u00e7\u00e3o de equipamentos de maior porte, com as boas safras&#8221;, diz Jos\u00e9 Galli, diretor comercial da Fendt Am\u00e9rica do Sul, sobre o fato de os produtores estarem capitalizados. A empresa n\u00e3o fala em valores. Em 2022, a marca alem\u00e3 quer chegar a 20 revendas &#8211; hoje s\u00e3o 9, concentradas no Centro-Oeste. Par\u00e1, Tocantins, Rio Grande do Sul, S\u00e3o Paulo e Paran\u00e1 devem receber lojas. Para 2023, planeja entrar no Chile e Paraguai.<\/p>\n\n\n\n<p>NO CAMPO.<\/p>\n\n\n\n<p>Antes focada no setor automotivo, a Eisenmann do Brasil est\u00e1 avan\u00e7ando no agro tamb\u00e9m, com a venda de equipamentos para tratamento de superf\u00edcies de m\u00e1quinas, implementos e silos. No ano passado, o setor representou 25% do faturamento da empresa, e a fatia sobe para 40% em 2022, com receita prevista de R$ 200 milh\u00f5es. &#8220;H\u00e1 demanda crescente por melhoria de qualidade e aumento da durabilidade dos equipamentos no agroneg\u00f3cio&#8221;, diz Alexandre Coelho, diretor-geral da Eisenmann.<\/p>\n\n\n\n<p>EM EXPANS\u00c3O.<\/p>\n\n\n\n<p>Com f\u00e1brica em Cruzeiro (SP), a empresa deve aplicar R$ 15 milh\u00f5es nos pr\u00f3ximos cinco anos para ampliar em at\u00e9 80% a sua produ\u00e7\u00e3o &#8211; j\u00e1 em 2022 investir\u00e1 R$ 2 milh\u00f5es para atualiza\u00e7\u00e3o de m\u00e1quinas. Integrante do grupo Pentanova, que tamb\u00e9m comprou a Eisenmann do M\u00e9xico, a empresa prev\u00ea trabalhar em conjunto com a unidade mexicana para exportar para grandes fabricantes de m\u00e1quinas agr\u00edcolas nos EUA.<\/p>\n\n\n\n<p>APETITE.<\/p>\n\n\n\n<p>A Valora Investimentos teve demanda bem superior aos R$ 200 milh\u00f5es inicialmente buscados na segunda oferta p\u00fablica do seu Fiagro (fundo focado em ativos do agro), o VGIA11. Captou R$ 240 milh\u00f5es. Na oferta inicial de cotas, em novembro, a meta era levantar R$ 250 milh\u00f5es, mas s\u00f3 R$ 100 milh\u00f5es foram captados. &#8220;Na \u00e9poca, os Fiagros tinham acabado de ser lan\u00e7ados. No follow on (segunda oferta), j\u00e1 havia uma hist\u00f3ria positiva para contar&#8221;, diz Guilherme Grahl, associado da gestora.<\/p>\n\n\n\n<p>S\u00d3 O COME\u00c7O.<\/p>\n\n\n\n<p>O VGIA11 busca retorno a investidores de taxa CDI (em linha com a Selic, no momento de 12,75% ao ano) mais 3,5% a 4,5%, conta Grahl. Dos R$ 335 milh\u00f5es sob gest\u00e3o do fundo, a maior parte vai para Certificados de Receb\u00edveis do Agroneg\u00f3cio (CRA). Hoje o VGIA11 aplica em CRAs de oito empresas, sendo seis cooperativas. Demanda do agro tamb\u00e9m n\u00e3o falta: mais de dez empresas negociam com a Valora a estrutura\u00e7\u00e3o de CRAs. Em 2022, o objetivo \u00e9 chegar a R$ 1 bilh\u00e3o em CRAs, o dobro do ano passado.<\/p>\n\n\n\n<p>SEM LIMITES.<\/p>\n\n\n\n<p>A carteira de cr\u00e9dito do Ita\u00fa BBA vinculada a empresas e revendas de insumos vem crescendo, conta Pedro Fernandes, diretor de Agroneg\u00f3cios do banco. Era de R$ 4 bilh\u00f5es no come\u00e7o do ano e deve passar &#8220;facilmente&#8221; de R$ 10 bilh\u00f5es no fim de 2022, afirma. Com isso, o peso do segmento na carteira agro do banco deve avan\u00e7ar de 7% para 13% do total. Fernandes j\u00e1 prev\u00ea uma carteira rural de R$ 78 bilh\u00f5es em dezembro, 30% maior que a de 2021. A perspectiva inicial era R$ 72 bilh\u00f5es.<\/p>\n\n\n\n<p>AVAN\u00c7O DA AGRICULTURA NA CHINA \u00c9 BOM PARA O BRASIL<\/p>\n\n\n\n<p>Em visita ao Brasil na \u00faltima semana, Erik Fyrwald, CEO do grupo Syngenta, enfatizou em entrevista exclusiva ao Broadcast Agro que o Pa\u00eds ampliar\u00e1 suas exporta\u00e7\u00f5es de soja e milho \u00e0 China, mesmo com o desenvolvimento da agricultura do pa\u00eds. &#8220;A China ser\u00e1 sempre importadora de produtos agr\u00edcolas, n\u00e3o tem \u00e1rea suficiente para alimentar a si mesma.&#8221;<\/p>\n\n\n\n<p>EM CONTAGEM REGRESSIVA PARA O PLANO SAFRA<\/p>\n\n\n\n<p>A pr\u00f3xima safra come\u00e7a em 1.\u00ba de julho e o governo ainda n\u00e3o disse quando anunciar\u00e1 o Plano Safra, que define cr\u00e9dito e juros ofertados ao setor. Reuni\u00e3o extra do Conselho Monet\u00e1rio Nacional sobre as regras pode ocorrer antes do dia 23, diz Rog\u00e9rio Boueri, chefe da Assessoria Especial de Estudos Econ\u00f4micos do Minist\u00e9rio da Economia.<\/p>\n\n\n\n<figure class=\"wp-block-image size-large is-resized\"><img loading=\"lazy\" decoding=\"async\" src=\"https:\/\/www.amstedmaxion.com.br\/wp-content\/uploads\/2022\/06\/Fendt.png\" alt=\"\" class=\"wp-image-37614\" width=\"385\" height=\"193\"\/><figcaption>Foto: Divulga\u00e7\u00e3o Site Fendt<\/figcaption><\/figure>\n\n\n\n<p>Fonte: Terra \/ Estad\u00e3o Conte\u00fado (<a href=\"https:\/\/www.terra.com.br\/economia\/fendt-amplia-operacao-no-brasil-e-preve-dobrar-as-vendas-no-pais-em-2022,145d5dda8660304eabefbfac6e888b2fcgsw8anu.html\">https:\/\/www.terra.com.br\/economia\/fendt-amplia-operacao-no-brasil-e-preve-dobrar-as-vendas-no-pais-em-2022,145d5dda8660304eabefbfac6e888b2fcgsw8anu.html<\/a>)<\/p>\n","protected":false},"excerpt":{"rendered":"<p>Terra \/ Estad\u00e3o Conte\u00fado &#8211; Com boas safras, momento tem sido de ado\u00e7\u00e3o de equipamentos de maior porte A decis\u00e3o de vir para o Brasil, em 2019, se mostrou acertada \u00e0 Fendt, fabricante de m\u00e1quinas agr\u00edcolas do grupo AGCO. O resultado esperado para 2025 ser\u00e1 obtido ainda este ano. Com 80% do volume estimado para [&hellip;]<\/p>\n","protected":false},"author":5,"featured_media":37614,"comment_status":"open","ping_status":"open","sticky":false,"template":"","format":"standard","meta":{"_acf_changed":false,"footnotes":""},"categories":[148],"tags":[],"class_list":["post-37613","post","type-post","status-publish","format-standard","has-post-thumbnail","hentry","category-newsletter"],"acf":[],"yoast_head":"<!-- This site is optimized with the Yoast SEO plugin v23.9 - https:\/\/yoast.com\/wordpress\/plugins\/seo\/ -->\n<title>Fendt amplia opera\u00e7\u00e3o no Brasil e prev\u00ea dobrar as vendas no Pa\u00eds em 2022 - AmstedMaxion<\/title>\n<meta name=\"robots\" content=\"index, follow, max-snippet:-1, max-image-preview:large, max-video-preview:-1\" \/>\n<link rel=\"canonical\" href=\"https:\/\/www.amstedmaxion.com.br\/fendt-amplia-operacao-no-brasil-e-preve-dobrar-as-vendas-no-pais-em-2022\/\" \/>\n<meta property=\"og:locale\" content=\"en_US\" \/>\n<meta property=\"og:type\" content=\"article\" \/>\n<meta property=\"og:title\" content=\"Fendt amplia opera\u00e7\u00e3o no Brasil e prev\u00ea dobrar as vendas no Pa\u00eds em 2022 - AmstedMaxion\" \/>\n<meta property=\"og:description\" content=\"Terra \/ Estad\u00e3o Conte\u00fado &#8211; Com boas safras, momento tem sido de ado\u00e7\u00e3o de equipamentos de maior porte A decis\u00e3o de vir para o Brasil, em 2019, se mostrou acertada \u00e0 Fendt, fabricante de m\u00e1quinas agr\u00edcolas do grupo AGCO. O resultado esperado para 2025 ser\u00e1 obtido ainda este ano. Com 80% do volume estimado para [&hellip;]\" \/>\n<meta property=\"og:url\" content=\"https:\/\/www.amstedmaxion.com.br\/fendt-amplia-operacao-no-brasil-e-preve-dobrar-as-vendas-no-pais-em-2022\/\" \/>\n<meta property=\"og:site_name\" content=\"AmstedMaxion\" \/>\n<meta property=\"article:publisher\" content=\"https:\/\/www.facebook.com\/AmstedMaxion.Oficial\" \/>\n<meta property=\"article:published_time\" content=\"2022-06-14T19:51:20+00:00\" \/>\n<meta property=\"article:modified_time\" content=\"2022-06-14T19:51:22+00:00\" \/>\n<meta property=\"og:image\" content=\"https:\/\/www.amstedmaxion.com.br\/wp-content\/uploads\/2022\/06\/Fendt.png\" \/>\n\t<meta property=\"og:image:width\" content=\"735\" \/>\n\t<meta property=\"og:image:height\" content=\"369\" \/>\n\t<meta property=\"og:image:type\" content=\"image\/png\" \/>\n<meta name=\"author\" content=\"Rosane Storto\" \/>\n<meta name=\"twitter:card\" content=\"summary_large_image\" \/>\n<meta name=\"twitter:label1\" content=\"Written by\" \/>\n\t<meta name=\"twitter:data1\" content=\"Rosane Storto\" \/>\n\t<meta name=\"twitter:label2\" content=\"Est. reading time\" \/>\n\t<meta name=\"twitter:data2\" content=\"4 minutes\" \/>\n<script type=\"application\/ld+json\" class=\"yoast-schema-graph\">{\"@context\":\"https:\/\/schema.org\",\"@graph\":[{\"@type\":\"Article\",\"@id\":\"https:\/\/www.amstedmaxion.com.br\/fendt-amplia-operacao-no-brasil-e-preve-dobrar-as-vendas-no-pais-em-2022\/#article\",\"isPartOf\":{\"@id\":\"https:\/\/www.amstedmaxion.com.br\/fendt-amplia-operacao-no-brasil-e-preve-dobrar-as-vendas-no-pais-em-2022\/\"},\"author\":{\"name\":\"Rosane Storto\",\"@id\":\"https:\/\/www.amstedmaxion.com.br\/#\/schema\/person\/140cb65f07d4e66dd5543c8a187bf436\"},\"headline\":\"Fendt amplia opera\u00e7\u00e3o no Brasil e prev\u00ea dobrar as vendas no Pa\u00eds em 2022\",\"datePublished\":\"2022-06-14T19:51:20+00:00\",\"dateModified\":\"2022-06-14T19:51:22+00:00\",\"mainEntityOfPage\":{\"@id\":\"https:\/\/www.amstedmaxion.com.br\/fendt-amplia-operacao-no-brasil-e-preve-dobrar-as-vendas-no-pais-em-2022\/\"},\"wordCount\":755,\"commentCount\":0,\"publisher\":{\"@id\":\"https:\/\/www.amstedmaxion.com.br\/#organization\"},\"image\":{\"@id\":\"https:\/\/www.amstedmaxion.com.br\/fendt-amplia-operacao-no-brasil-e-preve-dobrar-as-vendas-no-pais-em-2022\/#primaryimage\"},\"thumbnailUrl\":\"https:\/\/www.amstedmaxion.com.br\/wp-content\/uploads\/2022\/06\/Fendt.png\",\"articleSection\":[\"Newsletter\"],\"inLanguage\":\"en-US\",\"potentialAction\":[{\"@type\":\"CommentAction\",\"name\":\"Comment\",\"target\":[\"https:\/\/www.amstedmaxion.com.br\/fendt-amplia-operacao-no-brasil-e-preve-dobrar-as-vendas-no-pais-em-2022\/#respond\"]}]},{\"@type\":\"WebPage\",\"@id\":\"https:\/\/www.amstedmaxion.com.br\/fendt-amplia-operacao-no-brasil-e-preve-dobrar-as-vendas-no-pais-em-2022\/\",\"url\":\"https:\/\/www.amstedmaxion.com.br\/fendt-amplia-operacao-no-brasil-e-preve-dobrar-as-vendas-no-pais-em-2022\/\",\"name\":\"Fendt amplia opera\u00e7\u00e3o no Brasil e prev\u00ea dobrar as vendas no Pa\u00eds em 2022 - AmstedMaxion\",\"isPartOf\":{\"@id\":\"https:\/\/www.amstedmaxion.com.br\/#website\"},\"primaryImageOfPage\":{\"@id\":\"https:\/\/www.amstedmaxion.com.br\/fendt-amplia-operacao-no-brasil-e-preve-dobrar-as-vendas-no-pais-em-2022\/#primaryimage\"},\"image\":{\"@id\":\"https:\/\/www.amstedmaxion.com.br\/fendt-amplia-operacao-no-brasil-e-preve-dobrar-as-vendas-no-pais-em-2022\/#primaryimage\"},\"thumbnailUrl\":\"https:\/\/www.amstedmaxion.com.br\/wp-content\/uploads\/2022\/06\/Fendt.png\",\"datePublished\":\"2022-06-14T19:51:20+00:00\",\"dateModified\":\"2022-06-14T19:51:22+00:00\",\"breadcrumb\":{\"@id\":\"https:\/\/www.amstedmaxion.com.br\/fendt-amplia-operacao-no-brasil-e-preve-dobrar-as-vendas-no-pais-em-2022\/#breadcrumb\"},\"inLanguage\":\"en-US\",\"potentialAction\":[{\"@type\":\"ReadAction\",\"target\":[\"https:\/\/www.amstedmaxion.com.br\/fendt-amplia-operacao-no-brasil-e-preve-dobrar-as-vendas-no-pais-em-2022\/\"]}]},{\"@type\":\"ImageObject\",\"inLanguage\":\"en-US\",\"@id\":\"https:\/\/www.amstedmaxion.com.br\/fendt-amplia-operacao-no-brasil-e-preve-dobrar-as-vendas-no-pais-em-2022\/#primaryimage\",\"url\":\"https:\/\/www.amstedmaxion.com.br\/wp-content\/uploads\/2022\/06\/Fendt.png\",\"contentUrl\":\"https:\/\/www.amstedmaxion.com.br\/wp-content\/uploads\/2022\/06\/Fendt.png\",\"width\":735,\"height\":369,\"caption\":\"Foto: Divulga\u00e7\u00e3o Site Fendt\"},{\"@type\":\"BreadcrumbList\",\"@id\":\"https:\/\/www.amstedmaxion.com.br\/fendt-amplia-operacao-no-brasil-e-preve-dobrar-as-vendas-no-pais-em-2022\/#breadcrumb\",\"itemListElement\":[{\"@type\":\"ListItem\",\"position\":1,\"name\":\"In\u00edcio\",\"item\":\"https:\/\/www.amstedmaxion.com.br\/\"},{\"@type\":\"ListItem\",\"position\":2,\"name\":\"Fendt amplia opera\u00e7\u00e3o no Brasil e prev\u00ea dobrar as vendas no Pa\u00eds em 2022\"}]},{\"@type\":\"WebSite\",\"@id\":\"https:\/\/www.amstedmaxion.com.br\/#website\",\"url\":\"https:\/\/www.amstedmaxion.com.br\/\",\"name\":\"AmstedMaxion\",\"description\":\"AmstedMaxion - Fundi\u00e7\u00e3o e Equipamentos Ferrovi\u00e1rios\",\"publisher\":{\"@id\":\"https:\/\/www.amstedmaxion.com.br\/#organization\"},\"alternateName\":\"AmstedMaxion\",\"potentialAction\":[{\"@type\":\"SearchAction\",\"target\":{\"@type\":\"EntryPoint\",\"urlTemplate\":\"https:\/\/www.amstedmaxion.com.br\/?s={search_term_string}\"},\"query-input\":{\"@type\":\"PropertyValueSpecification\",\"valueRequired\":true,\"valueName\":\"search_term_string\"}}],\"inLanguage\":\"en-US\"},{\"@type\":\"Organization\",\"@id\":\"https:\/\/www.amstedmaxion.com.br\/#organization\",\"name\":\"AMSTEDMAXION\",\"url\":\"https:\/\/www.amstedmaxion.com.br\/\",\"logo\":{\"@type\":\"ImageObject\",\"inLanguage\":\"en-US\",\"@id\":\"https:\/\/www.amstedmaxion.com.br\/#\/schema\/logo\/image\/\",\"url\":\"https:\/\/www.amstedmaxion.com.br\/wp-content\/uploads\/2023\/11\/amsted.png\",\"contentUrl\":\"https:\/\/www.amstedmaxion.com.br\/wp-content\/uploads\/2023\/11\/amsted.png\",\"width\":500,\"height\":500,\"caption\":\"AMSTEDMAXION\"},\"image\":{\"@id\":\"https:\/\/www.amstedmaxion.com.br\/#\/schema\/logo\/image\/\"},\"sameAs\":[\"https:\/\/www.facebook.com\/AmstedMaxion.Oficial\",\"https:\/\/br.linkedin.com\/company\/amstedmaxion\"]},{\"@type\":\"Person\",\"@id\":\"https:\/\/www.amstedmaxion.com.br\/#\/schema\/person\/140cb65f07d4e66dd5543c8a187bf436\",\"name\":\"Rosane Storto\",\"image\":{\"@type\":\"ImageObject\",\"inLanguage\":\"en-US\",\"@id\":\"https:\/\/www.amstedmaxion.com.br\/#\/schema\/person\/image\/\",\"url\":\"https:\/\/secure.gravatar.com\/avatar\/0e3d021545bbe593cb0eb3ee740544fefa86d59762e63dec1dbe9480a34c98cd?s=96&d=mm&r=g\",\"contentUrl\":\"https:\/\/secure.gravatar.com\/avatar\/0e3d021545bbe593cb0eb3ee740544fefa86d59762e63dec1dbe9480a34c98cd?s=96&d=mm&r=g\",\"caption\":\"Rosane Storto\"}}]}<\/script>\n<!-- \/ Yoast SEO plugin. -->","yoast_head_json":{"title":"Fendt amplia opera\u00e7\u00e3o no Brasil e prev\u00ea dobrar as vendas no Pa\u00eds em 2022 - AmstedMaxion","robots":{"index":"index","follow":"follow","max-snippet":"max-snippet:-1","max-image-preview":"max-image-preview:large","max-video-preview":"max-video-preview:-1"},"canonical":"https:\/\/www.amstedmaxion.com.br\/fendt-amplia-operacao-no-brasil-e-preve-dobrar-as-vendas-no-pais-em-2022\/","og_locale":"en_US","og_type":"article","og_title":"Fendt amplia opera\u00e7\u00e3o no Brasil e prev\u00ea dobrar as vendas no Pa\u00eds em 2022 - AmstedMaxion","og_description":"Terra \/ Estad\u00e3o Conte\u00fado &#8211; Com boas safras, momento tem sido de ado\u00e7\u00e3o de equipamentos de maior porte A decis\u00e3o de vir para o Brasil, em 2019, se mostrou acertada \u00e0 Fendt, fabricante de m\u00e1quinas agr\u00edcolas do grupo AGCO. O resultado esperado para 2025 ser\u00e1 obtido ainda este ano. Com 80% do volume estimado para [&hellip;]","og_url":"https:\/\/www.amstedmaxion.com.br\/fendt-amplia-operacao-no-brasil-e-preve-dobrar-as-vendas-no-pais-em-2022\/","og_site_name":"AmstedMaxion","article_publisher":"https:\/\/www.facebook.com\/AmstedMaxion.Oficial","article_published_time":"2022-06-14T19:51:20+00:00","article_modified_time":"2022-06-14T19:51:22+00:00","og_image":[{"width":735,"height":369,"url":"https:\/\/www.amstedmaxion.com.br\/wp-content\/uploads\/2022\/06\/Fendt.png","type":"image\/png"}],"author":"Rosane Storto","twitter_card":"summary_large_image","twitter_misc":{"Written by":"Rosane Storto","Est. reading time":"4 minutes"},"schema":{"@context":"https:\/\/schema.org","@graph":[{"@type":"Article","@id":"https:\/\/www.amstedmaxion.com.br\/fendt-amplia-operacao-no-brasil-e-preve-dobrar-as-vendas-no-pais-em-2022\/#article","isPartOf":{"@id":"https:\/\/www.amstedmaxion.com.br\/fendt-amplia-operacao-no-brasil-e-preve-dobrar-as-vendas-no-pais-em-2022\/"},"author":{"name":"Rosane Storto","@id":"https:\/\/www.amstedmaxion.com.br\/#\/schema\/person\/140cb65f07d4e66dd5543c8a187bf436"},"headline":"Fendt amplia opera\u00e7\u00e3o no Brasil e prev\u00ea dobrar as vendas no Pa\u00eds em 2022","datePublished":"2022-06-14T19:51:20+00:00","dateModified":"2022-06-14T19:51:22+00:00","mainEntityOfPage":{"@id":"https:\/\/www.amstedmaxion.com.br\/fendt-amplia-operacao-no-brasil-e-preve-dobrar-as-vendas-no-pais-em-2022\/"},"wordCount":755,"commentCount":0,"publisher":{"@id":"https:\/\/www.amstedmaxion.com.br\/#organization"},"image":{"@id":"https:\/\/www.amstedmaxion.com.br\/fendt-amplia-operacao-no-brasil-e-preve-dobrar-as-vendas-no-pais-em-2022\/#primaryimage"},"thumbnailUrl":"https:\/\/www.amstedmaxion.com.br\/wp-content\/uploads\/2022\/06\/Fendt.png","articleSection":["Newsletter"],"inLanguage":"en-US","potentialAction":[{"@type":"CommentAction","name":"Comment","target":["https:\/\/www.amstedmaxion.com.br\/fendt-amplia-operacao-no-brasil-e-preve-dobrar-as-vendas-no-pais-em-2022\/#respond"]}]},{"@type":"WebPage","@id":"https:\/\/www.amstedmaxion.com.br\/fendt-amplia-operacao-no-brasil-e-preve-dobrar-as-vendas-no-pais-em-2022\/","url":"https:\/\/www.amstedmaxion.com.br\/fendt-amplia-operacao-no-brasil-e-preve-dobrar-as-vendas-no-pais-em-2022\/","name":"Fendt amplia opera\u00e7\u00e3o no Brasil e prev\u00ea dobrar as vendas no Pa\u00eds em 2022 - AmstedMaxion","isPartOf":{"@id":"https:\/\/www.amstedmaxion.com.br\/#website"},"primaryImageOfPage":{"@id":"https:\/\/www.amstedmaxion.com.br\/fendt-amplia-operacao-no-brasil-e-preve-dobrar-as-vendas-no-pais-em-2022\/#primaryimage"},"image":{"@id":"https:\/\/www.amstedmaxion.com.br\/fendt-amplia-operacao-no-brasil-e-preve-dobrar-as-vendas-no-pais-em-2022\/#primaryimage"},"thumbnailUrl":"https:\/\/www.amstedmaxion.com.br\/wp-content\/uploads\/2022\/06\/Fendt.png","datePublished":"2022-06-14T19:51:20+00:00","dateModified":"2022-06-14T19:51:22+00:00","breadcrumb":{"@id":"https:\/\/www.amstedmaxion.com.br\/fendt-amplia-operacao-no-brasil-e-preve-dobrar-as-vendas-no-pais-em-2022\/#breadcrumb"},"inLanguage":"en-US","potentialAction":[{"@type":"ReadAction","target":["https:\/\/www.amstedmaxion.com.br\/fendt-amplia-operacao-no-brasil-e-preve-dobrar-as-vendas-no-pais-em-2022\/"]}]},{"@type":"ImageObject","inLanguage":"en-US","@id":"https:\/\/www.amstedmaxion.com.br\/fendt-amplia-operacao-no-brasil-e-preve-dobrar-as-vendas-no-pais-em-2022\/#primaryimage","url":"https:\/\/www.amstedmaxion.com.br\/wp-content\/uploads\/2022\/06\/Fendt.png","contentUrl":"https:\/\/www.amstedmaxion.com.br\/wp-content\/uploads\/2022\/06\/Fendt.png","width":735,"height":369,"caption":"Foto: Divulga\u00e7\u00e3o Site Fendt"},{"@type":"BreadcrumbList","@id":"https:\/\/www.amstedmaxion.com.br\/fendt-amplia-operacao-no-brasil-e-preve-dobrar-as-vendas-no-pais-em-2022\/#breadcrumb","itemListElement":[{"@type":"ListItem","position":1,"name":"In\u00edcio","item":"https:\/\/www.amstedmaxion.com.br\/"},{"@type":"ListItem","position":2,"name":"Fendt amplia opera\u00e7\u00e3o no Brasil e prev\u00ea dobrar as vendas no Pa\u00eds em 2022"}]},{"@type":"WebSite","@id":"https:\/\/www.amstedmaxion.com.br\/#website","url":"https:\/\/www.amstedmaxion.com.br\/","name":"AmstedMaxion","description":"AmstedMaxion - Fundi\u00e7\u00e3o e Equipamentos Ferrovi\u00e1rios","publisher":{"@id":"https:\/\/www.amstedmaxion.com.br\/#organization"},"alternateName":"AmstedMaxion","potentialAction":[{"@type":"SearchAction","target":{"@type":"EntryPoint","urlTemplate":"https:\/\/www.amstedmaxion.com.br\/?s={search_term_string}"},"query-input":{"@type":"PropertyValueSpecification","valueRequired":true,"valueName":"search_term_string"}}],"inLanguage":"en-US"},{"@type":"Organization","@id":"https:\/\/www.amstedmaxion.com.br\/#organization","name":"AMSTEDMAXION","url":"https:\/\/www.amstedmaxion.com.br\/","logo":{"@type":"ImageObject","inLanguage":"en-US","@id":"https:\/\/www.amstedmaxion.com.br\/#\/schema\/logo\/image\/","url":"https:\/\/www.amstedmaxion.com.br\/wp-content\/uploads\/2023\/11\/amsted.png","contentUrl":"https:\/\/www.amstedmaxion.com.br\/wp-content\/uploads\/2023\/11\/amsted.png","width":500,"height":500,"caption":"AMSTEDMAXION"},"image":{"@id":"https:\/\/www.amstedmaxion.com.br\/#\/schema\/logo\/image\/"},"sameAs":["https:\/\/www.facebook.com\/AmstedMaxion.Oficial","https:\/\/br.linkedin.com\/company\/amstedmaxion"]},{"@type":"Person","@id":"https:\/\/www.amstedmaxion.com.br\/#\/schema\/person\/140cb65f07d4e66dd5543c8a187bf436","name":"Rosane Storto","image":{"@type":"ImageObject","inLanguage":"en-US","@id":"https:\/\/www.amstedmaxion.com.br\/#\/schema\/person\/image\/","url":"https:\/\/secure.gravatar.com\/avatar\/0e3d021545bbe593cb0eb3ee740544fefa86d59762e63dec1dbe9480a34c98cd?s=96&d=mm&r=g","contentUrl":"https:\/\/secure.gravatar.com\/avatar\/0e3d021545bbe593cb0eb3ee740544fefa86d59762e63dec1dbe9480a34c98cd?s=96&d=mm&r=g","caption":"Rosane Storto"}}]}},"_links":{"self":[{"href":"https:\/\/www.amstedmaxion.com.br\/en\/wp-json\/wp\/v2\/posts\/37613","targetHints":{"allow":["GET"]}}],"collection":[{"href":"https:\/\/www.amstedmaxion.com.br\/en\/wp-json\/wp\/v2\/posts"}],"about":[{"href":"https:\/\/www.amstedmaxion.com.br\/en\/wp-json\/wp\/v2\/types\/post"}],"author":[{"embeddable":true,"href":"https:\/\/www.amstedmaxion.com.br\/en\/wp-json\/wp\/v2\/users\/5"}],"replies":[{"embeddable":true,"href":"https:\/\/www.amstedmaxion.com.br\/en\/wp-json\/wp\/v2\/comments?post=37613"}],"version-history":[{"count":1,"href":"https:\/\/www.amstedmaxion.com.br\/en\/wp-json\/wp\/v2\/posts\/37613\/revisions"}],"predecessor-version":[{"id":37615,"href":"https:\/\/www.amstedmaxion.com.br\/en\/wp-json\/wp\/v2\/posts\/37613\/revisions\/37615"}],"wp:featuredmedia":[{"embeddable":true,"href":"https:\/\/www.amstedmaxion.com.br\/en\/wp-json\/wp\/v2\/media\/37614"}],"wp:attachment":[{"href":"https:\/\/www.amstedmaxion.com.br\/en\/wp-json\/wp\/v2\/media?parent=37613"}],"wp:term":[{"taxonomy":"category","embeddable":true,"href":"https:\/\/www.amstedmaxion.com.br\/en\/wp-json\/wp\/v2\/categories?post=37613"},{"taxonomy":"post_tag","embeddable":true,"href":"https:\/\/www.amstedmaxion.com.br\/en\/wp-json\/wp\/v2\/tags?post=37613"}],"curies":[{"name":"wp","href":"https:\/\/api.w.org\/{rel}","templated":true}]}}