{"id":37766,"date":"2022-06-22T15:20:28","date_gmt":"2022-06-22T18:20:28","guid":{"rendered":"https:\/\/www.amstedmaxion.com.br\/?p=37766"},"modified":"2022-06-22T15:20:30","modified_gmt":"2022-06-22T18:20:30","slug":"alta-dos-precos-faz-importacao-crescer-mais-do-que-exportacao-no-agronegocio","status":"publish","type":"post","link":"https:\/\/www.amstedmaxion.com.br\/en\/alta-dos-precos-faz-importacao-crescer-mais-do-que-exportacao-no-agronegocio\/","title":{"rendered":"Alta dos pre\u00e7os faz importa\u00e7\u00e3o crescer mais do que exporta\u00e7\u00e3o no agroneg\u00f3cio"},"content":{"rendered":"\n<p>Infomet \/ Folha de S\u00e3o Paulo &#8211; De janeiro a maio, as importa\u00e7\u00f5es do Brasil voltadas para a agropecu\u00e1ria somaram 30% das receitas obtidas com as exporta\u00e7\u00f5es. No mesmo per\u00edodo do ano passado, o percentual era de 24%.<\/p>\n\n\n\n<p>Esse c\u00e1lculo leva em conta n\u00e3o apenas as commodities agropecu\u00e1rias, mas tamb\u00e9m fertilizantes, agroqu\u00edmicos e m\u00e1quinas agr\u00edcolas.<\/p>\n\n\n\n<p>Os pre\u00e7os das commodities agr\u00edcolas continuam em patamares recordes, mas a evolu\u00e7\u00e3o tem sido menor do que a dos produtos com maior valor agregado.<\/p>\n\n\n\n<p>O Brasil \u00e9 um dos l\u00edderes no fornecimento mundial de commodities, mas tamb\u00e9m \u00e9 um grande importador de produtos com valor agregado, como os agroqu\u00edmicos.<\/p>\n\n\n\n<p>A demanda internacional para as commodities se mant\u00e9m firme, e os pre\u00e7os s\u00e3o puxados tamb\u00e9m pelos estoques inferiores aos de anos anteriores.<\/p>\n\n\n\n<p>O desarranjo provocado pela pandemia e, a partir de fevereiro, pela guerra entre R\u00fassia e Ucr\u00e2nia na economia e no transporte mar\u00edtimo internacional, no entanto, fez o custo dos insumos superar o das commodities.<\/p>\n\n\n\n<p>A m\u00e9dio prazo, o cen\u00e1rio n\u00e3o \u00e9 confort\u00e1vel para o pa\u00eds. No topo das importa\u00e7\u00f5es est\u00e3o produtos que dificilmente o Brasil ter\u00e1 uma produ\u00e7\u00e3o local no curto prazo.<\/p>\n\n\n\n<p>Os gastos com adubo subiram para US$ 9,6 bilh\u00f5es nos cinco primeiros meses deste ano, 178% acima dos de igual per\u00edodo do ano passado. As importa\u00e7\u00f5es dos agrot\u00f3xicos atingiram US$ 1,74 bilh\u00e3o no per\u00edodo, com alta de 94%.<\/p>\n\n\n\n<p>Na lista das importa\u00e7\u00f5es, por\u00e9m, existem produtos que o pa\u00eds poderia melhorar a produtividade e at\u00e9 reverter esse quadro de compras externas. Entre eles est\u00e3o leite, hort\u00edcolas, peixes, coco, laranja e at\u00e9 \u00e1gua.<\/p>\n\n\n\n<p>Essa press\u00e3o das importa\u00e7\u00f5es continuar\u00e1 no segundo semestre. De um lado, as compras de insumos s\u00e3o necess\u00e1rias para equilibrar a demanda da pr\u00f3xima safra de gr\u00e3os. De outro, h\u00e1 dois anos que o pa\u00eds vem exportando menos do que o esperado pelo setor de commodities. Esse \u00e9 tamb\u00e9m um dos motivos da maior participa\u00e7\u00e3o das importa\u00e7\u00f5es em rela\u00e7\u00e3o \u00e0s exporta\u00e7\u00f5es.<\/p>\n\n\n\n<p>No segundo semestre do ano passado, foi a aus\u00eancia do milho na balan\u00e7a comercial. Previa-se exporta\u00e7\u00e3o de 40 milh\u00f5es de toneladas do cereal no ano, mas o volume ficou em 20,4 milh\u00f5es, devido a seca e geada.<\/p>\n\n\n\n<p>Neste segundo semestre, a soja tamb\u00e9m ter\u00e1 uma participa\u00e7\u00e3o menor do que o previsto. A produ\u00e7\u00e3o, estimada em at\u00e9 144 milh\u00f5es de toneladas, ficou pr\u00f3xima de 125 milh\u00f5es. Sobra menos para a exporta\u00e7\u00e3o.<\/p>\n\n\n\n<p>O trigo dever\u00e1 pesar na balan\u00e7a comercial nos pr\u00f3ximos meses. Aproveitando os pre\u00e7os dos primeiros meses do ano, o Brasil exportou 2,45 milh\u00f5es de toneladas do cereal at\u00e9 maio, um volume recorde e bem acima das 568 mil toneladas de igual per\u00edodo de 2021.<\/p>\n\n\n\n<p>Para completar a demanda interna, o pa\u00eds dever\u00e1 importar 6,5 milh\u00f5es de toneladas neste ano. Segundo a Secex (Secretaria de Com\u00e9rcio Exterior), 2,57 milh\u00f5es j\u00e1 chegaram.<\/p>\n\n\n\n<p>D\u00f3lar e pre\u00e7os elevados, al\u00e9m de menor renda no pa\u00eds, seguram as importa\u00e7\u00f5es de produtos industrializados e de valor agregado. \u00c9 o que ocorre com o azeite de oliva.<\/p>\n\n\n\n<p>A presen\u00e7a brasileira era comemorada no mercado europeu, devido \u00e0 expans\u00e3o das compras brasileiras acima da m\u00e9dia mundial h\u00e1 tr\u00eas anos. Neste, o Brasil reduziu em 5% as compras, mas est\u00e1 pagando 11% a mais.<\/p>\n\n\n\n<p>No setor industrial, a infla\u00e7\u00e3o mundial e a falta de componentes eletr\u00f4nicos fizeram os gastos brasileiros com importa\u00e7\u00f5es de m\u00e1quinas agr\u00edcolas e de tratores subir 23% e 77%, respectivamente, neste ano.<\/p>\n\n\n\n<p>O ritmo das importa\u00e7\u00f5es no setor do agroneg\u00f3cio \u00e9 bem mais acelerado do que o das exporta\u00e7\u00f5es, embora o pa\u00eds tenha um bom saldo comercial no setor.<\/p>\n\n\n\n<p>As exporta\u00e7\u00f5es totais do agroneg\u00f3cio j\u00e1 somam US$ 63,98 bilh\u00f5es de janeiro a maio, 29% a mais do que em igual per\u00edodo do ano passado. Neste mesmo per\u00edodo, por\u00e9m, as importa\u00e7\u00f5es subiram para US$ 19,5 bilh\u00f5es, 63% a mais do que em 2021. A explos\u00e3o dos pre\u00e7os dos fertilizantes \u00e9 um dos respons\u00e1veis por essa acelera\u00e7\u00e3o.<\/p>\n\n\n\n<p>Nos \u00faltimos 12 meses, as exporta\u00e7\u00f5es totais do agroneg\u00f3cio atingiram US$ 134,5 bilh\u00f5es; as importa\u00e7\u00f5es, US$ 45,3 bilh\u00f5es.<\/p>\n\n\n\n<figure class=\"wp-block-image size-large is-resized\"><img loading=\"lazy\" decoding=\"async\" src=\"https:\/\/www.amstedmaxion.com.br\/wp-content\/uploads\/2022\/06\/Alta-nos-precos-Infomet-reproducao-Governo-do-Brasil.jpg\" alt=\"\" class=\"wp-image-37767\" width=\"388\" height=\"249\"\/><figcaption>Foto: captura de tela site Governo do Brasil (Ilustrativa)<\/figcaption><\/figure>\n\n\n\n<p>Fonte: Infomet \/ Folha de S\u00e3o Paulo (https:\/\/www.infomet.com.br\/site\/noticias-ler.php?cod=167634)<\/p>\n","protected":false},"excerpt":{"rendered":"<p>Infomet \/ Folha de S\u00e3o Paulo &#8211; De janeiro a maio, as importa\u00e7\u00f5es do Brasil voltadas para a agropecu\u00e1ria somaram 30% das receitas obtidas com as exporta\u00e7\u00f5es. No mesmo per\u00edodo do ano passado, o percentual era de 24%. Esse c\u00e1lculo leva em conta n\u00e3o apenas as commodities agropecu\u00e1rias, mas tamb\u00e9m fertilizantes, agroqu\u00edmicos e m\u00e1quinas agr\u00edcolas. [&hellip;]<\/p>\n","protected":false},"author":5,"featured_media":37767,"comment_status":"open","ping_status":"open","sticky":false,"template":"","format":"standard","meta":{"_acf_changed":false,"footnotes":""},"categories":[148],"tags":[],"class_list":["post-37766","post","type-post","status-publish","format-standard","has-post-thumbnail","hentry","category-newsletter"],"acf":[],"yoast_head":"<!-- This site is optimized with the Yoast SEO plugin v23.9 - https:\/\/yoast.com\/wordpress\/plugins\/seo\/ -->\n<title>Alta dos pre\u00e7os faz importa\u00e7\u00e3o crescer mais do que exporta\u00e7\u00e3o no agroneg\u00f3cio - AmstedMaxion<\/title>\n<meta name=\"robots\" content=\"index, follow, max-snippet:-1, max-image-preview:large, max-video-preview:-1\" \/>\n<link rel=\"canonical\" href=\"https:\/\/www.amstedmaxion.com.br\/alta-dos-precos-faz-importacao-crescer-mais-do-que-exportacao-no-agronegocio\/\" \/>\n<meta property=\"og:locale\" content=\"en_US\" \/>\n<meta property=\"og:type\" content=\"article\" \/>\n<meta property=\"og:title\" content=\"Alta dos pre\u00e7os faz importa\u00e7\u00e3o crescer mais do que exporta\u00e7\u00e3o no agroneg\u00f3cio - AmstedMaxion\" \/>\n<meta property=\"og:description\" content=\"Infomet \/ Folha de S\u00e3o Paulo &#8211; De janeiro a maio, as importa\u00e7\u00f5es do Brasil voltadas para a agropecu\u00e1ria somaram 30% das receitas obtidas com as exporta\u00e7\u00f5es. No mesmo per\u00edodo do ano passado, o percentual era de 24%. Esse c\u00e1lculo leva em conta n\u00e3o apenas as commodities agropecu\u00e1rias, mas tamb\u00e9m fertilizantes, agroqu\u00edmicos e m\u00e1quinas agr\u00edcolas. [&hellip;]\" \/>\n<meta property=\"og:url\" content=\"https:\/\/www.amstedmaxion.com.br\/alta-dos-precos-faz-importacao-crescer-mais-do-que-exportacao-no-agronegocio\/\" \/>\n<meta property=\"og:site_name\" content=\"AmstedMaxion\" \/>\n<meta property=\"article:publisher\" content=\"https:\/\/www.facebook.com\/AmstedMaxion.Oficial\" \/>\n<meta property=\"article:published_time\" content=\"2022-06-22T18:20:28+00:00\" \/>\n<meta property=\"article:modified_time\" content=\"2022-06-22T18:20:30+00:00\" \/>\n<meta property=\"og:image\" content=\"https:\/\/www.amstedmaxion.com.br\/wp-content\/uploads\/2022\/06\/Alta-nos-precos-Infomet-reproducao-Governo-do-Brasil.jpg\" \/>\n\t<meta property=\"og:image:width\" content=\"1109\" \/>\n\t<meta property=\"og:image:height\" content=\"712\" \/>\n\t<meta property=\"og:image:type\" content=\"image\/jpeg\" \/>\n<meta name=\"author\" content=\"Rosane Storto\" \/>\n<meta name=\"twitter:card\" content=\"summary_large_image\" \/>\n<meta name=\"twitter:label1\" content=\"Written by\" \/>\n\t<meta name=\"twitter:data1\" content=\"Rosane Storto\" \/>\n\t<meta name=\"twitter:label2\" content=\"Est. reading time\" \/>\n\t<meta name=\"twitter:data2\" content=\"4 minutes\" \/>\n<script type=\"application\/ld+json\" class=\"yoast-schema-graph\">{\"@context\":\"https:\/\/schema.org\",\"@graph\":[{\"@type\":\"Article\",\"@id\":\"https:\/\/www.amstedmaxion.com.br\/alta-dos-precos-faz-importacao-crescer-mais-do-que-exportacao-no-agronegocio\/#article\",\"isPartOf\":{\"@id\":\"https:\/\/www.amstedmaxion.com.br\/alta-dos-precos-faz-importacao-crescer-mais-do-que-exportacao-no-agronegocio\/\"},\"author\":{\"name\":\"Rosane Storto\",\"@id\":\"https:\/\/www.amstedmaxion.com.br\/#\/schema\/person\/140cb65f07d4e66dd5543c8a187bf436\"},\"headline\":\"Alta dos pre\u00e7os faz importa\u00e7\u00e3o crescer mais do que exporta\u00e7\u00e3o no agroneg\u00f3cio\",\"datePublished\":\"2022-06-22T18:20:28+00:00\",\"dateModified\":\"2022-06-22T18:20:30+00:00\",\"mainEntityOfPage\":{\"@id\":\"https:\/\/www.amstedmaxion.com.br\/alta-dos-precos-faz-importacao-crescer-mais-do-que-exportacao-no-agronegocio\/\"},\"wordCount\":772,\"commentCount\":0,\"publisher\":{\"@id\":\"https:\/\/www.amstedmaxion.com.br\/#organization\"},\"image\":{\"@id\":\"https:\/\/www.amstedmaxion.com.br\/alta-dos-precos-faz-importacao-crescer-mais-do-que-exportacao-no-agronegocio\/#primaryimage\"},\"thumbnailUrl\":\"https:\/\/www.amstedmaxion.com.br\/wp-content\/uploads\/2022\/06\/Alta-nos-precos-Infomet-reproducao-Governo-do-Brasil.jpg\",\"articleSection\":[\"Newsletter\"],\"inLanguage\":\"en-US\",\"potentialAction\":[{\"@type\":\"CommentAction\",\"name\":\"Comment\",\"target\":[\"https:\/\/www.amstedmaxion.com.br\/alta-dos-precos-faz-importacao-crescer-mais-do-que-exportacao-no-agronegocio\/#respond\"]}]},{\"@type\":\"WebPage\",\"@id\":\"https:\/\/www.amstedmaxion.com.br\/alta-dos-precos-faz-importacao-crescer-mais-do-que-exportacao-no-agronegocio\/\",\"url\":\"https:\/\/www.amstedmaxion.com.br\/alta-dos-precos-faz-importacao-crescer-mais-do-que-exportacao-no-agronegocio\/\",\"name\":\"Alta dos pre\u00e7os faz importa\u00e7\u00e3o crescer mais do que exporta\u00e7\u00e3o no agroneg\u00f3cio - AmstedMaxion\",\"isPartOf\":{\"@id\":\"https:\/\/www.amstedmaxion.com.br\/#website\"},\"primaryImageOfPage\":{\"@id\":\"https:\/\/www.amstedmaxion.com.br\/alta-dos-precos-faz-importacao-crescer-mais-do-que-exportacao-no-agronegocio\/#primaryimage\"},\"image\":{\"@id\":\"https:\/\/www.amstedmaxion.com.br\/alta-dos-precos-faz-importacao-crescer-mais-do-que-exportacao-no-agronegocio\/#primaryimage\"},\"thumbnailUrl\":\"https:\/\/www.amstedmaxion.com.br\/wp-content\/uploads\/2022\/06\/Alta-nos-precos-Infomet-reproducao-Governo-do-Brasil.jpg\",\"datePublished\":\"2022-06-22T18:20:28+00:00\",\"dateModified\":\"2022-06-22T18:20:30+00:00\",\"breadcrumb\":{\"@id\":\"https:\/\/www.amstedmaxion.com.br\/alta-dos-precos-faz-importacao-crescer-mais-do-que-exportacao-no-agronegocio\/#breadcrumb\"},\"inLanguage\":\"en-US\",\"potentialAction\":[{\"@type\":\"ReadAction\",\"target\":[\"https:\/\/www.amstedmaxion.com.br\/alta-dos-precos-faz-importacao-crescer-mais-do-que-exportacao-no-agronegocio\/\"]}]},{\"@type\":\"ImageObject\",\"inLanguage\":\"en-US\",\"@id\":\"https:\/\/www.amstedmaxion.com.br\/alta-dos-precos-faz-importacao-crescer-mais-do-que-exportacao-no-agronegocio\/#primaryimage\",\"url\":\"https:\/\/www.amstedmaxion.com.br\/wp-content\/uploads\/2022\/06\/Alta-nos-precos-Infomet-reproducao-Governo-do-Brasil.jpg\",\"contentUrl\":\"https:\/\/www.amstedmaxion.com.br\/wp-content\/uploads\/2022\/06\/Alta-nos-precos-Infomet-reproducao-Governo-do-Brasil.jpg\",\"width\":1109,\"height\":712,\"caption\":\"Foto: captura de tela site Governo do Brasil (Ilustrativa)\"},{\"@type\":\"BreadcrumbList\",\"@id\":\"https:\/\/www.amstedmaxion.com.br\/alta-dos-precos-faz-importacao-crescer-mais-do-que-exportacao-no-agronegocio\/#breadcrumb\",\"itemListElement\":[{\"@type\":\"ListItem\",\"position\":1,\"name\":\"In\u00edcio\",\"item\":\"https:\/\/www.amstedmaxion.com.br\/\"},{\"@type\":\"ListItem\",\"position\":2,\"name\":\"Alta dos pre\u00e7os faz importa\u00e7\u00e3o crescer mais do que exporta\u00e7\u00e3o no agroneg\u00f3cio\"}]},{\"@type\":\"WebSite\",\"@id\":\"https:\/\/www.amstedmaxion.com.br\/#website\",\"url\":\"https:\/\/www.amstedmaxion.com.br\/\",\"name\":\"AmstedMaxion\",\"description\":\"AmstedMaxion - Fundi\u00e7\u00e3o e Equipamentos Ferrovi\u00e1rios\",\"publisher\":{\"@id\":\"https:\/\/www.amstedmaxion.com.br\/#organization\"},\"alternateName\":\"AmstedMaxion\",\"potentialAction\":[{\"@type\":\"SearchAction\",\"target\":{\"@type\":\"EntryPoint\",\"urlTemplate\":\"https:\/\/www.amstedmaxion.com.br\/?s={search_term_string}\"},\"query-input\":{\"@type\":\"PropertyValueSpecification\",\"valueRequired\":true,\"valueName\":\"search_term_string\"}}],\"inLanguage\":\"en-US\"},{\"@type\":\"Organization\",\"@id\":\"https:\/\/www.amstedmaxion.com.br\/#organization\",\"name\":\"AMSTEDMAXION\",\"url\":\"https:\/\/www.amstedmaxion.com.br\/\",\"logo\":{\"@type\":\"ImageObject\",\"inLanguage\":\"en-US\",\"@id\":\"https:\/\/www.amstedmaxion.com.br\/#\/schema\/logo\/image\/\",\"url\":\"https:\/\/www.amstedmaxion.com.br\/wp-content\/uploads\/2023\/11\/amsted.png\",\"contentUrl\":\"https:\/\/www.amstedmaxion.com.br\/wp-content\/uploads\/2023\/11\/amsted.png\",\"width\":500,\"height\":500,\"caption\":\"AMSTEDMAXION\"},\"image\":{\"@id\":\"https:\/\/www.amstedmaxion.com.br\/#\/schema\/logo\/image\/\"},\"sameAs\":[\"https:\/\/www.facebook.com\/AmstedMaxion.Oficial\",\"https:\/\/br.linkedin.com\/company\/amstedmaxion\"]},{\"@type\":\"Person\",\"@id\":\"https:\/\/www.amstedmaxion.com.br\/#\/schema\/person\/140cb65f07d4e66dd5543c8a187bf436\",\"name\":\"Rosane Storto\",\"image\":{\"@type\":\"ImageObject\",\"inLanguage\":\"en-US\",\"@id\":\"https:\/\/www.amstedmaxion.com.br\/#\/schema\/person\/image\/\",\"url\":\"https:\/\/secure.gravatar.com\/avatar\/0e3d021545bbe593cb0eb3ee740544fefa86d59762e63dec1dbe9480a34c98cd?s=96&d=mm&r=g\",\"contentUrl\":\"https:\/\/secure.gravatar.com\/avatar\/0e3d021545bbe593cb0eb3ee740544fefa86d59762e63dec1dbe9480a34c98cd?s=96&d=mm&r=g\",\"caption\":\"Rosane Storto\"}}]}<\/script>\n<!-- \/ Yoast SEO plugin. -->","yoast_head_json":{"title":"Alta dos pre\u00e7os faz importa\u00e7\u00e3o crescer mais do que exporta\u00e7\u00e3o no agroneg\u00f3cio - AmstedMaxion","robots":{"index":"index","follow":"follow","max-snippet":"max-snippet:-1","max-image-preview":"max-image-preview:large","max-video-preview":"max-video-preview:-1"},"canonical":"https:\/\/www.amstedmaxion.com.br\/alta-dos-precos-faz-importacao-crescer-mais-do-que-exportacao-no-agronegocio\/","og_locale":"en_US","og_type":"article","og_title":"Alta dos pre\u00e7os faz importa\u00e7\u00e3o crescer mais do que exporta\u00e7\u00e3o no agroneg\u00f3cio - AmstedMaxion","og_description":"Infomet \/ Folha de S\u00e3o Paulo &#8211; De janeiro a maio, as importa\u00e7\u00f5es do Brasil voltadas para a agropecu\u00e1ria somaram 30% das receitas obtidas com as exporta\u00e7\u00f5es. No mesmo per\u00edodo do ano passado, o percentual era de 24%. Esse c\u00e1lculo leva em conta n\u00e3o apenas as commodities agropecu\u00e1rias, mas tamb\u00e9m fertilizantes, agroqu\u00edmicos e m\u00e1quinas agr\u00edcolas. [&hellip;]","og_url":"https:\/\/www.amstedmaxion.com.br\/alta-dos-precos-faz-importacao-crescer-mais-do-que-exportacao-no-agronegocio\/","og_site_name":"AmstedMaxion","article_publisher":"https:\/\/www.facebook.com\/AmstedMaxion.Oficial","article_published_time":"2022-06-22T18:20:28+00:00","article_modified_time":"2022-06-22T18:20:30+00:00","og_image":[{"width":1109,"height":712,"url":"https:\/\/www.amstedmaxion.com.br\/wp-content\/uploads\/2022\/06\/Alta-nos-precos-Infomet-reproducao-Governo-do-Brasil.jpg","type":"image\/jpeg"}],"author":"Rosane Storto","twitter_card":"summary_large_image","twitter_misc":{"Written by":"Rosane Storto","Est. reading time":"4 minutes"},"schema":{"@context":"https:\/\/schema.org","@graph":[{"@type":"Article","@id":"https:\/\/www.amstedmaxion.com.br\/alta-dos-precos-faz-importacao-crescer-mais-do-que-exportacao-no-agronegocio\/#article","isPartOf":{"@id":"https:\/\/www.amstedmaxion.com.br\/alta-dos-precos-faz-importacao-crescer-mais-do-que-exportacao-no-agronegocio\/"},"author":{"name":"Rosane Storto","@id":"https:\/\/www.amstedmaxion.com.br\/#\/schema\/person\/140cb65f07d4e66dd5543c8a187bf436"},"headline":"Alta dos pre\u00e7os faz importa\u00e7\u00e3o crescer mais do que exporta\u00e7\u00e3o no agroneg\u00f3cio","datePublished":"2022-06-22T18:20:28+00:00","dateModified":"2022-06-22T18:20:30+00:00","mainEntityOfPage":{"@id":"https:\/\/www.amstedmaxion.com.br\/alta-dos-precos-faz-importacao-crescer-mais-do-que-exportacao-no-agronegocio\/"},"wordCount":772,"commentCount":0,"publisher":{"@id":"https:\/\/www.amstedmaxion.com.br\/#organization"},"image":{"@id":"https:\/\/www.amstedmaxion.com.br\/alta-dos-precos-faz-importacao-crescer-mais-do-que-exportacao-no-agronegocio\/#primaryimage"},"thumbnailUrl":"https:\/\/www.amstedmaxion.com.br\/wp-content\/uploads\/2022\/06\/Alta-nos-precos-Infomet-reproducao-Governo-do-Brasil.jpg","articleSection":["Newsletter"],"inLanguage":"en-US","potentialAction":[{"@type":"CommentAction","name":"Comment","target":["https:\/\/www.amstedmaxion.com.br\/alta-dos-precos-faz-importacao-crescer-mais-do-que-exportacao-no-agronegocio\/#respond"]}]},{"@type":"WebPage","@id":"https:\/\/www.amstedmaxion.com.br\/alta-dos-precos-faz-importacao-crescer-mais-do-que-exportacao-no-agronegocio\/","url":"https:\/\/www.amstedmaxion.com.br\/alta-dos-precos-faz-importacao-crescer-mais-do-que-exportacao-no-agronegocio\/","name":"Alta dos pre\u00e7os faz importa\u00e7\u00e3o crescer mais do que exporta\u00e7\u00e3o no agroneg\u00f3cio - AmstedMaxion","isPartOf":{"@id":"https:\/\/www.amstedmaxion.com.br\/#website"},"primaryImageOfPage":{"@id":"https:\/\/www.amstedmaxion.com.br\/alta-dos-precos-faz-importacao-crescer-mais-do-que-exportacao-no-agronegocio\/#primaryimage"},"image":{"@id":"https:\/\/www.amstedmaxion.com.br\/alta-dos-precos-faz-importacao-crescer-mais-do-que-exportacao-no-agronegocio\/#primaryimage"},"thumbnailUrl":"https:\/\/www.amstedmaxion.com.br\/wp-content\/uploads\/2022\/06\/Alta-nos-precos-Infomet-reproducao-Governo-do-Brasil.jpg","datePublished":"2022-06-22T18:20:28+00:00","dateModified":"2022-06-22T18:20:30+00:00","breadcrumb":{"@id":"https:\/\/www.amstedmaxion.com.br\/alta-dos-precos-faz-importacao-crescer-mais-do-que-exportacao-no-agronegocio\/#breadcrumb"},"inLanguage":"en-US","potentialAction":[{"@type":"ReadAction","target":["https:\/\/www.amstedmaxion.com.br\/alta-dos-precos-faz-importacao-crescer-mais-do-que-exportacao-no-agronegocio\/"]}]},{"@type":"ImageObject","inLanguage":"en-US","@id":"https:\/\/www.amstedmaxion.com.br\/alta-dos-precos-faz-importacao-crescer-mais-do-que-exportacao-no-agronegocio\/#primaryimage","url":"https:\/\/www.amstedmaxion.com.br\/wp-content\/uploads\/2022\/06\/Alta-nos-precos-Infomet-reproducao-Governo-do-Brasil.jpg","contentUrl":"https:\/\/www.amstedmaxion.com.br\/wp-content\/uploads\/2022\/06\/Alta-nos-precos-Infomet-reproducao-Governo-do-Brasil.jpg","width":1109,"height":712,"caption":"Foto: captura de tela site Governo do Brasil (Ilustrativa)"},{"@type":"BreadcrumbList","@id":"https:\/\/www.amstedmaxion.com.br\/alta-dos-precos-faz-importacao-crescer-mais-do-que-exportacao-no-agronegocio\/#breadcrumb","itemListElement":[{"@type":"ListItem","position":1,"name":"In\u00edcio","item":"https:\/\/www.amstedmaxion.com.br\/"},{"@type":"ListItem","position":2,"name":"Alta dos pre\u00e7os faz importa\u00e7\u00e3o crescer mais do que exporta\u00e7\u00e3o no agroneg\u00f3cio"}]},{"@type":"WebSite","@id":"https:\/\/www.amstedmaxion.com.br\/#website","url":"https:\/\/www.amstedmaxion.com.br\/","name":"AmstedMaxion","description":"AmstedMaxion - Fundi\u00e7\u00e3o e Equipamentos Ferrovi\u00e1rios","publisher":{"@id":"https:\/\/www.amstedmaxion.com.br\/#organization"},"alternateName":"AmstedMaxion","potentialAction":[{"@type":"SearchAction","target":{"@type":"EntryPoint","urlTemplate":"https:\/\/www.amstedmaxion.com.br\/?s={search_term_string}"},"query-input":{"@type":"PropertyValueSpecification","valueRequired":true,"valueName":"search_term_string"}}],"inLanguage":"en-US"},{"@type":"Organization","@id":"https:\/\/www.amstedmaxion.com.br\/#organization","name":"AMSTEDMAXION","url":"https:\/\/www.amstedmaxion.com.br\/","logo":{"@type":"ImageObject","inLanguage":"en-US","@id":"https:\/\/www.amstedmaxion.com.br\/#\/schema\/logo\/image\/","url":"https:\/\/www.amstedmaxion.com.br\/wp-content\/uploads\/2023\/11\/amsted.png","contentUrl":"https:\/\/www.amstedmaxion.com.br\/wp-content\/uploads\/2023\/11\/amsted.png","width":500,"height":500,"caption":"AMSTEDMAXION"},"image":{"@id":"https:\/\/www.amstedmaxion.com.br\/#\/schema\/logo\/image\/"},"sameAs":["https:\/\/www.facebook.com\/AmstedMaxion.Oficial","https:\/\/br.linkedin.com\/company\/amstedmaxion"]},{"@type":"Person","@id":"https:\/\/www.amstedmaxion.com.br\/#\/schema\/person\/140cb65f07d4e66dd5543c8a187bf436","name":"Rosane Storto","image":{"@type":"ImageObject","inLanguage":"en-US","@id":"https:\/\/www.amstedmaxion.com.br\/#\/schema\/person\/image\/","url":"https:\/\/secure.gravatar.com\/avatar\/0e3d021545bbe593cb0eb3ee740544fefa86d59762e63dec1dbe9480a34c98cd?s=96&d=mm&r=g","contentUrl":"https:\/\/secure.gravatar.com\/avatar\/0e3d021545bbe593cb0eb3ee740544fefa86d59762e63dec1dbe9480a34c98cd?s=96&d=mm&r=g","caption":"Rosane Storto"}}]}},"_links":{"self":[{"href":"https:\/\/www.amstedmaxion.com.br\/en\/wp-json\/wp\/v2\/posts\/37766","targetHints":{"allow":["GET"]}}],"collection":[{"href":"https:\/\/www.amstedmaxion.com.br\/en\/wp-json\/wp\/v2\/posts"}],"about":[{"href":"https:\/\/www.amstedmaxion.com.br\/en\/wp-json\/wp\/v2\/types\/post"}],"author":[{"embeddable":true,"href":"https:\/\/www.amstedmaxion.com.br\/en\/wp-json\/wp\/v2\/users\/5"}],"replies":[{"embeddable":true,"href":"https:\/\/www.amstedmaxion.com.br\/en\/wp-json\/wp\/v2\/comments?post=37766"}],"version-history":[{"count":1,"href":"https:\/\/www.amstedmaxion.com.br\/en\/wp-json\/wp\/v2\/posts\/37766\/revisions"}],"predecessor-version":[{"id":37768,"href":"https:\/\/www.amstedmaxion.com.br\/en\/wp-json\/wp\/v2\/posts\/37766\/revisions\/37768"}],"wp:featuredmedia":[{"embeddable":true,"href":"https:\/\/www.amstedmaxion.com.br\/en\/wp-json\/wp\/v2\/media\/37767"}],"wp:attachment":[{"href":"https:\/\/www.amstedmaxion.com.br\/en\/wp-json\/wp\/v2\/media?parent=37766"}],"wp:term":[{"taxonomy":"category","embeddable":true,"href":"https:\/\/www.amstedmaxion.com.br\/en\/wp-json\/wp\/v2\/categories?post=37766"},{"taxonomy":"post_tag","embeddable":true,"href":"https:\/\/www.amstedmaxion.com.br\/en\/wp-json\/wp\/v2\/tags?post=37766"}],"curies":[{"name":"wp","href":"https:\/\/api.w.org\/{rel}","templated":true}]}}