{"id":37923,"date":"2022-06-30T11:32:00","date_gmt":"2022-06-30T14:32:00","guid":{"rendered":"https:\/\/www.amstedmaxion.com.br\/?p=37923"},"modified":"2022-07-01T11:53:38","modified_gmt":"2022-07-01T14:53:38","slug":"sem-salario-ha-dois-meses-trabalhadores-da-mwl-bloqueiam-a-saida-de-tres-caminhoes-da-empresa-em-cacapava","status":"publish","type":"post","link":"https:\/\/www.amstedmaxion.com.br\/en\/sem-salario-ha-dois-meses-trabalhadores-da-mwl-bloqueiam-a-saida-de-tres-caminhoes-da-empresa-em-cacapava\/","title":{"rendered":"Sem sal\u00e1rio h\u00e1 dois meses, trabalhadores da MWL bloqueiam a sa\u00edda de tr\u00eas caminh\u00f5es da empresa em Ca\u00e7apava"},"content":{"rendered":"\n<p>G1 Vale do Para\u00edba e Regi\u00e3o &#8211; Ve\u00edculos est\u00e3o carregados com rodas de trem produzidas pela empresa, que juntas valem cerca de R$ 5 milh\u00f5es.<\/p>\n\n\n\n<p>Os funcion\u00e1rios da empresa MWL em Ca\u00e7apava (SP) bloquearam a sa\u00edda de tr\u00eas caminh\u00f5es da f\u00e1brica nesta quarta-feira (29). Segundo o sindicato, a a\u00e7\u00e3o tem como motivo o atraso de dois meses no pagamento dos sal\u00e1rios dos servidores.<\/p>\n\n\n\n<p>Os ve\u00edculos est\u00e3o carregados com rodas de trem que juntas t\u00eam valor de cerca de R$ 5 milh\u00f5es. Os trabalhadores alegaram que s\u00f3 ir\u00e3o liberar a sa\u00edda dos caminh\u00f5es se a empresa garantir, por escrito e com homologa\u00e7\u00e3o da Justi\u00e7a, que esse dinheiro seja usado para pagar os sal\u00e1rios atrasados.<\/p>\n\n\n\n<p>Por volta das 13h uma viatura da Pol\u00edcia Militar estava no local acompanhando a movimenta\u00e7\u00e3o, que segue pac\u00edfica at\u00e9 o momento.<\/p>\n\n\n\n<figure class=\"wp-block-image size-large is-resized\"><img loading=\"lazy\" decoding=\"async\" src=\"https:\/\/www.amstedmaxion.com.br\/wp-content\/uploads\/2022\/07\/MWL-G1-Vanguarda.jpg\" alt=\"\" class=\"wp-image-37924\" width=\"383\" height=\"215\"\/><\/figure>\n\n\n\n<p>Fonte: G1 Vale do Para\u00edba e Regi\u00e3o (<a href=\"https:\/\/g1.globo.com\/sp\/vale-do-paraiba-regiao\/noticia\/2022\/06\/29\/sem-salario-ha-dois-meses-trabalhadores-da-mwl-bloqueiam-a-saida-de-tres-caminhoes-da-empresa-em-cacapava.ghtml\">https:\/\/g1.globo.com\/sp\/vale-do-paraiba-regiao\/noticia\/2022\/06\/29\/sem-salario-ha-dois-meses-trabalhadores-da-mwl-bloqueiam-a-saida-de-tres-caminhoes-da-empresa-em-cacapava.ghtml<\/a>)<\/p>\n\n\n\n<p><\/p>\n","protected":false},"excerpt":{"rendered":"<p>G1 Vale do Para\u00edba e Regi\u00e3o &#8211; Ve\u00edculos est\u00e3o carregados com rodas de trem produzidas pela empresa, que juntas valem cerca de R$ 5 milh\u00f5es. Os funcion\u00e1rios da empresa MWL em Ca\u00e7apava (SP) bloquearam a sa\u00edda de tr\u00eas caminh\u00f5es da f\u00e1brica nesta quarta-feira (29). Segundo o sindicato, a a\u00e7\u00e3o tem como motivo o atraso de [&hellip;]<\/p>\n","protected":false},"author":5,"featured_media":37924,"comment_status":"open","ping_status":"open","sticky":false,"template":"","format":"standard","meta":{"_acf_changed":false,"footnotes":""},"categories":[148],"tags":[],"class_list":["post-37923","post","type-post","status-publish","format-standard","has-post-thumbnail","hentry","category-newsletter"],"acf":[],"yoast_head":"<!-- This site is optimized with the Yoast SEO plugin v23.9 - https:\/\/yoast.com\/wordpress\/plugins\/seo\/ -->\n<title>Sem sal\u00e1rio h\u00e1 dois meses, trabalhadores da MWL bloqueiam a sa\u00edda de tr\u00eas caminh\u00f5es da empresa em Ca\u00e7apava - AmstedMaxion<\/title>\n<meta name=\"robots\" content=\"index, follow, max-snippet:-1, max-image-preview:large, max-video-preview:-1\" \/>\n<link rel=\"canonical\" href=\"https:\/\/www.amstedmaxion.com.br\/sem-salario-ha-dois-meses-trabalhadores-da-mwl-bloqueiam-a-saida-de-tres-caminhoes-da-empresa-em-cacapava\/\" \/>\n<meta property=\"og:locale\" content=\"en_US\" \/>\n<meta property=\"og:type\" content=\"article\" \/>\n<meta property=\"og:title\" content=\"Sem sal\u00e1rio h\u00e1 dois meses, trabalhadores da MWL bloqueiam a sa\u00edda de tr\u00eas caminh\u00f5es da empresa em Ca\u00e7apava - AmstedMaxion\" \/>\n<meta property=\"og:description\" content=\"G1 Vale do Para\u00edba e Regi\u00e3o &#8211; Ve\u00edculos est\u00e3o carregados com rodas de trem produzidas pela empresa, que juntas valem cerca de R$ 5 milh\u00f5es. Os funcion\u00e1rios da empresa MWL em Ca\u00e7apava (SP) bloquearam a sa\u00edda de tr\u00eas caminh\u00f5es da f\u00e1brica nesta quarta-feira (29). Segundo o sindicato, a a\u00e7\u00e3o tem como motivo o atraso de [&hellip;]\" \/>\n<meta property=\"og:url\" content=\"https:\/\/www.amstedmaxion.com.br\/sem-salario-ha-dois-meses-trabalhadores-da-mwl-bloqueiam-a-saida-de-tres-caminhoes-da-empresa-em-cacapava\/\" \/>\n<meta property=\"og:site_name\" content=\"AmstedMaxion\" \/>\n<meta property=\"article:publisher\" content=\"https:\/\/www.facebook.com\/AmstedMaxion.Oficial\" \/>\n<meta property=\"article:published_time\" content=\"2022-06-30T14:32:00+00:00\" \/>\n<meta property=\"article:modified_time\" content=\"2022-07-01T14:53:38+00:00\" \/>\n<meta property=\"og:image\" content=\"https:\/\/www.amstedmaxion.com.br\/wp-content\/uploads\/2022\/07\/MWL-G1-Vanguarda.jpg\" \/>\n\t<meta property=\"og:image:width\" content=\"1280\" \/>\n\t<meta property=\"og:image:height\" content=\"720\" \/>\n\t<meta property=\"og:image:type\" content=\"image\/jpeg\" \/>\n<meta name=\"author\" content=\"Rosane Storto\" \/>\n<meta name=\"twitter:card\" content=\"summary_large_image\" \/>\n<meta name=\"twitter:label1\" content=\"Written by\" \/>\n\t<meta name=\"twitter:data1\" content=\"Rosane Storto\" \/>\n\t<meta name=\"twitter:label2\" content=\"Est. reading time\" \/>\n\t<meta name=\"twitter:data2\" content=\"1 minute\" \/>\n<script type=\"application\/ld+json\" class=\"yoast-schema-graph\">{\"@context\":\"https:\/\/schema.org\",\"@graph\":[{\"@type\":\"Article\",\"@id\":\"https:\/\/www.amstedmaxion.com.br\/sem-salario-ha-dois-meses-trabalhadores-da-mwl-bloqueiam-a-saida-de-tres-caminhoes-da-empresa-em-cacapava\/#article\",\"isPartOf\":{\"@id\":\"https:\/\/www.amstedmaxion.com.br\/sem-salario-ha-dois-meses-trabalhadores-da-mwl-bloqueiam-a-saida-de-tres-caminhoes-da-empresa-em-cacapava\/\"},\"author\":{\"name\":\"Rosane Storto\",\"@id\":\"https:\/\/www.amstedmaxion.com.br\/#\/schema\/person\/140cb65f07d4e66dd5543c8a187bf436\"},\"headline\":\"Sem sal\u00e1rio h\u00e1 dois meses, trabalhadores da MWL bloqueiam a sa\u00edda de tr\u00eas caminh\u00f5es da empresa em Ca\u00e7apava\",\"datePublished\":\"2022-06-30T14:32:00+00:00\",\"dateModified\":\"2022-07-01T14:53:38+00:00\",\"mainEntityOfPage\":{\"@id\":\"https:\/\/www.amstedmaxion.com.br\/sem-salario-ha-dois-meses-trabalhadores-da-mwl-bloqueiam-a-saida-de-tres-caminhoes-da-empresa-em-cacapava\/\"},\"wordCount\":198,\"commentCount\":0,\"publisher\":{\"@id\":\"https:\/\/www.amstedmaxion.com.br\/#organization\"},\"image\":{\"@id\":\"https:\/\/www.amstedmaxion.com.br\/sem-salario-ha-dois-meses-trabalhadores-da-mwl-bloqueiam-a-saida-de-tres-caminhoes-da-empresa-em-cacapava\/#primaryimage\"},\"thumbnailUrl\":\"https:\/\/www.amstedmaxion.com.br\/wp-content\/uploads\/2022\/07\/MWL-G1-Vanguarda.jpg\",\"articleSection\":[\"Newsletter\"],\"inLanguage\":\"en-US\",\"potentialAction\":[{\"@type\":\"CommentAction\",\"name\":\"Comment\",\"target\":[\"https:\/\/www.amstedmaxion.com.br\/sem-salario-ha-dois-meses-trabalhadores-da-mwl-bloqueiam-a-saida-de-tres-caminhoes-da-empresa-em-cacapava\/#respond\"]}]},{\"@type\":\"WebPage\",\"@id\":\"https:\/\/www.amstedmaxion.com.br\/sem-salario-ha-dois-meses-trabalhadores-da-mwl-bloqueiam-a-saida-de-tres-caminhoes-da-empresa-em-cacapava\/\",\"url\":\"https:\/\/www.amstedmaxion.com.br\/sem-salario-ha-dois-meses-trabalhadores-da-mwl-bloqueiam-a-saida-de-tres-caminhoes-da-empresa-em-cacapava\/\",\"name\":\"Sem sal\u00e1rio h\u00e1 dois meses, trabalhadores da MWL bloqueiam a sa\u00edda de tr\u00eas caminh\u00f5es da empresa em Ca\u00e7apava - AmstedMaxion\",\"isPartOf\":{\"@id\":\"https:\/\/www.amstedmaxion.com.br\/#website\"},\"primaryImageOfPage\":{\"@id\":\"https:\/\/www.amstedmaxion.com.br\/sem-salario-ha-dois-meses-trabalhadores-da-mwl-bloqueiam-a-saida-de-tres-caminhoes-da-empresa-em-cacapava\/#primaryimage\"},\"image\":{\"@id\":\"https:\/\/www.amstedmaxion.com.br\/sem-salario-ha-dois-meses-trabalhadores-da-mwl-bloqueiam-a-saida-de-tres-caminhoes-da-empresa-em-cacapava\/#primaryimage\"},\"thumbnailUrl\":\"https:\/\/www.amstedmaxion.com.br\/wp-content\/uploads\/2022\/07\/MWL-G1-Vanguarda.jpg\",\"datePublished\":\"2022-06-30T14:32:00+00:00\",\"dateModified\":\"2022-07-01T14:53:38+00:00\",\"breadcrumb\":{\"@id\":\"https:\/\/www.amstedmaxion.com.br\/sem-salario-ha-dois-meses-trabalhadores-da-mwl-bloqueiam-a-saida-de-tres-caminhoes-da-empresa-em-cacapava\/#breadcrumb\"},\"inLanguage\":\"en-US\",\"potentialAction\":[{\"@type\":\"ReadAction\",\"target\":[\"https:\/\/www.amstedmaxion.com.br\/sem-salario-ha-dois-meses-trabalhadores-da-mwl-bloqueiam-a-saida-de-tres-caminhoes-da-empresa-em-cacapava\/\"]}]},{\"@type\":\"ImageObject\",\"inLanguage\":\"en-US\",\"@id\":\"https:\/\/www.amstedmaxion.com.br\/sem-salario-ha-dois-meses-trabalhadores-da-mwl-bloqueiam-a-saida-de-tres-caminhoes-da-empresa-em-cacapava\/#primaryimage\",\"url\":\"https:\/\/www.amstedmaxion.com.br\/wp-content\/uploads\/2022\/07\/MWL-G1-Vanguarda.jpg\",\"contentUrl\":\"https:\/\/www.amstedmaxion.com.br\/wp-content\/uploads\/2022\/07\/MWL-G1-Vanguarda.jpg\",\"width\":1280,\"height\":720,\"caption\":\"Foto: captura de tela G1 Vale do Para\u00edba e Regi\u00e3o\"},{\"@type\":\"BreadcrumbList\",\"@id\":\"https:\/\/www.amstedmaxion.com.br\/sem-salario-ha-dois-meses-trabalhadores-da-mwl-bloqueiam-a-saida-de-tres-caminhoes-da-empresa-em-cacapava\/#breadcrumb\",\"itemListElement\":[{\"@type\":\"ListItem\",\"position\":1,\"name\":\"In\u00edcio\",\"item\":\"https:\/\/www.amstedmaxion.com.br\/\"},{\"@type\":\"ListItem\",\"position\":2,\"name\":\"Sem sal\u00e1rio h\u00e1 dois meses, trabalhadores da MWL bloqueiam a sa\u00edda de tr\u00eas caminh\u00f5es da empresa em Ca\u00e7apava\"}]},{\"@type\":\"WebSite\",\"@id\":\"https:\/\/www.amstedmaxion.com.br\/#website\",\"url\":\"https:\/\/www.amstedmaxion.com.br\/\",\"name\":\"AmstedMaxion\",\"description\":\"AmstedMaxion - Fundi\u00e7\u00e3o e Equipamentos Ferrovi\u00e1rios\",\"publisher\":{\"@id\":\"https:\/\/www.amstedmaxion.com.br\/#organization\"},\"alternateName\":\"AmstedMaxion\",\"potentialAction\":[{\"@type\":\"SearchAction\",\"target\":{\"@type\":\"EntryPoint\",\"urlTemplate\":\"https:\/\/www.amstedmaxion.com.br\/?s={search_term_string}\"},\"query-input\":{\"@type\":\"PropertyValueSpecification\",\"valueRequired\":true,\"valueName\":\"search_term_string\"}}],\"inLanguage\":\"en-US\"},{\"@type\":\"Organization\",\"@id\":\"https:\/\/www.amstedmaxion.com.br\/#organization\",\"name\":\"AMSTEDMAXION\",\"url\":\"https:\/\/www.amstedmaxion.com.br\/\",\"logo\":{\"@type\":\"ImageObject\",\"inLanguage\":\"en-US\",\"@id\":\"https:\/\/www.amstedmaxion.com.br\/#\/schema\/logo\/image\/\",\"url\":\"https:\/\/www.amstedmaxion.com.br\/wp-content\/uploads\/2023\/11\/amsted.png\",\"contentUrl\":\"https:\/\/www.amstedmaxion.com.br\/wp-content\/uploads\/2023\/11\/amsted.png\",\"width\":500,\"height\":500,\"caption\":\"AMSTEDMAXION\"},\"image\":{\"@id\":\"https:\/\/www.amstedmaxion.com.br\/#\/schema\/logo\/image\/\"},\"sameAs\":[\"https:\/\/www.facebook.com\/AmstedMaxion.Oficial\",\"https:\/\/br.linkedin.com\/company\/amstedmaxion\"]},{\"@type\":\"Person\",\"@id\":\"https:\/\/www.amstedmaxion.com.br\/#\/schema\/person\/140cb65f07d4e66dd5543c8a187bf436\",\"name\":\"Rosane Storto\",\"image\":{\"@type\":\"ImageObject\",\"inLanguage\":\"en-US\",\"@id\":\"https:\/\/www.amstedmaxion.com.br\/#\/schema\/person\/image\/\",\"url\":\"https:\/\/secure.gravatar.com\/avatar\/0e3d021545bbe593cb0eb3ee740544fefa86d59762e63dec1dbe9480a34c98cd?s=96&d=mm&r=g\",\"contentUrl\":\"https:\/\/secure.gravatar.com\/avatar\/0e3d021545bbe593cb0eb3ee740544fefa86d59762e63dec1dbe9480a34c98cd?s=96&d=mm&r=g\",\"caption\":\"Rosane Storto\"}}]}<\/script>\n<!-- \/ Yoast SEO plugin. -->","yoast_head_json":{"title":"Sem sal\u00e1rio h\u00e1 dois meses, trabalhadores da MWL bloqueiam a sa\u00edda de tr\u00eas caminh\u00f5es da empresa em Ca\u00e7apava - AmstedMaxion","robots":{"index":"index","follow":"follow","max-snippet":"max-snippet:-1","max-image-preview":"max-image-preview:large","max-video-preview":"max-video-preview:-1"},"canonical":"https:\/\/www.amstedmaxion.com.br\/sem-salario-ha-dois-meses-trabalhadores-da-mwl-bloqueiam-a-saida-de-tres-caminhoes-da-empresa-em-cacapava\/","og_locale":"en_US","og_type":"article","og_title":"Sem sal\u00e1rio h\u00e1 dois meses, trabalhadores da MWL bloqueiam a sa\u00edda de tr\u00eas caminh\u00f5es da empresa em Ca\u00e7apava - AmstedMaxion","og_description":"G1 Vale do Para\u00edba e Regi\u00e3o &#8211; Ve\u00edculos est\u00e3o carregados com rodas de trem produzidas pela empresa, que juntas valem cerca de R$ 5 milh\u00f5es. Os funcion\u00e1rios da empresa MWL em Ca\u00e7apava (SP) bloquearam a sa\u00edda de tr\u00eas caminh\u00f5es da f\u00e1brica nesta quarta-feira (29). Segundo o sindicato, a a\u00e7\u00e3o tem como motivo o atraso de [&hellip;]","og_url":"https:\/\/www.amstedmaxion.com.br\/sem-salario-ha-dois-meses-trabalhadores-da-mwl-bloqueiam-a-saida-de-tres-caminhoes-da-empresa-em-cacapava\/","og_site_name":"AmstedMaxion","article_publisher":"https:\/\/www.facebook.com\/AmstedMaxion.Oficial","article_published_time":"2022-06-30T14:32:00+00:00","article_modified_time":"2022-07-01T14:53:38+00:00","og_image":[{"width":1280,"height":720,"url":"https:\/\/www.amstedmaxion.com.br\/wp-content\/uploads\/2022\/07\/MWL-G1-Vanguarda.jpg","type":"image\/jpeg"}],"author":"Rosane Storto","twitter_card":"summary_large_image","twitter_misc":{"Written by":"Rosane Storto","Est. reading time":"1 minute"},"schema":{"@context":"https:\/\/schema.org","@graph":[{"@type":"Article","@id":"https:\/\/www.amstedmaxion.com.br\/sem-salario-ha-dois-meses-trabalhadores-da-mwl-bloqueiam-a-saida-de-tres-caminhoes-da-empresa-em-cacapava\/#article","isPartOf":{"@id":"https:\/\/www.amstedmaxion.com.br\/sem-salario-ha-dois-meses-trabalhadores-da-mwl-bloqueiam-a-saida-de-tres-caminhoes-da-empresa-em-cacapava\/"},"author":{"name":"Rosane Storto","@id":"https:\/\/www.amstedmaxion.com.br\/#\/schema\/person\/140cb65f07d4e66dd5543c8a187bf436"},"headline":"Sem sal\u00e1rio h\u00e1 dois meses, trabalhadores da MWL bloqueiam a sa\u00edda de tr\u00eas caminh\u00f5es da empresa em Ca\u00e7apava","datePublished":"2022-06-30T14:32:00+00:00","dateModified":"2022-07-01T14:53:38+00:00","mainEntityOfPage":{"@id":"https:\/\/www.amstedmaxion.com.br\/sem-salario-ha-dois-meses-trabalhadores-da-mwl-bloqueiam-a-saida-de-tres-caminhoes-da-empresa-em-cacapava\/"},"wordCount":198,"commentCount":0,"publisher":{"@id":"https:\/\/www.amstedmaxion.com.br\/#organization"},"image":{"@id":"https:\/\/www.amstedmaxion.com.br\/sem-salario-ha-dois-meses-trabalhadores-da-mwl-bloqueiam-a-saida-de-tres-caminhoes-da-empresa-em-cacapava\/#primaryimage"},"thumbnailUrl":"https:\/\/www.amstedmaxion.com.br\/wp-content\/uploads\/2022\/07\/MWL-G1-Vanguarda.jpg","articleSection":["Newsletter"],"inLanguage":"en-US","potentialAction":[{"@type":"CommentAction","name":"Comment","target":["https:\/\/www.amstedmaxion.com.br\/sem-salario-ha-dois-meses-trabalhadores-da-mwl-bloqueiam-a-saida-de-tres-caminhoes-da-empresa-em-cacapava\/#respond"]}]},{"@type":"WebPage","@id":"https:\/\/www.amstedmaxion.com.br\/sem-salario-ha-dois-meses-trabalhadores-da-mwl-bloqueiam-a-saida-de-tres-caminhoes-da-empresa-em-cacapava\/","url":"https:\/\/www.amstedmaxion.com.br\/sem-salario-ha-dois-meses-trabalhadores-da-mwl-bloqueiam-a-saida-de-tres-caminhoes-da-empresa-em-cacapava\/","name":"Sem sal\u00e1rio h\u00e1 dois meses, trabalhadores da MWL bloqueiam a sa\u00edda de tr\u00eas caminh\u00f5es da empresa em Ca\u00e7apava - AmstedMaxion","isPartOf":{"@id":"https:\/\/www.amstedmaxion.com.br\/#website"},"primaryImageOfPage":{"@id":"https:\/\/www.amstedmaxion.com.br\/sem-salario-ha-dois-meses-trabalhadores-da-mwl-bloqueiam-a-saida-de-tres-caminhoes-da-empresa-em-cacapava\/#primaryimage"},"image":{"@id":"https:\/\/www.amstedmaxion.com.br\/sem-salario-ha-dois-meses-trabalhadores-da-mwl-bloqueiam-a-saida-de-tres-caminhoes-da-empresa-em-cacapava\/#primaryimage"},"thumbnailUrl":"https:\/\/www.amstedmaxion.com.br\/wp-content\/uploads\/2022\/07\/MWL-G1-Vanguarda.jpg","datePublished":"2022-06-30T14:32:00+00:00","dateModified":"2022-07-01T14:53:38+00:00","breadcrumb":{"@id":"https:\/\/www.amstedmaxion.com.br\/sem-salario-ha-dois-meses-trabalhadores-da-mwl-bloqueiam-a-saida-de-tres-caminhoes-da-empresa-em-cacapava\/#breadcrumb"},"inLanguage":"en-US","potentialAction":[{"@type":"ReadAction","target":["https:\/\/www.amstedmaxion.com.br\/sem-salario-ha-dois-meses-trabalhadores-da-mwl-bloqueiam-a-saida-de-tres-caminhoes-da-empresa-em-cacapava\/"]}]},{"@type":"ImageObject","inLanguage":"en-US","@id":"https:\/\/www.amstedmaxion.com.br\/sem-salario-ha-dois-meses-trabalhadores-da-mwl-bloqueiam-a-saida-de-tres-caminhoes-da-empresa-em-cacapava\/#primaryimage","url":"https:\/\/www.amstedmaxion.com.br\/wp-content\/uploads\/2022\/07\/MWL-G1-Vanguarda.jpg","contentUrl":"https:\/\/www.amstedmaxion.com.br\/wp-content\/uploads\/2022\/07\/MWL-G1-Vanguarda.jpg","width":1280,"height":720,"caption":"Foto: captura de tela G1 Vale do Para\u00edba e Regi\u00e3o"},{"@type":"BreadcrumbList","@id":"https:\/\/www.amstedmaxion.com.br\/sem-salario-ha-dois-meses-trabalhadores-da-mwl-bloqueiam-a-saida-de-tres-caminhoes-da-empresa-em-cacapava\/#breadcrumb","itemListElement":[{"@type":"ListItem","position":1,"name":"In\u00edcio","item":"https:\/\/www.amstedmaxion.com.br\/"},{"@type":"ListItem","position":2,"name":"Sem sal\u00e1rio h\u00e1 dois meses, trabalhadores da MWL bloqueiam a sa\u00edda de tr\u00eas caminh\u00f5es da empresa em Ca\u00e7apava"}]},{"@type":"WebSite","@id":"https:\/\/www.amstedmaxion.com.br\/#website","url":"https:\/\/www.amstedmaxion.com.br\/","name":"AmstedMaxion","description":"AmstedMaxion - Fundi\u00e7\u00e3o e Equipamentos Ferrovi\u00e1rios","publisher":{"@id":"https:\/\/www.amstedmaxion.com.br\/#organization"},"alternateName":"AmstedMaxion","potentialAction":[{"@type":"SearchAction","target":{"@type":"EntryPoint","urlTemplate":"https:\/\/www.amstedmaxion.com.br\/?s={search_term_string}"},"query-input":{"@type":"PropertyValueSpecification","valueRequired":true,"valueName":"search_term_string"}}],"inLanguage":"en-US"},{"@type":"Organization","@id":"https:\/\/www.amstedmaxion.com.br\/#organization","name":"AMSTEDMAXION","url":"https:\/\/www.amstedmaxion.com.br\/","logo":{"@type":"ImageObject","inLanguage":"en-US","@id":"https:\/\/www.amstedmaxion.com.br\/#\/schema\/logo\/image\/","url":"https:\/\/www.amstedmaxion.com.br\/wp-content\/uploads\/2023\/11\/amsted.png","contentUrl":"https:\/\/www.amstedmaxion.com.br\/wp-content\/uploads\/2023\/11\/amsted.png","width":500,"height":500,"caption":"AMSTEDMAXION"},"image":{"@id":"https:\/\/www.amstedmaxion.com.br\/#\/schema\/logo\/image\/"},"sameAs":["https:\/\/www.facebook.com\/AmstedMaxion.Oficial","https:\/\/br.linkedin.com\/company\/amstedmaxion"]},{"@type":"Person","@id":"https:\/\/www.amstedmaxion.com.br\/#\/schema\/person\/140cb65f07d4e66dd5543c8a187bf436","name":"Rosane Storto","image":{"@type":"ImageObject","inLanguage":"en-US","@id":"https:\/\/www.amstedmaxion.com.br\/#\/schema\/person\/image\/","url":"https:\/\/secure.gravatar.com\/avatar\/0e3d021545bbe593cb0eb3ee740544fefa86d59762e63dec1dbe9480a34c98cd?s=96&d=mm&r=g","contentUrl":"https:\/\/secure.gravatar.com\/avatar\/0e3d021545bbe593cb0eb3ee740544fefa86d59762e63dec1dbe9480a34c98cd?s=96&d=mm&r=g","caption":"Rosane Storto"}}]}},"_links":{"self":[{"href":"https:\/\/www.amstedmaxion.com.br\/en\/wp-json\/wp\/v2\/posts\/37923","targetHints":{"allow":["GET"]}}],"collection":[{"href":"https:\/\/www.amstedmaxion.com.br\/en\/wp-json\/wp\/v2\/posts"}],"about":[{"href":"https:\/\/www.amstedmaxion.com.br\/en\/wp-json\/wp\/v2\/types\/post"}],"author":[{"embeddable":true,"href":"https:\/\/www.amstedmaxion.com.br\/en\/wp-json\/wp\/v2\/users\/5"}],"replies":[{"embeddable":true,"href":"https:\/\/www.amstedmaxion.com.br\/en\/wp-json\/wp\/v2\/comments?post=37923"}],"version-history":[{"count":1,"href":"https:\/\/www.amstedmaxion.com.br\/en\/wp-json\/wp\/v2\/posts\/37923\/revisions"}],"predecessor-version":[{"id":37925,"href":"https:\/\/www.amstedmaxion.com.br\/en\/wp-json\/wp\/v2\/posts\/37923\/revisions\/37925"}],"wp:featuredmedia":[{"embeddable":true,"href":"https:\/\/www.amstedmaxion.com.br\/en\/wp-json\/wp\/v2\/media\/37924"}],"wp:attachment":[{"href":"https:\/\/www.amstedmaxion.com.br\/en\/wp-json\/wp\/v2\/media?parent=37923"}],"wp:term":[{"taxonomy":"category","embeddable":true,"href":"https:\/\/www.amstedmaxion.com.br\/en\/wp-json\/wp\/v2\/categories?post=37923"},{"taxonomy":"post_tag","embeddable":true,"href":"https:\/\/www.amstedmaxion.com.br\/en\/wp-json\/wp\/v2\/tags?post=37923"}],"curies":[{"name":"wp","href":"https:\/\/api.w.org\/{rel}","templated":true}]}}