{"id":38131,"date":"2022-07-13T15:12:15","date_gmt":"2022-07-13T18:12:15","guid":{"rendered":"https:\/\/www.amstedmaxion.com.br\/?p=38131"},"modified":"2022-07-13T15:12:17","modified_gmt":"2022-07-13T18:12:17","slug":"producao-da-industria-mineira-de-fundicao-registra-crescimento","status":"publish","type":"post","link":"https:\/\/www.amstedmaxion.com.br\/en\/producao-da-industria-mineira-de-fundicao-registra-crescimento\/","title":{"rendered":"Produ\u00e7\u00e3o da ind\u00fastria mineira de fundi\u00e7\u00e3o registra crescimento"},"content":{"rendered":"\n<p>Di\u00e1rio do Com\u00e9rcio &#8211; Mesmo com a alta nos pre\u00e7os do ferro-gusa e da energia, o setor prev\u00ea fechar 2022 com avan\u00e7o de 24%<\/p>\n\n\n\n<p>A ind\u00fastria de fundi\u00e7\u00e3o em Minas Gerais vem registrando recordes de produ\u00e7\u00e3o. Depois de encerrar 2021 com crescimento de 28% em rela\u00e7\u00e3o ao ano anterior, j\u00e1 ampliou a produ\u00e7\u00e3o em 12,4% at\u00e9 maio e aposta em um resultado positivo para 2022 de 24% \u2013 performance que deve se estender ao Pa\u00eds.<\/p>\n\n\n\n<p>S\u00f3 nas 275 plantas mineiras, a produ\u00e7\u00e3o at\u00e9 maio foi de 290 mil toneladas. No Pa\u00eds, foram 940 mil. \u201cA tend\u00eancia \u00e9 aumentar, porque todas as plantas est\u00e3o tomadas. Este \u00e9 um n\u00famero cobi\u00e7ado por outras \u00e1reas da ind\u00fastria e que n\u00f3s conseguimos atingir mesmo com o aumento do ferro-gusa e da energia el\u00e9trica, ou seja, \u00e9 uma demonstra\u00e7\u00e3o da capacidade de gest\u00e3o do setor\u201d, comemora o presidente do Sindicato da Ind\u00fastria da Fundi\u00e7\u00e3o no Estado de Minas Gerais (Sifumg), Afonso Gonzaga.<\/p>\n\n\n\n<p>Segundo o dirigente, o cen\u00e1rio pol\u00edtico n\u00e3o traz receios. \u201cSeja Bolsonaro, Ciro, Lula ou quem quer que seja, o Pa\u00eds vive um processo que \u00e9 um caminho sem volta. As licita\u00e7\u00f5es p\u00fablicas de ferrovias e saneamento b\u00e1sico, por exemplo, fazem parte de uma estrutura preparada para que a ind\u00fastria continue avan\u00e7ando\u201d, garante.<\/p>\n\n\n\n<p>Incertezas sempre v\u00e3o fazer parte do panorama, afinal o principal insumo do setor, o ferro-gusa, come\u00e7ou a pandemia custando US$ 400, passou para US$ 850 e chegou a US$1.170 a tonelada. A guerra entre Ucr\u00e2nia e R\u00fassia, que s\u00e3o grandes produtores ao lado do Brasil, foi um dos fatores mais impactantes.<\/p>\n\n\n\n<p>Hoje, o pre\u00e7o est\u00e1 em cerca de US$ 800 a tonelada. \u201cQuando parou o fornecimento, os clientes vieram aqui buscar e, com a demanda, come\u00e7ou a dan\u00e7a de pre\u00e7os. Mas, agora, h\u00e1 um assentamento, no qual as varia\u00e7\u00f5es v\u00e3o continuar, mas em um mesmo patamar\u201d, acredita Gonzaga.<\/p>\n\n\n\n<p>\u201cN\u00f3s n\u00e3o conseguimos repassar tudo, mas os nossos clientes entenderam que tinham que aceitar os reajustes. Afinal, quem define o pre\u00e7o das commodities \u00e9 o mundo e suas necessidades. N\u00e3o tem como a gente controlar o pre\u00e7o do min\u00e9rio ou do ferro-gusa e isso ficou claro nas negocia\u00e7\u00f5es\u201d, acrescenta.<\/p>\n\n\n\n<p>Um dos fatores de incerteza est\u00e1 justamente nos caminhos da ind\u00fastria automobil\u00edstica, que consome a maior parte dos produtos fundidos no Pa\u00eds \u2013 no ano passado, o setor automotivo comprou 46% da produ\u00e7\u00e3o. O carro el\u00e9trico \u00e9 uma alternativa cada vez mais pr\u00f3xima, mas que ainda enfrenta dificuldades como autonomia da bateria em um pa\u00eds de dimens\u00f5es continentais como o Brasil.<\/p>\n\n\n\n<p>O setor neste momento briga com o governo pela recria\u00e7\u00e3o do Minist\u00e9rio de Ind\u00fastria e Com\u00e9rcio, na premissa de que a ind\u00fastria ser\u00e1 o carro-chefe da recupera\u00e7\u00e3o da economia. \u201cEstamos numa situa\u00e7\u00e3o favor\u00e1vel, que vai ajudar a melhorar este PIB. O n\u00edvel de investimentos que estamos fazendo eu n\u00e3o vejo desde 2008, na paridade de um para um do d\u00f3lar. Est\u00e1 todo mundo comprando equipamento para melhorar a capacidade produtiva e trabalhar com mais sustentabilidade\u201d, revela o presidente do Sifumg.<\/p>\n\n\n\n<p>O \u00fanico problema, ressalva Gonzaga, \u00e9 a dificuldade de contratar m\u00e3o de obra. \u201cN\u00e3o \u00e9 defici\u00eancia do Senai, mas falta mesmo de pessoas pra gente qualificar\u201d. Ele sublinha que, al\u00e9m do Senai de Ita\u00fana estar com dois cursos abertos na \u00e1rea de fundi\u00e7\u00e3o, tamb\u00e9m est\u00e1 oferecendo prepara\u00e7\u00e3o on-line e inclusive levado os alunos \u00e0s feiras, para que eles conhe\u00e7am as novidades do setor.<\/p>\n\n\n\n<p>A ideia, segundo o dirigente, \u00e9 atrair e encantar os futuros colaboradores das fundi\u00e7\u00f5es. \u201cEstamos preparando o ch\u00e3o da f\u00e1brica, investindo em moderniza\u00e7\u00e3o e tecnologia para que o trabalho n\u00e3o seja t\u00e3o agressivo\u201d, diz.<\/p>\n\n\n\n<p>\u201cTamb\u00e9m \u00e9 nossa responsabilidade oferecer o suficiente para o trabalhador sustentar a si e sua fam\u00edlia. Eu negocio h\u00e1 17 anos com metal\u00fargicos e sei que \u00e9 desumano ir para a mesa de negocia\u00e7\u00e3o sem entender que o IPCA \u00e9 insuficiente para definir os reajustes. E, para isso, s\u00f3 h\u00e1 uma solu\u00e7\u00e3o: desonerar a folha de pagamento pra gente pagar melhor\u201d, acrescenta.<\/p>\n\n\n\n<p>O que \u00e9 fundi\u00e7\u00e3o?<\/p>\n\n\n\n<p>A fundi\u00e7\u00e3o \u00e9 uma ind\u00fastria de transforma\u00e7\u00e3o que \u00e9 utilizada pelo homem h\u00e1 mais de 6.000 anos. No in\u00edcio, ela usava metais de baixo ponto de fus\u00e3o (bronze e cobre) \u2013 em fornos rudimentares de cer\u00e2micas e pedras; min\u00e9rios de metais eram fundidos para produ\u00e7\u00e3o de adornos e armas.<\/p>\n\n\n\n<p>Hoje ela tem como mat\u00e9ria-prima b\u00e1sica o ferro-gusa e a sucata. A partir de um projeto, \u00e9 constru\u00eddo um modelo da pe\u00e7a que se quer fundir. Ele pode ser feito em isopor, madeira ou alum\u00ednio e \u00e9 moldado em uma mistura de areia com resina e outros componentes. O v\u00e1cuo do molde \u00e9 preenchido com metal l\u00edquido e se torna uma pe\u00e7a, seja ela para o setor automotivo ou um simples utens\u00edlio dom\u00e9stico.<\/p>\n\n\n\n<p>\u201c\u00c9 uma ind\u00fastria abstrata porque, mesmo fazendo tudo dentro das normas para produzir uma pe\u00e7a, ela pode ser perdida por um excesso de umidade no galp\u00e3o, por exemplo. E a\u00ed ela tem que ser feita novamente\u201d, observa o presidente do Sindicato da Ind\u00fastria da Fundi\u00e7\u00e3o no Estado de Minas Gerais (Sifumg), Afonso Gonzaga. <\/p>\n\n\n\n<figure class=\"wp-block-image size-large is-resized\"><img loading=\"lazy\" decoding=\"async\" src=\"https:\/\/www.amstedmaxion.com.br\/wp-content\/uploads\/2022\/07\/Fundicao-Diario-do-Comercio-1.jpg\" alt=\"\" class=\"wp-image-38133\" width=\"389\" height=\"269\"\/><figcaption>Foto: captura de tela Di\u00e1rio do Com\u00e9rcio<\/figcaption><\/figure>\n\n\n\n<p>Fonte: Di\u00e1rio do Com\u00e9rcio (https:\/\/diariodocomercio.com.br\/economia\/producao-da-industria-mineira-de-fundicao-registra-crescimento\/)<\/p>\n","protected":false},"excerpt":{"rendered":"<p>Di\u00e1rio do Com\u00e9rcio &#8211; Mesmo com a alta nos pre\u00e7os do ferro-gusa e da energia, o setor prev\u00ea fechar 2022 com avan\u00e7o de 24% A ind\u00fastria de fundi\u00e7\u00e3o em Minas Gerais vem registrando recordes de produ\u00e7\u00e3o. Depois de encerrar 2021 com crescimento de 28% em rela\u00e7\u00e3o ao ano anterior, j\u00e1 ampliou a produ\u00e7\u00e3o em 12,4% [&hellip;]<\/p>\n","protected":false},"author":5,"featured_media":38133,"comment_status":"open","ping_status":"open","sticky":false,"template":"","format":"standard","meta":{"_acf_changed":false,"footnotes":""},"categories":[148],"tags":[],"class_list":["post-38131","post","type-post","status-publish","format-standard","has-post-thumbnail","hentry","category-newsletter"],"acf":[],"yoast_head":"<!-- This site is optimized with the Yoast SEO plugin v23.9 - https:\/\/yoast.com\/wordpress\/plugins\/seo\/ -->\n<title>Produ\u00e7\u00e3o da ind\u00fastria mineira de fundi\u00e7\u00e3o registra crescimento - AmstedMaxion<\/title>\n<meta name=\"robots\" content=\"index, follow, max-snippet:-1, max-image-preview:large, max-video-preview:-1\" \/>\n<link rel=\"canonical\" href=\"https:\/\/www.amstedmaxion.com.br\/producao-da-industria-mineira-de-fundicao-registra-crescimento\/\" \/>\n<meta property=\"og:locale\" content=\"en_US\" \/>\n<meta property=\"og:type\" content=\"article\" \/>\n<meta property=\"og:title\" content=\"Produ\u00e7\u00e3o da ind\u00fastria mineira de fundi\u00e7\u00e3o registra crescimento - AmstedMaxion\" \/>\n<meta property=\"og:description\" content=\"Di\u00e1rio do Com\u00e9rcio &#8211; Mesmo com a alta nos pre\u00e7os do ferro-gusa e da energia, o setor prev\u00ea fechar 2022 com avan\u00e7o de 24% A ind\u00fastria de fundi\u00e7\u00e3o em Minas Gerais vem registrando recordes de produ\u00e7\u00e3o. Depois de encerrar 2021 com crescimento de 28% em rela\u00e7\u00e3o ao ano anterior, j\u00e1 ampliou a produ\u00e7\u00e3o em 12,4% [&hellip;]\" \/>\n<meta property=\"og:url\" content=\"https:\/\/www.amstedmaxion.com.br\/producao-da-industria-mineira-de-fundicao-registra-crescimento\/\" \/>\n<meta property=\"og:site_name\" content=\"AmstedMaxion\" \/>\n<meta property=\"article:publisher\" content=\"https:\/\/www.facebook.com\/AmstedMaxion.Oficial\" \/>\n<meta property=\"article:published_time\" content=\"2022-07-13T18:12:15+00:00\" \/>\n<meta property=\"article:modified_time\" content=\"2022-07-13T18:12:17+00:00\" \/>\n<meta property=\"og:image\" content=\"https:\/\/www.amstedmaxion.com.br\/wp-content\/uploads\/2022\/07\/Fundicao-Diario-do-Comercio-1.jpg\" \/>\n\t<meta property=\"og:image:width\" content=\"1034\" \/>\n\t<meta property=\"og:image:height\" content=\"716\" \/>\n\t<meta property=\"og:image:type\" content=\"image\/jpeg\" \/>\n<meta name=\"author\" content=\"Rosane Storto\" \/>\n<meta name=\"twitter:card\" content=\"summary_large_image\" \/>\n<meta name=\"twitter:label1\" content=\"Written by\" \/>\n\t<meta name=\"twitter:data1\" content=\"Rosane Storto\" \/>\n\t<meta name=\"twitter:label2\" content=\"Est. reading time\" \/>\n\t<meta name=\"twitter:data2\" content=\"4 minutes\" \/>\n<script type=\"application\/ld+json\" class=\"yoast-schema-graph\">{\"@context\":\"https:\/\/schema.org\",\"@graph\":[{\"@type\":\"Article\",\"@id\":\"https:\/\/www.amstedmaxion.com.br\/producao-da-industria-mineira-de-fundicao-registra-crescimento\/#article\",\"isPartOf\":{\"@id\":\"https:\/\/www.amstedmaxion.com.br\/producao-da-industria-mineira-de-fundicao-registra-crescimento\/\"},\"author\":{\"name\":\"Rosane Storto\",\"@id\":\"https:\/\/www.amstedmaxion.com.br\/#\/schema\/person\/140cb65f07d4e66dd5543c8a187bf436\"},\"headline\":\"Produ\u00e7\u00e3o da ind\u00fastria mineira de fundi\u00e7\u00e3o registra crescimento\",\"datePublished\":\"2022-07-13T18:12:15+00:00\",\"dateModified\":\"2022-07-13T18:12:17+00:00\",\"mainEntityOfPage\":{\"@id\":\"https:\/\/www.amstedmaxion.com.br\/producao-da-industria-mineira-de-fundicao-registra-crescimento\/\"},\"wordCount\":941,\"commentCount\":0,\"publisher\":{\"@id\":\"https:\/\/www.amstedmaxion.com.br\/#organization\"},\"image\":{\"@id\":\"https:\/\/www.amstedmaxion.com.br\/producao-da-industria-mineira-de-fundicao-registra-crescimento\/#primaryimage\"},\"thumbnailUrl\":\"https:\/\/www.amstedmaxion.com.br\/wp-content\/uploads\/2022\/07\/Fundicao-Diario-do-Comercio-1.jpg\",\"articleSection\":[\"Newsletter\"],\"inLanguage\":\"en-US\",\"potentialAction\":[{\"@type\":\"CommentAction\",\"name\":\"Comment\",\"target\":[\"https:\/\/www.amstedmaxion.com.br\/producao-da-industria-mineira-de-fundicao-registra-crescimento\/#respond\"]}]},{\"@type\":\"WebPage\",\"@id\":\"https:\/\/www.amstedmaxion.com.br\/producao-da-industria-mineira-de-fundicao-registra-crescimento\/\",\"url\":\"https:\/\/www.amstedmaxion.com.br\/producao-da-industria-mineira-de-fundicao-registra-crescimento\/\",\"name\":\"Produ\u00e7\u00e3o da ind\u00fastria mineira de fundi\u00e7\u00e3o registra crescimento - AmstedMaxion\",\"isPartOf\":{\"@id\":\"https:\/\/www.amstedmaxion.com.br\/#website\"},\"primaryImageOfPage\":{\"@id\":\"https:\/\/www.amstedmaxion.com.br\/producao-da-industria-mineira-de-fundicao-registra-crescimento\/#primaryimage\"},\"image\":{\"@id\":\"https:\/\/www.amstedmaxion.com.br\/producao-da-industria-mineira-de-fundicao-registra-crescimento\/#primaryimage\"},\"thumbnailUrl\":\"https:\/\/www.amstedmaxion.com.br\/wp-content\/uploads\/2022\/07\/Fundicao-Diario-do-Comercio-1.jpg\",\"datePublished\":\"2022-07-13T18:12:15+00:00\",\"dateModified\":\"2022-07-13T18:12:17+00:00\",\"breadcrumb\":{\"@id\":\"https:\/\/www.amstedmaxion.com.br\/producao-da-industria-mineira-de-fundicao-registra-crescimento\/#breadcrumb\"},\"inLanguage\":\"en-US\",\"potentialAction\":[{\"@type\":\"ReadAction\",\"target\":[\"https:\/\/www.amstedmaxion.com.br\/producao-da-industria-mineira-de-fundicao-registra-crescimento\/\"]}]},{\"@type\":\"ImageObject\",\"inLanguage\":\"en-US\",\"@id\":\"https:\/\/www.amstedmaxion.com.br\/producao-da-industria-mineira-de-fundicao-registra-crescimento\/#primaryimage\",\"url\":\"https:\/\/www.amstedmaxion.com.br\/wp-content\/uploads\/2022\/07\/Fundicao-Diario-do-Comercio-1.jpg\",\"contentUrl\":\"https:\/\/www.amstedmaxion.com.br\/wp-content\/uploads\/2022\/07\/Fundicao-Diario-do-Comercio-1.jpg\",\"width\":1034,\"height\":716,\"caption\":\"Foto: captura de tela Di\u00e1rio do Com\u00e9rcio\"},{\"@type\":\"BreadcrumbList\",\"@id\":\"https:\/\/www.amstedmaxion.com.br\/producao-da-industria-mineira-de-fundicao-registra-crescimento\/#breadcrumb\",\"itemListElement\":[{\"@type\":\"ListItem\",\"position\":1,\"name\":\"In\u00edcio\",\"item\":\"https:\/\/www.amstedmaxion.com.br\/\"},{\"@type\":\"ListItem\",\"position\":2,\"name\":\"Produ\u00e7\u00e3o da ind\u00fastria mineira de fundi\u00e7\u00e3o registra crescimento\"}]},{\"@type\":\"WebSite\",\"@id\":\"https:\/\/www.amstedmaxion.com.br\/#website\",\"url\":\"https:\/\/www.amstedmaxion.com.br\/\",\"name\":\"AmstedMaxion\",\"description\":\"AmstedMaxion - Fundi\u00e7\u00e3o e Equipamentos Ferrovi\u00e1rios\",\"publisher\":{\"@id\":\"https:\/\/www.amstedmaxion.com.br\/#organization\"},\"alternateName\":\"AmstedMaxion\",\"potentialAction\":[{\"@type\":\"SearchAction\",\"target\":{\"@type\":\"EntryPoint\",\"urlTemplate\":\"https:\/\/www.amstedmaxion.com.br\/?s={search_term_string}\"},\"query-input\":{\"@type\":\"PropertyValueSpecification\",\"valueRequired\":true,\"valueName\":\"search_term_string\"}}],\"inLanguage\":\"en-US\"},{\"@type\":\"Organization\",\"@id\":\"https:\/\/www.amstedmaxion.com.br\/#organization\",\"name\":\"AMSTEDMAXION\",\"url\":\"https:\/\/www.amstedmaxion.com.br\/\",\"logo\":{\"@type\":\"ImageObject\",\"inLanguage\":\"en-US\",\"@id\":\"https:\/\/www.amstedmaxion.com.br\/#\/schema\/logo\/image\/\",\"url\":\"https:\/\/www.amstedmaxion.com.br\/wp-content\/uploads\/2023\/11\/amsted.png\",\"contentUrl\":\"https:\/\/www.amstedmaxion.com.br\/wp-content\/uploads\/2023\/11\/amsted.png\",\"width\":500,\"height\":500,\"caption\":\"AMSTEDMAXION\"},\"image\":{\"@id\":\"https:\/\/www.amstedmaxion.com.br\/#\/schema\/logo\/image\/\"},\"sameAs\":[\"https:\/\/www.facebook.com\/AmstedMaxion.Oficial\",\"https:\/\/br.linkedin.com\/company\/amstedmaxion\"]},{\"@type\":\"Person\",\"@id\":\"https:\/\/www.amstedmaxion.com.br\/#\/schema\/person\/140cb65f07d4e66dd5543c8a187bf436\",\"name\":\"Rosane Storto\",\"image\":{\"@type\":\"ImageObject\",\"inLanguage\":\"en-US\",\"@id\":\"https:\/\/www.amstedmaxion.com.br\/#\/schema\/person\/image\/\",\"url\":\"https:\/\/secure.gravatar.com\/avatar\/0e3d021545bbe593cb0eb3ee740544fefa86d59762e63dec1dbe9480a34c98cd?s=96&d=mm&r=g\",\"contentUrl\":\"https:\/\/secure.gravatar.com\/avatar\/0e3d021545bbe593cb0eb3ee740544fefa86d59762e63dec1dbe9480a34c98cd?s=96&d=mm&r=g\",\"caption\":\"Rosane Storto\"}}]}<\/script>\n<!-- \/ Yoast SEO plugin. -->","yoast_head_json":{"title":"Produ\u00e7\u00e3o da ind\u00fastria mineira de fundi\u00e7\u00e3o registra crescimento - AmstedMaxion","robots":{"index":"index","follow":"follow","max-snippet":"max-snippet:-1","max-image-preview":"max-image-preview:large","max-video-preview":"max-video-preview:-1"},"canonical":"https:\/\/www.amstedmaxion.com.br\/producao-da-industria-mineira-de-fundicao-registra-crescimento\/","og_locale":"en_US","og_type":"article","og_title":"Produ\u00e7\u00e3o da ind\u00fastria mineira de fundi\u00e7\u00e3o registra crescimento - AmstedMaxion","og_description":"Di\u00e1rio do Com\u00e9rcio &#8211; Mesmo com a alta nos pre\u00e7os do ferro-gusa e da energia, o setor prev\u00ea fechar 2022 com avan\u00e7o de 24% A ind\u00fastria de fundi\u00e7\u00e3o em Minas Gerais vem registrando recordes de produ\u00e7\u00e3o. Depois de encerrar 2021 com crescimento de 28% em rela\u00e7\u00e3o ao ano anterior, j\u00e1 ampliou a produ\u00e7\u00e3o em 12,4% [&hellip;]","og_url":"https:\/\/www.amstedmaxion.com.br\/producao-da-industria-mineira-de-fundicao-registra-crescimento\/","og_site_name":"AmstedMaxion","article_publisher":"https:\/\/www.facebook.com\/AmstedMaxion.Oficial","article_published_time":"2022-07-13T18:12:15+00:00","article_modified_time":"2022-07-13T18:12:17+00:00","og_image":[{"width":1034,"height":716,"url":"https:\/\/www.amstedmaxion.com.br\/wp-content\/uploads\/2022\/07\/Fundicao-Diario-do-Comercio-1.jpg","type":"image\/jpeg"}],"author":"Rosane Storto","twitter_card":"summary_large_image","twitter_misc":{"Written by":"Rosane Storto","Est. reading time":"4 minutes"},"schema":{"@context":"https:\/\/schema.org","@graph":[{"@type":"Article","@id":"https:\/\/www.amstedmaxion.com.br\/producao-da-industria-mineira-de-fundicao-registra-crescimento\/#article","isPartOf":{"@id":"https:\/\/www.amstedmaxion.com.br\/producao-da-industria-mineira-de-fundicao-registra-crescimento\/"},"author":{"name":"Rosane Storto","@id":"https:\/\/www.amstedmaxion.com.br\/#\/schema\/person\/140cb65f07d4e66dd5543c8a187bf436"},"headline":"Produ\u00e7\u00e3o da ind\u00fastria mineira de fundi\u00e7\u00e3o registra crescimento","datePublished":"2022-07-13T18:12:15+00:00","dateModified":"2022-07-13T18:12:17+00:00","mainEntityOfPage":{"@id":"https:\/\/www.amstedmaxion.com.br\/producao-da-industria-mineira-de-fundicao-registra-crescimento\/"},"wordCount":941,"commentCount":0,"publisher":{"@id":"https:\/\/www.amstedmaxion.com.br\/#organization"},"image":{"@id":"https:\/\/www.amstedmaxion.com.br\/producao-da-industria-mineira-de-fundicao-registra-crescimento\/#primaryimage"},"thumbnailUrl":"https:\/\/www.amstedmaxion.com.br\/wp-content\/uploads\/2022\/07\/Fundicao-Diario-do-Comercio-1.jpg","articleSection":["Newsletter"],"inLanguage":"en-US","potentialAction":[{"@type":"CommentAction","name":"Comment","target":["https:\/\/www.amstedmaxion.com.br\/producao-da-industria-mineira-de-fundicao-registra-crescimento\/#respond"]}]},{"@type":"WebPage","@id":"https:\/\/www.amstedmaxion.com.br\/producao-da-industria-mineira-de-fundicao-registra-crescimento\/","url":"https:\/\/www.amstedmaxion.com.br\/producao-da-industria-mineira-de-fundicao-registra-crescimento\/","name":"Produ\u00e7\u00e3o da ind\u00fastria mineira de fundi\u00e7\u00e3o registra crescimento - AmstedMaxion","isPartOf":{"@id":"https:\/\/www.amstedmaxion.com.br\/#website"},"primaryImageOfPage":{"@id":"https:\/\/www.amstedmaxion.com.br\/producao-da-industria-mineira-de-fundicao-registra-crescimento\/#primaryimage"},"image":{"@id":"https:\/\/www.amstedmaxion.com.br\/producao-da-industria-mineira-de-fundicao-registra-crescimento\/#primaryimage"},"thumbnailUrl":"https:\/\/www.amstedmaxion.com.br\/wp-content\/uploads\/2022\/07\/Fundicao-Diario-do-Comercio-1.jpg","datePublished":"2022-07-13T18:12:15+00:00","dateModified":"2022-07-13T18:12:17+00:00","breadcrumb":{"@id":"https:\/\/www.amstedmaxion.com.br\/producao-da-industria-mineira-de-fundicao-registra-crescimento\/#breadcrumb"},"inLanguage":"en-US","potentialAction":[{"@type":"ReadAction","target":["https:\/\/www.amstedmaxion.com.br\/producao-da-industria-mineira-de-fundicao-registra-crescimento\/"]}]},{"@type":"ImageObject","inLanguage":"en-US","@id":"https:\/\/www.amstedmaxion.com.br\/producao-da-industria-mineira-de-fundicao-registra-crescimento\/#primaryimage","url":"https:\/\/www.amstedmaxion.com.br\/wp-content\/uploads\/2022\/07\/Fundicao-Diario-do-Comercio-1.jpg","contentUrl":"https:\/\/www.amstedmaxion.com.br\/wp-content\/uploads\/2022\/07\/Fundicao-Diario-do-Comercio-1.jpg","width":1034,"height":716,"caption":"Foto: captura de tela Di\u00e1rio do Com\u00e9rcio"},{"@type":"BreadcrumbList","@id":"https:\/\/www.amstedmaxion.com.br\/producao-da-industria-mineira-de-fundicao-registra-crescimento\/#breadcrumb","itemListElement":[{"@type":"ListItem","position":1,"name":"In\u00edcio","item":"https:\/\/www.amstedmaxion.com.br\/"},{"@type":"ListItem","position":2,"name":"Produ\u00e7\u00e3o da ind\u00fastria mineira de fundi\u00e7\u00e3o registra crescimento"}]},{"@type":"WebSite","@id":"https:\/\/www.amstedmaxion.com.br\/#website","url":"https:\/\/www.amstedmaxion.com.br\/","name":"AmstedMaxion","description":"AmstedMaxion - Fundi\u00e7\u00e3o e Equipamentos Ferrovi\u00e1rios","publisher":{"@id":"https:\/\/www.amstedmaxion.com.br\/#organization"},"alternateName":"AmstedMaxion","potentialAction":[{"@type":"SearchAction","target":{"@type":"EntryPoint","urlTemplate":"https:\/\/www.amstedmaxion.com.br\/?s={search_term_string}"},"query-input":{"@type":"PropertyValueSpecification","valueRequired":true,"valueName":"search_term_string"}}],"inLanguage":"en-US"},{"@type":"Organization","@id":"https:\/\/www.amstedmaxion.com.br\/#organization","name":"AMSTEDMAXION","url":"https:\/\/www.amstedmaxion.com.br\/","logo":{"@type":"ImageObject","inLanguage":"en-US","@id":"https:\/\/www.amstedmaxion.com.br\/#\/schema\/logo\/image\/","url":"https:\/\/www.amstedmaxion.com.br\/wp-content\/uploads\/2023\/11\/amsted.png","contentUrl":"https:\/\/www.amstedmaxion.com.br\/wp-content\/uploads\/2023\/11\/amsted.png","width":500,"height":500,"caption":"AMSTEDMAXION"},"image":{"@id":"https:\/\/www.amstedmaxion.com.br\/#\/schema\/logo\/image\/"},"sameAs":["https:\/\/www.facebook.com\/AmstedMaxion.Oficial","https:\/\/br.linkedin.com\/company\/amstedmaxion"]},{"@type":"Person","@id":"https:\/\/www.amstedmaxion.com.br\/#\/schema\/person\/140cb65f07d4e66dd5543c8a187bf436","name":"Rosane Storto","image":{"@type":"ImageObject","inLanguage":"en-US","@id":"https:\/\/www.amstedmaxion.com.br\/#\/schema\/person\/image\/","url":"https:\/\/secure.gravatar.com\/avatar\/0e3d021545bbe593cb0eb3ee740544fefa86d59762e63dec1dbe9480a34c98cd?s=96&d=mm&r=g","contentUrl":"https:\/\/secure.gravatar.com\/avatar\/0e3d021545bbe593cb0eb3ee740544fefa86d59762e63dec1dbe9480a34c98cd?s=96&d=mm&r=g","caption":"Rosane Storto"}}]}},"_links":{"self":[{"href":"https:\/\/www.amstedmaxion.com.br\/en\/wp-json\/wp\/v2\/posts\/38131","targetHints":{"allow":["GET"]}}],"collection":[{"href":"https:\/\/www.amstedmaxion.com.br\/en\/wp-json\/wp\/v2\/posts"}],"about":[{"href":"https:\/\/www.amstedmaxion.com.br\/en\/wp-json\/wp\/v2\/types\/post"}],"author":[{"embeddable":true,"href":"https:\/\/www.amstedmaxion.com.br\/en\/wp-json\/wp\/v2\/users\/5"}],"replies":[{"embeddable":true,"href":"https:\/\/www.amstedmaxion.com.br\/en\/wp-json\/wp\/v2\/comments?post=38131"}],"version-history":[{"count":1,"href":"https:\/\/www.amstedmaxion.com.br\/en\/wp-json\/wp\/v2\/posts\/38131\/revisions"}],"predecessor-version":[{"id":38134,"href":"https:\/\/www.amstedmaxion.com.br\/en\/wp-json\/wp\/v2\/posts\/38131\/revisions\/38134"}],"wp:featuredmedia":[{"embeddable":true,"href":"https:\/\/www.amstedmaxion.com.br\/en\/wp-json\/wp\/v2\/media\/38133"}],"wp:attachment":[{"href":"https:\/\/www.amstedmaxion.com.br\/en\/wp-json\/wp\/v2\/media?parent=38131"}],"wp:term":[{"taxonomy":"category","embeddable":true,"href":"https:\/\/www.amstedmaxion.com.br\/en\/wp-json\/wp\/v2\/categories?post=38131"},{"taxonomy":"post_tag","embeddable":true,"href":"https:\/\/www.amstedmaxion.com.br\/en\/wp-json\/wp\/v2\/tags?post=38131"}],"curies":[{"name":"wp","href":"https:\/\/api.w.org\/{rel}","templated":true}]}}