{"id":38218,"date":"2022-07-20T15:50:06","date_gmt":"2022-07-20T18:50:06","guid":{"rendered":"https:\/\/www.amstedmaxion.com.br\/?p=38218"},"modified":"2022-07-20T15:51:29","modified_gmt":"2022-07-20T18:51:29","slug":"plano-safra-aquece-mercado-de-tratores-no-pais","status":"publish","type":"post","link":"https:\/\/www.amstedmaxion.com.br\/en\/plano-safra-aquece-mercado-de-tratores-no-pais\/","title":{"rendered":"Plano safra aquece mercado de tratores no pa\u00eds"},"content":{"rendered":"\n<p>Compre Rural &#8211; Mercado deve ficar movimentado at\u00e9 fevereiro do pr\u00f3ximo ano. Expectativa da Agritech \u00e9 a venda dos tratores cabinados que atendem \u00e0s normas trabalhistas. Confira!<\/p>\n\n\n\n<p>O an\u00fancio do Plano Safra 2022\/2023 pelo Governo Federal mostra que os recursos para os pequenos produtores rurais tiveram um acr\u00e9scimo de 36% em rela\u00e7\u00e3o ao plano anterior. Ser\u00e3o destinados R$ 53,61 bilh\u00f5es para financiamento pelo Programa Nacional de Fortalecimento da Agricultura Familiar (Pronaf) com juros de 6% para investimentos, como compra de maquin\u00e1rio agr\u00edcola, por exemplo.<\/p>\n\n\n\n<p>Como pioneira na ind\u00fastria brasileira ao fabricar linhas de tratores, microtratores e implementos agr\u00edcolas voltadas para a agricultura familiar, a Agritech est\u00e1 otimista com o cen\u00e1rio por se tratar de uma das principais fontes de incentivo ao produtor rural brasileiro, que alavanca o crescimento agr\u00edcola no pa\u00eds.<\/p>\n\n\n\n<p>\u201cCom o aumento da disponibilidade de recursos de custeio e taxas de juros favor\u00e1veis, os produtores pequenos e m\u00e9dios continuam sendo prioridade no Plano Safra. Esse an\u00fancio do governo era esperado pelos fabricantes e pelas concession\u00e1rias. O mercado deve ficar aquecido at\u00e9 fevereiro do pr\u00f3ximo ano, com boas expectativas de vendas\u201d, acredita o Coordenador de Vendas\/Marketing da Agritech C\u00e9sar Roberto Guimar\u00e3es de Oliveira.<\/p>\n\n\n\n<p>Ainda de acordo com Oliveira, a procura pelos tratores cabinados da Agritech para as culturas de caf\u00e9 e frutas deve ser alta, especialmente pela Portaria n\u00ba 09, do Minist\u00e9rio do Trabalho e Previd\u00eancia, que exige que a aplica\u00e7\u00e3o de defensivo agr\u00edcola somente pode ser realizada por meio de tratores com cabine fechada.<\/p>\n\n\n\n<p>Os cabinados da Agritech, por exemplo, foram desenvolvidos especialmente para garantir maior seguran\u00e7a e conforto nas opera\u00e7\u00f5es, seguindo as exig\u00eancias das normas regulat\u00f3rias.<\/p>\n\n\n\n<p>As cabines s\u00e3o equipadas com estruturas monobloco de prote\u00e7\u00e3o contra capotamento, porta traseira ampla, controles do ar condicionado com bot\u00f5es de comandos com f\u00e1cil acesso, sistemas de ar frio e a renova\u00e7\u00e3o do ar da cabine ocorre por meio de um sistema el\u00e9trico, que funciona com um simples acionamento no bot\u00e3o.<\/p>\n\n\n\n<p>Al\u00e9m disso, o operador tem \u00e0 sua disposi\u00e7\u00e3o todo o acionamento das alavancas que oferece mais facilidade nas opera\u00e7\u00f5es.<\/p>\n\n\n\n<p>A linha de tratores cabinados de f\u00e1brica oferece seguran\u00e7a ocupacional, especialmente em aplica\u00e7\u00f5es como pulveriza\u00e7\u00e3o. A Agritech possui a mais ampla linha de modelos: 1155-4, 1155-4 Super Estreito, 1160, 1175-4 e o modelo 1185.<\/p>\n\n\n\n<p>Plano Safra 2022\/2023<\/p>\n\n\n\n<p>Para o m\u00e9dio produtor, no \u00e2mbito do Programa Nacional de Apoio ao M\u00e9dio Produtor Rural (Pronamp) foram disponibilizados R$ 43,75 bilh\u00f5es, um aumento de 28% em rela\u00e7\u00e3o \u00e0 safra passada, com juros de 8% ao ano.<\/p>\n\n\n\n<p>No total, o Plano Safra 2022\/2023 disponibiliza R$ 340,88 bilh\u00f5es para apoiar a produ\u00e7\u00e3o agropecu\u00e1ria nacional at\u00e9 junho do pr\u00f3ximo ano. O valor reflete um aumento de 36% em rela\u00e7\u00e3o ao Plano Safra anterior.<\/p>\n\n\n\n<p>Em rela\u00e7\u00e3o aos juros, de acordo com o governo, com a taxa b\u00e1sica da economia (Selic) em 13,25% atualmente, buscou-se preservar, prioritariamente, eleva\u00e7\u00f5es menores para os benefici\u00e1rios do Pronaf e do Pronamp, garantindo financiamento mais adequado para esses p\u00fablicos.<\/p>\n\n\n\n<p>Sobre a Agritech<\/p>\n\n\n\n<p>A www.agritech.ind.br \u2013 Divis\u00e3o Agritech \u00e9 pioneira na ind\u00fastria brasileira ao fabricar linhas de tratores, microtratores e implementos agr\u00edcolas voltadas para a agricultura familiar. No final de 2014 a empresa atingiu a marca de 100 mil tratores produzidos pela sua f\u00e1brica, em Indaiatuba (SP).<\/p>\n\n\n\n<p>A Agritech faz parte do Grupo St\u00e9dile e surgiu com a cis\u00e3o da Yanmar do Brasil. O Grupo St\u00e9dile, de Caxias do Sul (RS), \u00e9 um dos mais respeitados conglomerados industriais do Brasil e engloba a empresa Agrale S.A.<\/p>\n\n\n\n<figure class=\"wp-block-image size-large is-resized\"><img loading=\"lazy\" decoding=\"async\" src=\"https:\/\/www.amstedmaxion.com.br\/wp-content\/uploads\/2022\/07\/Plano-Safra-CompreRural.jpg\" alt=\"\" class=\"wp-image-38219\" width=\"386\" height=\"260\"\/><figcaption>Foto: captura de tela Compre Rural<\/figcaption><\/figure>\n\n\n\n<p>Fonte: Compre Rural (https:\/\/www.comprerural.com\/plano-safra-aquece-mercado-de-tratores-no-pais\/)<\/p>\n","protected":false},"excerpt":{"rendered":"<p>Compre Rural &#8211; Mercado deve ficar movimentado at\u00e9 fevereiro do pr\u00f3ximo ano. Expectativa da Agritech \u00e9 a venda dos tratores cabinados que atendem \u00e0s normas trabalhistas. Confira! O an\u00fancio do Plano Safra 2022\/2023 pelo Governo Federal mostra que os recursos para os pequenos produtores rurais tiveram um acr\u00e9scimo de 36% em rela\u00e7\u00e3o ao plano anterior. [&hellip;]<\/p>\n","protected":false},"author":5,"featured_media":38219,"comment_status":"open","ping_status":"open","sticky":false,"template":"","format":"standard","meta":{"_acf_changed":false,"footnotes":""},"categories":[148],"tags":[],"class_list":["post-38218","post","type-post","status-publish","format-standard","has-post-thumbnail","hentry","category-newsletter"],"acf":[],"yoast_head":"<!-- This site is optimized with the Yoast SEO plugin v23.9 - https:\/\/yoast.com\/wordpress\/plugins\/seo\/ -->\n<title>Plano safra aquece mercado de tratores no pa\u00eds - AmstedMaxion<\/title>\n<meta name=\"robots\" content=\"index, follow, max-snippet:-1, max-image-preview:large, max-video-preview:-1\" \/>\n<link rel=\"canonical\" href=\"https:\/\/www.amstedmaxion.com.br\/plano-safra-aquece-mercado-de-tratores-no-pais\/\" \/>\n<meta property=\"og:locale\" content=\"en_US\" \/>\n<meta property=\"og:type\" content=\"article\" \/>\n<meta property=\"og:title\" content=\"Plano safra aquece mercado de tratores no pa\u00eds - AmstedMaxion\" \/>\n<meta property=\"og:description\" content=\"Compre Rural &#8211; Mercado deve ficar movimentado at\u00e9 fevereiro do pr\u00f3ximo ano. Expectativa da Agritech \u00e9 a venda dos tratores cabinados que atendem \u00e0s normas trabalhistas. Confira! O an\u00fancio do Plano Safra 2022\/2023 pelo Governo Federal mostra que os recursos para os pequenos produtores rurais tiveram um acr\u00e9scimo de 36% em rela\u00e7\u00e3o ao plano anterior. [&hellip;]\" \/>\n<meta property=\"og:url\" content=\"https:\/\/www.amstedmaxion.com.br\/plano-safra-aquece-mercado-de-tratores-no-pais\/\" \/>\n<meta property=\"og:site_name\" content=\"AmstedMaxion\" \/>\n<meta property=\"article:publisher\" content=\"https:\/\/www.facebook.com\/AmstedMaxion.Oficial\" \/>\n<meta property=\"article:published_time\" content=\"2022-07-20T18:50:06+00:00\" \/>\n<meta property=\"article:modified_time\" content=\"2022-07-20T18:51:29+00:00\" \/>\n<meta property=\"og:image\" content=\"https:\/\/www.amstedmaxion.com.br\/wp-content\/uploads\/2022\/07\/Plano-Safra-CompreRural.jpg\" \/>\n\t<meta property=\"og:image:width\" content=\"814\" \/>\n\t<meta property=\"og:image:height\" content=\"550\" \/>\n\t<meta property=\"og:image:type\" content=\"image\/jpeg\" \/>\n<meta name=\"author\" content=\"Rosane Storto\" \/>\n<meta name=\"twitter:card\" content=\"summary_large_image\" \/>\n<meta name=\"twitter:label1\" content=\"Written by\" \/>\n\t<meta name=\"twitter:data1\" content=\"Rosane Storto\" \/>\n\t<meta name=\"twitter:label2\" content=\"Est. reading time\" \/>\n\t<meta name=\"twitter:data2\" content=\"3 minutes\" \/>\n<script type=\"application\/ld+json\" class=\"yoast-schema-graph\">{\"@context\":\"https:\/\/schema.org\",\"@graph\":[{\"@type\":\"Article\",\"@id\":\"https:\/\/www.amstedmaxion.com.br\/plano-safra-aquece-mercado-de-tratores-no-pais\/#article\",\"isPartOf\":{\"@id\":\"https:\/\/www.amstedmaxion.com.br\/plano-safra-aquece-mercado-de-tratores-no-pais\/\"},\"author\":{\"name\":\"Rosane Storto\",\"@id\":\"https:\/\/www.amstedmaxion.com.br\/#\/schema\/person\/140cb65f07d4e66dd5543c8a187bf436\"},\"headline\":\"Plano safra aquece mercado de tratores no pa\u00eds\",\"datePublished\":\"2022-07-20T18:50:06+00:00\",\"dateModified\":\"2022-07-20T18:51:29+00:00\",\"mainEntityOfPage\":{\"@id\":\"https:\/\/www.amstedmaxion.com.br\/plano-safra-aquece-mercado-de-tratores-no-pais\/\"},\"wordCount\":639,\"commentCount\":0,\"publisher\":{\"@id\":\"https:\/\/www.amstedmaxion.com.br\/#organization\"},\"image\":{\"@id\":\"https:\/\/www.amstedmaxion.com.br\/plano-safra-aquece-mercado-de-tratores-no-pais\/#primaryimage\"},\"thumbnailUrl\":\"https:\/\/www.amstedmaxion.com.br\/wp-content\/uploads\/2022\/07\/Plano-Safra-CompreRural.jpg\",\"articleSection\":[\"Newsletter\"],\"inLanguage\":\"en-US\",\"potentialAction\":[{\"@type\":\"CommentAction\",\"name\":\"Comment\",\"target\":[\"https:\/\/www.amstedmaxion.com.br\/plano-safra-aquece-mercado-de-tratores-no-pais\/#respond\"]}]},{\"@type\":\"WebPage\",\"@id\":\"https:\/\/www.amstedmaxion.com.br\/plano-safra-aquece-mercado-de-tratores-no-pais\/\",\"url\":\"https:\/\/www.amstedmaxion.com.br\/plano-safra-aquece-mercado-de-tratores-no-pais\/\",\"name\":\"Plano safra aquece mercado de tratores no pa\u00eds - AmstedMaxion\",\"isPartOf\":{\"@id\":\"https:\/\/www.amstedmaxion.com.br\/#website\"},\"primaryImageOfPage\":{\"@id\":\"https:\/\/www.amstedmaxion.com.br\/plano-safra-aquece-mercado-de-tratores-no-pais\/#primaryimage\"},\"image\":{\"@id\":\"https:\/\/www.amstedmaxion.com.br\/plano-safra-aquece-mercado-de-tratores-no-pais\/#primaryimage\"},\"thumbnailUrl\":\"https:\/\/www.amstedmaxion.com.br\/wp-content\/uploads\/2022\/07\/Plano-Safra-CompreRural.jpg\",\"datePublished\":\"2022-07-20T18:50:06+00:00\",\"dateModified\":\"2022-07-20T18:51:29+00:00\",\"breadcrumb\":{\"@id\":\"https:\/\/www.amstedmaxion.com.br\/plano-safra-aquece-mercado-de-tratores-no-pais\/#breadcrumb\"},\"inLanguage\":\"en-US\",\"potentialAction\":[{\"@type\":\"ReadAction\",\"target\":[\"https:\/\/www.amstedmaxion.com.br\/plano-safra-aquece-mercado-de-tratores-no-pais\/\"]}]},{\"@type\":\"ImageObject\",\"inLanguage\":\"en-US\",\"@id\":\"https:\/\/www.amstedmaxion.com.br\/plano-safra-aquece-mercado-de-tratores-no-pais\/#primaryimage\",\"url\":\"https:\/\/www.amstedmaxion.com.br\/wp-content\/uploads\/2022\/07\/Plano-Safra-CompreRural.jpg\",\"contentUrl\":\"https:\/\/www.amstedmaxion.com.br\/wp-content\/uploads\/2022\/07\/Plano-Safra-CompreRural.jpg\",\"width\":814,\"height\":550,\"caption\":\"Foto: captura de tela Compre Rural\"},{\"@type\":\"BreadcrumbList\",\"@id\":\"https:\/\/www.amstedmaxion.com.br\/plano-safra-aquece-mercado-de-tratores-no-pais\/#breadcrumb\",\"itemListElement\":[{\"@type\":\"ListItem\",\"position\":1,\"name\":\"In\u00edcio\",\"item\":\"https:\/\/www.amstedmaxion.com.br\/\"},{\"@type\":\"ListItem\",\"position\":2,\"name\":\"Plano safra aquece mercado de tratores no pa\u00eds\"}]},{\"@type\":\"WebSite\",\"@id\":\"https:\/\/www.amstedmaxion.com.br\/#website\",\"url\":\"https:\/\/www.amstedmaxion.com.br\/\",\"name\":\"AmstedMaxion\",\"description\":\"AmstedMaxion - Fundi\u00e7\u00e3o e Equipamentos Ferrovi\u00e1rios\",\"publisher\":{\"@id\":\"https:\/\/www.amstedmaxion.com.br\/#organization\"},\"alternateName\":\"AmstedMaxion\",\"potentialAction\":[{\"@type\":\"SearchAction\",\"target\":{\"@type\":\"EntryPoint\",\"urlTemplate\":\"https:\/\/www.amstedmaxion.com.br\/?s={search_term_string}\"},\"query-input\":{\"@type\":\"PropertyValueSpecification\",\"valueRequired\":true,\"valueName\":\"search_term_string\"}}],\"inLanguage\":\"en-US\"},{\"@type\":\"Organization\",\"@id\":\"https:\/\/www.amstedmaxion.com.br\/#organization\",\"name\":\"AMSTEDMAXION\",\"url\":\"https:\/\/www.amstedmaxion.com.br\/\",\"logo\":{\"@type\":\"ImageObject\",\"inLanguage\":\"en-US\",\"@id\":\"https:\/\/www.amstedmaxion.com.br\/#\/schema\/logo\/image\/\",\"url\":\"https:\/\/www.amstedmaxion.com.br\/wp-content\/uploads\/2023\/11\/amsted.png\",\"contentUrl\":\"https:\/\/www.amstedmaxion.com.br\/wp-content\/uploads\/2023\/11\/amsted.png\",\"width\":500,\"height\":500,\"caption\":\"AMSTEDMAXION\"},\"image\":{\"@id\":\"https:\/\/www.amstedmaxion.com.br\/#\/schema\/logo\/image\/\"},\"sameAs\":[\"https:\/\/www.facebook.com\/AmstedMaxion.Oficial\",\"https:\/\/br.linkedin.com\/company\/amstedmaxion\"]},{\"@type\":\"Person\",\"@id\":\"https:\/\/www.amstedmaxion.com.br\/#\/schema\/person\/140cb65f07d4e66dd5543c8a187bf436\",\"name\":\"Rosane Storto\",\"image\":{\"@type\":\"ImageObject\",\"inLanguage\":\"en-US\",\"@id\":\"https:\/\/www.amstedmaxion.com.br\/#\/schema\/person\/image\/\",\"url\":\"https:\/\/secure.gravatar.com\/avatar\/0e3d021545bbe593cb0eb3ee740544fefa86d59762e63dec1dbe9480a34c98cd?s=96&d=mm&r=g\",\"contentUrl\":\"https:\/\/secure.gravatar.com\/avatar\/0e3d021545bbe593cb0eb3ee740544fefa86d59762e63dec1dbe9480a34c98cd?s=96&d=mm&r=g\",\"caption\":\"Rosane Storto\"}}]}<\/script>\n<!-- \/ Yoast SEO plugin. -->","yoast_head_json":{"title":"Plano safra aquece mercado de tratores no pa\u00eds - AmstedMaxion","robots":{"index":"index","follow":"follow","max-snippet":"max-snippet:-1","max-image-preview":"max-image-preview:large","max-video-preview":"max-video-preview:-1"},"canonical":"https:\/\/www.amstedmaxion.com.br\/plano-safra-aquece-mercado-de-tratores-no-pais\/","og_locale":"en_US","og_type":"article","og_title":"Plano safra aquece mercado de tratores no pa\u00eds - AmstedMaxion","og_description":"Compre Rural &#8211; Mercado deve ficar movimentado at\u00e9 fevereiro do pr\u00f3ximo ano. Expectativa da Agritech \u00e9 a venda dos tratores cabinados que atendem \u00e0s normas trabalhistas. Confira! O an\u00fancio do Plano Safra 2022\/2023 pelo Governo Federal mostra que os recursos para os pequenos produtores rurais tiveram um acr\u00e9scimo de 36% em rela\u00e7\u00e3o ao plano anterior. [&hellip;]","og_url":"https:\/\/www.amstedmaxion.com.br\/plano-safra-aquece-mercado-de-tratores-no-pais\/","og_site_name":"AmstedMaxion","article_publisher":"https:\/\/www.facebook.com\/AmstedMaxion.Oficial","article_published_time":"2022-07-20T18:50:06+00:00","article_modified_time":"2022-07-20T18:51:29+00:00","og_image":[{"width":814,"height":550,"url":"https:\/\/www.amstedmaxion.com.br\/wp-content\/uploads\/2022\/07\/Plano-Safra-CompreRural.jpg","type":"image\/jpeg"}],"author":"Rosane Storto","twitter_card":"summary_large_image","twitter_misc":{"Written by":"Rosane Storto","Est. reading time":"3 minutes"},"schema":{"@context":"https:\/\/schema.org","@graph":[{"@type":"Article","@id":"https:\/\/www.amstedmaxion.com.br\/plano-safra-aquece-mercado-de-tratores-no-pais\/#article","isPartOf":{"@id":"https:\/\/www.amstedmaxion.com.br\/plano-safra-aquece-mercado-de-tratores-no-pais\/"},"author":{"name":"Rosane Storto","@id":"https:\/\/www.amstedmaxion.com.br\/#\/schema\/person\/140cb65f07d4e66dd5543c8a187bf436"},"headline":"Plano safra aquece mercado de tratores no pa\u00eds","datePublished":"2022-07-20T18:50:06+00:00","dateModified":"2022-07-20T18:51:29+00:00","mainEntityOfPage":{"@id":"https:\/\/www.amstedmaxion.com.br\/plano-safra-aquece-mercado-de-tratores-no-pais\/"},"wordCount":639,"commentCount":0,"publisher":{"@id":"https:\/\/www.amstedmaxion.com.br\/#organization"},"image":{"@id":"https:\/\/www.amstedmaxion.com.br\/plano-safra-aquece-mercado-de-tratores-no-pais\/#primaryimage"},"thumbnailUrl":"https:\/\/www.amstedmaxion.com.br\/wp-content\/uploads\/2022\/07\/Plano-Safra-CompreRural.jpg","articleSection":["Newsletter"],"inLanguage":"en-US","potentialAction":[{"@type":"CommentAction","name":"Comment","target":["https:\/\/www.amstedmaxion.com.br\/plano-safra-aquece-mercado-de-tratores-no-pais\/#respond"]}]},{"@type":"WebPage","@id":"https:\/\/www.amstedmaxion.com.br\/plano-safra-aquece-mercado-de-tratores-no-pais\/","url":"https:\/\/www.amstedmaxion.com.br\/plano-safra-aquece-mercado-de-tratores-no-pais\/","name":"Plano safra aquece mercado de tratores no pa\u00eds - AmstedMaxion","isPartOf":{"@id":"https:\/\/www.amstedmaxion.com.br\/#website"},"primaryImageOfPage":{"@id":"https:\/\/www.amstedmaxion.com.br\/plano-safra-aquece-mercado-de-tratores-no-pais\/#primaryimage"},"image":{"@id":"https:\/\/www.amstedmaxion.com.br\/plano-safra-aquece-mercado-de-tratores-no-pais\/#primaryimage"},"thumbnailUrl":"https:\/\/www.amstedmaxion.com.br\/wp-content\/uploads\/2022\/07\/Plano-Safra-CompreRural.jpg","datePublished":"2022-07-20T18:50:06+00:00","dateModified":"2022-07-20T18:51:29+00:00","breadcrumb":{"@id":"https:\/\/www.amstedmaxion.com.br\/plano-safra-aquece-mercado-de-tratores-no-pais\/#breadcrumb"},"inLanguage":"en-US","potentialAction":[{"@type":"ReadAction","target":["https:\/\/www.amstedmaxion.com.br\/plano-safra-aquece-mercado-de-tratores-no-pais\/"]}]},{"@type":"ImageObject","inLanguage":"en-US","@id":"https:\/\/www.amstedmaxion.com.br\/plano-safra-aquece-mercado-de-tratores-no-pais\/#primaryimage","url":"https:\/\/www.amstedmaxion.com.br\/wp-content\/uploads\/2022\/07\/Plano-Safra-CompreRural.jpg","contentUrl":"https:\/\/www.amstedmaxion.com.br\/wp-content\/uploads\/2022\/07\/Plano-Safra-CompreRural.jpg","width":814,"height":550,"caption":"Foto: captura de tela Compre Rural"},{"@type":"BreadcrumbList","@id":"https:\/\/www.amstedmaxion.com.br\/plano-safra-aquece-mercado-de-tratores-no-pais\/#breadcrumb","itemListElement":[{"@type":"ListItem","position":1,"name":"In\u00edcio","item":"https:\/\/www.amstedmaxion.com.br\/"},{"@type":"ListItem","position":2,"name":"Plano safra aquece mercado de tratores no pa\u00eds"}]},{"@type":"WebSite","@id":"https:\/\/www.amstedmaxion.com.br\/#website","url":"https:\/\/www.amstedmaxion.com.br\/","name":"AmstedMaxion","description":"AmstedMaxion - Fundi\u00e7\u00e3o e Equipamentos Ferrovi\u00e1rios","publisher":{"@id":"https:\/\/www.amstedmaxion.com.br\/#organization"},"alternateName":"AmstedMaxion","potentialAction":[{"@type":"SearchAction","target":{"@type":"EntryPoint","urlTemplate":"https:\/\/www.amstedmaxion.com.br\/?s={search_term_string}"},"query-input":{"@type":"PropertyValueSpecification","valueRequired":true,"valueName":"search_term_string"}}],"inLanguage":"en-US"},{"@type":"Organization","@id":"https:\/\/www.amstedmaxion.com.br\/#organization","name":"AMSTEDMAXION","url":"https:\/\/www.amstedmaxion.com.br\/","logo":{"@type":"ImageObject","inLanguage":"en-US","@id":"https:\/\/www.amstedmaxion.com.br\/#\/schema\/logo\/image\/","url":"https:\/\/www.amstedmaxion.com.br\/wp-content\/uploads\/2023\/11\/amsted.png","contentUrl":"https:\/\/www.amstedmaxion.com.br\/wp-content\/uploads\/2023\/11\/amsted.png","width":500,"height":500,"caption":"AMSTEDMAXION"},"image":{"@id":"https:\/\/www.amstedmaxion.com.br\/#\/schema\/logo\/image\/"},"sameAs":["https:\/\/www.facebook.com\/AmstedMaxion.Oficial","https:\/\/br.linkedin.com\/company\/amstedmaxion"]},{"@type":"Person","@id":"https:\/\/www.amstedmaxion.com.br\/#\/schema\/person\/140cb65f07d4e66dd5543c8a187bf436","name":"Rosane Storto","image":{"@type":"ImageObject","inLanguage":"en-US","@id":"https:\/\/www.amstedmaxion.com.br\/#\/schema\/person\/image\/","url":"https:\/\/secure.gravatar.com\/avatar\/0e3d021545bbe593cb0eb3ee740544fefa86d59762e63dec1dbe9480a34c98cd?s=96&d=mm&r=g","contentUrl":"https:\/\/secure.gravatar.com\/avatar\/0e3d021545bbe593cb0eb3ee740544fefa86d59762e63dec1dbe9480a34c98cd?s=96&d=mm&r=g","caption":"Rosane Storto"}}]}},"_links":{"self":[{"href":"https:\/\/www.amstedmaxion.com.br\/en\/wp-json\/wp\/v2\/posts\/38218","targetHints":{"allow":["GET"]}}],"collection":[{"href":"https:\/\/www.amstedmaxion.com.br\/en\/wp-json\/wp\/v2\/posts"}],"about":[{"href":"https:\/\/www.amstedmaxion.com.br\/en\/wp-json\/wp\/v2\/types\/post"}],"author":[{"embeddable":true,"href":"https:\/\/www.amstedmaxion.com.br\/en\/wp-json\/wp\/v2\/users\/5"}],"replies":[{"embeddable":true,"href":"https:\/\/www.amstedmaxion.com.br\/en\/wp-json\/wp\/v2\/comments?post=38218"}],"version-history":[{"count":1,"href":"https:\/\/www.amstedmaxion.com.br\/en\/wp-json\/wp\/v2\/posts\/38218\/revisions"}],"predecessor-version":[{"id":38220,"href":"https:\/\/www.amstedmaxion.com.br\/en\/wp-json\/wp\/v2\/posts\/38218\/revisions\/38220"}],"wp:featuredmedia":[{"embeddable":true,"href":"https:\/\/www.amstedmaxion.com.br\/en\/wp-json\/wp\/v2\/media\/38219"}],"wp:attachment":[{"href":"https:\/\/www.amstedmaxion.com.br\/en\/wp-json\/wp\/v2\/media?parent=38218"}],"wp:term":[{"taxonomy":"category","embeddable":true,"href":"https:\/\/www.amstedmaxion.com.br\/en\/wp-json\/wp\/v2\/categories?post=38218"},{"taxonomy":"post_tag","embeddable":true,"href":"https:\/\/www.amstedmaxion.com.br\/en\/wp-json\/wp\/v2\/tags?post=38218"}],"curies":[{"name":"wp","href":"https:\/\/api.w.org\/{rel}","templated":true}]}}