{"id":38555,"date":"2022-08-11T15:08:54","date_gmt":"2022-08-11T18:08:54","guid":{"rendered":"https:\/\/www.amstedmaxion.com.br\/?p=38555"},"modified":"2022-08-11T15:08:56","modified_gmt":"2022-08-11T18:08:56","slug":"sindicato-projeta-recorde-de-vendas-de-maquinas-na-expointer-2022","status":"publish","type":"post","link":"https:\/\/www.amstedmaxion.com.br\/en\/sindicato-projeta-recorde-de-vendas-de-maquinas-na-expointer-2022\/","title":{"rendered":"Sindicato projeta recorde de vendas de m\u00e1quinas na Expointer 2022"},"content":{"rendered":"\n<p>Compre Rural &#8211; Sindicato acredita que grande procura de expositores \u00e9 reflexo da boa safra de gr\u00e3os no pa\u00eds e de interesse do agricultor por novas tecnologias<\/p>\n\n\n\n<p>Maior respons\u00e1vel pelo faturamento da Expointer, com mais de 90% das comercializa\u00e7\u00f5es, o setor de m\u00e1quinas e implementos agr\u00edcolas est\u00e1 otimista e aposta em recordes de p\u00fablico e de vendas na 45\u00aa edi\u00e7\u00e3o da feira, que acontece de 27 de agosto a 4 de setembro no Parque Assis Brasil, em Esteio (RS), ap\u00f3s a edi\u00e7\u00e3o reduzida do ano passado e em formato digital, em 2020.<\/p>\n\n\n\n<p>O presidente do Sindicato das Ind\u00fastrias de M\u00e1quinas e Implementos Agr\u00edcolas no Rio Grande do Sul (SIMERS), Cl\u00e1udio Bier, acredita que as vendas podem superar em 50% a feira de 2019, quando ultrapassaram R$ 2,5 bilh\u00f5es. \u201cA meta \u00e9 atingir de R$ 3,5 a R$ 4 bilh\u00f5es\u201d, revela.<\/p>\n\n\n\n<p>Outro indicador foi a grande procura por espa\u00e7os \u2013 se a \u00e1rea fosse maior, o n\u00famero de expositores ultrapassaria os 155 que garantiram participa\u00e7\u00e3o em Esteio este ano, dez a mais do que em 2019. \u201cTodos est\u00e3o sedentos por uma feira como essa. A Expointer \u00e9 uma grande vitrine e isso vale tamb\u00e9m para os fabricantes de m\u00e1quinas agr\u00edcolas. O parque de m\u00e1quinas est\u00e1 um pouco maior, conseguimos melhorar e ampliar alguns espa\u00e7os\u201d, afirma o dirigente.<\/p>\n\n\n\n<p>Bier lembra que a evolu\u00e7\u00e3o da tecnologia torna o maquin\u00e1rio um atrativo irresist\u00edvel. \u201cO agricultor entende que, a cada ano, as mudan\u00e7as s\u00e3o grandes, por isso quer conhecer e est\u00e1 aberto \u00e0s novidades para, talvez, trocar de m\u00e1quina. Ele sabe que maior rapidez no plantio e na colheita pode aumentar a produtividade na lavoura\u201d.<\/p>\n\n\n\n<p>O sinal verde para um poss\u00edvel recorde de vendas tamb\u00e9m \u00e9 dado pelo calend\u00e1rio. A data em que se realiza a Expointer \u00e9 estrat\u00e9gica para o setor por ser o primeiro grande evento ap\u00f3s o lan\u00e7amento do Plano Safra 2022\/23 do Governo Federal, no final de junho. Do montante de recursos, que este ano somam quase R$ 341 bilh\u00f5es, pouco mais de R$ 10 bilh\u00f5es s\u00e3o destinados a financiamentos de m\u00e1quinas agr\u00edcolas.<\/p>\n\n\n\n<p>Sem tempo ruim \u2013 Contrariando as expectativas, a estiagem que assolou o Rio Grande do Sul no \u00faltimo ver\u00e3o teve poucos reflexos negativos nas vendas. O setor registrou um incremento de 5 a 6% na produ\u00e7\u00e3o entre janeiro e julho deste ano, em rela\u00e7\u00e3o ao mesmo per\u00edodo do ano passado, sendo que a \u2018r\u00e9gua\u2019 j\u00e1 estava alta. Em tempos de safra normal, 11% das m\u00e1quinas e implementos fabricados pelas ind\u00fastrias ga\u00fachas ficam no Rio Grande do Sul, enquanto o restante \u00e9 comercializado Brasil afora. Este ano, os preju\u00edzos causados pela falta de chuva pouco afetaram o setor, porque houve aumento na demanda de pedidos de outros estados, que tiveram excelentes colheitas. Por outro lado, vem ocorrendo maior procura por piv\u00f4s centrais e outros equipamentos destinados \u00e0 irriga\u00e7\u00e3o, como forma de evitar futuros preju\u00edzos.<\/p>\n\n\n\n<p>Falta de componentes \u2013 Um dos impactos da pandemia na fabrica\u00e7\u00e3o de novos tratores, em 2020, foi a escassez de componentes, como a\u00e7o e chips. \u201cDepois que acabaram os estoques, o que aparecia no mercado a gente tinha que comprar e ainda torcer para surgir mais\u201d, relata Cl\u00e1udio Bier. As dificuldades de log\u00edstica afetaram diretamente o transporte, na importa\u00e7\u00e3o de produtos, e houve uma desacelera\u00e7\u00e3o na entrega de m\u00e1quinas. Este ano o fornecimento de a\u00e7o est\u00e1 normalizado, mas o setor ainda enfrenta a falta de chips. A sa\u00edda vem sendo a adequa\u00e7\u00e3o, com as empresas buscando negociar microcircuitos com novos fornecedores no exterior.<\/p>\n\n\n\n<p>O protagonismo do Rio Grande do Sul \u2013 Cerca de 65% das m\u00e1quinas e implementos agr\u00edcolas fabricados no pa\u00eds s\u00e3o produzidos nas ind\u00fastrias do Rio Grande do Sul. Esse protagonismo nasceu quando muitos colonos imigrantes abriram pequenas oficinas e depois come\u00e7aram a construir m\u00e1quinas. Em fun\u00e7\u00e3o disso, o Estado \u00e9 considerado o ber\u00e7o das m\u00e1quinas agr\u00edcolas. Na medida em que houve crescimento, come\u00e7aram as vendas, tamb\u00e9m, para os agricultores que haviam migrado para estados como Santa Catarina, Paran\u00e1 e Mato Grosso do Sul, depois para o Brasil inteiro. \u201cOs ga\u00fachos que l\u00e1 est\u00e3o tiveram um papel importante nessa expans\u00e3o, hoje algumas daquelas oficinas s\u00e3o grandes empresas do mercado. Nos orgulhamos disso\u201d, reflete Cl\u00e1udio Bier. Hoje, em todo o pa\u00eds, o setor gera 32,7 mil empregos diretos e 139 mil indiretos.<\/p>\n\n\n\n<figure class=\"wp-block-image size-large is-resized\"><img loading=\"lazy\" decoding=\"async\" src=\"https:\/\/www.amstedmaxion.com.br\/wp-content\/uploads\/2022\/08\/Sindicato-maquinas-compre-rural.jpg\" alt=\"\" class=\"wp-image-38556\" width=\"385\" height=\"258\"\/><figcaption>Foto: captura de tela Compre Rural<\/figcaption><\/figure>\n\n\n\n<p><br><br>Fonte: Compre Rural (<a href=\"https:\/\/www.comprerural.com\/sindicato-projeta-recorde-de-vendas-de-maquinas-na-expointer-2022\/\">https:\/\/www.comprerural.com\/sindicato-projeta-recorde-de-vendas-de-maquinas-na-expointer-2022\/<\/a>)<\/p>\n","protected":false},"excerpt":{"rendered":"<p>Compre Rural &#8211; Sindicato acredita que grande procura de expositores \u00e9 reflexo da boa safra de gr\u00e3os no pa\u00eds e de interesse do agricultor por novas tecnologias Maior respons\u00e1vel pelo faturamento da Expointer, com mais de 90% das comercializa\u00e7\u00f5es, o setor de m\u00e1quinas e implementos agr\u00edcolas est\u00e1 otimista e aposta em recordes de p\u00fablico e [&hellip;]<\/p>\n","protected":false},"author":5,"featured_media":38556,"comment_status":"open","ping_status":"open","sticky":false,"template":"","format":"standard","meta":{"_acf_changed":false,"footnotes":""},"categories":[148],"tags":[],"class_list":["post-38555","post","type-post","status-publish","format-standard","has-post-thumbnail","hentry","category-newsletter"],"acf":[],"yoast_head":"<!-- This site is optimized with the Yoast SEO plugin v23.9 - https:\/\/yoast.com\/wordpress\/plugins\/seo\/ -->\n<title>Sindicato projeta recorde de vendas de m\u00e1quinas na Expointer 2022 - AmstedMaxion<\/title>\n<meta name=\"robots\" content=\"index, follow, max-snippet:-1, max-image-preview:large, max-video-preview:-1\" \/>\n<link rel=\"canonical\" href=\"https:\/\/www.amstedmaxion.com.br\/sindicato-projeta-recorde-de-vendas-de-maquinas-na-expointer-2022\/\" \/>\n<meta property=\"og:locale\" content=\"en_US\" \/>\n<meta property=\"og:type\" content=\"article\" \/>\n<meta property=\"og:title\" content=\"Sindicato projeta recorde de vendas de m\u00e1quinas na Expointer 2022 - AmstedMaxion\" \/>\n<meta property=\"og:description\" content=\"Compre Rural &#8211; Sindicato acredita que grande procura de expositores \u00e9 reflexo da boa safra de gr\u00e3os no pa\u00eds e de interesse do agricultor por novas tecnologias Maior respons\u00e1vel pelo faturamento da Expointer, com mais de 90% das comercializa\u00e7\u00f5es, o setor de m\u00e1quinas e implementos agr\u00edcolas est\u00e1 otimista e aposta em recordes de p\u00fablico e [&hellip;]\" \/>\n<meta property=\"og:url\" content=\"https:\/\/www.amstedmaxion.com.br\/sindicato-projeta-recorde-de-vendas-de-maquinas-na-expointer-2022\/\" \/>\n<meta property=\"og:site_name\" content=\"AmstedMaxion\" \/>\n<meta property=\"article:publisher\" content=\"https:\/\/www.facebook.com\/AmstedMaxion.Oficial\" \/>\n<meta property=\"article:published_time\" content=\"2022-08-11T18:08:54+00:00\" \/>\n<meta property=\"article:modified_time\" content=\"2022-08-11T18:08:56+00:00\" \/>\n<meta property=\"og:image\" content=\"https:\/\/www.amstedmaxion.com.br\/wp-content\/uploads\/2022\/08\/Sindicato-maquinas-compre-rural.jpg\" \/>\n\t<meta property=\"og:image:width\" content=\"1071\" \/>\n\t<meta property=\"og:image:height\" content=\"717\" \/>\n\t<meta property=\"og:image:type\" content=\"image\/jpeg\" \/>\n<meta name=\"author\" content=\"Rosane Storto\" \/>\n<meta name=\"twitter:card\" content=\"summary_large_image\" \/>\n<meta name=\"twitter:label1\" content=\"Written by\" \/>\n\t<meta name=\"twitter:data1\" content=\"Rosane Storto\" \/>\n\t<meta name=\"twitter:label2\" content=\"Est. reading time\" \/>\n\t<meta name=\"twitter:data2\" content=\"4 minutes\" \/>\n<script type=\"application\/ld+json\" class=\"yoast-schema-graph\">{\"@context\":\"https:\/\/schema.org\",\"@graph\":[{\"@type\":\"Article\",\"@id\":\"https:\/\/www.amstedmaxion.com.br\/sindicato-projeta-recorde-de-vendas-de-maquinas-na-expointer-2022\/#article\",\"isPartOf\":{\"@id\":\"https:\/\/www.amstedmaxion.com.br\/sindicato-projeta-recorde-de-vendas-de-maquinas-na-expointer-2022\/\"},\"author\":{\"name\":\"Rosane Storto\",\"@id\":\"https:\/\/www.amstedmaxion.com.br\/#\/schema\/person\/140cb65f07d4e66dd5543c8a187bf436\"},\"headline\":\"Sindicato projeta recorde de vendas de m\u00e1quinas na Expointer 2022\",\"datePublished\":\"2022-08-11T18:08:54+00:00\",\"dateModified\":\"2022-08-11T18:08:56+00:00\",\"mainEntityOfPage\":{\"@id\":\"https:\/\/www.amstedmaxion.com.br\/sindicato-projeta-recorde-de-vendas-de-maquinas-na-expointer-2022\/\"},\"wordCount\":781,\"commentCount\":0,\"publisher\":{\"@id\":\"https:\/\/www.amstedmaxion.com.br\/#organization\"},\"image\":{\"@id\":\"https:\/\/www.amstedmaxion.com.br\/sindicato-projeta-recorde-de-vendas-de-maquinas-na-expointer-2022\/#primaryimage\"},\"thumbnailUrl\":\"https:\/\/www.amstedmaxion.com.br\/wp-content\/uploads\/2022\/08\/Sindicato-maquinas-compre-rural.jpg\",\"articleSection\":[\"Newsletter\"],\"inLanguage\":\"en-US\",\"potentialAction\":[{\"@type\":\"CommentAction\",\"name\":\"Comment\",\"target\":[\"https:\/\/www.amstedmaxion.com.br\/sindicato-projeta-recorde-de-vendas-de-maquinas-na-expointer-2022\/#respond\"]}]},{\"@type\":\"WebPage\",\"@id\":\"https:\/\/www.amstedmaxion.com.br\/sindicato-projeta-recorde-de-vendas-de-maquinas-na-expointer-2022\/\",\"url\":\"https:\/\/www.amstedmaxion.com.br\/sindicato-projeta-recorde-de-vendas-de-maquinas-na-expointer-2022\/\",\"name\":\"Sindicato projeta recorde de vendas de m\u00e1quinas na Expointer 2022 - AmstedMaxion\",\"isPartOf\":{\"@id\":\"https:\/\/www.amstedmaxion.com.br\/#website\"},\"primaryImageOfPage\":{\"@id\":\"https:\/\/www.amstedmaxion.com.br\/sindicato-projeta-recorde-de-vendas-de-maquinas-na-expointer-2022\/#primaryimage\"},\"image\":{\"@id\":\"https:\/\/www.amstedmaxion.com.br\/sindicato-projeta-recorde-de-vendas-de-maquinas-na-expointer-2022\/#primaryimage\"},\"thumbnailUrl\":\"https:\/\/www.amstedmaxion.com.br\/wp-content\/uploads\/2022\/08\/Sindicato-maquinas-compre-rural.jpg\",\"datePublished\":\"2022-08-11T18:08:54+00:00\",\"dateModified\":\"2022-08-11T18:08:56+00:00\",\"breadcrumb\":{\"@id\":\"https:\/\/www.amstedmaxion.com.br\/sindicato-projeta-recorde-de-vendas-de-maquinas-na-expointer-2022\/#breadcrumb\"},\"inLanguage\":\"en-US\",\"potentialAction\":[{\"@type\":\"ReadAction\",\"target\":[\"https:\/\/www.amstedmaxion.com.br\/sindicato-projeta-recorde-de-vendas-de-maquinas-na-expointer-2022\/\"]}]},{\"@type\":\"ImageObject\",\"inLanguage\":\"en-US\",\"@id\":\"https:\/\/www.amstedmaxion.com.br\/sindicato-projeta-recorde-de-vendas-de-maquinas-na-expointer-2022\/#primaryimage\",\"url\":\"https:\/\/www.amstedmaxion.com.br\/wp-content\/uploads\/2022\/08\/Sindicato-maquinas-compre-rural.jpg\",\"contentUrl\":\"https:\/\/www.amstedmaxion.com.br\/wp-content\/uploads\/2022\/08\/Sindicato-maquinas-compre-rural.jpg\",\"width\":1071,\"height\":717,\"caption\":\"Foto: captura de tela Compre Rural\"},{\"@type\":\"BreadcrumbList\",\"@id\":\"https:\/\/www.amstedmaxion.com.br\/sindicato-projeta-recorde-de-vendas-de-maquinas-na-expointer-2022\/#breadcrumb\",\"itemListElement\":[{\"@type\":\"ListItem\",\"position\":1,\"name\":\"In\u00edcio\",\"item\":\"https:\/\/www.amstedmaxion.com.br\/\"},{\"@type\":\"ListItem\",\"position\":2,\"name\":\"Sindicato projeta recorde de vendas de m\u00e1quinas na Expointer 2022\"}]},{\"@type\":\"WebSite\",\"@id\":\"https:\/\/www.amstedmaxion.com.br\/#website\",\"url\":\"https:\/\/www.amstedmaxion.com.br\/\",\"name\":\"AmstedMaxion\",\"description\":\"AmstedMaxion - Fundi\u00e7\u00e3o e Equipamentos Ferrovi\u00e1rios\",\"publisher\":{\"@id\":\"https:\/\/www.amstedmaxion.com.br\/#organization\"},\"alternateName\":\"AmstedMaxion\",\"potentialAction\":[{\"@type\":\"SearchAction\",\"target\":{\"@type\":\"EntryPoint\",\"urlTemplate\":\"https:\/\/www.amstedmaxion.com.br\/?s={search_term_string}\"},\"query-input\":{\"@type\":\"PropertyValueSpecification\",\"valueRequired\":true,\"valueName\":\"search_term_string\"}}],\"inLanguage\":\"en-US\"},{\"@type\":\"Organization\",\"@id\":\"https:\/\/www.amstedmaxion.com.br\/#organization\",\"name\":\"AMSTEDMAXION\",\"url\":\"https:\/\/www.amstedmaxion.com.br\/\",\"logo\":{\"@type\":\"ImageObject\",\"inLanguage\":\"en-US\",\"@id\":\"https:\/\/www.amstedmaxion.com.br\/#\/schema\/logo\/image\/\",\"url\":\"https:\/\/www.amstedmaxion.com.br\/wp-content\/uploads\/2023\/11\/amsted.png\",\"contentUrl\":\"https:\/\/www.amstedmaxion.com.br\/wp-content\/uploads\/2023\/11\/amsted.png\",\"width\":500,\"height\":500,\"caption\":\"AMSTEDMAXION\"},\"image\":{\"@id\":\"https:\/\/www.amstedmaxion.com.br\/#\/schema\/logo\/image\/\"},\"sameAs\":[\"https:\/\/www.facebook.com\/AmstedMaxion.Oficial\",\"https:\/\/br.linkedin.com\/company\/amstedmaxion\"]},{\"@type\":\"Person\",\"@id\":\"https:\/\/www.amstedmaxion.com.br\/#\/schema\/person\/140cb65f07d4e66dd5543c8a187bf436\",\"name\":\"Rosane Storto\",\"image\":{\"@type\":\"ImageObject\",\"inLanguage\":\"en-US\",\"@id\":\"https:\/\/www.amstedmaxion.com.br\/#\/schema\/person\/image\/\",\"url\":\"https:\/\/secure.gravatar.com\/avatar\/0e3d021545bbe593cb0eb3ee740544fefa86d59762e63dec1dbe9480a34c98cd?s=96&d=mm&r=g\",\"contentUrl\":\"https:\/\/secure.gravatar.com\/avatar\/0e3d021545bbe593cb0eb3ee740544fefa86d59762e63dec1dbe9480a34c98cd?s=96&d=mm&r=g\",\"caption\":\"Rosane Storto\"}}]}<\/script>\n<!-- \/ Yoast SEO plugin. -->","yoast_head_json":{"title":"Sindicato projeta recorde de vendas de m\u00e1quinas na Expointer 2022 - AmstedMaxion","robots":{"index":"index","follow":"follow","max-snippet":"max-snippet:-1","max-image-preview":"max-image-preview:large","max-video-preview":"max-video-preview:-1"},"canonical":"https:\/\/www.amstedmaxion.com.br\/sindicato-projeta-recorde-de-vendas-de-maquinas-na-expointer-2022\/","og_locale":"en_US","og_type":"article","og_title":"Sindicato projeta recorde de vendas de m\u00e1quinas na Expointer 2022 - AmstedMaxion","og_description":"Compre Rural &#8211; Sindicato acredita que grande procura de expositores \u00e9 reflexo da boa safra de gr\u00e3os no pa\u00eds e de interesse do agricultor por novas tecnologias Maior respons\u00e1vel pelo faturamento da Expointer, com mais de 90% das comercializa\u00e7\u00f5es, o setor de m\u00e1quinas e implementos agr\u00edcolas est\u00e1 otimista e aposta em recordes de p\u00fablico e [&hellip;]","og_url":"https:\/\/www.amstedmaxion.com.br\/sindicato-projeta-recorde-de-vendas-de-maquinas-na-expointer-2022\/","og_site_name":"AmstedMaxion","article_publisher":"https:\/\/www.facebook.com\/AmstedMaxion.Oficial","article_published_time":"2022-08-11T18:08:54+00:00","article_modified_time":"2022-08-11T18:08:56+00:00","og_image":[{"width":1071,"height":717,"url":"https:\/\/www.amstedmaxion.com.br\/wp-content\/uploads\/2022\/08\/Sindicato-maquinas-compre-rural.jpg","type":"image\/jpeg"}],"author":"Rosane Storto","twitter_card":"summary_large_image","twitter_misc":{"Written by":"Rosane Storto","Est. reading time":"4 minutes"},"schema":{"@context":"https:\/\/schema.org","@graph":[{"@type":"Article","@id":"https:\/\/www.amstedmaxion.com.br\/sindicato-projeta-recorde-de-vendas-de-maquinas-na-expointer-2022\/#article","isPartOf":{"@id":"https:\/\/www.amstedmaxion.com.br\/sindicato-projeta-recorde-de-vendas-de-maquinas-na-expointer-2022\/"},"author":{"name":"Rosane Storto","@id":"https:\/\/www.amstedmaxion.com.br\/#\/schema\/person\/140cb65f07d4e66dd5543c8a187bf436"},"headline":"Sindicato projeta recorde de vendas de m\u00e1quinas na Expointer 2022","datePublished":"2022-08-11T18:08:54+00:00","dateModified":"2022-08-11T18:08:56+00:00","mainEntityOfPage":{"@id":"https:\/\/www.amstedmaxion.com.br\/sindicato-projeta-recorde-de-vendas-de-maquinas-na-expointer-2022\/"},"wordCount":781,"commentCount":0,"publisher":{"@id":"https:\/\/www.amstedmaxion.com.br\/#organization"},"image":{"@id":"https:\/\/www.amstedmaxion.com.br\/sindicato-projeta-recorde-de-vendas-de-maquinas-na-expointer-2022\/#primaryimage"},"thumbnailUrl":"https:\/\/www.amstedmaxion.com.br\/wp-content\/uploads\/2022\/08\/Sindicato-maquinas-compre-rural.jpg","articleSection":["Newsletter"],"inLanguage":"en-US","potentialAction":[{"@type":"CommentAction","name":"Comment","target":["https:\/\/www.amstedmaxion.com.br\/sindicato-projeta-recorde-de-vendas-de-maquinas-na-expointer-2022\/#respond"]}]},{"@type":"WebPage","@id":"https:\/\/www.amstedmaxion.com.br\/sindicato-projeta-recorde-de-vendas-de-maquinas-na-expointer-2022\/","url":"https:\/\/www.amstedmaxion.com.br\/sindicato-projeta-recorde-de-vendas-de-maquinas-na-expointer-2022\/","name":"Sindicato projeta recorde de vendas de m\u00e1quinas na Expointer 2022 - AmstedMaxion","isPartOf":{"@id":"https:\/\/www.amstedmaxion.com.br\/#website"},"primaryImageOfPage":{"@id":"https:\/\/www.amstedmaxion.com.br\/sindicato-projeta-recorde-de-vendas-de-maquinas-na-expointer-2022\/#primaryimage"},"image":{"@id":"https:\/\/www.amstedmaxion.com.br\/sindicato-projeta-recorde-de-vendas-de-maquinas-na-expointer-2022\/#primaryimage"},"thumbnailUrl":"https:\/\/www.amstedmaxion.com.br\/wp-content\/uploads\/2022\/08\/Sindicato-maquinas-compre-rural.jpg","datePublished":"2022-08-11T18:08:54+00:00","dateModified":"2022-08-11T18:08:56+00:00","breadcrumb":{"@id":"https:\/\/www.amstedmaxion.com.br\/sindicato-projeta-recorde-de-vendas-de-maquinas-na-expointer-2022\/#breadcrumb"},"inLanguage":"en-US","potentialAction":[{"@type":"ReadAction","target":["https:\/\/www.amstedmaxion.com.br\/sindicato-projeta-recorde-de-vendas-de-maquinas-na-expointer-2022\/"]}]},{"@type":"ImageObject","inLanguage":"en-US","@id":"https:\/\/www.amstedmaxion.com.br\/sindicato-projeta-recorde-de-vendas-de-maquinas-na-expointer-2022\/#primaryimage","url":"https:\/\/www.amstedmaxion.com.br\/wp-content\/uploads\/2022\/08\/Sindicato-maquinas-compre-rural.jpg","contentUrl":"https:\/\/www.amstedmaxion.com.br\/wp-content\/uploads\/2022\/08\/Sindicato-maquinas-compre-rural.jpg","width":1071,"height":717,"caption":"Foto: captura de tela Compre Rural"},{"@type":"BreadcrumbList","@id":"https:\/\/www.amstedmaxion.com.br\/sindicato-projeta-recorde-de-vendas-de-maquinas-na-expointer-2022\/#breadcrumb","itemListElement":[{"@type":"ListItem","position":1,"name":"In\u00edcio","item":"https:\/\/www.amstedmaxion.com.br\/"},{"@type":"ListItem","position":2,"name":"Sindicato projeta recorde de vendas de m\u00e1quinas na Expointer 2022"}]},{"@type":"WebSite","@id":"https:\/\/www.amstedmaxion.com.br\/#website","url":"https:\/\/www.amstedmaxion.com.br\/","name":"AmstedMaxion","description":"AmstedMaxion - Fundi\u00e7\u00e3o e Equipamentos Ferrovi\u00e1rios","publisher":{"@id":"https:\/\/www.amstedmaxion.com.br\/#organization"},"alternateName":"AmstedMaxion","potentialAction":[{"@type":"SearchAction","target":{"@type":"EntryPoint","urlTemplate":"https:\/\/www.amstedmaxion.com.br\/?s={search_term_string}"},"query-input":{"@type":"PropertyValueSpecification","valueRequired":true,"valueName":"search_term_string"}}],"inLanguage":"en-US"},{"@type":"Organization","@id":"https:\/\/www.amstedmaxion.com.br\/#organization","name":"AMSTEDMAXION","url":"https:\/\/www.amstedmaxion.com.br\/","logo":{"@type":"ImageObject","inLanguage":"en-US","@id":"https:\/\/www.amstedmaxion.com.br\/#\/schema\/logo\/image\/","url":"https:\/\/www.amstedmaxion.com.br\/wp-content\/uploads\/2023\/11\/amsted.png","contentUrl":"https:\/\/www.amstedmaxion.com.br\/wp-content\/uploads\/2023\/11\/amsted.png","width":500,"height":500,"caption":"AMSTEDMAXION"},"image":{"@id":"https:\/\/www.amstedmaxion.com.br\/#\/schema\/logo\/image\/"},"sameAs":["https:\/\/www.facebook.com\/AmstedMaxion.Oficial","https:\/\/br.linkedin.com\/company\/amstedmaxion"]},{"@type":"Person","@id":"https:\/\/www.amstedmaxion.com.br\/#\/schema\/person\/140cb65f07d4e66dd5543c8a187bf436","name":"Rosane Storto","image":{"@type":"ImageObject","inLanguage":"en-US","@id":"https:\/\/www.amstedmaxion.com.br\/#\/schema\/person\/image\/","url":"https:\/\/secure.gravatar.com\/avatar\/0e3d021545bbe593cb0eb3ee740544fefa86d59762e63dec1dbe9480a34c98cd?s=96&d=mm&r=g","contentUrl":"https:\/\/secure.gravatar.com\/avatar\/0e3d021545bbe593cb0eb3ee740544fefa86d59762e63dec1dbe9480a34c98cd?s=96&d=mm&r=g","caption":"Rosane Storto"}}]}},"_links":{"self":[{"href":"https:\/\/www.amstedmaxion.com.br\/en\/wp-json\/wp\/v2\/posts\/38555","targetHints":{"allow":["GET"]}}],"collection":[{"href":"https:\/\/www.amstedmaxion.com.br\/en\/wp-json\/wp\/v2\/posts"}],"about":[{"href":"https:\/\/www.amstedmaxion.com.br\/en\/wp-json\/wp\/v2\/types\/post"}],"author":[{"embeddable":true,"href":"https:\/\/www.amstedmaxion.com.br\/en\/wp-json\/wp\/v2\/users\/5"}],"replies":[{"embeddable":true,"href":"https:\/\/www.amstedmaxion.com.br\/en\/wp-json\/wp\/v2\/comments?post=38555"}],"version-history":[{"count":1,"href":"https:\/\/www.amstedmaxion.com.br\/en\/wp-json\/wp\/v2\/posts\/38555\/revisions"}],"predecessor-version":[{"id":38557,"href":"https:\/\/www.amstedmaxion.com.br\/en\/wp-json\/wp\/v2\/posts\/38555\/revisions\/38557"}],"wp:featuredmedia":[{"embeddable":true,"href":"https:\/\/www.amstedmaxion.com.br\/en\/wp-json\/wp\/v2\/media\/38556"}],"wp:attachment":[{"href":"https:\/\/www.amstedmaxion.com.br\/en\/wp-json\/wp\/v2\/media?parent=38555"}],"wp:term":[{"taxonomy":"category","embeddable":true,"href":"https:\/\/www.amstedmaxion.com.br\/en\/wp-json\/wp\/v2\/categories?post=38555"},{"taxonomy":"post_tag","embeddable":true,"href":"https:\/\/www.amstedmaxion.com.br\/en\/wp-json\/wp\/v2\/tags?post=38555"}],"curies":[{"name":"wp","href":"https:\/\/api.w.org\/{rel}","templated":true}]}}