{"id":38744,"date":"2022-08-30T15:18:31","date_gmt":"2022-08-30T18:18:31","guid":{"rendered":"https:\/\/www.amstedmaxion.com.br\/?p=38744"},"modified":"2022-08-30T15:18:31","modified_gmt":"2022-08-30T18:18:31","slug":"trabalhadores-da-mwl-ocupam-fabrica-nesta-terca-feira","status":"publish","type":"post","link":"https:\/\/www.amstedmaxion.com.br\/en\/trabalhadores-da-mwl-ocupam-fabrica-nesta-terca-feira\/","title":{"rendered":"Trabalhadores da MWL ocupam f\u00e1brica nesta ter\u00e7a-feira"},"content":{"rendered":"\n<p>Band Vale &#8211; Trabalhadores v\u00e3o permanecer nas depend\u00eancias da MWL por tempo indeterminado<\/p>\n\n\n\n<p>Cerca de 100 metal\u00fargicos da MWL ocuparam na manh\u00e3 desta ter\u00e7a-feira (30) as instala\u00e7\u00f5es da f\u00e1brica, em Ca\u00e7apava. Sem receber sal\u00e1rios desde maio os trabalhadores v\u00e3o permanecer nas depend\u00eancias da MWL por tempo indeterminado, em esquema de revezamento.<\/p>\n\n\n\n<p>De acordo com o Sindicato dos Metal\u00fargicos, \u201ca vig\u00edlia servir\u00e1 para guardar m\u00e1quinas e equipamentos. Ap\u00f3s a venda, poder\u00e3o ser utilizados para pagamento de sal\u00e1rios atrasados e verbas trabalhistas, j\u00e1 que a fal\u00eancia da MWL pode ser decretada a qualquer momento. A iniciativa tamb\u00e9m foi motivada por uma s\u00e9rie de den\u00fancias de furtos dentro das depend\u00eancias da unidade\u201d.<\/p>\n\n\n\n<p>Os trabalhadores, est\u00e3o sem pagamento h\u00e1 quase quatro meses e segundo o Sindicato, continuam vinculados formalmente \u00e0 empresa e sem perspectivas de receber, no curto prazo, as verbas rescis\u00f3rias.<\/p>\n\n\n\n<p>&#8220;\u00c9 um crime o que estes empres\u00e1rios est\u00e3o fazendo. Mais do que nunca, precisamos da mobiliza\u00e7\u00e3o dos poderes p\u00fablicos para resolver a situa\u00e7\u00e3o dessas v\u00edtimas, metal\u00fargicas e metal\u00fargicos abandonados por uma gan\u00e2ncia cruel&#8221;, afirma o secret\u00e1rio-geral do Sindicato dos Metal\u00fargicos de S\u00e3o Jos\u00e9 dos Campos e Regi\u00e3o, Renato Almeida.&nbsp; &nbsp;<\/p>\n\n\n\n<p>A MWL produz rodas e eixos para o setor ferrovi\u00e1rio e possui cerca de 240 funcion\u00e1rios. O Jornalismo da Band Vale entrou em contato com a empresa e aguarda um posicionamento.<\/p>\n\n\n\n<figure class=\"wp-block-image size-large is-resized\"><img loading=\"lazy\" decoding=\"async\" src=\"https:\/\/www.amstedmaxion.com.br\/wp-content\/uploads\/2022\/08\/MWL-Band-Vale.jpg\" alt=\"\" class=\"wp-image-38745\" width=\"397\" height=\"223\"\/><figcaption>Foto: captura de tela Band Vale <\/figcaption><\/figure>\n\n\n\n<p>Fonte: Band Vale (https:\/\/www.band.uol.com.br\/band-vale\/noticias\/trabalhadores-da-mwl-ocupam-fabrica-nesta-terca-feira-16531469)<\/p>\n","protected":false},"excerpt":{"rendered":"<p>Band Vale &#8211; Trabalhadores v\u00e3o permanecer nas depend\u00eancias da MWL por tempo indeterminado Cerca de 100 metal\u00fargicos da MWL ocuparam na manh\u00e3 desta ter\u00e7a-feira (30) as instala\u00e7\u00f5es da f\u00e1brica, em Ca\u00e7apava. Sem receber sal\u00e1rios desde maio os trabalhadores v\u00e3o permanecer nas depend\u00eancias da MWL por tempo indeterminado, em esquema de revezamento. De acordo com o [&hellip;]<\/p>\n","protected":false},"author":5,"featured_media":38745,"comment_status":"open","ping_status":"open","sticky":false,"template":"","format":"standard","meta":{"_acf_changed":false,"footnotes":""},"categories":[148],"tags":[],"class_list":["post-38744","post","type-post","status-publish","format-standard","has-post-thumbnail","hentry","category-newsletter"],"acf":[],"yoast_head":"<!-- This site is optimized with the Yoast SEO plugin v23.9 - https:\/\/yoast.com\/wordpress\/plugins\/seo\/ -->\n<title>Trabalhadores da MWL ocupam f\u00e1brica nesta ter\u00e7a-feira - AmstedMaxion<\/title>\n<meta name=\"robots\" content=\"index, follow, max-snippet:-1, max-image-preview:large, max-video-preview:-1\" \/>\n<link rel=\"canonical\" href=\"https:\/\/www.amstedmaxion.com.br\/trabalhadores-da-mwl-ocupam-fabrica-nesta-terca-feira\/\" \/>\n<meta property=\"og:locale\" content=\"en_US\" \/>\n<meta property=\"og:type\" content=\"article\" \/>\n<meta property=\"og:title\" content=\"Trabalhadores da MWL ocupam f\u00e1brica nesta ter\u00e7a-feira - AmstedMaxion\" \/>\n<meta property=\"og:description\" content=\"Band Vale &#8211; Trabalhadores v\u00e3o permanecer nas depend\u00eancias da MWL por tempo indeterminado Cerca de 100 metal\u00fargicos da MWL ocuparam na manh\u00e3 desta ter\u00e7a-feira (30) as instala\u00e7\u00f5es da f\u00e1brica, em Ca\u00e7apava. Sem receber sal\u00e1rios desde maio os trabalhadores v\u00e3o permanecer nas depend\u00eancias da MWL por tempo indeterminado, em esquema de revezamento. De acordo com o [&hellip;]\" \/>\n<meta property=\"og:url\" content=\"https:\/\/www.amstedmaxion.com.br\/trabalhadores-da-mwl-ocupam-fabrica-nesta-terca-feira\/\" \/>\n<meta property=\"og:site_name\" content=\"AmstedMaxion\" \/>\n<meta property=\"article:publisher\" content=\"https:\/\/www.facebook.com\/AmstedMaxion.Oficial\" \/>\n<meta property=\"article:published_time\" content=\"2022-08-30T18:18:31+00:00\" \/>\n<meta property=\"og:image\" content=\"https:\/\/www.amstedmaxion.com.br\/wp-content\/uploads\/2022\/08\/MWL-Band-Vale.jpg\" \/>\n\t<meta property=\"og:image:width\" content=\"1280\" \/>\n\t<meta property=\"og:image:height\" content=\"720\" \/>\n\t<meta property=\"og:image:type\" content=\"image\/jpeg\" \/>\n<meta name=\"author\" content=\"Rosane Storto\" \/>\n<meta name=\"twitter:card\" content=\"summary_large_image\" \/>\n<meta name=\"twitter:label1\" content=\"Written by\" \/>\n\t<meta name=\"twitter:data1\" content=\"Rosane Storto\" \/>\n\t<meta name=\"twitter:label2\" content=\"Est. reading time\" \/>\n\t<meta name=\"twitter:data2\" content=\"1 minute\" \/>\n<script type=\"application\/ld+json\" class=\"yoast-schema-graph\">{\"@context\":\"https:\/\/schema.org\",\"@graph\":[{\"@type\":\"Article\",\"@id\":\"https:\/\/www.amstedmaxion.com.br\/trabalhadores-da-mwl-ocupam-fabrica-nesta-terca-feira\/#article\",\"isPartOf\":{\"@id\":\"https:\/\/www.amstedmaxion.com.br\/trabalhadores-da-mwl-ocupam-fabrica-nesta-terca-feira\/\"},\"author\":{\"name\":\"Rosane Storto\",\"@id\":\"https:\/\/www.amstedmaxion.com.br\/#\/schema\/person\/140cb65f07d4e66dd5543c8a187bf436\"},\"headline\":\"Trabalhadores da MWL ocupam f\u00e1brica nesta ter\u00e7a-feira\",\"datePublished\":\"2022-08-30T18:18:31+00:00\",\"dateModified\":\"2022-08-30T18:18:31+00:00\",\"mainEntityOfPage\":{\"@id\":\"https:\/\/www.amstedmaxion.com.br\/trabalhadores-da-mwl-ocupam-fabrica-nesta-terca-feira\/\"},\"wordCount\":280,\"commentCount\":0,\"publisher\":{\"@id\":\"https:\/\/www.amstedmaxion.com.br\/#organization\"},\"image\":{\"@id\":\"https:\/\/www.amstedmaxion.com.br\/trabalhadores-da-mwl-ocupam-fabrica-nesta-terca-feira\/#primaryimage\"},\"thumbnailUrl\":\"https:\/\/www.amstedmaxion.com.br\/wp-content\/uploads\/2022\/08\/MWL-Band-Vale.jpg\",\"articleSection\":[\"Newsletter\"],\"inLanguage\":\"en-US\",\"potentialAction\":[{\"@type\":\"CommentAction\",\"name\":\"Comment\",\"target\":[\"https:\/\/www.amstedmaxion.com.br\/trabalhadores-da-mwl-ocupam-fabrica-nesta-terca-feira\/#respond\"]}]},{\"@type\":\"WebPage\",\"@id\":\"https:\/\/www.amstedmaxion.com.br\/trabalhadores-da-mwl-ocupam-fabrica-nesta-terca-feira\/\",\"url\":\"https:\/\/www.amstedmaxion.com.br\/trabalhadores-da-mwl-ocupam-fabrica-nesta-terca-feira\/\",\"name\":\"Trabalhadores da MWL ocupam f\u00e1brica nesta ter\u00e7a-feira - AmstedMaxion\",\"isPartOf\":{\"@id\":\"https:\/\/www.amstedmaxion.com.br\/#website\"},\"primaryImageOfPage\":{\"@id\":\"https:\/\/www.amstedmaxion.com.br\/trabalhadores-da-mwl-ocupam-fabrica-nesta-terca-feira\/#primaryimage\"},\"image\":{\"@id\":\"https:\/\/www.amstedmaxion.com.br\/trabalhadores-da-mwl-ocupam-fabrica-nesta-terca-feira\/#primaryimage\"},\"thumbnailUrl\":\"https:\/\/www.amstedmaxion.com.br\/wp-content\/uploads\/2022\/08\/MWL-Band-Vale.jpg\",\"datePublished\":\"2022-08-30T18:18:31+00:00\",\"dateModified\":\"2022-08-30T18:18:31+00:00\",\"breadcrumb\":{\"@id\":\"https:\/\/www.amstedmaxion.com.br\/trabalhadores-da-mwl-ocupam-fabrica-nesta-terca-feira\/#breadcrumb\"},\"inLanguage\":\"en-US\",\"potentialAction\":[{\"@type\":\"ReadAction\",\"target\":[\"https:\/\/www.amstedmaxion.com.br\/trabalhadores-da-mwl-ocupam-fabrica-nesta-terca-feira\/\"]}]},{\"@type\":\"ImageObject\",\"inLanguage\":\"en-US\",\"@id\":\"https:\/\/www.amstedmaxion.com.br\/trabalhadores-da-mwl-ocupam-fabrica-nesta-terca-feira\/#primaryimage\",\"url\":\"https:\/\/www.amstedmaxion.com.br\/wp-content\/uploads\/2022\/08\/MWL-Band-Vale.jpg\",\"contentUrl\":\"https:\/\/www.amstedmaxion.com.br\/wp-content\/uploads\/2022\/08\/MWL-Band-Vale.jpg\",\"width\":1280,\"height\":720,\"caption\":\"Foto: captura de tela Band Vale\"},{\"@type\":\"BreadcrumbList\",\"@id\":\"https:\/\/www.amstedmaxion.com.br\/trabalhadores-da-mwl-ocupam-fabrica-nesta-terca-feira\/#breadcrumb\",\"itemListElement\":[{\"@type\":\"ListItem\",\"position\":1,\"name\":\"In\u00edcio\",\"item\":\"https:\/\/www.amstedmaxion.com.br\/\"},{\"@type\":\"ListItem\",\"position\":2,\"name\":\"Trabalhadores da MWL ocupam f\u00e1brica nesta ter\u00e7a-feira\"}]},{\"@type\":\"WebSite\",\"@id\":\"https:\/\/www.amstedmaxion.com.br\/#website\",\"url\":\"https:\/\/www.amstedmaxion.com.br\/\",\"name\":\"AmstedMaxion\",\"description\":\"AmstedMaxion - Fundi\u00e7\u00e3o e Equipamentos Ferrovi\u00e1rios\",\"publisher\":{\"@id\":\"https:\/\/www.amstedmaxion.com.br\/#organization\"},\"alternateName\":\"AmstedMaxion\",\"potentialAction\":[{\"@type\":\"SearchAction\",\"target\":{\"@type\":\"EntryPoint\",\"urlTemplate\":\"https:\/\/www.amstedmaxion.com.br\/?s={search_term_string}\"},\"query-input\":{\"@type\":\"PropertyValueSpecification\",\"valueRequired\":true,\"valueName\":\"search_term_string\"}}],\"inLanguage\":\"en-US\"},{\"@type\":\"Organization\",\"@id\":\"https:\/\/www.amstedmaxion.com.br\/#organization\",\"name\":\"AMSTEDMAXION\",\"url\":\"https:\/\/www.amstedmaxion.com.br\/\",\"logo\":{\"@type\":\"ImageObject\",\"inLanguage\":\"en-US\",\"@id\":\"https:\/\/www.amstedmaxion.com.br\/#\/schema\/logo\/image\/\",\"url\":\"https:\/\/www.amstedmaxion.com.br\/wp-content\/uploads\/2023\/11\/amsted.png\",\"contentUrl\":\"https:\/\/www.amstedmaxion.com.br\/wp-content\/uploads\/2023\/11\/amsted.png\",\"width\":500,\"height\":500,\"caption\":\"AMSTEDMAXION\"},\"image\":{\"@id\":\"https:\/\/www.amstedmaxion.com.br\/#\/schema\/logo\/image\/\"},\"sameAs\":[\"https:\/\/www.facebook.com\/AmstedMaxion.Oficial\",\"https:\/\/br.linkedin.com\/company\/amstedmaxion\"]},{\"@type\":\"Person\",\"@id\":\"https:\/\/www.amstedmaxion.com.br\/#\/schema\/person\/140cb65f07d4e66dd5543c8a187bf436\",\"name\":\"Rosane Storto\",\"image\":{\"@type\":\"ImageObject\",\"inLanguage\":\"en-US\",\"@id\":\"https:\/\/www.amstedmaxion.com.br\/#\/schema\/person\/image\/\",\"url\":\"https:\/\/secure.gravatar.com\/avatar\/0e3d021545bbe593cb0eb3ee740544fefa86d59762e63dec1dbe9480a34c98cd?s=96&d=mm&r=g\",\"contentUrl\":\"https:\/\/secure.gravatar.com\/avatar\/0e3d021545bbe593cb0eb3ee740544fefa86d59762e63dec1dbe9480a34c98cd?s=96&d=mm&r=g\",\"caption\":\"Rosane Storto\"}}]}<\/script>\n<!-- \/ Yoast SEO plugin. -->","yoast_head_json":{"title":"Trabalhadores da MWL ocupam f\u00e1brica nesta ter\u00e7a-feira - AmstedMaxion","robots":{"index":"index","follow":"follow","max-snippet":"max-snippet:-1","max-image-preview":"max-image-preview:large","max-video-preview":"max-video-preview:-1"},"canonical":"https:\/\/www.amstedmaxion.com.br\/trabalhadores-da-mwl-ocupam-fabrica-nesta-terca-feira\/","og_locale":"en_US","og_type":"article","og_title":"Trabalhadores da MWL ocupam f\u00e1brica nesta ter\u00e7a-feira - AmstedMaxion","og_description":"Band Vale &#8211; Trabalhadores v\u00e3o permanecer nas depend\u00eancias da MWL por tempo indeterminado Cerca de 100 metal\u00fargicos da MWL ocuparam na manh\u00e3 desta ter\u00e7a-feira (30) as instala\u00e7\u00f5es da f\u00e1brica, em Ca\u00e7apava. Sem receber sal\u00e1rios desde maio os trabalhadores v\u00e3o permanecer nas depend\u00eancias da MWL por tempo indeterminado, em esquema de revezamento. De acordo com o [&hellip;]","og_url":"https:\/\/www.amstedmaxion.com.br\/trabalhadores-da-mwl-ocupam-fabrica-nesta-terca-feira\/","og_site_name":"AmstedMaxion","article_publisher":"https:\/\/www.facebook.com\/AmstedMaxion.Oficial","article_published_time":"2022-08-30T18:18:31+00:00","og_image":[{"width":1280,"height":720,"url":"https:\/\/www.amstedmaxion.com.br\/wp-content\/uploads\/2022\/08\/MWL-Band-Vale.jpg","type":"image\/jpeg"}],"author":"Rosane Storto","twitter_card":"summary_large_image","twitter_misc":{"Written by":"Rosane Storto","Est. reading time":"1 minute"},"schema":{"@context":"https:\/\/schema.org","@graph":[{"@type":"Article","@id":"https:\/\/www.amstedmaxion.com.br\/trabalhadores-da-mwl-ocupam-fabrica-nesta-terca-feira\/#article","isPartOf":{"@id":"https:\/\/www.amstedmaxion.com.br\/trabalhadores-da-mwl-ocupam-fabrica-nesta-terca-feira\/"},"author":{"name":"Rosane Storto","@id":"https:\/\/www.amstedmaxion.com.br\/#\/schema\/person\/140cb65f07d4e66dd5543c8a187bf436"},"headline":"Trabalhadores da MWL ocupam f\u00e1brica nesta ter\u00e7a-feira","datePublished":"2022-08-30T18:18:31+00:00","dateModified":"2022-08-30T18:18:31+00:00","mainEntityOfPage":{"@id":"https:\/\/www.amstedmaxion.com.br\/trabalhadores-da-mwl-ocupam-fabrica-nesta-terca-feira\/"},"wordCount":280,"commentCount":0,"publisher":{"@id":"https:\/\/www.amstedmaxion.com.br\/#organization"},"image":{"@id":"https:\/\/www.amstedmaxion.com.br\/trabalhadores-da-mwl-ocupam-fabrica-nesta-terca-feira\/#primaryimage"},"thumbnailUrl":"https:\/\/www.amstedmaxion.com.br\/wp-content\/uploads\/2022\/08\/MWL-Band-Vale.jpg","articleSection":["Newsletter"],"inLanguage":"en-US","potentialAction":[{"@type":"CommentAction","name":"Comment","target":["https:\/\/www.amstedmaxion.com.br\/trabalhadores-da-mwl-ocupam-fabrica-nesta-terca-feira\/#respond"]}]},{"@type":"WebPage","@id":"https:\/\/www.amstedmaxion.com.br\/trabalhadores-da-mwl-ocupam-fabrica-nesta-terca-feira\/","url":"https:\/\/www.amstedmaxion.com.br\/trabalhadores-da-mwl-ocupam-fabrica-nesta-terca-feira\/","name":"Trabalhadores da MWL ocupam f\u00e1brica nesta ter\u00e7a-feira - AmstedMaxion","isPartOf":{"@id":"https:\/\/www.amstedmaxion.com.br\/#website"},"primaryImageOfPage":{"@id":"https:\/\/www.amstedmaxion.com.br\/trabalhadores-da-mwl-ocupam-fabrica-nesta-terca-feira\/#primaryimage"},"image":{"@id":"https:\/\/www.amstedmaxion.com.br\/trabalhadores-da-mwl-ocupam-fabrica-nesta-terca-feira\/#primaryimage"},"thumbnailUrl":"https:\/\/www.amstedmaxion.com.br\/wp-content\/uploads\/2022\/08\/MWL-Band-Vale.jpg","datePublished":"2022-08-30T18:18:31+00:00","dateModified":"2022-08-30T18:18:31+00:00","breadcrumb":{"@id":"https:\/\/www.amstedmaxion.com.br\/trabalhadores-da-mwl-ocupam-fabrica-nesta-terca-feira\/#breadcrumb"},"inLanguage":"en-US","potentialAction":[{"@type":"ReadAction","target":["https:\/\/www.amstedmaxion.com.br\/trabalhadores-da-mwl-ocupam-fabrica-nesta-terca-feira\/"]}]},{"@type":"ImageObject","inLanguage":"en-US","@id":"https:\/\/www.amstedmaxion.com.br\/trabalhadores-da-mwl-ocupam-fabrica-nesta-terca-feira\/#primaryimage","url":"https:\/\/www.amstedmaxion.com.br\/wp-content\/uploads\/2022\/08\/MWL-Band-Vale.jpg","contentUrl":"https:\/\/www.amstedmaxion.com.br\/wp-content\/uploads\/2022\/08\/MWL-Band-Vale.jpg","width":1280,"height":720,"caption":"Foto: captura de tela Band Vale"},{"@type":"BreadcrumbList","@id":"https:\/\/www.amstedmaxion.com.br\/trabalhadores-da-mwl-ocupam-fabrica-nesta-terca-feira\/#breadcrumb","itemListElement":[{"@type":"ListItem","position":1,"name":"In\u00edcio","item":"https:\/\/www.amstedmaxion.com.br\/"},{"@type":"ListItem","position":2,"name":"Trabalhadores da MWL ocupam f\u00e1brica nesta ter\u00e7a-feira"}]},{"@type":"WebSite","@id":"https:\/\/www.amstedmaxion.com.br\/#website","url":"https:\/\/www.amstedmaxion.com.br\/","name":"AmstedMaxion","description":"AmstedMaxion - Fundi\u00e7\u00e3o e Equipamentos Ferrovi\u00e1rios","publisher":{"@id":"https:\/\/www.amstedmaxion.com.br\/#organization"},"alternateName":"AmstedMaxion","potentialAction":[{"@type":"SearchAction","target":{"@type":"EntryPoint","urlTemplate":"https:\/\/www.amstedmaxion.com.br\/?s={search_term_string}"},"query-input":{"@type":"PropertyValueSpecification","valueRequired":true,"valueName":"search_term_string"}}],"inLanguage":"en-US"},{"@type":"Organization","@id":"https:\/\/www.amstedmaxion.com.br\/#organization","name":"AMSTEDMAXION","url":"https:\/\/www.amstedmaxion.com.br\/","logo":{"@type":"ImageObject","inLanguage":"en-US","@id":"https:\/\/www.amstedmaxion.com.br\/#\/schema\/logo\/image\/","url":"https:\/\/www.amstedmaxion.com.br\/wp-content\/uploads\/2023\/11\/amsted.png","contentUrl":"https:\/\/www.amstedmaxion.com.br\/wp-content\/uploads\/2023\/11\/amsted.png","width":500,"height":500,"caption":"AMSTEDMAXION"},"image":{"@id":"https:\/\/www.amstedmaxion.com.br\/#\/schema\/logo\/image\/"},"sameAs":["https:\/\/www.facebook.com\/AmstedMaxion.Oficial","https:\/\/br.linkedin.com\/company\/amstedmaxion"]},{"@type":"Person","@id":"https:\/\/www.amstedmaxion.com.br\/#\/schema\/person\/140cb65f07d4e66dd5543c8a187bf436","name":"Rosane Storto","image":{"@type":"ImageObject","inLanguage":"en-US","@id":"https:\/\/www.amstedmaxion.com.br\/#\/schema\/person\/image\/","url":"https:\/\/secure.gravatar.com\/avatar\/0e3d021545bbe593cb0eb3ee740544fefa86d59762e63dec1dbe9480a34c98cd?s=96&d=mm&r=g","contentUrl":"https:\/\/secure.gravatar.com\/avatar\/0e3d021545bbe593cb0eb3ee740544fefa86d59762e63dec1dbe9480a34c98cd?s=96&d=mm&r=g","caption":"Rosane Storto"}}]}},"_links":{"self":[{"href":"https:\/\/www.amstedmaxion.com.br\/en\/wp-json\/wp\/v2\/posts\/38744","targetHints":{"allow":["GET"]}}],"collection":[{"href":"https:\/\/www.amstedmaxion.com.br\/en\/wp-json\/wp\/v2\/posts"}],"about":[{"href":"https:\/\/www.amstedmaxion.com.br\/en\/wp-json\/wp\/v2\/types\/post"}],"author":[{"embeddable":true,"href":"https:\/\/www.amstedmaxion.com.br\/en\/wp-json\/wp\/v2\/users\/5"}],"replies":[{"embeddable":true,"href":"https:\/\/www.amstedmaxion.com.br\/en\/wp-json\/wp\/v2\/comments?post=38744"}],"version-history":[{"count":1,"href":"https:\/\/www.amstedmaxion.com.br\/en\/wp-json\/wp\/v2\/posts\/38744\/revisions"}],"predecessor-version":[{"id":38746,"href":"https:\/\/www.amstedmaxion.com.br\/en\/wp-json\/wp\/v2\/posts\/38744\/revisions\/38746"}],"wp:featuredmedia":[{"embeddable":true,"href":"https:\/\/www.amstedmaxion.com.br\/en\/wp-json\/wp\/v2\/media\/38745"}],"wp:attachment":[{"href":"https:\/\/www.amstedmaxion.com.br\/en\/wp-json\/wp\/v2\/media?parent=38744"}],"wp:term":[{"taxonomy":"category","embeddable":true,"href":"https:\/\/www.amstedmaxion.com.br\/en\/wp-json\/wp\/v2\/categories?post=38744"},{"taxonomy":"post_tag","embeddable":true,"href":"https:\/\/www.amstedmaxion.com.br\/en\/wp-json\/wp\/v2\/tags?post=38744"}],"curies":[{"name":"wp","href":"https:\/\/api.w.org\/{rel}","templated":true}]}}