{"id":38830,"date":"2022-09-05T15:28:29","date_gmt":"2022-09-05T18:28:29","guid":{"rendered":"https:\/\/www.amstedmaxion.com.br\/?p=38830"},"modified":"2022-09-05T15:28:32","modified_gmt":"2022-09-05T18:28:32","slug":"empresa-apresenta-linha-de-aluguel-de-maquinas-agricolas","status":"publish","type":"post","link":"https:\/\/www.amstedmaxion.com.br\/en\/empresa-apresenta-linha-de-aluguel-de-maquinas-agricolas\/","title":{"rendered":"Empresa apresenta linha de aluguel de m\u00e1quinas agr\u00edcolas"},"content":{"rendered":"\n<p>Canal Rural &#8211; H\u00e1 possibilidade de personalizar os planos de aluguel, bem como as manuten\u00e7\u00f5es destes equipamentos<\/p>\n\n\n\n<p>O Parque de Exposi\u00e7\u00e3o Assis Brasil recebe a estrutura completa da 45\u00aa Expointer. Com expectativas recordes de p\u00fablico ap\u00f3s dois anos participando no formato digital, a concession\u00e1ria John Deere, estar\u00e1 presente apresentando os lan\u00e7amentos da linha agr\u00edcola, bem como, m\u00e1quinas e equipamentos para a linha de constru\u00e7\u00e3o e pavimenta\u00e7\u00e3o para o Rio Grande do Sul.<\/p>\n\n\n\n<p>Nesta edi\u00e7\u00e3o tanto a linha agr\u00edcola, quanto a linha de equipamentos para constru\u00e7\u00e3o ter\u00e3o novidades. Uma delas tem como proposta a modalidade de aluguel de equipamentos agr\u00edcolas, de constru\u00e7\u00e3o e pavimenta\u00e7\u00e3o.<\/p>\n\n\n\n<p>Luis Fernando Ferreira, diretor de opera\u00e7\u00f5es da John Deere, explica que o aluguel dos equipamentos podem ser mais uma alternativa para a necessidade de cada cliente. Dessa maneira, h\u00e1 possibilidade de personalizar os planos de aluguel, bem como as manuten\u00e7\u00f5es destes equipamentos.<\/p>\n\n\n\n<p>O diretor ainda afirma que a expectativa \u00e9 muito positiva para essa modalidade, j\u00e1 que n\u00e3o existe a necessidade de imobilizar parte do capital dos clientes, que podem ser pessoa f\u00edsica e jur\u00eddica. Assim, o cliente possui maquin\u00e1rio e manuten\u00e7\u00e3o neste pacote, ficando focado na sua opera\u00e7\u00e3o.<\/p>\n\n\n\n<p>\u201cA modalidade Rental representa 30% do volume da ind\u00fastria de m\u00e1quinas para constru\u00e7\u00e3o no mercado brasileiro, segundo informa\u00e7\u00f5es da Sobratema \u2013 Associa\u00e7\u00e3o Brasileira de Tecnologia para Constru\u00e7\u00e3o e Minera\u00e7\u00e3o, especialista no assunto\u201d.<\/p>\n\n\n\n<p>Luis explica tamb\u00e9m que este modelo \u00e9 ideal para trabalhos de curto e longo prazo tanto no segmento de constru\u00e7\u00e3o quanto no agr\u00edcola.<\/p>\n\n\n\n<p>Para aqueles que buscam equipamentos de pavimenta\u00e7\u00e3o, ser\u00e1 poss\u00edvel encontrar a linha completa da Wirtgen, l\u00edder mundial do segmento. A Verdes Vales possui exclusividade na linha de m\u00e1quinas pesadas e equipamentos para constru\u00e7\u00e3o da John Deere para o Rio Grande do Sul.<\/p>\n\n\n\n<p>Lan\u00e7amentos na Expointer<\/p>\n\n\n\n<p>Mais de 90% do volume de neg\u00f3cios fechados na Expointer \u00e9 de vendas de m\u00e1quinas e implementos agr\u00edcolas. Foram 2,5 bilh\u00f5es de reais nestes produtos em 2019.<\/p>\n\n\n\n<p>\u201cEstamos muito confiantes em termos uma feira recorde de neg\u00f3cios\u201d, destaca Leonardo Messaggi, CEO da Verdes Vales.<\/p>\n\n\n\n<p>Al\u00e9m disso, um dos focos da John Deere este ano ser\u00e1 a conectividade, que \u00e9 uma das grandes revolu\u00e7\u00f5es no agroneg\u00f3cio brasileiro para auxiliar a produzir mais, melhor e otimizando recursos.<\/p>\n\n\n\n<p>\u201cPara os apaixonados pela marca, teremos o lan\u00e7amento da John Deere Collection 2022, com novos modelos de bon\u00e9s, camisetas, botas e muito mais. Ser\u00e3o 290 produtos diferentes para escolher e mostrar a sua paix\u00e3o pela marca\u201d, finaliza Leonardo.<\/p>\n\n\n\n<figure class=\"wp-block-image size-large is-resized\"><img loading=\"lazy\" decoding=\"async\" src=\"https:\/\/www.amstedmaxion.com.br\/wp-content\/uploads\/2021\/10\/john-deere-to-acquire-as-joint-venture-site.jpg\" alt=\"\" class=\"wp-image-26025\" width=\"384\" height=\"215\"\/><figcaption>Foto: Reprodu\u00e7\u00e3o John Deere<\/figcaption><\/figure>\n\n\n\n<p>Fonte: Canal Rural (<a href=\"https:\/\/www.canalrural.com.br\/noticias\/agricultura\/empresa-apresenta-linha-de-aluguel-de-maquinas-agricolas\/\">https:\/\/www.canalrural.com.br\/noticias\/agricultura\/empresa-apresenta-linha-de-aluguel-de-maquinas-agricolas\/<\/a>)<\/p>\n","protected":false},"excerpt":{"rendered":"<p>Canal Rural &#8211; H\u00e1 possibilidade de personalizar os planos de aluguel, bem como as manuten\u00e7\u00f5es destes equipamentos O Parque de Exposi\u00e7\u00e3o Assis Brasil recebe a estrutura completa da 45\u00aa Expointer. Com expectativas recordes de p\u00fablico ap\u00f3s dois anos participando no formato digital, a concession\u00e1ria John Deere, estar\u00e1 presente apresentando os lan\u00e7amentos da linha agr\u00edcola, bem [&hellip;]<\/p>\n","protected":false},"author":5,"featured_media":26025,"comment_status":"open","ping_status":"open","sticky":false,"template":"","format":"standard","meta":{"_acf_changed":false,"footnotes":""},"categories":[148],"tags":[],"class_list":["post-38830","post","type-post","status-publish","format-standard","has-post-thumbnail","hentry","category-newsletter"],"acf":[],"yoast_head":"<!-- This site is optimized with the Yoast SEO plugin v23.9 - https:\/\/yoast.com\/wordpress\/plugins\/seo\/ -->\n<title>Empresa apresenta linha de aluguel de m\u00e1quinas agr\u00edcolas - AmstedMaxion<\/title>\n<meta name=\"robots\" content=\"index, follow, max-snippet:-1, max-image-preview:large, max-video-preview:-1\" \/>\n<link rel=\"canonical\" href=\"https:\/\/www.amstedmaxion.com.br\/empresa-apresenta-linha-de-aluguel-de-maquinas-agricolas\/\" \/>\n<meta property=\"og:locale\" content=\"en_US\" \/>\n<meta property=\"og:type\" content=\"article\" \/>\n<meta property=\"og:title\" content=\"Empresa apresenta linha de aluguel de m\u00e1quinas agr\u00edcolas - AmstedMaxion\" \/>\n<meta property=\"og:description\" content=\"Canal Rural &#8211; H\u00e1 possibilidade de personalizar os planos de aluguel, bem como as manuten\u00e7\u00f5es destes equipamentos O Parque de Exposi\u00e7\u00e3o Assis Brasil recebe a estrutura completa da 45\u00aa Expointer. Com expectativas recordes de p\u00fablico ap\u00f3s dois anos participando no formato digital, a concession\u00e1ria John Deere, estar\u00e1 presente apresentando os lan\u00e7amentos da linha agr\u00edcola, bem [&hellip;]\" \/>\n<meta property=\"og:url\" content=\"https:\/\/www.amstedmaxion.com.br\/empresa-apresenta-linha-de-aluguel-de-maquinas-agricolas\/\" \/>\n<meta property=\"og:site_name\" content=\"AmstedMaxion\" \/>\n<meta property=\"article:publisher\" content=\"https:\/\/www.facebook.com\/AmstedMaxion.Oficial\" \/>\n<meta property=\"article:published_time\" content=\"2022-09-05T18:28:29+00:00\" \/>\n<meta property=\"article:modified_time\" content=\"2022-09-05T18:28:32+00:00\" \/>\n<meta property=\"og:image\" content=\"https:\/\/www.amstedmaxion.com.br\/wp-content\/uploads\/2021\/10\/john-deere-to-acquire-as-joint-venture-site.jpg\" \/>\n\t<meta property=\"og:image:width\" content=\"866\" \/>\n\t<meta property=\"og:image:height\" content=\"486\" \/>\n\t<meta property=\"og:image:type\" content=\"image\/jpeg\" \/>\n<meta name=\"author\" content=\"Rosane Storto\" \/>\n<meta name=\"twitter:card\" content=\"summary_large_image\" \/>\n<meta name=\"twitter:label1\" content=\"Written by\" \/>\n\t<meta name=\"twitter:data1\" content=\"Rosane Storto\" \/>\n\t<meta name=\"twitter:label2\" content=\"Est. reading time\" \/>\n\t<meta name=\"twitter:data2\" content=\"3 minutes\" \/>\n<script type=\"application\/ld+json\" class=\"yoast-schema-graph\">{\"@context\":\"https:\/\/schema.org\",\"@graph\":[{\"@type\":\"Article\",\"@id\":\"https:\/\/www.amstedmaxion.com.br\/empresa-apresenta-linha-de-aluguel-de-maquinas-agricolas\/#article\",\"isPartOf\":{\"@id\":\"https:\/\/www.amstedmaxion.com.br\/empresa-apresenta-linha-de-aluguel-de-maquinas-agricolas\/\"},\"author\":{\"name\":\"Rosane Storto\",\"@id\":\"https:\/\/www.amstedmaxion.com.br\/#\/schema\/person\/140cb65f07d4e66dd5543c8a187bf436\"},\"headline\":\"Empresa apresenta linha de aluguel de m\u00e1quinas agr\u00edcolas\",\"datePublished\":\"2022-09-05T18:28:29+00:00\",\"dateModified\":\"2022-09-05T18:28:32+00:00\",\"mainEntityOfPage\":{\"@id\":\"https:\/\/www.amstedmaxion.com.br\/empresa-apresenta-linha-de-aluguel-de-maquinas-agricolas\/\"},\"wordCount\":472,\"commentCount\":0,\"publisher\":{\"@id\":\"https:\/\/www.amstedmaxion.com.br\/#organization\"},\"image\":{\"@id\":\"https:\/\/www.amstedmaxion.com.br\/empresa-apresenta-linha-de-aluguel-de-maquinas-agricolas\/#primaryimage\"},\"thumbnailUrl\":\"https:\/\/www.amstedmaxion.com.br\/wp-content\/uploads\/2021\/10\/john-deere-to-acquire-as-joint-venture-site.jpg\",\"articleSection\":[\"Newsletter\"],\"inLanguage\":\"en-US\",\"potentialAction\":[{\"@type\":\"CommentAction\",\"name\":\"Comment\",\"target\":[\"https:\/\/www.amstedmaxion.com.br\/empresa-apresenta-linha-de-aluguel-de-maquinas-agricolas\/#respond\"]}]},{\"@type\":\"WebPage\",\"@id\":\"https:\/\/www.amstedmaxion.com.br\/empresa-apresenta-linha-de-aluguel-de-maquinas-agricolas\/\",\"url\":\"https:\/\/www.amstedmaxion.com.br\/empresa-apresenta-linha-de-aluguel-de-maquinas-agricolas\/\",\"name\":\"Empresa apresenta linha de aluguel de m\u00e1quinas agr\u00edcolas - AmstedMaxion\",\"isPartOf\":{\"@id\":\"https:\/\/www.amstedmaxion.com.br\/#website\"},\"primaryImageOfPage\":{\"@id\":\"https:\/\/www.amstedmaxion.com.br\/empresa-apresenta-linha-de-aluguel-de-maquinas-agricolas\/#primaryimage\"},\"image\":{\"@id\":\"https:\/\/www.amstedmaxion.com.br\/empresa-apresenta-linha-de-aluguel-de-maquinas-agricolas\/#primaryimage\"},\"thumbnailUrl\":\"https:\/\/www.amstedmaxion.com.br\/wp-content\/uploads\/2021\/10\/john-deere-to-acquire-as-joint-venture-site.jpg\",\"datePublished\":\"2022-09-05T18:28:29+00:00\",\"dateModified\":\"2022-09-05T18:28:32+00:00\",\"breadcrumb\":{\"@id\":\"https:\/\/www.amstedmaxion.com.br\/empresa-apresenta-linha-de-aluguel-de-maquinas-agricolas\/#breadcrumb\"},\"inLanguage\":\"en-US\",\"potentialAction\":[{\"@type\":\"ReadAction\",\"target\":[\"https:\/\/www.amstedmaxion.com.br\/empresa-apresenta-linha-de-aluguel-de-maquinas-agricolas\/\"]}]},{\"@type\":\"ImageObject\",\"inLanguage\":\"en-US\",\"@id\":\"https:\/\/www.amstedmaxion.com.br\/empresa-apresenta-linha-de-aluguel-de-maquinas-agricolas\/#primaryimage\",\"url\":\"https:\/\/www.amstedmaxion.com.br\/wp-content\/uploads\/2021\/10\/john-deere-to-acquire-as-joint-venture-site.jpg\",\"contentUrl\":\"https:\/\/www.amstedmaxion.com.br\/wp-content\/uploads\/2021\/10\/john-deere-to-acquire-as-joint-venture-site.jpg\",\"width\":866,\"height\":486,\"caption\":\"Foto: Reprodu\u00e7\u00e3o John Deere\"},{\"@type\":\"BreadcrumbList\",\"@id\":\"https:\/\/www.amstedmaxion.com.br\/empresa-apresenta-linha-de-aluguel-de-maquinas-agricolas\/#breadcrumb\",\"itemListElement\":[{\"@type\":\"ListItem\",\"position\":1,\"name\":\"In\u00edcio\",\"item\":\"https:\/\/www.amstedmaxion.com.br\/\"},{\"@type\":\"ListItem\",\"position\":2,\"name\":\"Empresa apresenta linha de aluguel de m\u00e1quinas agr\u00edcolas\"}]},{\"@type\":\"WebSite\",\"@id\":\"https:\/\/www.amstedmaxion.com.br\/#website\",\"url\":\"https:\/\/www.amstedmaxion.com.br\/\",\"name\":\"AmstedMaxion\",\"description\":\"AmstedMaxion - Fundi\u00e7\u00e3o e Equipamentos Ferrovi\u00e1rios\",\"publisher\":{\"@id\":\"https:\/\/www.amstedmaxion.com.br\/#organization\"},\"alternateName\":\"AmstedMaxion\",\"potentialAction\":[{\"@type\":\"SearchAction\",\"target\":{\"@type\":\"EntryPoint\",\"urlTemplate\":\"https:\/\/www.amstedmaxion.com.br\/?s={search_term_string}\"},\"query-input\":{\"@type\":\"PropertyValueSpecification\",\"valueRequired\":true,\"valueName\":\"search_term_string\"}}],\"inLanguage\":\"en-US\"},{\"@type\":\"Organization\",\"@id\":\"https:\/\/www.amstedmaxion.com.br\/#organization\",\"name\":\"AMSTEDMAXION\",\"url\":\"https:\/\/www.amstedmaxion.com.br\/\",\"logo\":{\"@type\":\"ImageObject\",\"inLanguage\":\"en-US\",\"@id\":\"https:\/\/www.amstedmaxion.com.br\/#\/schema\/logo\/image\/\",\"url\":\"https:\/\/www.amstedmaxion.com.br\/wp-content\/uploads\/2023\/11\/amsted.png\",\"contentUrl\":\"https:\/\/www.amstedmaxion.com.br\/wp-content\/uploads\/2023\/11\/amsted.png\",\"width\":500,\"height\":500,\"caption\":\"AMSTEDMAXION\"},\"image\":{\"@id\":\"https:\/\/www.amstedmaxion.com.br\/#\/schema\/logo\/image\/\"},\"sameAs\":[\"https:\/\/www.facebook.com\/AmstedMaxion.Oficial\",\"https:\/\/br.linkedin.com\/company\/amstedmaxion\"]},{\"@type\":\"Person\",\"@id\":\"https:\/\/www.amstedmaxion.com.br\/#\/schema\/person\/140cb65f07d4e66dd5543c8a187bf436\",\"name\":\"Rosane Storto\",\"image\":{\"@type\":\"ImageObject\",\"inLanguage\":\"en-US\",\"@id\":\"https:\/\/www.amstedmaxion.com.br\/#\/schema\/person\/image\/\",\"url\":\"https:\/\/secure.gravatar.com\/avatar\/0e3d021545bbe593cb0eb3ee740544fefa86d59762e63dec1dbe9480a34c98cd?s=96&d=mm&r=g\",\"contentUrl\":\"https:\/\/secure.gravatar.com\/avatar\/0e3d021545bbe593cb0eb3ee740544fefa86d59762e63dec1dbe9480a34c98cd?s=96&d=mm&r=g\",\"caption\":\"Rosane Storto\"}}]}<\/script>\n<!-- \/ Yoast SEO plugin. -->","yoast_head_json":{"title":"Empresa apresenta linha de aluguel de m\u00e1quinas agr\u00edcolas - AmstedMaxion","robots":{"index":"index","follow":"follow","max-snippet":"max-snippet:-1","max-image-preview":"max-image-preview:large","max-video-preview":"max-video-preview:-1"},"canonical":"https:\/\/www.amstedmaxion.com.br\/empresa-apresenta-linha-de-aluguel-de-maquinas-agricolas\/","og_locale":"en_US","og_type":"article","og_title":"Empresa apresenta linha de aluguel de m\u00e1quinas agr\u00edcolas - AmstedMaxion","og_description":"Canal Rural &#8211; H\u00e1 possibilidade de personalizar os planos de aluguel, bem como as manuten\u00e7\u00f5es destes equipamentos O Parque de Exposi\u00e7\u00e3o Assis Brasil recebe a estrutura completa da 45\u00aa Expointer. Com expectativas recordes de p\u00fablico ap\u00f3s dois anos participando no formato digital, a concession\u00e1ria John Deere, estar\u00e1 presente apresentando os lan\u00e7amentos da linha agr\u00edcola, bem [&hellip;]","og_url":"https:\/\/www.amstedmaxion.com.br\/empresa-apresenta-linha-de-aluguel-de-maquinas-agricolas\/","og_site_name":"AmstedMaxion","article_publisher":"https:\/\/www.facebook.com\/AmstedMaxion.Oficial","article_published_time":"2022-09-05T18:28:29+00:00","article_modified_time":"2022-09-05T18:28:32+00:00","og_image":[{"width":866,"height":486,"url":"https:\/\/www.amstedmaxion.com.br\/wp-content\/uploads\/2021\/10\/john-deere-to-acquire-as-joint-venture-site.jpg","type":"image\/jpeg"}],"author":"Rosane Storto","twitter_card":"summary_large_image","twitter_misc":{"Written by":"Rosane Storto","Est. reading time":"3 minutes"},"schema":{"@context":"https:\/\/schema.org","@graph":[{"@type":"Article","@id":"https:\/\/www.amstedmaxion.com.br\/empresa-apresenta-linha-de-aluguel-de-maquinas-agricolas\/#article","isPartOf":{"@id":"https:\/\/www.amstedmaxion.com.br\/empresa-apresenta-linha-de-aluguel-de-maquinas-agricolas\/"},"author":{"name":"Rosane Storto","@id":"https:\/\/www.amstedmaxion.com.br\/#\/schema\/person\/140cb65f07d4e66dd5543c8a187bf436"},"headline":"Empresa apresenta linha de aluguel de m\u00e1quinas agr\u00edcolas","datePublished":"2022-09-05T18:28:29+00:00","dateModified":"2022-09-05T18:28:32+00:00","mainEntityOfPage":{"@id":"https:\/\/www.amstedmaxion.com.br\/empresa-apresenta-linha-de-aluguel-de-maquinas-agricolas\/"},"wordCount":472,"commentCount":0,"publisher":{"@id":"https:\/\/www.amstedmaxion.com.br\/#organization"},"image":{"@id":"https:\/\/www.amstedmaxion.com.br\/empresa-apresenta-linha-de-aluguel-de-maquinas-agricolas\/#primaryimage"},"thumbnailUrl":"https:\/\/www.amstedmaxion.com.br\/wp-content\/uploads\/2021\/10\/john-deere-to-acquire-as-joint-venture-site.jpg","articleSection":["Newsletter"],"inLanguage":"en-US","potentialAction":[{"@type":"CommentAction","name":"Comment","target":["https:\/\/www.amstedmaxion.com.br\/empresa-apresenta-linha-de-aluguel-de-maquinas-agricolas\/#respond"]}]},{"@type":"WebPage","@id":"https:\/\/www.amstedmaxion.com.br\/empresa-apresenta-linha-de-aluguel-de-maquinas-agricolas\/","url":"https:\/\/www.amstedmaxion.com.br\/empresa-apresenta-linha-de-aluguel-de-maquinas-agricolas\/","name":"Empresa apresenta linha de aluguel de m\u00e1quinas agr\u00edcolas - AmstedMaxion","isPartOf":{"@id":"https:\/\/www.amstedmaxion.com.br\/#website"},"primaryImageOfPage":{"@id":"https:\/\/www.amstedmaxion.com.br\/empresa-apresenta-linha-de-aluguel-de-maquinas-agricolas\/#primaryimage"},"image":{"@id":"https:\/\/www.amstedmaxion.com.br\/empresa-apresenta-linha-de-aluguel-de-maquinas-agricolas\/#primaryimage"},"thumbnailUrl":"https:\/\/www.amstedmaxion.com.br\/wp-content\/uploads\/2021\/10\/john-deere-to-acquire-as-joint-venture-site.jpg","datePublished":"2022-09-05T18:28:29+00:00","dateModified":"2022-09-05T18:28:32+00:00","breadcrumb":{"@id":"https:\/\/www.amstedmaxion.com.br\/empresa-apresenta-linha-de-aluguel-de-maquinas-agricolas\/#breadcrumb"},"inLanguage":"en-US","potentialAction":[{"@type":"ReadAction","target":["https:\/\/www.amstedmaxion.com.br\/empresa-apresenta-linha-de-aluguel-de-maquinas-agricolas\/"]}]},{"@type":"ImageObject","inLanguage":"en-US","@id":"https:\/\/www.amstedmaxion.com.br\/empresa-apresenta-linha-de-aluguel-de-maquinas-agricolas\/#primaryimage","url":"https:\/\/www.amstedmaxion.com.br\/wp-content\/uploads\/2021\/10\/john-deere-to-acquire-as-joint-venture-site.jpg","contentUrl":"https:\/\/www.amstedmaxion.com.br\/wp-content\/uploads\/2021\/10\/john-deere-to-acquire-as-joint-venture-site.jpg","width":866,"height":486,"caption":"Foto: Reprodu\u00e7\u00e3o John Deere"},{"@type":"BreadcrumbList","@id":"https:\/\/www.amstedmaxion.com.br\/empresa-apresenta-linha-de-aluguel-de-maquinas-agricolas\/#breadcrumb","itemListElement":[{"@type":"ListItem","position":1,"name":"In\u00edcio","item":"https:\/\/www.amstedmaxion.com.br\/"},{"@type":"ListItem","position":2,"name":"Empresa apresenta linha de aluguel de m\u00e1quinas agr\u00edcolas"}]},{"@type":"WebSite","@id":"https:\/\/www.amstedmaxion.com.br\/#website","url":"https:\/\/www.amstedmaxion.com.br\/","name":"AmstedMaxion","description":"AmstedMaxion - Fundi\u00e7\u00e3o e Equipamentos Ferrovi\u00e1rios","publisher":{"@id":"https:\/\/www.amstedmaxion.com.br\/#organization"},"alternateName":"AmstedMaxion","potentialAction":[{"@type":"SearchAction","target":{"@type":"EntryPoint","urlTemplate":"https:\/\/www.amstedmaxion.com.br\/?s={search_term_string}"},"query-input":{"@type":"PropertyValueSpecification","valueRequired":true,"valueName":"search_term_string"}}],"inLanguage":"en-US"},{"@type":"Organization","@id":"https:\/\/www.amstedmaxion.com.br\/#organization","name":"AMSTEDMAXION","url":"https:\/\/www.amstedmaxion.com.br\/","logo":{"@type":"ImageObject","inLanguage":"en-US","@id":"https:\/\/www.amstedmaxion.com.br\/#\/schema\/logo\/image\/","url":"https:\/\/www.amstedmaxion.com.br\/wp-content\/uploads\/2023\/11\/amsted.png","contentUrl":"https:\/\/www.amstedmaxion.com.br\/wp-content\/uploads\/2023\/11\/amsted.png","width":500,"height":500,"caption":"AMSTEDMAXION"},"image":{"@id":"https:\/\/www.amstedmaxion.com.br\/#\/schema\/logo\/image\/"},"sameAs":["https:\/\/www.facebook.com\/AmstedMaxion.Oficial","https:\/\/br.linkedin.com\/company\/amstedmaxion"]},{"@type":"Person","@id":"https:\/\/www.amstedmaxion.com.br\/#\/schema\/person\/140cb65f07d4e66dd5543c8a187bf436","name":"Rosane Storto","image":{"@type":"ImageObject","inLanguage":"en-US","@id":"https:\/\/www.amstedmaxion.com.br\/#\/schema\/person\/image\/","url":"https:\/\/secure.gravatar.com\/avatar\/0e3d021545bbe593cb0eb3ee740544fefa86d59762e63dec1dbe9480a34c98cd?s=96&d=mm&r=g","contentUrl":"https:\/\/secure.gravatar.com\/avatar\/0e3d021545bbe593cb0eb3ee740544fefa86d59762e63dec1dbe9480a34c98cd?s=96&d=mm&r=g","caption":"Rosane Storto"}}]}},"_links":{"self":[{"href":"https:\/\/www.amstedmaxion.com.br\/en\/wp-json\/wp\/v2\/posts\/38830","targetHints":{"allow":["GET"]}}],"collection":[{"href":"https:\/\/www.amstedmaxion.com.br\/en\/wp-json\/wp\/v2\/posts"}],"about":[{"href":"https:\/\/www.amstedmaxion.com.br\/en\/wp-json\/wp\/v2\/types\/post"}],"author":[{"embeddable":true,"href":"https:\/\/www.amstedmaxion.com.br\/en\/wp-json\/wp\/v2\/users\/5"}],"replies":[{"embeddable":true,"href":"https:\/\/www.amstedmaxion.com.br\/en\/wp-json\/wp\/v2\/comments?post=38830"}],"version-history":[{"count":1,"href":"https:\/\/www.amstedmaxion.com.br\/en\/wp-json\/wp\/v2\/posts\/38830\/revisions"}],"predecessor-version":[{"id":38831,"href":"https:\/\/www.amstedmaxion.com.br\/en\/wp-json\/wp\/v2\/posts\/38830\/revisions\/38831"}],"wp:featuredmedia":[{"embeddable":true,"href":"https:\/\/www.amstedmaxion.com.br\/en\/wp-json\/wp\/v2\/media\/26025"}],"wp:attachment":[{"href":"https:\/\/www.amstedmaxion.com.br\/en\/wp-json\/wp\/v2\/media?parent=38830"}],"wp:term":[{"taxonomy":"category","embeddable":true,"href":"https:\/\/www.amstedmaxion.com.br\/en\/wp-json\/wp\/v2\/categories?post=38830"},{"taxonomy":"post_tag","embeddable":true,"href":"https:\/\/www.amstedmaxion.com.br\/en\/wp-json\/wp\/v2\/tags?post=38830"}],"curies":[{"name":"wp","href":"https:\/\/api.w.org\/{rel}","templated":true}]}}