{"id":3907,"date":"2018-04-11T12:35:12","date_gmt":"2018-04-11T15:35:12","guid":{"rendered":"http:\/\/189.16.185.54\/?p=3907"},"modified":"2018-04-11T12:35:12","modified_gmt":"2018-04-11T15:35:12","slug":"apos-2-anos-travada-renovacao-da-malha-paulista-avanca-diz-presidente-da-rumo","status":"publish","type":"post","link":"https:\/\/www.amstedmaxion.com.br\/en\/apos-2-anos-travada-renovacao-da-malha-paulista-avanca-diz-presidente-da-rumo\/","title":{"rendered":"Ap\u00f3s 2 anos travada, renova\u00e7\u00e3o da Malha Paulista avan\u00e7a, diz presidente da Rumo"},"content":{"rendered":"<p>Ap\u00f3s mais de dois anos sem uma resolu\u00e7\u00e3o, o pedido para prorrogar a concess\u00e3o da Malha Paulista est\u00e1 sendo avaliado, \u201cpela primeira vez, em ritmo forte\u201d, disse Julio Fontana Neto, presidente-executivo da Rumo, empresa que opera a ferrovia. A Malha Paulista \u00e9 considerada uma importante via de escoamento do agroneg\u00f3cio do Mato Grosso do Sul at\u00e9 o porto de Santos, em S\u00e3o Paulo.<\/p>\n<p>Recentemente, a ANTT (ag\u00eancia reguladora do setor), divulgou um cronograma para acelerar o processo, disse o executivo. Ele afirmou ainda que a empresa n\u00e3o trabalha com a possibilidade de que a renova\u00e7\u00e3o n\u00e3o ocorra. O imbr\u00f3glio come\u00e7ou em 2015, quando a Rumo pediu que a prorroga\u00e7\u00e3o da concess\u00e3o por 30 anos fosse antecipada.<\/p>\n<p>Inicialmente, o contrato se encerraria em 2028, e s\u00f3 ent\u00e3o a empresa entraria com o pedido de renova\u00e7\u00e3o. O argumento \u00e9 que a antecipa\u00e7\u00e3o tornaria poss\u00edvel adiantar investimentos na malha, o que daria mais efici\u00eancia ao transporte dos produtos agr\u00edcolas. Desde ent\u00e3o, o pedido est\u00e1 travado. Ainda n\u00e3o foram feitos os estudos jur\u00eddicos e financeiros para a renova\u00e7\u00e3o, e houve resist\u00eancia por parte do TCU (Tribunal de Contas da Uni\u00e3o) ao projeto.<\/p>\n<p>Agora, por\u00e9m, o processo parece caminhar, com a nova diretoria da ANTT (ag\u00eancia reguladora do setor), empossada em fevereiro deste ano, afirmou Fontana. \u201cA falta de bra\u00e7o, que era um dos motivos que se alegava [para a demora da an\u00e1lise] foi resolvida, houve a contrata\u00e7\u00e3o da [consultora] Accenture para dar mais ritmo\u201d, afirmou o executivo nesta ter\u00e7a (3).<\/p>\n<p>Os estudos dever\u00e3o ser entregues em 45 dias ao TCU, que ir\u00e1 fazer suas observa\u00e7\u00f5es. A expectativa, por\u00e9m, \u00e9 positiva, segundo o presidente. \u201cO tribunal est\u00e1 acompanhando. Quando foi divulgado o cronograma, estavam todas as partes presentes na mesa, e houve compromisso de realizar no prazo\u201d, afirmou. O caso \u00e9 importante por ser o primeiro pedido de antecipa\u00e7\u00e3o de uma concess\u00e3o ferrovi\u00e1ria \u2013da\u00ed a demora na an\u00e1lise do processo. Em caso de aprova\u00e7\u00e3o, a medida dever\u00e1 trazer um precedente para todas as concess\u00f5es do setor.<\/p>\n<p>Fonte: Folha de S. Paulo<\/p>\n","protected":false},"excerpt":{"rendered":"<p>Ap\u00f3s mais de dois anos sem uma resolu\u00e7\u00e3o, o pedido para prorrogar a concess\u00e3o da Malha Paulista est\u00e1 sendo avaliado, \u201cpela primeira vez, em ritmo forte\u201d, disse Julio Fontana Neto, presidente-executivo da Rumo, empresa que opera a ferrovia. A Malha Paulista \u00e9 considerada uma importante via de escoamento do agroneg\u00f3cio do Mato Grosso do Sul [&hellip;]<\/p>\n","protected":false},"author":5,"featured_media":0,"comment_status":"open","ping_status":"open","sticky":false,"template":"","format":"standard","meta":{"_acf_changed":false,"footnotes":""},"categories":[2],"tags":[],"class_list":["post-3907","post","type-post","status-publish","format-standard","hentry","category-noticias"],"acf":[],"yoast_head":"<!-- This site is optimized with the Yoast SEO plugin v23.9 - https:\/\/yoast.com\/wordpress\/plugins\/seo\/ -->\n<title>Ap\u00f3s 2 anos travada, renova\u00e7\u00e3o da Malha Paulista avan\u00e7a, diz presidente da Rumo - AmstedMaxion<\/title>\n<meta name=\"robots\" content=\"index, follow, max-snippet:-1, max-image-preview:large, max-video-preview:-1\" \/>\n<link rel=\"canonical\" href=\"https:\/\/www.amstedmaxion.com.br\/en\/apos-2-anos-travada-renovacao-da-malha-paulista-avanca-diz-presidente-da-rumo\/\" \/>\n<meta property=\"og:locale\" content=\"en_US\" \/>\n<meta property=\"og:type\" content=\"article\" \/>\n<meta property=\"og:title\" content=\"Ap\u00f3s 2 anos travada, renova\u00e7\u00e3o da Malha Paulista avan\u00e7a, diz presidente da Rumo - AmstedMaxion\" \/>\n<meta property=\"og:description\" content=\"Ap\u00f3s mais de dois anos sem uma resolu\u00e7\u00e3o, o pedido para prorrogar a concess\u00e3o da Malha Paulista est\u00e1 sendo avaliado, \u201cpela primeira vez, em ritmo forte\u201d, disse Julio Fontana Neto, presidente-executivo da Rumo, empresa que opera a ferrovia. A Malha Paulista \u00e9 considerada uma importante via de escoamento do agroneg\u00f3cio do Mato Grosso do Sul [&hellip;]\" \/>\n<meta property=\"og:url\" content=\"https:\/\/www.amstedmaxion.com.br\/en\/apos-2-anos-travada-renovacao-da-malha-paulista-avanca-diz-presidente-da-rumo\/\" \/>\n<meta property=\"og:site_name\" content=\"AmstedMaxion\" \/>\n<meta property=\"article:publisher\" content=\"https:\/\/www.facebook.com\/AmstedMaxion.Oficial\" \/>\n<meta property=\"article:published_time\" content=\"2018-04-11T15:35:12+00:00\" \/>\n<meta name=\"author\" content=\"Rosane Storto\" \/>\n<meta name=\"twitter:card\" content=\"summary_large_image\" \/>\n<meta name=\"twitter:label1\" content=\"Written by\" \/>\n\t<meta name=\"twitter:data1\" content=\"Rosane Storto\" \/>\n\t<meta name=\"twitter:label2\" content=\"Est. reading time\" \/>\n\t<meta name=\"twitter:data2\" content=\"2 minutes\" \/>\n<script type=\"application\/ld+json\" class=\"yoast-schema-graph\">{\"@context\":\"https:\/\/schema.org\",\"@graph\":[{\"@type\":\"Article\",\"@id\":\"https:\/\/www.amstedmaxion.com.br\/en\/apos-2-anos-travada-renovacao-da-malha-paulista-avanca-diz-presidente-da-rumo\/#article\",\"isPartOf\":{\"@id\":\"https:\/\/www.amstedmaxion.com.br\/en\/apos-2-anos-travada-renovacao-da-malha-paulista-avanca-diz-presidente-da-rumo\/\"},\"author\":{\"name\":\"Rosane Storto\",\"@id\":\"https:\/\/www.amstedmaxion.com.br\/#\/schema\/person\/140cb65f07d4e66dd5543c8a187bf436\"},\"headline\":\"Ap\u00f3s 2 anos travada, renova\u00e7\u00e3o da Malha Paulista avan\u00e7a, diz presidente da Rumo\",\"datePublished\":\"2018-04-11T15:35:12+00:00\",\"dateModified\":\"2018-04-11T15:35:12+00:00\",\"mainEntityOfPage\":{\"@id\":\"https:\/\/www.amstedmaxion.com.br\/en\/apos-2-anos-travada-renovacao-da-malha-paulista-avanca-diz-presidente-da-rumo\/\"},\"wordCount\":382,\"commentCount\":0,\"publisher\":{\"@id\":\"https:\/\/www.amstedmaxion.com.br\/#organization\"},\"articleSection\":[\"Not\u00edcias da AmstedMaxion\"],\"inLanguage\":\"en-US\",\"potentialAction\":[{\"@type\":\"CommentAction\",\"name\":\"Comment\",\"target\":[\"https:\/\/www.amstedmaxion.com.br\/en\/apos-2-anos-travada-renovacao-da-malha-paulista-avanca-diz-presidente-da-rumo\/#respond\"]}]},{\"@type\":\"WebPage\",\"@id\":\"https:\/\/www.amstedmaxion.com.br\/en\/apos-2-anos-travada-renovacao-da-malha-paulista-avanca-diz-presidente-da-rumo\/\",\"url\":\"https:\/\/www.amstedmaxion.com.br\/en\/apos-2-anos-travada-renovacao-da-malha-paulista-avanca-diz-presidente-da-rumo\/\",\"name\":\"Ap\u00f3s 2 anos travada, renova\u00e7\u00e3o da Malha Paulista avan\u00e7a, diz presidente da Rumo - AmstedMaxion\",\"isPartOf\":{\"@id\":\"https:\/\/www.amstedmaxion.com.br\/#website\"},\"datePublished\":\"2018-04-11T15:35:12+00:00\",\"dateModified\":\"2018-04-11T15:35:12+00:00\",\"breadcrumb\":{\"@id\":\"https:\/\/www.amstedmaxion.com.br\/en\/apos-2-anos-travada-renovacao-da-malha-paulista-avanca-diz-presidente-da-rumo\/#breadcrumb\"},\"inLanguage\":\"en-US\",\"potentialAction\":[{\"@type\":\"ReadAction\",\"target\":[\"https:\/\/www.amstedmaxion.com.br\/en\/apos-2-anos-travada-renovacao-da-malha-paulista-avanca-diz-presidente-da-rumo\/\"]}]},{\"@type\":\"BreadcrumbList\",\"@id\":\"https:\/\/www.amstedmaxion.com.br\/en\/apos-2-anos-travada-renovacao-da-malha-paulista-avanca-diz-presidente-da-rumo\/#breadcrumb\",\"itemListElement\":[{\"@type\":\"ListItem\",\"position\":1,\"name\":\"In\u00edcio\",\"item\":\"https:\/\/www.amstedmaxion.com.br\/\"},{\"@type\":\"ListItem\",\"position\":2,\"name\":\"Ap\u00f3s 2 anos travada, renova\u00e7\u00e3o da Malha Paulista avan\u00e7a, diz presidente da Rumo\"}]},{\"@type\":\"WebSite\",\"@id\":\"https:\/\/www.amstedmaxion.com.br\/#website\",\"url\":\"https:\/\/www.amstedmaxion.com.br\/\",\"name\":\"AmstedMaxion\",\"description\":\"AmstedMaxion - Fundi\u00e7\u00e3o e Equipamentos Ferrovi\u00e1rios\",\"publisher\":{\"@id\":\"https:\/\/www.amstedmaxion.com.br\/#organization\"},\"alternateName\":\"AmstedMaxion\",\"potentialAction\":[{\"@type\":\"SearchAction\",\"target\":{\"@type\":\"EntryPoint\",\"urlTemplate\":\"https:\/\/www.amstedmaxion.com.br\/?s={search_term_string}\"},\"query-input\":{\"@type\":\"PropertyValueSpecification\",\"valueRequired\":true,\"valueName\":\"search_term_string\"}}],\"inLanguage\":\"en-US\"},{\"@type\":\"Organization\",\"@id\":\"https:\/\/www.amstedmaxion.com.br\/#organization\",\"name\":\"AMSTEDMAXION\",\"url\":\"https:\/\/www.amstedmaxion.com.br\/\",\"logo\":{\"@type\":\"ImageObject\",\"inLanguage\":\"en-US\",\"@id\":\"https:\/\/www.amstedmaxion.com.br\/#\/schema\/logo\/image\/\",\"url\":\"https:\/\/www.amstedmaxion.com.br\/wp-content\/uploads\/2023\/11\/amsted.png\",\"contentUrl\":\"https:\/\/www.amstedmaxion.com.br\/wp-content\/uploads\/2023\/11\/amsted.png\",\"width\":500,\"height\":500,\"caption\":\"AMSTEDMAXION\"},\"image\":{\"@id\":\"https:\/\/www.amstedmaxion.com.br\/#\/schema\/logo\/image\/\"},\"sameAs\":[\"https:\/\/www.facebook.com\/AmstedMaxion.Oficial\",\"https:\/\/br.linkedin.com\/company\/amstedmaxion\"]},{\"@type\":\"Person\",\"@id\":\"https:\/\/www.amstedmaxion.com.br\/#\/schema\/person\/140cb65f07d4e66dd5543c8a187bf436\",\"name\":\"Rosane Storto\",\"image\":{\"@type\":\"ImageObject\",\"inLanguage\":\"en-US\",\"@id\":\"https:\/\/www.amstedmaxion.com.br\/#\/schema\/person\/image\/\",\"url\":\"https:\/\/secure.gravatar.com\/avatar\/0e3d021545bbe593cb0eb3ee740544fefa86d59762e63dec1dbe9480a34c98cd?s=96&d=mm&r=g\",\"contentUrl\":\"https:\/\/secure.gravatar.com\/avatar\/0e3d021545bbe593cb0eb3ee740544fefa86d59762e63dec1dbe9480a34c98cd?s=96&d=mm&r=g\",\"caption\":\"Rosane Storto\"}}]}<\/script>\n<!-- \/ Yoast SEO plugin. -->","yoast_head_json":{"title":"Ap\u00f3s 2 anos travada, renova\u00e7\u00e3o da Malha Paulista avan\u00e7a, diz presidente da Rumo - AmstedMaxion","robots":{"index":"index","follow":"follow","max-snippet":"max-snippet:-1","max-image-preview":"max-image-preview:large","max-video-preview":"max-video-preview:-1"},"canonical":"https:\/\/www.amstedmaxion.com.br\/en\/apos-2-anos-travada-renovacao-da-malha-paulista-avanca-diz-presidente-da-rumo\/","og_locale":"en_US","og_type":"article","og_title":"Ap\u00f3s 2 anos travada, renova\u00e7\u00e3o da Malha Paulista avan\u00e7a, diz presidente da Rumo - AmstedMaxion","og_description":"Ap\u00f3s mais de dois anos sem uma resolu\u00e7\u00e3o, o pedido para prorrogar a concess\u00e3o da Malha Paulista est\u00e1 sendo avaliado, \u201cpela primeira vez, em ritmo forte\u201d, disse Julio Fontana Neto, presidente-executivo da Rumo, empresa que opera a ferrovia. A Malha Paulista \u00e9 considerada uma importante via de escoamento do agroneg\u00f3cio do Mato Grosso do Sul [&hellip;]","og_url":"https:\/\/www.amstedmaxion.com.br\/en\/apos-2-anos-travada-renovacao-da-malha-paulista-avanca-diz-presidente-da-rumo\/","og_site_name":"AmstedMaxion","article_publisher":"https:\/\/www.facebook.com\/AmstedMaxion.Oficial","article_published_time":"2018-04-11T15:35:12+00:00","author":"Rosane Storto","twitter_card":"summary_large_image","twitter_misc":{"Written by":"Rosane Storto","Est. reading time":"2 minutes"},"schema":{"@context":"https:\/\/schema.org","@graph":[{"@type":"Article","@id":"https:\/\/www.amstedmaxion.com.br\/en\/apos-2-anos-travada-renovacao-da-malha-paulista-avanca-diz-presidente-da-rumo\/#article","isPartOf":{"@id":"https:\/\/www.amstedmaxion.com.br\/en\/apos-2-anos-travada-renovacao-da-malha-paulista-avanca-diz-presidente-da-rumo\/"},"author":{"name":"Rosane Storto","@id":"https:\/\/www.amstedmaxion.com.br\/#\/schema\/person\/140cb65f07d4e66dd5543c8a187bf436"},"headline":"Ap\u00f3s 2 anos travada, renova\u00e7\u00e3o da Malha Paulista avan\u00e7a, diz presidente da Rumo","datePublished":"2018-04-11T15:35:12+00:00","dateModified":"2018-04-11T15:35:12+00:00","mainEntityOfPage":{"@id":"https:\/\/www.amstedmaxion.com.br\/en\/apos-2-anos-travada-renovacao-da-malha-paulista-avanca-diz-presidente-da-rumo\/"},"wordCount":382,"commentCount":0,"publisher":{"@id":"https:\/\/www.amstedmaxion.com.br\/#organization"},"articleSection":["Not\u00edcias da AmstedMaxion"],"inLanguage":"en-US","potentialAction":[{"@type":"CommentAction","name":"Comment","target":["https:\/\/www.amstedmaxion.com.br\/en\/apos-2-anos-travada-renovacao-da-malha-paulista-avanca-diz-presidente-da-rumo\/#respond"]}]},{"@type":"WebPage","@id":"https:\/\/www.amstedmaxion.com.br\/en\/apos-2-anos-travada-renovacao-da-malha-paulista-avanca-diz-presidente-da-rumo\/","url":"https:\/\/www.amstedmaxion.com.br\/en\/apos-2-anos-travada-renovacao-da-malha-paulista-avanca-diz-presidente-da-rumo\/","name":"Ap\u00f3s 2 anos travada, renova\u00e7\u00e3o da Malha Paulista avan\u00e7a, diz presidente da Rumo - AmstedMaxion","isPartOf":{"@id":"https:\/\/www.amstedmaxion.com.br\/#website"},"datePublished":"2018-04-11T15:35:12+00:00","dateModified":"2018-04-11T15:35:12+00:00","breadcrumb":{"@id":"https:\/\/www.amstedmaxion.com.br\/en\/apos-2-anos-travada-renovacao-da-malha-paulista-avanca-diz-presidente-da-rumo\/#breadcrumb"},"inLanguage":"en-US","potentialAction":[{"@type":"ReadAction","target":["https:\/\/www.amstedmaxion.com.br\/en\/apos-2-anos-travada-renovacao-da-malha-paulista-avanca-diz-presidente-da-rumo\/"]}]},{"@type":"BreadcrumbList","@id":"https:\/\/www.amstedmaxion.com.br\/en\/apos-2-anos-travada-renovacao-da-malha-paulista-avanca-diz-presidente-da-rumo\/#breadcrumb","itemListElement":[{"@type":"ListItem","position":1,"name":"In\u00edcio","item":"https:\/\/www.amstedmaxion.com.br\/"},{"@type":"ListItem","position":2,"name":"Ap\u00f3s 2 anos travada, renova\u00e7\u00e3o da Malha Paulista avan\u00e7a, diz presidente da Rumo"}]},{"@type":"WebSite","@id":"https:\/\/www.amstedmaxion.com.br\/#website","url":"https:\/\/www.amstedmaxion.com.br\/","name":"AmstedMaxion","description":"AmstedMaxion - Fundi\u00e7\u00e3o e Equipamentos Ferrovi\u00e1rios","publisher":{"@id":"https:\/\/www.amstedmaxion.com.br\/#organization"},"alternateName":"AmstedMaxion","potentialAction":[{"@type":"SearchAction","target":{"@type":"EntryPoint","urlTemplate":"https:\/\/www.amstedmaxion.com.br\/?s={search_term_string}"},"query-input":{"@type":"PropertyValueSpecification","valueRequired":true,"valueName":"search_term_string"}}],"inLanguage":"en-US"},{"@type":"Organization","@id":"https:\/\/www.amstedmaxion.com.br\/#organization","name":"AMSTEDMAXION","url":"https:\/\/www.amstedmaxion.com.br\/","logo":{"@type":"ImageObject","inLanguage":"en-US","@id":"https:\/\/www.amstedmaxion.com.br\/#\/schema\/logo\/image\/","url":"https:\/\/www.amstedmaxion.com.br\/wp-content\/uploads\/2023\/11\/amsted.png","contentUrl":"https:\/\/www.amstedmaxion.com.br\/wp-content\/uploads\/2023\/11\/amsted.png","width":500,"height":500,"caption":"AMSTEDMAXION"},"image":{"@id":"https:\/\/www.amstedmaxion.com.br\/#\/schema\/logo\/image\/"},"sameAs":["https:\/\/www.facebook.com\/AmstedMaxion.Oficial","https:\/\/br.linkedin.com\/company\/amstedmaxion"]},{"@type":"Person","@id":"https:\/\/www.amstedmaxion.com.br\/#\/schema\/person\/140cb65f07d4e66dd5543c8a187bf436","name":"Rosane Storto","image":{"@type":"ImageObject","inLanguage":"en-US","@id":"https:\/\/www.amstedmaxion.com.br\/#\/schema\/person\/image\/","url":"https:\/\/secure.gravatar.com\/avatar\/0e3d021545bbe593cb0eb3ee740544fefa86d59762e63dec1dbe9480a34c98cd?s=96&d=mm&r=g","contentUrl":"https:\/\/secure.gravatar.com\/avatar\/0e3d021545bbe593cb0eb3ee740544fefa86d59762e63dec1dbe9480a34c98cd?s=96&d=mm&r=g","caption":"Rosane Storto"}}]}},"_links":{"self":[{"href":"https:\/\/www.amstedmaxion.com.br\/en\/wp-json\/wp\/v2\/posts\/3907","targetHints":{"allow":["GET"]}}],"collection":[{"href":"https:\/\/www.amstedmaxion.com.br\/en\/wp-json\/wp\/v2\/posts"}],"about":[{"href":"https:\/\/www.amstedmaxion.com.br\/en\/wp-json\/wp\/v2\/types\/post"}],"author":[{"embeddable":true,"href":"https:\/\/www.amstedmaxion.com.br\/en\/wp-json\/wp\/v2\/users\/5"}],"replies":[{"embeddable":true,"href":"https:\/\/www.amstedmaxion.com.br\/en\/wp-json\/wp\/v2\/comments?post=3907"}],"version-history":[{"count":1,"href":"https:\/\/www.amstedmaxion.com.br\/en\/wp-json\/wp\/v2\/posts\/3907\/revisions"}],"predecessor-version":[{"id":3909,"href":"https:\/\/www.amstedmaxion.com.br\/en\/wp-json\/wp\/v2\/posts\/3907\/revisions\/3909"}],"wp:attachment":[{"href":"https:\/\/www.amstedmaxion.com.br\/en\/wp-json\/wp\/v2\/media?parent=3907"}],"wp:term":[{"taxonomy":"category","embeddable":true,"href":"https:\/\/www.amstedmaxion.com.br\/en\/wp-json\/wp\/v2\/categories?post=3907"},{"taxonomy":"post_tag","embeddable":true,"href":"https:\/\/www.amstedmaxion.com.br\/en\/wp-json\/wp\/v2\/tags?post=3907"}],"curies":[{"name":"wp","href":"https:\/\/api.w.org\/{rel}","templated":true}]}}