{"id":39072,"date":"2022-09-22T14:59:01","date_gmt":"2022-09-22T17:59:01","guid":{"rendered":"https:\/\/www.amstedmaxion.com.br\/?p=39072"},"modified":"2022-09-22T14:59:03","modified_gmt":"2022-09-22T17:59:03","slug":"em-congresso-da-abimaq-ministro-defende-reindustrializacao-do-pais","status":"publish","type":"post","link":"https:\/\/www.amstedmaxion.com.br\/en\/em-congresso-da-abimaq-ministro-defende-reindustrializacao-do-pais\/","title":{"rendered":"Em congresso da Abimaq, ministro defende reindustrializa\u00e7\u00e3o do pa\u00eds"},"content":{"rendered":"\n<p>Ag\u00eancia Brasil &#8211; Inova\u00e7\u00e3o tecnol\u00f3gica e ind\u00fastria 4.0 s\u00e3o temas do evento<\/p>\n\n\n\n<p>O ministro de Ci\u00eancia, Tecnologia e Inova\u00e7\u00f5es, Paulo Alvim, defendeu, durante o Congresso Brasileiro da Ind\u00fastria de M\u00e1quinas e Equipamentos, a reindustrializa\u00e7\u00e3o como pol\u00edtica de Estado.<\/p>\n\n\n\n<p>\u201cEsse \u00e9 um ponto fundamental e \u00e9 bastante forte&nbsp;porque reindustrializa\u00e7\u00e3o envolve foco, escolhas de segmentos onde tenhamos capacidade de ser competitivos, estrat\u00e9gia de agrega\u00e7\u00e3o de valores, principalmente com forte a\u00e7\u00e3o na vari\u00e1vel pesquisa e desenvolvimento\u201d.&nbsp;<\/p>\n\n\n\n<p>Alvim participou na manh\u00e3 desta segunda-feira (19) do Painel Pol\u00edtica de Inova\u00e7\u00e3o e Ind\u00fastria 4.0 da 7\u00aa edi\u00e7\u00e3o do Congresso Brasileiro da Ind\u00fastria de M\u00e1quinas e Equipamentos. Com&nbsp;o tema &#8220;As Transforma\u00e7\u00f5es Necess\u00e1rias&#8221;, o congresso foi organizado pela Associa\u00e7\u00e3o Brasileira da Ind\u00fastria de M\u00e1quinas e Equipamentos (Abimaq).<\/p>\n\n\n\n<p>O evento aborda temas como o avan\u00e7o e a moderniza\u00e7\u00e3o das ind\u00fastrias a partir da evolu\u00e7\u00e3o tecnol\u00f3gica por meio de investimentos em inova\u00e7\u00e3o, transforma\u00e7\u00e3o digital e tecnologias da ind\u00fastria 4.0 e quais diretrizes de pol\u00edticas p\u00fablicas em tecnologia e inova\u00e7\u00e3o&nbsp;devem ser criadas.<\/p>\n\n\n\n<p>O ministro destacou que a pasta vivenciou, desde janeiro de 2019, o desafio de construir uma pol\u00edtica nacional de inova\u00e7\u00e3o.<\/p>\n\n\n\n<p>\u201cO desafio maior \u00e9 o Brasil estar na 57\u00aa&nbsp;posi\u00e7\u00e3o&nbsp;no \u00edndice global de inova\u00e7\u00e3o: o que faz a diferen\u00e7a quando a gente pensa em uma nova pol\u00edtica de reindustrializa\u00e7\u00e3o, em uma nova estrat\u00e9gia de pa\u00eds, e reposicionamento competitivo em n\u00edvel internacional. Essa pol\u00edtica de inova\u00e7\u00e3o foi constru\u00edda num processo que ouviu a sociedade, mais que isso, foi constru\u00edda uma governan\u00e7a de pol\u00edtica p\u00fablica de apoio \u00e0 inova\u00e7\u00e3o, havia uma competi\u00e7\u00e3o e n\u00e3o uma convers\u00e3o de instrumentos de apoio \u00e0 inova\u00e7\u00e3o pelas empresas, destacando que quem faz inova\u00e7\u00e3o s\u00e3o as empresas\u201d.<\/p>\n\n\n\n<p>Alvim destacou ainda a evolu\u00e7\u00e3o das startups no pa\u00eds. \u201cO esfor\u00e7o constru\u00eddo em parceria com o ecossistema de apoio \u00e0s startups envolvendo, no \u00e2mbito federal, mais de 13 institui\u00e7\u00f5es, mas principalmente os atores p\u00fablicos e privados que apoiam as&nbsp;startups brasileiras&nbsp;t\u00eam dado uma resposta muito positiva. O marco legal das startups \u00e9 um instrumento que tamb\u00e9m avan\u00e7ou bastante\u201d.&nbsp;<\/p>\n\n\n\n<p>Em sua fala, o ministro enfatizou a import\u00e2ncia de dar estabilidade e continuidade \u00e0s pol\u00edticas do setor. \u201cQuando falamos em Ci\u00eancia, Tecnologia e Inova\u00e7\u00e3o, estamos falando de pol\u00edtica de Estado e n\u00e3o pol\u00edtica de governo, ent\u00e3o \u00e9 algo que tem que ser constru\u00eddo com todos os atores do ecossistema no sentido de dar estabilidade e continuidade para que, com isso, possamos avan\u00e7ar\u201d.\u00a0<\/p>\n\n\n\n<figure class=\"wp-block-image size-large is-resized\"><img loading=\"lazy\" decoding=\"async\" src=\"https:\/\/www.amstedmaxion.com.br\/wp-content\/uploads\/2022\/09\/ABIMAQ-Agencia-Brasil.jpg\" alt=\"\" class=\"wp-image-39073\" width=\"388\" height=\"218\"\/><figcaption>Foto: captura de tela Ag\u00eancia Brasil<\/figcaption><\/figure>\n\n\n\n<p>Fonte: Ag\u00eancia Brasil (<a href=\"https:\/\/agenciabrasil.ebc.com.br\/economia\/noticia\/2022-09\/em-congresso-da-abimaq-ministro-defende-reindustrializacao-do-pais\">https:\/\/agenciabrasil.ebc.com.br\/economia\/noticia\/2022-09\/em-congresso-da-abimaq-ministro-defende-reindustrializacao-do-pais<\/a>)<\/p>\n","protected":false},"excerpt":{"rendered":"<p>Ag\u00eancia Brasil &#8211; Inova\u00e7\u00e3o tecnol\u00f3gica e ind\u00fastria 4.0 s\u00e3o temas do evento O ministro de Ci\u00eancia, Tecnologia e Inova\u00e7\u00f5es, Paulo Alvim, defendeu, durante o Congresso Brasileiro da Ind\u00fastria de M\u00e1quinas e Equipamentos, a reindustrializa\u00e7\u00e3o como pol\u00edtica de Estado. \u201cEsse \u00e9 um ponto fundamental e \u00e9 bastante forte&nbsp;porque reindustrializa\u00e7\u00e3o envolve foco, escolhas de segmentos onde tenhamos [&hellip;]<\/p>\n","protected":false},"author":5,"featured_media":39073,"comment_status":"open","ping_status":"open","sticky":false,"template":"","format":"standard","meta":{"_acf_changed":false,"footnotes":""},"categories":[148],"tags":[],"class_list":["post-39072","post","type-post","status-publish","format-standard","has-post-thumbnail","hentry","category-newsletter"],"acf":[],"yoast_head":"<!-- This site is optimized with the Yoast SEO plugin v23.9 - https:\/\/yoast.com\/wordpress\/plugins\/seo\/ -->\n<title>Em congresso da Abimaq, ministro defende reindustrializa\u00e7\u00e3o do pa\u00eds - AmstedMaxion<\/title>\n<meta name=\"robots\" content=\"index, follow, max-snippet:-1, max-image-preview:large, max-video-preview:-1\" \/>\n<link rel=\"canonical\" href=\"https:\/\/www.amstedmaxion.com.br\/em-congresso-da-abimaq-ministro-defende-reindustrializacao-do-pais\/\" \/>\n<meta property=\"og:locale\" content=\"en_US\" \/>\n<meta property=\"og:type\" content=\"article\" \/>\n<meta property=\"og:title\" content=\"Em congresso da Abimaq, ministro defende reindustrializa\u00e7\u00e3o do pa\u00eds - AmstedMaxion\" \/>\n<meta property=\"og:description\" content=\"Ag\u00eancia Brasil &#8211; Inova\u00e7\u00e3o tecnol\u00f3gica e ind\u00fastria 4.0 s\u00e3o temas do evento O ministro de Ci\u00eancia, Tecnologia e Inova\u00e7\u00f5es, Paulo Alvim, defendeu, durante o Congresso Brasileiro da Ind\u00fastria de M\u00e1quinas e Equipamentos, a reindustrializa\u00e7\u00e3o como pol\u00edtica de Estado. \u201cEsse \u00e9 um ponto fundamental e \u00e9 bastante forte&nbsp;porque reindustrializa\u00e7\u00e3o envolve foco, escolhas de segmentos onde tenhamos [&hellip;]\" \/>\n<meta property=\"og:url\" content=\"https:\/\/www.amstedmaxion.com.br\/em-congresso-da-abimaq-ministro-defende-reindustrializacao-do-pais\/\" \/>\n<meta property=\"og:site_name\" content=\"AmstedMaxion\" \/>\n<meta property=\"article:publisher\" content=\"https:\/\/www.facebook.com\/AmstedMaxion.Oficial\" \/>\n<meta property=\"article:published_time\" content=\"2022-09-22T17:59:01+00:00\" \/>\n<meta property=\"article:modified_time\" content=\"2022-09-22T17:59:03+00:00\" \/>\n<meta property=\"og:image\" content=\"https:\/\/www.amstedmaxion.com.br\/wp-content\/uploads\/2022\/09\/ABIMAQ-Agencia-Brasil.jpg\" \/>\n\t<meta property=\"og:image:width\" content=\"1280\" \/>\n\t<meta property=\"og:image:height\" content=\"720\" \/>\n\t<meta property=\"og:image:type\" content=\"image\/jpeg\" \/>\n<meta name=\"author\" content=\"Rosane Storto\" \/>\n<meta name=\"twitter:card\" content=\"summary_large_image\" \/>\n<meta name=\"twitter:label1\" content=\"Written by\" \/>\n\t<meta name=\"twitter:data1\" content=\"Rosane Storto\" \/>\n\t<meta name=\"twitter:label2\" content=\"Est. reading time\" \/>\n\t<meta name=\"twitter:data2\" content=\"2 minutes\" \/>\n<script type=\"application\/ld+json\" class=\"yoast-schema-graph\">{\"@context\":\"https:\/\/schema.org\",\"@graph\":[{\"@type\":\"Article\",\"@id\":\"https:\/\/www.amstedmaxion.com.br\/em-congresso-da-abimaq-ministro-defende-reindustrializacao-do-pais\/#article\",\"isPartOf\":{\"@id\":\"https:\/\/www.amstedmaxion.com.br\/em-congresso-da-abimaq-ministro-defende-reindustrializacao-do-pais\/\"},\"author\":{\"name\":\"Rosane Storto\",\"@id\":\"https:\/\/www.amstedmaxion.com.br\/#\/schema\/person\/140cb65f07d4e66dd5543c8a187bf436\"},\"headline\":\"Em congresso da Abimaq, ministro defende reindustrializa\u00e7\u00e3o do pa\u00eds\",\"datePublished\":\"2022-09-22T17:59:01+00:00\",\"dateModified\":\"2022-09-22T17:59:03+00:00\",\"mainEntityOfPage\":{\"@id\":\"https:\/\/www.amstedmaxion.com.br\/em-congresso-da-abimaq-ministro-defende-reindustrializacao-do-pais\/\"},\"wordCount\":502,\"commentCount\":0,\"publisher\":{\"@id\":\"https:\/\/www.amstedmaxion.com.br\/#organization\"},\"image\":{\"@id\":\"https:\/\/www.amstedmaxion.com.br\/em-congresso-da-abimaq-ministro-defende-reindustrializacao-do-pais\/#primaryimage\"},\"thumbnailUrl\":\"https:\/\/www.amstedmaxion.com.br\/wp-content\/uploads\/2022\/09\/ABIMAQ-Agencia-Brasil.jpg\",\"articleSection\":[\"Newsletter\"],\"inLanguage\":\"en-US\",\"potentialAction\":[{\"@type\":\"CommentAction\",\"name\":\"Comment\",\"target\":[\"https:\/\/www.amstedmaxion.com.br\/em-congresso-da-abimaq-ministro-defende-reindustrializacao-do-pais\/#respond\"]}]},{\"@type\":\"WebPage\",\"@id\":\"https:\/\/www.amstedmaxion.com.br\/em-congresso-da-abimaq-ministro-defende-reindustrializacao-do-pais\/\",\"url\":\"https:\/\/www.amstedmaxion.com.br\/em-congresso-da-abimaq-ministro-defende-reindustrializacao-do-pais\/\",\"name\":\"Em congresso da Abimaq, ministro defende reindustrializa\u00e7\u00e3o do pa\u00eds - AmstedMaxion\",\"isPartOf\":{\"@id\":\"https:\/\/www.amstedmaxion.com.br\/#website\"},\"primaryImageOfPage\":{\"@id\":\"https:\/\/www.amstedmaxion.com.br\/em-congresso-da-abimaq-ministro-defende-reindustrializacao-do-pais\/#primaryimage\"},\"image\":{\"@id\":\"https:\/\/www.amstedmaxion.com.br\/em-congresso-da-abimaq-ministro-defende-reindustrializacao-do-pais\/#primaryimage\"},\"thumbnailUrl\":\"https:\/\/www.amstedmaxion.com.br\/wp-content\/uploads\/2022\/09\/ABIMAQ-Agencia-Brasil.jpg\",\"datePublished\":\"2022-09-22T17:59:01+00:00\",\"dateModified\":\"2022-09-22T17:59:03+00:00\",\"breadcrumb\":{\"@id\":\"https:\/\/www.amstedmaxion.com.br\/em-congresso-da-abimaq-ministro-defende-reindustrializacao-do-pais\/#breadcrumb\"},\"inLanguage\":\"en-US\",\"potentialAction\":[{\"@type\":\"ReadAction\",\"target\":[\"https:\/\/www.amstedmaxion.com.br\/em-congresso-da-abimaq-ministro-defende-reindustrializacao-do-pais\/\"]}]},{\"@type\":\"ImageObject\",\"inLanguage\":\"en-US\",\"@id\":\"https:\/\/www.amstedmaxion.com.br\/em-congresso-da-abimaq-ministro-defende-reindustrializacao-do-pais\/#primaryimage\",\"url\":\"https:\/\/www.amstedmaxion.com.br\/wp-content\/uploads\/2022\/09\/ABIMAQ-Agencia-Brasil.jpg\",\"contentUrl\":\"https:\/\/www.amstedmaxion.com.br\/wp-content\/uploads\/2022\/09\/ABIMAQ-Agencia-Brasil.jpg\",\"width\":1280,\"height\":720,\"caption\":\"Foto: captura de tela Ag\u00eancia Brasil\"},{\"@type\":\"BreadcrumbList\",\"@id\":\"https:\/\/www.amstedmaxion.com.br\/em-congresso-da-abimaq-ministro-defende-reindustrializacao-do-pais\/#breadcrumb\",\"itemListElement\":[{\"@type\":\"ListItem\",\"position\":1,\"name\":\"In\u00edcio\",\"item\":\"https:\/\/www.amstedmaxion.com.br\/\"},{\"@type\":\"ListItem\",\"position\":2,\"name\":\"Em congresso da Abimaq, ministro defende reindustrializa\u00e7\u00e3o do pa\u00eds\"}]},{\"@type\":\"WebSite\",\"@id\":\"https:\/\/www.amstedmaxion.com.br\/#website\",\"url\":\"https:\/\/www.amstedmaxion.com.br\/\",\"name\":\"AmstedMaxion\",\"description\":\"AmstedMaxion - Fundi\u00e7\u00e3o e Equipamentos Ferrovi\u00e1rios\",\"publisher\":{\"@id\":\"https:\/\/www.amstedmaxion.com.br\/#organization\"},\"alternateName\":\"AmstedMaxion\",\"potentialAction\":[{\"@type\":\"SearchAction\",\"target\":{\"@type\":\"EntryPoint\",\"urlTemplate\":\"https:\/\/www.amstedmaxion.com.br\/?s={search_term_string}\"},\"query-input\":{\"@type\":\"PropertyValueSpecification\",\"valueRequired\":true,\"valueName\":\"search_term_string\"}}],\"inLanguage\":\"en-US\"},{\"@type\":\"Organization\",\"@id\":\"https:\/\/www.amstedmaxion.com.br\/#organization\",\"name\":\"AMSTEDMAXION\",\"url\":\"https:\/\/www.amstedmaxion.com.br\/\",\"logo\":{\"@type\":\"ImageObject\",\"inLanguage\":\"en-US\",\"@id\":\"https:\/\/www.amstedmaxion.com.br\/#\/schema\/logo\/image\/\",\"url\":\"https:\/\/www.amstedmaxion.com.br\/wp-content\/uploads\/2023\/11\/amsted.png\",\"contentUrl\":\"https:\/\/www.amstedmaxion.com.br\/wp-content\/uploads\/2023\/11\/amsted.png\",\"width\":500,\"height\":500,\"caption\":\"AMSTEDMAXION\"},\"image\":{\"@id\":\"https:\/\/www.amstedmaxion.com.br\/#\/schema\/logo\/image\/\"},\"sameAs\":[\"https:\/\/www.facebook.com\/AmstedMaxion.Oficial\",\"https:\/\/br.linkedin.com\/company\/amstedmaxion\"]},{\"@type\":\"Person\",\"@id\":\"https:\/\/www.amstedmaxion.com.br\/#\/schema\/person\/140cb65f07d4e66dd5543c8a187bf436\",\"name\":\"Rosane Storto\",\"image\":{\"@type\":\"ImageObject\",\"inLanguage\":\"en-US\",\"@id\":\"https:\/\/www.amstedmaxion.com.br\/#\/schema\/person\/image\/\",\"url\":\"https:\/\/secure.gravatar.com\/avatar\/0e3d021545bbe593cb0eb3ee740544fefa86d59762e63dec1dbe9480a34c98cd?s=96&d=mm&r=g\",\"contentUrl\":\"https:\/\/secure.gravatar.com\/avatar\/0e3d021545bbe593cb0eb3ee740544fefa86d59762e63dec1dbe9480a34c98cd?s=96&d=mm&r=g\",\"caption\":\"Rosane Storto\"}}]}<\/script>\n<!-- \/ Yoast SEO plugin. -->","yoast_head_json":{"title":"Em congresso da Abimaq, ministro defende reindustrializa\u00e7\u00e3o do pa\u00eds - AmstedMaxion","robots":{"index":"index","follow":"follow","max-snippet":"max-snippet:-1","max-image-preview":"max-image-preview:large","max-video-preview":"max-video-preview:-1"},"canonical":"https:\/\/www.amstedmaxion.com.br\/em-congresso-da-abimaq-ministro-defende-reindustrializacao-do-pais\/","og_locale":"en_US","og_type":"article","og_title":"Em congresso da Abimaq, ministro defende reindustrializa\u00e7\u00e3o do pa\u00eds - AmstedMaxion","og_description":"Ag\u00eancia Brasil &#8211; Inova\u00e7\u00e3o tecnol\u00f3gica e ind\u00fastria 4.0 s\u00e3o temas do evento O ministro de Ci\u00eancia, Tecnologia e Inova\u00e7\u00f5es, Paulo Alvim, defendeu, durante o Congresso Brasileiro da Ind\u00fastria de M\u00e1quinas e Equipamentos, a reindustrializa\u00e7\u00e3o como pol\u00edtica de Estado. \u201cEsse \u00e9 um ponto fundamental e \u00e9 bastante forte&nbsp;porque reindustrializa\u00e7\u00e3o envolve foco, escolhas de segmentos onde tenhamos [&hellip;]","og_url":"https:\/\/www.amstedmaxion.com.br\/em-congresso-da-abimaq-ministro-defende-reindustrializacao-do-pais\/","og_site_name":"AmstedMaxion","article_publisher":"https:\/\/www.facebook.com\/AmstedMaxion.Oficial","article_published_time":"2022-09-22T17:59:01+00:00","article_modified_time":"2022-09-22T17:59:03+00:00","og_image":[{"width":1280,"height":720,"url":"https:\/\/www.amstedmaxion.com.br\/wp-content\/uploads\/2022\/09\/ABIMAQ-Agencia-Brasil.jpg","type":"image\/jpeg"}],"author":"Rosane Storto","twitter_card":"summary_large_image","twitter_misc":{"Written by":"Rosane Storto","Est. reading time":"2 minutes"},"schema":{"@context":"https:\/\/schema.org","@graph":[{"@type":"Article","@id":"https:\/\/www.amstedmaxion.com.br\/em-congresso-da-abimaq-ministro-defende-reindustrializacao-do-pais\/#article","isPartOf":{"@id":"https:\/\/www.amstedmaxion.com.br\/em-congresso-da-abimaq-ministro-defende-reindustrializacao-do-pais\/"},"author":{"name":"Rosane Storto","@id":"https:\/\/www.amstedmaxion.com.br\/#\/schema\/person\/140cb65f07d4e66dd5543c8a187bf436"},"headline":"Em congresso da Abimaq, ministro defende reindustrializa\u00e7\u00e3o do pa\u00eds","datePublished":"2022-09-22T17:59:01+00:00","dateModified":"2022-09-22T17:59:03+00:00","mainEntityOfPage":{"@id":"https:\/\/www.amstedmaxion.com.br\/em-congresso-da-abimaq-ministro-defende-reindustrializacao-do-pais\/"},"wordCount":502,"commentCount":0,"publisher":{"@id":"https:\/\/www.amstedmaxion.com.br\/#organization"},"image":{"@id":"https:\/\/www.amstedmaxion.com.br\/em-congresso-da-abimaq-ministro-defende-reindustrializacao-do-pais\/#primaryimage"},"thumbnailUrl":"https:\/\/www.amstedmaxion.com.br\/wp-content\/uploads\/2022\/09\/ABIMAQ-Agencia-Brasil.jpg","articleSection":["Newsletter"],"inLanguage":"en-US","potentialAction":[{"@type":"CommentAction","name":"Comment","target":["https:\/\/www.amstedmaxion.com.br\/em-congresso-da-abimaq-ministro-defende-reindustrializacao-do-pais\/#respond"]}]},{"@type":"WebPage","@id":"https:\/\/www.amstedmaxion.com.br\/em-congresso-da-abimaq-ministro-defende-reindustrializacao-do-pais\/","url":"https:\/\/www.amstedmaxion.com.br\/em-congresso-da-abimaq-ministro-defende-reindustrializacao-do-pais\/","name":"Em congresso da Abimaq, ministro defende reindustrializa\u00e7\u00e3o do pa\u00eds - AmstedMaxion","isPartOf":{"@id":"https:\/\/www.amstedmaxion.com.br\/#website"},"primaryImageOfPage":{"@id":"https:\/\/www.amstedmaxion.com.br\/em-congresso-da-abimaq-ministro-defende-reindustrializacao-do-pais\/#primaryimage"},"image":{"@id":"https:\/\/www.amstedmaxion.com.br\/em-congresso-da-abimaq-ministro-defende-reindustrializacao-do-pais\/#primaryimage"},"thumbnailUrl":"https:\/\/www.amstedmaxion.com.br\/wp-content\/uploads\/2022\/09\/ABIMAQ-Agencia-Brasil.jpg","datePublished":"2022-09-22T17:59:01+00:00","dateModified":"2022-09-22T17:59:03+00:00","breadcrumb":{"@id":"https:\/\/www.amstedmaxion.com.br\/em-congresso-da-abimaq-ministro-defende-reindustrializacao-do-pais\/#breadcrumb"},"inLanguage":"en-US","potentialAction":[{"@type":"ReadAction","target":["https:\/\/www.amstedmaxion.com.br\/em-congresso-da-abimaq-ministro-defende-reindustrializacao-do-pais\/"]}]},{"@type":"ImageObject","inLanguage":"en-US","@id":"https:\/\/www.amstedmaxion.com.br\/em-congresso-da-abimaq-ministro-defende-reindustrializacao-do-pais\/#primaryimage","url":"https:\/\/www.amstedmaxion.com.br\/wp-content\/uploads\/2022\/09\/ABIMAQ-Agencia-Brasil.jpg","contentUrl":"https:\/\/www.amstedmaxion.com.br\/wp-content\/uploads\/2022\/09\/ABIMAQ-Agencia-Brasil.jpg","width":1280,"height":720,"caption":"Foto: captura de tela Ag\u00eancia Brasil"},{"@type":"BreadcrumbList","@id":"https:\/\/www.amstedmaxion.com.br\/em-congresso-da-abimaq-ministro-defende-reindustrializacao-do-pais\/#breadcrumb","itemListElement":[{"@type":"ListItem","position":1,"name":"In\u00edcio","item":"https:\/\/www.amstedmaxion.com.br\/"},{"@type":"ListItem","position":2,"name":"Em congresso da Abimaq, ministro defende reindustrializa\u00e7\u00e3o do pa\u00eds"}]},{"@type":"WebSite","@id":"https:\/\/www.amstedmaxion.com.br\/#website","url":"https:\/\/www.amstedmaxion.com.br\/","name":"AmstedMaxion","description":"AmstedMaxion - Fundi\u00e7\u00e3o e Equipamentos Ferrovi\u00e1rios","publisher":{"@id":"https:\/\/www.amstedmaxion.com.br\/#organization"},"alternateName":"AmstedMaxion","potentialAction":[{"@type":"SearchAction","target":{"@type":"EntryPoint","urlTemplate":"https:\/\/www.amstedmaxion.com.br\/?s={search_term_string}"},"query-input":{"@type":"PropertyValueSpecification","valueRequired":true,"valueName":"search_term_string"}}],"inLanguage":"en-US"},{"@type":"Organization","@id":"https:\/\/www.amstedmaxion.com.br\/#organization","name":"AMSTEDMAXION","url":"https:\/\/www.amstedmaxion.com.br\/","logo":{"@type":"ImageObject","inLanguage":"en-US","@id":"https:\/\/www.amstedmaxion.com.br\/#\/schema\/logo\/image\/","url":"https:\/\/www.amstedmaxion.com.br\/wp-content\/uploads\/2023\/11\/amsted.png","contentUrl":"https:\/\/www.amstedmaxion.com.br\/wp-content\/uploads\/2023\/11\/amsted.png","width":500,"height":500,"caption":"AMSTEDMAXION"},"image":{"@id":"https:\/\/www.amstedmaxion.com.br\/#\/schema\/logo\/image\/"},"sameAs":["https:\/\/www.facebook.com\/AmstedMaxion.Oficial","https:\/\/br.linkedin.com\/company\/amstedmaxion"]},{"@type":"Person","@id":"https:\/\/www.amstedmaxion.com.br\/#\/schema\/person\/140cb65f07d4e66dd5543c8a187bf436","name":"Rosane Storto","image":{"@type":"ImageObject","inLanguage":"en-US","@id":"https:\/\/www.amstedmaxion.com.br\/#\/schema\/person\/image\/","url":"https:\/\/secure.gravatar.com\/avatar\/0e3d021545bbe593cb0eb3ee740544fefa86d59762e63dec1dbe9480a34c98cd?s=96&d=mm&r=g","contentUrl":"https:\/\/secure.gravatar.com\/avatar\/0e3d021545bbe593cb0eb3ee740544fefa86d59762e63dec1dbe9480a34c98cd?s=96&d=mm&r=g","caption":"Rosane Storto"}}]}},"_links":{"self":[{"href":"https:\/\/www.amstedmaxion.com.br\/en\/wp-json\/wp\/v2\/posts\/39072","targetHints":{"allow":["GET"]}}],"collection":[{"href":"https:\/\/www.amstedmaxion.com.br\/en\/wp-json\/wp\/v2\/posts"}],"about":[{"href":"https:\/\/www.amstedmaxion.com.br\/en\/wp-json\/wp\/v2\/types\/post"}],"author":[{"embeddable":true,"href":"https:\/\/www.amstedmaxion.com.br\/en\/wp-json\/wp\/v2\/users\/5"}],"replies":[{"embeddable":true,"href":"https:\/\/www.amstedmaxion.com.br\/en\/wp-json\/wp\/v2\/comments?post=39072"}],"version-history":[{"count":1,"href":"https:\/\/www.amstedmaxion.com.br\/en\/wp-json\/wp\/v2\/posts\/39072\/revisions"}],"predecessor-version":[{"id":39074,"href":"https:\/\/www.amstedmaxion.com.br\/en\/wp-json\/wp\/v2\/posts\/39072\/revisions\/39074"}],"wp:featuredmedia":[{"embeddable":true,"href":"https:\/\/www.amstedmaxion.com.br\/en\/wp-json\/wp\/v2\/media\/39073"}],"wp:attachment":[{"href":"https:\/\/www.amstedmaxion.com.br\/en\/wp-json\/wp\/v2\/media?parent=39072"}],"wp:term":[{"taxonomy":"category","embeddable":true,"href":"https:\/\/www.amstedmaxion.com.br\/en\/wp-json\/wp\/v2\/categories?post=39072"},{"taxonomy":"post_tag","embeddable":true,"href":"https:\/\/www.amstedmaxion.com.br\/en\/wp-json\/wp\/v2\/tags?post=39072"}],"curies":[{"name":"wp","href":"https:\/\/api.w.org\/{rel}","templated":true}]}}