{"id":41820,"date":"2023-02-01T14:20:30","date_gmt":"2023-02-01T17:20:30","guid":{"rendered":"https:\/\/www.amstedmaxion.com.br\/?p=41820"},"modified":"2023-02-01T14:20:31","modified_gmt":"2023-02-01T17:20:31","slug":"vendas-totais-da-industria-de-maquinas-caem-59-em-2022-diz-abimaq","status":"publish","type":"post","link":"https:\/\/www.amstedmaxion.com.br\/en\/vendas-totais-da-industria-de-maquinas-caem-59-em-2022-diz-abimaq\/","title":{"rendered":"Vendas totais da ind\u00fastria de m\u00e1quinas caem 5,9% em 2022, diz Abimaq"},"content":{"rendered":"\n<p>O Dia &#8211; Desempenho \u00e9 resultado de uma queda de 7% da receita l\u00edquida interna, que somou R$ 245,825 bilh\u00f5es no ano<\/p>\n\n\n\n<p>A receita l\u00edquida total da ind\u00fastria brasileira de m\u00e1quinas e equipamentos caiu 5,9% em 2022 em rela\u00e7\u00e3o a 2021, informou nesta ter\u00e7a-feira, 31, a Abimaq, associa\u00e7\u00e3o que representa o setor. O montante total foi de R$ 310,442 bilh\u00f5es. O desempenho \u00e9 resultado de uma queda de 7% da receita l\u00edquida interna, que somou R$ 245,825 bilh\u00f5es no ano, parcialmente compensada por um aumento de 21 das exporta\u00e7\u00f5es, a US$ 12,185 bilh\u00f5es.<\/p>\n\n\n\n<p>Em dezembro, a receita l\u00edquida total atingiu R$ 23,187 bilh\u00f5es, uma queda de 4,1% na compara\u00e7\u00e3o com novembro e de 9,8% em rela\u00e7\u00e3o ao mesmo m\u00eas de 2021. A receita l\u00edquida interna somou R$ 17,003 bilh\u00f5es, 10,4% menor do que a do m\u00eas anterior e 7,4% aqu\u00e9m de dezembro de 2021. As exporta\u00e7\u00f5es atingiram US$ 1,179 bilh\u00e3o, em alta de 19,6% na compara\u00e7\u00e3o com novembro e de 1,2% na base interanual.<\/p>\n\n\n\n<p>O balan\u00e7o da Abimaq mostra que o consumo aparente de m\u00e1quinas no Brasil somou R$ 389,283 bilh\u00f5es em 2022, uma queda de 6,8% na compara\u00e7\u00e3o com o ano anterior. Em dezembro, o consumo aparente atingiu R$ 29,449 bilh\u00f5es, 8,1% abaixo do montante observado em novembro e 8,3% aqu\u00e9m do n\u00edvel de igual m\u00eas de 2021.<\/p>\n\n\n\n<p>As importa\u00e7\u00f5es de m\u00e1quinas e equipamentos somaram US$ 24,886 bilh\u00f5es em 2022, 13,8% acima do observado em 2021. Em dezembro, atingiram US$ 2,219 bilh\u00f5es, uma queda de 3,1% na compara\u00e7\u00e3o com novembro, mas 11,8% acima do montante registrado no mesmo m\u00eas do ano anterior. Como as importa\u00e7\u00f5es superaram as exporta\u00e7\u00f5es no ano, a balan\u00e7a comercial do setor mostrou d\u00e9ficit de US$ 12,701 bilh\u00f5es em 2022.<\/p>\n\n\n\n<figure class=\"wp-block-image size-full is-resized\"><img loading=\"lazy\" decoding=\"async\" src=\"https:\/\/www.amstedmaxion.com.br\/wp-content\/uploads\/2023\/02\/ABIMAQ-O-Dia.jpg\" alt=\"\" class=\"wp-image-41821\" width=\"433\" height=\"329\" srcset=\"https:\/\/www.amstedmaxion.com.br\/wp-content\/uploads\/2023\/02\/ABIMAQ-O-Dia.jpg 720w, https:\/\/www.amstedmaxion.com.br\/wp-content\/uploads\/2023\/02\/ABIMAQ-O-Dia-300x228.jpg 300w\" sizes=\"auto, (max-width: 433px) 100vw, 433px\" \/><figcaption class=\"wp-element-caption\">Foto: captura de tela jornal O Dia<\/figcaption><\/figure>\n\n\n\n<p>Fonte: O Dia (<a href=\"https:\/\/odia.ig.com.br\/economia\/2023\/01\/6566264-vendas-totais-da-industria-de-maquinas-caem-59-em-2022-diz-abimaq.html\">https:\/\/odia.ig.com.br\/economia\/2023\/01\/6566264-vendas-totais-da-industria-de-maquinas-caem-59-em-2022-diz-abimaq.html<\/a>)<\/p>\n","protected":false},"excerpt":{"rendered":"<p>O Dia &#8211; Desempenho \u00e9 resultado de uma queda de 7% da receita l\u00edquida interna, que somou R$ 245,825 bilh\u00f5es no ano A receita l\u00edquida total da ind\u00fastria brasileira de m\u00e1quinas e equipamentos caiu 5,9% em 2022 em rela\u00e7\u00e3o a 2021, informou nesta ter\u00e7a-feira, 31, a Abimaq, associa\u00e7\u00e3o que representa o setor. O montante total [&hellip;]<\/p>\n","protected":false},"author":5,"featured_media":41821,"comment_status":"open","ping_status":"open","sticky":false,"template":"","format":"standard","meta":{"_acf_changed":false,"footnotes":""},"categories":[148],"tags":[],"class_list":["post-41820","post","type-post","status-publish","format-standard","has-post-thumbnail","hentry","category-newsletter"],"acf":[],"yoast_head":"<!-- This site is optimized with the Yoast SEO plugin v23.9 - https:\/\/yoast.com\/wordpress\/plugins\/seo\/ -->\n<title>Vendas totais da ind\u00fastria de m\u00e1quinas caem 5,9% em 2022, diz Abimaq - AmstedMaxion<\/title>\n<meta name=\"robots\" content=\"index, follow, max-snippet:-1, max-image-preview:large, max-video-preview:-1\" \/>\n<link rel=\"canonical\" href=\"https:\/\/www.amstedmaxion.com.br\/vendas-totais-da-industria-de-maquinas-caem-59-em-2022-diz-abimaq\/\" \/>\n<meta property=\"og:locale\" content=\"en_US\" \/>\n<meta property=\"og:type\" content=\"article\" \/>\n<meta property=\"og:title\" content=\"Vendas totais da ind\u00fastria de m\u00e1quinas caem 5,9% em 2022, diz Abimaq - AmstedMaxion\" \/>\n<meta property=\"og:description\" content=\"O Dia &#8211; Desempenho \u00e9 resultado de uma queda de 7% da receita l\u00edquida interna, que somou R$ 245,825 bilh\u00f5es no ano A receita l\u00edquida total da ind\u00fastria brasileira de m\u00e1quinas e equipamentos caiu 5,9% em 2022 em rela\u00e7\u00e3o a 2021, informou nesta ter\u00e7a-feira, 31, a Abimaq, associa\u00e7\u00e3o que representa o setor. O montante total [&hellip;]\" \/>\n<meta property=\"og:url\" content=\"https:\/\/www.amstedmaxion.com.br\/vendas-totais-da-industria-de-maquinas-caem-59-em-2022-diz-abimaq\/\" \/>\n<meta property=\"og:site_name\" content=\"AmstedMaxion\" \/>\n<meta property=\"article:publisher\" content=\"https:\/\/www.facebook.com\/AmstedMaxion.Oficial\" \/>\n<meta property=\"article:published_time\" content=\"2023-02-01T17:20:30+00:00\" \/>\n<meta property=\"article:modified_time\" content=\"2023-02-01T17:20:31+00:00\" \/>\n<meta property=\"og:image\" content=\"https:\/\/www.amstedmaxion.com.br\/wp-content\/uploads\/2023\/02\/ABIMAQ-O-Dia.jpg\" \/>\n\t<meta property=\"og:image:width\" content=\"720\" \/>\n\t<meta property=\"og:image:height\" content=\"547\" \/>\n\t<meta property=\"og:image:type\" content=\"image\/jpeg\" \/>\n<meta name=\"author\" content=\"Rosane Storto\" \/>\n<meta name=\"twitter:card\" content=\"summary_large_image\" \/>\n<meta name=\"twitter:label1\" content=\"Written by\" \/>\n\t<meta name=\"twitter:data1\" content=\"Rosane Storto\" \/>\n\t<meta name=\"twitter:label2\" content=\"Est. reading time\" \/>\n\t<meta name=\"twitter:data2\" content=\"2 minutes\" \/>\n<script type=\"application\/ld+json\" class=\"yoast-schema-graph\">{\"@context\":\"https:\/\/schema.org\",\"@graph\":[{\"@type\":\"Article\",\"@id\":\"https:\/\/www.amstedmaxion.com.br\/vendas-totais-da-industria-de-maquinas-caem-59-em-2022-diz-abimaq\/#article\",\"isPartOf\":{\"@id\":\"https:\/\/www.amstedmaxion.com.br\/vendas-totais-da-industria-de-maquinas-caem-59-em-2022-diz-abimaq\/\"},\"author\":{\"name\":\"Rosane Storto\",\"@id\":\"https:\/\/www.amstedmaxion.com.br\/#\/schema\/person\/140cb65f07d4e66dd5543c8a187bf436\"},\"headline\":\"Vendas totais da ind\u00fastria de m\u00e1quinas caem 5,9% em 2022, diz Abimaq\",\"datePublished\":\"2023-02-01T17:20:30+00:00\",\"dateModified\":\"2023-02-01T17:20:31+00:00\",\"mainEntityOfPage\":{\"@id\":\"https:\/\/www.amstedmaxion.com.br\/vendas-totais-da-industria-de-maquinas-caem-59-em-2022-diz-abimaq\/\"},\"wordCount\":320,\"commentCount\":0,\"publisher\":{\"@id\":\"https:\/\/www.amstedmaxion.com.br\/#organization\"},\"image\":{\"@id\":\"https:\/\/www.amstedmaxion.com.br\/vendas-totais-da-industria-de-maquinas-caem-59-em-2022-diz-abimaq\/#primaryimage\"},\"thumbnailUrl\":\"https:\/\/www.amstedmaxion.com.br\/wp-content\/uploads\/2023\/02\/ABIMAQ-O-Dia.jpg\",\"articleSection\":[\"Newsletter\"],\"inLanguage\":\"en-US\",\"potentialAction\":[{\"@type\":\"CommentAction\",\"name\":\"Comment\",\"target\":[\"https:\/\/www.amstedmaxion.com.br\/vendas-totais-da-industria-de-maquinas-caem-59-em-2022-diz-abimaq\/#respond\"]}]},{\"@type\":\"WebPage\",\"@id\":\"https:\/\/www.amstedmaxion.com.br\/vendas-totais-da-industria-de-maquinas-caem-59-em-2022-diz-abimaq\/\",\"url\":\"https:\/\/www.amstedmaxion.com.br\/vendas-totais-da-industria-de-maquinas-caem-59-em-2022-diz-abimaq\/\",\"name\":\"Vendas totais da ind\u00fastria de m\u00e1quinas caem 5,9% em 2022, diz Abimaq - AmstedMaxion\",\"isPartOf\":{\"@id\":\"https:\/\/www.amstedmaxion.com.br\/#website\"},\"primaryImageOfPage\":{\"@id\":\"https:\/\/www.amstedmaxion.com.br\/vendas-totais-da-industria-de-maquinas-caem-59-em-2022-diz-abimaq\/#primaryimage\"},\"image\":{\"@id\":\"https:\/\/www.amstedmaxion.com.br\/vendas-totais-da-industria-de-maquinas-caem-59-em-2022-diz-abimaq\/#primaryimage\"},\"thumbnailUrl\":\"https:\/\/www.amstedmaxion.com.br\/wp-content\/uploads\/2023\/02\/ABIMAQ-O-Dia.jpg\",\"datePublished\":\"2023-02-01T17:20:30+00:00\",\"dateModified\":\"2023-02-01T17:20:31+00:00\",\"breadcrumb\":{\"@id\":\"https:\/\/www.amstedmaxion.com.br\/vendas-totais-da-industria-de-maquinas-caem-59-em-2022-diz-abimaq\/#breadcrumb\"},\"inLanguage\":\"en-US\",\"potentialAction\":[{\"@type\":\"ReadAction\",\"target\":[\"https:\/\/www.amstedmaxion.com.br\/vendas-totais-da-industria-de-maquinas-caem-59-em-2022-diz-abimaq\/\"]}]},{\"@type\":\"ImageObject\",\"inLanguage\":\"en-US\",\"@id\":\"https:\/\/www.amstedmaxion.com.br\/vendas-totais-da-industria-de-maquinas-caem-59-em-2022-diz-abimaq\/#primaryimage\",\"url\":\"https:\/\/www.amstedmaxion.com.br\/wp-content\/uploads\/2023\/02\/ABIMAQ-O-Dia.jpg\",\"contentUrl\":\"https:\/\/www.amstedmaxion.com.br\/wp-content\/uploads\/2023\/02\/ABIMAQ-O-Dia.jpg\",\"width\":720,\"height\":547,\"caption\":\"Foto: captura de tela jornal O Dia\"},{\"@type\":\"BreadcrumbList\",\"@id\":\"https:\/\/www.amstedmaxion.com.br\/vendas-totais-da-industria-de-maquinas-caem-59-em-2022-diz-abimaq\/#breadcrumb\",\"itemListElement\":[{\"@type\":\"ListItem\",\"position\":1,\"name\":\"In\u00edcio\",\"item\":\"https:\/\/www.amstedmaxion.com.br\/\"},{\"@type\":\"ListItem\",\"position\":2,\"name\":\"Vendas totais da ind\u00fastria de m\u00e1quinas caem 5,9% em 2022, diz Abimaq\"}]},{\"@type\":\"WebSite\",\"@id\":\"https:\/\/www.amstedmaxion.com.br\/#website\",\"url\":\"https:\/\/www.amstedmaxion.com.br\/\",\"name\":\"AmstedMaxion\",\"description\":\"AmstedMaxion - Fundi\u00e7\u00e3o e Equipamentos Ferrovi\u00e1rios\",\"publisher\":{\"@id\":\"https:\/\/www.amstedmaxion.com.br\/#organization\"},\"alternateName\":\"AmstedMaxion\",\"potentialAction\":[{\"@type\":\"SearchAction\",\"target\":{\"@type\":\"EntryPoint\",\"urlTemplate\":\"https:\/\/www.amstedmaxion.com.br\/?s={search_term_string}\"},\"query-input\":{\"@type\":\"PropertyValueSpecification\",\"valueRequired\":true,\"valueName\":\"search_term_string\"}}],\"inLanguage\":\"en-US\"},{\"@type\":\"Organization\",\"@id\":\"https:\/\/www.amstedmaxion.com.br\/#organization\",\"name\":\"AMSTEDMAXION\",\"url\":\"https:\/\/www.amstedmaxion.com.br\/\",\"logo\":{\"@type\":\"ImageObject\",\"inLanguage\":\"en-US\",\"@id\":\"https:\/\/www.amstedmaxion.com.br\/#\/schema\/logo\/image\/\",\"url\":\"https:\/\/www.amstedmaxion.com.br\/wp-content\/uploads\/2023\/11\/amsted.png\",\"contentUrl\":\"https:\/\/www.amstedmaxion.com.br\/wp-content\/uploads\/2023\/11\/amsted.png\",\"width\":500,\"height\":500,\"caption\":\"AMSTEDMAXION\"},\"image\":{\"@id\":\"https:\/\/www.amstedmaxion.com.br\/#\/schema\/logo\/image\/\"},\"sameAs\":[\"https:\/\/www.facebook.com\/AmstedMaxion.Oficial\",\"https:\/\/br.linkedin.com\/company\/amstedmaxion\"]},{\"@type\":\"Person\",\"@id\":\"https:\/\/www.amstedmaxion.com.br\/#\/schema\/person\/140cb65f07d4e66dd5543c8a187bf436\",\"name\":\"Rosane Storto\",\"image\":{\"@type\":\"ImageObject\",\"inLanguage\":\"en-US\",\"@id\":\"https:\/\/www.amstedmaxion.com.br\/#\/schema\/person\/image\/\",\"url\":\"https:\/\/secure.gravatar.com\/avatar\/0e3d021545bbe593cb0eb3ee740544fefa86d59762e63dec1dbe9480a34c98cd?s=96&d=mm&r=g\",\"contentUrl\":\"https:\/\/secure.gravatar.com\/avatar\/0e3d021545bbe593cb0eb3ee740544fefa86d59762e63dec1dbe9480a34c98cd?s=96&d=mm&r=g\",\"caption\":\"Rosane Storto\"}}]}<\/script>\n<!-- \/ Yoast SEO plugin. -->","yoast_head_json":{"title":"Vendas totais da ind\u00fastria de m\u00e1quinas caem 5,9% em 2022, diz Abimaq - AmstedMaxion","robots":{"index":"index","follow":"follow","max-snippet":"max-snippet:-1","max-image-preview":"max-image-preview:large","max-video-preview":"max-video-preview:-1"},"canonical":"https:\/\/www.amstedmaxion.com.br\/vendas-totais-da-industria-de-maquinas-caem-59-em-2022-diz-abimaq\/","og_locale":"en_US","og_type":"article","og_title":"Vendas totais da ind\u00fastria de m\u00e1quinas caem 5,9% em 2022, diz Abimaq - AmstedMaxion","og_description":"O Dia &#8211; Desempenho \u00e9 resultado de uma queda de 7% da receita l\u00edquida interna, que somou R$ 245,825 bilh\u00f5es no ano A receita l\u00edquida total da ind\u00fastria brasileira de m\u00e1quinas e equipamentos caiu 5,9% em 2022 em rela\u00e7\u00e3o a 2021, informou nesta ter\u00e7a-feira, 31, a Abimaq, associa\u00e7\u00e3o que representa o setor. O montante total [&hellip;]","og_url":"https:\/\/www.amstedmaxion.com.br\/vendas-totais-da-industria-de-maquinas-caem-59-em-2022-diz-abimaq\/","og_site_name":"AmstedMaxion","article_publisher":"https:\/\/www.facebook.com\/AmstedMaxion.Oficial","article_published_time":"2023-02-01T17:20:30+00:00","article_modified_time":"2023-02-01T17:20:31+00:00","og_image":[{"width":720,"height":547,"url":"https:\/\/www.amstedmaxion.com.br\/wp-content\/uploads\/2023\/02\/ABIMAQ-O-Dia.jpg","type":"image\/jpeg"}],"author":"Rosane Storto","twitter_card":"summary_large_image","twitter_misc":{"Written by":"Rosane Storto","Est. reading time":"2 minutes"},"schema":{"@context":"https:\/\/schema.org","@graph":[{"@type":"Article","@id":"https:\/\/www.amstedmaxion.com.br\/vendas-totais-da-industria-de-maquinas-caem-59-em-2022-diz-abimaq\/#article","isPartOf":{"@id":"https:\/\/www.amstedmaxion.com.br\/vendas-totais-da-industria-de-maquinas-caem-59-em-2022-diz-abimaq\/"},"author":{"name":"Rosane Storto","@id":"https:\/\/www.amstedmaxion.com.br\/#\/schema\/person\/140cb65f07d4e66dd5543c8a187bf436"},"headline":"Vendas totais da ind\u00fastria de m\u00e1quinas caem 5,9% em 2022, diz Abimaq","datePublished":"2023-02-01T17:20:30+00:00","dateModified":"2023-02-01T17:20:31+00:00","mainEntityOfPage":{"@id":"https:\/\/www.amstedmaxion.com.br\/vendas-totais-da-industria-de-maquinas-caem-59-em-2022-diz-abimaq\/"},"wordCount":320,"commentCount":0,"publisher":{"@id":"https:\/\/www.amstedmaxion.com.br\/#organization"},"image":{"@id":"https:\/\/www.amstedmaxion.com.br\/vendas-totais-da-industria-de-maquinas-caem-59-em-2022-diz-abimaq\/#primaryimage"},"thumbnailUrl":"https:\/\/www.amstedmaxion.com.br\/wp-content\/uploads\/2023\/02\/ABIMAQ-O-Dia.jpg","articleSection":["Newsletter"],"inLanguage":"en-US","potentialAction":[{"@type":"CommentAction","name":"Comment","target":["https:\/\/www.amstedmaxion.com.br\/vendas-totais-da-industria-de-maquinas-caem-59-em-2022-diz-abimaq\/#respond"]}]},{"@type":"WebPage","@id":"https:\/\/www.amstedmaxion.com.br\/vendas-totais-da-industria-de-maquinas-caem-59-em-2022-diz-abimaq\/","url":"https:\/\/www.amstedmaxion.com.br\/vendas-totais-da-industria-de-maquinas-caem-59-em-2022-diz-abimaq\/","name":"Vendas totais da ind\u00fastria de m\u00e1quinas caem 5,9% em 2022, diz Abimaq - AmstedMaxion","isPartOf":{"@id":"https:\/\/www.amstedmaxion.com.br\/#website"},"primaryImageOfPage":{"@id":"https:\/\/www.amstedmaxion.com.br\/vendas-totais-da-industria-de-maquinas-caem-59-em-2022-diz-abimaq\/#primaryimage"},"image":{"@id":"https:\/\/www.amstedmaxion.com.br\/vendas-totais-da-industria-de-maquinas-caem-59-em-2022-diz-abimaq\/#primaryimage"},"thumbnailUrl":"https:\/\/www.amstedmaxion.com.br\/wp-content\/uploads\/2023\/02\/ABIMAQ-O-Dia.jpg","datePublished":"2023-02-01T17:20:30+00:00","dateModified":"2023-02-01T17:20:31+00:00","breadcrumb":{"@id":"https:\/\/www.amstedmaxion.com.br\/vendas-totais-da-industria-de-maquinas-caem-59-em-2022-diz-abimaq\/#breadcrumb"},"inLanguage":"en-US","potentialAction":[{"@type":"ReadAction","target":["https:\/\/www.amstedmaxion.com.br\/vendas-totais-da-industria-de-maquinas-caem-59-em-2022-diz-abimaq\/"]}]},{"@type":"ImageObject","inLanguage":"en-US","@id":"https:\/\/www.amstedmaxion.com.br\/vendas-totais-da-industria-de-maquinas-caem-59-em-2022-diz-abimaq\/#primaryimage","url":"https:\/\/www.amstedmaxion.com.br\/wp-content\/uploads\/2023\/02\/ABIMAQ-O-Dia.jpg","contentUrl":"https:\/\/www.amstedmaxion.com.br\/wp-content\/uploads\/2023\/02\/ABIMAQ-O-Dia.jpg","width":720,"height":547,"caption":"Foto: captura de tela jornal O Dia"},{"@type":"BreadcrumbList","@id":"https:\/\/www.amstedmaxion.com.br\/vendas-totais-da-industria-de-maquinas-caem-59-em-2022-diz-abimaq\/#breadcrumb","itemListElement":[{"@type":"ListItem","position":1,"name":"In\u00edcio","item":"https:\/\/www.amstedmaxion.com.br\/"},{"@type":"ListItem","position":2,"name":"Vendas totais da ind\u00fastria de m\u00e1quinas caem 5,9% em 2022, diz Abimaq"}]},{"@type":"WebSite","@id":"https:\/\/www.amstedmaxion.com.br\/#website","url":"https:\/\/www.amstedmaxion.com.br\/","name":"AmstedMaxion","description":"AmstedMaxion - Fundi\u00e7\u00e3o e Equipamentos Ferrovi\u00e1rios","publisher":{"@id":"https:\/\/www.amstedmaxion.com.br\/#organization"},"alternateName":"AmstedMaxion","potentialAction":[{"@type":"SearchAction","target":{"@type":"EntryPoint","urlTemplate":"https:\/\/www.amstedmaxion.com.br\/?s={search_term_string}"},"query-input":{"@type":"PropertyValueSpecification","valueRequired":true,"valueName":"search_term_string"}}],"inLanguage":"en-US"},{"@type":"Organization","@id":"https:\/\/www.amstedmaxion.com.br\/#organization","name":"AMSTEDMAXION","url":"https:\/\/www.amstedmaxion.com.br\/","logo":{"@type":"ImageObject","inLanguage":"en-US","@id":"https:\/\/www.amstedmaxion.com.br\/#\/schema\/logo\/image\/","url":"https:\/\/www.amstedmaxion.com.br\/wp-content\/uploads\/2023\/11\/amsted.png","contentUrl":"https:\/\/www.amstedmaxion.com.br\/wp-content\/uploads\/2023\/11\/amsted.png","width":500,"height":500,"caption":"AMSTEDMAXION"},"image":{"@id":"https:\/\/www.amstedmaxion.com.br\/#\/schema\/logo\/image\/"},"sameAs":["https:\/\/www.facebook.com\/AmstedMaxion.Oficial","https:\/\/br.linkedin.com\/company\/amstedmaxion"]},{"@type":"Person","@id":"https:\/\/www.amstedmaxion.com.br\/#\/schema\/person\/140cb65f07d4e66dd5543c8a187bf436","name":"Rosane Storto","image":{"@type":"ImageObject","inLanguage":"en-US","@id":"https:\/\/www.amstedmaxion.com.br\/#\/schema\/person\/image\/","url":"https:\/\/secure.gravatar.com\/avatar\/0e3d021545bbe593cb0eb3ee740544fefa86d59762e63dec1dbe9480a34c98cd?s=96&d=mm&r=g","contentUrl":"https:\/\/secure.gravatar.com\/avatar\/0e3d021545bbe593cb0eb3ee740544fefa86d59762e63dec1dbe9480a34c98cd?s=96&d=mm&r=g","caption":"Rosane Storto"}}]}},"_links":{"self":[{"href":"https:\/\/www.amstedmaxion.com.br\/en\/wp-json\/wp\/v2\/posts\/41820","targetHints":{"allow":["GET"]}}],"collection":[{"href":"https:\/\/www.amstedmaxion.com.br\/en\/wp-json\/wp\/v2\/posts"}],"about":[{"href":"https:\/\/www.amstedmaxion.com.br\/en\/wp-json\/wp\/v2\/types\/post"}],"author":[{"embeddable":true,"href":"https:\/\/www.amstedmaxion.com.br\/en\/wp-json\/wp\/v2\/users\/5"}],"replies":[{"embeddable":true,"href":"https:\/\/www.amstedmaxion.com.br\/en\/wp-json\/wp\/v2\/comments?post=41820"}],"version-history":[{"count":1,"href":"https:\/\/www.amstedmaxion.com.br\/en\/wp-json\/wp\/v2\/posts\/41820\/revisions"}],"predecessor-version":[{"id":41823,"href":"https:\/\/www.amstedmaxion.com.br\/en\/wp-json\/wp\/v2\/posts\/41820\/revisions\/41823"}],"wp:featuredmedia":[{"embeddable":true,"href":"https:\/\/www.amstedmaxion.com.br\/en\/wp-json\/wp\/v2\/media\/41821"}],"wp:attachment":[{"href":"https:\/\/www.amstedmaxion.com.br\/en\/wp-json\/wp\/v2\/media?parent=41820"}],"wp:term":[{"taxonomy":"category","embeddable":true,"href":"https:\/\/www.amstedmaxion.com.br\/en\/wp-json\/wp\/v2\/categories?post=41820"},{"taxonomy":"post_tag","embeddable":true,"href":"https:\/\/www.amstedmaxion.com.br\/en\/wp-json\/wp\/v2\/tags?post=41820"}],"curies":[{"name":"wp","href":"https:\/\/api.w.org\/{rel}","templated":true}]}}