{"id":4183,"date":"2018-05-15T09:45:47","date_gmt":"2018-05-15T12:45:47","guid":{"rendered":"http:\/\/189.16.185.54\/?p=4183"},"modified":"2018-05-16T10:20:10","modified_gmt":"2018-05-16T13:20:10","slug":"amstedmaxion-participa-da-semana-da-industria-2018","status":"publish","type":"post","link":"https:\/\/www.amstedmaxion.com.br\/en\/amstedmaxion-participa-da-semana-da-industria-2018\/","title":{"rendered":"AmstedMaxion participa da \u201cSemana da Ind\u00fastria 2018\u201d"},"content":{"rendered":"<p>A AmstedMaxion estar\u00e1 presente na \u201cSemana da Ind\u00fastria 2018\u201d, que acontece de 15 a 17 de maio, a partir das 19h, na FACIC\/Cruzeiro. Com o tema \u201cEmpreender, Inovar e Mudar\u201d, o evento contar\u00e1 com exposi\u00e7\u00e3o das empresas participantes, al\u00e9m da realiza\u00e7\u00e3o de ciclo de palestras.<\/p>\n<p>A AmstedMaxion ir\u00e1 expor seus produtos e servi\u00e7os. Durante os tr\u00eas dias do evento, o p\u00fablico participante poder\u00e1 conhecer algumas das pe\u00e7as produzidas na fundi\u00e7\u00e3o, como componentes para truques, roda guia, engrenagem, ponteira e travessa, espelho e lateral, entre outras. O gerente de engenharia M\u00e1rio Maciel participar\u00e1 da abertura do evento, no dia 15, \u00e0s 19h.<\/p>\n<p>Para o diretor geral da AmstedMaxion, Jos\u00e9 Santos de Ara\u00fajo, a Semana da Ind\u00fastria \u00e9 um importante evento para aproximar a comunidade acad\u00eamica das empresas e ind\u00fastrias locais e regionais. <\/p>\n<p>A programa\u00e7\u00e3o do evento inclui ainda uma palestra com Luzia Costa, CEO do grupo Cetro, fundadora das franquias S\u00f3brancelhas, com mais de 200 franquias espalhadas pelo Brasil e j\u00e1 com algumas unidades em outros pa\u00edses; Tamb\u00e9m fundadora da franquia Cutilaria Beryllos, h\u00e1 mais de 10 anos no mercado.<\/p>\n<p>\tPromovida pela Associa\u00e7\u00e3o das Ind\u00fastrias e Servi\u00e7os de Cruzeiro e Regi\u00e3o (AISCR), a Semana da Ind\u00fastria comemora o Dia da Ind\u00fastria, celebrado em 25 de maio. O evento tem como objetivo promover a integra\u00e7\u00e3o da classe estudantil, empresarial, institui\u00e7\u00f5es de ensino e o mercado de trabalho, criando oportunidades para forma\u00e7\u00e3o de networking e Incentivo ao empreendedorismo.<\/p>\n<p>A AISCR realiza a Semana da Ind\u00fastria desde 2014 com uma participa\u00e7\u00e3o cada vez maior da classe empresarial, estudantil e comunidade. <\/p>\n<p>AmstedMaxion &#8211; fundi\u00e7\u00e3o situada em Cruzeiro-SP, \u00e9 a principal refer\u00eancia latino-americana no desenvolvimento e fabrica\u00e7\u00e3o de rodas de a\u00e7o, fundidos ferrovi\u00e1rios para truques e sistemas de choque e tra\u00e7\u00e3o e pe\u00e7as para os setores de m\u00e1quinas e equipamentos de constru\u00e7\u00e3o civil, minera\u00e7\u00e3o e sucroalcooleiro.<\/p>\n<p>Servi\u00e7o:<br \/>\nSemana da Ind\u00fastria<br \/>\nQuando: de 15 a 17 de maio, a partir das 19<br \/>\nOnde: FACIC \/Cruzeiro &#8211; Rua dos Andradas, 1039 &#8211; Vila Brasil, Cruzeiro \u2013 SP<\/p>\n<p>Fonte: Assessoria de Imprensa AmstedMaxion<\/p>\n","protected":false},"excerpt":{"rendered":"<p>A AmstedMaxion estar\u00e1 presente na \u201cSemana da Ind\u00fastria 2018\u201d, que acontece de 15 a 17 de maio, a partir das 19h, na FACIC\/Cruzeiro. Com o tema \u201cEmpreender, Inovar e Mudar\u201d, o evento contar\u00e1 com exposi\u00e7\u00e3o das empresas participantes, al\u00e9m da realiza\u00e7\u00e3o de ciclo de palestras. A AmstedMaxion ir\u00e1 expor seus produtos e servi\u00e7os. Durante os [&hellip;]<\/p>\n","protected":false},"author":5,"featured_media":4190,"comment_status":"open","ping_status":"open","sticky":false,"template":"","format":"standard","meta":{"_acf_changed":false,"footnotes":""},"categories":[2],"tags":[],"class_list":["post-4183","post","type-post","status-publish","format-standard","has-post-thumbnail","hentry","category-noticias"],"acf":[],"yoast_head":"<!-- This site is optimized with the Yoast SEO plugin v23.9 - https:\/\/yoast.com\/wordpress\/plugins\/seo\/ -->\n<title>AmstedMaxion participa da \u201cSemana da Ind\u00fastria 2018\u201d - AmstedMaxion<\/title>\n<meta name=\"robots\" content=\"index, follow, max-snippet:-1, max-image-preview:large, max-video-preview:-1\" \/>\n<link rel=\"canonical\" href=\"https:\/\/www.amstedmaxion.com.br\/en\/amstedmaxion-participa-da-semana-da-industria-2018\/\" \/>\n<meta property=\"og:locale\" content=\"en_US\" \/>\n<meta property=\"og:type\" content=\"article\" \/>\n<meta property=\"og:title\" content=\"AmstedMaxion participa da \u201cSemana da Ind\u00fastria 2018\u201d - AmstedMaxion\" \/>\n<meta property=\"og:description\" content=\"A AmstedMaxion estar\u00e1 presente na \u201cSemana da Ind\u00fastria 2018\u201d, que acontece de 15 a 17 de maio, a partir das 19h, na FACIC\/Cruzeiro. Com o tema \u201cEmpreender, Inovar e Mudar\u201d, o evento contar\u00e1 com exposi\u00e7\u00e3o das empresas participantes, al\u00e9m da realiza\u00e7\u00e3o de ciclo de palestras. A AmstedMaxion ir\u00e1 expor seus produtos e servi\u00e7os. Durante os [&hellip;]\" \/>\n<meta property=\"og:url\" content=\"https:\/\/www.amstedmaxion.com.br\/en\/amstedmaxion-participa-da-semana-da-industria-2018\/\" \/>\n<meta property=\"og:site_name\" content=\"AmstedMaxion\" \/>\n<meta property=\"article:publisher\" content=\"https:\/\/www.facebook.com\/AmstedMaxion.Oficial\" \/>\n<meta property=\"article:published_time\" content=\"2018-05-15T12:45:47+00:00\" \/>\n<meta property=\"article:modified_time\" content=\"2018-05-16T13:20:10+00:00\" \/>\n<meta property=\"og:image\" content=\"https:\/\/www.amstedmaxion.com.br\/wp-content\/uploads\/2018\/05\/IMG_20180515_201937812-1.jpg\" \/>\n\t<meta property=\"og:image:width\" content=\"3496\" \/>\n\t<meta property=\"og:image:height\" content=\"2622\" \/>\n\t<meta property=\"og:image:type\" content=\"image\/jpeg\" \/>\n<meta name=\"author\" content=\"Rosane Storto\" \/>\n<meta name=\"twitter:card\" content=\"summary_large_image\" \/>\n<meta name=\"twitter:label1\" content=\"Written by\" \/>\n\t<meta name=\"twitter:data1\" content=\"Rosane Storto\" \/>\n\t<meta name=\"twitter:label2\" content=\"Est. reading time\" \/>\n\t<meta name=\"twitter:data2\" content=\"2 minutes\" \/>\n<script type=\"application\/ld+json\" class=\"yoast-schema-graph\">{\"@context\":\"https:\/\/schema.org\",\"@graph\":[{\"@type\":\"Article\",\"@id\":\"https:\/\/www.amstedmaxion.com.br\/en\/amstedmaxion-participa-da-semana-da-industria-2018\/#article\",\"isPartOf\":{\"@id\":\"https:\/\/www.amstedmaxion.com.br\/en\/amstedmaxion-participa-da-semana-da-industria-2018\/\"},\"author\":{\"name\":\"Rosane Storto\",\"@id\":\"https:\/\/www.amstedmaxion.com.br\/#\/schema\/person\/140cb65f07d4e66dd5543c8a187bf436\"},\"headline\":\"AmstedMaxion participa da \u201cSemana da Ind\u00fastria 2018\u201d\",\"datePublished\":\"2018-05-15T12:45:47+00:00\",\"dateModified\":\"2018-05-16T13:20:10+00:00\",\"mainEntityOfPage\":{\"@id\":\"https:\/\/www.amstedmaxion.com.br\/en\/amstedmaxion-participa-da-semana-da-industria-2018\/\"},\"wordCount\":368,\"commentCount\":0,\"publisher\":{\"@id\":\"https:\/\/www.amstedmaxion.com.br\/#organization\"},\"image\":{\"@id\":\"https:\/\/www.amstedmaxion.com.br\/en\/amstedmaxion-participa-da-semana-da-industria-2018\/#primaryimage\"},\"thumbnailUrl\":\"https:\/\/www.amstedmaxion.com.br\/wp-content\/uploads\/2018\/05\/IMG_20180515_201937812-1.jpg\",\"articleSection\":[\"Not\u00edcias da AmstedMaxion\"],\"inLanguage\":\"en-US\",\"potentialAction\":[{\"@type\":\"CommentAction\",\"name\":\"Comment\",\"target\":[\"https:\/\/www.amstedmaxion.com.br\/en\/amstedmaxion-participa-da-semana-da-industria-2018\/#respond\"]}]},{\"@type\":\"WebPage\",\"@id\":\"https:\/\/www.amstedmaxion.com.br\/en\/amstedmaxion-participa-da-semana-da-industria-2018\/\",\"url\":\"https:\/\/www.amstedmaxion.com.br\/en\/amstedmaxion-participa-da-semana-da-industria-2018\/\",\"name\":\"AmstedMaxion participa da \u201cSemana da Ind\u00fastria 2018\u201d - AmstedMaxion\",\"isPartOf\":{\"@id\":\"https:\/\/www.amstedmaxion.com.br\/#website\"},\"primaryImageOfPage\":{\"@id\":\"https:\/\/www.amstedmaxion.com.br\/en\/amstedmaxion-participa-da-semana-da-industria-2018\/#primaryimage\"},\"image\":{\"@id\":\"https:\/\/www.amstedmaxion.com.br\/en\/amstedmaxion-participa-da-semana-da-industria-2018\/#primaryimage\"},\"thumbnailUrl\":\"https:\/\/www.amstedmaxion.com.br\/wp-content\/uploads\/2018\/05\/IMG_20180515_201937812-1.jpg\",\"datePublished\":\"2018-05-15T12:45:47+00:00\",\"dateModified\":\"2018-05-16T13:20:10+00:00\",\"breadcrumb\":{\"@id\":\"https:\/\/www.amstedmaxion.com.br\/en\/amstedmaxion-participa-da-semana-da-industria-2018\/#breadcrumb\"},\"inLanguage\":\"en-US\",\"potentialAction\":[{\"@type\":\"ReadAction\",\"target\":[\"https:\/\/www.amstedmaxion.com.br\/en\/amstedmaxion-participa-da-semana-da-industria-2018\/\"]}]},{\"@type\":\"ImageObject\",\"inLanguage\":\"en-US\",\"@id\":\"https:\/\/www.amstedmaxion.com.br\/en\/amstedmaxion-participa-da-semana-da-industria-2018\/#primaryimage\",\"url\":\"https:\/\/www.amstedmaxion.com.br\/wp-content\/uploads\/2018\/05\/IMG_20180515_201937812-1.jpg\",\"contentUrl\":\"https:\/\/www.amstedmaxion.com.br\/wp-content\/uploads\/2018\/05\/IMG_20180515_201937812-1.jpg\",\"width\":3496,\"height\":2622},{\"@type\":\"BreadcrumbList\",\"@id\":\"https:\/\/www.amstedmaxion.com.br\/en\/amstedmaxion-participa-da-semana-da-industria-2018\/#breadcrumb\",\"itemListElement\":[{\"@type\":\"ListItem\",\"position\":1,\"name\":\"In\u00edcio\",\"item\":\"https:\/\/www.amstedmaxion.com.br\/\"},{\"@type\":\"ListItem\",\"position\":2,\"name\":\"AmstedMaxion participa da \u201cSemana da Ind\u00fastria 2018\u201d\"}]},{\"@type\":\"WebSite\",\"@id\":\"https:\/\/www.amstedmaxion.com.br\/#website\",\"url\":\"https:\/\/www.amstedmaxion.com.br\/\",\"name\":\"AmstedMaxion\",\"description\":\"AmstedMaxion - Fundi\u00e7\u00e3o e Equipamentos Ferrovi\u00e1rios\",\"publisher\":{\"@id\":\"https:\/\/www.amstedmaxion.com.br\/#organization\"},\"alternateName\":\"AmstedMaxion\",\"potentialAction\":[{\"@type\":\"SearchAction\",\"target\":{\"@type\":\"EntryPoint\",\"urlTemplate\":\"https:\/\/www.amstedmaxion.com.br\/?s={search_term_string}\"},\"query-input\":{\"@type\":\"PropertyValueSpecification\",\"valueRequired\":true,\"valueName\":\"search_term_string\"}}],\"inLanguage\":\"en-US\"},{\"@type\":\"Organization\",\"@id\":\"https:\/\/www.amstedmaxion.com.br\/#organization\",\"name\":\"AMSTEDMAXION\",\"url\":\"https:\/\/www.amstedmaxion.com.br\/\",\"logo\":{\"@type\":\"ImageObject\",\"inLanguage\":\"en-US\",\"@id\":\"https:\/\/www.amstedmaxion.com.br\/#\/schema\/logo\/image\/\",\"url\":\"https:\/\/www.amstedmaxion.com.br\/wp-content\/uploads\/2023\/11\/amsted.png\",\"contentUrl\":\"https:\/\/www.amstedmaxion.com.br\/wp-content\/uploads\/2023\/11\/amsted.png\",\"width\":500,\"height\":500,\"caption\":\"AMSTEDMAXION\"},\"image\":{\"@id\":\"https:\/\/www.amstedmaxion.com.br\/#\/schema\/logo\/image\/\"},\"sameAs\":[\"https:\/\/www.facebook.com\/AmstedMaxion.Oficial\",\"https:\/\/br.linkedin.com\/company\/amstedmaxion\"]},{\"@type\":\"Person\",\"@id\":\"https:\/\/www.amstedmaxion.com.br\/#\/schema\/person\/140cb65f07d4e66dd5543c8a187bf436\",\"name\":\"Rosane Storto\",\"image\":{\"@type\":\"ImageObject\",\"inLanguage\":\"en-US\",\"@id\":\"https:\/\/www.amstedmaxion.com.br\/#\/schema\/person\/image\/\",\"url\":\"https:\/\/secure.gravatar.com\/avatar\/0e3d021545bbe593cb0eb3ee740544fefa86d59762e63dec1dbe9480a34c98cd?s=96&d=mm&r=g\",\"contentUrl\":\"https:\/\/secure.gravatar.com\/avatar\/0e3d021545bbe593cb0eb3ee740544fefa86d59762e63dec1dbe9480a34c98cd?s=96&d=mm&r=g\",\"caption\":\"Rosane Storto\"}}]}<\/script>\n<!-- \/ Yoast SEO plugin. -->","yoast_head_json":{"title":"AmstedMaxion participa da \u201cSemana da Ind\u00fastria 2018\u201d - AmstedMaxion","robots":{"index":"index","follow":"follow","max-snippet":"max-snippet:-1","max-image-preview":"max-image-preview:large","max-video-preview":"max-video-preview:-1"},"canonical":"https:\/\/www.amstedmaxion.com.br\/en\/amstedmaxion-participa-da-semana-da-industria-2018\/","og_locale":"en_US","og_type":"article","og_title":"AmstedMaxion participa da \u201cSemana da Ind\u00fastria 2018\u201d - AmstedMaxion","og_description":"A AmstedMaxion estar\u00e1 presente na \u201cSemana da Ind\u00fastria 2018\u201d, que acontece de 15 a 17 de maio, a partir das 19h, na FACIC\/Cruzeiro. Com o tema \u201cEmpreender, Inovar e Mudar\u201d, o evento contar\u00e1 com exposi\u00e7\u00e3o das empresas participantes, al\u00e9m da realiza\u00e7\u00e3o de ciclo de palestras. A AmstedMaxion ir\u00e1 expor seus produtos e servi\u00e7os. Durante os [&hellip;]","og_url":"https:\/\/www.amstedmaxion.com.br\/en\/amstedmaxion-participa-da-semana-da-industria-2018\/","og_site_name":"AmstedMaxion","article_publisher":"https:\/\/www.facebook.com\/AmstedMaxion.Oficial","article_published_time":"2018-05-15T12:45:47+00:00","article_modified_time":"2018-05-16T13:20:10+00:00","og_image":[{"width":3496,"height":2622,"url":"https:\/\/www.amstedmaxion.com.br\/wp-content\/uploads\/2018\/05\/IMG_20180515_201937812-1.jpg","type":"image\/jpeg"}],"author":"Rosane Storto","twitter_card":"summary_large_image","twitter_misc":{"Written by":"Rosane Storto","Est. reading time":"2 minutes"},"schema":{"@context":"https:\/\/schema.org","@graph":[{"@type":"Article","@id":"https:\/\/www.amstedmaxion.com.br\/en\/amstedmaxion-participa-da-semana-da-industria-2018\/#article","isPartOf":{"@id":"https:\/\/www.amstedmaxion.com.br\/en\/amstedmaxion-participa-da-semana-da-industria-2018\/"},"author":{"name":"Rosane Storto","@id":"https:\/\/www.amstedmaxion.com.br\/#\/schema\/person\/140cb65f07d4e66dd5543c8a187bf436"},"headline":"AmstedMaxion participa da \u201cSemana da Ind\u00fastria 2018\u201d","datePublished":"2018-05-15T12:45:47+00:00","dateModified":"2018-05-16T13:20:10+00:00","mainEntityOfPage":{"@id":"https:\/\/www.amstedmaxion.com.br\/en\/amstedmaxion-participa-da-semana-da-industria-2018\/"},"wordCount":368,"commentCount":0,"publisher":{"@id":"https:\/\/www.amstedmaxion.com.br\/#organization"},"image":{"@id":"https:\/\/www.amstedmaxion.com.br\/en\/amstedmaxion-participa-da-semana-da-industria-2018\/#primaryimage"},"thumbnailUrl":"https:\/\/www.amstedmaxion.com.br\/wp-content\/uploads\/2018\/05\/IMG_20180515_201937812-1.jpg","articleSection":["Not\u00edcias da AmstedMaxion"],"inLanguage":"en-US","potentialAction":[{"@type":"CommentAction","name":"Comment","target":["https:\/\/www.amstedmaxion.com.br\/en\/amstedmaxion-participa-da-semana-da-industria-2018\/#respond"]}]},{"@type":"WebPage","@id":"https:\/\/www.amstedmaxion.com.br\/en\/amstedmaxion-participa-da-semana-da-industria-2018\/","url":"https:\/\/www.amstedmaxion.com.br\/en\/amstedmaxion-participa-da-semana-da-industria-2018\/","name":"AmstedMaxion participa da \u201cSemana da Ind\u00fastria 2018\u201d - AmstedMaxion","isPartOf":{"@id":"https:\/\/www.amstedmaxion.com.br\/#website"},"primaryImageOfPage":{"@id":"https:\/\/www.amstedmaxion.com.br\/en\/amstedmaxion-participa-da-semana-da-industria-2018\/#primaryimage"},"image":{"@id":"https:\/\/www.amstedmaxion.com.br\/en\/amstedmaxion-participa-da-semana-da-industria-2018\/#primaryimage"},"thumbnailUrl":"https:\/\/www.amstedmaxion.com.br\/wp-content\/uploads\/2018\/05\/IMG_20180515_201937812-1.jpg","datePublished":"2018-05-15T12:45:47+00:00","dateModified":"2018-05-16T13:20:10+00:00","breadcrumb":{"@id":"https:\/\/www.amstedmaxion.com.br\/en\/amstedmaxion-participa-da-semana-da-industria-2018\/#breadcrumb"},"inLanguage":"en-US","potentialAction":[{"@type":"ReadAction","target":["https:\/\/www.amstedmaxion.com.br\/en\/amstedmaxion-participa-da-semana-da-industria-2018\/"]}]},{"@type":"ImageObject","inLanguage":"en-US","@id":"https:\/\/www.amstedmaxion.com.br\/en\/amstedmaxion-participa-da-semana-da-industria-2018\/#primaryimage","url":"https:\/\/www.amstedmaxion.com.br\/wp-content\/uploads\/2018\/05\/IMG_20180515_201937812-1.jpg","contentUrl":"https:\/\/www.amstedmaxion.com.br\/wp-content\/uploads\/2018\/05\/IMG_20180515_201937812-1.jpg","width":3496,"height":2622},{"@type":"BreadcrumbList","@id":"https:\/\/www.amstedmaxion.com.br\/en\/amstedmaxion-participa-da-semana-da-industria-2018\/#breadcrumb","itemListElement":[{"@type":"ListItem","position":1,"name":"In\u00edcio","item":"https:\/\/www.amstedmaxion.com.br\/"},{"@type":"ListItem","position":2,"name":"AmstedMaxion participa da \u201cSemana da Ind\u00fastria 2018\u201d"}]},{"@type":"WebSite","@id":"https:\/\/www.amstedmaxion.com.br\/#website","url":"https:\/\/www.amstedmaxion.com.br\/","name":"AmstedMaxion","description":"AmstedMaxion - Fundi\u00e7\u00e3o e Equipamentos Ferrovi\u00e1rios","publisher":{"@id":"https:\/\/www.amstedmaxion.com.br\/#organization"},"alternateName":"AmstedMaxion","potentialAction":[{"@type":"SearchAction","target":{"@type":"EntryPoint","urlTemplate":"https:\/\/www.amstedmaxion.com.br\/?s={search_term_string}"},"query-input":{"@type":"PropertyValueSpecification","valueRequired":true,"valueName":"search_term_string"}}],"inLanguage":"en-US"},{"@type":"Organization","@id":"https:\/\/www.amstedmaxion.com.br\/#organization","name":"AMSTEDMAXION","url":"https:\/\/www.amstedmaxion.com.br\/","logo":{"@type":"ImageObject","inLanguage":"en-US","@id":"https:\/\/www.amstedmaxion.com.br\/#\/schema\/logo\/image\/","url":"https:\/\/www.amstedmaxion.com.br\/wp-content\/uploads\/2023\/11\/amsted.png","contentUrl":"https:\/\/www.amstedmaxion.com.br\/wp-content\/uploads\/2023\/11\/amsted.png","width":500,"height":500,"caption":"AMSTEDMAXION"},"image":{"@id":"https:\/\/www.amstedmaxion.com.br\/#\/schema\/logo\/image\/"},"sameAs":["https:\/\/www.facebook.com\/AmstedMaxion.Oficial","https:\/\/br.linkedin.com\/company\/amstedmaxion"]},{"@type":"Person","@id":"https:\/\/www.amstedmaxion.com.br\/#\/schema\/person\/140cb65f07d4e66dd5543c8a187bf436","name":"Rosane Storto","image":{"@type":"ImageObject","inLanguage":"en-US","@id":"https:\/\/www.amstedmaxion.com.br\/#\/schema\/person\/image\/","url":"https:\/\/secure.gravatar.com\/avatar\/0e3d021545bbe593cb0eb3ee740544fefa86d59762e63dec1dbe9480a34c98cd?s=96&d=mm&r=g","contentUrl":"https:\/\/secure.gravatar.com\/avatar\/0e3d021545bbe593cb0eb3ee740544fefa86d59762e63dec1dbe9480a34c98cd?s=96&d=mm&r=g","caption":"Rosane Storto"}}]}},"_links":{"self":[{"href":"https:\/\/www.amstedmaxion.com.br\/en\/wp-json\/wp\/v2\/posts\/4183","targetHints":{"allow":["GET"]}}],"collection":[{"href":"https:\/\/www.amstedmaxion.com.br\/en\/wp-json\/wp\/v2\/posts"}],"about":[{"href":"https:\/\/www.amstedmaxion.com.br\/en\/wp-json\/wp\/v2\/types\/post"}],"author":[{"embeddable":true,"href":"https:\/\/www.amstedmaxion.com.br\/en\/wp-json\/wp\/v2\/users\/5"}],"replies":[{"embeddable":true,"href":"https:\/\/www.amstedmaxion.com.br\/en\/wp-json\/wp\/v2\/comments?post=4183"}],"version-history":[{"count":1,"href":"https:\/\/www.amstedmaxion.com.br\/en\/wp-json\/wp\/v2\/posts\/4183\/revisions"}],"predecessor-version":[{"id":4184,"href":"https:\/\/www.amstedmaxion.com.br\/en\/wp-json\/wp\/v2\/posts\/4183\/revisions\/4184"}],"wp:featuredmedia":[{"embeddable":true,"href":"https:\/\/www.amstedmaxion.com.br\/en\/wp-json\/wp\/v2\/media\/4190"}],"wp:attachment":[{"href":"https:\/\/www.amstedmaxion.com.br\/en\/wp-json\/wp\/v2\/media?parent=4183"}],"wp:term":[{"taxonomy":"category","embeddable":true,"href":"https:\/\/www.amstedmaxion.com.br\/en\/wp-json\/wp\/v2\/categories?post=4183"},{"taxonomy":"post_tag","embeddable":true,"href":"https:\/\/www.amstedmaxion.com.br\/en\/wp-json\/wp\/v2\/tags?post=4183"}],"curies":[{"name":"wp","href":"https:\/\/api.w.org\/{rel}","templated":true}]}}