{"id":41983,"date":"2023-02-13T15:57:01","date_gmt":"2023-02-13T18:57:01","guid":{"rendered":"https:\/\/www.amstedmaxion.com.br\/?p=41983"},"modified":"2023-02-13T15:57:02","modified_gmt":"2023-02-13T18:57:02","slug":"fabricantes-de-maquinas-agricolas-esperam-reaquecimento-do-mercado","status":"publish","type":"post","link":"https:\/\/www.amstedmaxion.com.br\/en\/fabricantes-de-maquinas-agricolas-esperam-reaquecimento-do-mercado\/","title":{"rendered":"Fabricantes de m\u00e1quinas agr\u00edcolas esperam reaquecimento do mercado"},"content":{"rendered":"\n<p>Valor Econ\u00f4mico &#8211; Empresas que participaram do Show Rural Coopavel preveem retomada no segundo semestre<\/p>\n\n\n\n<p>As empresas de m\u00e1quinas agr\u00edcolas que participaram da Show Rural Coopavel, em Cascavel (PR), que terminou ontem, esperam um 2023 com um bom ritmo de vendas. No entanto, a falta de recursos oficiais para subsidiar a aquisi\u00e7\u00e3o de equipamentos e a alta da taxa de juros no pa\u00eds dever\u00e3o limitar as compras, pelo menos nos primeiros meses do ano.<\/p>\n\n\n\n<p>Pedro Estev\u00e3o Bastos, presidente da C\u00e2mara de M\u00e1quinas e Implementos Agr\u00edcolas da Associa\u00e7\u00e3o Brasileira da Ind\u00fastria de M\u00e1quinas e Equipamentos (Abimaq), diz que o faturamento do segmento vinha crescendo forte at\u00e9 2021 \u2014 quando houve alta de 48% em rela\u00e7\u00e3o a 2020 \u2014, o que inclusive dificultou um desempenho melhor no ano passado, quando a varia\u00e7\u00e3o positiva foi de apenas 1,7%, para R$ 91 bilh\u00f5es.<\/p>\n\n\n\n<p>\u201cEstamos vindo de tr\u00eas anos excepcionais na venda de m\u00e1quinas agr\u00edcolas, mas a alta dos juros e falta de recursos oficiais para investimento come\u00e7aram a ter impacto nos resultados do setor j\u00e1 no fim do ano passado\u201d, diz Bastos.<\/p>\n\n\n\n<p>Esperan\u00e7a<\/p>\n\n\n\n<p>Ele espera que o Plano Safra 2023\/24, que entrar\u00e1 em vigor em julho, possa dar novo f\u00f4lego \u00e0s vendas, uma vez que a taxa Selic ainda dever\u00e1 ser um impeditivo para as aquisi\u00e7\u00f5es.<\/p>\n\n\n\n<p>\u201cO produtor precisa de uma pol\u00edtica p\u00fablica clara. Sem recurso equaliz\u00e1vel, fica muito dif\u00edcil fazer um investimento para pagar uma taxa que gira em torno de 16% ao ano. Estamos conversando com o MDA [Minist\u00e9rio do Desenvolvimento Agr\u00e1rio] e pedindo aten\u00e7\u00e3o especialmente para as linhas do Pronaf e Moderfrota\u201d, afirma.<\/p>\n\n\n\n<p>Fernando Gon\u00e7alves, presidente da Jacto, \u00e9 um dos que esperam um fluxo menor nas vendas de m\u00e1quinas durante o primeiro semestre em compara\u00e7\u00e3o com o mesmo per\u00edodo do ano passado, diante de uma oferta de cr\u00e9dito escassa. \u201cEsperamos um maior volume de aquisi\u00e7\u00f5es a partir de julho, quando teremos os recursos para financiamento do Plano Safra\u201d, disse ao Valor, durante o evento.<\/p>\n\n\n\n<p>Sobre as perspectivas at\u00e9 o fim do ano, ele lembra que a conjuntura para as mat\u00e9rias-primas melhorou, o que deve favorecer a manuten\u00e7\u00e3o dos pre\u00e7os das m\u00e1quinas agr\u00edcolas em bom patamar.<\/p>\n\n\n\n<p>\u201cA oferta de componentes eletr\u00f4nicos e hidr\u00e1ulicos para m\u00e1quinas se estabilizou ap\u00f3s dois anos de problemas. Esse \u00e9 um fator que est\u00e1 melhor na compara\u00e7\u00e3o com 2022, por isso vejo boas oportunidades para as vendas neste ano\u201d, ressalta Gon\u00e7alves.<\/p>\n\n\n\n<p>Cen\u00e1rio melhor<\/p>\n\n\n\n<p>Alexandre Stucchi, diretor de vendas da Massey Fergusson, tamb\u00e9m v\u00ea essa estabiliza\u00e7\u00e3o do fornecimento de mat\u00e9ria-prima como um fator positivo. Para este ano, segundo ele, o cen\u00e1rio melhorou, e o ambiente positivo para o agro deve motivar um novo aumento nas vendas da empresa.<\/p>\n\n\n\n<p>\u201cAp\u00f3s o crescimento do ano passado, devemos ter bons resultados mais uma vez, com a expectativa de um novo recorde na produ\u00e7\u00e3o de gr\u00e3os e uma queda nos pre\u00e7os dos insumos. Diante desse cen\u00e1rio, o produtor passa a ter uma vis\u00e3o melhor sobre a sua rentabilidade. Por isso vejo um incremento de 2,5% nas vendas de m\u00e1quinas em 2023 no pa\u00eds\u201d, diz Stucchi, citando proje\u00e7\u00f5es da Abimaq.<\/p>\n\n\n\n<p>J\u00e1 Marcelo Lopes, diretor de vendas da John Deere Brasil, diz que, apesar de limitados, os recursos est\u00e3o dispon\u00edveis aos produtores. No entanto, as taxas de juros praticadas n\u00e3o s\u00e3o atrativas, o que provoca lentid\u00e3o nas negocia\u00e7\u00f5es, segundo ele.<\/p>\n\n\n\n<p>\u201cO setor n\u00e3o pode ficar dependente somente dos programas oficiais de financiamento. Hoje, o custo do cr\u00e9dito cont\u00e9m o investimento\u201d, ressalta Lopes, que ao mesmo tempo enxerga um cen\u00e1rio favor\u00e1vel para as m\u00e1quinas. \u201cTamb\u00e9m h\u00e1 fatores que impulsionam o mercado, como o aumento de \u00e1rea, e uma produtividade ainda muito forte. Isso encoraja o produtor a continuar investindo nos neg\u00f3cios. H\u00e1 for\u00e7as atuando nos dois sentidos e elas tendem a se equilibrar neste ano\u201d, projeta.<\/p>\n\n\n\n<p>Uma pesquisa realizada pela c\u00e2mara setorial da Abimaq mostrou que a inten\u00e7\u00e3o de compra de m\u00e1quinas agr\u00edcolas durante a Show Rural Coopavel subiu 4% neste ano na compara\u00e7\u00e3o com o evento do ano passado.<\/p>\n\n\n\n<p>Segundo Pedro Estev\u00e3o Bastos, esse resultado superou as expectativas da entidade, devido justamente ao cen\u00e1rio de juros caros.<\/p>\n\n\n\n<p>*O jornalista Paulo Santos viajou a convite da organiza\u00e7\u00e3o do evento<\/p>\n\n\n\n<p>Resultados da feira<\/p>\n\n\n\n<p>O Show Rural Coopavel movimentou R$ 5 bilh\u00f5es em neg\u00f3cios, entre financiamentos, contratos, parcerias e compras, segundo a organiza\u00e7\u00e3o do evento. O valor \u00e9 mais de 40% superior \u00e0s expectativas iniciais, que indicavam R$ 3,5 bilh\u00f5es.<\/p>\n\n\n\n<p>Mais de 380 mil pessoas passaram pelo evento em Cascavel ao longo dos cinco dias do evento, que terminou na sexta-feira. Isso significa quase 100 mil pessoas a mais do que na edi\u00e7\u00e3o passada, realizada em 2020, e tamb\u00e9m mais do que a proje\u00e7\u00e3o inicial, de 300 mil pessoas. Foi o maior p\u00fablico da hist\u00f3ria da feira.<\/p>\n\n\n\n<p>\u201cOs resultados alcan\u00e7ados mostram a for\u00e7a do agroneg\u00f3cio e a confian\u00e7a dos produtores rurais em uma cadeia produtiva fundamental para o Brasil e para o mundo\u201d, disse o presidente da Coopavel, Dilvo Grolli, a jornalistas. Diante dos resultados, os organizadores anunciaram a pr\u00f3xima edi\u00e7\u00e3o para de 5 a 9 de fevereiro de 2024.<\/p>\n\n\n\n<figure class=\"wp-block-image size-full is-resized\"><img loading=\"lazy\" decoding=\"async\" src=\"https:\/\/www.amstedmaxion.com.br\/wp-content\/uploads\/2023\/02\/Maquinas-Agricolas-Valor-Economico.jpg\" alt=\"\" class=\"wp-image-41984\" width=\"428\" height=\"347\" srcset=\"https:\/\/www.amstedmaxion.com.br\/wp-content\/uploads\/2023\/02\/Maquinas-Agricolas-Valor-Economico.jpg 715w, https:\/\/www.amstedmaxion.com.br\/wp-content\/uploads\/2023\/02\/Maquinas-Agricolas-Valor-Economico-300x243.jpg 300w\" sizes=\"auto, (max-width: 428px) 100vw, 428px\" \/><figcaption class=\"wp-element-caption\">Show Rural Coopavel, em Cascavel (PR) \u2014 Foto: Divulga\u00e7\u00e3o \/ Captura de tela Valor Econ\u00f4mico<\/figcaption><\/figure>\n\n\n\n<p>Fonte: Valor Econ\u00f4mico (https:\/\/valor.globo.com\/agronegocios\/noticia\/2023\/02\/11\/fabricantes-de-mquinas-agrcolas-esperam-reaquecimento-do-mercado.ghtml)<\/p>\n\n\n\n<p><\/p>\n","protected":false},"excerpt":{"rendered":"<p>Valor Econ\u00f4mico &#8211; Empresas que participaram do Show Rural Coopavel preveem retomada no segundo semestre As empresas de m\u00e1quinas agr\u00edcolas que participaram da Show Rural Coopavel, em Cascavel (PR), que terminou ontem, esperam um 2023 com um bom ritmo de vendas. No entanto, a falta de recursos oficiais para subsidiar a aquisi\u00e7\u00e3o de equipamentos e [&hellip;]<\/p>\n","protected":false},"author":5,"featured_media":41984,"comment_status":"open","ping_status":"open","sticky":false,"template":"","format":"standard","meta":{"_acf_changed":false,"footnotes":""},"categories":[148],"tags":[],"class_list":["post-41983","post","type-post","status-publish","format-standard","has-post-thumbnail","hentry","category-newsletter"],"acf":[],"yoast_head":"<!-- This site is optimized with the Yoast SEO plugin v23.9 - https:\/\/yoast.com\/wordpress\/plugins\/seo\/ -->\n<title>Fabricantes de m\u00e1quinas agr\u00edcolas esperam reaquecimento do mercado - AmstedMaxion<\/title>\n<meta name=\"robots\" content=\"index, follow, max-snippet:-1, max-image-preview:large, max-video-preview:-1\" \/>\n<link rel=\"canonical\" href=\"https:\/\/www.amstedmaxion.com.br\/fabricantes-de-maquinas-agricolas-esperam-reaquecimento-do-mercado\/\" \/>\n<meta property=\"og:locale\" content=\"en_US\" \/>\n<meta property=\"og:type\" content=\"article\" \/>\n<meta property=\"og:title\" content=\"Fabricantes de m\u00e1quinas agr\u00edcolas esperam reaquecimento do mercado - AmstedMaxion\" \/>\n<meta property=\"og:description\" content=\"Valor Econ\u00f4mico &#8211; Empresas que participaram do Show Rural Coopavel preveem retomada no segundo semestre As empresas de m\u00e1quinas agr\u00edcolas que participaram da Show Rural Coopavel, em Cascavel (PR), que terminou ontem, esperam um 2023 com um bom ritmo de vendas. No entanto, a falta de recursos oficiais para subsidiar a aquisi\u00e7\u00e3o de equipamentos e [&hellip;]\" \/>\n<meta property=\"og:url\" content=\"https:\/\/www.amstedmaxion.com.br\/fabricantes-de-maquinas-agricolas-esperam-reaquecimento-do-mercado\/\" \/>\n<meta property=\"og:site_name\" content=\"AmstedMaxion\" \/>\n<meta property=\"article:publisher\" content=\"https:\/\/www.facebook.com\/AmstedMaxion.Oficial\" \/>\n<meta property=\"article:published_time\" content=\"2023-02-13T18:57:01+00:00\" \/>\n<meta property=\"article:modified_time\" content=\"2023-02-13T18:57:02+00:00\" \/>\n<meta property=\"og:image\" content=\"https:\/\/www.amstedmaxion.com.br\/wp-content\/uploads\/2023\/02\/Maquinas-Agricolas-Valor-Economico.jpg\" \/>\n\t<meta property=\"og:image:width\" content=\"715\" \/>\n\t<meta property=\"og:image:height\" content=\"580\" \/>\n\t<meta property=\"og:image:type\" content=\"image\/jpeg\" \/>\n<meta name=\"author\" content=\"Rosane Storto\" \/>\n<meta name=\"twitter:card\" content=\"summary_large_image\" \/>\n<meta name=\"twitter:label1\" content=\"Written by\" \/>\n\t<meta name=\"twitter:data1\" content=\"Rosane Storto\" \/>\n\t<meta name=\"twitter:label2\" content=\"Est. reading time\" \/>\n\t<meta name=\"twitter:data2\" content=\"5 minutes\" \/>\n<script type=\"application\/ld+json\" class=\"yoast-schema-graph\">{\"@context\":\"https:\/\/schema.org\",\"@graph\":[{\"@type\":\"Article\",\"@id\":\"https:\/\/www.amstedmaxion.com.br\/fabricantes-de-maquinas-agricolas-esperam-reaquecimento-do-mercado\/#article\",\"isPartOf\":{\"@id\":\"https:\/\/www.amstedmaxion.com.br\/fabricantes-de-maquinas-agricolas-esperam-reaquecimento-do-mercado\/\"},\"author\":{\"name\":\"Rosane Storto\",\"@id\":\"https:\/\/www.amstedmaxion.com.br\/#\/schema\/person\/140cb65f07d4e66dd5543c8a187bf436\"},\"headline\":\"Fabricantes de m\u00e1quinas agr\u00edcolas esperam reaquecimento do mercado\",\"datePublished\":\"2023-02-13T18:57:01+00:00\",\"dateModified\":\"2023-02-13T18:57:02+00:00\",\"mainEntityOfPage\":{\"@id\":\"https:\/\/www.amstedmaxion.com.br\/fabricantes-de-maquinas-agricolas-esperam-reaquecimento-do-mercado\/\"},\"wordCount\":942,\"commentCount\":0,\"publisher\":{\"@id\":\"https:\/\/www.amstedmaxion.com.br\/#organization\"},\"image\":{\"@id\":\"https:\/\/www.amstedmaxion.com.br\/fabricantes-de-maquinas-agricolas-esperam-reaquecimento-do-mercado\/#primaryimage\"},\"thumbnailUrl\":\"https:\/\/www.amstedmaxion.com.br\/wp-content\/uploads\/2023\/02\/Maquinas-Agricolas-Valor-Economico.jpg\",\"articleSection\":[\"Newsletter\"],\"inLanguage\":\"en-US\",\"potentialAction\":[{\"@type\":\"CommentAction\",\"name\":\"Comment\",\"target\":[\"https:\/\/www.amstedmaxion.com.br\/fabricantes-de-maquinas-agricolas-esperam-reaquecimento-do-mercado\/#respond\"]}]},{\"@type\":\"WebPage\",\"@id\":\"https:\/\/www.amstedmaxion.com.br\/fabricantes-de-maquinas-agricolas-esperam-reaquecimento-do-mercado\/\",\"url\":\"https:\/\/www.amstedmaxion.com.br\/fabricantes-de-maquinas-agricolas-esperam-reaquecimento-do-mercado\/\",\"name\":\"Fabricantes de m\u00e1quinas agr\u00edcolas esperam reaquecimento do mercado - AmstedMaxion\",\"isPartOf\":{\"@id\":\"https:\/\/www.amstedmaxion.com.br\/#website\"},\"primaryImageOfPage\":{\"@id\":\"https:\/\/www.amstedmaxion.com.br\/fabricantes-de-maquinas-agricolas-esperam-reaquecimento-do-mercado\/#primaryimage\"},\"image\":{\"@id\":\"https:\/\/www.amstedmaxion.com.br\/fabricantes-de-maquinas-agricolas-esperam-reaquecimento-do-mercado\/#primaryimage\"},\"thumbnailUrl\":\"https:\/\/www.amstedmaxion.com.br\/wp-content\/uploads\/2023\/02\/Maquinas-Agricolas-Valor-Economico.jpg\",\"datePublished\":\"2023-02-13T18:57:01+00:00\",\"dateModified\":\"2023-02-13T18:57:02+00:00\",\"breadcrumb\":{\"@id\":\"https:\/\/www.amstedmaxion.com.br\/fabricantes-de-maquinas-agricolas-esperam-reaquecimento-do-mercado\/#breadcrumb\"},\"inLanguage\":\"en-US\",\"potentialAction\":[{\"@type\":\"ReadAction\",\"target\":[\"https:\/\/www.amstedmaxion.com.br\/fabricantes-de-maquinas-agricolas-esperam-reaquecimento-do-mercado\/\"]}]},{\"@type\":\"ImageObject\",\"inLanguage\":\"en-US\",\"@id\":\"https:\/\/www.amstedmaxion.com.br\/fabricantes-de-maquinas-agricolas-esperam-reaquecimento-do-mercado\/#primaryimage\",\"url\":\"https:\/\/www.amstedmaxion.com.br\/wp-content\/uploads\/2023\/02\/Maquinas-Agricolas-Valor-Economico.jpg\",\"contentUrl\":\"https:\/\/www.amstedmaxion.com.br\/wp-content\/uploads\/2023\/02\/Maquinas-Agricolas-Valor-Economico.jpg\",\"width\":715,\"height\":580,\"caption\":\"Show Rural Coopavel, em Cascavel (PR) \u2014 Foto: Divulga\u00e7\u00e3o \/ Captura de tela Valor Econ\u00f4mico\"},{\"@type\":\"BreadcrumbList\",\"@id\":\"https:\/\/www.amstedmaxion.com.br\/fabricantes-de-maquinas-agricolas-esperam-reaquecimento-do-mercado\/#breadcrumb\",\"itemListElement\":[{\"@type\":\"ListItem\",\"position\":1,\"name\":\"In\u00edcio\",\"item\":\"https:\/\/www.amstedmaxion.com.br\/\"},{\"@type\":\"ListItem\",\"position\":2,\"name\":\"Fabricantes de m\u00e1quinas agr\u00edcolas esperam reaquecimento do mercado\"}]},{\"@type\":\"WebSite\",\"@id\":\"https:\/\/www.amstedmaxion.com.br\/#website\",\"url\":\"https:\/\/www.amstedmaxion.com.br\/\",\"name\":\"AmstedMaxion\",\"description\":\"AmstedMaxion - Fundi\u00e7\u00e3o e Equipamentos Ferrovi\u00e1rios\",\"publisher\":{\"@id\":\"https:\/\/www.amstedmaxion.com.br\/#organization\"},\"alternateName\":\"AmstedMaxion\",\"potentialAction\":[{\"@type\":\"SearchAction\",\"target\":{\"@type\":\"EntryPoint\",\"urlTemplate\":\"https:\/\/www.amstedmaxion.com.br\/?s={search_term_string}\"},\"query-input\":{\"@type\":\"PropertyValueSpecification\",\"valueRequired\":true,\"valueName\":\"search_term_string\"}}],\"inLanguage\":\"en-US\"},{\"@type\":\"Organization\",\"@id\":\"https:\/\/www.amstedmaxion.com.br\/#organization\",\"name\":\"AMSTEDMAXION\",\"url\":\"https:\/\/www.amstedmaxion.com.br\/\",\"logo\":{\"@type\":\"ImageObject\",\"inLanguage\":\"en-US\",\"@id\":\"https:\/\/www.amstedmaxion.com.br\/#\/schema\/logo\/image\/\",\"url\":\"https:\/\/www.amstedmaxion.com.br\/wp-content\/uploads\/2023\/11\/amsted.png\",\"contentUrl\":\"https:\/\/www.amstedmaxion.com.br\/wp-content\/uploads\/2023\/11\/amsted.png\",\"width\":500,\"height\":500,\"caption\":\"AMSTEDMAXION\"},\"image\":{\"@id\":\"https:\/\/www.amstedmaxion.com.br\/#\/schema\/logo\/image\/\"},\"sameAs\":[\"https:\/\/www.facebook.com\/AmstedMaxion.Oficial\",\"https:\/\/br.linkedin.com\/company\/amstedmaxion\"]},{\"@type\":\"Person\",\"@id\":\"https:\/\/www.amstedmaxion.com.br\/#\/schema\/person\/140cb65f07d4e66dd5543c8a187bf436\",\"name\":\"Rosane Storto\",\"image\":{\"@type\":\"ImageObject\",\"inLanguage\":\"en-US\",\"@id\":\"https:\/\/www.amstedmaxion.com.br\/#\/schema\/person\/image\/\",\"url\":\"https:\/\/secure.gravatar.com\/avatar\/0e3d021545bbe593cb0eb3ee740544fefa86d59762e63dec1dbe9480a34c98cd?s=96&d=mm&r=g\",\"contentUrl\":\"https:\/\/secure.gravatar.com\/avatar\/0e3d021545bbe593cb0eb3ee740544fefa86d59762e63dec1dbe9480a34c98cd?s=96&d=mm&r=g\",\"caption\":\"Rosane Storto\"}}]}<\/script>\n<!-- \/ Yoast SEO plugin. -->","yoast_head_json":{"title":"Fabricantes de m\u00e1quinas agr\u00edcolas esperam reaquecimento do mercado - AmstedMaxion","robots":{"index":"index","follow":"follow","max-snippet":"max-snippet:-1","max-image-preview":"max-image-preview:large","max-video-preview":"max-video-preview:-1"},"canonical":"https:\/\/www.amstedmaxion.com.br\/fabricantes-de-maquinas-agricolas-esperam-reaquecimento-do-mercado\/","og_locale":"en_US","og_type":"article","og_title":"Fabricantes de m\u00e1quinas agr\u00edcolas esperam reaquecimento do mercado - AmstedMaxion","og_description":"Valor Econ\u00f4mico &#8211; Empresas que participaram do Show Rural Coopavel preveem retomada no segundo semestre As empresas de m\u00e1quinas agr\u00edcolas que participaram da Show Rural Coopavel, em Cascavel (PR), que terminou ontem, esperam um 2023 com um bom ritmo de vendas. No entanto, a falta de recursos oficiais para subsidiar a aquisi\u00e7\u00e3o de equipamentos e [&hellip;]","og_url":"https:\/\/www.amstedmaxion.com.br\/fabricantes-de-maquinas-agricolas-esperam-reaquecimento-do-mercado\/","og_site_name":"AmstedMaxion","article_publisher":"https:\/\/www.facebook.com\/AmstedMaxion.Oficial","article_published_time":"2023-02-13T18:57:01+00:00","article_modified_time":"2023-02-13T18:57:02+00:00","og_image":[{"width":715,"height":580,"url":"https:\/\/www.amstedmaxion.com.br\/wp-content\/uploads\/2023\/02\/Maquinas-Agricolas-Valor-Economico.jpg","type":"image\/jpeg"}],"author":"Rosane Storto","twitter_card":"summary_large_image","twitter_misc":{"Written by":"Rosane Storto","Est. reading time":"5 minutes"},"schema":{"@context":"https:\/\/schema.org","@graph":[{"@type":"Article","@id":"https:\/\/www.amstedmaxion.com.br\/fabricantes-de-maquinas-agricolas-esperam-reaquecimento-do-mercado\/#article","isPartOf":{"@id":"https:\/\/www.amstedmaxion.com.br\/fabricantes-de-maquinas-agricolas-esperam-reaquecimento-do-mercado\/"},"author":{"name":"Rosane Storto","@id":"https:\/\/www.amstedmaxion.com.br\/#\/schema\/person\/140cb65f07d4e66dd5543c8a187bf436"},"headline":"Fabricantes de m\u00e1quinas agr\u00edcolas esperam reaquecimento do mercado","datePublished":"2023-02-13T18:57:01+00:00","dateModified":"2023-02-13T18:57:02+00:00","mainEntityOfPage":{"@id":"https:\/\/www.amstedmaxion.com.br\/fabricantes-de-maquinas-agricolas-esperam-reaquecimento-do-mercado\/"},"wordCount":942,"commentCount":0,"publisher":{"@id":"https:\/\/www.amstedmaxion.com.br\/#organization"},"image":{"@id":"https:\/\/www.amstedmaxion.com.br\/fabricantes-de-maquinas-agricolas-esperam-reaquecimento-do-mercado\/#primaryimage"},"thumbnailUrl":"https:\/\/www.amstedmaxion.com.br\/wp-content\/uploads\/2023\/02\/Maquinas-Agricolas-Valor-Economico.jpg","articleSection":["Newsletter"],"inLanguage":"en-US","potentialAction":[{"@type":"CommentAction","name":"Comment","target":["https:\/\/www.amstedmaxion.com.br\/fabricantes-de-maquinas-agricolas-esperam-reaquecimento-do-mercado\/#respond"]}]},{"@type":"WebPage","@id":"https:\/\/www.amstedmaxion.com.br\/fabricantes-de-maquinas-agricolas-esperam-reaquecimento-do-mercado\/","url":"https:\/\/www.amstedmaxion.com.br\/fabricantes-de-maquinas-agricolas-esperam-reaquecimento-do-mercado\/","name":"Fabricantes de m\u00e1quinas agr\u00edcolas esperam reaquecimento do mercado - AmstedMaxion","isPartOf":{"@id":"https:\/\/www.amstedmaxion.com.br\/#website"},"primaryImageOfPage":{"@id":"https:\/\/www.amstedmaxion.com.br\/fabricantes-de-maquinas-agricolas-esperam-reaquecimento-do-mercado\/#primaryimage"},"image":{"@id":"https:\/\/www.amstedmaxion.com.br\/fabricantes-de-maquinas-agricolas-esperam-reaquecimento-do-mercado\/#primaryimage"},"thumbnailUrl":"https:\/\/www.amstedmaxion.com.br\/wp-content\/uploads\/2023\/02\/Maquinas-Agricolas-Valor-Economico.jpg","datePublished":"2023-02-13T18:57:01+00:00","dateModified":"2023-02-13T18:57:02+00:00","breadcrumb":{"@id":"https:\/\/www.amstedmaxion.com.br\/fabricantes-de-maquinas-agricolas-esperam-reaquecimento-do-mercado\/#breadcrumb"},"inLanguage":"en-US","potentialAction":[{"@type":"ReadAction","target":["https:\/\/www.amstedmaxion.com.br\/fabricantes-de-maquinas-agricolas-esperam-reaquecimento-do-mercado\/"]}]},{"@type":"ImageObject","inLanguage":"en-US","@id":"https:\/\/www.amstedmaxion.com.br\/fabricantes-de-maquinas-agricolas-esperam-reaquecimento-do-mercado\/#primaryimage","url":"https:\/\/www.amstedmaxion.com.br\/wp-content\/uploads\/2023\/02\/Maquinas-Agricolas-Valor-Economico.jpg","contentUrl":"https:\/\/www.amstedmaxion.com.br\/wp-content\/uploads\/2023\/02\/Maquinas-Agricolas-Valor-Economico.jpg","width":715,"height":580,"caption":"Show Rural Coopavel, em Cascavel (PR) \u2014 Foto: Divulga\u00e7\u00e3o \/ Captura de tela Valor Econ\u00f4mico"},{"@type":"BreadcrumbList","@id":"https:\/\/www.amstedmaxion.com.br\/fabricantes-de-maquinas-agricolas-esperam-reaquecimento-do-mercado\/#breadcrumb","itemListElement":[{"@type":"ListItem","position":1,"name":"In\u00edcio","item":"https:\/\/www.amstedmaxion.com.br\/"},{"@type":"ListItem","position":2,"name":"Fabricantes de m\u00e1quinas agr\u00edcolas esperam reaquecimento do mercado"}]},{"@type":"WebSite","@id":"https:\/\/www.amstedmaxion.com.br\/#website","url":"https:\/\/www.amstedmaxion.com.br\/","name":"AmstedMaxion","description":"AmstedMaxion - Fundi\u00e7\u00e3o e Equipamentos Ferrovi\u00e1rios","publisher":{"@id":"https:\/\/www.amstedmaxion.com.br\/#organization"},"alternateName":"AmstedMaxion","potentialAction":[{"@type":"SearchAction","target":{"@type":"EntryPoint","urlTemplate":"https:\/\/www.amstedmaxion.com.br\/?s={search_term_string}"},"query-input":{"@type":"PropertyValueSpecification","valueRequired":true,"valueName":"search_term_string"}}],"inLanguage":"en-US"},{"@type":"Organization","@id":"https:\/\/www.amstedmaxion.com.br\/#organization","name":"AMSTEDMAXION","url":"https:\/\/www.amstedmaxion.com.br\/","logo":{"@type":"ImageObject","inLanguage":"en-US","@id":"https:\/\/www.amstedmaxion.com.br\/#\/schema\/logo\/image\/","url":"https:\/\/www.amstedmaxion.com.br\/wp-content\/uploads\/2023\/11\/amsted.png","contentUrl":"https:\/\/www.amstedmaxion.com.br\/wp-content\/uploads\/2023\/11\/amsted.png","width":500,"height":500,"caption":"AMSTEDMAXION"},"image":{"@id":"https:\/\/www.amstedmaxion.com.br\/#\/schema\/logo\/image\/"},"sameAs":["https:\/\/www.facebook.com\/AmstedMaxion.Oficial","https:\/\/br.linkedin.com\/company\/amstedmaxion"]},{"@type":"Person","@id":"https:\/\/www.amstedmaxion.com.br\/#\/schema\/person\/140cb65f07d4e66dd5543c8a187bf436","name":"Rosane Storto","image":{"@type":"ImageObject","inLanguage":"en-US","@id":"https:\/\/www.amstedmaxion.com.br\/#\/schema\/person\/image\/","url":"https:\/\/secure.gravatar.com\/avatar\/0e3d021545bbe593cb0eb3ee740544fefa86d59762e63dec1dbe9480a34c98cd?s=96&d=mm&r=g","contentUrl":"https:\/\/secure.gravatar.com\/avatar\/0e3d021545bbe593cb0eb3ee740544fefa86d59762e63dec1dbe9480a34c98cd?s=96&d=mm&r=g","caption":"Rosane Storto"}}]}},"_links":{"self":[{"href":"https:\/\/www.amstedmaxion.com.br\/en\/wp-json\/wp\/v2\/posts\/41983","targetHints":{"allow":["GET"]}}],"collection":[{"href":"https:\/\/www.amstedmaxion.com.br\/en\/wp-json\/wp\/v2\/posts"}],"about":[{"href":"https:\/\/www.amstedmaxion.com.br\/en\/wp-json\/wp\/v2\/types\/post"}],"author":[{"embeddable":true,"href":"https:\/\/www.amstedmaxion.com.br\/en\/wp-json\/wp\/v2\/users\/5"}],"replies":[{"embeddable":true,"href":"https:\/\/www.amstedmaxion.com.br\/en\/wp-json\/wp\/v2\/comments?post=41983"}],"version-history":[{"count":1,"href":"https:\/\/www.amstedmaxion.com.br\/en\/wp-json\/wp\/v2\/posts\/41983\/revisions"}],"predecessor-version":[{"id":41986,"href":"https:\/\/www.amstedmaxion.com.br\/en\/wp-json\/wp\/v2\/posts\/41983\/revisions\/41986"}],"wp:featuredmedia":[{"embeddable":true,"href":"https:\/\/www.amstedmaxion.com.br\/en\/wp-json\/wp\/v2\/media\/41984"}],"wp:attachment":[{"href":"https:\/\/www.amstedmaxion.com.br\/en\/wp-json\/wp\/v2\/media?parent=41983"}],"wp:term":[{"taxonomy":"category","embeddable":true,"href":"https:\/\/www.amstedmaxion.com.br\/en\/wp-json\/wp\/v2\/categories?post=41983"},{"taxonomy":"post_tag","embeddable":true,"href":"https:\/\/www.amstedmaxion.com.br\/en\/wp-json\/wp\/v2\/tags?post=41983"}],"curies":[{"name":"wp","href":"https:\/\/api.w.org\/{rel}","templated":true}]}}