{"id":42050,"date":"2023-02-16T15:25:28","date_gmt":"2023-02-16T18:25:28","guid":{"rendered":"https:\/\/www.amstedmaxion.com.br\/?p=42050"},"modified":"2023-02-16T15:25:29","modified_gmt":"2023-02-16T18:25:29","slug":"lucro-da-weg-salta-com-demanda-do-setor-de-energia-e-estabilizacao-da-cadeia-de-fornecimento","status":"publish","type":"post","link":"https:\/\/www.amstedmaxion.com.br\/en\/lucro-da-weg-salta-com-demanda-do-setor-de-energia-e-estabilizacao-da-cadeia-de-fornecimento\/","title":{"rendered":"Lucro da WEG salta com demanda do setor de energia e estabiliza\u00e7\u00e3o da cadeia de fornecimento"},"content":{"rendered":"\n<p>Valor Econ\u00f4mico &#8211; No mercado externo, o destaque foi o mercado dos Estados Unidos, por conta dos neg\u00f3cios de transmiss\u00e3o e distribui\u00e7\u00e3o, e em menor propor\u00e7\u00e3o a Europa<\/p>\n\n\n\n<p>O aquecimento dos neg\u00f3cios da fabricante de equipamentos catarinense WEG tanto no Brasil quanto nos principais pa\u00edses em que atua no exterior deu o tom do resultado da empresa no quarto trimestre de 2022. Soma-se a isso a melhora nos custos e estabiliza\u00e7\u00e3o no fornecimento de commodities, que tamb\u00e9m contribu\u00edram para o desempenho da companhia, que teve lucro de R$ 1,19 bilh\u00e3o no per\u00edodo, alta de 36,5% em rela\u00e7\u00e3o ao ano anterior.<\/p>\n\n\n\n<p>Os neg\u00f3cios no Brasil foram puxados pelo bom desempenho no fornecimento de solu\u00e7\u00f5es ligadas \u00e0 gera\u00e7\u00e3o de energia, principalmente pelos neg\u00f3cios de gera\u00e7\u00e3o e\u00f3lica e solar, al\u00e9m do crescente neg\u00f3cio de transmiss\u00e3o.<\/p>\n\n\n\n<p>No mercado externo, o destaque foi o mercado dos Estados Unidos, por conta dos neg\u00f3cios de transmiss\u00e3o e distribui\u00e7\u00e3o, e em menor propor\u00e7\u00e3o a Europa, o que surpreendeu, j\u00e1 que a empresa temia que o conflito entre R\u00fassia e Ucr\u00e2nia pudesse atrapalhar o resultado. J\u00e1 os neg\u00f3cios na China n\u00e3o tiveram o desempenho esperado por conta da pol\u00edtica do governo de covid zero e dos lockdowns, que atrapalharam os neg\u00f3cios.<\/p>\n\n\n\n<p>Ao Valor, o diretor financeiro da companhia, Andr\u00e9 Rodrigues, destaca o crescimento dos investimentos no ano para quase R$ 1,2 bilh\u00e3o, grande parte por conta das expans\u00f5es que visam sustentar o n\u00edvel de crescimento da fabricante nos \u00faltimos tr\u00eas anos.<\/p>\n\n\n\n<p>\u201cPara 2023, temos um or\u00e7amento de capital que aumenta para R$ 1,6 bilh\u00e3o o valor dos investimentos (&#8230;). Nos \u00faltimos anos, o mercado externo ficava com um pouco mais de investimentos. Para este ano, estamos esperando que o Brasil fique com 55% dos aportes previstos\u201d, conta Rodrigues.<\/p>\n\n\n\n<p>Parte destes investimentos j\u00e1 foi anunciado, como o aumento de capacidade da f\u00e1brica de Jaragu\u00e1 do Sul (SC), amplia\u00e7\u00e3o na f\u00e1brica de transformadores em Betim (MG) e crescimento da f\u00e1brica de Itajub\u00e1 (MG).<\/p>\n\n\n\n<p>J\u00e1 a expectativa para 2023 no Brasil est\u00e1 fortemente assentada sobre o setor el\u00e9trico pela expans\u00e3o das energias renov\u00e1veis, mas tamb\u00e9m por conta da forte expans\u00e3o do setor de transmiss\u00e3o com os megaleil\u00f5es previstos para o ano que devem movimentar cerca de R$ 50 bilh\u00f5es.<\/p>\n\n\n\n<p>No exterior, a l\u00f3gica \u00e9 parecida, com aumento de capacidade da f\u00e1brica de componentes no M\u00e9xico, amplia\u00e7\u00e3o da produ\u00e7\u00e3o de aerogeradores na \u00cdndia, constru\u00e7\u00e3o de f\u00e1brica de motores industriais em Portugal e conclus\u00e3o dos neg\u00f3cios de transformadores nos Estados Unidos. Ainda fora do Brasil, o executivo comemora a penetra\u00e7\u00e3o da companhia em novos pa\u00edses.<\/p>\n\n\n\n<p>\u201cAnunciamos no final do ano, a inaugura\u00e7\u00e3o de uma f\u00e1brica de motores na Arg\u00e9lia, inauguramos uma f\u00e1brica de motores de baixa tens\u00e3o na \u00cdndia, uma montadora na Turquia e aquisi\u00e7\u00e3o de unidade da Gefran, na It\u00e1lia. No in\u00edcio do ano, a WEG tinha produ\u00e7\u00e3o industrial em 12 pa\u00edses e terminamos com 15. Este processo de internacionaliza\u00e7\u00e3o da companhia continuar\u00e1\u201d, frisa.<\/p>\n\n\n\n<p>A receita l\u00edquida somou R$ 7,9 bilh\u00f5es no quarto trimestre deste ano, crescimento de 22% na compara\u00e7\u00e3o com igual per\u00edodo de 2021. J\u00e1 o resultado consolidado no ano foi uma receita l\u00edquida de R$ 30 bilh\u00f5es, um crescimento de 27% em um ano em que as expectativas eram baixas.<\/p>\n\n\n\n<p>Ap\u00f3s um momento cr\u00edtico com a cadeia global de suprimentos, era esperada a normaliza\u00e7\u00e3o de algumas mat\u00e9rias-primas, sobretudo de commodities. A empresa ressalta que a estrat\u00e9gia de verticaliza\u00e7\u00e3o, diversifica\u00e7\u00e3o de produtos e presen\u00e7a global foi importante para os resultados obtidos. Por outro lado, o ponto de aten\u00e7\u00e3o ainda \u00e9 a quest\u00e3o dos componentes eletr\u00f4nicos, que n\u00e3o tiveram ainda uma normaliza\u00e7\u00e3o nas entregas.<\/p>\n\n\n\n<p>\u201c\u00c9 um ponto que ainda temos que refor\u00e7ar os n\u00edveis de estoque para garantir a entrega dos clientes e buscar novas alternativas de fornecimento para trabalhar de maneira preventiva\u201d, diz Rodrigues, ressaltando que h\u00e1 um custo relacionado a isso.<\/p>\n\n\n\n<figure class=\"wp-block-image size-full is-resized\"><img loading=\"lazy\" decoding=\"async\" src=\"https:\/\/www.amstedmaxion.com.br\/wp-content\/uploads\/2023\/02\/WEG-Valor-Economico.jpg\" alt=\"\" class=\"wp-image-42051\" width=\"434\" height=\"352\" srcset=\"https:\/\/www.amstedmaxion.com.br\/wp-content\/uploads\/2023\/02\/WEG-Valor-Economico.jpg 715w, https:\/\/www.amstedmaxion.com.br\/wp-content\/uploads\/2023\/02\/WEG-Valor-Economico-300x243.jpg 300w\" sizes=\"auto, (max-width: 434px) 100vw, 434px\" \/><figcaption class=\"wp-element-caption\">A receita l\u00edquida somou R$ 7,9 bilh\u00f5es no quarto trimestre deste ano, crescimento de 22% na compara\u00e7\u00e3o com igual per\u00edodo de 2021 \u2014 Foto: Celso Doni\/Valor \u2013 Captura de tela Valor Econ\u00f4mico<\/figcaption><\/figure>\n\n\n\n<p>Fonte: Valor Econ\u00f4mico (<a href=\"https:\/\/valor.globo.com\/empresas\/noticia\/2023\/02\/15\/lucro-da-weg-salta-com-demanda-do-setor-de-energia-e-estabilizacao-da-cadeia-de-fornecimento.ghtml\">https:\/\/valor.globo.com\/empresas\/noticia\/2023\/02\/15\/lucro-da-weg-salta-com-demanda-do-setor-de-energia-e-estabilizacao-da-cadeia-de-fornecimento.ghtml<\/a>)<\/p>\n","protected":false},"excerpt":{"rendered":"<p>Valor Econ\u00f4mico &#8211; No mercado externo, o destaque foi o mercado dos Estados Unidos, por conta dos neg\u00f3cios de transmiss\u00e3o e distribui\u00e7\u00e3o, e em menor propor\u00e7\u00e3o a Europa O aquecimento dos neg\u00f3cios da fabricante de equipamentos catarinense WEG tanto no Brasil quanto nos principais pa\u00edses em que atua no exterior deu o tom do resultado [&hellip;]<\/p>\n","protected":false},"author":5,"featured_media":42051,"comment_status":"open","ping_status":"open","sticky":false,"template":"","format":"standard","meta":{"_acf_changed":false,"footnotes":""},"categories":[148],"tags":[],"class_list":["post-42050","post","type-post","status-publish","format-standard","has-post-thumbnail","hentry","category-newsletter"],"acf":[],"yoast_head":"<!-- This site is optimized with the Yoast SEO plugin v23.9 - https:\/\/yoast.com\/wordpress\/plugins\/seo\/ -->\n<title>Lucro da WEG salta com demanda do setor de energia e estabiliza\u00e7\u00e3o da cadeia de fornecimento - AmstedMaxion<\/title>\n<meta name=\"robots\" content=\"index, follow, max-snippet:-1, max-image-preview:large, max-video-preview:-1\" \/>\n<link rel=\"canonical\" href=\"https:\/\/www.amstedmaxion.com.br\/lucro-da-weg-salta-com-demanda-do-setor-de-energia-e-estabilizacao-da-cadeia-de-fornecimento\/\" \/>\n<meta property=\"og:locale\" content=\"en_US\" \/>\n<meta property=\"og:type\" content=\"article\" \/>\n<meta property=\"og:title\" content=\"Lucro da WEG salta com demanda do setor de energia e estabiliza\u00e7\u00e3o da cadeia de fornecimento - AmstedMaxion\" \/>\n<meta property=\"og:description\" content=\"Valor Econ\u00f4mico &#8211; No mercado externo, o destaque foi o mercado dos Estados Unidos, por conta dos neg\u00f3cios de transmiss\u00e3o e distribui\u00e7\u00e3o, e em menor propor\u00e7\u00e3o a Europa O aquecimento dos neg\u00f3cios da fabricante de equipamentos catarinense WEG tanto no Brasil quanto nos principais pa\u00edses em que atua no exterior deu o tom do resultado [&hellip;]\" \/>\n<meta property=\"og:url\" content=\"https:\/\/www.amstedmaxion.com.br\/lucro-da-weg-salta-com-demanda-do-setor-de-energia-e-estabilizacao-da-cadeia-de-fornecimento\/\" \/>\n<meta property=\"og:site_name\" content=\"AmstedMaxion\" \/>\n<meta property=\"article:publisher\" content=\"https:\/\/www.facebook.com\/AmstedMaxion.Oficial\" \/>\n<meta property=\"article:published_time\" content=\"2023-02-16T18:25:28+00:00\" \/>\n<meta property=\"article:modified_time\" content=\"2023-02-16T18:25:29+00:00\" \/>\n<meta property=\"og:image\" content=\"https:\/\/www.amstedmaxion.com.br\/wp-content\/uploads\/2023\/02\/WEG-Valor-Economico.jpg\" \/>\n\t<meta property=\"og:image:width\" content=\"715\" \/>\n\t<meta property=\"og:image:height\" content=\"580\" \/>\n\t<meta property=\"og:image:type\" content=\"image\/jpeg\" \/>\n<meta name=\"author\" content=\"Rosane Storto\" \/>\n<meta name=\"twitter:card\" content=\"summary_large_image\" \/>\n<meta name=\"twitter:label1\" content=\"Written by\" \/>\n\t<meta name=\"twitter:data1\" content=\"Rosane Storto\" \/>\n\t<meta name=\"twitter:label2\" content=\"Est. reading time\" \/>\n\t<meta name=\"twitter:data2\" content=\"4 minutes\" \/>\n<script type=\"application\/ld+json\" class=\"yoast-schema-graph\">{\"@context\":\"https:\/\/schema.org\",\"@graph\":[{\"@type\":\"Article\",\"@id\":\"https:\/\/www.amstedmaxion.com.br\/lucro-da-weg-salta-com-demanda-do-setor-de-energia-e-estabilizacao-da-cadeia-de-fornecimento\/#article\",\"isPartOf\":{\"@id\":\"https:\/\/www.amstedmaxion.com.br\/lucro-da-weg-salta-com-demanda-do-setor-de-energia-e-estabilizacao-da-cadeia-de-fornecimento\/\"},\"author\":{\"name\":\"Rosane Storto\",\"@id\":\"https:\/\/www.amstedmaxion.com.br\/#\/schema\/person\/140cb65f07d4e66dd5543c8a187bf436\"},\"headline\":\"Lucro da WEG salta com demanda do setor de energia e estabiliza\u00e7\u00e3o da cadeia de fornecimento\",\"datePublished\":\"2023-02-16T18:25:28+00:00\",\"dateModified\":\"2023-02-16T18:25:29+00:00\",\"mainEntityOfPage\":{\"@id\":\"https:\/\/www.amstedmaxion.com.br\/lucro-da-weg-salta-com-demanda-do-setor-de-energia-e-estabilizacao-da-cadeia-de-fornecimento\/\"},\"wordCount\":765,\"commentCount\":0,\"publisher\":{\"@id\":\"https:\/\/www.amstedmaxion.com.br\/#organization\"},\"image\":{\"@id\":\"https:\/\/www.amstedmaxion.com.br\/lucro-da-weg-salta-com-demanda-do-setor-de-energia-e-estabilizacao-da-cadeia-de-fornecimento\/#primaryimage\"},\"thumbnailUrl\":\"https:\/\/www.amstedmaxion.com.br\/wp-content\/uploads\/2023\/02\/WEG-Valor-Economico.jpg\",\"articleSection\":[\"Newsletter\"],\"inLanguage\":\"en-US\",\"potentialAction\":[{\"@type\":\"CommentAction\",\"name\":\"Comment\",\"target\":[\"https:\/\/www.amstedmaxion.com.br\/lucro-da-weg-salta-com-demanda-do-setor-de-energia-e-estabilizacao-da-cadeia-de-fornecimento\/#respond\"]}]},{\"@type\":\"WebPage\",\"@id\":\"https:\/\/www.amstedmaxion.com.br\/lucro-da-weg-salta-com-demanda-do-setor-de-energia-e-estabilizacao-da-cadeia-de-fornecimento\/\",\"url\":\"https:\/\/www.amstedmaxion.com.br\/lucro-da-weg-salta-com-demanda-do-setor-de-energia-e-estabilizacao-da-cadeia-de-fornecimento\/\",\"name\":\"Lucro da WEG salta com demanda do setor de energia e estabiliza\u00e7\u00e3o da cadeia de fornecimento - AmstedMaxion\",\"isPartOf\":{\"@id\":\"https:\/\/www.amstedmaxion.com.br\/#website\"},\"primaryImageOfPage\":{\"@id\":\"https:\/\/www.amstedmaxion.com.br\/lucro-da-weg-salta-com-demanda-do-setor-de-energia-e-estabilizacao-da-cadeia-de-fornecimento\/#primaryimage\"},\"image\":{\"@id\":\"https:\/\/www.amstedmaxion.com.br\/lucro-da-weg-salta-com-demanda-do-setor-de-energia-e-estabilizacao-da-cadeia-de-fornecimento\/#primaryimage\"},\"thumbnailUrl\":\"https:\/\/www.amstedmaxion.com.br\/wp-content\/uploads\/2023\/02\/WEG-Valor-Economico.jpg\",\"datePublished\":\"2023-02-16T18:25:28+00:00\",\"dateModified\":\"2023-02-16T18:25:29+00:00\",\"breadcrumb\":{\"@id\":\"https:\/\/www.amstedmaxion.com.br\/lucro-da-weg-salta-com-demanda-do-setor-de-energia-e-estabilizacao-da-cadeia-de-fornecimento\/#breadcrumb\"},\"inLanguage\":\"en-US\",\"potentialAction\":[{\"@type\":\"ReadAction\",\"target\":[\"https:\/\/www.amstedmaxion.com.br\/lucro-da-weg-salta-com-demanda-do-setor-de-energia-e-estabilizacao-da-cadeia-de-fornecimento\/\"]}]},{\"@type\":\"ImageObject\",\"inLanguage\":\"en-US\",\"@id\":\"https:\/\/www.amstedmaxion.com.br\/lucro-da-weg-salta-com-demanda-do-setor-de-energia-e-estabilizacao-da-cadeia-de-fornecimento\/#primaryimage\",\"url\":\"https:\/\/www.amstedmaxion.com.br\/wp-content\/uploads\/2023\/02\/WEG-Valor-Economico.jpg\",\"contentUrl\":\"https:\/\/www.amstedmaxion.com.br\/wp-content\/uploads\/2023\/02\/WEG-Valor-Economico.jpg\",\"width\":715,\"height\":580,\"caption\":\"A receita l\u00edquida somou R$ 7,9 bilh\u00f5es no quarto trimestre deste ano, crescimento de 22% na compara\u00e7\u00e3o com igual per\u00edodo de 2021 \u2014 Foto: Celso Doni\/Valor \u2013 Captura de tela Valor Econ\u00f4mico\"},{\"@type\":\"BreadcrumbList\",\"@id\":\"https:\/\/www.amstedmaxion.com.br\/lucro-da-weg-salta-com-demanda-do-setor-de-energia-e-estabilizacao-da-cadeia-de-fornecimento\/#breadcrumb\",\"itemListElement\":[{\"@type\":\"ListItem\",\"position\":1,\"name\":\"In\u00edcio\",\"item\":\"https:\/\/www.amstedmaxion.com.br\/\"},{\"@type\":\"ListItem\",\"position\":2,\"name\":\"Lucro da WEG salta com demanda do setor de energia e estabiliza\u00e7\u00e3o da cadeia de fornecimento\"}]},{\"@type\":\"WebSite\",\"@id\":\"https:\/\/www.amstedmaxion.com.br\/#website\",\"url\":\"https:\/\/www.amstedmaxion.com.br\/\",\"name\":\"AmstedMaxion\",\"description\":\"AmstedMaxion - Fundi\u00e7\u00e3o e Equipamentos Ferrovi\u00e1rios\",\"publisher\":{\"@id\":\"https:\/\/www.amstedmaxion.com.br\/#organization\"},\"alternateName\":\"AmstedMaxion\",\"potentialAction\":[{\"@type\":\"SearchAction\",\"target\":{\"@type\":\"EntryPoint\",\"urlTemplate\":\"https:\/\/www.amstedmaxion.com.br\/?s={search_term_string}\"},\"query-input\":{\"@type\":\"PropertyValueSpecification\",\"valueRequired\":true,\"valueName\":\"search_term_string\"}}],\"inLanguage\":\"en-US\"},{\"@type\":\"Organization\",\"@id\":\"https:\/\/www.amstedmaxion.com.br\/#organization\",\"name\":\"AMSTEDMAXION\",\"url\":\"https:\/\/www.amstedmaxion.com.br\/\",\"logo\":{\"@type\":\"ImageObject\",\"inLanguage\":\"en-US\",\"@id\":\"https:\/\/www.amstedmaxion.com.br\/#\/schema\/logo\/image\/\",\"url\":\"https:\/\/www.amstedmaxion.com.br\/wp-content\/uploads\/2023\/11\/amsted.png\",\"contentUrl\":\"https:\/\/www.amstedmaxion.com.br\/wp-content\/uploads\/2023\/11\/amsted.png\",\"width\":500,\"height\":500,\"caption\":\"AMSTEDMAXION\"},\"image\":{\"@id\":\"https:\/\/www.amstedmaxion.com.br\/#\/schema\/logo\/image\/\"},\"sameAs\":[\"https:\/\/www.facebook.com\/AmstedMaxion.Oficial\",\"https:\/\/br.linkedin.com\/company\/amstedmaxion\"]},{\"@type\":\"Person\",\"@id\":\"https:\/\/www.amstedmaxion.com.br\/#\/schema\/person\/140cb65f07d4e66dd5543c8a187bf436\",\"name\":\"Rosane Storto\",\"image\":{\"@type\":\"ImageObject\",\"inLanguage\":\"en-US\",\"@id\":\"https:\/\/www.amstedmaxion.com.br\/#\/schema\/person\/image\/\",\"url\":\"https:\/\/secure.gravatar.com\/avatar\/0e3d021545bbe593cb0eb3ee740544fefa86d59762e63dec1dbe9480a34c98cd?s=96&d=mm&r=g\",\"contentUrl\":\"https:\/\/secure.gravatar.com\/avatar\/0e3d021545bbe593cb0eb3ee740544fefa86d59762e63dec1dbe9480a34c98cd?s=96&d=mm&r=g\",\"caption\":\"Rosane Storto\"}}]}<\/script>\n<!-- \/ Yoast SEO plugin. -->","yoast_head_json":{"title":"Lucro da WEG salta com demanda do setor de energia e estabiliza\u00e7\u00e3o da cadeia de fornecimento - AmstedMaxion","robots":{"index":"index","follow":"follow","max-snippet":"max-snippet:-1","max-image-preview":"max-image-preview:large","max-video-preview":"max-video-preview:-1"},"canonical":"https:\/\/www.amstedmaxion.com.br\/lucro-da-weg-salta-com-demanda-do-setor-de-energia-e-estabilizacao-da-cadeia-de-fornecimento\/","og_locale":"en_US","og_type":"article","og_title":"Lucro da WEG salta com demanda do setor de energia e estabiliza\u00e7\u00e3o da cadeia de fornecimento - AmstedMaxion","og_description":"Valor Econ\u00f4mico &#8211; No mercado externo, o destaque foi o mercado dos Estados Unidos, por conta dos neg\u00f3cios de transmiss\u00e3o e distribui\u00e7\u00e3o, e em menor propor\u00e7\u00e3o a Europa O aquecimento dos neg\u00f3cios da fabricante de equipamentos catarinense WEG tanto no Brasil quanto nos principais pa\u00edses em que atua no exterior deu o tom do resultado [&hellip;]","og_url":"https:\/\/www.amstedmaxion.com.br\/lucro-da-weg-salta-com-demanda-do-setor-de-energia-e-estabilizacao-da-cadeia-de-fornecimento\/","og_site_name":"AmstedMaxion","article_publisher":"https:\/\/www.facebook.com\/AmstedMaxion.Oficial","article_published_time":"2023-02-16T18:25:28+00:00","article_modified_time":"2023-02-16T18:25:29+00:00","og_image":[{"width":715,"height":580,"url":"https:\/\/www.amstedmaxion.com.br\/wp-content\/uploads\/2023\/02\/WEG-Valor-Economico.jpg","type":"image\/jpeg"}],"author":"Rosane Storto","twitter_card":"summary_large_image","twitter_misc":{"Written by":"Rosane Storto","Est. reading time":"4 minutes"},"schema":{"@context":"https:\/\/schema.org","@graph":[{"@type":"Article","@id":"https:\/\/www.amstedmaxion.com.br\/lucro-da-weg-salta-com-demanda-do-setor-de-energia-e-estabilizacao-da-cadeia-de-fornecimento\/#article","isPartOf":{"@id":"https:\/\/www.amstedmaxion.com.br\/lucro-da-weg-salta-com-demanda-do-setor-de-energia-e-estabilizacao-da-cadeia-de-fornecimento\/"},"author":{"name":"Rosane Storto","@id":"https:\/\/www.amstedmaxion.com.br\/#\/schema\/person\/140cb65f07d4e66dd5543c8a187bf436"},"headline":"Lucro da WEG salta com demanda do setor de energia e estabiliza\u00e7\u00e3o da cadeia de fornecimento","datePublished":"2023-02-16T18:25:28+00:00","dateModified":"2023-02-16T18:25:29+00:00","mainEntityOfPage":{"@id":"https:\/\/www.amstedmaxion.com.br\/lucro-da-weg-salta-com-demanda-do-setor-de-energia-e-estabilizacao-da-cadeia-de-fornecimento\/"},"wordCount":765,"commentCount":0,"publisher":{"@id":"https:\/\/www.amstedmaxion.com.br\/#organization"},"image":{"@id":"https:\/\/www.amstedmaxion.com.br\/lucro-da-weg-salta-com-demanda-do-setor-de-energia-e-estabilizacao-da-cadeia-de-fornecimento\/#primaryimage"},"thumbnailUrl":"https:\/\/www.amstedmaxion.com.br\/wp-content\/uploads\/2023\/02\/WEG-Valor-Economico.jpg","articleSection":["Newsletter"],"inLanguage":"en-US","potentialAction":[{"@type":"CommentAction","name":"Comment","target":["https:\/\/www.amstedmaxion.com.br\/lucro-da-weg-salta-com-demanda-do-setor-de-energia-e-estabilizacao-da-cadeia-de-fornecimento\/#respond"]}]},{"@type":"WebPage","@id":"https:\/\/www.amstedmaxion.com.br\/lucro-da-weg-salta-com-demanda-do-setor-de-energia-e-estabilizacao-da-cadeia-de-fornecimento\/","url":"https:\/\/www.amstedmaxion.com.br\/lucro-da-weg-salta-com-demanda-do-setor-de-energia-e-estabilizacao-da-cadeia-de-fornecimento\/","name":"Lucro da WEG salta com demanda do setor de energia e estabiliza\u00e7\u00e3o da cadeia de fornecimento - AmstedMaxion","isPartOf":{"@id":"https:\/\/www.amstedmaxion.com.br\/#website"},"primaryImageOfPage":{"@id":"https:\/\/www.amstedmaxion.com.br\/lucro-da-weg-salta-com-demanda-do-setor-de-energia-e-estabilizacao-da-cadeia-de-fornecimento\/#primaryimage"},"image":{"@id":"https:\/\/www.amstedmaxion.com.br\/lucro-da-weg-salta-com-demanda-do-setor-de-energia-e-estabilizacao-da-cadeia-de-fornecimento\/#primaryimage"},"thumbnailUrl":"https:\/\/www.amstedmaxion.com.br\/wp-content\/uploads\/2023\/02\/WEG-Valor-Economico.jpg","datePublished":"2023-02-16T18:25:28+00:00","dateModified":"2023-02-16T18:25:29+00:00","breadcrumb":{"@id":"https:\/\/www.amstedmaxion.com.br\/lucro-da-weg-salta-com-demanda-do-setor-de-energia-e-estabilizacao-da-cadeia-de-fornecimento\/#breadcrumb"},"inLanguage":"en-US","potentialAction":[{"@type":"ReadAction","target":["https:\/\/www.amstedmaxion.com.br\/lucro-da-weg-salta-com-demanda-do-setor-de-energia-e-estabilizacao-da-cadeia-de-fornecimento\/"]}]},{"@type":"ImageObject","inLanguage":"en-US","@id":"https:\/\/www.amstedmaxion.com.br\/lucro-da-weg-salta-com-demanda-do-setor-de-energia-e-estabilizacao-da-cadeia-de-fornecimento\/#primaryimage","url":"https:\/\/www.amstedmaxion.com.br\/wp-content\/uploads\/2023\/02\/WEG-Valor-Economico.jpg","contentUrl":"https:\/\/www.amstedmaxion.com.br\/wp-content\/uploads\/2023\/02\/WEG-Valor-Economico.jpg","width":715,"height":580,"caption":"A receita l\u00edquida somou R$ 7,9 bilh\u00f5es no quarto trimestre deste ano, crescimento de 22% na compara\u00e7\u00e3o com igual per\u00edodo de 2021 \u2014 Foto: Celso Doni\/Valor \u2013 Captura de tela Valor Econ\u00f4mico"},{"@type":"BreadcrumbList","@id":"https:\/\/www.amstedmaxion.com.br\/lucro-da-weg-salta-com-demanda-do-setor-de-energia-e-estabilizacao-da-cadeia-de-fornecimento\/#breadcrumb","itemListElement":[{"@type":"ListItem","position":1,"name":"In\u00edcio","item":"https:\/\/www.amstedmaxion.com.br\/"},{"@type":"ListItem","position":2,"name":"Lucro da WEG salta com demanda do setor de energia e estabiliza\u00e7\u00e3o da cadeia de fornecimento"}]},{"@type":"WebSite","@id":"https:\/\/www.amstedmaxion.com.br\/#website","url":"https:\/\/www.amstedmaxion.com.br\/","name":"AmstedMaxion","description":"AmstedMaxion - Fundi\u00e7\u00e3o e Equipamentos Ferrovi\u00e1rios","publisher":{"@id":"https:\/\/www.amstedmaxion.com.br\/#organization"},"alternateName":"AmstedMaxion","potentialAction":[{"@type":"SearchAction","target":{"@type":"EntryPoint","urlTemplate":"https:\/\/www.amstedmaxion.com.br\/?s={search_term_string}"},"query-input":{"@type":"PropertyValueSpecification","valueRequired":true,"valueName":"search_term_string"}}],"inLanguage":"en-US"},{"@type":"Organization","@id":"https:\/\/www.amstedmaxion.com.br\/#organization","name":"AMSTEDMAXION","url":"https:\/\/www.amstedmaxion.com.br\/","logo":{"@type":"ImageObject","inLanguage":"en-US","@id":"https:\/\/www.amstedmaxion.com.br\/#\/schema\/logo\/image\/","url":"https:\/\/www.amstedmaxion.com.br\/wp-content\/uploads\/2023\/11\/amsted.png","contentUrl":"https:\/\/www.amstedmaxion.com.br\/wp-content\/uploads\/2023\/11\/amsted.png","width":500,"height":500,"caption":"AMSTEDMAXION"},"image":{"@id":"https:\/\/www.amstedmaxion.com.br\/#\/schema\/logo\/image\/"},"sameAs":["https:\/\/www.facebook.com\/AmstedMaxion.Oficial","https:\/\/br.linkedin.com\/company\/amstedmaxion"]},{"@type":"Person","@id":"https:\/\/www.amstedmaxion.com.br\/#\/schema\/person\/140cb65f07d4e66dd5543c8a187bf436","name":"Rosane Storto","image":{"@type":"ImageObject","inLanguage":"en-US","@id":"https:\/\/www.amstedmaxion.com.br\/#\/schema\/person\/image\/","url":"https:\/\/secure.gravatar.com\/avatar\/0e3d021545bbe593cb0eb3ee740544fefa86d59762e63dec1dbe9480a34c98cd?s=96&d=mm&r=g","contentUrl":"https:\/\/secure.gravatar.com\/avatar\/0e3d021545bbe593cb0eb3ee740544fefa86d59762e63dec1dbe9480a34c98cd?s=96&d=mm&r=g","caption":"Rosane Storto"}}]}},"_links":{"self":[{"href":"https:\/\/www.amstedmaxion.com.br\/en\/wp-json\/wp\/v2\/posts\/42050","targetHints":{"allow":["GET"]}}],"collection":[{"href":"https:\/\/www.amstedmaxion.com.br\/en\/wp-json\/wp\/v2\/posts"}],"about":[{"href":"https:\/\/www.amstedmaxion.com.br\/en\/wp-json\/wp\/v2\/types\/post"}],"author":[{"embeddable":true,"href":"https:\/\/www.amstedmaxion.com.br\/en\/wp-json\/wp\/v2\/users\/5"}],"replies":[{"embeddable":true,"href":"https:\/\/www.amstedmaxion.com.br\/en\/wp-json\/wp\/v2\/comments?post=42050"}],"version-history":[{"count":1,"href":"https:\/\/www.amstedmaxion.com.br\/en\/wp-json\/wp\/v2\/posts\/42050\/revisions"}],"predecessor-version":[{"id":42053,"href":"https:\/\/www.amstedmaxion.com.br\/en\/wp-json\/wp\/v2\/posts\/42050\/revisions\/42053"}],"wp:featuredmedia":[{"embeddable":true,"href":"https:\/\/www.amstedmaxion.com.br\/en\/wp-json\/wp\/v2\/media\/42051"}],"wp:attachment":[{"href":"https:\/\/www.amstedmaxion.com.br\/en\/wp-json\/wp\/v2\/media?parent=42050"}],"wp:term":[{"taxonomy":"category","embeddable":true,"href":"https:\/\/www.amstedmaxion.com.br\/en\/wp-json\/wp\/v2\/categories?post=42050"},{"taxonomy":"post_tag","embeddable":true,"href":"https:\/\/www.amstedmaxion.com.br\/en\/wp-json\/wp\/v2\/tags?post=42050"}],"curies":[{"name":"wp","href":"https:\/\/api.w.org\/{rel}","templated":true}]}}