{"id":42212,"date":"2023-03-01T15:51:46","date_gmt":"2023-03-01T18:51:46","guid":{"rendered":"https:\/\/www.amstedmaxion.com.br\/?p=42212"},"modified":"2023-03-01T15:51:47","modified_gmt":"2023-03-01T18:51:47","slug":"vendas-de-maquinas-agricolas-caem-pela-primeira-vez-desde-2016","status":"publish","type":"post","link":"https:\/\/www.amstedmaxion.com.br\/en\/vendas-de-maquinas-agricolas-caem-pela-primeira-vez-desde-2016\/","title":{"rendered":"Vendas de m\u00e1quinas agr\u00edcolas caem pela primeira vez desde 2016"},"content":{"rendered":"\n<p>Canal Rural &#8211; As vendas de m\u00e1quinas agr\u00edcolas em janeiro ca\u00edram 30% em rela\u00e7\u00e3o ao mesmo m\u00eas em 2022, segundo dados da Abimaq<\/p>\n\n\n\n<p>As vendas de m\u00e1quinas agr\u00edcolas em janeiro ca\u00edram 30% em rela\u00e7\u00e3o ao mesmo m\u00eas em 2022, disse nesta ter\u00e7a-feira (28), o presidente da C\u00e2mara de M\u00e1quinas Agr\u00edcolas da Associa\u00e7\u00e3o Brasileira de M\u00e1quinas e Equipamentos (Abimaq), Pedro Estev\u00e3o.<\/p>\n\n\n\n<p>Essa \u00e9 a primeira queda nas vendas do segmento desde 2016.<\/p>\n\n\n\n<p>\u201cNos \u00faltimos seis anos v\u00ednhamos crescendo todos os anos, mas este ano vimos as vendas ca\u00edrem\u201d, disse Estev\u00e3o, emendando que dois fatores contribu\u00edram para a queda das vendas de m\u00e1quinas agr\u00edcolas em janeiro. O primeiro \u00e9 a elevada taxa de juros no mercado, que est\u00e1 rodando, em m\u00e9dia, a 16,5% ao ano.<\/p>\n\n\n\n<p>Segundo Estev\u00e3o, o agricultor costuma tomar cr\u00e9dito pr\u00e9-fixado para per\u00edodos de cinco a seis anos e n\u00e3o est\u00e1 querendo passar muito tempo pagando taxas altas de juros. O segundo problema, de acordo com ele, \u00e9 que o Plano Safra, que confere aos produtores taxas de juros menores, se tornou pequeno diante das necessidades.<\/p>\n\n\n\n<p>\u201cO Plano Safra foi lan\u00e7ado em julho do ano passado e em outubro j\u00e1 n\u00e3o tinha mais dinheiro\u201d, disse Estev\u00e3o.<\/p>\n\n\n\n<p>Mais agravante ainda, de acordo com o executivo, \u00e9 que o novo Plano Safra s\u00f3 ocorrer\u00e1 em julho de 2023.<\/p>\n\n\n\n<p>Ou seja, haver\u00e1 uma janela de seis meses sem investimentos em m\u00e1quinas agr\u00edcolas. \u201cSe n\u00e3o for feito nada, vamos perder todo o primeiro semestre\u201d, disse o presidente da C\u00e2mara de M\u00e1quinas Agr\u00edcolas da Abimaq.<\/p>\n\n\n\n<p>O agricultor, segundo Estev\u00e3o, at\u00e9 est\u00e1 capitalizado, com dinheiro no bolso, mas n\u00e3o est\u00e1 disposto a usar capital pr\u00f3prio para fazer investimentos em m\u00e1quinas agr\u00edcolas. \u201cTem um v\u00e1cuo de pol\u00edtica p\u00fablica de novembro a julho. Por falta de pol\u00edticas p\u00fablicas para preencher este v\u00e1cuo, o produtor est\u00e1 esperando o Plano Safra em julho\u201d.<\/p>\n\n\n\n<p>Ainda, segundo Estev\u00e3o, n\u00e3o falta dinheiro para o agricultor. O BNDES, por exemplo, tem muito dinheiro em caixa para emprestar, mas a taxa elevada de juro leva o produtor a esperar para investir.<\/p>\n\n\n\n<figure class=\"wp-block-image size-full is-resized\"><img loading=\"lazy\" decoding=\"async\" src=\"https:\/\/www.amstedmaxion.com.br\/wp-content\/uploads\/2023\/03\/Maquinas-Canal-Rural.jpg\" alt=\"\" class=\"wp-image-42215\" width=\"432\" height=\"349\" srcset=\"https:\/\/www.amstedmaxion.com.br\/wp-content\/uploads\/2023\/03\/Maquinas-Canal-Rural.jpg 714w, https:\/\/www.amstedmaxion.com.br\/wp-content\/uploads\/2023\/03\/Maquinas-Canal-Rural-300x242.jpg 300w\" sizes=\"auto, (max-width: 432px) 100vw, 432px\" \/><figcaption class=\"wp-element-caption\">Captura de tela Canal Rural<\/figcaption><\/figure>\n\n\n\n<p>Fonte: Canal Rural \/Estad\u00e3o Conte\u00fado (<a href=\"https:\/\/www.canalrural.com.br\/noticias\/agricultura\/vendas-de-maquinas-agricolas-caem-pela-primeira-vez-desde-2016\/\">https:\/\/www.canalrural.com.br\/noticias\/agricultura\/vendas-de-maquinas-agricolas-caem-pela-primeira-vez-desde-2016\/<\/a>)<\/p>\n\n\n\n<p><\/p>\n","protected":false},"excerpt":{"rendered":"<p>Canal Rural &#8211; As vendas de m\u00e1quinas agr\u00edcolas em janeiro ca\u00edram 30% em rela\u00e7\u00e3o ao mesmo m\u00eas em 2022, segundo dados da Abimaq As vendas de m\u00e1quinas agr\u00edcolas em janeiro ca\u00edram 30% em rela\u00e7\u00e3o ao mesmo m\u00eas em 2022, disse nesta ter\u00e7a-feira (28), o presidente da C\u00e2mara de M\u00e1quinas Agr\u00edcolas da Associa\u00e7\u00e3o Brasileira de M\u00e1quinas [&hellip;]<\/p>\n","protected":false},"author":5,"featured_media":42215,"comment_status":"open","ping_status":"open","sticky":false,"template":"","format":"standard","meta":{"_acf_changed":false,"footnotes":""},"categories":[148],"tags":[],"class_list":["post-42212","post","type-post","status-publish","format-standard","has-post-thumbnail","hentry","category-newsletter"],"acf":[],"yoast_head":"<!-- This site is optimized with the Yoast SEO plugin v23.9 - https:\/\/yoast.com\/wordpress\/plugins\/seo\/ -->\n<title>Vendas de m\u00e1quinas agr\u00edcolas caem pela primeira vez desde 2016 - AmstedMaxion<\/title>\n<meta name=\"robots\" content=\"index, follow, max-snippet:-1, max-image-preview:large, max-video-preview:-1\" \/>\n<link rel=\"canonical\" href=\"https:\/\/www.amstedmaxion.com.br\/vendas-de-maquinas-agricolas-caem-pela-primeira-vez-desde-2016\/\" \/>\n<meta property=\"og:locale\" content=\"en_US\" \/>\n<meta property=\"og:type\" content=\"article\" \/>\n<meta property=\"og:title\" content=\"Vendas de m\u00e1quinas agr\u00edcolas caem pela primeira vez desde 2016 - AmstedMaxion\" \/>\n<meta property=\"og:description\" content=\"Canal Rural &#8211; As vendas de m\u00e1quinas agr\u00edcolas em janeiro ca\u00edram 30% em rela\u00e7\u00e3o ao mesmo m\u00eas em 2022, segundo dados da Abimaq As vendas de m\u00e1quinas agr\u00edcolas em janeiro ca\u00edram 30% em rela\u00e7\u00e3o ao mesmo m\u00eas em 2022, disse nesta ter\u00e7a-feira (28), o presidente da C\u00e2mara de M\u00e1quinas Agr\u00edcolas da Associa\u00e7\u00e3o Brasileira de M\u00e1quinas [&hellip;]\" \/>\n<meta property=\"og:url\" content=\"https:\/\/www.amstedmaxion.com.br\/vendas-de-maquinas-agricolas-caem-pela-primeira-vez-desde-2016\/\" \/>\n<meta property=\"og:site_name\" content=\"AmstedMaxion\" \/>\n<meta property=\"article:publisher\" content=\"https:\/\/www.facebook.com\/AmstedMaxion.Oficial\" \/>\n<meta property=\"article:published_time\" content=\"2023-03-01T18:51:46+00:00\" \/>\n<meta property=\"article:modified_time\" content=\"2023-03-01T18:51:47+00:00\" \/>\n<meta property=\"og:image\" content=\"https:\/\/www.amstedmaxion.com.br\/wp-content\/uploads\/2023\/03\/Maquinas-Canal-Rural.jpg\" \/>\n\t<meta property=\"og:image:width\" content=\"714\" \/>\n\t<meta property=\"og:image:height\" content=\"577\" \/>\n\t<meta property=\"og:image:type\" content=\"image\/jpeg\" \/>\n<meta name=\"author\" content=\"Rosane Storto\" \/>\n<meta name=\"twitter:card\" content=\"summary_large_image\" \/>\n<meta name=\"twitter:label1\" content=\"Written by\" \/>\n\t<meta name=\"twitter:data1\" content=\"Rosane Storto\" \/>\n\t<meta name=\"twitter:label2\" content=\"Est. reading time\" \/>\n\t<meta name=\"twitter:data2\" content=\"3 minutes\" \/>\n<script type=\"application\/ld+json\" class=\"yoast-schema-graph\">{\"@context\":\"https:\/\/schema.org\",\"@graph\":[{\"@type\":\"Article\",\"@id\":\"https:\/\/www.amstedmaxion.com.br\/vendas-de-maquinas-agricolas-caem-pela-primeira-vez-desde-2016\/#article\",\"isPartOf\":{\"@id\":\"https:\/\/www.amstedmaxion.com.br\/vendas-de-maquinas-agricolas-caem-pela-primeira-vez-desde-2016\/\"},\"author\":{\"name\":\"Rosane Storto\",\"@id\":\"https:\/\/www.amstedmaxion.com.br\/#\/schema\/person\/140cb65f07d4e66dd5543c8a187bf436\"},\"headline\":\"Vendas de m\u00e1quinas agr\u00edcolas caem pela primeira vez desde 2016\",\"datePublished\":\"2023-03-01T18:51:46+00:00\",\"dateModified\":\"2023-03-01T18:51:47+00:00\",\"mainEntityOfPage\":{\"@id\":\"https:\/\/www.amstedmaxion.com.br\/vendas-de-maquinas-agricolas-caem-pela-primeira-vez-desde-2016\/\"},\"wordCount\":406,\"commentCount\":0,\"publisher\":{\"@id\":\"https:\/\/www.amstedmaxion.com.br\/#organization\"},\"image\":{\"@id\":\"https:\/\/www.amstedmaxion.com.br\/vendas-de-maquinas-agricolas-caem-pela-primeira-vez-desde-2016\/#primaryimage\"},\"thumbnailUrl\":\"https:\/\/www.amstedmaxion.com.br\/wp-content\/uploads\/2023\/03\/Maquinas-Canal-Rural.jpg\",\"articleSection\":[\"Newsletter\"],\"inLanguage\":\"en-US\",\"potentialAction\":[{\"@type\":\"CommentAction\",\"name\":\"Comment\",\"target\":[\"https:\/\/www.amstedmaxion.com.br\/vendas-de-maquinas-agricolas-caem-pela-primeira-vez-desde-2016\/#respond\"]}]},{\"@type\":\"WebPage\",\"@id\":\"https:\/\/www.amstedmaxion.com.br\/vendas-de-maquinas-agricolas-caem-pela-primeira-vez-desde-2016\/\",\"url\":\"https:\/\/www.amstedmaxion.com.br\/vendas-de-maquinas-agricolas-caem-pela-primeira-vez-desde-2016\/\",\"name\":\"Vendas de m\u00e1quinas agr\u00edcolas caem pela primeira vez desde 2016 - AmstedMaxion\",\"isPartOf\":{\"@id\":\"https:\/\/www.amstedmaxion.com.br\/#website\"},\"primaryImageOfPage\":{\"@id\":\"https:\/\/www.amstedmaxion.com.br\/vendas-de-maquinas-agricolas-caem-pela-primeira-vez-desde-2016\/#primaryimage\"},\"image\":{\"@id\":\"https:\/\/www.amstedmaxion.com.br\/vendas-de-maquinas-agricolas-caem-pela-primeira-vez-desde-2016\/#primaryimage\"},\"thumbnailUrl\":\"https:\/\/www.amstedmaxion.com.br\/wp-content\/uploads\/2023\/03\/Maquinas-Canal-Rural.jpg\",\"datePublished\":\"2023-03-01T18:51:46+00:00\",\"dateModified\":\"2023-03-01T18:51:47+00:00\",\"breadcrumb\":{\"@id\":\"https:\/\/www.amstedmaxion.com.br\/vendas-de-maquinas-agricolas-caem-pela-primeira-vez-desde-2016\/#breadcrumb\"},\"inLanguage\":\"en-US\",\"potentialAction\":[{\"@type\":\"ReadAction\",\"target\":[\"https:\/\/www.amstedmaxion.com.br\/vendas-de-maquinas-agricolas-caem-pela-primeira-vez-desde-2016\/\"]}]},{\"@type\":\"ImageObject\",\"inLanguage\":\"en-US\",\"@id\":\"https:\/\/www.amstedmaxion.com.br\/vendas-de-maquinas-agricolas-caem-pela-primeira-vez-desde-2016\/#primaryimage\",\"url\":\"https:\/\/www.amstedmaxion.com.br\/wp-content\/uploads\/2023\/03\/Maquinas-Canal-Rural.jpg\",\"contentUrl\":\"https:\/\/www.amstedmaxion.com.br\/wp-content\/uploads\/2023\/03\/Maquinas-Canal-Rural.jpg\",\"width\":714,\"height\":577,\"caption\":\"Captura de tela Canal Rural\"},{\"@type\":\"BreadcrumbList\",\"@id\":\"https:\/\/www.amstedmaxion.com.br\/vendas-de-maquinas-agricolas-caem-pela-primeira-vez-desde-2016\/#breadcrumb\",\"itemListElement\":[{\"@type\":\"ListItem\",\"position\":1,\"name\":\"In\u00edcio\",\"item\":\"https:\/\/www.amstedmaxion.com.br\/\"},{\"@type\":\"ListItem\",\"position\":2,\"name\":\"Vendas de m\u00e1quinas agr\u00edcolas caem pela primeira vez desde 2016\"}]},{\"@type\":\"WebSite\",\"@id\":\"https:\/\/www.amstedmaxion.com.br\/#website\",\"url\":\"https:\/\/www.amstedmaxion.com.br\/\",\"name\":\"AmstedMaxion\",\"description\":\"AmstedMaxion - Fundi\u00e7\u00e3o e Equipamentos Ferrovi\u00e1rios\",\"publisher\":{\"@id\":\"https:\/\/www.amstedmaxion.com.br\/#organization\"},\"alternateName\":\"AmstedMaxion\",\"potentialAction\":[{\"@type\":\"SearchAction\",\"target\":{\"@type\":\"EntryPoint\",\"urlTemplate\":\"https:\/\/www.amstedmaxion.com.br\/?s={search_term_string}\"},\"query-input\":{\"@type\":\"PropertyValueSpecification\",\"valueRequired\":true,\"valueName\":\"search_term_string\"}}],\"inLanguage\":\"en-US\"},{\"@type\":\"Organization\",\"@id\":\"https:\/\/www.amstedmaxion.com.br\/#organization\",\"name\":\"AMSTEDMAXION\",\"url\":\"https:\/\/www.amstedmaxion.com.br\/\",\"logo\":{\"@type\":\"ImageObject\",\"inLanguage\":\"en-US\",\"@id\":\"https:\/\/www.amstedmaxion.com.br\/#\/schema\/logo\/image\/\",\"url\":\"https:\/\/www.amstedmaxion.com.br\/wp-content\/uploads\/2023\/11\/amsted.png\",\"contentUrl\":\"https:\/\/www.amstedmaxion.com.br\/wp-content\/uploads\/2023\/11\/amsted.png\",\"width\":500,\"height\":500,\"caption\":\"AMSTEDMAXION\"},\"image\":{\"@id\":\"https:\/\/www.amstedmaxion.com.br\/#\/schema\/logo\/image\/\"},\"sameAs\":[\"https:\/\/www.facebook.com\/AmstedMaxion.Oficial\",\"https:\/\/br.linkedin.com\/company\/amstedmaxion\"]},{\"@type\":\"Person\",\"@id\":\"https:\/\/www.amstedmaxion.com.br\/#\/schema\/person\/140cb65f07d4e66dd5543c8a187bf436\",\"name\":\"Rosane Storto\",\"image\":{\"@type\":\"ImageObject\",\"inLanguage\":\"en-US\",\"@id\":\"https:\/\/www.amstedmaxion.com.br\/#\/schema\/person\/image\/\",\"url\":\"https:\/\/secure.gravatar.com\/avatar\/0e3d021545bbe593cb0eb3ee740544fefa86d59762e63dec1dbe9480a34c98cd?s=96&d=mm&r=g\",\"contentUrl\":\"https:\/\/secure.gravatar.com\/avatar\/0e3d021545bbe593cb0eb3ee740544fefa86d59762e63dec1dbe9480a34c98cd?s=96&d=mm&r=g\",\"caption\":\"Rosane Storto\"}}]}<\/script>\n<!-- \/ Yoast SEO plugin. -->","yoast_head_json":{"title":"Vendas de m\u00e1quinas agr\u00edcolas caem pela primeira vez desde 2016 - AmstedMaxion","robots":{"index":"index","follow":"follow","max-snippet":"max-snippet:-1","max-image-preview":"max-image-preview:large","max-video-preview":"max-video-preview:-1"},"canonical":"https:\/\/www.amstedmaxion.com.br\/vendas-de-maquinas-agricolas-caem-pela-primeira-vez-desde-2016\/","og_locale":"en_US","og_type":"article","og_title":"Vendas de m\u00e1quinas agr\u00edcolas caem pela primeira vez desde 2016 - AmstedMaxion","og_description":"Canal Rural &#8211; As vendas de m\u00e1quinas agr\u00edcolas em janeiro ca\u00edram 30% em rela\u00e7\u00e3o ao mesmo m\u00eas em 2022, segundo dados da Abimaq As vendas de m\u00e1quinas agr\u00edcolas em janeiro ca\u00edram 30% em rela\u00e7\u00e3o ao mesmo m\u00eas em 2022, disse nesta ter\u00e7a-feira (28), o presidente da C\u00e2mara de M\u00e1quinas Agr\u00edcolas da Associa\u00e7\u00e3o Brasileira de M\u00e1quinas [&hellip;]","og_url":"https:\/\/www.amstedmaxion.com.br\/vendas-de-maquinas-agricolas-caem-pela-primeira-vez-desde-2016\/","og_site_name":"AmstedMaxion","article_publisher":"https:\/\/www.facebook.com\/AmstedMaxion.Oficial","article_published_time":"2023-03-01T18:51:46+00:00","article_modified_time":"2023-03-01T18:51:47+00:00","og_image":[{"width":714,"height":577,"url":"https:\/\/www.amstedmaxion.com.br\/wp-content\/uploads\/2023\/03\/Maquinas-Canal-Rural.jpg","type":"image\/jpeg"}],"author":"Rosane Storto","twitter_card":"summary_large_image","twitter_misc":{"Written by":"Rosane Storto","Est. reading time":"3 minutes"},"schema":{"@context":"https:\/\/schema.org","@graph":[{"@type":"Article","@id":"https:\/\/www.amstedmaxion.com.br\/vendas-de-maquinas-agricolas-caem-pela-primeira-vez-desde-2016\/#article","isPartOf":{"@id":"https:\/\/www.amstedmaxion.com.br\/vendas-de-maquinas-agricolas-caem-pela-primeira-vez-desde-2016\/"},"author":{"name":"Rosane Storto","@id":"https:\/\/www.amstedmaxion.com.br\/#\/schema\/person\/140cb65f07d4e66dd5543c8a187bf436"},"headline":"Vendas de m\u00e1quinas agr\u00edcolas caem pela primeira vez desde 2016","datePublished":"2023-03-01T18:51:46+00:00","dateModified":"2023-03-01T18:51:47+00:00","mainEntityOfPage":{"@id":"https:\/\/www.amstedmaxion.com.br\/vendas-de-maquinas-agricolas-caem-pela-primeira-vez-desde-2016\/"},"wordCount":406,"commentCount":0,"publisher":{"@id":"https:\/\/www.amstedmaxion.com.br\/#organization"},"image":{"@id":"https:\/\/www.amstedmaxion.com.br\/vendas-de-maquinas-agricolas-caem-pela-primeira-vez-desde-2016\/#primaryimage"},"thumbnailUrl":"https:\/\/www.amstedmaxion.com.br\/wp-content\/uploads\/2023\/03\/Maquinas-Canal-Rural.jpg","articleSection":["Newsletter"],"inLanguage":"en-US","potentialAction":[{"@type":"CommentAction","name":"Comment","target":["https:\/\/www.amstedmaxion.com.br\/vendas-de-maquinas-agricolas-caem-pela-primeira-vez-desde-2016\/#respond"]}]},{"@type":"WebPage","@id":"https:\/\/www.amstedmaxion.com.br\/vendas-de-maquinas-agricolas-caem-pela-primeira-vez-desde-2016\/","url":"https:\/\/www.amstedmaxion.com.br\/vendas-de-maquinas-agricolas-caem-pela-primeira-vez-desde-2016\/","name":"Vendas de m\u00e1quinas agr\u00edcolas caem pela primeira vez desde 2016 - AmstedMaxion","isPartOf":{"@id":"https:\/\/www.amstedmaxion.com.br\/#website"},"primaryImageOfPage":{"@id":"https:\/\/www.amstedmaxion.com.br\/vendas-de-maquinas-agricolas-caem-pela-primeira-vez-desde-2016\/#primaryimage"},"image":{"@id":"https:\/\/www.amstedmaxion.com.br\/vendas-de-maquinas-agricolas-caem-pela-primeira-vez-desde-2016\/#primaryimage"},"thumbnailUrl":"https:\/\/www.amstedmaxion.com.br\/wp-content\/uploads\/2023\/03\/Maquinas-Canal-Rural.jpg","datePublished":"2023-03-01T18:51:46+00:00","dateModified":"2023-03-01T18:51:47+00:00","breadcrumb":{"@id":"https:\/\/www.amstedmaxion.com.br\/vendas-de-maquinas-agricolas-caem-pela-primeira-vez-desde-2016\/#breadcrumb"},"inLanguage":"en-US","potentialAction":[{"@type":"ReadAction","target":["https:\/\/www.amstedmaxion.com.br\/vendas-de-maquinas-agricolas-caem-pela-primeira-vez-desde-2016\/"]}]},{"@type":"ImageObject","inLanguage":"en-US","@id":"https:\/\/www.amstedmaxion.com.br\/vendas-de-maquinas-agricolas-caem-pela-primeira-vez-desde-2016\/#primaryimage","url":"https:\/\/www.amstedmaxion.com.br\/wp-content\/uploads\/2023\/03\/Maquinas-Canal-Rural.jpg","contentUrl":"https:\/\/www.amstedmaxion.com.br\/wp-content\/uploads\/2023\/03\/Maquinas-Canal-Rural.jpg","width":714,"height":577,"caption":"Captura de tela Canal Rural"},{"@type":"BreadcrumbList","@id":"https:\/\/www.amstedmaxion.com.br\/vendas-de-maquinas-agricolas-caem-pela-primeira-vez-desde-2016\/#breadcrumb","itemListElement":[{"@type":"ListItem","position":1,"name":"In\u00edcio","item":"https:\/\/www.amstedmaxion.com.br\/"},{"@type":"ListItem","position":2,"name":"Vendas de m\u00e1quinas agr\u00edcolas caem pela primeira vez desde 2016"}]},{"@type":"WebSite","@id":"https:\/\/www.amstedmaxion.com.br\/#website","url":"https:\/\/www.amstedmaxion.com.br\/","name":"AmstedMaxion","description":"AmstedMaxion - Fundi\u00e7\u00e3o e Equipamentos Ferrovi\u00e1rios","publisher":{"@id":"https:\/\/www.amstedmaxion.com.br\/#organization"},"alternateName":"AmstedMaxion","potentialAction":[{"@type":"SearchAction","target":{"@type":"EntryPoint","urlTemplate":"https:\/\/www.amstedmaxion.com.br\/?s={search_term_string}"},"query-input":{"@type":"PropertyValueSpecification","valueRequired":true,"valueName":"search_term_string"}}],"inLanguage":"en-US"},{"@type":"Organization","@id":"https:\/\/www.amstedmaxion.com.br\/#organization","name":"AMSTEDMAXION","url":"https:\/\/www.amstedmaxion.com.br\/","logo":{"@type":"ImageObject","inLanguage":"en-US","@id":"https:\/\/www.amstedmaxion.com.br\/#\/schema\/logo\/image\/","url":"https:\/\/www.amstedmaxion.com.br\/wp-content\/uploads\/2023\/11\/amsted.png","contentUrl":"https:\/\/www.amstedmaxion.com.br\/wp-content\/uploads\/2023\/11\/amsted.png","width":500,"height":500,"caption":"AMSTEDMAXION"},"image":{"@id":"https:\/\/www.amstedmaxion.com.br\/#\/schema\/logo\/image\/"},"sameAs":["https:\/\/www.facebook.com\/AmstedMaxion.Oficial","https:\/\/br.linkedin.com\/company\/amstedmaxion"]},{"@type":"Person","@id":"https:\/\/www.amstedmaxion.com.br\/#\/schema\/person\/140cb65f07d4e66dd5543c8a187bf436","name":"Rosane Storto","image":{"@type":"ImageObject","inLanguage":"en-US","@id":"https:\/\/www.amstedmaxion.com.br\/#\/schema\/person\/image\/","url":"https:\/\/secure.gravatar.com\/avatar\/0e3d021545bbe593cb0eb3ee740544fefa86d59762e63dec1dbe9480a34c98cd?s=96&d=mm&r=g","contentUrl":"https:\/\/secure.gravatar.com\/avatar\/0e3d021545bbe593cb0eb3ee740544fefa86d59762e63dec1dbe9480a34c98cd?s=96&d=mm&r=g","caption":"Rosane Storto"}}]}},"_links":{"self":[{"href":"https:\/\/www.amstedmaxion.com.br\/en\/wp-json\/wp\/v2\/posts\/42212","targetHints":{"allow":["GET"]}}],"collection":[{"href":"https:\/\/www.amstedmaxion.com.br\/en\/wp-json\/wp\/v2\/posts"}],"about":[{"href":"https:\/\/www.amstedmaxion.com.br\/en\/wp-json\/wp\/v2\/types\/post"}],"author":[{"embeddable":true,"href":"https:\/\/www.amstedmaxion.com.br\/en\/wp-json\/wp\/v2\/users\/5"}],"replies":[{"embeddable":true,"href":"https:\/\/www.amstedmaxion.com.br\/en\/wp-json\/wp\/v2\/comments?post=42212"}],"version-history":[{"count":1,"href":"https:\/\/www.amstedmaxion.com.br\/en\/wp-json\/wp\/v2\/posts\/42212\/revisions"}],"predecessor-version":[{"id":42217,"href":"https:\/\/www.amstedmaxion.com.br\/en\/wp-json\/wp\/v2\/posts\/42212\/revisions\/42217"}],"wp:featuredmedia":[{"embeddable":true,"href":"https:\/\/www.amstedmaxion.com.br\/en\/wp-json\/wp\/v2\/media\/42215"}],"wp:attachment":[{"href":"https:\/\/www.amstedmaxion.com.br\/en\/wp-json\/wp\/v2\/media?parent=42212"}],"wp:term":[{"taxonomy":"category","embeddable":true,"href":"https:\/\/www.amstedmaxion.com.br\/en\/wp-json\/wp\/v2\/categories?post=42212"},{"taxonomy":"post_tag","embeddable":true,"href":"https:\/\/www.amstedmaxion.com.br\/en\/wp-json\/wp\/v2\/tags?post=42212"}],"curies":[{"name":"wp","href":"https:\/\/api.w.org\/{rel}","templated":true}]}}