{"id":42374,"date":"2023-03-10T11:05:07","date_gmt":"2023-03-10T14:05:07","guid":{"rendered":"https:\/\/www.amstedmaxion.com.br\/?p=42374"},"modified":"2023-03-10T11:07:18","modified_gmt":"2023-03-10T14:07:18","slug":"plano-safra-2023-24-precisa-de-r-34-bi-para-moderfrota","status":"publish","type":"post","link":"https:\/\/www.amstedmaxion.com.br\/en\/plano-safra-2023-24-precisa-de-r-34-bi-para-moderfrota\/","title":{"rendered":"Plano Safra 2023\/24 precisa de R$ 34 bi para Moderfrota"},"content":{"rendered":"\n<p>Canal Rural &#8211; Avalia\u00e7\u00e3o parte da Abimaq, que ainda cita a necessidade de destina\u00e7\u00e3o de R$ 11 bilh\u00f5es para o Pronaf<\/p>\n\n\n\n<p>Com a previs\u00e3o de aumento da produ\u00e7\u00e3o nacional e das exporta\u00e7\u00f5es do setor agropecu\u00e1rio, ser\u00e1 necess\u00e1rio um aporte de R$ 34 bilh\u00f5es para o financiamento de m\u00e1quinas agr\u00edcolas. Ao menos \u00e9 esse o entendimento da Associa\u00e7\u00e3o Brasileira da Ind\u00fastria de M\u00e1quinas e Equipamentos (Abimaq).&nbsp;<\/p>\n\n\n\n<p>Representantes da entidade estiveram na quarta-feira (8) no Minist\u00e9rio da Agricultura e da Pecu\u00e1ria (Mapa) para apresentar propostas para o Plano Safra 2023-24. A reuni\u00e3o ocorreu a convite da Secretaria Nacional de Pol\u00edtica Agr\u00edcola.<\/p>\n\n\n\n<p>O setor de m\u00e1quinas e implementos, nos \u00faltimos tr\u00eas anos, vem batendo recorde de vendas gra\u00e7as ao aumento das importa\u00e7\u00f5es do setor agropecu\u00e1rio. No ano passado, o setor teve um faturamento de R$ 90 bilh\u00f5es. De acordo com o presidente da C\u00e2mara Setorial de M\u00e1quinas e Equipamentos Agr\u00edcolas da Abimaq, Pedro Estev\u00e3o Bastos, para a constru\u00e7\u00e3o de um Plano Safra robusto, s\u00e3o necess\u00e1rios R$ 34 bilh\u00f5es para o Moderfrota e outros R$ 11 bilh\u00f5es para o Programa Nacional de Fortalecimento da Agricultura Familiar (Pronaf).<\/p>\n\n\n\n<p>Nesse sentido, a entidade refor\u00e7a a necessidade de se facilitar o acesso ao cr\u00e9dito do Programa de Moderniza\u00e7\u00e3o da Frota de Tratores Agr\u00edcolas e Implementos Associados e Colheitadeiras \u2014 conhecido popularmente pela nomenclatura Moderfrota. A linha tem por intuito fornecer melhores condi\u00e7\u00f5es de compra de equipamentos por produtores rurais de todo o pa\u00eds.<\/p>\n\n\n\n<p>Mais m\u00e1quinas para fomentar a produ\u00e7\u00e3o de alimentos<\/p>\n\n\n\n<p>A Organiza\u00e7\u00e3o das Na\u00e7\u00f5es Unidas para Alimenta\u00e7\u00e3o e Agricultura (FAO) estima que o Brasil contribuir\u00e1 com 40% da demanda adicional futura de alimentos do planeta. \u201cPara isso, precisamos de aumento de \u00e1rea, o que demanda novos investimentos, entre eles, m\u00e1quinas agr\u00edcolas. N\u00e3o d\u00e1 para fazer agricultura sem m\u00e1quinas\u201d, enfatiza Bastos.&nbsp;<\/p>\n\n\n\n<p>\u201cA gente precisa de um volume razo\u00e1vel, que dure todo o Plano Safra, e juros fixos\u201d. \u2014 Pedro Estev\u00e3o Bastos<\/p>\n\n\n\n<p>Segundo o presidente da C\u00e2mara Setorial de M\u00e1quinas e Equipamentos Agr\u00edcolas da Abimaq, a comunica\u00e7\u00e3o com o governo federal tem sido bastante fluida. \u201cEu diria at\u00e9 que o governo quer fazer esse novo Plano Safra robusto. S\u00f3 que tem um pequeno detalhe que \u00e9 o or\u00e7amento, n\u00e3o h\u00e1 recursos para tudo\u201d, diz Bastos. \u201cEles entenderam que \u00e9 preciso ter recurso suficiente com juros que sejam compat\u00edveis com a atividade econ\u00f4mica\u201d, complementa o dirigente da Abimaq.<\/p>\n\n\n\n<figure class=\"wp-block-image size-full is-resized\"><img loading=\"lazy\" decoding=\"async\" src=\"https:\/\/www.amstedmaxion.com.br\/wp-content\/uploads\/2023\/03\/Plano-Safra-Canal-Rural-1.jpg\" alt=\"\" class=\"wp-image-42377\" width=\"433\" height=\"347\" srcset=\"https:\/\/www.amstedmaxion.com.br\/wp-content\/uploads\/2023\/03\/Plano-Safra-Canal-Rural-1.jpg 719w, https:\/\/www.amstedmaxion.com.br\/wp-content\/uploads\/2023\/03\/Plano-Safra-Canal-Rural-1-300x241.jpg 300w\" sizes=\"auto, (max-width: 433px) 100vw, 433px\" \/><figcaption class=\"wp-element-caption\">Foto: captura de tela Canal Rural<\/figcaption><\/figure>\n\n\n\n<p>Fonte: Canal Rural (<a href=\"https:\/\/www.canalrural.com.br\/brasilia\/plano-safra-2023-24-precisa-de-r-34-bi-para-moderfrota\/\">https:\/\/www.canalrural.com.br\/brasilia\/plano-safra-2023-24-precisa-de-r-34-bi-para-moderfrota\/<\/a>)<\/p>\n","protected":false},"excerpt":{"rendered":"<p>Canal Rural &#8211; Avalia\u00e7\u00e3o parte da Abimaq, que ainda cita a necessidade de destina\u00e7\u00e3o de R$ 11 bilh\u00f5es para o Pronaf Com a previs\u00e3o de aumento da produ\u00e7\u00e3o nacional e das exporta\u00e7\u00f5es do setor agropecu\u00e1rio, ser\u00e1 necess\u00e1rio um aporte de R$ 34 bilh\u00f5es para o financiamento de m\u00e1quinas agr\u00edcolas. Ao menos \u00e9 esse o entendimento [&hellip;]<\/p>\n","protected":false},"author":5,"featured_media":42377,"comment_status":"open","ping_status":"open","sticky":false,"template":"","format":"standard","meta":{"_acf_changed":false,"footnotes":""},"categories":[148],"tags":[],"class_list":["post-42374","post","type-post","status-publish","format-standard","has-post-thumbnail","hentry","category-newsletter"],"acf":[],"yoast_head":"<!-- This site is optimized with the Yoast SEO plugin v23.9 - https:\/\/yoast.com\/wordpress\/plugins\/seo\/ -->\n<title>Plano Safra 2023\/24 precisa de R$ 34 bi para Moderfrota - AmstedMaxion<\/title>\n<meta name=\"robots\" content=\"index, follow, max-snippet:-1, max-image-preview:large, max-video-preview:-1\" \/>\n<link rel=\"canonical\" href=\"https:\/\/www.amstedmaxion.com.br\/plano-safra-2023-24-precisa-de-r-34-bi-para-moderfrota\/\" \/>\n<meta property=\"og:locale\" content=\"en_US\" \/>\n<meta property=\"og:type\" content=\"article\" \/>\n<meta property=\"og:title\" content=\"Plano Safra 2023\/24 precisa de R$ 34 bi para Moderfrota - AmstedMaxion\" \/>\n<meta property=\"og:description\" content=\"Canal Rural &#8211; Avalia\u00e7\u00e3o parte da Abimaq, que ainda cita a necessidade de destina\u00e7\u00e3o de R$ 11 bilh\u00f5es para o Pronaf Com a previs\u00e3o de aumento da produ\u00e7\u00e3o nacional e das exporta\u00e7\u00f5es do setor agropecu\u00e1rio, ser\u00e1 necess\u00e1rio um aporte de R$ 34 bilh\u00f5es para o financiamento de m\u00e1quinas agr\u00edcolas. Ao menos \u00e9 esse o entendimento [&hellip;]\" \/>\n<meta property=\"og:url\" content=\"https:\/\/www.amstedmaxion.com.br\/plano-safra-2023-24-precisa-de-r-34-bi-para-moderfrota\/\" \/>\n<meta property=\"og:site_name\" content=\"AmstedMaxion\" \/>\n<meta property=\"article:publisher\" content=\"https:\/\/www.facebook.com\/AmstedMaxion.Oficial\" \/>\n<meta property=\"article:published_time\" content=\"2023-03-10T14:05:07+00:00\" \/>\n<meta property=\"article:modified_time\" content=\"2023-03-10T14:07:18+00:00\" \/>\n<meta property=\"og:image\" content=\"https:\/\/www.amstedmaxion.com.br\/wp-content\/uploads\/2023\/03\/Plano-Safra-Canal-Rural-1.jpg\" \/>\n\t<meta property=\"og:image:width\" content=\"719\" \/>\n\t<meta property=\"og:image:height\" content=\"577\" \/>\n\t<meta property=\"og:image:type\" content=\"image\/jpeg\" \/>\n<meta name=\"author\" content=\"Rosane Storto\" \/>\n<meta name=\"twitter:card\" content=\"summary_large_image\" \/>\n<meta name=\"twitter:label1\" content=\"Written by\" \/>\n\t<meta name=\"twitter:data1\" content=\"Rosane Storto\" \/>\n\t<meta name=\"twitter:label2\" content=\"Est. reading time\" \/>\n\t<meta name=\"twitter:data2\" content=\"3 minutes\" \/>\n<script type=\"application\/ld+json\" class=\"yoast-schema-graph\">{\"@context\":\"https:\/\/schema.org\",\"@graph\":[{\"@type\":\"Article\",\"@id\":\"https:\/\/www.amstedmaxion.com.br\/plano-safra-2023-24-precisa-de-r-34-bi-para-moderfrota\/#article\",\"isPartOf\":{\"@id\":\"https:\/\/www.amstedmaxion.com.br\/plano-safra-2023-24-precisa-de-r-34-bi-para-moderfrota\/\"},\"author\":{\"name\":\"Rosane Storto\",\"@id\":\"https:\/\/www.amstedmaxion.com.br\/#\/schema\/person\/140cb65f07d4e66dd5543c8a187bf436\"},\"headline\":\"Plano Safra 2023\/24 precisa de R$ 34 bi para Moderfrota\",\"datePublished\":\"2023-03-10T14:05:07+00:00\",\"dateModified\":\"2023-03-10T14:07:18+00:00\",\"mainEntityOfPage\":{\"@id\":\"https:\/\/www.amstedmaxion.com.br\/plano-safra-2023-24-precisa-de-r-34-bi-para-moderfrota\/\"},\"wordCount\":465,\"commentCount\":0,\"publisher\":{\"@id\":\"https:\/\/www.amstedmaxion.com.br\/#organization\"},\"image\":{\"@id\":\"https:\/\/www.amstedmaxion.com.br\/plano-safra-2023-24-precisa-de-r-34-bi-para-moderfrota\/#primaryimage\"},\"thumbnailUrl\":\"https:\/\/www.amstedmaxion.com.br\/wp-content\/uploads\/2023\/03\/Plano-Safra-Canal-Rural-1.jpg\",\"articleSection\":[\"Newsletter\"],\"inLanguage\":\"en-US\",\"potentialAction\":[{\"@type\":\"CommentAction\",\"name\":\"Comment\",\"target\":[\"https:\/\/www.amstedmaxion.com.br\/plano-safra-2023-24-precisa-de-r-34-bi-para-moderfrota\/#respond\"]}]},{\"@type\":\"WebPage\",\"@id\":\"https:\/\/www.amstedmaxion.com.br\/plano-safra-2023-24-precisa-de-r-34-bi-para-moderfrota\/\",\"url\":\"https:\/\/www.amstedmaxion.com.br\/plano-safra-2023-24-precisa-de-r-34-bi-para-moderfrota\/\",\"name\":\"Plano Safra 2023\/24 precisa de R$ 34 bi para Moderfrota - AmstedMaxion\",\"isPartOf\":{\"@id\":\"https:\/\/www.amstedmaxion.com.br\/#website\"},\"primaryImageOfPage\":{\"@id\":\"https:\/\/www.amstedmaxion.com.br\/plano-safra-2023-24-precisa-de-r-34-bi-para-moderfrota\/#primaryimage\"},\"image\":{\"@id\":\"https:\/\/www.amstedmaxion.com.br\/plano-safra-2023-24-precisa-de-r-34-bi-para-moderfrota\/#primaryimage\"},\"thumbnailUrl\":\"https:\/\/www.amstedmaxion.com.br\/wp-content\/uploads\/2023\/03\/Plano-Safra-Canal-Rural-1.jpg\",\"datePublished\":\"2023-03-10T14:05:07+00:00\",\"dateModified\":\"2023-03-10T14:07:18+00:00\",\"breadcrumb\":{\"@id\":\"https:\/\/www.amstedmaxion.com.br\/plano-safra-2023-24-precisa-de-r-34-bi-para-moderfrota\/#breadcrumb\"},\"inLanguage\":\"en-US\",\"potentialAction\":[{\"@type\":\"ReadAction\",\"target\":[\"https:\/\/www.amstedmaxion.com.br\/plano-safra-2023-24-precisa-de-r-34-bi-para-moderfrota\/\"]}]},{\"@type\":\"ImageObject\",\"inLanguage\":\"en-US\",\"@id\":\"https:\/\/www.amstedmaxion.com.br\/plano-safra-2023-24-precisa-de-r-34-bi-para-moderfrota\/#primaryimage\",\"url\":\"https:\/\/www.amstedmaxion.com.br\/wp-content\/uploads\/2023\/03\/Plano-Safra-Canal-Rural-1.jpg\",\"contentUrl\":\"https:\/\/www.amstedmaxion.com.br\/wp-content\/uploads\/2023\/03\/Plano-Safra-Canal-Rural-1.jpg\",\"width\":719,\"height\":577,\"caption\":\"Foto: captura de tela Canal Rural\"},{\"@type\":\"BreadcrumbList\",\"@id\":\"https:\/\/www.amstedmaxion.com.br\/plano-safra-2023-24-precisa-de-r-34-bi-para-moderfrota\/#breadcrumb\",\"itemListElement\":[{\"@type\":\"ListItem\",\"position\":1,\"name\":\"In\u00edcio\",\"item\":\"https:\/\/www.amstedmaxion.com.br\/\"},{\"@type\":\"ListItem\",\"position\":2,\"name\":\"Plano Safra 2023\/24 precisa de R$ 34 bi para Moderfrota\"}]},{\"@type\":\"WebSite\",\"@id\":\"https:\/\/www.amstedmaxion.com.br\/#website\",\"url\":\"https:\/\/www.amstedmaxion.com.br\/\",\"name\":\"AmstedMaxion\",\"description\":\"AmstedMaxion - Fundi\u00e7\u00e3o e Equipamentos Ferrovi\u00e1rios\",\"publisher\":{\"@id\":\"https:\/\/www.amstedmaxion.com.br\/#organization\"},\"alternateName\":\"AmstedMaxion\",\"potentialAction\":[{\"@type\":\"SearchAction\",\"target\":{\"@type\":\"EntryPoint\",\"urlTemplate\":\"https:\/\/www.amstedmaxion.com.br\/?s={search_term_string}\"},\"query-input\":{\"@type\":\"PropertyValueSpecification\",\"valueRequired\":true,\"valueName\":\"search_term_string\"}}],\"inLanguage\":\"en-US\"},{\"@type\":\"Organization\",\"@id\":\"https:\/\/www.amstedmaxion.com.br\/#organization\",\"name\":\"AMSTEDMAXION\",\"url\":\"https:\/\/www.amstedmaxion.com.br\/\",\"logo\":{\"@type\":\"ImageObject\",\"inLanguage\":\"en-US\",\"@id\":\"https:\/\/www.amstedmaxion.com.br\/#\/schema\/logo\/image\/\",\"url\":\"https:\/\/www.amstedmaxion.com.br\/wp-content\/uploads\/2023\/11\/amsted.png\",\"contentUrl\":\"https:\/\/www.amstedmaxion.com.br\/wp-content\/uploads\/2023\/11\/amsted.png\",\"width\":500,\"height\":500,\"caption\":\"AMSTEDMAXION\"},\"image\":{\"@id\":\"https:\/\/www.amstedmaxion.com.br\/#\/schema\/logo\/image\/\"},\"sameAs\":[\"https:\/\/www.facebook.com\/AmstedMaxion.Oficial\",\"https:\/\/br.linkedin.com\/company\/amstedmaxion\"]},{\"@type\":\"Person\",\"@id\":\"https:\/\/www.amstedmaxion.com.br\/#\/schema\/person\/140cb65f07d4e66dd5543c8a187bf436\",\"name\":\"Rosane Storto\",\"image\":{\"@type\":\"ImageObject\",\"inLanguage\":\"en-US\",\"@id\":\"https:\/\/www.amstedmaxion.com.br\/#\/schema\/person\/image\/\",\"url\":\"https:\/\/secure.gravatar.com\/avatar\/0e3d021545bbe593cb0eb3ee740544fefa86d59762e63dec1dbe9480a34c98cd?s=96&d=mm&r=g\",\"contentUrl\":\"https:\/\/secure.gravatar.com\/avatar\/0e3d021545bbe593cb0eb3ee740544fefa86d59762e63dec1dbe9480a34c98cd?s=96&d=mm&r=g\",\"caption\":\"Rosane Storto\"}}]}<\/script>\n<!-- \/ Yoast SEO plugin. -->","yoast_head_json":{"title":"Plano Safra 2023\/24 precisa de R$ 34 bi para Moderfrota - AmstedMaxion","robots":{"index":"index","follow":"follow","max-snippet":"max-snippet:-1","max-image-preview":"max-image-preview:large","max-video-preview":"max-video-preview:-1"},"canonical":"https:\/\/www.amstedmaxion.com.br\/plano-safra-2023-24-precisa-de-r-34-bi-para-moderfrota\/","og_locale":"en_US","og_type":"article","og_title":"Plano Safra 2023\/24 precisa de R$ 34 bi para Moderfrota - AmstedMaxion","og_description":"Canal Rural &#8211; Avalia\u00e7\u00e3o parte da Abimaq, que ainda cita a necessidade de destina\u00e7\u00e3o de R$ 11 bilh\u00f5es para o Pronaf Com a previs\u00e3o de aumento da produ\u00e7\u00e3o nacional e das exporta\u00e7\u00f5es do setor agropecu\u00e1rio, ser\u00e1 necess\u00e1rio um aporte de R$ 34 bilh\u00f5es para o financiamento de m\u00e1quinas agr\u00edcolas. Ao menos \u00e9 esse o entendimento [&hellip;]","og_url":"https:\/\/www.amstedmaxion.com.br\/plano-safra-2023-24-precisa-de-r-34-bi-para-moderfrota\/","og_site_name":"AmstedMaxion","article_publisher":"https:\/\/www.facebook.com\/AmstedMaxion.Oficial","article_published_time":"2023-03-10T14:05:07+00:00","article_modified_time":"2023-03-10T14:07:18+00:00","og_image":[{"width":719,"height":577,"url":"https:\/\/www.amstedmaxion.com.br\/wp-content\/uploads\/2023\/03\/Plano-Safra-Canal-Rural-1.jpg","type":"image\/jpeg"}],"author":"Rosane Storto","twitter_card":"summary_large_image","twitter_misc":{"Written by":"Rosane Storto","Est. reading time":"3 minutes"},"schema":{"@context":"https:\/\/schema.org","@graph":[{"@type":"Article","@id":"https:\/\/www.amstedmaxion.com.br\/plano-safra-2023-24-precisa-de-r-34-bi-para-moderfrota\/#article","isPartOf":{"@id":"https:\/\/www.amstedmaxion.com.br\/plano-safra-2023-24-precisa-de-r-34-bi-para-moderfrota\/"},"author":{"name":"Rosane Storto","@id":"https:\/\/www.amstedmaxion.com.br\/#\/schema\/person\/140cb65f07d4e66dd5543c8a187bf436"},"headline":"Plano Safra 2023\/24 precisa de R$ 34 bi para Moderfrota","datePublished":"2023-03-10T14:05:07+00:00","dateModified":"2023-03-10T14:07:18+00:00","mainEntityOfPage":{"@id":"https:\/\/www.amstedmaxion.com.br\/plano-safra-2023-24-precisa-de-r-34-bi-para-moderfrota\/"},"wordCount":465,"commentCount":0,"publisher":{"@id":"https:\/\/www.amstedmaxion.com.br\/#organization"},"image":{"@id":"https:\/\/www.amstedmaxion.com.br\/plano-safra-2023-24-precisa-de-r-34-bi-para-moderfrota\/#primaryimage"},"thumbnailUrl":"https:\/\/www.amstedmaxion.com.br\/wp-content\/uploads\/2023\/03\/Plano-Safra-Canal-Rural-1.jpg","articleSection":["Newsletter"],"inLanguage":"en-US","potentialAction":[{"@type":"CommentAction","name":"Comment","target":["https:\/\/www.amstedmaxion.com.br\/plano-safra-2023-24-precisa-de-r-34-bi-para-moderfrota\/#respond"]}]},{"@type":"WebPage","@id":"https:\/\/www.amstedmaxion.com.br\/plano-safra-2023-24-precisa-de-r-34-bi-para-moderfrota\/","url":"https:\/\/www.amstedmaxion.com.br\/plano-safra-2023-24-precisa-de-r-34-bi-para-moderfrota\/","name":"Plano Safra 2023\/24 precisa de R$ 34 bi para Moderfrota - AmstedMaxion","isPartOf":{"@id":"https:\/\/www.amstedmaxion.com.br\/#website"},"primaryImageOfPage":{"@id":"https:\/\/www.amstedmaxion.com.br\/plano-safra-2023-24-precisa-de-r-34-bi-para-moderfrota\/#primaryimage"},"image":{"@id":"https:\/\/www.amstedmaxion.com.br\/plano-safra-2023-24-precisa-de-r-34-bi-para-moderfrota\/#primaryimage"},"thumbnailUrl":"https:\/\/www.amstedmaxion.com.br\/wp-content\/uploads\/2023\/03\/Plano-Safra-Canal-Rural-1.jpg","datePublished":"2023-03-10T14:05:07+00:00","dateModified":"2023-03-10T14:07:18+00:00","breadcrumb":{"@id":"https:\/\/www.amstedmaxion.com.br\/plano-safra-2023-24-precisa-de-r-34-bi-para-moderfrota\/#breadcrumb"},"inLanguage":"en-US","potentialAction":[{"@type":"ReadAction","target":["https:\/\/www.amstedmaxion.com.br\/plano-safra-2023-24-precisa-de-r-34-bi-para-moderfrota\/"]}]},{"@type":"ImageObject","inLanguage":"en-US","@id":"https:\/\/www.amstedmaxion.com.br\/plano-safra-2023-24-precisa-de-r-34-bi-para-moderfrota\/#primaryimage","url":"https:\/\/www.amstedmaxion.com.br\/wp-content\/uploads\/2023\/03\/Plano-Safra-Canal-Rural-1.jpg","contentUrl":"https:\/\/www.amstedmaxion.com.br\/wp-content\/uploads\/2023\/03\/Plano-Safra-Canal-Rural-1.jpg","width":719,"height":577,"caption":"Foto: captura de tela Canal Rural"},{"@type":"BreadcrumbList","@id":"https:\/\/www.amstedmaxion.com.br\/plano-safra-2023-24-precisa-de-r-34-bi-para-moderfrota\/#breadcrumb","itemListElement":[{"@type":"ListItem","position":1,"name":"In\u00edcio","item":"https:\/\/www.amstedmaxion.com.br\/"},{"@type":"ListItem","position":2,"name":"Plano Safra 2023\/24 precisa de R$ 34 bi para Moderfrota"}]},{"@type":"WebSite","@id":"https:\/\/www.amstedmaxion.com.br\/#website","url":"https:\/\/www.amstedmaxion.com.br\/","name":"AmstedMaxion","description":"AmstedMaxion - Fundi\u00e7\u00e3o e Equipamentos Ferrovi\u00e1rios","publisher":{"@id":"https:\/\/www.amstedmaxion.com.br\/#organization"},"alternateName":"AmstedMaxion","potentialAction":[{"@type":"SearchAction","target":{"@type":"EntryPoint","urlTemplate":"https:\/\/www.amstedmaxion.com.br\/?s={search_term_string}"},"query-input":{"@type":"PropertyValueSpecification","valueRequired":true,"valueName":"search_term_string"}}],"inLanguage":"en-US"},{"@type":"Organization","@id":"https:\/\/www.amstedmaxion.com.br\/#organization","name":"AMSTEDMAXION","url":"https:\/\/www.amstedmaxion.com.br\/","logo":{"@type":"ImageObject","inLanguage":"en-US","@id":"https:\/\/www.amstedmaxion.com.br\/#\/schema\/logo\/image\/","url":"https:\/\/www.amstedmaxion.com.br\/wp-content\/uploads\/2023\/11\/amsted.png","contentUrl":"https:\/\/www.amstedmaxion.com.br\/wp-content\/uploads\/2023\/11\/amsted.png","width":500,"height":500,"caption":"AMSTEDMAXION"},"image":{"@id":"https:\/\/www.amstedmaxion.com.br\/#\/schema\/logo\/image\/"},"sameAs":["https:\/\/www.facebook.com\/AmstedMaxion.Oficial","https:\/\/br.linkedin.com\/company\/amstedmaxion"]},{"@type":"Person","@id":"https:\/\/www.amstedmaxion.com.br\/#\/schema\/person\/140cb65f07d4e66dd5543c8a187bf436","name":"Rosane Storto","image":{"@type":"ImageObject","inLanguage":"en-US","@id":"https:\/\/www.amstedmaxion.com.br\/#\/schema\/person\/image\/","url":"https:\/\/secure.gravatar.com\/avatar\/0e3d021545bbe593cb0eb3ee740544fefa86d59762e63dec1dbe9480a34c98cd?s=96&d=mm&r=g","contentUrl":"https:\/\/secure.gravatar.com\/avatar\/0e3d021545bbe593cb0eb3ee740544fefa86d59762e63dec1dbe9480a34c98cd?s=96&d=mm&r=g","caption":"Rosane Storto"}}]}},"_links":{"self":[{"href":"https:\/\/www.amstedmaxion.com.br\/en\/wp-json\/wp\/v2\/posts\/42374","targetHints":{"allow":["GET"]}}],"collection":[{"href":"https:\/\/www.amstedmaxion.com.br\/en\/wp-json\/wp\/v2\/posts"}],"about":[{"href":"https:\/\/www.amstedmaxion.com.br\/en\/wp-json\/wp\/v2\/types\/post"}],"author":[{"embeddable":true,"href":"https:\/\/www.amstedmaxion.com.br\/en\/wp-json\/wp\/v2\/users\/5"}],"replies":[{"embeddable":true,"href":"https:\/\/www.amstedmaxion.com.br\/en\/wp-json\/wp\/v2\/comments?post=42374"}],"version-history":[{"count":1,"href":"https:\/\/www.amstedmaxion.com.br\/en\/wp-json\/wp\/v2\/posts\/42374\/revisions"}],"predecessor-version":[{"id":42379,"href":"https:\/\/www.amstedmaxion.com.br\/en\/wp-json\/wp\/v2\/posts\/42374\/revisions\/42379"}],"wp:featuredmedia":[{"embeddable":true,"href":"https:\/\/www.amstedmaxion.com.br\/en\/wp-json\/wp\/v2\/media\/42377"}],"wp:attachment":[{"href":"https:\/\/www.amstedmaxion.com.br\/en\/wp-json\/wp\/v2\/media?parent=42374"}],"wp:term":[{"taxonomy":"category","embeddable":true,"href":"https:\/\/www.amstedmaxion.com.br\/en\/wp-json\/wp\/v2\/categories?post=42374"},{"taxonomy":"post_tag","embeddable":true,"href":"https:\/\/www.amstedmaxion.com.br\/en\/wp-json\/wp\/v2\/tags?post=42374"}],"curies":[{"name":"wp","href":"https:\/\/api.w.org\/{rel}","templated":true}]}}