{"id":42843,"date":"2023-03-28T15:56:55","date_gmt":"2023-03-28T18:56:55","guid":{"rendered":"https:\/\/www.amstedmaxion.com.br\/?p=42843"},"modified":"2023-03-28T15:56:56","modified_gmt":"2023-03-28T18:56:56","slug":"paralisacao-de-montadoras-afeta-fundicao","status":"publish","type":"post","link":"https:\/\/www.amstedmaxion.com.br\/en\/paralisacao-de-montadoras-afeta-fundicao\/","title":{"rendered":"Paralisa\u00e7\u00e3o de montadoras afeta fundi\u00e7\u00e3o"},"content":{"rendered":"\n<p>Di\u00e1rio do Com\u00e9rcio &#8211; Empresas registram cancelamento de pedidos, e paralisa\u00e7\u00e3o na produ\u00e7\u00e3o de montadoras no Pa\u00eds causa preocupa\u00e7\u00e3o<\/p>\n\n\n\n<p>A ind\u00fastria da fundi\u00e7\u00e3o em Minas Gerais vem enfrentando redu\u00e7\u00e3o na demanda e cancelamento de encomendas em meio \u00e0 cautela dos empres\u00e1rios. Al\u00e9m disso, a redu\u00e7\u00e3o no ritmo da ind\u00fastria automotiva gera preocupa\u00e7\u00e3o no setor.&nbsp; A informa\u00e7\u00e3o \u00e9 do presidente do Sindicato da Ind\u00fastria da Fundi\u00e7\u00e3o no Estado de Minas Gerais (Sifumg), Afonso Gonzaga.<\/p>\n\n\n\n<p>Por outro lado, o setor segue com expectativas de manter neste ano o ritmo de crescimento apresentado em 2022, de aproximadamente 10%.<\/p>\n\n\n\n<p>O presidente do Sifumg conta que o setor manteve neste primeiro trimestre o crescimento apresentado no ano passado e a expectativa para 2023 \u00e9 que a ind\u00fastria de fundi\u00e7\u00e3o consiga manter esse progresso de cerca de 10% apesar das dificuldades encontradas.<\/p>\n\n\n\n<p>Dentre os desafios que o setor deve enfrentar neste ano, Gonzaga destacou a atual diminui\u00e7\u00e3o da demanda e, em alguns casos, cancelamentos de encomendas; al\u00e9m da suspens\u00e3o de investimentos, causada por uma postura mais cautelosa dos empres\u00e1rios que est\u00e3o aguardando um posicionamento mais assertivo do governo federal.<\/p>\n\n\n\n<p>Quanto \u00e0 queda da demanda, o presidente do sindicato lembra que o setor da agroind\u00fastria havia sido um grande comprador no passado, mas que recentemente tem ocorrido uma reca\u00edda na demanda desse setor. Ele ainda destaca que esse fen\u00f4meno est\u00e1 ocorrendo paralelamente com os an\u00fancios de paralisa\u00e7\u00e3o do setor automotivo, que \u00e9 o carro-chefe da ind\u00fastria de fundi\u00e7\u00e3o.<\/p>\n\n\n\n<p>O presidente do Sifumg refor\u00e7a ainda que essas paralisa\u00e7\u00f5es na ind\u00fastria automotiva s\u00e3o uma enorme preocupa\u00e7\u00e3o para o setor de fundi\u00e7\u00e3o, j\u00e1 que elas podem acabar afetando a produ\u00e7\u00e3o. \u201cEsses an\u00fancios nos preocupam, inclusive, j\u00e1 estamos com reuni\u00f5es agendadas para ouvir sobre os gargalos que est\u00e3o acontecendo no setor automotivo para ver o que podemos fazer para n\u00e3o deixar isso afetar a produ\u00e7\u00e3o\u201d, relata. Ele lembra que o setor est\u00e1 com pedidos em carteira, mas os cancelamentos seguem sendo uma grande preocupa\u00e7\u00e3o.<\/p>\n\n\n\n<p>Gonzaga diz que o setor espera n\u00e3o ser afetado pelas paralisa\u00e7\u00f5es das empresas fabricantes de autom\u00f3veis e tamb\u00e9m est\u00e1 com expectativas de que a agroind\u00fastria possa contribuir para o crescimento do setor de fundi\u00e7\u00e3o em Minas.<\/p>\n\n\n\n<p>Ele ainda revela que a grande esperan\u00e7a dessa ind\u00fastria neste ano est\u00e1 no marco regulat\u00f3rio do saneamento b\u00e1sico, pois esse marco poder\u00e1 gerar um grande impacto na produ\u00e7\u00e3o desse segmento, com um volume alt\u00edssimo causado por uma demanda reprimida h\u00e1 muitos anos. Outro marco importante para a ind\u00fastria de fundi\u00e7\u00e3o ser\u00e1 o do setor ferrovi\u00e1rio que, segundo ele, j\u00e1 est\u00e1 mais adiantado em S\u00e3o Paulo, com algumas licita\u00e7\u00f5es em andamento.<\/p>\n\n\n\n<p>O presidente do sindicato que representa o setor em Minas garantiu que a ind\u00fastria de fundi\u00e7\u00e3o tem buscado se aproximar do novo governo, com reuni\u00f5es com o ministro da Fazenda, Fernando Haddad, e com o vice-presidente e ministro do Desenvolvimento, Ind\u00fastria, Com\u00e9rcio e Servi\u00e7os, Geraldo Alckmin, com o objetivo de entender melhor qual seria o posicionamento do atual governo em rela\u00e7\u00e3o a alguns temas como a reforma tribut\u00e1ria.<\/p>\n\n\n\n<p>Al\u00e9m disso, Gonzaga tamb\u00e9m afirma que o setor tem trabalhado, com o apoio da Fiemg, nas quest\u00f5es envolvendo a nova vers\u00e3o da reforma tribut\u00e1ria, na busca por uma diminui\u00e7\u00e3o dos custos na ind\u00fastria. Ele tamb\u00e9m refor\u00e7a a necessidade de avan\u00e7ar com as discuss\u00f5es envolvendo a substitui\u00e7\u00e3o tribut\u00e1ria.<\/p>\n\n\n\n<p>Na vis\u00e3o de Gonzaga, o Pa\u00eds tem potencial para ter uma ind\u00fastria forte e competitiva, mas para isso \u00e9 preciso resolver a quest\u00e3o da desonera\u00e7\u00e3o, por meio do trabalho focado na reforma tribut\u00e1ria e na desonera\u00e7\u00e3o da folha de pagamento. \u201c\u00c9 um absurdo onerar uma folha de pagamento, ou seja, onerar uma situa\u00e7\u00e3o onde se gera emprego e renda\u201d, declara. O presidente do sindicato ainda afirma que o setor de fundi\u00e7\u00e3o acredita na postura do novo governo para resolver essas quest\u00f5es.<\/p>\n\n\n\n<p>Mercado de fundi\u00e7\u00e3o<\/p>\n\n\n\n<p>Sobre o pre\u00e7o do min\u00e9rio, Gonzaga explica que ele est\u00e1 em um patamar normal, com a cota\u00e7\u00e3o dentro do que est\u00e1 sendo trabalhado, levando em considera\u00e7\u00e3o que n\u00e3o haver\u00e1 nenhuma grande mudan\u00e7a no cen\u00e1rio internacional. \u201cO mercado se mant\u00e9m calmo a pre\u00e7os normais, dentro de uma conjuntura econ\u00f4mica e comercial normal\u201d, relata.<\/p>\n\n\n\n<p>J\u00e1 com rela\u00e7\u00e3o \u00e0s exporta\u00e7\u00f5es, o presidente do Sifumg afirma que o setor de fundi\u00e7\u00e3o mant\u00e9m o mesmo patamar, girando em torno de 18% a 22% de sua produ\u00e7\u00e3o, e que ainda h\u00e1 mercado para uma poss\u00edvel melhoria. Ele tamb\u00e9m explica que os fabricantes exportadores contam com uma enorme seguran\u00e7a, j\u00e1 que as negocia\u00e7\u00f5es s\u00e3o feitas por meio de contratos com prazos mais longos, permitindo uma melhor organiza\u00e7\u00e3o financeira dessas empresas.<\/p>\n\n\n\n<p>Gonzaga afirma que a ind\u00fastria de fundi\u00e7\u00e3o segue competitiva e com grandes oportunidades para outros mercados. Ele lembra que a ind\u00fastria de transforma\u00e7\u00e3o deve estar sempre inovando, investindo, preparando m\u00e3o de obra e aprimorando cada vez mais para poder atender seus clientes.<\/p>\n\n\n\n<figure class=\"wp-block-image size-full is-resized\"><img loading=\"lazy\" decoding=\"async\" src=\"https:\/\/www.amstedmaxion.com.br\/wp-content\/uploads\/2023\/03\/Fundicao-Diario-do-Comercio.jpg\" alt=\"\" class=\"wp-image-42844\" width=\"440\" height=\"276\" srcset=\"https:\/\/www.amstedmaxion.com.br\/wp-content\/uploads\/2023\/03\/Fundicao-Diario-do-Comercio.jpg 719w, https:\/\/www.amstedmaxion.com.br\/wp-content\/uploads\/2023\/03\/Fundicao-Diario-do-Comercio-300x188.jpg 300w, https:\/\/www.amstedmaxion.com.br\/wp-content\/uploads\/2023\/03\/Fundicao-Diario-do-Comercio-252x157.jpg 252w\" sizes=\"auto, (max-width: 440px) 100vw, 440px\" \/><figcaption class=\"wp-element-caption\">Foto: \u00b4captura de tela Di\u00e1rio do Com\u00e9rcio<\/figcaption><\/figure>\n\n\n\n<p>Fonte: Di\u00e1rio do Com\u00e9rcio (https:\/\/diariodocomercio.com.br\/economia\/paralisacao-de-montadoras-afeta-fundicao\/)<\/p>\n","protected":false},"excerpt":{"rendered":"<p>Di\u00e1rio do Com\u00e9rcio &#8211; Empresas registram cancelamento de pedidos, e paralisa\u00e7\u00e3o na produ\u00e7\u00e3o de montadoras no Pa\u00eds causa preocupa\u00e7\u00e3o A ind\u00fastria da fundi\u00e7\u00e3o em Minas Gerais vem enfrentando redu\u00e7\u00e3o na demanda e cancelamento de encomendas em meio \u00e0 cautela dos empres\u00e1rios. Al\u00e9m disso, a redu\u00e7\u00e3o no ritmo da ind\u00fastria automotiva gera preocupa\u00e7\u00e3o no setor.&nbsp; A [&hellip;]<\/p>\n","protected":false},"author":5,"featured_media":42844,"comment_status":"open","ping_status":"open","sticky":false,"template":"","format":"standard","meta":{"_acf_changed":false,"footnotes":""},"categories":[148],"tags":[],"class_list":["post-42843","post","type-post","status-publish","format-standard","has-post-thumbnail","hentry","category-newsletter"],"acf":[],"yoast_head":"<!-- This site is optimized with the Yoast SEO plugin v23.9 - https:\/\/yoast.com\/wordpress\/plugins\/seo\/ -->\n<title>Paralisa\u00e7\u00e3o de montadoras afeta fundi\u00e7\u00e3o - AmstedMaxion<\/title>\n<meta name=\"robots\" content=\"index, follow, max-snippet:-1, max-image-preview:large, max-video-preview:-1\" \/>\n<link rel=\"canonical\" href=\"https:\/\/www.amstedmaxion.com.br\/paralisacao-de-montadoras-afeta-fundicao\/\" \/>\n<meta property=\"og:locale\" content=\"en_US\" \/>\n<meta property=\"og:type\" content=\"article\" \/>\n<meta property=\"og:title\" content=\"Paralisa\u00e7\u00e3o de montadoras afeta fundi\u00e7\u00e3o - AmstedMaxion\" \/>\n<meta property=\"og:description\" content=\"Di\u00e1rio do Com\u00e9rcio &#8211; Empresas registram cancelamento de pedidos, e paralisa\u00e7\u00e3o na produ\u00e7\u00e3o de montadoras no Pa\u00eds causa preocupa\u00e7\u00e3o A ind\u00fastria da fundi\u00e7\u00e3o em Minas Gerais vem enfrentando redu\u00e7\u00e3o na demanda e cancelamento de encomendas em meio \u00e0 cautela dos empres\u00e1rios. Al\u00e9m disso, a redu\u00e7\u00e3o no ritmo da ind\u00fastria automotiva gera preocupa\u00e7\u00e3o no setor.&nbsp; A [&hellip;]\" \/>\n<meta property=\"og:url\" content=\"https:\/\/www.amstedmaxion.com.br\/paralisacao-de-montadoras-afeta-fundicao\/\" \/>\n<meta property=\"og:site_name\" content=\"AmstedMaxion\" \/>\n<meta property=\"article:publisher\" content=\"https:\/\/www.facebook.com\/AmstedMaxion.Oficial\" \/>\n<meta property=\"article:published_time\" content=\"2023-03-28T18:56:55+00:00\" \/>\n<meta property=\"article:modified_time\" content=\"2023-03-28T18:56:56+00:00\" \/>\n<meta property=\"og:image\" content=\"https:\/\/www.amstedmaxion.com.br\/wp-content\/uploads\/2023\/03\/Fundicao-Diario-do-Comercio.jpg\" \/>\n\t<meta property=\"og:image:width\" content=\"719\" \/>\n\t<meta property=\"og:image:height\" content=\"451\" \/>\n\t<meta property=\"og:image:type\" content=\"image\/jpeg\" \/>\n<meta name=\"author\" content=\"Rosane Storto\" \/>\n<meta name=\"twitter:card\" content=\"summary_large_image\" \/>\n<meta name=\"twitter:label1\" content=\"Written by\" \/>\n\t<meta name=\"twitter:data1\" content=\"Rosane Storto\" \/>\n\t<meta name=\"twitter:label2\" content=\"Est. reading time\" \/>\n\t<meta name=\"twitter:data2\" content=\"5 minutes\" \/>\n<script type=\"application\/ld+json\" class=\"yoast-schema-graph\">{\"@context\":\"https:\/\/schema.org\",\"@graph\":[{\"@type\":\"Article\",\"@id\":\"https:\/\/www.amstedmaxion.com.br\/paralisacao-de-montadoras-afeta-fundicao\/#article\",\"isPartOf\":{\"@id\":\"https:\/\/www.amstedmaxion.com.br\/paralisacao-de-montadoras-afeta-fundicao\/\"},\"author\":{\"name\":\"Rosane Storto\",\"@id\":\"https:\/\/www.amstedmaxion.com.br\/#\/schema\/person\/140cb65f07d4e66dd5543c8a187bf436\"},\"headline\":\"Paralisa\u00e7\u00e3o de montadoras afeta fundi\u00e7\u00e3o\",\"datePublished\":\"2023-03-28T18:56:55+00:00\",\"dateModified\":\"2023-03-28T18:56:56+00:00\",\"mainEntityOfPage\":{\"@id\":\"https:\/\/www.amstedmaxion.com.br\/paralisacao-de-montadoras-afeta-fundicao\/\"},\"wordCount\":928,\"commentCount\":0,\"publisher\":{\"@id\":\"https:\/\/www.amstedmaxion.com.br\/#organization\"},\"image\":{\"@id\":\"https:\/\/www.amstedmaxion.com.br\/paralisacao-de-montadoras-afeta-fundicao\/#primaryimage\"},\"thumbnailUrl\":\"https:\/\/www.amstedmaxion.com.br\/wp-content\/uploads\/2023\/03\/Fundicao-Diario-do-Comercio.jpg\",\"articleSection\":[\"Newsletter\"],\"inLanguage\":\"en-US\",\"potentialAction\":[{\"@type\":\"CommentAction\",\"name\":\"Comment\",\"target\":[\"https:\/\/www.amstedmaxion.com.br\/paralisacao-de-montadoras-afeta-fundicao\/#respond\"]}]},{\"@type\":\"WebPage\",\"@id\":\"https:\/\/www.amstedmaxion.com.br\/paralisacao-de-montadoras-afeta-fundicao\/\",\"url\":\"https:\/\/www.amstedmaxion.com.br\/paralisacao-de-montadoras-afeta-fundicao\/\",\"name\":\"Paralisa\u00e7\u00e3o de montadoras afeta fundi\u00e7\u00e3o - AmstedMaxion\",\"isPartOf\":{\"@id\":\"https:\/\/www.amstedmaxion.com.br\/#website\"},\"primaryImageOfPage\":{\"@id\":\"https:\/\/www.amstedmaxion.com.br\/paralisacao-de-montadoras-afeta-fundicao\/#primaryimage\"},\"image\":{\"@id\":\"https:\/\/www.amstedmaxion.com.br\/paralisacao-de-montadoras-afeta-fundicao\/#primaryimage\"},\"thumbnailUrl\":\"https:\/\/www.amstedmaxion.com.br\/wp-content\/uploads\/2023\/03\/Fundicao-Diario-do-Comercio.jpg\",\"datePublished\":\"2023-03-28T18:56:55+00:00\",\"dateModified\":\"2023-03-28T18:56:56+00:00\",\"breadcrumb\":{\"@id\":\"https:\/\/www.amstedmaxion.com.br\/paralisacao-de-montadoras-afeta-fundicao\/#breadcrumb\"},\"inLanguage\":\"en-US\",\"potentialAction\":[{\"@type\":\"ReadAction\",\"target\":[\"https:\/\/www.amstedmaxion.com.br\/paralisacao-de-montadoras-afeta-fundicao\/\"]}]},{\"@type\":\"ImageObject\",\"inLanguage\":\"en-US\",\"@id\":\"https:\/\/www.amstedmaxion.com.br\/paralisacao-de-montadoras-afeta-fundicao\/#primaryimage\",\"url\":\"https:\/\/www.amstedmaxion.com.br\/wp-content\/uploads\/2023\/03\/Fundicao-Diario-do-Comercio.jpg\",\"contentUrl\":\"https:\/\/www.amstedmaxion.com.br\/wp-content\/uploads\/2023\/03\/Fundicao-Diario-do-Comercio.jpg\",\"width\":719,\"height\":451,\"caption\":\"Foto: \u00b4captura de tela Di\u00e1rio do Com\u00e9rcio\"},{\"@type\":\"BreadcrumbList\",\"@id\":\"https:\/\/www.amstedmaxion.com.br\/paralisacao-de-montadoras-afeta-fundicao\/#breadcrumb\",\"itemListElement\":[{\"@type\":\"ListItem\",\"position\":1,\"name\":\"In\u00edcio\",\"item\":\"https:\/\/www.amstedmaxion.com.br\/\"},{\"@type\":\"ListItem\",\"position\":2,\"name\":\"Paralisa\u00e7\u00e3o de montadoras afeta fundi\u00e7\u00e3o\"}]},{\"@type\":\"WebSite\",\"@id\":\"https:\/\/www.amstedmaxion.com.br\/#website\",\"url\":\"https:\/\/www.amstedmaxion.com.br\/\",\"name\":\"AmstedMaxion\",\"description\":\"AmstedMaxion - Fundi\u00e7\u00e3o e Equipamentos Ferrovi\u00e1rios\",\"publisher\":{\"@id\":\"https:\/\/www.amstedmaxion.com.br\/#organization\"},\"alternateName\":\"AmstedMaxion\",\"potentialAction\":[{\"@type\":\"SearchAction\",\"target\":{\"@type\":\"EntryPoint\",\"urlTemplate\":\"https:\/\/www.amstedmaxion.com.br\/?s={search_term_string}\"},\"query-input\":{\"@type\":\"PropertyValueSpecification\",\"valueRequired\":true,\"valueName\":\"search_term_string\"}}],\"inLanguage\":\"en-US\"},{\"@type\":\"Organization\",\"@id\":\"https:\/\/www.amstedmaxion.com.br\/#organization\",\"name\":\"AMSTEDMAXION\",\"url\":\"https:\/\/www.amstedmaxion.com.br\/\",\"logo\":{\"@type\":\"ImageObject\",\"inLanguage\":\"en-US\",\"@id\":\"https:\/\/www.amstedmaxion.com.br\/#\/schema\/logo\/image\/\",\"url\":\"https:\/\/www.amstedmaxion.com.br\/wp-content\/uploads\/2023\/11\/amsted.png\",\"contentUrl\":\"https:\/\/www.amstedmaxion.com.br\/wp-content\/uploads\/2023\/11\/amsted.png\",\"width\":500,\"height\":500,\"caption\":\"AMSTEDMAXION\"},\"image\":{\"@id\":\"https:\/\/www.amstedmaxion.com.br\/#\/schema\/logo\/image\/\"},\"sameAs\":[\"https:\/\/www.facebook.com\/AmstedMaxion.Oficial\",\"https:\/\/br.linkedin.com\/company\/amstedmaxion\"]},{\"@type\":\"Person\",\"@id\":\"https:\/\/www.amstedmaxion.com.br\/#\/schema\/person\/140cb65f07d4e66dd5543c8a187bf436\",\"name\":\"Rosane Storto\",\"image\":{\"@type\":\"ImageObject\",\"inLanguage\":\"en-US\",\"@id\":\"https:\/\/www.amstedmaxion.com.br\/#\/schema\/person\/image\/\",\"url\":\"https:\/\/secure.gravatar.com\/avatar\/0e3d021545bbe593cb0eb3ee740544fefa86d59762e63dec1dbe9480a34c98cd?s=96&d=mm&r=g\",\"contentUrl\":\"https:\/\/secure.gravatar.com\/avatar\/0e3d021545bbe593cb0eb3ee740544fefa86d59762e63dec1dbe9480a34c98cd?s=96&d=mm&r=g\",\"caption\":\"Rosane Storto\"}}]}<\/script>\n<!-- \/ Yoast SEO plugin. -->","yoast_head_json":{"title":"Paralisa\u00e7\u00e3o de montadoras afeta fundi\u00e7\u00e3o - AmstedMaxion","robots":{"index":"index","follow":"follow","max-snippet":"max-snippet:-1","max-image-preview":"max-image-preview:large","max-video-preview":"max-video-preview:-1"},"canonical":"https:\/\/www.amstedmaxion.com.br\/paralisacao-de-montadoras-afeta-fundicao\/","og_locale":"en_US","og_type":"article","og_title":"Paralisa\u00e7\u00e3o de montadoras afeta fundi\u00e7\u00e3o - AmstedMaxion","og_description":"Di\u00e1rio do Com\u00e9rcio &#8211; Empresas registram cancelamento de pedidos, e paralisa\u00e7\u00e3o na produ\u00e7\u00e3o de montadoras no Pa\u00eds causa preocupa\u00e7\u00e3o A ind\u00fastria da fundi\u00e7\u00e3o em Minas Gerais vem enfrentando redu\u00e7\u00e3o na demanda e cancelamento de encomendas em meio \u00e0 cautela dos empres\u00e1rios. Al\u00e9m disso, a redu\u00e7\u00e3o no ritmo da ind\u00fastria automotiva gera preocupa\u00e7\u00e3o no setor.&nbsp; A [&hellip;]","og_url":"https:\/\/www.amstedmaxion.com.br\/paralisacao-de-montadoras-afeta-fundicao\/","og_site_name":"AmstedMaxion","article_publisher":"https:\/\/www.facebook.com\/AmstedMaxion.Oficial","article_published_time":"2023-03-28T18:56:55+00:00","article_modified_time":"2023-03-28T18:56:56+00:00","og_image":[{"width":719,"height":451,"url":"https:\/\/www.amstedmaxion.com.br\/wp-content\/uploads\/2023\/03\/Fundicao-Diario-do-Comercio.jpg","type":"image\/jpeg"}],"author":"Rosane Storto","twitter_card":"summary_large_image","twitter_misc":{"Written by":"Rosane Storto","Est. reading time":"5 minutes"},"schema":{"@context":"https:\/\/schema.org","@graph":[{"@type":"Article","@id":"https:\/\/www.amstedmaxion.com.br\/paralisacao-de-montadoras-afeta-fundicao\/#article","isPartOf":{"@id":"https:\/\/www.amstedmaxion.com.br\/paralisacao-de-montadoras-afeta-fundicao\/"},"author":{"name":"Rosane Storto","@id":"https:\/\/www.amstedmaxion.com.br\/#\/schema\/person\/140cb65f07d4e66dd5543c8a187bf436"},"headline":"Paralisa\u00e7\u00e3o de montadoras afeta fundi\u00e7\u00e3o","datePublished":"2023-03-28T18:56:55+00:00","dateModified":"2023-03-28T18:56:56+00:00","mainEntityOfPage":{"@id":"https:\/\/www.amstedmaxion.com.br\/paralisacao-de-montadoras-afeta-fundicao\/"},"wordCount":928,"commentCount":0,"publisher":{"@id":"https:\/\/www.amstedmaxion.com.br\/#organization"},"image":{"@id":"https:\/\/www.amstedmaxion.com.br\/paralisacao-de-montadoras-afeta-fundicao\/#primaryimage"},"thumbnailUrl":"https:\/\/www.amstedmaxion.com.br\/wp-content\/uploads\/2023\/03\/Fundicao-Diario-do-Comercio.jpg","articleSection":["Newsletter"],"inLanguage":"en-US","potentialAction":[{"@type":"CommentAction","name":"Comment","target":["https:\/\/www.amstedmaxion.com.br\/paralisacao-de-montadoras-afeta-fundicao\/#respond"]}]},{"@type":"WebPage","@id":"https:\/\/www.amstedmaxion.com.br\/paralisacao-de-montadoras-afeta-fundicao\/","url":"https:\/\/www.amstedmaxion.com.br\/paralisacao-de-montadoras-afeta-fundicao\/","name":"Paralisa\u00e7\u00e3o de montadoras afeta fundi\u00e7\u00e3o - AmstedMaxion","isPartOf":{"@id":"https:\/\/www.amstedmaxion.com.br\/#website"},"primaryImageOfPage":{"@id":"https:\/\/www.amstedmaxion.com.br\/paralisacao-de-montadoras-afeta-fundicao\/#primaryimage"},"image":{"@id":"https:\/\/www.amstedmaxion.com.br\/paralisacao-de-montadoras-afeta-fundicao\/#primaryimage"},"thumbnailUrl":"https:\/\/www.amstedmaxion.com.br\/wp-content\/uploads\/2023\/03\/Fundicao-Diario-do-Comercio.jpg","datePublished":"2023-03-28T18:56:55+00:00","dateModified":"2023-03-28T18:56:56+00:00","breadcrumb":{"@id":"https:\/\/www.amstedmaxion.com.br\/paralisacao-de-montadoras-afeta-fundicao\/#breadcrumb"},"inLanguage":"en-US","potentialAction":[{"@type":"ReadAction","target":["https:\/\/www.amstedmaxion.com.br\/paralisacao-de-montadoras-afeta-fundicao\/"]}]},{"@type":"ImageObject","inLanguage":"en-US","@id":"https:\/\/www.amstedmaxion.com.br\/paralisacao-de-montadoras-afeta-fundicao\/#primaryimage","url":"https:\/\/www.amstedmaxion.com.br\/wp-content\/uploads\/2023\/03\/Fundicao-Diario-do-Comercio.jpg","contentUrl":"https:\/\/www.amstedmaxion.com.br\/wp-content\/uploads\/2023\/03\/Fundicao-Diario-do-Comercio.jpg","width":719,"height":451,"caption":"Foto: \u00b4captura de tela Di\u00e1rio do Com\u00e9rcio"},{"@type":"BreadcrumbList","@id":"https:\/\/www.amstedmaxion.com.br\/paralisacao-de-montadoras-afeta-fundicao\/#breadcrumb","itemListElement":[{"@type":"ListItem","position":1,"name":"In\u00edcio","item":"https:\/\/www.amstedmaxion.com.br\/"},{"@type":"ListItem","position":2,"name":"Paralisa\u00e7\u00e3o de montadoras afeta fundi\u00e7\u00e3o"}]},{"@type":"WebSite","@id":"https:\/\/www.amstedmaxion.com.br\/#website","url":"https:\/\/www.amstedmaxion.com.br\/","name":"AmstedMaxion","description":"AmstedMaxion - Fundi\u00e7\u00e3o e Equipamentos Ferrovi\u00e1rios","publisher":{"@id":"https:\/\/www.amstedmaxion.com.br\/#organization"},"alternateName":"AmstedMaxion","potentialAction":[{"@type":"SearchAction","target":{"@type":"EntryPoint","urlTemplate":"https:\/\/www.amstedmaxion.com.br\/?s={search_term_string}"},"query-input":{"@type":"PropertyValueSpecification","valueRequired":true,"valueName":"search_term_string"}}],"inLanguage":"en-US"},{"@type":"Organization","@id":"https:\/\/www.amstedmaxion.com.br\/#organization","name":"AMSTEDMAXION","url":"https:\/\/www.amstedmaxion.com.br\/","logo":{"@type":"ImageObject","inLanguage":"en-US","@id":"https:\/\/www.amstedmaxion.com.br\/#\/schema\/logo\/image\/","url":"https:\/\/www.amstedmaxion.com.br\/wp-content\/uploads\/2023\/11\/amsted.png","contentUrl":"https:\/\/www.amstedmaxion.com.br\/wp-content\/uploads\/2023\/11\/amsted.png","width":500,"height":500,"caption":"AMSTEDMAXION"},"image":{"@id":"https:\/\/www.amstedmaxion.com.br\/#\/schema\/logo\/image\/"},"sameAs":["https:\/\/www.facebook.com\/AmstedMaxion.Oficial","https:\/\/br.linkedin.com\/company\/amstedmaxion"]},{"@type":"Person","@id":"https:\/\/www.amstedmaxion.com.br\/#\/schema\/person\/140cb65f07d4e66dd5543c8a187bf436","name":"Rosane Storto","image":{"@type":"ImageObject","inLanguage":"en-US","@id":"https:\/\/www.amstedmaxion.com.br\/#\/schema\/person\/image\/","url":"https:\/\/secure.gravatar.com\/avatar\/0e3d021545bbe593cb0eb3ee740544fefa86d59762e63dec1dbe9480a34c98cd?s=96&d=mm&r=g","contentUrl":"https:\/\/secure.gravatar.com\/avatar\/0e3d021545bbe593cb0eb3ee740544fefa86d59762e63dec1dbe9480a34c98cd?s=96&d=mm&r=g","caption":"Rosane Storto"}}]}},"_links":{"self":[{"href":"https:\/\/www.amstedmaxion.com.br\/en\/wp-json\/wp\/v2\/posts\/42843","targetHints":{"allow":["GET"]}}],"collection":[{"href":"https:\/\/www.amstedmaxion.com.br\/en\/wp-json\/wp\/v2\/posts"}],"about":[{"href":"https:\/\/www.amstedmaxion.com.br\/en\/wp-json\/wp\/v2\/types\/post"}],"author":[{"embeddable":true,"href":"https:\/\/www.amstedmaxion.com.br\/en\/wp-json\/wp\/v2\/users\/5"}],"replies":[{"embeddable":true,"href":"https:\/\/www.amstedmaxion.com.br\/en\/wp-json\/wp\/v2\/comments?post=42843"}],"version-history":[{"count":1,"href":"https:\/\/www.amstedmaxion.com.br\/en\/wp-json\/wp\/v2\/posts\/42843\/revisions"}],"predecessor-version":[{"id":42846,"href":"https:\/\/www.amstedmaxion.com.br\/en\/wp-json\/wp\/v2\/posts\/42843\/revisions\/42846"}],"wp:featuredmedia":[{"embeddable":true,"href":"https:\/\/www.amstedmaxion.com.br\/en\/wp-json\/wp\/v2\/media\/42844"}],"wp:attachment":[{"href":"https:\/\/www.amstedmaxion.com.br\/en\/wp-json\/wp\/v2\/media?parent=42843"}],"wp:term":[{"taxonomy":"category","embeddable":true,"href":"https:\/\/www.amstedmaxion.com.br\/en\/wp-json\/wp\/v2\/categories?post=42843"},{"taxonomy":"post_tag","embeddable":true,"href":"https:\/\/www.amstedmaxion.com.br\/en\/wp-json\/wp\/v2\/tags?post=42843"}],"curies":[{"name":"wp","href":"https:\/\/api.w.org\/{rel}","templated":true}]}}