{"id":42886,"date":"2023-03-30T16:51:32","date_gmt":"2023-03-30T19:51:32","guid":{"rendered":"https:\/\/www.amstedmaxion.com.br\/?p=42886"},"modified":"2023-03-30T16:51:32","modified_gmt":"2023-03-30T19:51:32","slug":"industria-de-maquinas-agricolas-afirma-sentir-menos-a-falta-de-componentes","status":"publish","type":"post","link":"https:\/\/www.amstedmaxion.com.br\/en\/industria-de-maquinas-agricolas-afirma-sentir-menos-a-falta-de-componentes\/","title":{"rendered":"Ind\u00fastria de m\u00e1quinas agr\u00edcolas afirma sentir menos a falta de componentes"},"content":{"rendered":"\n<p>Globo Rural &#8211; Representantes do segmento dizem que empresas t\u00eam conseguido cumprir os prazos. Principal problema s\u00e3o as altas taxas de juros<\/p>\n\n\n\n<p>Enquanto montadoras de carros est\u00e3o dando f\u00e9rias coletivas a funcion\u00e1rios por causa da falta de componentes, a ind\u00fastria de m\u00e1quinas agr\u00edcolas sinaliza estar sofrendo menos com a situa\u00e7\u00e3o. Entidades que representam fabricantes reconhecem a escassez de alguns itens eletr\u00f4nicos, mas negam qualquer efeito sobre o cronograma de entrega dos equipamentos aos clientes.<\/p>\n\n\n\n<p>As restri\u00e7\u00f5es adotadas na fase mais aguda da pandemia de Covid-19 afetaram a log\u00edstica internacional, causando ruptura em diversas cadeias de suprimento. Na ind\u00fastria de m\u00e1quinas agr\u00edcolas, as entregas para os clientes chegaram a levar de seis a oito meses, bem acima do que \u00e9 considerado normal.<\/p>\n\n\n\n<p>Agora, apesar das dificuldades ainda persitirem, os prazos t\u00eam sido cumpridos pelas empresas, segundo executivos do setor. &#8220;O efeito \u00e9 muito pequeno&#8221;, afirma Pedro Est\u00eav\u00e3o Bastos, presidente da C\u00e2mara Setorial de M\u00e1quinas e Implementos Agr\u00edcolas da Associa\u00e7\u00e3o Brasileira da Ind\u00fastria de M\u00e1quinas e Equipamentos (CSMIA\/Abimaq).<\/p>\n\n\n\n<p>A Associa\u00e7\u00e3o Nacional dos Fabricantes de Ve\u00edculos Automotores (Anfavea) tem posicionamento semelhante. Em resposta \u00e0 Globo Rural enviada pela assessoria de imprensa, a entidade ressalta que as dificuldades com a falta de componentes eletr\u00f4nicos vem desde 2021, o que afetou tamb\u00e9m a ind\u00fastria de m\u00e1quinas agr\u00edcolas.<\/p>\n\n\n\n<p>A expectativa da entidade \u00e9 de que a falta de componentes perdure pelo menos at\u00e9 o ano que vem, mas em grau menor. No entanto, diferentemente das montadoras de carros, n\u00e3o h\u00e1 registro entre as associadas da Anfavea, de interrup\u00e7\u00e3o de linhas de produ\u00e7\u00e3o ou concess\u00e3o de f\u00e9rias coletivas no segmento agropecu\u00e1rio.<\/p>\n\n\n\n<p>&#8220;A situa\u00e7\u00e3o de componentes eletr\u00f4nicos em nada afeta a participa\u00e7\u00e3o e as negocia\u00e7\u00f5es do setor de m\u00e1quinas agr\u00edcolas previstas para ocorrerem em eventos do agroneg\u00f3cio durante este ano&#8221;, diz a Anfavea, por meio de sua assessoria de imprensa.<\/p>\n\n\n\n<p>Taxas de juros<\/p>\n\n\n\n<p>Para os representantes do setor de m\u00e1quinas e equipamentos agr\u00edcolas, o maior risco para os neg\u00f3cios e os resultados do ano neste momento s\u00e3o as altas taxas de juros e aus\u00eancia de linhas de cr\u00e9dito subvencionadas. Financiar o maquin\u00e1rio est\u00e1 mais caro para o produtor, o que j\u00e1 vem afetando o volume de vendas.<\/p>\n\n\n\n<p>Pedro Estev\u00e3o, da Abimaq, afirma que os fabricantes de m\u00e1quinas agr\u00edcolas faturaram 13,7% a menos no primeiro bimestre, em rela\u00e7\u00e3o ao mesmo per\u00edodo no ano passado. Segundo ele, uma mudan\u00e7a de cen\u00e1rio depende de novos aportes de recursos nas linhas de cr\u00e9dito para investimento previstas no Plano Safra.<\/p>\n\n\n\n<p>\u201cO primeiro semestre deve seguir nessa toada\u201d, salienta, acrescentando que os recursos da pol\u00edtica de financiamento dos produtores rurais, voltada para o per\u00edodo 2023\/2024, devem estar liberados somente a partir de julho de 2023.<\/p>\n\n\n\n<p>A Anfavea ainda n\u00e3o atualizou seus n\u00fameros referentes ao primeiro bimestre de 2023. Os resultados do per\u00edodo devem ser divulgados no in\u00edcio de abril. Em janeiro, a entidade registrou queda de 13,9% das vendas compara\u00e7\u00e3o com o mesmo m\u00eas em 2022. Foram 3,453 unidades comercializadas.<\/p>\n\n\n\n<p>Al\u00e9m de fatores sazonais, a Anfavea avalia que os neg\u00f3cios foram afetados pela falta de cr\u00e9dito com taxas de juros equalizadas, principalmente para pequenos e m\u00e9dios produtores rurais.<\/p>\n\n\n\n<figure class=\"wp-block-image size-full is-resized\"><img loading=\"lazy\" decoding=\"async\" src=\"https:\/\/www.amstedmaxion.com.br\/wp-content\/uploads\/2023\/03\/Maquinas-Globo-Rural.jpg\" alt=\"\" class=\"wp-image-42887\" width=\"430\" height=\"325\" srcset=\"https:\/\/www.amstedmaxion.com.br\/wp-content\/uploads\/2023\/03\/Maquinas-Globo-Rural.jpg 720w, https:\/\/www.amstedmaxion.com.br\/wp-content\/uploads\/2023\/03\/Maquinas-Globo-Rural-300x227.jpg 300w\" sizes=\"auto, (max-width: 430px) 100vw, 430px\" \/><figcaption class=\"wp-element-caption\">Foto: captura de tela Globo Rural<\/figcaption><\/figure>\n\n\n\n<p>Fonte: Globo Rural (<a href=\"https:\/\/globorural.globo.com\/negocios\/noticia\/2023\/03\/industria-de-maquinas-agricolas-afirma-sentir-menos-a-falta-de-componentes.ghtml\">https:\/\/globorural.globo.com\/negocios\/noticia\/2023\/03\/industria-de-maquinas-agricolas-afirma-sentir-menos-a-falta-de-componentes.ghtml<\/a>)<\/p>\n","protected":false},"excerpt":{"rendered":"<p>Globo Rural &#8211; Representantes do segmento dizem que empresas t\u00eam conseguido cumprir os prazos. Principal problema s\u00e3o as altas taxas de juros Enquanto montadoras de carros est\u00e3o dando f\u00e9rias coletivas a funcion\u00e1rios por causa da falta de componentes, a ind\u00fastria de m\u00e1quinas agr\u00edcolas sinaliza estar sofrendo menos com a situa\u00e7\u00e3o. Entidades que representam fabricantes reconhecem [&hellip;]<\/p>\n","protected":false},"author":5,"featured_media":42887,"comment_status":"open","ping_status":"open","sticky":false,"template":"","format":"standard","meta":{"_acf_changed":false,"footnotes":""},"categories":[148],"tags":[],"class_list":["post-42886","post","type-post","status-publish","format-standard","has-post-thumbnail","hentry","category-newsletter"],"acf":[],"yoast_head":"<!-- This site is optimized with the Yoast SEO plugin v23.9 - https:\/\/yoast.com\/wordpress\/plugins\/seo\/ -->\n<title>Ind\u00fastria de m\u00e1quinas agr\u00edcolas afirma sentir menos a falta de componentes - AmstedMaxion<\/title>\n<meta name=\"robots\" content=\"index, follow, max-snippet:-1, max-image-preview:large, max-video-preview:-1\" \/>\n<link rel=\"canonical\" href=\"https:\/\/www.amstedmaxion.com.br\/industria-de-maquinas-agricolas-afirma-sentir-menos-a-falta-de-componentes\/\" \/>\n<meta property=\"og:locale\" content=\"en_US\" \/>\n<meta property=\"og:type\" content=\"article\" \/>\n<meta property=\"og:title\" content=\"Ind\u00fastria de m\u00e1quinas agr\u00edcolas afirma sentir menos a falta de componentes - AmstedMaxion\" \/>\n<meta property=\"og:description\" content=\"Globo Rural &#8211; Representantes do segmento dizem que empresas t\u00eam conseguido cumprir os prazos. Principal problema s\u00e3o as altas taxas de juros Enquanto montadoras de carros est\u00e3o dando f\u00e9rias coletivas a funcion\u00e1rios por causa da falta de componentes, a ind\u00fastria de m\u00e1quinas agr\u00edcolas sinaliza estar sofrendo menos com a situa\u00e7\u00e3o. Entidades que representam fabricantes reconhecem [&hellip;]\" \/>\n<meta property=\"og:url\" content=\"https:\/\/www.amstedmaxion.com.br\/industria-de-maquinas-agricolas-afirma-sentir-menos-a-falta-de-componentes\/\" \/>\n<meta property=\"og:site_name\" content=\"AmstedMaxion\" \/>\n<meta property=\"article:publisher\" content=\"https:\/\/www.facebook.com\/AmstedMaxion.Oficial\" \/>\n<meta property=\"article:published_time\" content=\"2023-03-30T19:51:32+00:00\" \/>\n<meta property=\"og:image\" content=\"https:\/\/www.amstedmaxion.com.br\/wp-content\/uploads\/2023\/03\/Maquinas-Globo-Rural.jpg\" \/>\n\t<meta property=\"og:image:width\" content=\"720\" \/>\n\t<meta property=\"og:image:height\" content=\"545\" \/>\n\t<meta property=\"og:image:type\" content=\"image\/jpeg\" \/>\n<meta name=\"author\" content=\"Rosane Storto\" \/>\n<meta name=\"twitter:card\" content=\"summary_large_image\" \/>\n<meta name=\"twitter:label1\" content=\"Written by\" \/>\n\t<meta name=\"twitter:data1\" content=\"Rosane Storto\" \/>\n\t<meta name=\"twitter:label2\" content=\"Est. reading time\" \/>\n\t<meta name=\"twitter:data2\" content=\"4 minutes\" \/>\n<script type=\"application\/ld+json\" class=\"yoast-schema-graph\">{\"@context\":\"https:\/\/schema.org\",\"@graph\":[{\"@type\":\"Article\",\"@id\":\"https:\/\/www.amstedmaxion.com.br\/industria-de-maquinas-agricolas-afirma-sentir-menos-a-falta-de-componentes\/#article\",\"isPartOf\":{\"@id\":\"https:\/\/www.amstedmaxion.com.br\/industria-de-maquinas-agricolas-afirma-sentir-menos-a-falta-de-componentes\/\"},\"author\":{\"name\":\"Rosane Storto\",\"@id\":\"https:\/\/www.amstedmaxion.com.br\/#\/schema\/person\/140cb65f07d4e66dd5543c8a187bf436\"},\"headline\":\"Ind\u00fastria de m\u00e1quinas agr\u00edcolas afirma sentir menos a falta de componentes\",\"datePublished\":\"2023-03-30T19:51:32+00:00\",\"dateModified\":\"2023-03-30T19:51:32+00:00\",\"mainEntityOfPage\":{\"@id\":\"https:\/\/www.amstedmaxion.com.br\/industria-de-maquinas-agricolas-afirma-sentir-menos-a-falta-de-componentes\/\"},\"wordCount\":605,\"commentCount\":0,\"publisher\":{\"@id\":\"https:\/\/www.amstedmaxion.com.br\/#organization\"},\"image\":{\"@id\":\"https:\/\/www.amstedmaxion.com.br\/industria-de-maquinas-agricolas-afirma-sentir-menos-a-falta-de-componentes\/#primaryimage\"},\"thumbnailUrl\":\"https:\/\/www.amstedmaxion.com.br\/wp-content\/uploads\/2023\/03\/Maquinas-Globo-Rural.jpg\",\"articleSection\":[\"Newsletter\"],\"inLanguage\":\"en-US\",\"potentialAction\":[{\"@type\":\"CommentAction\",\"name\":\"Comment\",\"target\":[\"https:\/\/www.amstedmaxion.com.br\/industria-de-maquinas-agricolas-afirma-sentir-menos-a-falta-de-componentes\/#respond\"]}]},{\"@type\":\"WebPage\",\"@id\":\"https:\/\/www.amstedmaxion.com.br\/industria-de-maquinas-agricolas-afirma-sentir-menos-a-falta-de-componentes\/\",\"url\":\"https:\/\/www.amstedmaxion.com.br\/industria-de-maquinas-agricolas-afirma-sentir-menos-a-falta-de-componentes\/\",\"name\":\"Ind\u00fastria de m\u00e1quinas agr\u00edcolas afirma sentir menos a falta de componentes - AmstedMaxion\",\"isPartOf\":{\"@id\":\"https:\/\/www.amstedmaxion.com.br\/#website\"},\"primaryImageOfPage\":{\"@id\":\"https:\/\/www.amstedmaxion.com.br\/industria-de-maquinas-agricolas-afirma-sentir-menos-a-falta-de-componentes\/#primaryimage\"},\"image\":{\"@id\":\"https:\/\/www.amstedmaxion.com.br\/industria-de-maquinas-agricolas-afirma-sentir-menos-a-falta-de-componentes\/#primaryimage\"},\"thumbnailUrl\":\"https:\/\/www.amstedmaxion.com.br\/wp-content\/uploads\/2023\/03\/Maquinas-Globo-Rural.jpg\",\"datePublished\":\"2023-03-30T19:51:32+00:00\",\"dateModified\":\"2023-03-30T19:51:32+00:00\",\"breadcrumb\":{\"@id\":\"https:\/\/www.amstedmaxion.com.br\/industria-de-maquinas-agricolas-afirma-sentir-menos-a-falta-de-componentes\/#breadcrumb\"},\"inLanguage\":\"en-US\",\"potentialAction\":[{\"@type\":\"ReadAction\",\"target\":[\"https:\/\/www.amstedmaxion.com.br\/industria-de-maquinas-agricolas-afirma-sentir-menos-a-falta-de-componentes\/\"]}]},{\"@type\":\"ImageObject\",\"inLanguage\":\"en-US\",\"@id\":\"https:\/\/www.amstedmaxion.com.br\/industria-de-maquinas-agricolas-afirma-sentir-menos-a-falta-de-componentes\/#primaryimage\",\"url\":\"https:\/\/www.amstedmaxion.com.br\/wp-content\/uploads\/2023\/03\/Maquinas-Globo-Rural.jpg\",\"contentUrl\":\"https:\/\/www.amstedmaxion.com.br\/wp-content\/uploads\/2023\/03\/Maquinas-Globo-Rural.jpg\",\"width\":720,\"height\":545,\"caption\":\"Foto: captura de tela Globo Rural\"},{\"@type\":\"BreadcrumbList\",\"@id\":\"https:\/\/www.amstedmaxion.com.br\/industria-de-maquinas-agricolas-afirma-sentir-menos-a-falta-de-componentes\/#breadcrumb\",\"itemListElement\":[{\"@type\":\"ListItem\",\"position\":1,\"name\":\"In\u00edcio\",\"item\":\"https:\/\/www.amstedmaxion.com.br\/\"},{\"@type\":\"ListItem\",\"position\":2,\"name\":\"Ind\u00fastria de m\u00e1quinas agr\u00edcolas afirma sentir menos a falta de componentes\"}]},{\"@type\":\"WebSite\",\"@id\":\"https:\/\/www.amstedmaxion.com.br\/#website\",\"url\":\"https:\/\/www.amstedmaxion.com.br\/\",\"name\":\"AmstedMaxion\",\"description\":\"AmstedMaxion - Fundi\u00e7\u00e3o e Equipamentos Ferrovi\u00e1rios\",\"publisher\":{\"@id\":\"https:\/\/www.amstedmaxion.com.br\/#organization\"},\"alternateName\":\"AmstedMaxion\",\"potentialAction\":[{\"@type\":\"SearchAction\",\"target\":{\"@type\":\"EntryPoint\",\"urlTemplate\":\"https:\/\/www.amstedmaxion.com.br\/?s={search_term_string}\"},\"query-input\":{\"@type\":\"PropertyValueSpecification\",\"valueRequired\":true,\"valueName\":\"search_term_string\"}}],\"inLanguage\":\"en-US\"},{\"@type\":\"Organization\",\"@id\":\"https:\/\/www.amstedmaxion.com.br\/#organization\",\"name\":\"AMSTEDMAXION\",\"url\":\"https:\/\/www.amstedmaxion.com.br\/\",\"logo\":{\"@type\":\"ImageObject\",\"inLanguage\":\"en-US\",\"@id\":\"https:\/\/www.amstedmaxion.com.br\/#\/schema\/logo\/image\/\",\"url\":\"https:\/\/www.amstedmaxion.com.br\/wp-content\/uploads\/2023\/11\/amsted.png\",\"contentUrl\":\"https:\/\/www.amstedmaxion.com.br\/wp-content\/uploads\/2023\/11\/amsted.png\",\"width\":500,\"height\":500,\"caption\":\"AMSTEDMAXION\"},\"image\":{\"@id\":\"https:\/\/www.amstedmaxion.com.br\/#\/schema\/logo\/image\/\"},\"sameAs\":[\"https:\/\/www.facebook.com\/AmstedMaxion.Oficial\",\"https:\/\/br.linkedin.com\/company\/amstedmaxion\"]},{\"@type\":\"Person\",\"@id\":\"https:\/\/www.amstedmaxion.com.br\/#\/schema\/person\/140cb65f07d4e66dd5543c8a187bf436\",\"name\":\"Rosane Storto\",\"image\":{\"@type\":\"ImageObject\",\"inLanguage\":\"en-US\",\"@id\":\"https:\/\/www.amstedmaxion.com.br\/#\/schema\/person\/image\/\",\"url\":\"https:\/\/secure.gravatar.com\/avatar\/0e3d021545bbe593cb0eb3ee740544fefa86d59762e63dec1dbe9480a34c98cd?s=96&d=mm&r=g\",\"contentUrl\":\"https:\/\/secure.gravatar.com\/avatar\/0e3d021545bbe593cb0eb3ee740544fefa86d59762e63dec1dbe9480a34c98cd?s=96&d=mm&r=g\",\"caption\":\"Rosane Storto\"}}]}<\/script>\n<!-- \/ Yoast SEO plugin. -->","yoast_head_json":{"title":"Ind\u00fastria de m\u00e1quinas agr\u00edcolas afirma sentir menos a falta de componentes - AmstedMaxion","robots":{"index":"index","follow":"follow","max-snippet":"max-snippet:-1","max-image-preview":"max-image-preview:large","max-video-preview":"max-video-preview:-1"},"canonical":"https:\/\/www.amstedmaxion.com.br\/industria-de-maquinas-agricolas-afirma-sentir-menos-a-falta-de-componentes\/","og_locale":"en_US","og_type":"article","og_title":"Ind\u00fastria de m\u00e1quinas agr\u00edcolas afirma sentir menos a falta de componentes - AmstedMaxion","og_description":"Globo Rural &#8211; Representantes do segmento dizem que empresas t\u00eam conseguido cumprir os prazos. Principal problema s\u00e3o as altas taxas de juros Enquanto montadoras de carros est\u00e3o dando f\u00e9rias coletivas a funcion\u00e1rios por causa da falta de componentes, a ind\u00fastria de m\u00e1quinas agr\u00edcolas sinaliza estar sofrendo menos com a situa\u00e7\u00e3o. Entidades que representam fabricantes reconhecem [&hellip;]","og_url":"https:\/\/www.amstedmaxion.com.br\/industria-de-maquinas-agricolas-afirma-sentir-menos-a-falta-de-componentes\/","og_site_name":"AmstedMaxion","article_publisher":"https:\/\/www.facebook.com\/AmstedMaxion.Oficial","article_published_time":"2023-03-30T19:51:32+00:00","og_image":[{"width":720,"height":545,"url":"https:\/\/www.amstedmaxion.com.br\/wp-content\/uploads\/2023\/03\/Maquinas-Globo-Rural.jpg","type":"image\/jpeg"}],"author":"Rosane Storto","twitter_card":"summary_large_image","twitter_misc":{"Written by":"Rosane Storto","Est. reading time":"4 minutes"},"schema":{"@context":"https:\/\/schema.org","@graph":[{"@type":"Article","@id":"https:\/\/www.amstedmaxion.com.br\/industria-de-maquinas-agricolas-afirma-sentir-menos-a-falta-de-componentes\/#article","isPartOf":{"@id":"https:\/\/www.amstedmaxion.com.br\/industria-de-maquinas-agricolas-afirma-sentir-menos-a-falta-de-componentes\/"},"author":{"name":"Rosane Storto","@id":"https:\/\/www.amstedmaxion.com.br\/#\/schema\/person\/140cb65f07d4e66dd5543c8a187bf436"},"headline":"Ind\u00fastria de m\u00e1quinas agr\u00edcolas afirma sentir menos a falta de componentes","datePublished":"2023-03-30T19:51:32+00:00","dateModified":"2023-03-30T19:51:32+00:00","mainEntityOfPage":{"@id":"https:\/\/www.amstedmaxion.com.br\/industria-de-maquinas-agricolas-afirma-sentir-menos-a-falta-de-componentes\/"},"wordCount":605,"commentCount":0,"publisher":{"@id":"https:\/\/www.amstedmaxion.com.br\/#organization"},"image":{"@id":"https:\/\/www.amstedmaxion.com.br\/industria-de-maquinas-agricolas-afirma-sentir-menos-a-falta-de-componentes\/#primaryimage"},"thumbnailUrl":"https:\/\/www.amstedmaxion.com.br\/wp-content\/uploads\/2023\/03\/Maquinas-Globo-Rural.jpg","articleSection":["Newsletter"],"inLanguage":"en-US","potentialAction":[{"@type":"CommentAction","name":"Comment","target":["https:\/\/www.amstedmaxion.com.br\/industria-de-maquinas-agricolas-afirma-sentir-menos-a-falta-de-componentes\/#respond"]}]},{"@type":"WebPage","@id":"https:\/\/www.amstedmaxion.com.br\/industria-de-maquinas-agricolas-afirma-sentir-menos-a-falta-de-componentes\/","url":"https:\/\/www.amstedmaxion.com.br\/industria-de-maquinas-agricolas-afirma-sentir-menos-a-falta-de-componentes\/","name":"Ind\u00fastria de m\u00e1quinas agr\u00edcolas afirma sentir menos a falta de componentes - AmstedMaxion","isPartOf":{"@id":"https:\/\/www.amstedmaxion.com.br\/#website"},"primaryImageOfPage":{"@id":"https:\/\/www.amstedmaxion.com.br\/industria-de-maquinas-agricolas-afirma-sentir-menos-a-falta-de-componentes\/#primaryimage"},"image":{"@id":"https:\/\/www.amstedmaxion.com.br\/industria-de-maquinas-agricolas-afirma-sentir-menos-a-falta-de-componentes\/#primaryimage"},"thumbnailUrl":"https:\/\/www.amstedmaxion.com.br\/wp-content\/uploads\/2023\/03\/Maquinas-Globo-Rural.jpg","datePublished":"2023-03-30T19:51:32+00:00","dateModified":"2023-03-30T19:51:32+00:00","breadcrumb":{"@id":"https:\/\/www.amstedmaxion.com.br\/industria-de-maquinas-agricolas-afirma-sentir-menos-a-falta-de-componentes\/#breadcrumb"},"inLanguage":"en-US","potentialAction":[{"@type":"ReadAction","target":["https:\/\/www.amstedmaxion.com.br\/industria-de-maquinas-agricolas-afirma-sentir-menos-a-falta-de-componentes\/"]}]},{"@type":"ImageObject","inLanguage":"en-US","@id":"https:\/\/www.amstedmaxion.com.br\/industria-de-maquinas-agricolas-afirma-sentir-menos-a-falta-de-componentes\/#primaryimage","url":"https:\/\/www.amstedmaxion.com.br\/wp-content\/uploads\/2023\/03\/Maquinas-Globo-Rural.jpg","contentUrl":"https:\/\/www.amstedmaxion.com.br\/wp-content\/uploads\/2023\/03\/Maquinas-Globo-Rural.jpg","width":720,"height":545,"caption":"Foto: captura de tela Globo Rural"},{"@type":"BreadcrumbList","@id":"https:\/\/www.amstedmaxion.com.br\/industria-de-maquinas-agricolas-afirma-sentir-menos-a-falta-de-componentes\/#breadcrumb","itemListElement":[{"@type":"ListItem","position":1,"name":"In\u00edcio","item":"https:\/\/www.amstedmaxion.com.br\/"},{"@type":"ListItem","position":2,"name":"Ind\u00fastria de m\u00e1quinas agr\u00edcolas afirma sentir menos a falta de componentes"}]},{"@type":"WebSite","@id":"https:\/\/www.amstedmaxion.com.br\/#website","url":"https:\/\/www.amstedmaxion.com.br\/","name":"AmstedMaxion","description":"AmstedMaxion - Fundi\u00e7\u00e3o e Equipamentos Ferrovi\u00e1rios","publisher":{"@id":"https:\/\/www.amstedmaxion.com.br\/#organization"},"alternateName":"AmstedMaxion","potentialAction":[{"@type":"SearchAction","target":{"@type":"EntryPoint","urlTemplate":"https:\/\/www.amstedmaxion.com.br\/?s={search_term_string}"},"query-input":{"@type":"PropertyValueSpecification","valueRequired":true,"valueName":"search_term_string"}}],"inLanguage":"en-US"},{"@type":"Organization","@id":"https:\/\/www.amstedmaxion.com.br\/#organization","name":"AMSTEDMAXION","url":"https:\/\/www.amstedmaxion.com.br\/","logo":{"@type":"ImageObject","inLanguage":"en-US","@id":"https:\/\/www.amstedmaxion.com.br\/#\/schema\/logo\/image\/","url":"https:\/\/www.amstedmaxion.com.br\/wp-content\/uploads\/2023\/11\/amsted.png","contentUrl":"https:\/\/www.amstedmaxion.com.br\/wp-content\/uploads\/2023\/11\/amsted.png","width":500,"height":500,"caption":"AMSTEDMAXION"},"image":{"@id":"https:\/\/www.amstedmaxion.com.br\/#\/schema\/logo\/image\/"},"sameAs":["https:\/\/www.facebook.com\/AmstedMaxion.Oficial","https:\/\/br.linkedin.com\/company\/amstedmaxion"]},{"@type":"Person","@id":"https:\/\/www.amstedmaxion.com.br\/#\/schema\/person\/140cb65f07d4e66dd5543c8a187bf436","name":"Rosane Storto","image":{"@type":"ImageObject","inLanguage":"en-US","@id":"https:\/\/www.amstedmaxion.com.br\/#\/schema\/person\/image\/","url":"https:\/\/secure.gravatar.com\/avatar\/0e3d021545bbe593cb0eb3ee740544fefa86d59762e63dec1dbe9480a34c98cd?s=96&d=mm&r=g","contentUrl":"https:\/\/secure.gravatar.com\/avatar\/0e3d021545bbe593cb0eb3ee740544fefa86d59762e63dec1dbe9480a34c98cd?s=96&d=mm&r=g","caption":"Rosane Storto"}}]}},"_links":{"self":[{"href":"https:\/\/www.amstedmaxion.com.br\/en\/wp-json\/wp\/v2\/posts\/42886","targetHints":{"allow":["GET"]}}],"collection":[{"href":"https:\/\/www.amstedmaxion.com.br\/en\/wp-json\/wp\/v2\/posts"}],"about":[{"href":"https:\/\/www.amstedmaxion.com.br\/en\/wp-json\/wp\/v2\/types\/post"}],"author":[{"embeddable":true,"href":"https:\/\/www.amstedmaxion.com.br\/en\/wp-json\/wp\/v2\/users\/5"}],"replies":[{"embeddable":true,"href":"https:\/\/www.amstedmaxion.com.br\/en\/wp-json\/wp\/v2\/comments?post=42886"}],"version-history":[{"count":1,"href":"https:\/\/www.amstedmaxion.com.br\/en\/wp-json\/wp\/v2\/posts\/42886\/revisions"}],"predecessor-version":[{"id":42889,"href":"https:\/\/www.amstedmaxion.com.br\/en\/wp-json\/wp\/v2\/posts\/42886\/revisions\/42889"}],"wp:featuredmedia":[{"embeddable":true,"href":"https:\/\/www.amstedmaxion.com.br\/en\/wp-json\/wp\/v2\/media\/42887"}],"wp:attachment":[{"href":"https:\/\/www.amstedmaxion.com.br\/en\/wp-json\/wp\/v2\/media?parent=42886"}],"wp:term":[{"taxonomy":"category","embeddable":true,"href":"https:\/\/www.amstedmaxion.com.br\/en\/wp-json\/wp\/v2\/categories?post=42886"},{"taxonomy":"post_tag","embeddable":true,"href":"https:\/\/www.amstedmaxion.com.br\/en\/wp-json\/wp\/v2\/tags?post=42886"}],"curies":[{"name":"wp","href":"https:\/\/api.w.org\/{rel}","templated":true}]}}