{"id":42957,"date":"2023-04-04T16:52:58","date_gmt":"2023-04-04T19:52:58","guid":{"rendered":"https:\/\/www.amstedmaxion.com.br\/?p=42957"},"modified":"2023-04-04T16:53:00","modified_gmt":"2023-04-04T19:53:00","slug":"confianca-da-industria-aumenta-em-marco","status":"publish","type":"post","link":"https:\/\/www.amstedmaxion.com.br\/en\/confianca-da-industria-aumenta-em-marco\/","title":{"rendered":"Confian\u00e7a da Ind\u00fastria aumenta em mar\u00e7o"},"content":{"rendered":"\n<p>ABIFA &#8211; O&nbsp;\u00cdndice de Confian\u00e7a da Ind\u00fastria&nbsp;(ICI), do FGV IBRE, subiu 2,4 pontos em mar\u00e7o, para 94,4 pontos; maior n\u00edvel desde outubro de 2022 (95,7 pontos). Em m\u00e9dias m\u00f3veis trimestrais, ap\u00f3s cinco meses de queda consecutiva e um de estabilidade, esse \u00e9 o primeiro resultado positivo, variando 0,4 ponto, para 93,2 pontos.<\/p>\n\n\n\n<p>St\u00e9fano Pacini, economista do FGV IBRE, faz a seguinte an\u00e1lise: \u201cAp\u00f3s dois meses em queda, a confian\u00e7a da ind\u00fastria voltou a subir em mar\u00e7o, influenciada pela melhora das expectativas em rela\u00e7\u00e3o aos pr\u00f3ximos meses. H\u00e1 uma perspectiva mais favor\u00e1vel para a produ\u00e7\u00e3o e novas contrata\u00e7\u00f5es, que parece mirar um horizonte melhor da tend\u00eancia dos neg\u00f3cios nos pr\u00f3ximos seis meses. Contudo, os empres\u00e1rios ainda percebem dificuldades, enfrentando os problemas no escoamento dos estoques, fruto do n\u00edvel baixo de atividade no momento. Apesar da sinaliza\u00e7\u00e3o positiva, \u00e9 necess\u00e1rio cautela, considerando o cen\u00e1rio ainda de alta incerteza econ\u00f4mica.\u201d<\/p>\n\n\n\n<p>Em mar\u00e7o, houve alta da confian\u00e7a em 13 dos 19 segmentos industriais pesquisados pela Sondagem. O resultado reflete maior otimismo nas perspectivas em rela\u00e7\u00e3o aos pr\u00f3ximos meses, apesar da piora da percep\u00e7\u00e3o sobre a situa\u00e7\u00e3o atual.<\/p>\n\n\n\n<p>O&nbsp;\u00cdndice Situa\u00e7\u00e3o Atual&nbsp;(ISA) recuou 1,3 ponto, para 91,5 pontos, menor n\u00edvel desde junho de 2020 (89,1 pontos).<\/p>\n\n\n\n<p>J\u00e1 o&nbsp;\u00cdndice de Expectativas&nbsp;(IE) avan\u00e7ou 6,1 pontos para 97,5 pontos, maior n\u00edvel desde setembro de 2022 (98,0 pontos).<\/p>\n\n\n\n<p>Entre os quesitos que integram o&nbsp;ISA, o indicador que mede o n\u00edvel de&nbsp;estoques&nbsp;foi o que mais influenciou negativamente, ao recuar 2,7 pontos, para 109,3 pontos. Quando este indicador est\u00e1 acima de 100 pontos, sinaliza que a ind\u00fastria est\u00e1 operando com estoques excessivos (ou acima do desej\u00e1vel).<\/p>\n\n\n\n<p>Em menor propor\u00e7\u00e3o, a percep\u00e7\u00e3o dos empres\u00e1rios em rela\u00e7\u00e3o \u00e0 situa\u00e7\u00e3o atual dos neg\u00f3cios e o n\u00edvel de demanda recuaram 0,8 ponto, para 92,1 pontos, e 0,3 ponto para 92,5 pontos, respectivamente.<\/p>\n\n\n\n<p>Em rela\u00e7\u00e3o \u00e0s&nbsp;perspectivas futuras, os empres\u00e1rios projetam otimismo sobre as&nbsp;contrata\u00e7\u00f5es. O indicador que mede o emprego previsto para os pr\u00f3ximos tr\u00eas meses avan\u00e7ou 7,0 pontos, para 101,8, retornando ao patamar observado em outubro de 2022.<\/p>\n\n\n\n<p>No mesmo horizonte de tempo, a&nbsp;produ\u00e7\u00e3o prevista&nbsp;avan\u00e7ou 5,9 pontos, para 96,4 pontos; o melhor resultado desde junho de 2022 (102,9 pontos).<\/p>\n\n\n\n<p>No horizonte mais longo, de seis meses, houve melhora da&nbsp;tend\u00eancia dos neg\u00f3cios, com alta de 4,8 pontos no indicador, alcan\u00e7ando 94,2 pontos; o melhor resultado desde setembro de 2022 (98,5 pontos).<\/p>\n\n\n\n<p>Apesar da alta, o indicador se mant\u00e9m abaixo do n\u00edvel de neutralidade desde setembro de 2021 (102,7 pontos).<\/p>\n\n\n\n<p>O\u00a0N\u00edvel de Utiliza\u00e7\u00e3o da Capacidade Instalada da Ind\u00fastria\u00a0subiu 0,3 ponto percentual, para 79,0%, ap\u00f3s recuar por oito meses consecutivos.<\/p>\n\n\n\n<figure class=\"wp-block-image size-full is-resized\"><img loading=\"lazy\" decoding=\"async\" src=\"https:\/\/www.amstedmaxion.com.br\/wp-content\/uploads\/2022\/10\/ABIFA-2.jpg\" alt=\"\" class=\"wp-image-39326\" width=\"433\" height=\"217\"\/><\/figure>\n\n\n\n<p>Fonte: ABIFA (<a href=\"https:\/\/www.abifa.org.br\/confianca-da-industria-aumenta-em-marco\/\">https:\/\/www.abifa.org.br\/confianca-da-industria-aumenta-em-marco\/<\/a>)<\/p>\n","protected":false},"excerpt":{"rendered":"<p>ABIFA &#8211; O&nbsp;\u00cdndice de Confian\u00e7a da Ind\u00fastria&nbsp;(ICI), do FGV IBRE, subiu 2,4 pontos em mar\u00e7o, para 94,4 pontos; maior n\u00edvel desde outubro de 2022 (95,7 pontos). Em m\u00e9dias m\u00f3veis trimestrais, ap\u00f3s cinco meses de queda consecutiva e um de estabilidade, esse \u00e9 o primeiro resultado positivo, variando 0,4 ponto, para 93,2 pontos. St\u00e9fano Pacini, economista [&hellip;]<\/p>\n","protected":false},"author":5,"featured_media":39326,"comment_status":"open","ping_status":"open","sticky":false,"template":"","format":"standard","meta":{"_acf_changed":false,"footnotes":""},"categories":[148],"tags":[],"class_list":["post-42957","post","type-post","status-publish","format-standard","has-post-thumbnail","hentry","category-newsletter"],"acf":[],"yoast_head":"<!-- This site is optimized with the Yoast SEO plugin v23.9 - https:\/\/yoast.com\/wordpress\/plugins\/seo\/ -->\n<title>Confian\u00e7a da Ind\u00fastria aumenta em mar\u00e7o - AmstedMaxion<\/title>\n<meta name=\"robots\" content=\"index, follow, max-snippet:-1, max-image-preview:large, max-video-preview:-1\" \/>\n<link rel=\"canonical\" href=\"https:\/\/www.amstedmaxion.com.br\/confianca-da-industria-aumenta-em-marco\/\" \/>\n<meta property=\"og:locale\" content=\"en_US\" \/>\n<meta property=\"og:type\" content=\"article\" \/>\n<meta property=\"og:title\" content=\"Confian\u00e7a da Ind\u00fastria aumenta em mar\u00e7o - AmstedMaxion\" \/>\n<meta property=\"og:description\" content=\"ABIFA &#8211; O&nbsp;\u00cdndice de Confian\u00e7a da Ind\u00fastria&nbsp;(ICI), do FGV IBRE, subiu 2,4 pontos em mar\u00e7o, para 94,4 pontos; maior n\u00edvel desde outubro de 2022 (95,7 pontos). Em m\u00e9dias m\u00f3veis trimestrais, ap\u00f3s cinco meses de queda consecutiva e um de estabilidade, esse \u00e9 o primeiro resultado positivo, variando 0,4 ponto, para 93,2 pontos. St\u00e9fano Pacini, economista [&hellip;]\" \/>\n<meta property=\"og:url\" content=\"https:\/\/www.amstedmaxion.com.br\/confianca-da-industria-aumenta-em-marco\/\" \/>\n<meta property=\"og:site_name\" content=\"AmstedMaxion\" \/>\n<meta property=\"article:publisher\" content=\"https:\/\/www.facebook.com\/AmstedMaxion.Oficial\" \/>\n<meta property=\"article:published_time\" content=\"2023-04-04T19:52:58+00:00\" \/>\n<meta property=\"article:modified_time\" content=\"2023-04-04T19:53:00+00:00\" \/>\n<meta property=\"og:image\" content=\"https:\/\/www.amstedmaxion.com.br\/wp-content\/uploads\/2022\/10\/ABIFA-2.jpg\" \/>\n\t<meta property=\"og:image:width\" content=\"570\" \/>\n\t<meta property=\"og:image:height\" content=\"285\" \/>\n\t<meta property=\"og:image:type\" content=\"image\/jpeg\" \/>\n<meta name=\"author\" content=\"Rosane Storto\" \/>\n<meta name=\"twitter:card\" content=\"summary_large_image\" \/>\n<meta name=\"twitter:label1\" content=\"Written by\" \/>\n\t<meta name=\"twitter:data1\" content=\"Rosane Storto\" \/>\n\t<meta name=\"twitter:label2\" content=\"Est. reading time\" \/>\n\t<meta name=\"twitter:data2\" content=\"3 minutes\" \/>\n<script type=\"application\/ld+json\" class=\"yoast-schema-graph\">{\"@context\":\"https:\/\/schema.org\",\"@graph\":[{\"@type\":\"Article\",\"@id\":\"https:\/\/www.amstedmaxion.com.br\/confianca-da-industria-aumenta-em-marco\/#article\",\"isPartOf\":{\"@id\":\"https:\/\/www.amstedmaxion.com.br\/confianca-da-industria-aumenta-em-marco\/\"},\"author\":{\"name\":\"Rosane Storto\",\"@id\":\"https:\/\/www.amstedmaxion.com.br\/#\/schema\/person\/140cb65f07d4e66dd5543c8a187bf436\"},\"headline\":\"Confian\u00e7a da Ind\u00fastria aumenta em mar\u00e7o\",\"datePublished\":\"2023-04-04T19:52:58+00:00\",\"dateModified\":\"2023-04-04T19:53:00+00:00\",\"mainEntityOfPage\":{\"@id\":\"https:\/\/www.amstedmaxion.com.br\/confianca-da-industria-aumenta-em-marco\/\"},\"wordCount\":490,\"commentCount\":0,\"publisher\":{\"@id\":\"https:\/\/www.amstedmaxion.com.br\/#organization\"},\"image\":{\"@id\":\"https:\/\/www.amstedmaxion.com.br\/confianca-da-industria-aumenta-em-marco\/#primaryimage\"},\"thumbnailUrl\":\"https:\/\/www.amstedmaxion.com.br\/wp-content\/uploads\/2022\/10\/ABIFA-2.jpg\",\"articleSection\":[\"Newsletter\"],\"inLanguage\":\"en-US\",\"potentialAction\":[{\"@type\":\"CommentAction\",\"name\":\"Comment\",\"target\":[\"https:\/\/www.amstedmaxion.com.br\/confianca-da-industria-aumenta-em-marco\/#respond\"]}]},{\"@type\":\"WebPage\",\"@id\":\"https:\/\/www.amstedmaxion.com.br\/confianca-da-industria-aumenta-em-marco\/\",\"url\":\"https:\/\/www.amstedmaxion.com.br\/confianca-da-industria-aumenta-em-marco\/\",\"name\":\"Confian\u00e7a da Ind\u00fastria aumenta em mar\u00e7o - AmstedMaxion\",\"isPartOf\":{\"@id\":\"https:\/\/www.amstedmaxion.com.br\/#website\"},\"primaryImageOfPage\":{\"@id\":\"https:\/\/www.amstedmaxion.com.br\/confianca-da-industria-aumenta-em-marco\/#primaryimage\"},\"image\":{\"@id\":\"https:\/\/www.amstedmaxion.com.br\/confianca-da-industria-aumenta-em-marco\/#primaryimage\"},\"thumbnailUrl\":\"https:\/\/www.amstedmaxion.com.br\/wp-content\/uploads\/2022\/10\/ABIFA-2.jpg\",\"datePublished\":\"2023-04-04T19:52:58+00:00\",\"dateModified\":\"2023-04-04T19:53:00+00:00\",\"breadcrumb\":{\"@id\":\"https:\/\/www.amstedmaxion.com.br\/confianca-da-industria-aumenta-em-marco\/#breadcrumb\"},\"inLanguage\":\"en-US\",\"potentialAction\":[{\"@type\":\"ReadAction\",\"target\":[\"https:\/\/www.amstedmaxion.com.br\/confianca-da-industria-aumenta-em-marco\/\"]}]},{\"@type\":\"ImageObject\",\"inLanguage\":\"en-US\",\"@id\":\"https:\/\/www.amstedmaxion.com.br\/confianca-da-industria-aumenta-em-marco\/#primaryimage\",\"url\":\"https:\/\/www.amstedmaxion.com.br\/wp-content\/uploads\/2022\/10\/ABIFA-2.jpg\",\"contentUrl\":\"https:\/\/www.amstedmaxion.com.br\/wp-content\/uploads\/2022\/10\/ABIFA-2.jpg\",\"width\":570,\"height\":285},{\"@type\":\"BreadcrumbList\",\"@id\":\"https:\/\/www.amstedmaxion.com.br\/confianca-da-industria-aumenta-em-marco\/#breadcrumb\",\"itemListElement\":[{\"@type\":\"ListItem\",\"position\":1,\"name\":\"In\u00edcio\",\"item\":\"https:\/\/www.amstedmaxion.com.br\/\"},{\"@type\":\"ListItem\",\"position\":2,\"name\":\"Confian\u00e7a da Ind\u00fastria aumenta em mar\u00e7o\"}]},{\"@type\":\"WebSite\",\"@id\":\"https:\/\/www.amstedmaxion.com.br\/#website\",\"url\":\"https:\/\/www.amstedmaxion.com.br\/\",\"name\":\"AmstedMaxion\",\"description\":\"AmstedMaxion - Fundi\u00e7\u00e3o e Equipamentos Ferrovi\u00e1rios\",\"publisher\":{\"@id\":\"https:\/\/www.amstedmaxion.com.br\/#organization\"},\"alternateName\":\"AmstedMaxion\",\"potentialAction\":[{\"@type\":\"SearchAction\",\"target\":{\"@type\":\"EntryPoint\",\"urlTemplate\":\"https:\/\/www.amstedmaxion.com.br\/?s={search_term_string}\"},\"query-input\":{\"@type\":\"PropertyValueSpecification\",\"valueRequired\":true,\"valueName\":\"search_term_string\"}}],\"inLanguage\":\"en-US\"},{\"@type\":\"Organization\",\"@id\":\"https:\/\/www.amstedmaxion.com.br\/#organization\",\"name\":\"AMSTEDMAXION\",\"url\":\"https:\/\/www.amstedmaxion.com.br\/\",\"logo\":{\"@type\":\"ImageObject\",\"inLanguage\":\"en-US\",\"@id\":\"https:\/\/www.amstedmaxion.com.br\/#\/schema\/logo\/image\/\",\"url\":\"https:\/\/www.amstedmaxion.com.br\/wp-content\/uploads\/2023\/11\/amsted.png\",\"contentUrl\":\"https:\/\/www.amstedmaxion.com.br\/wp-content\/uploads\/2023\/11\/amsted.png\",\"width\":500,\"height\":500,\"caption\":\"AMSTEDMAXION\"},\"image\":{\"@id\":\"https:\/\/www.amstedmaxion.com.br\/#\/schema\/logo\/image\/\"},\"sameAs\":[\"https:\/\/www.facebook.com\/AmstedMaxion.Oficial\",\"https:\/\/br.linkedin.com\/company\/amstedmaxion\"]},{\"@type\":\"Person\",\"@id\":\"https:\/\/www.amstedmaxion.com.br\/#\/schema\/person\/140cb65f07d4e66dd5543c8a187bf436\",\"name\":\"Rosane Storto\",\"image\":{\"@type\":\"ImageObject\",\"inLanguage\":\"en-US\",\"@id\":\"https:\/\/www.amstedmaxion.com.br\/#\/schema\/person\/image\/\",\"url\":\"https:\/\/secure.gravatar.com\/avatar\/0e3d021545bbe593cb0eb3ee740544fefa86d59762e63dec1dbe9480a34c98cd?s=96&d=mm&r=g\",\"contentUrl\":\"https:\/\/secure.gravatar.com\/avatar\/0e3d021545bbe593cb0eb3ee740544fefa86d59762e63dec1dbe9480a34c98cd?s=96&d=mm&r=g\",\"caption\":\"Rosane Storto\"}}]}<\/script>\n<!-- \/ Yoast SEO plugin. -->","yoast_head_json":{"title":"Confian\u00e7a da Ind\u00fastria aumenta em mar\u00e7o - AmstedMaxion","robots":{"index":"index","follow":"follow","max-snippet":"max-snippet:-1","max-image-preview":"max-image-preview:large","max-video-preview":"max-video-preview:-1"},"canonical":"https:\/\/www.amstedmaxion.com.br\/confianca-da-industria-aumenta-em-marco\/","og_locale":"en_US","og_type":"article","og_title":"Confian\u00e7a da Ind\u00fastria aumenta em mar\u00e7o - AmstedMaxion","og_description":"ABIFA &#8211; O&nbsp;\u00cdndice de Confian\u00e7a da Ind\u00fastria&nbsp;(ICI), do FGV IBRE, subiu 2,4 pontos em mar\u00e7o, para 94,4 pontos; maior n\u00edvel desde outubro de 2022 (95,7 pontos). Em m\u00e9dias m\u00f3veis trimestrais, ap\u00f3s cinco meses de queda consecutiva e um de estabilidade, esse \u00e9 o primeiro resultado positivo, variando 0,4 ponto, para 93,2 pontos. St\u00e9fano Pacini, economista [&hellip;]","og_url":"https:\/\/www.amstedmaxion.com.br\/confianca-da-industria-aumenta-em-marco\/","og_site_name":"AmstedMaxion","article_publisher":"https:\/\/www.facebook.com\/AmstedMaxion.Oficial","article_published_time":"2023-04-04T19:52:58+00:00","article_modified_time":"2023-04-04T19:53:00+00:00","og_image":[{"width":570,"height":285,"url":"https:\/\/www.amstedmaxion.com.br\/wp-content\/uploads\/2022\/10\/ABIFA-2.jpg","type":"image\/jpeg"}],"author":"Rosane Storto","twitter_card":"summary_large_image","twitter_misc":{"Written by":"Rosane Storto","Est. reading time":"3 minutes"},"schema":{"@context":"https:\/\/schema.org","@graph":[{"@type":"Article","@id":"https:\/\/www.amstedmaxion.com.br\/confianca-da-industria-aumenta-em-marco\/#article","isPartOf":{"@id":"https:\/\/www.amstedmaxion.com.br\/confianca-da-industria-aumenta-em-marco\/"},"author":{"name":"Rosane Storto","@id":"https:\/\/www.amstedmaxion.com.br\/#\/schema\/person\/140cb65f07d4e66dd5543c8a187bf436"},"headline":"Confian\u00e7a da Ind\u00fastria aumenta em mar\u00e7o","datePublished":"2023-04-04T19:52:58+00:00","dateModified":"2023-04-04T19:53:00+00:00","mainEntityOfPage":{"@id":"https:\/\/www.amstedmaxion.com.br\/confianca-da-industria-aumenta-em-marco\/"},"wordCount":490,"commentCount":0,"publisher":{"@id":"https:\/\/www.amstedmaxion.com.br\/#organization"},"image":{"@id":"https:\/\/www.amstedmaxion.com.br\/confianca-da-industria-aumenta-em-marco\/#primaryimage"},"thumbnailUrl":"https:\/\/www.amstedmaxion.com.br\/wp-content\/uploads\/2022\/10\/ABIFA-2.jpg","articleSection":["Newsletter"],"inLanguage":"en-US","potentialAction":[{"@type":"CommentAction","name":"Comment","target":["https:\/\/www.amstedmaxion.com.br\/confianca-da-industria-aumenta-em-marco\/#respond"]}]},{"@type":"WebPage","@id":"https:\/\/www.amstedmaxion.com.br\/confianca-da-industria-aumenta-em-marco\/","url":"https:\/\/www.amstedmaxion.com.br\/confianca-da-industria-aumenta-em-marco\/","name":"Confian\u00e7a da Ind\u00fastria aumenta em mar\u00e7o - AmstedMaxion","isPartOf":{"@id":"https:\/\/www.amstedmaxion.com.br\/#website"},"primaryImageOfPage":{"@id":"https:\/\/www.amstedmaxion.com.br\/confianca-da-industria-aumenta-em-marco\/#primaryimage"},"image":{"@id":"https:\/\/www.amstedmaxion.com.br\/confianca-da-industria-aumenta-em-marco\/#primaryimage"},"thumbnailUrl":"https:\/\/www.amstedmaxion.com.br\/wp-content\/uploads\/2022\/10\/ABIFA-2.jpg","datePublished":"2023-04-04T19:52:58+00:00","dateModified":"2023-04-04T19:53:00+00:00","breadcrumb":{"@id":"https:\/\/www.amstedmaxion.com.br\/confianca-da-industria-aumenta-em-marco\/#breadcrumb"},"inLanguage":"en-US","potentialAction":[{"@type":"ReadAction","target":["https:\/\/www.amstedmaxion.com.br\/confianca-da-industria-aumenta-em-marco\/"]}]},{"@type":"ImageObject","inLanguage":"en-US","@id":"https:\/\/www.amstedmaxion.com.br\/confianca-da-industria-aumenta-em-marco\/#primaryimage","url":"https:\/\/www.amstedmaxion.com.br\/wp-content\/uploads\/2022\/10\/ABIFA-2.jpg","contentUrl":"https:\/\/www.amstedmaxion.com.br\/wp-content\/uploads\/2022\/10\/ABIFA-2.jpg","width":570,"height":285},{"@type":"BreadcrumbList","@id":"https:\/\/www.amstedmaxion.com.br\/confianca-da-industria-aumenta-em-marco\/#breadcrumb","itemListElement":[{"@type":"ListItem","position":1,"name":"In\u00edcio","item":"https:\/\/www.amstedmaxion.com.br\/"},{"@type":"ListItem","position":2,"name":"Confian\u00e7a da Ind\u00fastria aumenta em mar\u00e7o"}]},{"@type":"WebSite","@id":"https:\/\/www.amstedmaxion.com.br\/#website","url":"https:\/\/www.amstedmaxion.com.br\/","name":"AmstedMaxion","description":"AmstedMaxion - Fundi\u00e7\u00e3o e Equipamentos Ferrovi\u00e1rios","publisher":{"@id":"https:\/\/www.amstedmaxion.com.br\/#organization"},"alternateName":"AmstedMaxion","potentialAction":[{"@type":"SearchAction","target":{"@type":"EntryPoint","urlTemplate":"https:\/\/www.amstedmaxion.com.br\/?s={search_term_string}"},"query-input":{"@type":"PropertyValueSpecification","valueRequired":true,"valueName":"search_term_string"}}],"inLanguage":"en-US"},{"@type":"Organization","@id":"https:\/\/www.amstedmaxion.com.br\/#organization","name":"AMSTEDMAXION","url":"https:\/\/www.amstedmaxion.com.br\/","logo":{"@type":"ImageObject","inLanguage":"en-US","@id":"https:\/\/www.amstedmaxion.com.br\/#\/schema\/logo\/image\/","url":"https:\/\/www.amstedmaxion.com.br\/wp-content\/uploads\/2023\/11\/amsted.png","contentUrl":"https:\/\/www.amstedmaxion.com.br\/wp-content\/uploads\/2023\/11\/amsted.png","width":500,"height":500,"caption":"AMSTEDMAXION"},"image":{"@id":"https:\/\/www.amstedmaxion.com.br\/#\/schema\/logo\/image\/"},"sameAs":["https:\/\/www.facebook.com\/AmstedMaxion.Oficial","https:\/\/br.linkedin.com\/company\/amstedmaxion"]},{"@type":"Person","@id":"https:\/\/www.amstedmaxion.com.br\/#\/schema\/person\/140cb65f07d4e66dd5543c8a187bf436","name":"Rosane Storto","image":{"@type":"ImageObject","inLanguage":"en-US","@id":"https:\/\/www.amstedmaxion.com.br\/#\/schema\/person\/image\/","url":"https:\/\/secure.gravatar.com\/avatar\/0e3d021545bbe593cb0eb3ee740544fefa86d59762e63dec1dbe9480a34c98cd?s=96&d=mm&r=g","contentUrl":"https:\/\/secure.gravatar.com\/avatar\/0e3d021545bbe593cb0eb3ee740544fefa86d59762e63dec1dbe9480a34c98cd?s=96&d=mm&r=g","caption":"Rosane Storto"}}]}},"_links":{"self":[{"href":"https:\/\/www.amstedmaxion.com.br\/en\/wp-json\/wp\/v2\/posts\/42957","targetHints":{"allow":["GET"]}}],"collection":[{"href":"https:\/\/www.amstedmaxion.com.br\/en\/wp-json\/wp\/v2\/posts"}],"about":[{"href":"https:\/\/www.amstedmaxion.com.br\/en\/wp-json\/wp\/v2\/types\/post"}],"author":[{"embeddable":true,"href":"https:\/\/www.amstedmaxion.com.br\/en\/wp-json\/wp\/v2\/users\/5"}],"replies":[{"embeddable":true,"href":"https:\/\/www.amstedmaxion.com.br\/en\/wp-json\/wp\/v2\/comments?post=42957"}],"version-history":[{"count":1,"href":"https:\/\/www.amstedmaxion.com.br\/en\/wp-json\/wp\/v2\/posts\/42957\/revisions"}],"predecessor-version":[{"id":42958,"href":"https:\/\/www.amstedmaxion.com.br\/en\/wp-json\/wp\/v2\/posts\/42957\/revisions\/42958"}],"wp:featuredmedia":[{"embeddable":true,"href":"https:\/\/www.amstedmaxion.com.br\/en\/wp-json\/wp\/v2\/media\/39326"}],"wp:attachment":[{"href":"https:\/\/www.amstedmaxion.com.br\/en\/wp-json\/wp\/v2\/media?parent=42957"}],"wp:term":[{"taxonomy":"category","embeddable":true,"href":"https:\/\/www.amstedmaxion.com.br\/en\/wp-json\/wp\/v2\/categories?post=42957"},{"taxonomy":"post_tag","embeddable":true,"href":"https:\/\/www.amstedmaxion.com.br\/en\/wp-json\/wp\/v2\/tags?post=42957"}],"curies":[{"name":"wp","href":"https:\/\/api.w.org\/{rel}","templated":true}]}}