{"id":42959,"date":"2023-04-04T16:55:21","date_gmt":"2023-04-04T19:55:21","guid":{"rendered":"https:\/\/www.amstedmaxion.com.br\/?p=42959"},"modified":"2023-04-04T16:55:22","modified_gmt":"2023-04-04T19:55:22","slug":"projecao-de-vendas-de-maquinas-agricolas-aponta-para-queda-de-35","status":"publish","type":"post","link":"https:\/\/www.amstedmaxion.com.br\/en\/projecao-de-vendas-de-maquinas-agricolas-aponta-para-queda-de-35\/","title":{"rendered":"Proje\u00e7\u00e3o de vendas de m\u00e1quinas agr\u00edcolas aponta para queda de 3,5%"},"content":{"rendered":"\n<p>Di\u00e1rio do Com\u00e9rcio &#8211; A proje\u00e7\u00e3o de vendas de m\u00e1quinas agr\u00edcolas para 2023 aponta para uma redu\u00e7\u00e3o de 3,5% em rela\u00e7\u00e3o ao ano passado, mas, se o cen\u00e1rio se confirmar, ser\u00e1 bom para o setor. A avalia\u00e7\u00e3o \u00e9 do executivo Eduardo Kerbauy, vice-presidente da New Holland para a Am\u00e9rica Latina.<\/p>\n\n\n\n<p>No cargo desde fevereiro, Kerbauy avalia ainda que o receio de parte do agroneg\u00f3cio com o governo do presidente Luiz In\u00e1cio Lula da Silva, que ele qualifica como natural, deve diminuir com o passar do tempo e n\u00e3o impactar\u00e1 as vendas do setor.&nbsp; Ele afirmou ainda que a falta de componentes para as m\u00e1quinas, problema recorrente na pandemia, foi parcialmente resolvido, o que fez cair o tempo de espera dos fazendeiros por determinados modelos de produtos.<\/p>\n\n\n\n<p>A Associa\u00e7\u00e3o Nacional dos Fabricantes de Ve\u00edculos Automotores (Anfavea) projetou vendas de 65 mil m\u00e1quinas neste ano ante as 67.385 comercializadas em 2022 -crescimento de 19,4% em rela\u00e7\u00e3o \u00e0s 56.418 unidades vendidas em 2021.<\/p>\n\n\n\n<p>\u201cSe for -3% ou 0%, naquela faixa ali, o que foi o ano passado? Foi um ano muito bom. A varia\u00e7\u00e3o que tem em rela\u00e7\u00e3o ao ano passado \u00e9 pouca, essa \u00e9 a leitura que eu fa\u00e7o. E o ano passado foi interessante\u201d, disse o executivo.<\/p>\n\n\n\n<p>De acordo com ele, na parte agron\u00f4mica n\u00e3o h\u00e1 d\u00favidas sobre como ser\u00e1 o ano, com preocupa\u00e7\u00f5es clim\u00e1ticas envolvendo Argentina, Uruguai e parte do Rio Grande do Sul e com previs\u00e3o de safra recorde no pa\u00eds. \u201cNa parte agron\u00f4mica, no Brasil como um todo, a gente espera uma safra recorde, com pre\u00e7os bem interessantes. A\u00ed depois tem a conjuntura.<\/p>\n\n\n\n<p>Independentemente de vi\u00e9s, de tudo, \u00e9 natural quando tem uma mudan\u00e7a ali no governo de voc\u00ea esperar. Acho que pouco a pouco a safra vai se consolidando, vai come\u00e7ando a chegar a colheita e a agricultura vai vendo ali que a fun\u00e7\u00e3o dela \u00e9 produzir\u201d, disse.<\/p>\n\n\n\n<p>Por isso, em sua avalia\u00e7\u00e3o, as proje\u00e7\u00f5es de longo prazo n\u00e3o mudam e o receio dos produtores rurais se deve tamb\u00e9m \u00e0 pol\u00edtica de financiamentos agr\u00edcolas que ser\u00e3o lan\u00e7ados pelo governo: \u201cPode ter algum receio, \u2018poxa, ser\u00e1 que vai aparecer alguma linha de financiamento espec\u00edfica\u2019, \u2018ser\u00e1 que vai ter um refor\u00e7o em alguma linha de financiamento\u2019, \u2018ser\u00e1 que \u00e9 melhor eu esperar para ver se vai ter investimento, foco, no pequeno ou no grande?\u2019. O que a gente acredita \u00e9 que no m\u00e9dio prazo, no final do ano, a gente vai estar parando ali nos mesmos lugares. A grande pergunta \u00e9 \u2018quando voc\u00ea esquece que tem um novo governo?\u2019. \u00c0 medida que vai colhendo, vai esquecendo e vida que segue.\u201d<\/p>\n\n\n\n<p>Com rela\u00e7\u00e3o \u00e0 falta de componentes no mercado registrada em todo o setor durante a pandemia de Covid-19, foi parcialmente resolvida com redu\u00e7\u00e3o da fila de espera \u2013 ainda existente \u2013 por m\u00e1quinas. \u201cHoje, voc\u00ea encontra muita m\u00e1quina dispon\u00edvel na rede concession\u00e1ria j\u00e1, a pronta entrega, a maioria. Aquelas que voc\u00ea precisa de algumas especificidades maiores, diria ter de um a quatro meses de espera. Na pandemia, \u00e9 dif\u00edcil precisar, mas voc\u00ea tinha, dependendo a linha de produto, at\u00e9 seis, sete, oito meses. Ent\u00e3o, voc\u00ea vai diminuindo aos poucos\u201d, concluiu o executivo da New Holland.\u00a0(Marcelo Toledo)<\/p>\n\n\n\n<figure class=\"wp-block-image size-full is-resized\"><img loading=\"lazy\" decoding=\"async\" src=\"https:\/\/www.amstedmaxion.com.br\/wp-content\/uploads\/2023\/04\/maquinas-Diario-do-Comercio.jpg\" alt=\"\" class=\"wp-image-42960\" width=\"436\" height=\"284\" srcset=\"https:\/\/www.amstedmaxion.com.br\/wp-content\/uploads\/2023\/04\/maquinas-Diario-do-Comercio.jpg 719w, https:\/\/www.amstedmaxion.com.br\/wp-content\/uploads\/2023\/04\/maquinas-Diario-do-Comercio-300x195.jpg 300w\" sizes=\"auto, (max-width: 436px) 100vw, 436px\" \/><figcaption class=\"wp-element-caption\">Foto: captura de tela Di\u00e1rio do Com\u00e9rcio<\/figcaption><\/figure>\n\n\n\n<p>Fonte: Di\u00e1rio do Com\u00e9rcio (<a href=\"https:\/\/diariodocomercio.com.br\/agronegocio\/projecao-de-vendas-de-maquinas-agricolas-aponta-para-queda-de-35\/\">https:\/\/diariodocomercio.com.br\/agronegocio\/projecao-de-vendas-de-maquinas-agricolas-aponta-para-queda-de-35\/<\/a>)<\/p>\n","protected":false},"excerpt":{"rendered":"<p>Di\u00e1rio do Com\u00e9rcio &#8211; A proje\u00e7\u00e3o de vendas de m\u00e1quinas agr\u00edcolas para 2023 aponta para uma redu\u00e7\u00e3o de 3,5% em rela\u00e7\u00e3o ao ano passado, mas, se o cen\u00e1rio se confirmar, ser\u00e1 bom para o setor. A avalia\u00e7\u00e3o \u00e9 do executivo Eduardo Kerbauy, vice-presidente da New Holland para a Am\u00e9rica Latina. No cargo desde fevereiro, Kerbauy [&hellip;]<\/p>\n","protected":false},"author":5,"featured_media":42960,"comment_status":"open","ping_status":"open","sticky":false,"template":"","format":"standard","meta":{"_acf_changed":false,"footnotes":""},"categories":[148],"tags":[],"class_list":["post-42959","post","type-post","status-publish","format-standard","has-post-thumbnail","hentry","category-newsletter"],"acf":[],"yoast_head":"<!-- This site is optimized with the Yoast SEO plugin v23.9 - https:\/\/yoast.com\/wordpress\/plugins\/seo\/ -->\n<title>Proje\u00e7\u00e3o de vendas de m\u00e1quinas agr\u00edcolas aponta para queda de 3,5% - AmstedMaxion<\/title>\n<meta name=\"robots\" content=\"index, follow, max-snippet:-1, max-image-preview:large, max-video-preview:-1\" \/>\n<link rel=\"canonical\" href=\"https:\/\/www.amstedmaxion.com.br\/projecao-de-vendas-de-maquinas-agricolas-aponta-para-queda-de-35\/\" \/>\n<meta property=\"og:locale\" content=\"en_US\" \/>\n<meta property=\"og:type\" content=\"article\" \/>\n<meta property=\"og:title\" content=\"Proje\u00e7\u00e3o de vendas de m\u00e1quinas agr\u00edcolas aponta para queda de 3,5% - AmstedMaxion\" \/>\n<meta property=\"og:description\" content=\"Di\u00e1rio do Com\u00e9rcio &#8211; A proje\u00e7\u00e3o de vendas de m\u00e1quinas agr\u00edcolas para 2023 aponta para uma redu\u00e7\u00e3o de 3,5% em rela\u00e7\u00e3o ao ano passado, mas, se o cen\u00e1rio se confirmar, ser\u00e1 bom para o setor. A avalia\u00e7\u00e3o \u00e9 do executivo Eduardo Kerbauy, vice-presidente da New Holland para a Am\u00e9rica Latina. No cargo desde fevereiro, Kerbauy [&hellip;]\" \/>\n<meta property=\"og:url\" content=\"https:\/\/www.amstedmaxion.com.br\/projecao-de-vendas-de-maquinas-agricolas-aponta-para-queda-de-35\/\" \/>\n<meta property=\"og:site_name\" content=\"AmstedMaxion\" \/>\n<meta property=\"article:publisher\" content=\"https:\/\/www.facebook.com\/AmstedMaxion.Oficial\" \/>\n<meta property=\"article:published_time\" content=\"2023-04-04T19:55:21+00:00\" \/>\n<meta property=\"article:modified_time\" content=\"2023-04-04T19:55:22+00:00\" \/>\n<meta property=\"og:image\" content=\"https:\/\/www.amstedmaxion.com.br\/wp-content\/uploads\/2023\/04\/maquinas-Diario-do-Comercio.jpg\" \/>\n\t<meta property=\"og:image:width\" content=\"719\" \/>\n\t<meta property=\"og:image:height\" content=\"468\" \/>\n\t<meta property=\"og:image:type\" content=\"image\/jpeg\" \/>\n<meta name=\"author\" content=\"Rosane Storto\" \/>\n<meta name=\"twitter:card\" content=\"summary_large_image\" \/>\n<meta name=\"twitter:label1\" content=\"Written by\" \/>\n\t<meta name=\"twitter:data1\" content=\"Rosane Storto\" \/>\n\t<meta name=\"twitter:label2\" content=\"Est. reading time\" \/>\n\t<meta name=\"twitter:data2\" content=\"4 minutes\" \/>\n<script type=\"application\/ld+json\" class=\"yoast-schema-graph\">{\"@context\":\"https:\/\/schema.org\",\"@graph\":[{\"@type\":\"Article\",\"@id\":\"https:\/\/www.amstedmaxion.com.br\/projecao-de-vendas-de-maquinas-agricolas-aponta-para-queda-de-35\/#article\",\"isPartOf\":{\"@id\":\"https:\/\/www.amstedmaxion.com.br\/projecao-de-vendas-de-maquinas-agricolas-aponta-para-queda-de-35\/\"},\"author\":{\"name\":\"Rosane Storto\",\"@id\":\"https:\/\/www.amstedmaxion.com.br\/#\/schema\/person\/140cb65f07d4e66dd5543c8a187bf436\"},\"headline\":\"Proje\u00e7\u00e3o de vendas de m\u00e1quinas agr\u00edcolas aponta para queda de 3,5%\",\"datePublished\":\"2023-04-04T19:55:21+00:00\",\"dateModified\":\"2023-04-04T19:55:22+00:00\",\"mainEntityOfPage\":{\"@id\":\"https:\/\/www.amstedmaxion.com.br\/projecao-de-vendas-de-maquinas-agricolas-aponta-para-queda-de-35\/\"},\"wordCount\":593,\"commentCount\":0,\"publisher\":{\"@id\":\"https:\/\/www.amstedmaxion.com.br\/#organization\"},\"image\":{\"@id\":\"https:\/\/www.amstedmaxion.com.br\/projecao-de-vendas-de-maquinas-agricolas-aponta-para-queda-de-35\/#primaryimage\"},\"thumbnailUrl\":\"https:\/\/www.amstedmaxion.com.br\/wp-content\/uploads\/2023\/04\/maquinas-Diario-do-Comercio.jpg\",\"articleSection\":[\"Newsletter\"],\"inLanguage\":\"en-US\",\"potentialAction\":[{\"@type\":\"CommentAction\",\"name\":\"Comment\",\"target\":[\"https:\/\/www.amstedmaxion.com.br\/projecao-de-vendas-de-maquinas-agricolas-aponta-para-queda-de-35\/#respond\"]}]},{\"@type\":\"WebPage\",\"@id\":\"https:\/\/www.amstedmaxion.com.br\/projecao-de-vendas-de-maquinas-agricolas-aponta-para-queda-de-35\/\",\"url\":\"https:\/\/www.amstedmaxion.com.br\/projecao-de-vendas-de-maquinas-agricolas-aponta-para-queda-de-35\/\",\"name\":\"Proje\u00e7\u00e3o de vendas de m\u00e1quinas agr\u00edcolas aponta para queda de 3,5% - AmstedMaxion\",\"isPartOf\":{\"@id\":\"https:\/\/www.amstedmaxion.com.br\/#website\"},\"primaryImageOfPage\":{\"@id\":\"https:\/\/www.amstedmaxion.com.br\/projecao-de-vendas-de-maquinas-agricolas-aponta-para-queda-de-35\/#primaryimage\"},\"image\":{\"@id\":\"https:\/\/www.amstedmaxion.com.br\/projecao-de-vendas-de-maquinas-agricolas-aponta-para-queda-de-35\/#primaryimage\"},\"thumbnailUrl\":\"https:\/\/www.amstedmaxion.com.br\/wp-content\/uploads\/2023\/04\/maquinas-Diario-do-Comercio.jpg\",\"datePublished\":\"2023-04-04T19:55:21+00:00\",\"dateModified\":\"2023-04-04T19:55:22+00:00\",\"breadcrumb\":{\"@id\":\"https:\/\/www.amstedmaxion.com.br\/projecao-de-vendas-de-maquinas-agricolas-aponta-para-queda-de-35\/#breadcrumb\"},\"inLanguage\":\"en-US\",\"potentialAction\":[{\"@type\":\"ReadAction\",\"target\":[\"https:\/\/www.amstedmaxion.com.br\/projecao-de-vendas-de-maquinas-agricolas-aponta-para-queda-de-35\/\"]}]},{\"@type\":\"ImageObject\",\"inLanguage\":\"en-US\",\"@id\":\"https:\/\/www.amstedmaxion.com.br\/projecao-de-vendas-de-maquinas-agricolas-aponta-para-queda-de-35\/#primaryimage\",\"url\":\"https:\/\/www.amstedmaxion.com.br\/wp-content\/uploads\/2023\/04\/maquinas-Diario-do-Comercio.jpg\",\"contentUrl\":\"https:\/\/www.amstedmaxion.com.br\/wp-content\/uploads\/2023\/04\/maquinas-Diario-do-Comercio.jpg\",\"width\":719,\"height\":468,\"caption\":\"Foto: captura de tela Di\u00e1rio do Com\u00e9rcio\"},{\"@type\":\"BreadcrumbList\",\"@id\":\"https:\/\/www.amstedmaxion.com.br\/projecao-de-vendas-de-maquinas-agricolas-aponta-para-queda-de-35\/#breadcrumb\",\"itemListElement\":[{\"@type\":\"ListItem\",\"position\":1,\"name\":\"In\u00edcio\",\"item\":\"https:\/\/www.amstedmaxion.com.br\/\"},{\"@type\":\"ListItem\",\"position\":2,\"name\":\"Proje\u00e7\u00e3o de vendas de m\u00e1quinas agr\u00edcolas aponta para queda de 3,5%\"}]},{\"@type\":\"WebSite\",\"@id\":\"https:\/\/www.amstedmaxion.com.br\/#website\",\"url\":\"https:\/\/www.amstedmaxion.com.br\/\",\"name\":\"AmstedMaxion\",\"description\":\"AmstedMaxion - Fundi\u00e7\u00e3o e Equipamentos Ferrovi\u00e1rios\",\"publisher\":{\"@id\":\"https:\/\/www.amstedmaxion.com.br\/#organization\"},\"alternateName\":\"AmstedMaxion\",\"potentialAction\":[{\"@type\":\"SearchAction\",\"target\":{\"@type\":\"EntryPoint\",\"urlTemplate\":\"https:\/\/www.amstedmaxion.com.br\/?s={search_term_string}\"},\"query-input\":{\"@type\":\"PropertyValueSpecification\",\"valueRequired\":true,\"valueName\":\"search_term_string\"}}],\"inLanguage\":\"en-US\"},{\"@type\":\"Organization\",\"@id\":\"https:\/\/www.amstedmaxion.com.br\/#organization\",\"name\":\"AMSTEDMAXION\",\"url\":\"https:\/\/www.amstedmaxion.com.br\/\",\"logo\":{\"@type\":\"ImageObject\",\"inLanguage\":\"en-US\",\"@id\":\"https:\/\/www.amstedmaxion.com.br\/#\/schema\/logo\/image\/\",\"url\":\"https:\/\/www.amstedmaxion.com.br\/wp-content\/uploads\/2023\/11\/amsted.png\",\"contentUrl\":\"https:\/\/www.amstedmaxion.com.br\/wp-content\/uploads\/2023\/11\/amsted.png\",\"width\":500,\"height\":500,\"caption\":\"AMSTEDMAXION\"},\"image\":{\"@id\":\"https:\/\/www.amstedmaxion.com.br\/#\/schema\/logo\/image\/\"},\"sameAs\":[\"https:\/\/www.facebook.com\/AmstedMaxion.Oficial\",\"https:\/\/br.linkedin.com\/company\/amstedmaxion\"]},{\"@type\":\"Person\",\"@id\":\"https:\/\/www.amstedmaxion.com.br\/#\/schema\/person\/140cb65f07d4e66dd5543c8a187bf436\",\"name\":\"Rosane Storto\",\"image\":{\"@type\":\"ImageObject\",\"inLanguage\":\"en-US\",\"@id\":\"https:\/\/www.amstedmaxion.com.br\/#\/schema\/person\/image\/\",\"url\":\"https:\/\/secure.gravatar.com\/avatar\/0e3d021545bbe593cb0eb3ee740544fefa86d59762e63dec1dbe9480a34c98cd?s=96&d=mm&r=g\",\"contentUrl\":\"https:\/\/secure.gravatar.com\/avatar\/0e3d021545bbe593cb0eb3ee740544fefa86d59762e63dec1dbe9480a34c98cd?s=96&d=mm&r=g\",\"caption\":\"Rosane Storto\"}}]}<\/script>\n<!-- \/ Yoast SEO plugin. -->","yoast_head_json":{"title":"Proje\u00e7\u00e3o de vendas de m\u00e1quinas agr\u00edcolas aponta para queda de 3,5% - AmstedMaxion","robots":{"index":"index","follow":"follow","max-snippet":"max-snippet:-1","max-image-preview":"max-image-preview:large","max-video-preview":"max-video-preview:-1"},"canonical":"https:\/\/www.amstedmaxion.com.br\/projecao-de-vendas-de-maquinas-agricolas-aponta-para-queda-de-35\/","og_locale":"en_US","og_type":"article","og_title":"Proje\u00e7\u00e3o de vendas de m\u00e1quinas agr\u00edcolas aponta para queda de 3,5% - AmstedMaxion","og_description":"Di\u00e1rio do Com\u00e9rcio &#8211; A proje\u00e7\u00e3o de vendas de m\u00e1quinas agr\u00edcolas para 2023 aponta para uma redu\u00e7\u00e3o de 3,5% em rela\u00e7\u00e3o ao ano passado, mas, se o cen\u00e1rio se confirmar, ser\u00e1 bom para o setor. A avalia\u00e7\u00e3o \u00e9 do executivo Eduardo Kerbauy, vice-presidente da New Holland para a Am\u00e9rica Latina. No cargo desde fevereiro, Kerbauy [&hellip;]","og_url":"https:\/\/www.amstedmaxion.com.br\/projecao-de-vendas-de-maquinas-agricolas-aponta-para-queda-de-35\/","og_site_name":"AmstedMaxion","article_publisher":"https:\/\/www.facebook.com\/AmstedMaxion.Oficial","article_published_time":"2023-04-04T19:55:21+00:00","article_modified_time":"2023-04-04T19:55:22+00:00","og_image":[{"width":719,"height":468,"url":"https:\/\/www.amstedmaxion.com.br\/wp-content\/uploads\/2023\/04\/maquinas-Diario-do-Comercio.jpg","type":"image\/jpeg"}],"author":"Rosane Storto","twitter_card":"summary_large_image","twitter_misc":{"Written by":"Rosane Storto","Est. reading time":"4 minutes"},"schema":{"@context":"https:\/\/schema.org","@graph":[{"@type":"Article","@id":"https:\/\/www.amstedmaxion.com.br\/projecao-de-vendas-de-maquinas-agricolas-aponta-para-queda-de-35\/#article","isPartOf":{"@id":"https:\/\/www.amstedmaxion.com.br\/projecao-de-vendas-de-maquinas-agricolas-aponta-para-queda-de-35\/"},"author":{"name":"Rosane Storto","@id":"https:\/\/www.amstedmaxion.com.br\/#\/schema\/person\/140cb65f07d4e66dd5543c8a187bf436"},"headline":"Proje\u00e7\u00e3o de vendas de m\u00e1quinas agr\u00edcolas aponta para queda de 3,5%","datePublished":"2023-04-04T19:55:21+00:00","dateModified":"2023-04-04T19:55:22+00:00","mainEntityOfPage":{"@id":"https:\/\/www.amstedmaxion.com.br\/projecao-de-vendas-de-maquinas-agricolas-aponta-para-queda-de-35\/"},"wordCount":593,"commentCount":0,"publisher":{"@id":"https:\/\/www.amstedmaxion.com.br\/#organization"},"image":{"@id":"https:\/\/www.amstedmaxion.com.br\/projecao-de-vendas-de-maquinas-agricolas-aponta-para-queda-de-35\/#primaryimage"},"thumbnailUrl":"https:\/\/www.amstedmaxion.com.br\/wp-content\/uploads\/2023\/04\/maquinas-Diario-do-Comercio.jpg","articleSection":["Newsletter"],"inLanguage":"en-US","potentialAction":[{"@type":"CommentAction","name":"Comment","target":["https:\/\/www.amstedmaxion.com.br\/projecao-de-vendas-de-maquinas-agricolas-aponta-para-queda-de-35\/#respond"]}]},{"@type":"WebPage","@id":"https:\/\/www.amstedmaxion.com.br\/projecao-de-vendas-de-maquinas-agricolas-aponta-para-queda-de-35\/","url":"https:\/\/www.amstedmaxion.com.br\/projecao-de-vendas-de-maquinas-agricolas-aponta-para-queda-de-35\/","name":"Proje\u00e7\u00e3o de vendas de m\u00e1quinas agr\u00edcolas aponta para queda de 3,5% - AmstedMaxion","isPartOf":{"@id":"https:\/\/www.amstedmaxion.com.br\/#website"},"primaryImageOfPage":{"@id":"https:\/\/www.amstedmaxion.com.br\/projecao-de-vendas-de-maquinas-agricolas-aponta-para-queda-de-35\/#primaryimage"},"image":{"@id":"https:\/\/www.amstedmaxion.com.br\/projecao-de-vendas-de-maquinas-agricolas-aponta-para-queda-de-35\/#primaryimage"},"thumbnailUrl":"https:\/\/www.amstedmaxion.com.br\/wp-content\/uploads\/2023\/04\/maquinas-Diario-do-Comercio.jpg","datePublished":"2023-04-04T19:55:21+00:00","dateModified":"2023-04-04T19:55:22+00:00","breadcrumb":{"@id":"https:\/\/www.amstedmaxion.com.br\/projecao-de-vendas-de-maquinas-agricolas-aponta-para-queda-de-35\/#breadcrumb"},"inLanguage":"en-US","potentialAction":[{"@type":"ReadAction","target":["https:\/\/www.amstedmaxion.com.br\/projecao-de-vendas-de-maquinas-agricolas-aponta-para-queda-de-35\/"]}]},{"@type":"ImageObject","inLanguage":"en-US","@id":"https:\/\/www.amstedmaxion.com.br\/projecao-de-vendas-de-maquinas-agricolas-aponta-para-queda-de-35\/#primaryimage","url":"https:\/\/www.amstedmaxion.com.br\/wp-content\/uploads\/2023\/04\/maquinas-Diario-do-Comercio.jpg","contentUrl":"https:\/\/www.amstedmaxion.com.br\/wp-content\/uploads\/2023\/04\/maquinas-Diario-do-Comercio.jpg","width":719,"height":468,"caption":"Foto: captura de tela Di\u00e1rio do Com\u00e9rcio"},{"@type":"BreadcrumbList","@id":"https:\/\/www.amstedmaxion.com.br\/projecao-de-vendas-de-maquinas-agricolas-aponta-para-queda-de-35\/#breadcrumb","itemListElement":[{"@type":"ListItem","position":1,"name":"In\u00edcio","item":"https:\/\/www.amstedmaxion.com.br\/"},{"@type":"ListItem","position":2,"name":"Proje\u00e7\u00e3o de vendas de m\u00e1quinas agr\u00edcolas aponta para queda de 3,5%"}]},{"@type":"WebSite","@id":"https:\/\/www.amstedmaxion.com.br\/#website","url":"https:\/\/www.amstedmaxion.com.br\/","name":"AmstedMaxion","description":"AmstedMaxion - Fundi\u00e7\u00e3o e Equipamentos Ferrovi\u00e1rios","publisher":{"@id":"https:\/\/www.amstedmaxion.com.br\/#organization"},"alternateName":"AmstedMaxion","potentialAction":[{"@type":"SearchAction","target":{"@type":"EntryPoint","urlTemplate":"https:\/\/www.amstedmaxion.com.br\/?s={search_term_string}"},"query-input":{"@type":"PropertyValueSpecification","valueRequired":true,"valueName":"search_term_string"}}],"inLanguage":"en-US"},{"@type":"Organization","@id":"https:\/\/www.amstedmaxion.com.br\/#organization","name":"AMSTEDMAXION","url":"https:\/\/www.amstedmaxion.com.br\/","logo":{"@type":"ImageObject","inLanguage":"en-US","@id":"https:\/\/www.amstedmaxion.com.br\/#\/schema\/logo\/image\/","url":"https:\/\/www.amstedmaxion.com.br\/wp-content\/uploads\/2023\/11\/amsted.png","contentUrl":"https:\/\/www.amstedmaxion.com.br\/wp-content\/uploads\/2023\/11\/amsted.png","width":500,"height":500,"caption":"AMSTEDMAXION"},"image":{"@id":"https:\/\/www.amstedmaxion.com.br\/#\/schema\/logo\/image\/"},"sameAs":["https:\/\/www.facebook.com\/AmstedMaxion.Oficial","https:\/\/br.linkedin.com\/company\/amstedmaxion"]},{"@type":"Person","@id":"https:\/\/www.amstedmaxion.com.br\/#\/schema\/person\/140cb65f07d4e66dd5543c8a187bf436","name":"Rosane Storto","image":{"@type":"ImageObject","inLanguage":"en-US","@id":"https:\/\/www.amstedmaxion.com.br\/#\/schema\/person\/image\/","url":"https:\/\/secure.gravatar.com\/avatar\/0e3d021545bbe593cb0eb3ee740544fefa86d59762e63dec1dbe9480a34c98cd?s=96&d=mm&r=g","contentUrl":"https:\/\/secure.gravatar.com\/avatar\/0e3d021545bbe593cb0eb3ee740544fefa86d59762e63dec1dbe9480a34c98cd?s=96&d=mm&r=g","caption":"Rosane Storto"}}]}},"_links":{"self":[{"href":"https:\/\/www.amstedmaxion.com.br\/en\/wp-json\/wp\/v2\/posts\/42959","targetHints":{"allow":["GET"]}}],"collection":[{"href":"https:\/\/www.amstedmaxion.com.br\/en\/wp-json\/wp\/v2\/posts"}],"about":[{"href":"https:\/\/www.amstedmaxion.com.br\/en\/wp-json\/wp\/v2\/types\/post"}],"author":[{"embeddable":true,"href":"https:\/\/www.amstedmaxion.com.br\/en\/wp-json\/wp\/v2\/users\/5"}],"replies":[{"embeddable":true,"href":"https:\/\/www.amstedmaxion.com.br\/en\/wp-json\/wp\/v2\/comments?post=42959"}],"version-history":[{"count":1,"href":"https:\/\/www.amstedmaxion.com.br\/en\/wp-json\/wp\/v2\/posts\/42959\/revisions"}],"predecessor-version":[{"id":42962,"href":"https:\/\/www.amstedmaxion.com.br\/en\/wp-json\/wp\/v2\/posts\/42959\/revisions\/42962"}],"wp:featuredmedia":[{"embeddable":true,"href":"https:\/\/www.amstedmaxion.com.br\/en\/wp-json\/wp\/v2\/media\/42960"}],"wp:attachment":[{"href":"https:\/\/www.amstedmaxion.com.br\/en\/wp-json\/wp\/v2\/media?parent=42959"}],"wp:term":[{"taxonomy":"category","embeddable":true,"href":"https:\/\/www.amstedmaxion.com.br\/en\/wp-json\/wp\/v2\/categories?post=42959"},{"taxonomy":"post_tag","embeddable":true,"href":"https:\/\/www.amstedmaxion.com.br\/en\/wp-json\/wp\/v2\/tags?post=42959"}],"curies":[{"name":"wp","href":"https:\/\/api.w.org\/{rel}","templated":true}]}}