{"id":43005,"date":"2023-04-10T16:21:18","date_gmt":"2023-04-10T19:21:18","guid":{"rendered":"https:\/\/www.amstedmaxion.com.br\/?p=43005"},"modified":"2023-04-10T16:21:20","modified_gmt":"2023-04-10T19:21:20","slug":"plano-safra-sera-lancado-em-maio-diz-lula","status":"publish","type":"post","link":"https:\/\/www.amstedmaxion.com.br\/en\/plano-safra-sera-lancado-em-maio-diz-lula\/","title":{"rendered":"Plano Safra ser\u00e1 lan\u00e7ado em maio, diz Lula"},"content":{"rendered":"\n<p>Canal Rural &#8211; Presidente deu a informa\u00e7\u00e3o em pronunciamento nesta segunda-feira para celebrar os primeiros 100 dias de seu governo<\/p>\n\n\n\n<p>Em pronunciamento nesta segunda-feira (10), para marcar os 100 primeiros dias de seu governo, o presidente Luiz In\u00e1cio Lula da Silva, afirmou que o Plano Safra do ciclo 2023\/24 ser\u00e1 lan\u00e7ado no pr\u00f3ximo m\u00eas de maio.<\/p>\n\n\n\n<p>\u201cLan\u00e7aremos em maio o Plano Safra do agroneg\u00f3cio. Queremos aumentar a produtividade no campo e criar mecanismo que garanta a sua sustentabilidade s\u00f3cio-ambiental neste pa\u00eds\u201d, disse Lula.<\/p>\n\n\n\n<p>\u201cO Brasil voltar\u00e1 a ser refer\u00eancia mundial de sustentabilidade, e enfrentamento das mudan\u00e7as clim\u00e1ticas e cumprir\u00e1 as metas de redu\u00e7\u00e3o de carbono e o desmatamento zero\u201d, completou.<\/p>\n\n\n\n<p>Ele lembrou que o Brasil tem um compromisso at\u00e9 2030 de chegar ao desmatamento zero na Amaz\u00f4nia. \u201cEu sei que n\u00e3o \u00e9 uma tarefa f\u00e1cil, at\u00e9 porque a Marina [Silva, ministra do Meio Ambiente e das Mudan\u00e7as Clim\u00e1ticas] est\u00e1 numa fase de montar o que foi desmontado [no governo anterior], desde contratar gente a equipamento para que a gente possa voltar a ter um padr\u00e3o de fiscaliza\u00e7\u00e3o que a gente tinha dez anos atr\u00e1s\u201d.<\/p>\n\n\n\n<p>Elogio ao ministro da Agricultura<\/p>\n\n\n\n<p>Em seu pronunciamento, o presidente elogiou o ministro da Agricultura, Carlos F\u00e1varo.<\/p>\n\n\n\n<p>\u201cEu poderia pegar como exemplo de otimismo o nosso ministro da Agricultura [Carlos F\u00e1varo]. Pense num cidad\u00e3o otimista. Perto de mim, ele bate de 10 a 0. Ele foi para China agora e acha que vai triplicar a produ\u00e7\u00e3o agr\u00edcola para vender para a China. Cada lugar que ele passa, ele habilita um novo frigor\u00edfico. Ele nem sabe se o Brasil tem tudo para exportar o que os pa\u00edses quererem comprar\u201d, disse Lula.<\/p>\n\n\n\n<p>\u201cEu j\u00e1 tive v\u00e1rios ministros da Agricultura, mas otimista com voc\u00ea\u2026 At\u00e9 o [Fernando] Haddad est\u00e1 otimista com voc\u00ea. Eu sei que voc\u00ea foi falar sobre dinheiro com o Haddad e ele disse \u2018Nossa, que boa proposta\u2019. Mas \u00e9 assim que precisamos ser\u201d.<\/p>\n\n\n\n<p>F\u00e1varo e o Plano Safra<\/p>\n\n\n\n<p>Na semana passada, o ministro da Agricultura, Carlos F\u00e1varo, defendeu a cria\u00e7\u00e3o de linhas de cr\u00e9dito rural em d\u00f3lar pelo Plano Safra para produtores de m\u00e9dio a grande porte. Dessa forma, eles poderiam ser atendidos com juros menores e deixar espa\u00e7o para que mais subs\u00eddios sejam destinados aos pequenos agricultores.<\/p>\n\n\n\n<p>F\u00e1varo disse que a demanda ser\u00e1 levada por Lula ao ministro da Fazenda, Fernando Haddad, pedindo uma aten\u00e7\u00e3o maior na formula\u00e7\u00e3o do pr\u00f3ximo plano que entrar\u00e1 em vigor em julho.<\/p>\n\n\n\n<p>F\u00e1varo destacou que a capta\u00e7\u00e3o de recursos dolarizados minimiza o risco da opera\u00e7\u00e3o, pois a varia\u00e7\u00e3o cambial \u00e9 zero e o juro internacional \u00e9 mais barato.<\/p>\n\n\n\n<p>A medida abriria espa\u00e7o fiscal para a equaliza\u00e7\u00e3o de taxas de juros para produtores menores serem atendidos pela linha Programa Nacional de Fortalecimento da Agricultura Familiar (Pronaf).<\/p>\n\n\n\n<p>A busca por estrat\u00e9gias para definir o pr\u00f3ximo Plano Safra ocorre em momento de esgotamento de recursos do programa vigente e suspens\u00e3o de linhas de cr\u00e9dito rural pelo BNDES.<\/p>\n\n\n\n<figure class=\"wp-block-image size-full is-resized\"><img loading=\"lazy\" decoding=\"async\" src=\"https:\/\/www.amstedmaxion.com.br\/wp-content\/uploads\/2023\/04\/Plano-Safra-Canal-Rural.jpg\" alt=\"\" class=\"wp-image-43006\" width=\"432\" height=\"359\" srcset=\"https:\/\/www.amstedmaxion.com.br\/wp-content\/uploads\/2023\/04\/Plano-Safra-Canal-Rural.jpg 720w, https:\/\/www.amstedmaxion.com.br\/wp-content\/uploads\/2023\/04\/Plano-Safra-Canal-Rural-300x249.jpg 300w\" sizes=\"auto, (max-width: 432px) 100vw, 432px\" \/><figcaption class=\"wp-element-caption\">Foto: captura de tela Canal Rural<\/figcaption><\/figure>\n\n\n\n<p>Fonte: Canal Rural (<a href=\"https:\/\/www.canalrural.com.br\/noticias\/agricultura\/plano-safra-sera-lancado-em-maio-diz-lula\/\">https:\/\/www.canalrural.com.br\/noticias\/agricultura\/plano-safra-sera-lancado-em-maio-diz-lula\/<\/a>)<\/p>\n","protected":false},"excerpt":{"rendered":"<p>Canal Rural &#8211; Presidente deu a informa\u00e7\u00e3o em pronunciamento nesta segunda-feira para celebrar os primeiros 100 dias de seu governo Em pronunciamento nesta segunda-feira (10), para marcar os 100 primeiros dias de seu governo, o presidente Luiz In\u00e1cio Lula da Silva, afirmou que o Plano Safra do ciclo 2023\/24 ser\u00e1 lan\u00e7ado no pr\u00f3ximo m\u00eas de [&hellip;]<\/p>\n","protected":false},"author":5,"featured_media":43006,"comment_status":"open","ping_status":"open","sticky":false,"template":"","format":"standard","meta":{"_acf_changed":false,"footnotes":""},"categories":[148],"tags":[],"class_list":["post-43005","post","type-post","status-publish","format-standard","has-post-thumbnail","hentry","category-newsletter"],"acf":[],"yoast_head":"<!-- This site is optimized with the Yoast SEO plugin v23.9 - https:\/\/yoast.com\/wordpress\/plugins\/seo\/ -->\n<title>Plano Safra ser\u00e1 lan\u00e7ado em maio, diz Lula - AmstedMaxion<\/title>\n<meta name=\"robots\" content=\"index, follow, max-snippet:-1, max-image-preview:large, max-video-preview:-1\" \/>\n<link rel=\"canonical\" href=\"https:\/\/www.amstedmaxion.com.br\/plano-safra-sera-lancado-em-maio-diz-lula\/\" \/>\n<meta property=\"og:locale\" content=\"en_US\" \/>\n<meta property=\"og:type\" content=\"article\" \/>\n<meta property=\"og:title\" content=\"Plano Safra ser\u00e1 lan\u00e7ado em maio, diz Lula - AmstedMaxion\" \/>\n<meta property=\"og:description\" content=\"Canal Rural &#8211; Presidente deu a informa\u00e7\u00e3o em pronunciamento nesta segunda-feira para celebrar os primeiros 100 dias de seu governo Em pronunciamento nesta segunda-feira (10), para marcar os 100 primeiros dias de seu governo, o presidente Luiz In\u00e1cio Lula da Silva, afirmou que o Plano Safra do ciclo 2023\/24 ser\u00e1 lan\u00e7ado no pr\u00f3ximo m\u00eas de [&hellip;]\" \/>\n<meta property=\"og:url\" content=\"https:\/\/www.amstedmaxion.com.br\/plano-safra-sera-lancado-em-maio-diz-lula\/\" \/>\n<meta property=\"og:site_name\" content=\"AmstedMaxion\" \/>\n<meta property=\"article:publisher\" content=\"https:\/\/www.facebook.com\/AmstedMaxion.Oficial\" \/>\n<meta property=\"article:published_time\" content=\"2023-04-10T19:21:18+00:00\" \/>\n<meta property=\"article:modified_time\" content=\"2023-04-10T19:21:20+00:00\" \/>\n<meta property=\"og:image\" content=\"https:\/\/www.amstedmaxion.com.br\/wp-content\/uploads\/2023\/04\/Plano-Safra-Canal-Rural.jpg\" \/>\n\t<meta property=\"og:image:width\" content=\"720\" \/>\n\t<meta property=\"og:image:height\" content=\"598\" \/>\n\t<meta property=\"og:image:type\" content=\"image\/jpeg\" \/>\n<meta name=\"author\" content=\"Rosane Storto\" \/>\n<meta name=\"twitter:card\" content=\"summary_large_image\" \/>\n<meta name=\"twitter:label1\" content=\"Written by\" \/>\n\t<meta name=\"twitter:data1\" content=\"Rosane Storto\" \/>\n\t<meta name=\"twitter:label2\" content=\"Est. reading time\" \/>\n\t<meta name=\"twitter:data2\" content=\"3 minutes\" \/>\n<script type=\"application\/ld+json\" class=\"yoast-schema-graph\">{\"@context\":\"https:\/\/schema.org\",\"@graph\":[{\"@type\":\"Article\",\"@id\":\"https:\/\/www.amstedmaxion.com.br\/plano-safra-sera-lancado-em-maio-diz-lula\/#article\",\"isPartOf\":{\"@id\":\"https:\/\/www.amstedmaxion.com.br\/plano-safra-sera-lancado-em-maio-diz-lula\/\"},\"author\":{\"name\":\"Rosane Storto\",\"@id\":\"https:\/\/www.amstedmaxion.com.br\/#\/schema\/person\/140cb65f07d4e66dd5543c8a187bf436\"},\"headline\":\"Plano Safra ser\u00e1 lan\u00e7ado em maio, diz Lula\",\"datePublished\":\"2023-04-10T19:21:18+00:00\",\"dateModified\":\"2023-04-10T19:21:20+00:00\",\"mainEntityOfPage\":{\"@id\":\"https:\/\/www.amstedmaxion.com.br\/plano-safra-sera-lancado-em-maio-diz-lula\/\"},\"wordCount\":550,\"commentCount\":0,\"publisher\":{\"@id\":\"https:\/\/www.amstedmaxion.com.br\/#organization\"},\"image\":{\"@id\":\"https:\/\/www.amstedmaxion.com.br\/plano-safra-sera-lancado-em-maio-diz-lula\/#primaryimage\"},\"thumbnailUrl\":\"https:\/\/www.amstedmaxion.com.br\/wp-content\/uploads\/2023\/04\/Plano-Safra-Canal-Rural.jpg\",\"articleSection\":[\"Newsletter\"],\"inLanguage\":\"en-US\",\"potentialAction\":[{\"@type\":\"CommentAction\",\"name\":\"Comment\",\"target\":[\"https:\/\/www.amstedmaxion.com.br\/plano-safra-sera-lancado-em-maio-diz-lula\/#respond\"]}]},{\"@type\":\"WebPage\",\"@id\":\"https:\/\/www.amstedmaxion.com.br\/plano-safra-sera-lancado-em-maio-diz-lula\/\",\"url\":\"https:\/\/www.amstedmaxion.com.br\/plano-safra-sera-lancado-em-maio-diz-lula\/\",\"name\":\"Plano Safra ser\u00e1 lan\u00e7ado em maio, diz Lula - AmstedMaxion\",\"isPartOf\":{\"@id\":\"https:\/\/www.amstedmaxion.com.br\/#website\"},\"primaryImageOfPage\":{\"@id\":\"https:\/\/www.amstedmaxion.com.br\/plano-safra-sera-lancado-em-maio-diz-lula\/#primaryimage\"},\"image\":{\"@id\":\"https:\/\/www.amstedmaxion.com.br\/plano-safra-sera-lancado-em-maio-diz-lula\/#primaryimage\"},\"thumbnailUrl\":\"https:\/\/www.amstedmaxion.com.br\/wp-content\/uploads\/2023\/04\/Plano-Safra-Canal-Rural.jpg\",\"datePublished\":\"2023-04-10T19:21:18+00:00\",\"dateModified\":\"2023-04-10T19:21:20+00:00\",\"breadcrumb\":{\"@id\":\"https:\/\/www.amstedmaxion.com.br\/plano-safra-sera-lancado-em-maio-diz-lula\/#breadcrumb\"},\"inLanguage\":\"en-US\",\"potentialAction\":[{\"@type\":\"ReadAction\",\"target\":[\"https:\/\/www.amstedmaxion.com.br\/plano-safra-sera-lancado-em-maio-diz-lula\/\"]}]},{\"@type\":\"ImageObject\",\"inLanguage\":\"en-US\",\"@id\":\"https:\/\/www.amstedmaxion.com.br\/plano-safra-sera-lancado-em-maio-diz-lula\/#primaryimage\",\"url\":\"https:\/\/www.amstedmaxion.com.br\/wp-content\/uploads\/2023\/04\/Plano-Safra-Canal-Rural.jpg\",\"contentUrl\":\"https:\/\/www.amstedmaxion.com.br\/wp-content\/uploads\/2023\/04\/Plano-Safra-Canal-Rural.jpg\",\"width\":720,\"height\":598,\"caption\":\"Foto: captura de tela Canal Rural\"},{\"@type\":\"BreadcrumbList\",\"@id\":\"https:\/\/www.amstedmaxion.com.br\/plano-safra-sera-lancado-em-maio-diz-lula\/#breadcrumb\",\"itemListElement\":[{\"@type\":\"ListItem\",\"position\":1,\"name\":\"In\u00edcio\",\"item\":\"https:\/\/www.amstedmaxion.com.br\/\"},{\"@type\":\"ListItem\",\"position\":2,\"name\":\"Plano Safra ser\u00e1 lan\u00e7ado em maio, diz Lula\"}]},{\"@type\":\"WebSite\",\"@id\":\"https:\/\/www.amstedmaxion.com.br\/#website\",\"url\":\"https:\/\/www.amstedmaxion.com.br\/\",\"name\":\"AmstedMaxion\",\"description\":\"AmstedMaxion - Fundi\u00e7\u00e3o e Equipamentos Ferrovi\u00e1rios\",\"publisher\":{\"@id\":\"https:\/\/www.amstedmaxion.com.br\/#organization\"},\"alternateName\":\"AmstedMaxion\",\"potentialAction\":[{\"@type\":\"SearchAction\",\"target\":{\"@type\":\"EntryPoint\",\"urlTemplate\":\"https:\/\/www.amstedmaxion.com.br\/?s={search_term_string}\"},\"query-input\":{\"@type\":\"PropertyValueSpecification\",\"valueRequired\":true,\"valueName\":\"search_term_string\"}}],\"inLanguage\":\"en-US\"},{\"@type\":\"Organization\",\"@id\":\"https:\/\/www.amstedmaxion.com.br\/#organization\",\"name\":\"AMSTEDMAXION\",\"url\":\"https:\/\/www.amstedmaxion.com.br\/\",\"logo\":{\"@type\":\"ImageObject\",\"inLanguage\":\"en-US\",\"@id\":\"https:\/\/www.amstedmaxion.com.br\/#\/schema\/logo\/image\/\",\"url\":\"https:\/\/www.amstedmaxion.com.br\/wp-content\/uploads\/2023\/11\/amsted.png\",\"contentUrl\":\"https:\/\/www.amstedmaxion.com.br\/wp-content\/uploads\/2023\/11\/amsted.png\",\"width\":500,\"height\":500,\"caption\":\"AMSTEDMAXION\"},\"image\":{\"@id\":\"https:\/\/www.amstedmaxion.com.br\/#\/schema\/logo\/image\/\"},\"sameAs\":[\"https:\/\/www.facebook.com\/AmstedMaxion.Oficial\",\"https:\/\/br.linkedin.com\/company\/amstedmaxion\"]},{\"@type\":\"Person\",\"@id\":\"https:\/\/www.amstedmaxion.com.br\/#\/schema\/person\/140cb65f07d4e66dd5543c8a187bf436\",\"name\":\"Rosane Storto\",\"image\":{\"@type\":\"ImageObject\",\"inLanguage\":\"en-US\",\"@id\":\"https:\/\/www.amstedmaxion.com.br\/#\/schema\/person\/image\/\",\"url\":\"https:\/\/secure.gravatar.com\/avatar\/0e3d021545bbe593cb0eb3ee740544fefa86d59762e63dec1dbe9480a34c98cd?s=96&d=mm&r=g\",\"contentUrl\":\"https:\/\/secure.gravatar.com\/avatar\/0e3d021545bbe593cb0eb3ee740544fefa86d59762e63dec1dbe9480a34c98cd?s=96&d=mm&r=g\",\"caption\":\"Rosane Storto\"}}]}<\/script>\n<!-- \/ Yoast SEO plugin. -->","yoast_head_json":{"title":"Plano Safra ser\u00e1 lan\u00e7ado em maio, diz Lula - AmstedMaxion","robots":{"index":"index","follow":"follow","max-snippet":"max-snippet:-1","max-image-preview":"max-image-preview:large","max-video-preview":"max-video-preview:-1"},"canonical":"https:\/\/www.amstedmaxion.com.br\/plano-safra-sera-lancado-em-maio-diz-lula\/","og_locale":"en_US","og_type":"article","og_title":"Plano Safra ser\u00e1 lan\u00e7ado em maio, diz Lula - AmstedMaxion","og_description":"Canal Rural &#8211; Presidente deu a informa\u00e7\u00e3o em pronunciamento nesta segunda-feira para celebrar os primeiros 100 dias de seu governo Em pronunciamento nesta segunda-feira (10), para marcar os 100 primeiros dias de seu governo, o presidente Luiz In\u00e1cio Lula da Silva, afirmou que o Plano Safra do ciclo 2023\/24 ser\u00e1 lan\u00e7ado no pr\u00f3ximo m\u00eas de [&hellip;]","og_url":"https:\/\/www.amstedmaxion.com.br\/plano-safra-sera-lancado-em-maio-diz-lula\/","og_site_name":"AmstedMaxion","article_publisher":"https:\/\/www.facebook.com\/AmstedMaxion.Oficial","article_published_time":"2023-04-10T19:21:18+00:00","article_modified_time":"2023-04-10T19:21:20+00:00","og_image":[{"width":720,"height":598,"url":"https:\/\/www.amstedmaxion.com.br\/wp-content\/uploads\/2023\/04\/Plano-Safra-Canal-Rural.jpg","type":"image\/jpeg"}],"author":"Rosane Storto","twitter_card":"summary_large_image","twitter_misc":{"Written by":"Rosane Storto","Est. reading time":"3 minutes"},"schema":{"@context":"https:\/\/schema.org","@graph":[{"@type":"Article","@id":"https:\/\/www.amstedmaxion.com.br\/plano-safra-sera-lancado-em-maio-diz-lula\/#article","isPartOf":{"@id":"https:\/\/www.amstedmaxion.com.br\/plano-safra-sera-lancado-em-maio-diz-lula\/"},"author":{"name":"Rosane Storto","@id":"https:\/\/www.amstedmaxion.com.br\/#\/schema\/person\/140cb65f07d4e66dd5543c8a187bf436"},"headline":"Plano Safra ser\u00e1 lan\u00e7ado em maio, diz Lula","datePublished":"2023-04-10T19:21:18+00:00","dateModified":"2023-04-10T19:21:20+00:00","mainEntityOfPage":{"@id":"https:\/\/www.amstedmaxion.com.br\/plano-safra-sera-lancado-em-maio-diz-lula\/"},"wordCount":550,"commentCount":0,"publisher":{"@id":"https:\/\/www.amstedmaxion.com.br\/#organization"},"image":{"@id":"https:\/\/www.amstedmaxion.com.br\/plano-safra-sera-lancado-em-maio-diz-lula\/#primaryimage"},"thumbnailUrl":"https:\/\/www.amstedmaxion.com.br\/wp-content\/uploads\/2023\/04\/Plano-Safra-Canal-Rural.jpg","articleSection":["Newsletter"],"inLanguage":"en-US","potentialAction":[{"@type":"CommentAction","name":"Comment","target":["https:\/\/www.amstedmaxion.com.br\/plano-safra-sera-lancado-em-maio-diz-lula\/#respond"]}]},{"@type":"WebPage","@id":"https:\/\/www.amstedmaxion.com.br\/plano-safra-sera-lancado-em-maio-diz-lula\/","url":"https:\/\/www.amstedmaxion.com.br\/plano-safra-sera-lancado-em-maio-diz-lula\/","name":"Plano Safra ser\u00e1 lan\u00e7ado em maio, diz Lula - AmstedMaxion","isPartOf":{"@id":"https:\/\/www.amstedmaxion.com.br\/#website"},"primaryImageOfPage":{"@id":"https:\/\/www.amstedmaxion.com.br\/plano-safra-sera-lancado-em-maio-diz-lula\/#primaryimage"},"image":{"@id":"https:\/\/www.amstedmaxion.com.br\/plano-safra-sera-lancado-em-maio-diz-lula\/#primaryimage"},"thumbnailUrl":"https:\/\/www.amstedmaxion.com.br\/wp-content\/uploads\/2023\/04\/Plano-Safra-Canal-Rural.jpg","datePublished":"2023-04-10T19:21:18+00:00","dateModified":"2023-04-10T19:21:20+00:00","breadcrumb":{"@id":"https:\/\/www.amstedmaxion.com.br\/plano-safra-sera-lancado-em-maio-diz-lula\/#breadcrumb"},"inLanguage":"en-US","potentialAction":[{"@type":"ReadAction","target":["https:\/\/www.amstedmaxion.com.br\/plano-safra-sera-lancado-em-maio-diz-lula\/"]}]},{"@type":"ImageObject","inLanguage":"en-US","@id":"https:\/\/www.amstedmaxion.com.br\/plano-safra-sera-lancado-em-maio-diz-lula\/#primaryimage","url":"https:\/\/www.amstedmaxion.com.br\/wp-content\/uploads\/2023\/04\/Plano-Safra-Canal-Rural.jpg","contentUrl":"https:\/\/www.amstedmaxion.com.br\/wp-content\/uploads\/2023\/04\/Plano-Safra-Canal-Rural.jpg","width":720,"height":598,"caption":"Foto: captura de tela Canal Rural"},{"@type":"BreadcrumbList","@id":"https:\/\/www.amstedmaxion.com.br\/plano-safra-sera-lancado-em-maio-diz-lula\/#breadcrumb","itemListElement":[{"@type":"ListItem","position":1,"name":"In\u00edcio","item":"https:\/\/www.amstedmaxion.com.br\/"},{"@type":"ListItem","position":2,"name":"Plano Safra ser\u00e1 lan\u00e7ado em maio, diz Lula"}]},{"@type":"WebSite","@id":"https:\/\/www.amstedmaxion.com.br\/#website","url":"https:\/\/www.amstedmaxion.com.br\/","name":"AmstedMaxion","description":"AmstedMaxion - Fundi\u00e7\u00e3o e Equipamentos Ferrovi\u00e1rios","publisher":{"@id":"https:\/\/www.amstedmaxion.com.br\/#organization"},"alternateName":"AmstedMaxion","potentialAction":[{"@type":"SearchAction","target":{"@type":"EntryPoint","urlTemplate":"https:\/\/www.amstedmaxion.com.br\/?s={search_term_string}"},"query-input":{"@type":"PropertyValueSpecification","valueRequired":true,"valueName":"search_term_string"}}],"inLanguage":"en-US"},{"@type":"Organization","@id":"https:\/\/www.amstedmaxion.com.br\/#organization","name":"AMSTEDMAXION","url":"https:\/\/www.amstedmaxion.com.br\/","logo":{"@type":"ImageObject","inLanguage":"en-US","@id":"https:\/\/www.amstedmaxion.com.br\/#\/schema\/logo\/image\/","url":"https:\/\/www.amstedmaxion.com.br\/wp-content\/uploads\/2023\/11\/amsted.png","contentUrl":"https:\/\/www.amstedmaxion.com.br\/wp-content\/uploads\/2023\/11\/amsted.png","width":500,"height":500,"caption":"AMSTEDMAXION"},"image":{"@id":"https:\/\/www.amstedmaxion.com.br\/#\/schema\/logo\/image\/"},"sameAs":["https:\/\/www.facebook.com\/AmstedMaxion.Oficial","https:\/\/br.linkedin.com\/company\/amstedmaxion"]},{"@type":"Person","@id":"https:\/\/www.amstedmaxion.com.br\/#\/schema\/person\/140cb65f07d4e66dd5543c8a187bf436","name":"Rosane Storto","image":{"@type":"ImageObject","inLanguage":"en-US","@id":"https:\/\/www.amstedmaxion.com.br\/#\/schema\/person\/image\/","url":"https:\/\/secure.gravatar.com\/avatar\/0e3d021545bbe593cb0eb3ee740544fefa86d59762e63dec1dbe9480a34c98cd?s=96&d=mm&r=g","contentUrl":"https:\/\/secure.gravatar.com\/avatar\/0e3d021545bbe593cb0eb3ee740544fefa86d59762e63dec1dbe9480a34c98cd?s=96&d=mm&r=g","caption":"Rosane Storto"}}]}},"_links":{"self":[{"href":"https:\/\/www.amstedmaxion.com.br\/en\/wp-json\/wp\/v2\/posts\/43005","targetHints":{"allow":["GET"]}}],"collection":[{"href":"https:\/\/www.amstedmaxion.com.br\/en\/wp-json\/wp\/v2\/posts"}],"about":[{"href":"https:\/\/www.amstedmaxion.com.br\/en\/wp-json\/wp\/v2\/types\/post"}],"author":[{"embeddable":true,"href":"https:\/\/www.amstedmaxion.com.br\/en\/wp-json\/wp\/v2\/users\/5"}],"replies":[{"embeddable":true,"href":"https:\/\/www.amstedmaxion.com.br\/en\/wp-json\/wp\/v2\/comments?post=43005"}],"version-history":[{"count":1,"href":"https:\/\/www.amstedmaxion.com.br\/en\/wp-json\/wp\/v2\/posts\/43005\/revisions"}],"predecessor-version":[{"id":43008,"href":"https:\/\/www.amstedmaxion.com.br\/en\/wp-json\/wp\/v2\/posts\/43005\/revisions\/43008"}],"wp:featuredmedia":[{"embeddable":true,"href":"https:\/\/www.amstedmaxion.com.br\/en\/wp-json\/wp\/v2\/media\/43006"}],"wp:attachment":[{"href":"https:\/\/www.amstedmaxion.com.br\/en\/wp-json\/wp\/v2\/media?parent=43005"}],"wp:term":[{"taxonomy":"category","embeddable":true,"href":"https:\/\/www.amstedmaxion.com.br\/en\/wp-json\/wp\/v2\/categories?post=43005"},{"taxonomy":"post_tag","embeddable":true,"href":"https:\/\/www.amstedmaxion.com.br\/en\/wp-json\/wp\/v2\/tags?post=43005"}],"curies":[{"name":"wp","href":"https:\/\/api.w.org\/{rel}","templated":true}]}}