{"id":43009,"date":"2023-04-10T16:23:49","date_gmt":"2023-04-10T19:23:49","guid":{"rendered":"https:\/\/www.amstedmaxion.com.br\/?p=43009"},"modified":"2023-04-10T16:23:50","modified_gmt":"2023-04-10T19:23:50","slug":"segmento-de-maquinas-agricolas-em-ms-acompanha-cenario-nacional-e-estima-recuo-nas-vendas","status":"publish","type":"post","link":"https:\/\/www.amstedmaxion.com.br\/en\/segmento-de-maquinas-agricolas-em-ms-acompanha-cenario-nacional-e-estima-recuo-nas-vendas\/","title":{"rendered":"Segmento de m\u00e1quinas agr\u00edcolas em MS acompanha cen\u00e1rio nacional e estima recuo nas vendas"},"content":{"rendered":"\n<p>MS News &#8211; Associa\u00e7\u00e3o dos Fabricantes de Ve\u00edculos projeta redu\u00e7\u00e3o de at\u00e9 3,5%, na compara\u00e7\u00e3o com 2022<\/p>\n\n\n\n<p>Com indica\u00e7\u00e3o de queda nas vendas de m\u00e1quinas agr\u00edcolas para 2023, Mato Grosso do Sul segue o cen\u00e1rio nacional e projeta recuo no volume de vendas. Segundo a Anfavea (Associa\u00e7\u00e3o Nacional dos Fabricantes de Ve\u00edculos Automotores), a retra\u00e7\u00e3o \u00e9 de 3,5%, no comparativo com o ano anterior.<\/p>\n\n\n\n<p>Atuante no agroneg\u00f3cio h\u00e1 39 anos, Rosiclea Medeiros,59, \u00e9 gerente comercial da Comak Tratores, em Campo Grande e faz uma an\u00e1lise sobre o mercado com base em sua experi\u00eancia no segmento, indicando que, neste primeiro trimestre de 2023, j\u00e1 p\u00f4de ser observado queda nas vendas de m\u00e1quinas agr\u00edcolas.<\/p>\n\n\n\n<p>\u201cEm compara\u00e7\u00e3o com os \u00faltimos dois anos houve, sim, uma redu\u00e7\u00e3o nos volumes de neg\u00f3cios. Acredito que muitos s\u00e3o os fatores que podem motivar a situa\u00e7\u00e3o. Contudo, o momento econ\u00f4mico e pol\u00edtico do pa\u00eds \u00e9 um deles, gerando incertezas para os produtores&#8217;, comentou a gestora do grupo Comak.<\/p>\n\n\n\n<p>Sobre 2022, ela ressalta que, tendo em vista o planejamento estrat\u00e9gico do grupo, o ano foi promissor, trazendo bons n\u00fameros. \u201cSuperamos as expectativas, tendo um ano bom, mesmo diante das altas taxas de juros do mercado e a falta de verba. Nesses \u00faltimos anos, estamos tendo bem menos investimentos e isso interfere nos resultados&#8217;, detalha.<\/p>\n\n\n\n<p>O mercado habitualmente projeta ganhos maiores a cada ano, sendo que neste n\u00e3o foi diferente para o setor de m\u00e1quinas e implementos agr\u00edcolas, em Mato Grosso do Sul. Sobretudo, vale destacar que, mesmo com estimativa de queda para este ano, especialistas afirmam que o cen\u00e1rio \u00e9 positivo para o setor, no pa\u00eds.<\/p>\n\n\n\n<p>Como exemplo de expectativas positivas, o executivo Eduardo Kerbauy, vice-presidente da New Holland para a Am\u00e9rica Latina, fez uma an\u00e1lise, em entrevista \u00e0 \u201cFolhapress&#8217;. \u201cSe for -3% ou 0%, naquela faixa ali, o que foi ano passado? Foi um ano muito bom. A varia\u00e7\u00e3o que tem em rela\u00e7\u00e3o ao ano passado \u00e9 pouca, essa \u00e9 a leitura que eu fa\u00e7o. E o ano passado foi interessante&#8217;, destacou Kerbauy.<\/p>\n\n\n\n<p>Ele ainda afirma que, na parte agron\u00f4mica, n\u00e3o h\u00e1 d\u00favidas sobre como ser\u00e1 o ano, com preocupa\u00e7\u00f5es clim\u00e1ticas envolvendo Argentina, Uruguai e parte do Rio Grande do Sul, com previs\u00e3o de safra recorde, no pa\u00eds.<\/p>\n\n\n\n<p>Corroborando, Rosiclea Medeiros lembra que ainda h\u00e1 v\u00e1rios quesitos a se discorrer, para que seja feita uma an\u00e1lise mais completa, citando novamente a economia e, em MS, a colheita que ainda n\u00e3o se encerrou.<\/p>\n\n\n\n<p>\u201cTivemos uma colheita complicada esse ano, devido \u00e0s chuvas. O nosso plano agr\u00edcola s\u00f3 \u00e9 lan\u00e7ado em junho e a\u00ed tivemos que ver que taxa de juros ir\u00e3o correr, que tipos de financiamento vamos ter&#8217;, concluiu ela, frisando que as expectativas est\u00e3o em aberto.<\/p>\n\n\n\n<p>Nacional<\/p>\n\n\n\n<p>A Anfavea (Associa\u00e7\u00e3o Nacional dos Fabricantes de Ve\u00edculos Automotores) projetou vendas de 65 mil m\u00e1quinas em 2023, ante as 67.385 mil comercializadas em 2022 \u2013 crescimento de 19,4%, em rela\u00e7\u00e3o \u00e0s 56.418 mil unidades vendidas, em 2021. J\u00e1 o balan\u00e7o da Fenabrave (Federa\u00e7\u00e3o Nacional da Distribui\u00e7\u00e3o de Ve\u00edculos Automotores) apontou que o volume de vendas de m\u00e1quinas agr\u00edcolas recuou 1,4% em novembro de 2022, na compara\u00e7\u00e3o com o mesmo per\u00edodo de 2021.<\/p>\n\n\n\n<p>Conforme dados da federa\u00e7\u00e3o, foram entregues 5,2 mil tratores e colheitadeiras durante todo o m\u00eas, o que resultou em 22% de queda, quando comparado com o m\u00eas anterior. Todavia, levando em conta os n\u00fameros de 2022, as vendas de maquin\u00e1rios agr\u00edcolas somaram 61,2 mil unidades, com alta de 16,2%, em rela\u00e7\u00e3o ao mesmo per\u00edodo de 2021.<\/p>\n\n\n\n<p>Por fim, a Abimaq (Associa\u00e7\u00e3o Brasileira da Ind\u00fastria de M\u00e1quinas e Equipamentos) divulgou apontamento que, em janeiro deste ano, as vendas ca\u00edram 30%, ao comparar com o mesmo m\u00eas de 2022. Dado que se consolidou como a primeira queda, desde 2016.<\/p>\n\n\n\n<p>Produtor<\/p>\n\n\n\n<p>Joelson Gon\u00e7alves de Aquino, 57 , trabalha na terra desde pequeno. Acostumado a viver no campo, \u00e9 dono de uma pequena ch\u00e1cara, onde produz gr\u00e3os e hortali\u00e7as. Pequeno produtor, no \u00faltimo ano viu sua produ\u00e7\u00e3o mudar, quando decidiu investir em equipamentos agr\u00edcolas e assim otimizar os ganhos.<\/p>\n\n\n\n<p>\u201cMeu instrumento sempre foram as m\u00e3os e sempre achei que essas m\u00e1quinas grandonas e bonitas fossem somente para os grandes produtores. Depois do acompanhamento e aconselhamento que tive de um profissional, vi que tamb\u00e9m podia ser grande. Financiei um trator e hoje estou a\u00ed, produzindo muito mais&#8217;, detalhou o agricultor.<\/p>\n\n\n\n<p>Gon\u00e7alves pontua que a tecnologia tem sido uma grande aliada para suas conquistas no campo e espera, em breve, poder crescer ainda mais e, quem sabe, comprar outras m\u00e1quinas. \u201cEspero que o governo se organize logo, para a gente tamb\u00e9m poder fazer isso&#8217;, concluiu.<\/p>\n\n\n\n<p>Uma das maiores feiras agr\u00edcolas do Brasil, o lan\u00e7amento da Agrishow (Feira Internacional de Tecnologia Agr\u00edcola em A\u00e7\u00e3o) chega aquecendo o mercado agropecu\u00e1rio. Com destaque para o crescimento de lavouras na regi\u00e3o Centro-Oeste, a capitaliza\u00e7\u00e3o dos produtores pode bater recorde, em 2023.<\/p>\n\n\n\n<p>De acordo com a \u201cFolhapress&#8217;, a Agrishow foi apresentada com otimismo na \u00faltima quarta-feira (5), em Ribeir\u00e3o Preto. A feira est\u00e1 em sua 28\u00aa edi\u00e7\u00e3o e acontecer\u00e1 entre os dias 1\u00ba e 5 de maio e projeta vender mais de R$ 11,2 bilh\u00f5es em m\u00e1quinas.<\/p>\n\n\n\n<p>A Abimaq (Associa\u00e7\u00e3o Brasileira da Ind\u00fastria de M\u00e1quinas e Equipamentos), uma das organizadoras, sugeriu ao governo a libera\u00e7\u00e3o de R$ 45 bilh\u00f5es no Plano Safra, para dar robustez no pr\u00f3ximo ciclo agr\u00edcola, e afirma que o problema do setor n\u00e3o est\u00e1 nos agricultores, que est\u00e3o capitalizados.<\/p>\n\n\n\n<p>\u201cO mercado est\u00e1 muito diferente entre o pequeno e o grande agricultor, pois o grande agricultor tem comprado. A gente imagina que eles v\u00e3o aumentar a \u00e1rea mais uma vez e, para aumentar a \u00e1rea, precisam comprar m\u00e1quinas. Como o aumento de \u00e1rea \u00e9 mais no Centro-Oeste, e s\u00e3o grandes m\u00e1quinas que eles precisam, o mercado continua comprando&#8217;, disse Pedro Estev\u00e3o, presidente da C\u00e2mara Setorial de M\u00e1quinas e Implementos Agr\u00edcolas da Abimaq, em entrevista \u00e0 \u201cFolhapress&#8217;.<\/p>\n\n\n\n<p>Segundo ele, a proposta de R$ 45 bilh\u00f5es foi feita ap\u00f3s o governo ter pedido sugest\u00f5es. Do total, R$ 34 bilh\u00f5es seriam para o Moderfrota (para moderniza\u00e7\u00e3o da frota de tratores e m\u00e1quinas) e os outros R$ 11 bilh\u00f5es iriam para o Pronaf (Programa de Fortalecimento da Agricultura Familiar).<\/p>\n\n\n\n<p>\u201cEsse seria o melhor dos mundos. No ano passado, o setor faturou R$ 90 bilh\u00f5es, sendo R$ 10 bilh\u00f5es para exporta\u00e7\u00f5es e R$ 80 bilh\u00f5es para o mercado interno. Ent\u00e3o, R$ 45 bilh\u00f5es \u00e9 praticamente metade do faturamento do setor, achamos o suficiente para ter um Plano Safra muito robusto&#8217;, disse.<\/p>\n\n\n\n<p>O vice-presidente da Abimaq, Jo\u00e3o Carlos Marchesan, disse que o faturamento da Agrishow \u00e9 importante, mas n\u00e3o relevante, pelo fato de a feira ser \u201csempre um sucesso&#8217;. Depois de atingir R$ 2,9 bilh\u00f5es em 2019 (R$ 3,68 bilh\u00f5es, corrigidos pelo IPCA) e R$ 11,24 bilh\u00f5es na retomada, em 2022 (R$ 11,68 bilh\u00f5es, atualizados), a proje\u00e7\u00e3o dos participantes \u00e9 que o volume de vendas do ano passado seja ultrapassado.<\/p>\n\n\n\n<figure class=\"wp-block-image size-full is-resized\"><img loading=\"lazy\" decoding=\"async\" src=\"https:\/\/www.amstedmaxion.com.br\/wp-content\/uploads\/2023\/04\/Maquinas-MS-News.jpg\" alt=\"\" class=\"wp-image-43010\" width=\"432\" height=\"269\" srcset=\"https:\/\/www.amstedmaxion.com.br\/wp-content\/uploads\/2023\/04\/Maquinas-MS-News.jpg 720w, https:\/\/www.amstedmaxion.com.br\/wp-content\/uploads\/2023\/04\/Maquinas-MS-News-300x187.jpg 300w, https:\/\/www.amstedmaxion.com.br\/wp-content\/uploads\/2023\/04\/Maquinas-MS-News-252x157.jpg 252w\" sizes=\"auto, (max-width: 432px) 100vw, 432px\" \/><figcaption class=\"wp-element-caption\">Foto: captura de tela MS News<\/figcaption><\/figure>\n\n\n\n<p>Fonte: MS News (<a href=\"https:\/\/msnews.com.br\/noticia\/133236\/segmento-de-maquinas-agricolas-em-ms-acompanha-cenario-nacional-e-estima-recuo-nas-vendas\">https:\/\/msnews.com.br\/noticia\/133236\/segmento-de-maquinas-agricolas-em-ms-acompanha-cenario-nacional-e-estima-recuo-nas-vendas<\/a>)<\/p>\n","protected":false},"excerpt":{"rendered":"<p>MS News &#8211; Associa\u00e7\u00e3o dos Fabricantes de Ve\u00edculos projeta redu\u00e7\u00e3o de at\u00e9 3,5%, na compara\u00e7\u00e3o com 2022 Com indica\u00e7\u00e3o de queda nas vendas de m\u00e1quinas agr\u00edcolas para 2023, Mato Grosso do Sul segue o cen\u00e1rio nacional e projeta recuo no volume de vendas. Segundo a Anfavea (Associa\u00e7\u00e3o Nacional dos Fabricantes de Ve\u00edculos Automotores), a retra\u00e7\u00e3o [&hellip;]<\/p>\n","protected":false},"author":5,"featured_media":43010,"comment_status":"open","ping_status":"open","sticky":false,"template":"","format":"standard","meta":{"_acf_changed":false,"footnotes":""},"categories":[148],"tags":[],"class_list":["post-43009","post","type-post","status-publish","format-standard","has-post-thumbnail","hentry","category-newsletter"],"acf":[],"yoast_head":"<!-- This site is optimized with the Yoast SEO plugin v23.9 - https:\/\/yoast.com\/wordpress\/plugins\/seo\/ -->\n<title>Segmento de m\u00e1quinas agr\u00edcolas em MS acompanha cen\u00e1rio nacional e estima recuo nas vendas - AmstedMaxion<\/title>\n<meta name=\"robots\" content=\"index, follow, max-snippet:-1, max-image-preview:large, max-video-preview:-1\" \/>\n<link rel=\"canonical\" href=\"https:\/\/www.amstedmaxion.com.br\/segmento-de-maquinas-agricolas-em-ms-acompanha-cenario-nacional-e-estima-recuo-nas-vendas\/\" \/>\n<meta property=\"og:locale\" content=\"en_US\" \/>\n<meta property=\"og:type\" content=\"article\" \/>\n<meta property=\"og:title\" content=\"Segmento de m\u00e1quinas agr\u00edcolas em MS acompanha cen\u00e1rio nacional e estima recuo nas vendas - AmstedMaxion\" \/>\n<meta property=\"og:description\" content=\"MS News &#8211; Associa\u00e7\u00e3o dos Fabricantes de Ve\u00edculos projeta redu\u00e7\u00e3o de at\u00e9 3,5%, na compara\u00e7\u00e3o com 2022 Com indica\u00e7\u00e3o de queda nas vendas de m\u00e1quinas agr\u00edcolas para 2023, Mato Grosso do Sul segue o cen\u00e1rio nacional e projeta recuo no volume de vendas. Segundo a Anfavea (Associa\u00e7\u00e3o Nacional dos Fabricantes de Ve\u00edculos Automotores), a retra\u00e7\u00e3o [&hellip;]\" \/>\n<meta property=\"og:url\" content=\"https:\/\/www.amstedmaxion.com.br\/segmento-de-maquinas-agricolas-em-ms-acompanha-cenario-nacional-e-estima-recuo-nas-vendas\/\" \/>\n<meta property=\"og:site_name\" content=\"AmstedMaxion\" \/>\n<meta property=\"article:publisher\" content=\"https:\/\/www.facebook.com\/AmstedMaxion.Oficial\" \/>\n<meta property=\"article:published_time\" content=\"2023-04-10T19:23:49+00:00\" \/>\n<meta property=\"article:modified_time\" content=\"2023-04-10T19:23:50+00:00\" \/>\n<meta property=\"og:image\" content=\"https:\/\/www.amstedmaxion.com.br\/wp-content\/uploads\/2023\/04\/Maquinas-MS-News.jpg\" \/>\n\t<meta property=\"og:image:width\" content=\"720\" \/>\n\t<meta property=\"og:image:height\" content=\"449\" \/>\n\t<meta property=\"og:image:type\" content=\"image\/jpeg\" \/>\n<meta name=\"author\" content=\"Rosane Storto\" \/>\n<meta name=\"twitter:card\" content=\"summary_large_image\" \/>\n<meta name=\"twitter:label1\" content=\"Written by\" \/>\n\t<meta name=\"twitter:data1\" content=\"Rosane Storto\" \/>\n\t<meta name=\"twitter:label2\" content=\"Est. reading time\" \/>\n\t<meta name=\"twitter:data2\" content=\"7 minutes\" \/>\n<script type=\"application\/ld+json\" class=\"yoast-schema-graph\">{\"@context\":\"https:\/\/schema.org\",\"@graph\":[{\"@type\":\"Article\",\"@id\":\"https:\/\/www.amstedmaxion.com.br\/segmento-de-maquinas-agricolas-em-ms-acompanha-cenario-nacional-e-estima-recuo-nas-vendas\/#article\",\"isPartOf\":{\"@id\":\"https:\/\/www.amstedmaxion.com.br\/segmento-de-maquinas-agricolas-em-ms-acompanha-cenario-nacional-e-estima-recuo-nas-vendas\/\"},\"author\":{\"name\":\"Rosane Storto\",\"@id\":\"https:\/\/www.amstedmaxion.com.br\/#\/schema\/person\/140cb65f07d4e66dd5543c8a187bf436\"},\"headline\":\"Segmento de m\u00e1quinas agr\u00edcolas em MS acompanha cen\u00e1rio nacional e estima recuo nas vendas\",\"datePublished\":\"2023-04-10T19:23:49+00:00\",\"dateModified\":\"2023-04-10T19:23:50+00:00\",\"mainEntityOfPage\":{\"@id\":\"https:\/\/www.amstedmaxion.com.br\/segmento-de-maquinas-agricolas-em-ms-acompanha-cenario-nacional-e-estima-recuo-nas-vendas\/\"},\"wordCount\":1241,\"commentCount\":0,\"publisher\":{\"@id\":\"https:\/\/www.amstedmaxion.com.br\/#organization\"},\"image\":{\"@id\":\"https:\/\/www.amstedmaxion.com.br\/segmento-de-maquinas-agricolas-em-ms-acompanha-cenario-nacional-e-estima-recuo-nas-vendas\/#primaryimage\"},\"thumbnailUrl\":\"https:\/\/www.amstedmaxion.com.br\/wp-content\/uploads\/2023\/04\/Maquinas-MS-News.jpg\",\"articleSection\":[\"Newsletter\"],\"inLanguage\":\"en-US\",\"potentialAction\":[{\"@type\":\"CommentAction\",\"name\":\"Comment\",\"target\":[\"https:\/\/www.amstedmaxion.com.br\/segmento-de-maquinas-agricolas-em-ms-acompanha-cenario-nacional-e-estima-recuo-nas-vendas\/#respond\"]}]},{\"@type\":\"WebPage\",\"@id\":\"https:\/\/www.amstedmaxion.com.br\/segmento-de-maquinas-agricolas-em-ms-acompanha-cenario-nacional-e-estima-recuo-nas-vendas\/\",\"url\":\"https:\/\/www.amstedmaxion.com.br\/segmento-de-maquinas-agricolas-em-ms-acompanha-cenario-nacional-e-estima-recuo-nas-vendas\/\",\"name\":\"Segmento de m\u00e1quinas agr\u00edcolas em MS acompanha cen\u00e1rio nacional e estima recuo nas vendas - AmstedMaxion\",\"isPartOf\":{\"@id\":\"https:\/\/www.amstedmaxion.com.br\/#website\"},\"primaryImageOfPage\":{\"@id\":\"https:\/\/www.amstedmaxion.com.br\/segmento-de-maquinas-agricolas-em-ms-acompanha-cenario-nacional-e-estima-recuo-nas-vendas\/#primaryimage\"},\"image\":{\"@id\":\"https:\/\/www.amstedmaxion.com.br\/segmento-de-maquinas-agricolas-em-ms-acompanha-cenario-nacional-e-estima-recuo-nas-vendas\/#primaryimage\"},\"thumbnailUrl\":\"https:\/\/www.amstedmaxion.com.br\/wp-content\/uploads\/2023\/04\/Maquinas-MS-News.jpg\",\"datePublished\":\"2023-04-10T19:23:49+00:00\",\"dateModified\":\"2023-04-10T19:23:50+00:00\",\"breadcrumb\":{\"@id\":\"https:\/\/www.amstedmaxion.com.br\/segmento-de-maquinas-agricolas-em-ms-acompanha-cenario-nacional-e-estima-recuo-nas-vendas\/#breadcrumb\"},\"inLanguage\":\"en-US\",\"potentialAction\":[{\"@type\":\"ReadAction\",\"target\":[\"https:\/\/www.amstedmaxion.com.br\/segmento-de-maquinas-agricolas-em-ms-acompanha-cenario-nacional-e-estima-recuo-nas-vendas\/\"]}]},{\"@type\":\"ImageObject\",\"inLanguage\":\"en-US\",\"@id\":\"https:\/\/www.amstedmaxion.com.br\/segmento-de-maquinas-agricolas-em-ms-acompanha-cenario-nacional-e-estima-recuo-nas-vendas\/#primaryimage\",\"url\":\"https:\/\/www.amstedmaxion.com.br\/wp-content\/uploads\/2023\/04\/Maquinas-MS-News.jpg\",\"contentUrl\":\"https:\/\/www.amstedmaxion.com.br\/wp-content\/uploads\/2023\/04\/Maquinas-MS-News.jpg\",\"width\":720,\"height\":449,\"caption\":\"Foto: captura de tela MS News\"},{\"@type\":\"BreadcrumbList\",\"@id\":\"https:\/\/www.amstedmaxion.com.br\/segmento-de-maquinas-agricolas-em-ms-acompanha-cenario-nacional-e-estima-recuo-nas-vendas\/#breadcrumb\",\"itemListElement\":[{\"@type\":\"ListItem\",\"position\":1,\"name\":\"In\u00edcio\",\"item\":\"https:\/\/www.amstedmaxion.com.br\/\"},{\"@type\":\"ListItem\",\"position\":2,\"name\":\"Segmento de m\u00e1quinas agr\u00edcolas em MS acompanha cen\u00e1rio nacional e estima recuo nas vendas\"}]},{\"@type\":\"WebSite\",\"@id\":\"https:\/\/www.amstedmaxion.com.br\/#website\",\"url\":\"https:\/\/www.amstedmaxion.com.br\/\",\"name\":\"AmstedMaxion\",\"description\":\"AmstedMaxion - Fundi\u00e7\u00e3o e Equipamentos Ferrovi\u00e1rios\",\"publisher\":{\"@id\":\"https:\/\/www.amstedmaxion.com.br\/#organization\"},\"alternateName\":\"AmstedMaxion\",\"potentialAction\":[{\"@type\":\"SearchAction\",\"target\":{\"@type\":\"EntryPoint\",\"urlTemplate\":\"https:\/\/www.amstedmaxion.com.br\/?s={search_term_string}\"},\"query-input\":{\"@type\":\"PropertyValueSpecification\",\"valueRequired\":true,\"valueName\":\"search_term_string\"}}],\"inLanguage\":\"en-US\"},{\"@type\":\"Organization\",\"@id\":\"https:\/\/www.amstedmaxion.com.br\/#organization\",\"name\":\"AMSTEDMAXION\",\"url\":\"https:\/\/www.amstedmaxion.com.br\/\",\"logo\":{\"@type\":\"ImageObject\",\"inLanguage\":\"en-US\",\"@id\":\"https:\/\/www.amstedmaxion.com.br\/#\/schema\/logo\/image\/\",\"url\":\"https:\/\/www.amstedmaxion.com.br\/wp-content\/uploads\/2023\/11\/amsted.png\",\"contentUrl\":\"https:\/\/www.amstedmaxion.com.br\/wp-content\/uploads\/2023\/11\/amsted.png\",\"width\":500,\"height\":500,\"caption\":\"AMSTEDMAXION\"},\"image\":{\"@id\":\"https:\/\/www.amstedmaxion.com.br\/#\/schema\/logo\/image\/\"},\"sameAs\":[\"https:\/\/www.facebook.com\/AmstedMaxion.Oficial\",\"https:\/\/br.linkedin.com\/company\/amstedmaxion\"]},{\"@type\":\"Person\",\"@id\":\"https:\/\/www.amstedmaxion.com.br\/#\/schema\/person\/140cb65f07d4e66dd5543c8a187bf436\",\"name\":\"Rosane Storto\",\"image\":{\"@type\":\"ImageObject\",\"inLanguage\":\"en-US\",\"@id\":\"https:\/\/www.amstedmaxion.com.br\/#\/schema\/person\/image\/\",\"url\":\"https:\/\/secure.gravatar.com\/avatar\/0e3d021545bbe593cb0eb3ee740544fefa86d59762e63dec1dbe9480a34c98cd?s=96&d=mm&r=g\",\"contentUrl\":\"https:\/\/secure.gravatar.com\/avatar\/0e3d021545bbe593cb0eb3ee740544fefa86d59762e63dec1dbe9480a34c98cd?s=96&d=mm&r=g\",\"caption\":\"Rosane Storto\"}}]}<\/script>\n<!-- \/ Yoast SEO plugin. -->","yoast_head_json":{"title":"Segmento de m\u00e1quinas agr\u00edcolas em MS acompanha cen\u00e1rio nacional e estima recuo nas vendas - AmstedMaxion","robots":{"index":"index","follow":"follow","max-snippet":"max-snippet:-1","max-image-preview":"max-image-preview:large","max-video-preview":"max-video-preview:-1"},"canonical":"https:\/\/www.amstedmaxion.com.br\/segmento-de-maquinas-agricolas-em-ms-acompanha-cenario-nacional-e-estima-recuo-nas-vendas\/","og_locale":"en_US","og_type":"article","og_title":"Segmento de m\u00e1quinas agr\u00edcolas em MS acompanha cen\u00e1rio nacional e estima recuo nas vendas - AmstedMaxion","og_description":"MS News &#8211; Associa\u00e7\u00e3o dos Fabricantes de Ve\u00edculos projeta redu\u00e7\u00e3o de at\u00e9 3,5%, na compara\u00e7\u00e3o com 2022 Com indica\u00e7\u00e3o de queda nas vendas de m\u00e1quinas agr\u00edcolas para 2023, Mato Grosso do Sul segue o cen\u00e1rio nacional e projeta recuo no volume de vendas. Segundo a Anfavea (Associa\u00e7\u00e3o Nacional dos Fabricantes de Ve\u00edculos Automotores), a retra\u00e7\u00e3o [&hellip;]","og_url":"https:\/\/www.amstedmaxion.com.br\/segmento-de-maquinas-agricolas-em-ms-acompanha-cenario-nacional-e-estima-recuo-nas-vendas\/","og_site_name":"AmstedMaxion","article_publisher":"https:\/\/www.facebook.com\/AmstedMaxion.Oficial","article_published_time":"2023-04-10T19:23:49+00:00","article_modified_time":"2023-04-10T19:23:50+00:00","og_image":[{"width":720,"height":449,"url":"https:\/\/www.amstedmaxion.com.br\/wp-content\/uploads\/2023\/04\/Maquinas-MS-News.jpg","type":"image\/jpeg"}],"author":"Rosane Storto","twitter_card":"summary_large_image","twitter_misc":{"Written by":"Rosane Storto","Est. reading time":"7 minutes"},"schema":{"@context":"https:\/\/schema.org","@graph":[{"@type":"Article","@id":"https:\/\/www.amstedmaxion.com.br\/segmento-de-maquinas-agricolas-em-ms-acompanha-cenario-nacional-e-estima-recuo-nas-vendas\/#article","isPartOf":{"@id":"https:\/\/www.amstedmaxion.com.br\/segmento-de-maquinas-agricolas-em-ms-acompanha-cenario-nacional-e-estima-recuo-nas-vendas\/"},"author":{"name":"Rosane Storto","@id":"https:\/\/www.amstedmaxion.com.br\/#\/schema\/person\/140cb65f07d4e66dd5543c8a187bf436"},"headline":"Segmento de m\u00e1quinas agr\u00edcolas em MS acompanha cen\u00e1rio nacional e estima recuo nas vendas","datePublished":"2023-04-10T19:23:49+00:00","dateModified":"2023-04-10T19:23:50+00:00","mainEntityOfPage":{"@id":"https:\/\/www.amstedmaxion.com.br\/segmento-de-maquinas-agricolas-em-ms-acompanha-cenario-nacional-e-estima-recuo-nas-vendas\/"},"wordCount":1241,"commentCount":0,"publisher":{"@id":"https:\/\/www.amstedmaxion.com.br\/#organization"},"image":{"@id":"https:\/\/www.amstedmaxion.com.br\/segmento-de-maquinas-agricolas-em-ms-acompanha-cenario-nacional-e-estima-recuo-nas-vendas\/#primaryimage"},"thumbnailUrl":"https:\/\/www.amstedmaxion.com.br\/wp-content\/uploads\/2023\/04\/Maquinas-MS-News.jpg","articleSection":["Newsletter"],"inLanguage":"en-US","potentialAction":[{"@type":"CommentAction","name":"Comment","target":["https:\/\/www.amstedmaxion.com.br\/segmento-de-maquinas-agricolas-em-ms-acompanha-cenario-nacional-e-estima-recuo-nas-vendas\/#respond"]}]},{"@type":"WebPage","@id":"https:\/\/www.amstedmaxion.com.br\/segmento-de-maquinas-agricolas-em-ms-acompanha-cenario-nacional-e-estima-recuo-nas-vendas\/","url":"https:\/\/www.amstedmaxion.com.br\/segmento-de-maquinas-agricolas-em-ms-acompanha-cenario-nacional-e-estima-recuo-nas-vendas\/","name":"Segmento de m\u00e1quinas agr\u00edcolas em MS acompanha cen\u00e1rio nacional e estima recuo nas vendas - AmstedMaxion","isPartOf":{"@id":"https:\/\/www.amstedmaxion.com.br\/#website"},"primaryImageOfPage":{"@id":"https:\/\/www.amstedmaxion.com.br\/segmento-de-maquinas-agricolas-em-ms-acompanha-cenario-nacional-e-estima-recuo-nas-vendas\/#primaryimage"},"image":{"@id":"https:\/\/www.amstedmaxion.com.br\/segmento-de-maquinas-agricolas-em-ms-acompanha-cenario-nacional-e-estima-recuo-nas-vendas\/#primaryimage"},"thumbnailUrl":"https:\/\/www.amstedmaxion.com.br\/wp-content\/uploads\/2023\/04\/Maquinas-MS-News.jpg","datePublished":"2023-04-10T19:23:49+00:00","dateModified":"2023-04-10T19:23:50+00:00","breadcrumb":{"@id":"https:\/\/www.amstedmaxion.com.br\/segmento-de-maquinas-agricolas-em-ms-acompanha-cenario-nacional-e-estima-recuo-nas-vendas\/#breadcrumb"},"inLanguage":"en-US","potentialAction":[{"@type":"ReadAction","target":["https:\/\/www.amstedmaxion.com.br\/segmento-de-maquinas-agricolas-em-ms-acompanha-cenario-nacional-e-estima-recuo-nas-vendas\/"]}]},{"@type":"ImageObject","inLanguage":"en-US","@id":"https:\/\/www.amstedmaxion.com.br\/segmento-de-maquinas-agricolas-em-ms-acompanha-cenario-nacional-e-estima-recuo-nas-vendas\/#primaryimage","url":"https:\/\/www.amstedmaxion.com.br\/wp-content\/uploads\/2023\/04\/Maquinas-MS-News.jpg","contentUrl":"https:\/\/www.amstedmaxion.com.br\/wp-content\/uploads\/2023\/04\/Maquinas-MS-News.jpg","width":720,"height":449,"caption":"Foto: captura de tela MS News"},{"@type":"BreadcrumbList","@id":"https:\/\/www.amstedmaxion.com.br\/segmento-de-maquinas-agricolas-em-ms-acompanha-cenario-nacional-e-estima-recuo-nas-vendas\/#breadcrumb","itemListElement":[{"@type":"ListItem","position":1,"name":"In\u00edcio","item":"https:\/\/www.amstedmaxion.com.br\/"},{"@type":"ListItem","position":2,"name":"Segmento de m\u00e1quinas agr\u00edcolas em MS acompanha cen\u00e1rio nacional e estima recuo nas vendas"}]},{"@type":"WebSite","@id":"https:\/\/www.amstedmaxion.com.br\/#website","url":"https:\/\/www.amstedmaxion.com.br\/","name":"AmstedMaxion","description":"AmstedMaxion - Fundi\u00e7\u00e3o e Equipamentos Ferrovi\u00e1rios","publisher":{"@id":"https:\/\/www.amstedmaxion.com.br\/#organization"},"alternateName":"AmstedMaxion","potentialAction":[{"@type":"SearchAction","target":{"@type":"EntryPoint","urlTemplate":"https:\/\/www.amstedmaxion.com.br\/?s={search_term_string}"},"query-input":{"@type":"PropertyValueSpecification","valueRequired":true,"valueName":"search_term_string"}}],"inLanguage":"en-US"},{"@type":"Organization","@id":"https:\/\/www.amstedmaxion.com.br\/#organization","name":"AMSTEDMAXION","url":"https:\/\/www.amstedmaxion.com.br\/","logo":{"@type":"ImageObject","inLanguage":"en-US","@id":"https:\/\/www.amstedmaxion.com.br\/#\/schema\/logo\/image\/","url":"https:\/\/www.amstedmaxion.com.br\/wp-content\/uploads\/2023\/11\/amsted.png","contentUrl":"https:\/\/www.amstedmaxion.com.br\/wp-content\/uploads\/2023\/11\/amsted.png","width":500,"height":500,"caption":"AMSTEDMAXION"},"image":{"@id":"https:\/\/www.amstedmaxion.com.br\/#\/schema\/logo\/image\/"},"sameAs":["https:\/\/www.facebook.com\/AmstedMaxion.Oficial","https:\/\/br.linkedin.com\/company\/amstedmaxion"]},{"@type":"Person","@id":"https:\/\/www.amstedmaxion.com.br\/#\/schema\/person\/140cb65f07d4e66dd5543c8a187bf436","name":"Rosane Storto","image":{"@type":"ImageObject","inLanguage":"en-US","@id":"https:\/\/www.amstedmaxion.com.br\/#\/schema\/person\/image\/","url":"https:\/\/secure.gravatar.com\/avatar\/0e3d021545bbe593cb0eb3ee740544fefa86d59762e63dec1dbe9480a34c98cd?s=96&d=mm&r=g","contentUrl":"https:\/\/secure.gravatar.com\/avatar\/0e3d021545bbe593cb0eb3ee740544fefa86d59762e63dec1dbe9480a34c98cd?s=96&d=mm&r=g","caption":"Rosane Storto"}}]}},"_links":{"self":[{"href":"https:\/\/www.amstedmaxion.com.br\/en\/wp-json\/wp\/v2\/posts\/43009","targetHints":{"allow":["GET"]}}],"collection":[{"href":"https:\/\/www.amstedmaxion.com.br\/en\/wp-json\/wp\/v2\/posts"}],"about":[{"href":"https:\/\/www.amstedmaxion.com.br\/en\/wp-json\/wp\/v2\/types\/post"}],"author":[{"embeddable":true,"href":"https:\/\/www.amstedmaxion.com.br\/en\/wp-json\/wp\/v2\/users\/5"}],"replies":[{"embeddable":true,"href":"https:\/\/www.amstedmaxion.com.br\/en\/wp-json\/wp\/v2\/comments?post=43009"}],"version-history":[{"count":1,"href":"https:\/\/www.amstedmaxion.com.br\/en\/wp-json\/wp\/v2\/posts\/43009\/revisions"}],"predecessor-version":[{"id":43012,"href":"https:\/\/www.amstedmaxion.com.br\/en\/wp-json\/wp\/v2\/posts\/43009\/revisions\/43012"}],"wp:featuredmedia":[{"embeddable":true,"href":"https:\/\/www.amstedmaxion.com.br\/en\/wp-json\/wp\/v2\/media\/43010"}],"wp:attachment":[{"href":"https:\/\/www.amstedmaxion.com.br\/en\/wp-json\/wp\/v2\/media?parent=43009"}],"wp:term":[{"taxonomy":"category","embeddable":true,"href":"https:\/\/www.amstedmaxion.com.br\/en\/wp-json\/wp\/v2\/categories?post=43009"},{"taxonomy":"post_tag","embeddable":true,"href":"https:\/\/www.amstedmaxion.com.br\/en\/wp-json\/wp\/v2\/tags?post=43009"}],"curies":[{"name":"wp","href":"https:\/\/api.w.org\/{rel}","templated":true}]}}