{"id":43358,"date":"2023-05-02T16:22:55","date_gmt":"2023-05-02T19:22:55","guid":{"rendered":"https:\/\/www.amstedmaxion.com.br\/?p=43358"},"modified":"2023-05-02T16:22:56","modified_gmt":"2023-05-02T19:22:56","slug":"fundicao-setor-tem-melhora-em-marco-mas-comparativo-interanual-aponta-queda-de-138-no-1t","status":"publish","type":"post","link":"https:\/\/www.amstedmaxion.com.br\/en\/fundicao-setor-tem-melhora-em-marco-mas-comparativo-interanual-aponta-queda-de-138-no-1t\/","title":{"rendered":"Fundi\u00e7\u00e3o \u2013 Setor tem melhora em mar\u00e7o, mas comparativo interanual aponta queda de (13,8%) no 1T"},"content":{"rendered":"\n<p>ABIFA &#8211; Em mar\u00e7o, a ind\u00fastria brasileira de fundi\u00e7\u00e3o produziu 212.606 t de fundidos, o que equivale a uma alta de +11,2% em rela\u00e7\u00e3o a fevereiro, por\u00e9m queda de (12,4%) ante mar\u00e7o de 2022.<\/p>\n\n\n\n<p>Os n\u00fameros s\u00e3o explicados pelas paradas das montadoras no in\u00edcio do ano, al\u00e9m da queda da produ\u00e7\u00e3o de caminh\u00f5es e \u00f4nibus, cujas baixas acumuladas no 1T23\/22 s\u00e3o de (28,8%) e (29,6%), respectivamente.<\/p>\n\n\n\n<p>No trimestre 1 de 2023, a fundi\u00e7\u00e3o produziu 586.134 t. O volume corresponde a uma queda de (13,8%) no comparativo com o mesmo per\u00edodo de 2022.<\/p>\n\n\n\n<figure class=\"wp-block-image size-full is-resized\"><img loading=\"lazy\" decoding=\"async\" src=\"https:\/\/www.amstedmaxion.com.br\/wp-content\/uploads\/2023\/05\/Tab-1-ABIFA.jpg\" alt=\"\" class=\"wp-image-43359\" width=\"432\" height=\"239\" srcset=\"https:\/\/www.amstedmaxion.com.br\/wp-content\/uploads\/2023\/05\/Tab-1-ABIFA.jpg 720w, https:\/\/www.amstedmaxion.com.br\/wp-content\/uploads\/2023\/05\/Tab-1-ABIFA-300x166.jpg 300w\" sizes=\"auto, (max-width: 432px) 100vw, 432px\" \/><\/figure>\n\n\n\n<p>A distribui\u00e7\u00e3o regional da produ\u00e7\u00e3o de fundidos no primeiro trimestre de 2023 est\u00e1 discriminada na tabela abaixo.<\/p>\n\n\n\n<figure class=\"wp-block-image size-full is-resized\"><img loading=\"lazy\" decoding=\"async\" src=\"https:\/\/www.amstedmaxion.com.br\/wp-content\/uploads\/2023\/05\/Tab-2-ABIFA.jpg\" alt=\"\" class=\"wp-image-43361\" width=\"429\" height=\"201\" srcset=\"https:\/\/www.amstedmaxion.com.br\/wp-content\/uploads\/2023\/05\/Tab-2-ABIFA.jpg 714w, https:\/\/www.amstedmaxion.com.br\/wp-content\/uploads\/2023\/05\/Tab-2-ABIFA-300x141.jpg 300w\" sizes=\"auto, (max-width: 429px) 100vw, 429px\" \/><\/figure>\n\n\n\n<p>Mercado interno<\/p>\n\n\n\n<p>O mercado interno absorveu 85,6% da produ\u00e7\u00e3o brasileira de fundidos no 1T23 (502.181 t).<\/p>\n\n\n\n<p>No mesmo per\u00edodo de 2022, a demanda interna de fundidos produzidos no pa\u00eds foi de 594.894 t.<\/p>\n\n\n\n<p>No comparativo interanual (1T23\/22), o consumo interno de fundidos produzidos no pa\u00eds caiu (15,6%).<\/p>\n\n\n\n<p>Mercado externo<\/p>\n\n\n\n<p>Os embarques de fundidos a partir do Brasil somaram 83.952 t nos meses de janeiro a mar\u00e7o. Em rela\u00e7\u00e3o ao mesmo per\u00edodo de 2022, a queda foi de (1,2%).<\/p>\n\n\n\n<p>No comparativo mar\u00e7o23\/fevereiro23, houve aumento de +13,0% nas exporta\u00e7\u00f5es de fundidos.<\/p>\n\n\n\n<figure class=\"wp-block-image size-full is-resized\"><img loading=\"lazy\" decoding=\"async\" src=\"https:\/\/www.amstedmaxion.com.br\/wp-content\/uploads\/2023\/05\/Tab-3-ABIFA.jpg\" alt=\"\" class=\"wp-image-43363\" width=\"431\" height=\"180\" srcset=\"https:\/\/www.amstedmaxion.com.br\/wp-content\/uploads\/2023\/05\/Tab-3-ABIFA.jpg 720w, https:\/\/www.amstedmaxion.com.br\/wp-content\/uploads\/2023\/05\/Tab-3-ABIFA-300x125.jpg 300w\" sizes=\"auto, (max-width: 431px) 100vw, 431px\" \/><\/figure>\n\n\n\n<p>Em valores, as exporta\u00e7\u00f5es de pe\u00e7as fundidas aumentaram +40,8% na base de compara\u00e7\u00e3o 1T23\/22.<\/p>\n\n\n\n<p>Entre os meses de mar\u00e7o e fevereiro\/23, o incremento foi de +6,4%.<\/p>\n\n\n\n<figure class=\"wp-block-image size-full is-resized\"><img loading=\"lazy\" decoding=\"async\" src=\"https:\/\/www.amstedmaxion.com.br\/wp-content\/uploads\/2023\/05\/Tab-4-ABIFA.jpg\" alt=\"\" class=\"wp-image-43365\" width=\"429\" height=\"173\" srcset=\"https:\/\/www.amstedmaxion.com.br\/wp-content\/uploads\/2023\/05\/Tab-4-ABIFA.jpg 719w, https:\/\/www.amstedmaxion.com.br\/wp-content\/uploads\/2023\/05\/Tab-4-ABIFA-300x121.jpg 300w\" sizes=\"auto, (max-width: 429px) 100vw, 429px\" \/><\/figure>\n\n\n\n<p>Emprego<\/p>\n\n\n\n<p>Em mar\u00e7o, a ind\u00fastria brasileira de fundi\u00e7\u00e3o empregou 62.934 colaboradores, conforme discriminado por Regi\u00e3o do pa\u00eds, na tabela a seguir.<\/p>\n\n\n\n<figure class=\"wp-block-image size-full is-resized\"><img loading=\"lazy\" decoding=\"async\" src=\"https:\/\/www.amstedmaxion.com.br\/wp-content\/uploads\/2023\/05\/Tab-5-ABIFA.jpg\" alt=\"\" class=\"wp-image-43367\" width=\"428\" height=\"155\" srcset=\"https:\/\/www.amstedmaxion.com.br\/wp-content\/uploads\/2023\/05\/Tab-5-ABIFA.jpg 714w, https:\/\/www.amstedmaxion.com.br\/wp-content\/uploads\/2023\/05\/Tab-5-ABIFA-300x108.jpg 300w\" sizes=\"auto, (max-width: 428px) 100vw, 428px\" \/><\/figure>\n\n\n\n<p>Fonte: ABIFA (<a href=\"https:\/\/www.abifa.org.br\/fundicao-setor-tem-melhora-em-marco-mas-comparativo-interanual-aponta-queda-de-138-no-1t\/\">https:\/\/www.abifa.org.br\/fundicao-setor-tem-melhora-em-marco-mas-comparativo-interanual-aponta-queda-de-138-no-1t\/<\/a>)<\/p>\n","protected":false},"excerpt":{"rendered":"<p>ABIFA &#8211; Em mar\u00e7o, a ind\u00fastria brasileira de fundi\u00e7\u00e3o produziu 212.606 t de fundidos, o que equivale a uma alta de +11,2% em rela\u00e7\u00e3o a fevereiro, por\u00e9m queda de (12,4%) ante mar\u00e7o de 2022. Os n\u00fameros s\u00e3o explicados pelas paradas das montadoras no in\u00edcio do ano, al\u00e9m da queda da produ\u00e7\u00e3o de caminh\u00f5es e \u00f4nibus, [&hellip;]<\/p>\n","protected":false},"author":5,"featured_media":43359,"comment_status":"open","ping_status":"open","sticky":false,"template":"","format":"standard","meta":{"_acf_changed":false,"footnotes":""},"categories":[148],"tags":[],"class_list":["post-43358","post","type-post","status-publish","format-standard","has-post-thumbnail","hentry","category-newsletter"],"acf":[],"yoast_head":"<!-- This site is optimized with the Yoast SEO plugin v23.9 - https:\/\/yoast.com\/wordpress\/plugins\/seo\/ -->\n<title>Fundi\u00e7\u00e3o \u2013 Setor tem melhora em mar\u00e7o, mas comparativo interanual aponta queda de (13,8%) no 1T - AmstedMaxion<\/title>\n<meta name=\"robots\" content=\"index, follow, max-snippet:-1, max-image-preview:large, max-video-preview:-1\" \/>\n<link rel=\"canonical\" href=\"https:\/\/www.amstedmaxion.com.br\/fundicao-setor-tem-melhora-em-marco-mas-comparativo-interanual-aponta-queda-de-138-no-1t\/\" \/>\n<meta property=\"og:locale\" content=\"en_US\" \/>\n<meta property=\"og:type\" content=\"article\" \/>\n<meta property=\"og:title\" content=\"Fundi\u00e7\u00e3o \u2013 Setor tem melhora em mar\u00e7o, mas comparativo interanual aponta queda de (13,8%) no 1T - AmstedMaxion\" \/>\n<meta property=\"og:description\" content=\"ABIFA &#8211; Em mar\u00e7o, a ind\u00fastria brasileira de fundi\u00e7\u00e3o produziu 212.606 t de fundidos, o que equivale a uma alta de +11,2% em rela\u00e7\u00e3o a fevereiro, por\u00e9m queda de (12,4%) ante mar\u00e7o de 2022. Os n\u00fameros s\u00e3o explicados pelas paradas das montadoras no in\u00edcio do ano, al\u00e9m da queda da produ\u00e7\u00e3o de caminh\u00f5es e \u00f4nibus, [&hellip;]\" \/>\n<meta property=\"og:url\" content=\"https:\/\/www.amstedmaxion.com.br\/fundicao-setor-tem-melhora-em-marco-mas-comparativo-interanual-aponta-queda-de-138-no-1t\/\" \/>\n<meta property=\"og:site_name\" content=\"AmstedMaxion\" \/>\n<meta property=\"article:publisher\" content=\"https:\/\/www.facebook.com\/AmstedMaxion.Oficial\" \/>\n<meta property=\"article:published_time\" content=\"2023-05-02T19:22:55+00:00\" \/>\n<meta property=\"article:modified_time\" content=\"2023-05-02T19:22:56+00:00\" \/>\n<meta property=\"og:image\" content=\"https:\/\/www.amstedmaxion.com.br\/wp-content\/uploads\/2023\/05\/Tab-1-ABIFA.jpg\" \/>\n\t<meta property=\"og:image:width\" content=\"720\" \/>\n\t<meta property=\"og:image:height\" content=\"398\" \/>\n\t<meta property=\"og:image:type\" content=\"image\/jpeg\" \/>\n<meta name=\"author\" content=\"Rosane Storto\" \/>\n<meta name=\"twitter:card\" content=\"summary_large_image\" \/>\n<meta name=\"twitter:label1\" content=\"Written by\" \/>\n\t<meta name=\"twitter:data1\" content=\"Rosane Storto\" \/>\n\t<meta name=\"twitter:label2\" content=\"Est. reading time\" \/>\n\t<meta name=\"twitter:data2\" content=\"3 minutes\" \/>\n<script type=\"application\/ld+json\" class=\"yoast-schema-graph\">{\"@context\":\"https:\/\/schema.org\",\"@graph\":[{\"@type\":\"Article\",\"@id\":\"https:\/\/www.amstedmaxion.com.br\/fundicao-setor-tem-melhora-em-marco-mas-comparativo-interanual-aponta-queda-de-138-no-1t\/#article\",\"isPartOf\":{\"@id\":\"https:\/\/www.amstedmaxion.com.br\/fundicao-setor-tem-melhora-em-marco-mas-comparativo-interanual-aponta-queda-de-138-no-1t\/\"},\"author\":{\"name\":\"Rosane Storto\",\"@id\":\"https:\/\/www.amstedmaxion.com.br\/#\/schema\/person\/140cb65f07d4e66dd5543c8a187bf436\"},\"headline\":\"Fundi\u00e7\u00e3o \u2013 Setor tem melhora em mar\u00e7o, mas comparativo interanual aponta queda de (13,8%) no 1T\",\"datePublished\":\"2023-05-02T19:22:55+00:00\",\"dateModified\":\"2023-05-02T19:22:56+00:00\",\"mainEntityOfPage\":{\"@id\":\"https:\/\/www.amstedmaxion.com.br\/fundicao-setor-tem-melhora-em-marco-mas-comparativo-interanual-aponta-queda-de-138-no-1t\/\"},\"wordCount\":283,\"commentCount\":0,\"publisher\":{\"@id\":\"https:\/\/www.amstedmaxion.com.br\/#organization\"},\"image\":{\"@id\":\"https:\/\/www.amstedmaxion.com.br\/fundicao-setor-tem-melhora-em-marco-mas-comparativo-interanual-aponta-queda-de-138-no-1t\/#primaryimage\"},\"thumbnailUrl\":\"https:\/\/www.amstedmaxion.com.br\/wp-content\/uploads\/2023\/05\/Tab-1-ABIFA.jpg\",\"articleSection\":[\"Newsletter\"],\"inLanguage\":\"en-US\",\"potentialAction\":[{\"@type\":\"CommentAction\",\"name\":\"Comment\",\"target\":[\"https:\/\/www.amstedmaxion.com.br\/fundicao-setor-tem-melhora-em-marco-mas-comparativo-interanual-aponta-queda-de-138-no-1t\/#respond\"]}]},{\"@type\":\"WebPage\",\"@id\":\"https:\/\/www.amstedmaxion.com.br\/fundicao-setor-tem-melhora-em-marco-mas-comparativo-interanual-aponta-queda-de-138-no-1t\/\",\"url\":\"https:\/\/www.amstedmaxion.com.br\/fundicao-setor-tem-melhora-em-marco-mas-comparativo-interanual-aponta-queda-de-138-no-1t\/\",\"name\":\"Fundi\u00e7\u00e3o \u2013 Setor tem melhora em mar\u00e7o, mas comparativo interanual aponta queda de (13,8%) no 1T - AmstedMaxion\",\"isPartOf\":{\"@id\":\"https:\/\/www.amstedmaxion.com.br\/#website\"},\"primaryImageOfPage\":{\"@id\":\"https:\/\/www.amstedmaxion.com.br\/fundicao-setor-tem-melhora-em-marco-mas-comparativo-interanual-aponta-queda-de-138-no-1t\/#primaryimage\"},\"image\":{\"@id\":\"https:\/\/www.amstedmaxion.com.br\/fundicao-setor-tem-melhora-em-marco-mas-comparativo-interanual-aponta-queda-de-138-no-1t\/#primaryimage\"},\"thumbnailUrl\":\"https:\/\/www.amstedmaxion.com.br\/wp-content\/uploads\/2023\/05\/Tab-1-ABIFA.jpg\",\"datePublished\":\"2023-05-02T19:22:55+00:00\",\"dateModified\":\"2023-05-02T19:22:56+00:00\",\"breadcrumb\":{\"@id\":\"https:\/\/www.amstedmaxion.com.br\/fundicao-setor-tem-melhora-em-marco-mas-comparativo-interanual-aponta-queda-de-138-no-1t\/#breadcrumb\"},\"inLanguage\":\"en-US\",\"potentialAction\":[{\"@type\":\"ReadAction\",\"target\":[\"https:\/\/www.amstedmaxion.com.br\/fundicao-setor-tem-melhora-em-marco-mas-comparativo-interanual-aponta-queda-de-138-no-1t\/\"]}]},{\"@type\":\"ImageObject\",\"inLanguage\":\"en-US\",\"@id\":\"https:\/\/www.amstedmaxion.com.br\/fundicao-setor-tem-melhora-em-marco-mas-comparativo-interanual-aponta-queda-de-138-no-1t\/#primaryimage\",\"url\":\"https:\/\/www.amstedmaxion.com.br\/wp-content\/uploads\/2023\/05\/Tab-1-ABIFA.jpg\",\"contentUrl\":\"https:\/\/www.amstedmaxion.com.br\/wp-content\/uploads\/2023\/05\/Tab-1-ABIFA.jpg\",\"width\":720,\"height\":398},{\"@type\":\"BreadcrumbList\",\"@id\":\"https:\/\/www.amstedmaxion.com.br\/fundicao-setor-tem-melhora-em-marco-mas-comparativo-interanual-aponta-queda-de-138-no-1t\/#breadcrumb\",\"itemListElement\":[{\"@type\":\"ListItem\",\"position\":1,\"name\":\"In\u00edcio\",\"item\":\"https:\/\/www.amstedmaxion.com.br\/\"},{\"@type\":\"ListItem\",\"position\":2,\"name\":\"Fundi\u00e7\u00e3o \u2013 Setor tem melhora em mar\u00e7o, mas comparativo interanual aponta queda de (13,8%) no 1T\"}]},{\"@type\":\"WebSite\",\"@id\":\"https:\/\/www.amstedmaxion.com.br\/#website\",\"url\":\"https:\/\/www.amstedmaxion.com.br\/\",\"name\":\"AmstedMaxion\",\"description\":\"AmstedMaxion - Fundi\u00e7\u00e3o e Equipamentos Ferrovi\u00e1rios\",\"publisher\":{\"@id\":\"https:\/\/www.amstedmaxion.com.br\/#organization\"},\"alternateName\":\"AmstedMaxion\",\"potentialAction\":[{\"@type\":\"SearchAction\",\"target\":{\"@type\":\"EntryPoint\",\"urlTemplate\":\"https:\/\/www.amstedmaxion.com.br\/?s={search_term_string}\"},\"query-input\":{\"@type\":\"PropertyValueSpecification\",\"valueRequired\":true,\"valueName\":\"search_term_string\"}}],\"inLanguage\":\"en-US\"},{\"@type\":\"Organization\",\"@id\":\"https:\/\/www.amstedmaxion.com.br\/#organization\",\"name\":\"AMSTEDMAXION\",\"url\":\"https:\/\/www.amstedmaxion.com.br\/\",\"logo\":{\"@type\":\"ImageObject\",\"inLanguage\":\"en-US\",\"@id\":\"https:\/\/www.amstedmaxion.com.br\/#\/schema\/logo\/image\/\",\"url\":\"https:\/\/www.amstedmaxion.com.br\/wp-content\/uploads\/2023\/11\/amsted.png\",\"contentUrl\":\"https:\/\/www.amstedmaxion.com.br\/wp-content\/uploads\/2023\/11\/amsted.png\",\"width\":500,\"height\":500,\"caption\":\"AMSTEDMAXION\"},\"image\":{\"@id\":\"https:\/\/www.amstedmaxion.com.br\/#\/schema\/logo\/image\/\"},\"sameAs\":[\"https:\/\/www.facebook.com\/AmstedMaxion.Oficial\",\"https:\/\/br.linkedin.com\/company\/amstedmaxion\"]},{\"@type\":\"Person\",\"@id\":\"https:\/\/www.amstedmaxion.com.br\/#\/schema\/person\/140cb65f07d4e66dd5543c8a187bf436\",\"name\":\"Rosane Storto\",\"image\":{\"@type\":\"ImageObject\",\"inLanguage\":\"en-US\",\"@id\":\"https:\/\/www.amstedmaxion.com.br\/#\/schema\/person\/image\/\",\"url\":\"https:\/\/secure.gravatar.com\/avatar\/0e3d021545bbe593cb0eb3ee740544fefa86d59762e63dec1dbe9480a34c98cd?s=96&d=mm&r=g\",\"contentUrl\":\"https:\/\/secure.gravatar.com\/avatar\/0e3d021545bbe593cb0eb3ee740544fefa86d59762e63dec1dbe9480a34c98cd?s=96&d=mm&r=g\",\"caption\":\"Rosane Storto\"}}]}<\/script>\n<!-- \/ Yoast SEO plugin. -->","yoast_head_json":{"title":"Fundi\u00e7\u00e3o \u2013 Setor tem melhora em mar\u00e7o, mas comparativo interanual aponta queda de (13,8%) no 1T - AmstedMaxion","robots":{"index":"index","follow":"follow","max-snippet":"max-snippet:-1","max-image-preview":"max-image-preview:large","max-video-preview":"max-video-preview:-1"},"canonical":"https:\/\/www.amstedmaxion.com.br\/fundicao-setor-tem-melhora-em-marco-mas-comparativo-interanual-aponta-queda-de-138-no-1t\/","og_locale":"en_US","og_type":"article","og_title":"Fundi\u00e7\u00e3o \u2013 Setor tem melhora em mar\u00e7o, mas comparativo interanual aponta queda de (13,8%) no 1T - AmstedMaxion","og_description":"ABIFA &#8211; Em mar\u00e7o, a ind\u00fastria brasileira de fundi\u00e7\u00e3o produziu 212.606 t de fundidos, o que equivale a uma alta de +11,2% em rela\u00e7\u00e3o a fevereiro, por\u00e9m queda de (12,4%) ante mar\u00e7o de 2022. Os n\u00fameros s\u00e3o explicados pelas paradas das montadoras no in\u00edcio do ano, al\u00e9m da queda da produ\u00e7\u00e3o de caminh\u00f5es e \u00f4nibus, [&hellip;]","og_url":"https:\/\/www.amstedmaxion.com.br\/fundicao-setor-tem-melhora-em-marco-mas-comparativo-interanual-aponta-queda-de-138-no-1t\/","og_site_name":"AmstedMaxion","article_publisher":"https:\/\/www.facebook.com\/AmstedMaxion.Oficial","article_published_time":"2023-05-02T19:22:55+00:00","article_modified_time":"2023-05-02T19:22:56+00:00","og_image":[{"width":720,"height":398,"url":"https:\/\/www.amstedmaxion.com.br\/wp-content\/uploads\/2023\/05\/Tab-1-ABIFA.jpg","type":"image\/jpeg"}],"author":"Rosane Storto","twitter_card":"summary_large_image","twitter_misc":{"Written by":"Rosane Storto","Est. reading time":"3 minutes"},"schema":{"@context":"https:\/\/schema.org","@graph":[{"@type":"Article","@id":"https:\/\/www.amstedmaxion.com.br\/fundicao-setor-tem-melhora-em-marco-mas-comparativo-interanual-aponta-queda-de-138-no-1t\/#article","isPartOf":{"@id":"https:\/\/www.amstedmaxion.com.br\/fundicao-setor-tem-melhora-em-marco-mas-comparativo-interanual-aponta-queda-de-138-no-1t\/"},"author":{"name":"Rosane Storto","@id":"https:\/\/www.amstedmaxion.com.br\/#\/schema\/person\/140cb65f07d4e66dd5543c8a187bf436"},"headline":"Fundi\u00e7\u00e3o \u2013 Setor tem melhora em mar\u00e7o, mas comparativo interanual aponta queda de (13,8%) no 1T","datePublished":"2023-05-02T19:22:55+00:00","dateModified":"2023-05-02T19:22:56+00:00","mainEntityOfPage":{"@id":"https:\/\/www.amstedmaxion.com.br\/fundicao-setor-tem-melhora-em-marco-mas-comparativo-interanual-aponta-queda-de-138-no-1t\/"},"wordCount":283,"commentCount":0,"publisher":{"@id":"https:\/\/www.amstedmaxion.com.br\/#organization"},"image":{"@id":"https:\/\/www.amstedmaxion.com.br\/fundicao-setor-tem-melhora-em-marco-mas-comparativo-interanual-aponta-queda-de-138-no-1t\/#primaryimage"},"thumbnailUrl":"https:\/\/www.amstedmaxion.com.br\/wp-content\/uploads\/2023\/05\/Tab-1-ABIFA.jpg","articleSection":["Newsletter"],"inLanguage":"en-US","potentialAction":[{"@type":"CommentAction","name":"Comment","target":["https:\/\/www.amstedmaxion.com.br\/fundicao-setor-tem-melhora-em-marco-mas-comparativo-interanual-aponta-queda-de-138-no-1t\/#respond"]}]},{"@type":"WebPage","@id":"https:\/\/www.amstedmaxion.com.br\/fundicao-setor-tem-melhora-em-marco-mas-comparativo-interanual-aponta-queda-de-138-no-1t\/","url":"https:\/\/www.amstedmaxion.com.br\/fundicao-setor-tem-melhora-em-marco-mas-comparativo-interanual-aponta-queda-de-138-no-1t\/","name":"Fundi\u00e7\u00e3o \u2013 Setor tem melhora em mar\u00e7o, mas comparativo interanual aponta queda de (13,8%) no 1T - AmstedMaxion","isPartOf":{"@id":"https:\/\/www.amstedmaxion.com.br\/#website"},"primaryImageOfPage":{"@id":"https:\/\/www.amstedmaxion.com.br\/fundicao-setor-tem-melhora-em-marco-mas-comparativo-interanual-aponta-queda-de-138-no-1t\/#primaryimage"},"image":{"@id":"https:\/\/www.amstedmaxion.com.br\/fundicao-setor-tem-melhora-em-marco-mas-comparativo-interanual-aponta-queda-de-138-no-1t\/#primaryimage"},"thumbnailUrl":"https:\/\/www.amstedmaxion.com.br\/wp-content\/uploads\/2023\/05\/Tab-1-ABIFA.jpg","datePublished":"2023-05-02T19:22:55+00:00","dateModified":"2023-05-02T19:22:56+00:00","breadcrumb":{"@id":"https:\/\/www.amstedmaxion.com.br\/fundicao-setor-tem-melhora-em-marco-mas-comparativo-interanual-aponta-queda-de-138-no-1t\/#breadcrumb"},"inLanguage":"en-US","potentialAction":[{"@type":"ReadAction","target":["https:\/\/www.amstedmaxion.com.br\/fundicao-setor-tem-melhora-em-marco-mas-comparativo-interanual-aponta-queda-de-138-no-1t\/"]}]},{"@type":"ImageObject","inLanguage":"en-US","@id":"https:\/\/www.amstedmaxion.com.br\/fundicao-setor-tem-melhora-em-marco-mas-comparativo-interanual-aponta-queda-de-138-no-1t\/#primaryimage","url":"https:\/\/www.amstedmaxion.com.br\/wp-content\/uploads\/2023\/05\/Tab-1-ABIFA.jpg","contentUrl":"https:\/\/www.amstedmaxion.com.br\/wp-content\/uploads\/2023\/05\/Tab-1-ABIFA.jpg","width":720,"height":398},{"@type":"BreadcrumbList","@id":"https:\/\/www.amstedmaxion.com.br\/fundicao-setor-tem-melhora-em-marco-mas-comparativo-interanual-aponta-queda-de-138-no-1t\/#breadcrumb","itemListElement":[{"@type":"ListItem","position":1,"name":"In\u00edcio","item":"https:\/\/www.amstedmaxion.com.br\/"},{"@type":"ListItem","position":2,"name":"Fundi\u00e7\u00e3o \u2013 Setor tem melhora em mar\u00e7o, mas comparativo interanual aponta queda de (13,8%) no 1T"}]},{"@type":"WebSite","@id":"https:\/\/www.amstedmaxion.com.br\/#website","url":"https:\/\/www.amstedmaxion.com.br\/","name":"AmstedMaxion","description":"AmstedMaxion - Fundi\u00e7\u00e3o e Equipamentos Ferrovi\u00e1rios","publisher":{"@id":"https:\/\/www.amstedmaxion.com.br\/#organization"},"alternateName":"AmstedMaxion","potentialAction":[{"@type":"SearchAction","target":{"@type":"EntryPoint","urlTemplate":"https:\/\/www.amstedmaxion.com.br\/?s={search_term_string}"},"query-input":{"@type":"PropertyValueSpecification","valueRequired":true,"valueName":"search_term_string"}}],"inLanguage":"en-US"},{"@type":"Organization","@id":"https:\/\/www.amstedmaxion.com.br\/#organization","name":"AMSTEDMAXION","url":"https:\/\/www.amstedmaxion.com.br\/","logo":{"@type":"ImageObject","inLanguage":"en-US","@id":"https:\/\/www.amstedmaxion.com.br\/#\/schema\/logo\/image\/","url":"https:\/\/www.amstedmaxion.com.br\/wp-content\/uploads\/2023\/11\/amsted.png","contentUrl":"https:\/\/www.amstedmaxion.com.br\/wp-content\/uploads\/2023\/11\/amsted.png","width":500,"height":500,"caption":"AMSTEDMAXION"},"image":{"@id":"https:\/\/www.amstedmaxion.com.br\/#\/schema\/logo\/image\/"},"sameAs":["https:\/\/www.facebook.com\/AmstedMaxion.Oficial","https:\/\/br.linkedin.com\/company\/amstedmaxion"]},{"@type":"Person","@id":"https:\/\/www.amstedmaxion.com.br\/#\/schema\/person\/140cb65f07d4e66dd5543c8a187bf436","name":"Rosane Storto","image":{"@type":"ImageObject","inLanguage":"en-US","@id":"https:\/\/www.amstedmaxion.com.br\/#\/schema\/person\/image\/","url":"https:\/\/secure.gravatar.com\/avatar\/0e3d021545bbe593cb0eb3ee740544fefa86d59762e63dec1dbe9480a34c98cd?s=96&d=mm&r=g","contentUrl":"https:\/\/secure.gravatar.com\/avatar\/0e3d021545bbe593cb0eb3ee740544fefa86d59762e63dec1dbe9480a34c98cd?s=96&d=mm&r=g","caption":"Rosane Storto"}}]}},"_links":{"self":[{"href":"https:\/\/www.amstedmaxion.com.br\/en\/wp-json\/wp\/v2\/posts\/43358","targetHints":{"allow":["GET"]}}],"collection":[{"href":"https:\/\/www.amstedmaxion.com.br\/en\/wp-json\/wp\/v2\/posts"}],"about":[{"href":"https:\/\/www.amstedmaxion.com.br\/en\/wp-json\/wp\/v2\/types\/post"}],"author":[{"embeddable":true,"href":"https:\/\/www.amstedmaxion.com.br\/en\/wp-json\/wp\/v2\/users\/5"}],"replies":[{"embeddable":true,"href":"https:\/\/www.amstedmaxion.com.br\/en\/wp-json\/wp\/v2\/comments?post=43358"}],"version-history":[{"count":1,"href":"https:\/\/www.amstedmaxion.com.br\/en\/wp-json\/wp\/v2\/posts\/43358\/revisions"}],"predecessor-version":[{"id":43369,"href":"https:\/\/www.amstedmaxion.com.br\/en\/wp-json\/wp\/v2\/posts\/43358\/revisions\/43369"}],"wp:featuredmedia":[{"embeddable":true,"href":"https:\/\/www.amstedmaxion.com.br\/en\/wp-json\/wp\/v2\/media\/43359"}],"wp:attachment":[{"href":"https:\/\/www.amstedmaxion.com.br\/en\/wp-json\/wp\/v2\/media?parent=43358"}],"wp:term":[{"taxonomy":"category","embeddable":true,"href":"https:\/\/www.amstedmaxion.com.br\/en\/wp-json\/wp\/v2\/categories?post=43358"},{"taxonomy":"post_tag","embeddable":true,"href":"https:\/\/www.amstedmaxion.com.br\/en\/wp-json\/wp\/v2\/tags?post=43358"}],"curies":[{"name":"wp","href":"https:\/\/api.w.org\/{rel}","templated":true}]}}