{"id":43370,"date":"2023-05-02T16:25:14","date_gmt":"2023-05-02T19:25:14","guid":{"rendered":"https:\/\/www.amstedmaxion.com.br\/?p=43370"},"modified":"2023-05-02T16:25:14","modified_gmt":"2023-05-02T19:25:14","slug":"exportacao-de-maquinas-e-equipamentos-registra-crescimento-de-242-em-marco-no-1o-trimestre-queda-de-46","status":"publish","type":"post","link":"https:\/\/www.amstedmaxion.com.br\/en\/exportacao-de-maquinas-e-equipamentos-registra-crescimento-de-242-em-marco-no-1o-trimestre-queda-de-46\/","title":{"rendered":"Exporta\u00e7\u00e3o de m\u00e1quinas e equipamentos registra crescimento de 24,2% em mar\u00e7o. No 1\u00ba. trimestre, queda de 4,6%"},"content":{"rendered":"\n<p>Comex do Brasil &#8211; A ind\u00fastria de m\u00e1quinas e equipamentos registrou, no m\u00eas de mar\u00e7o, crescimento de 24,2% nas exporta\u00e7\u00f5es em rela\u00e7\u00e3o ao mar\u00e7o de 2022. O resultado veio acima das expectativas e ajudou a aliviar a queda de 5,5% das receitas no mercado dom\u00e9stico.<\/p>\n\n\n\n<p>Mesmo com os bons n\u00fameros das exporta\u00e7\u00f5es, que at\u00e9 o m\u00eas de mar\u00e7o acumulam crescimento de 28,7%, o setor encerrou o primeiro trimestre com a receita total de vendas 4,6% menor. \u201cO bom desempenho das exporta\u00e7\u00f5es n\u00e3o foi suficiente para sustentar resultados positivos na receita do primeiro trimestre\u201d, destaca Cristina Zanella, Diretora de Competitividade, Economia e Estat\u00edstica da Associa\u00e7\u00e3o Brasileira das Ind\u00fastrias de M\u00e1quinas e Equipamentos (Abimaq).<\/p>\n\n\n\n<p>A pol\u00edtica monet\u00e1ria contracionista vem prejudicando as atividades de boa parte dos setores, mas principalmente dos dependentes de cr\u00e9dito. Houve queda nas vendas de m\u00e1quinas e equipamentos no mercado dom\u00e9stico de forma quase que generalizada.<\/p>\n\n\n\n<p>\u201cNossa expectativa \u00e9 de desempenho pr\u00f3ximo ao observado em 2022, em termos de investimentos no pa\u00eds, mas ainda temos obst\u00e1culos impedido este cen\u00e1rio. Tivemos sequer sinaliza\u00e7\u00e3o de redu\u00e7\u00e3o da taxa b\u00e1sica de juros. O produtor que depende de cr\u00e9dito para financiamento de investimentos n\u00e3o paga menos de 20% ao ano. Um custo imposs\u00edvel de sustentar com o retorno dos neg\u00f3cios\u201d, refor\u00e7a Zanella<\/p>\n\n\n\n<p><strong>Consumo aparente<\/strong><\/p>\n\n\n\n<p>O consumo aparente de m\u00e1quinas e equipamentos \u2013 resultado da soma da produ\u00e7\u00e3o direcionada ao mercado interno com as importa\u00e7\u00f5es \u2013 registrou, no m\u00eas de mar\u00e7o, alta, com ajuste sazonal, de 6,5% ante o m\u00eas de fevereiro. Mesmo com este crescimento, o consumo de m\u00e1quinas ficou 1,4% abaixo do resultado observado no mesmo m\u00eas de 2022. No ano (1tri23) os investimentos em m\u00e1quinas e equipamentos encolheram 8,0%.<\/p>\n\n\n\n<p>O per\u00edodo registrou queda das importa\u00e7\u00f5es de m\u00e1quinas e equipamentos, medidas em reais, de 4,3% e queda de 10,3% das vendas de produ\u00e7\u00e3o nacional no mercado dom\u00e9stico, o que levou \u00e0 redu\u00e7\u00e3o de quase 2 p.p. do produto local no&nbsp;<em>market share<\/em>&nbsp;nacional de m\u00e1quinas e equipamentos.<\/p>\n\n\n\n<p>(*)\u00a0 Com informa\u00e7\u00f5es da Abimaq<\/p>\n\n\n\n<figure class=\"wp-block-image size-full is-resized\"><img loading=\"lazy\" decoding=\"async\" src=\"https:\/\/www.amstedmaxion.com.br\/wp-content\/uploads\/2023\/05\/Maquinas-Comex-do-Brasil.jpg\" alt=\"\" class=\"wp-image-43372\" width=\"430\" height=\"290\" srcset=\"https:\/\/www.amstedmaxion.com.br\/wp-content\/uploads\/2023\/05\/Maquinas-Comex-do-Brasil.jpg 720w, https:\/\/www.amstedmaxion.com.br\/wp-content\/uploads\/2023\/05\/Maquinas-Comex-do-Brasil-300x202.jpg 300w\" sizes=\"auto, (max-width: 430px) 100vw, 430px\" \/><figcaption class=\"wp-element-caption\">Foto: captura de tela Comex do Brasil<\/figcaption><\/figure>\n\n\n\n<p>Fonte: Comex do Brasil (<a href=\"https:\/\/www.comexdobrasil.com\/exportacao-de-maquinas-e-equipamentos-registra-crescimento-de-242-em-marco-no-1o-trimestre-queda-de-46\">https:\/\/www.comexdobrasil.com\/exportacao-de-maquinas-e-equipamentos-registra-crescimento-de-242-em-marco-no-1o-trimestre-queda-de-46<\/a>)<\/p>\n","protected":false},"excerpt":{"rendered":"<p>Comex do Brasil &#8211; A ind\u00fastria de m\u00e1quinas e equipamentos registrou, no m\u00eas de mar\u00e7o, crescimento de 24,2% nas exporta\u00e7\u00f5es em rela\u00e7\u00e3o ao mar\u00e7o de 2022. O resultado veio acima das expectativas e ajudou a aliviar a queda de 5,5% das receitas no mercado dom\u00e9stico. Mesmo com os bons n\u00fameros das exporta\u00e7\u00f5es, que at\u00e9 o [&hellip;]<\/p>\n","protected":false},"author":5,"featured_media":43372,"comment_status":"open","ping_status":"open","sticky":false,"template":"","format":"standard","meta":{"_acf_changed":false,"footnotes":""},"categories":[148],"tags":[],"class_list":["post-43370","post","type-post","status-publish","format-standard","has-post-thumbnail","hentry","category-newsletter"],"acf":[],"yoast_head":"<!-- This site is optimized with the Yoast SEO plugin v23.9 - https:\/\/yoast.com\/wordpress\/plugins\/seo\/ -->\n<title>Exporta\u00e7\u00e3o de m\u00e1quinas e equipamentos registra crescimento de 24,2% em mar\u00e7o. No 1\u00ba. trimestre, queda de 4,6% - AmstedMaxion<\/title>\n<meta name=\"robots\" content=\"index, follow, max-snippet:-1, max-image-preview:large, max-video-preview:-1\" \/>\n<link rel=\"canonical\" href=\"https:\/\/www.amstedmaxion.com.br\/exportacao-de-maquinas-e-equipamentos-registra-crescimento-de-242-em-marco-no-1o-trimestre-queda-de-46\/\" \/>\n<meta property=\"og:locale\" content=\"en_US\" \/>\n<meta property=\"og:type\" content=\"article\" \/>\n<meta property=\"og:title\" content=\"Exporta\u00e7\u00e3o de m\u00e1quinas e equipamentos registra crescimento de 24,2% em mar\u00e7o. No 1\u00ba. trimestre, queda de 4,6% - AmstedMaxion\" \/>\n<meta property=\"og:description\" content=\"Comex do Brasil &#8211; A ind\u00fastria de m\u00e1quinas e equipamentos registrou, no m\u00eas de mar\u00e7o, crescimento de 24,2% nas exporta\u00e7\u00f5es em rela\u00e7\u00e3o ao mar\u00e7o de 2022. O resultado veio acima das expectativas e ajudou a aliviar a queda de 5,5% das receitas no mercado dom\u00e9stico. Mesmo com os bons n\u00fameros das exporta\u00e7\u00f5es, que at\u00e9 o [&hellip;]\" \/>\n<meta property=\"og:url\" content=\"https:\/\/www.amstedmaxion.com.br\/exportacao-de-maquinas-e-equipamentos-registra-crescimento-de-242-em-marco-no-1o-trimestre-queda-de-46\/\" \/>\n<meta property=\"og:site_name\" content=\"AmstedMaxion\" \/>\n<meta property=\"article:publisher\" content=\"https:\/\/www.facebook.com\/AmstedMaxion.Oficial\" \/>\n<meta property=\"article:published_time\" content=\"2023-05-02T19:25:14+00:00\" \/>\n<meta property=\"og:image\" content=\"https:\/\/www.amstedmaxion.com.br\/wp-content\/uploads\/2023\/05\/Maquinas-Comex-do-Brasil.jpg\" \/>\n\t<meta property=\"og:image:width\" content=\"720\" \/>\n\t<meta property=\"og:image:height\" content=\"485\" \/>\n\t<meta property=\"og:image:type\" content=\"image\/jpeg\" \/>\n<meta name=\"author\" content=\"Rosane Storto\" \/>\n<meta name=\"twitter:card\" content=\"summary_large_image\" \/>\n<meta name=\"twitter:label1\" content=\"Written by\" \/>\n\t<meta name=\"twitter:data1\" content=\"Rosane Storto\" \/>\n\t<meta name=\"twitter:label2\" content=\"Est. reading time\" \/>\n\t<meta name=\"twitter:data2\" content=\"3 minutes\" \/>\n<script type=\"application\/ld+json\" class=\"yoast-schema-graph\">{\"@context\":\"https:\/\/schema.org\",\"@graph\":[{\"@type\":\"Article\",\"@id\":\"https:\/\/www.amstedmaxion.com.br\/exportacao-de-maquinas-e-equipamentos-registra-crescimento-de-242-em-marco-no-1o-trimestre-queda-de-46\/#article\",\"isPartOf\":{\"@id\":\"https:\/\/www.amstedmaxion.com.br\/exportacao-de-maquinas-e-equipamentos-registra-crescimento-de-242-em-marco-no-1o-trimestre-queda-de-46\/\"},\"author\":{\"name\":\"Rosane Storto\",\"@id\":\"https:\/\/www.amstedmaxion.com.br\/#\/schema\/person\/140cb65f07d4e66dd5543c8a187bf436\"},\"headline\":\"Exporta\u00e7\u00e3o de m\u00e1quinas e equipamentos registra crescimento de 24,2% em mar\u00e7o. No 1\u00ba. trimestre, queda de 4,6%\",\"datePublished\":\"2023-05-02T19:25:14+00:00\",\"dateModified\":\"2023-05-02T19:25:14+00:00\",\"mainEntityOfPage\":{\"@id\":\"https:\/\/www.amstedmaxion.com.br\/exportacao-de-maquinas-e-equipamentos-registra-crescimento-de-242-em-marco-no-1o-trimestre-queda-de-46\/\"},\"wordCount\":401,\"commentCount\":0,\"publisher\":{\"@id\":\"https:\/\/www.amstedmaxion.com.br\/#organization\"},\"image\":{\"@id\":\"https:\/\/www.amstedmaxion.com.br\/exportacao-de-maquinas-e-equipamentos-registra-crescimento-de-242-em-marco-no-1o-trimestre-queda-de-46\/#primaryimage\"},\"thumbnailUrl\":\"https:\/\/www.amstedmaxion.com.br\/wp-content\/uploads\/2023\/05\/Maquinas-Comex-do-Brasil.jpg\",\"articleSection\":[\"Newsletter\"],\"inLanguage\":\"en-US\",\"potentialAction\":[{\"@type\":\"CommentAction\",\"name\":\"Comment\",\"target\":[\"https:\/\/www.amstedmaxion.com.br\/exportacao-de-maquinas-e-equipamentos-registra-crescimento-de-242-em-marco-no-1o-trimestre-queda-de-46\/#respond\"]}]},{\"@type\":\"WebPage\",\"@id\":\"https:\/\/www.amstedmaxion.com.br\/exportacao-de-maquinas-e-equipamentos-registra-crescimento-de-242-em-marco-no-1o-trimestre-queda-de-46\/\",\"url\":\"https:\/\/www.amstedmaxion.com.br\/exportacao-de-maquinas-e-equipamentos-registra-crescimento-de-242-em-marco-no-1o-trimestre-queda-de-46\/\",\"name\":\"Exporta\u00e7\u00e3o de m\u00e1quinas e equipamentos registra crescimento de 24,2% em mar\u00e7o. No 1\u00ba. trimestre, queda de 4,6% - AmstedMaxion\",\"isPartOf\":{\"@id\":\"https:\/\/www.amstedmaxion.com.br\/#website\"},\"primaryImageOfPage\":{\"@id\":\"https:\/\/www.amstedmaxion.com.br\/exportacao-de-maquinas-e-equipamentos-registra-crescimento-de-242-em-marco-no-1o-trimestre-queda-de-46\/#primaryimage\"},\"image\":{\"@id\":\"https:\/\/www.amstedmaxion.com.br\/exportacao-de-maquinas-e-equipamentos-registra-crescimento-de-242-em-marco-no-1o-trimestre-queda-de-46\/#primaryimage\"},\"thumbnailUrl\":\"https:\/\/www.amstedmaxion.com.br\/wp-content\/uploads\/2023\/05\/Maquinas-Comex-do-Brasil.jpg\",\"datePublished\":\"2023-05-02T19:25:14+00:00\",\"dateModified\":\"2023-05-02T19:25:14+00:00\",\"breadcrumb\":{\"@id\":\"https:\/\/www.amstedmaxion.com.br\/exportacao-de-maquinas-e-equipamentos-registra-crescimento-de-242-em-marco-no-1o-trimestre-queda-de-46\/#breadcrumb\"},\"inLanguage\":\"en-US\",\"potentialAction\":[{\"@type\":\"ReadAction\",\"target\":[\"https:\/\/www.amstedmaxion.com.br\/exportacao-de-maquinas-e-equipamentos-registra-crescimento-de-242-em-marco-no-1o-trimestre-queda-de-46\/\"]}]},{\"@type\":\"ImageObject\",\"inLanguage\":\"en-US\",\"@id\":\"https:\/\/www.amstedmaxion.com.br\/exportacao-de-maquinas-e-equipamentos-registra-crescimento-de-242-em-marco-no-1o-trimestre-queda-de-46\/#primaryimage\",\"url\":\"https:\/\/www.amstedmaxion.com.br\/wp-content\/uploads\/2023\/05\/Maquinas-Comex-do-Brasil.jpg\",\"contentUrl\":\"https:\/\/www.amstedmaxion.com.br\/wp-content\/uploads\/2023\/05\/Maquinas-Comex-do-Brasil.jpg\",\"width\":720,\"height\":485,\"caption\":\"Foto: captura de tela Comex do Brasil\"},{\"@type\":\"BreadcrumbList\",\"@id\":\"https:\/\/www.amstedmaxion.com.br\/exportacao-de-maquinas-e-equipamentos-registra-crescimento-de-242-em-marco-no-1o-trimestre-queda-de-46\/#breadcrumb\",\"itemListElement\":[{\"@type\":\"ListItem\",\"position\":1,\"name\":\"In\u00edcio\",\"item\":\"https:\/\/www.amstedmaxion.com.br\/\"},{\"@type\":\"ListItem\",\"position\":2,\"name\":\"Exporta\u00e7\u00e3o de m\u00e1quinas e equipamentos registra crescimento de 24,2% em mar\u00e7o. No 1\u00ba. trimestre, queda de 4,6%\"}]},{\"@type\":\"WebSite\",\"@id\":\"https:\/\/www.amstedmaxion.com.br\/#website\",\"url\":\"https:\/\/www.amstedmaxion.com.br\/\",\"name\":\"AmstedMaxion\",\"description\":\"AmstedMaxion - Fundi\u00e7\u00e3o e Equipamentos Ferrovi\u00e1rios\",\"publisher\":{\"@id\":\"https:\/\/www.amstedmaxion.com.br\/#organization\"},\"alternateName\":\"AmstedMaxion\",\"potentialAction\":[{\"@type\":\"SearchAction\",\"target\":{\"@type\":\"EntryPoint\",\"urlTemplate\":\"https:\/\/www.amstedmaxion.com.br\/?s={search_term_string}\"},\"query-input\":{\"@type\":\"PropertyValueSpecification\",\"valueRequired\":true,\"valueName\":\"search_term_string\"}}],\"inLanguage\":\"en-US\"},{\"@type\":\"Organization\",\"@id\":\"https:\/\/www.amstedmaxion.com.br\/#organization\",\"name\":\"AMSTEDMAXION\",\"url\":\"https:\/\/www.amstedmaxion.com.br\/\",\"logo\":{\"@type\":\"ImageObject\",\"inLanguage\":\"en-US\",\"@id\":\"https:\/\/www.amstedmaxion.com.br\/#\/schema\/logo\/image\/\",\"url\":\"https:\/\/www.amstedmaxion.com.br\/wp-content\/uploads\/2023\/11\/amsted.png\",\"contentUrl\":\"https:\/\/www.amstedmaxion.com.br\/wp-content\/uploads\/2023\/11\/amsted.png\",\"width\":500,\"height\":500,\"caption\":\"AMSTEDMAXION\"},\"image\":{\"@id\":\"https:\/\/www.amstedmaxion.com.br\/#\/schema\/logo\/image\/\"},\"sameAs\":[\"https:\/\/www.facebook.com\/AmstedMaxion.Oficial\",\"https:\/\/br.linkedin.com\/company\/amstedmaxion\"]},{\"@type\":\"Person\",\"@id\":\"https:\/\/www.amstedmaxion.com.br\/#\/schema\/person\/140cb65f07d4e66dd5543c8a187bf436\",\"name\":\"Rosane Storto\",\"image\":{\"@type\":\"ImageObject\",\"inLanguage\":\"en-US\",\"@id\":\"https:\/\/www.amstedmaxion.com.br\/#\/schema\/person\/image\/\",\"url\":\"https:\/\/secure.gravatar.com\/avatar\/0e3d021545bbe593cb0eb3ee740544fefa86d59762e63dec1dbe9480a34c98cd?s=96&d=mm&r=g\",\"contentUrl\":\"https:\/\/secure.gravatar.com\/avatar\/0e3d021545bbe593cb0eb3ee740544fefa86d59762e63dec1dbe9480a34c98cd?s=96&d=mm&r=g\",\"caption\":\"Rosane Storto\"}}]}<\/script>\n<!-- \/ Yoast SEO plugin. -->","yoast_head_json":{"title":"Exporta\u00e7\u00e3o de m\u00e1quinas e equipamentos registra crescimento de 24,2% em mar\u00e7o. No 1\u00ba. trimestre, queda de 4,6% - AmstedMaxion","robots":{"index":"index","follow":"follow","max-snippet":"max-snippet:-1","max-image-preview":"max-image-preview:large","max-video-preview":"max-video-preview:-1"},"canonical":"https:\/\/www.amstedmaxion.com.br\/exportacao-de-maquinas-e-equipamentos-registra-crescimento-de-242-em-marco-no-1o-trimestre-queda-de-46\/","og_locale":"en_US","og_type":"article","og_title":"Exporta\u00e7\u00e3o de m\u00e1quinas e equipamentos registra crescimento de 24,2% em mar\u00e7o. No 1\u00ba. trimestre, queda de 4,6% - AmstedMaxion","og_description":"Comex do Brasil &#8211; A ind\u00fastria de m\u00e1quinas e equipamentos registrou, no m\u00eas de mar\u00e7o, crescimento de 24,2% nas exporta\u00e7\u00f5es em rela\u00e7\u00e3o ao mar\u00e7o de 2022. O resultado veio acima das expectativas e ajudou a aliviar a queda de 5,5% das receitas no mercado dom\u00e9stico. Mesmo com os bons n\u00fameros das exporta\u00e7\u00f5es, que at\u00e9 o [&hellip;]","og_url":"https:\/\/www.amstedmaxion.com.br\/exportacao-de-maquinas-e-equipamentos-registra-crescimento-de-242-em-marco-no-1o-trimestre-queda-de-46\/","og_site_name":"AmstedMaxion","article_publisher":"https:\/\/www.facebook.com\/AmstedMaxion.Oficial","article_published_time":"2023-05-02T19:25:14+00:00","og_image":[{"width":720,"height":485,"url":"https:\/\/www.amstedmaxion.com.br\/wp-content\/uploads\/2023\/05\/Maquinas-Comex-do-Brasil.jpg","type":"image\/jpeg"}],"author":"Rosane Storto","twitter_card":"summary_large_image","twitter_misc":{"Written by":"Rosane Storto","Est. reading time":"3 minutes"},"schema":{"@context":"https:\/\/schema.org","@graph":[{"@type":"Article","@id":"https:\/\/www.amstedmaxion.com.br\/exportacao-de-maquinas-e-equipamentos-registra-crescimento-de-242-em-marco-no-1o-trimestre-queda-de-46\/#article","isPartOf":{"@id":"https:\/\/www.amstedmaxion.com.br\/exportacao-de-maquinas-e-equipamentos-registra-crescimento-de-242-em-marco-no-1o-trimestre-queda-de-46\/"},"author":{"name":"Rosane Storto","@id":"https:\/\/www.amstedmaxion.com.br\/#\/schema\/person\/140cb65f07d4e66dd5543c8a187bf436"},"headline":"Exporta\u00e7\u00e3o de m\u00e1quinas e equipamentos registra crescimento de 24,2% em mar\u00e7o. No 1\u00ba. trimestre, queda de 4,6%","datePublished":"2023-05-02T19:25:14+00:00","dateModified":"2023-05-02T19:25:14+00:00","mainEntityOfPage":{"@id":"https:\/\/www.amstedmaxion.com.br\/exportacao-de-maquinas-e-equipamentos-registra-crescimento-de-242-em-marco-no-1o-trimestre-queda-de-46\/"},"wordCount":401,"commentCount":0,"publisher":{"@id":"https:\/\/www.amstedmaxion.com.br\/#organization"},"image":{"@id":"https:\/\/www.amstedmaxion.com.br\/exportacao-de-maquinas-e-equipamentos-registra-crescimento-de-242-em-marco-no-1o-trimestre-queda-de-46\/#primaryimage"},"thumbnailUrl":"https:\/\/www.amstedmaxion.com.br\/wp-content\/uploads\/2023\/05\/Maquinas-Comex-do-Brasil.jpg","articleSection":["Newsletter"],"inLanguage":"en-US","potentialAction":[{"@type":"CommentAction","name":"Comment","target":["https:\/\/www.amstedmaxion.com.br\/exportacao-de-maquinas-e-equipamentos-registra-crescimento-de-242-em-marco-no-1o-trimestre-queda-de-46\/#respond"]}]},{"@type":"WebPage","@id":"https:\/\/www.amstedmaxion.com.br\/exportacao-de-maquinas-e-equipamentos-registra-crescimento-de-242-em-marco-no-1o-trimestre-queda-de-46\/","url":"https:\/\/www.amstedmaxion.com.br\/exportacao-de-maquinas-e-equipamentos-registra-crescimento-de-242-em-marco-no-1o-trimestre-queda-de-46\/","name":"Exporta\u00e7\u00e3o de m\u00e1quinas e equipamentos registra crescimento de 24,2% em mar\u00e7o. No 1\u00ba. trimestre, queda de 4,6% - AmstedMaxion","isPartOf":{"@id":"https:\/\/www.amstedmaxion.com.br\/#website"},"primaryImageOfPage":{"@id":"https:\/\/www.amstedmaxion.com.br\/exportacao-de-maquinas-e-equipamentos-registra-crescimento-de-242-em-marco-no-1o-trimestre-queda-de-46\/#primaryimage"},"image":{"@id":"https:\/\/www.amstedmaxion.com.br\/exportacao-de-maquinas-e-equipamentos-registra-crescimento-de-242-em-marco-no-1o-trimestre-queda-de-46\/#primaryimage"},"thumbnailUrl":"https:\/\/www.amstedmaxion.com.br\/wp-content\/uploads\/2023\/05\/Maquinas-Comex-do-Brasil.jpg","datePublished":"2023-05-02T19:25:14+00:00","dateModified":"2023-05-02T19:25:14+00:00","breadcrumb":{"@id":"https:\/\/www.amstedmaxion.com.br\/exportacao-de-maquinas-e-equipamentos-registra-crescimento-de-242-em-marco-no-1o-trimestre-queda-de-46\/#breadcrumb"},"inLanguage":"en-US","potentialAction":[{"@type":"ReadAction","target":["https:\/\/www.amstedmaxion.com.br\/exportacao-de-maquinas-e-equipamentos-registra-crescimento-de-242-em-marco-no-1o-trimestre-queda-de-46\/"]}]},{"@type":"ImageObject","inLanguage":"en-US","@id":"https:\/\/www.amstedmaxion.com.br\/exportacao-de-maquinas-e-equipamentos-registra-crescimento-de-242-em-marco-no-1o-trimestre-queda-de-46\/#primaryimage","url":"https:\/\/www.amstedmaxion.com.br\/wp-content\/uploads\/2023\/05\/Maquinas-Comex-do-Brasil.jpg","contentUrl":"https:\/\/www.amstedmaxion.com.br\/wp-content\/uploads\/2023\/05\/Maquinas-Comex-do-Brasil.jpg","width":720,"height":485,"caption":"Foto: captura de tela Comex do Brasil"},{"@type":"BreadcrumbList","@id":"https:\/\/www.amstedmaxion.com.br\/exportacao-de-maquinas-e-equipamentos-registra-crescimento-de-242-em-marco-no-1o-trimestre-queda-de-46\/#breadcrumb","itemListElement":[{"@type":"ListItem","position":1,"name":"In\u00edcio","item":"https:\/\/www.amstedmaxion.com.br\/"},{"@type":"ListItem","position":2,"name":"Exporta\u00e7\u00e3o de m\u00e1quinas e equipamentos registra crescimento de 24,2% em mar\u00e7o. No 1\u00ba. trimestre, queda de 4,6%"}]},{"@type":"WebSite","@id":"https:\/\/www.amstedmaxion.com.br\/#website","url":"https:\/\/www.amstedmaxion.com.br\/","name":"AmstedMaxion","description":"AmstedMaxion - Fundi\u00e7\u00e3o e Equipamentos Ferrovi\u00e1rios","publisher":{"@id":"https:\/\/www.amstedmaxion.com.br\/#organization"},"alternateName":"AmstedMaxion","potentialAction":[{"@type":"SearchAction","target":{"@type":"EntryPoint","urlTemplate":"https:\/\/www.amstedmaxion.com.br\/?s={search_term_string}"},"query-input":{"@type":"PropertyValueSpecification","valueRequired":true,"valueName":"search_term_string"}}],"inLanguage":"en-US"},{"@type":"Organization","@id":"https:\/\/www.amstedmaxion.com.br\/#organization","name":"AMSTEDMAXION","url":"https:\/\/www.amstedmaxion.com.br\/","logo":{"@type":"ImageObject","inLanguage":"en-US","@id":"https:\/\/www.amstedmaxion.com.br\/#\/schema\/logo\/image\/","url":"https:\/\/www.amstedmaxion.com.br\/wp-content\/uploads\/2023\/11\/amsted.png","contentUrl":"https:\/\/www.amstedmaxion.com.br\/wp-content\/uploads\/2023\/11\/amsted.png","width":500,"height":500,"caption":"AMSTEDMAXION"},"image":{"@id":"https:\/\/www.amstedmaxion.com.br\/#\/schema\/logo\/image\/"},"sameAs":["https:\/\/www.facebook.com\/AmstedMaxion.Oficial","https:\/\/br.linkedin.com\/company\/amstedmaxion"]},{"@type":"Person","@id":"https:\/\/www.amstedmaxion.com.br\/#\/schema\/person\/140cb65f07d4e66dd5543c8a187bf436","name":"Rosane Storto","image":{"@type":"ImageObject","inLanguage":"en-US","@id":"https:\/\/www.amstedmaxion.com.br\/#\/schema\/person\/image\/","url":"https:\/\/secure.gravatar.com\/avatar\/0e3d021545bbe593cb0eb3ee740544fefa86d59762e63dec1dbe9480a34c98cd?s=96&d=mm&r=g","contentUrl":"https:\/\/secure.gravatar.com\/avatar\/0e3d021545bbe593cb0eb3ee740544fefa86d59762e63dec1dbe9480a34c98cd?s=96&d=mm&r=g","caption":"Rosane Storto"}}]}},"_links":{"self":[{"href":"https:\/\/www.amstedmaxion.com.br\/en\/wp-json\/wp\/v2\/posts\/43370","targetHints":{"allow":["GET"]}}],"collection":[{"href":"https:\/\/www.amstedmaxion.com.br\/en\/wp-json\/wp\/v2\/posts"}],"about":[{"href":"https:\/\/www.amstedmaxion.com.br\/en\/wp-json\/wp\/v2\/types\/post"}],"author":[{"embeddable":true,"href":"https:\/\/www.amstedmaxion.com.br\/en\/wp-json\/wp\/v2\/users\/5"}],"replies":[{"embeddable":true,"href":"https:\/\/www.amstedmaxion.com.br\/en\/wp-json\/wp\/v2\/comments?post=43370"}],"version-history":[{"count":1,"href":"https:\/\/www.amstedmaxion.com.br\/en\/wp-json\/wp\/v2\/posts\/43370\/revisions"}],"predecessor-version":[{"id":43374,"href":"https:\/\/www.amstedmaxion.com.br\/en\/wp-json\/wp\/v2\/posts\/43370\/revisions\/43374"}],"wp:featuredmedia":[{"embeddable":true,"href":"https:\/\/www.amstedmaxion.com.br\/en\/wp-json\/wp\/v2\/media\/43372"}],"wp:attachment":[{"href":"https:\/\/www.amstedmaxion.com.br\/en\/wp-json\/wp\/v2\/media?parent=43370"}],"wp:term":[{"taxonomy":"category","embeddable":true,"href":"https:\/\/www.amstedmaxion.com.br\/en\/wp-json\/wp\/v2\/categories?post=43370"},{"taxonomy":"post_tag","embeddable":true,"href":"https:\/\/www.amstedmaxion.com.br\/en\/wp-json\/wp\/v2\/tags?post=43370"}],"curies":[{"name":"wp","href":"https:\/\/api.w.org\/{rel}","templated":true}]}}