{"id":43819,"date":"2023-05-26T15:46:31","date_gmt":"2023-05-26T18:46:31","guid":{"rendered":"https:\/\/www.amstedmaxion.com.br\/?p=43819"},"modified":"2023-05-26T15:46:31","modified_gmt":"2023-05-26T18:46:31","slug":"vendas-de-maquinas-agricolas-sobem-384-em-marco-ante-fevereiro-diz-fenabrave","status":"publish","type":"post","link":"https:\/\/www.amstedmaxion.com.br\/en\/vendas-de-maquinas-agricolas-sobem-384-em-marco-ante-fevereiro-diz-fenabrave\/","title":{"rendered":"Vendas de m\u00e1quinas agr\u00edcolas sobem 38,4% em mar\u00e7o ante fevereiro, diz Fenabrave"},"content":{"rendered":"\n<p>Money Times &#8211; As vendas de m\u00e1quinas agr\u00edcolas, entre tratores e colheitadeiras, cresceram 32,4% em mar\u00e7o na compara\u00e7\u00e3o com o mesmo m\u00eas do ano passado.<\/p>\n\n\n\n<p>No total, 6,2 mil unidades foram entregues a produtores rurais no terceiro m\u00eas do ano, o que representa uma alta de 38,4% frente a fevereiro, um m\u00eas mais curto.<\/p>\n\n\n\n<p>O balan\u00e7o foi divulgado nesta quarta-feira, 3, pela Fenabrave, associa\u00e7\u00e3o que, al\u00e9m das concession\u00e1rias de autom\u00f3veis, representa revendedores de equipamentos usados no campo.<\/p>\n\n\n\n<p>Ao contr\u00e1rio das vendas de carros, que podem ser atualizadas diariamente com base nos licenciamentos de ve\u00edculos, os n\u00fameros de m\u00e1quinas agr\u00edcolas precisam ser levantados pela Fenabrave com os fabricantes. Por isso, as estat\u00edsticas t\u00eam defasagem de um m\u00eas em rela\u00e7\u00e3o ao balan\u00e7o dos autom\u00f3veis, divulgado hoje pela associa\u00e7\u00e3o com dados j\u00e1 relativos a abril.<\/p>\n\n\n\n<p>Ao comentar o resultado, o presidente da Fenabrave, Jos\u00e9 Maur\u00edcio Andreta J\u00fanior, considerou que o setor mostrou \u201cboa recupera\u00e7\u00e3o\u201d ap\u00f3s um primeiro bimestre de ajuste. \u201cAs boas perspectivas para o agroneg\u00f3cio mant\u00eam as expectativas positivas \u00e0 venda de equipamentos do campo. Vamos aguardar os resultados da Agrishow\u201d, disse Andreta Jr., referindo-se \u00e0 feira do agroneg\u00f3cio que acontece esta semana em Ribeir\u00e3o Preto, no interior paulista.<\/p>\n\n\n\n<p>No acumulado do primeiro trimestre, as vendas de m\u00e1quinas agr\u00edcolas somaram 14,1 mil unidades, praticamente repetindo (alta de 0,1%) o volume registrado no mesmo per\u00edodo do ano passado.<\/p>\n\n\n\n<figure class=\"wp-block-image size-full is-resized\"><img loading=\"lazy\" decoding=\"async\" src=\"https:\/\/www.amstedmaxion.com.br\/wp-content\/uploads\/2023\/05\/Money-Times.jpg\" alt=\"\" class=\"wp-image-43820\" width=\"434\" height=\"324\" srcset=\"https:\/\/www.amstedmaxion.com.br\/wp-content\/uploads\/2023\/05\/Money-Times.jpg 719w, https:\/\/www.amstedmaxion.com.br\/wp-content\/uploads\/2023\/05\/Money-Times-300x224.jpg 300w\" sizes=\"auto, (max-width: 434px) 100vw, 434px\" \/><\/figure>\n\n\n\n<p>Fonte: Money Times (https:\/\/www.moneytimes.com.br\/vendas-de-maquinas-agricolas-sobem-384-em-marco-ante-fevereiro-diz-fenabrave\/)<\/p>\n","protected":false},"excerpt":{"rendered":"<p>Money Times &#8211; As vendas de m\u00e1quinas agr\u00edcolas, entre tratores e colheitadeiras, cresceram 32,4% em mar\u00e7o na compara\u00e7\u00e3o com o mesmo m\u00eas do ano passado. No total, 6,2 mil unidades foram entregues a produtores rurais no terceiro m\u00eas do ano, o que representa uma alta de 38,4% frente a fevereiro, um m\u00eas mais curto. O [&hellip;]<\/p>\n","protected":false},"author":5,"featured_media":43820,"comment_status":"open","ping_status":"open","sticky":false,"template":"","format":"standard","meta":{"_acf_changed":false,"footnotes":""},"categories":[148],"tags":[],"class_list":["post-43819","post","type-post","status-publish","format-standard","has-post-thumbnail","hentry","category-newsletter"],"acf":[],"yoast_head":"<!-- This site is optimized with the Yoast SEO plugin v23.9 - https:\/\/yoast.com\/wordpress\/plugins\/seo\/ -->\n<title>Vendas de m\u00e1quinas agr\u00edcolas sobem 38,4% em mar\u00e7o ante fevereiro, diz Fenabrave - AmstedMaxion<\/title>\n<meta name=\"robots\" content=\"index, follow, max-snippet:-1, max-image-preview:large, max-video-preview:-1\" \/>\n<link rel=\"canonical\" href=\"https:\/\/www.amstedmaxion.com.br\/en\/vendas-de-maquinas-agricolas-sobem-384-em-marco-ante-fevereiro-diz-fenabrave\/\" \/>\n<meta property=\"og:locale\" content=\"en_US\" \/>\n<meta property=\"og:type\" content=\"article\" \/>\n<meta property=\"og:title\" content=\"Vendas de m\u00e1quinas agr\u00edcolas sobem 38,4% em mar\u00e7o ante fevereiro, diz Fenabrave - AmstedMaxion\" \/>\n<meta property=\"og:description\" content=\"Money Times &#8211; As vendas de m\u00e1quinas agr\u00edcolas, entre tratores e colheitadeiras, cresceram 32,4% em mar\u00e7o na compara\u00e7\u00e3o com o mesmo m\u00eas do ano passado. No total, 6,2 mil unidades foram entregues a produtores rurais no terceiro m\u00eas do ano, o que representa uma alta de 38,4% frente a fevereiro, um m\u00eas mais curto. O [&hellip;]\" \/>\n<meta property=\"og:url\" content=\"https:\/\/www.amstedmaxion.com.br\/en\/vendas-de-maquinas-agricolas-sobem-384-em-marco-ante-fevereiro-diz-fenabrave\/\" \/>\n<meta property=\"og:site_name\" content=\"AmstedMaxion\" \/>\n<meta property=\"article:publisher\" content=\"https:\/\/www.facebook.com\/AmstedMaxion.Oficial\" \/>\n<meta property=\"article:published_time\" content=\"2023-05-26T18:46:31+00:00\" \/>\n<meta property=\"og:image\" content=\"https:\/\/www.amstedmaxion.com.br\/wp-content\/uploads\/2023\/05\/Money-Times.jpg\" \/>\n\t<meta property=\"og:image:width\" content=\"719\" \/>\n\t<meta property=\"og:image:height\" content=\"537\" \/>\n\t<meta property=\"og:image:type\" content=\"image\/jpeg\" \/>\n<meta name=\"author\" content=\"Rosane Storto\" \/>\n<meta name=\"twitter:card\" content=\"summary_large_image\" \/>\n<meta name=\"twitter:label1\" content=\"Written by\" \/>\n\t<meta name=\"twitter:data1\" content=\"Rosane Storto\" \/>\n\t<meta name=\"twitter:label2\" content=\"Est. reading time\" \/>\n\t<meta name=\"twitter:data2\" content=\"2 minutes\" \/>\n<script type=\"application\/ld+json\" class=\"yoast-schema-graph\">{\"@context\":\"https:\/\/schema.org\",\"@graph\":[{\"@type\":\"Article\",\"@id\":\"https:\/\/www.amstedmaxion.com.br\/en\/vendas-de-maquinas-agricolas-sobem-384-em-marco-ante-fevereiro-diz-fenabrave\/#article\",\"isPartOf\":{\"@id\":\"https:\/\/www.amstedmaxion.com.br\/en\/vendas-de-maquinas-agricolas-sobem-384-em-marco-ante-fevereiro-diz-fenabrave\/\"},\"author\":{\"name\":\"Rosane Storto\",\"@id\":\"https:\/\/www.amstedmaxion.com.br\/#\/schema\/person\/140cb65f07d4e66dd5543c8a187bf436\"},\"headline\":\"Vendas de m\u00e1quinas agr\u00edcolas sobem 38,4% em mar\u00e7o ante fevereiro, diz Fenabrave\",\"datePublished\":\"2023-05-26T18:46:31+00:00\",\"dateModified\":\"2023-05-26T18:46:31+00:00\",\"mainEntityOfPage\":{\"@id\":\"https:\/\/www.amstedmaxion.com.br\/en\/vendas-de-maquinas-agricolas-sobem-384-em-marco-ante-fevereiro-diz-fenabrave\/\"},\"wordCount\":276,\"commentCount\":0,\"publisher\":{\"@id\":\"https:\/\/www.amstedmaxion.com.br\/#organization\"},\"image\":{\"@id\":\"https:\/\/www.amstedmaxion.com.br\/en\/vendas-de-maquinas-agricolas-sobem-384-em-marco-ante-fevereiro-diz-fenabrave\/#primaryimage\"},\"thumbnailUrl\":\"https:\/\/www.amstedmaxion.com.br\/wp-content\/uploads\/2023\/05\/Money-Times.jpg\",\"articleSection\":[\"Newsletter\"],\"inLanguage\":\"en-US\",\"potentialAction\":[{\"@type\":\"CommentAction\",\"name\":\"Comment\",\"target\":[\"https:\/\/www.amstedmaxion.com.br\/en\/vendas-de-maquinas-agricolas-sobem-384-em-marco-ante-fevereiro-diz-fenabrave\/#respond\"]}]},{\"@type\":\"WebPage\",\"@id\":\"https:\/\/www.amstedmaxion.com.br\/en\/vendas-de-maquinas-agricolas-sobem-384-em-marco-ante-fevereiro-diz-fenabrave\/\",\"url\":\"https:\/\/www.amstedmaxion.com.br\/en\/vendas-de-maquinas-agricolas-sobem-384-em-marco-ante-fevereiro-diz-fenabrave\/\",\"name\":\"Vendas de m\u00e1quinas agr\u00edcolas sobem 38,4% em mar\u00e7o ante fevereiro, diz Fenabrave - AmstedMaxion\",\"isPartOf\":{\"@id\":\"https:\/\/www.amstedmaxion.com.br\/#website\"},\"primaryImageOfPage\":{\"@id\":\"https:\/\/www.amstedmaxion.com.br\/en\/vendas-de-maquinas-agricolas-sobem-384-em-marco-ante-fevereiro-diz-fenabrave\/#primaryimage\"},\"image\":{\"@id\":\"https:\/\/www.amstedmaxion.com.br\/en\/vendas-de-maquinas-agricolas-sobem-384-em-marco-ante-fevereiro-diz-fenabrave\/#primaryimage\"},\"thumbnailUrl\":\"https:\/\/www.amstedmaxion.com.br\/wp-content\/uploads\/2023\/05\/Money-Times.jpg\",\"datePublished\":\"2023-05-26T18:46:31+00:00\",\"dateModified\":\"2023-05-26T18:46:31+00:00\",\"breadcrumb\":{\"@id\":\"https:\/\/www.amstedmaxion.com.br\/en\/vendas-de-maquinas-agricolas-sobem-384-em-marco-ante-fevereiro-diz-fenabrave\/#breadcrumb\"},\"inLanguage\":\"en-US\",\"potentialAction\":[{\"@type\":\"ReadAction\",\"target\":[\"https:\/\/www.amstedmaxion.com.br\/en\/vendas-de-maquinas-agricolas-sobem-384-em-marco-ante-fevereiro-diz-fenabrave\/\"]}]},{\"@type\":\"ImageObject\",\"inLanguage\":\"en-US\",\"@id\":\"https:\/\/www.amstedmaxion.com.br\/en\/vendas-de-maquinas-agricolas-sobem-384-em-marco-ante-fevereiro-diz-fenabrave\/#primaryimage\",\"url\":\"https:\/\/www.amstedmaxion.com.br\/wp-content\/uploads\/2023\/05\/Money-Times.jpg\",\"contentUrl\":\"https:\/\/www.amstedmaxion.com.br\/wp-content\/uploads\/2023\/05\/Money-Times.jpg\",\"width\":719,\"height\":537},{\"@type\":\"BreadcrumbList\",\"@id\":\"https:\/\/www.amstedmaxion.com.br\/en\/vendas-de-maquinas-agricolas-sobem-384-em-marco-ante-fevereiro-diz-fenabrave\/#breadcrumb\",\"itemListElement\":[{\"@type\":\"ListItem\",\"position\":1,\"name\":\"In\u00edcio\",\"item\":\"https:\/\/www.amstedmaxion.com.br\/\"},{\"@type\":\"ListItem\",\"position\":2,\"name\":\"Vendas de m\u00e1quinas agr\u00edcolas sobem 38,4% em mar\u00e7o ante fevereiro, diz Fenabrave\"}]},{\"@type\":\"WebSite\",\"@id\":\"https:\/\/www.amstedmaxion.com.br\/#website\",\"url\":\"https:\/\/www.amstedmaxion.com.br\/\",\"name\":\"AmstedMaxion\",\"description\":\"AmstedMaxion - Fundi\u00e7\u00e3o e Equipamentos Ferrovi\u00e1rios\",\"publisher\":{\"@id\":\"https:\/\/www.amstedmaxion.com.br\/#organization\"},\"alternateName\":\"AmstedMaxion\",\"potentialAction\":[{\"@type\":\"SearchAction\",\"target\":{\"@type\":\"EntryPoint\",\"urlTemplate\":\"https:\/\/www.amstedmaxion.com.br\/?s={search_term_string}\"},\"query-input\":{\"@type\":\"PropertyValueSpecification\",\"valueRequired\":true,\"valueName\":\"search_term_string\"}}],\"inLanguage\":\"en-US\"},{\"@type\":\"Organization\",\"@id\":\"https:\/\/www.amstedmaxion.com.br\/#organization\",\"name\":\"AMSTEDMAXION\",\"url\":\"https:\/\/www.amstedmaxion.com.br\/\",\"logo\":{\"@type\":\"ImageObject\",\"inLanguage\":\"en-US\",\"@id\":\"https:\/\/www.amstedmaxion.com.br\/#\/schema\/logo\/image\/\",\"url\":\"https:\/\/www.amstedmaxion.com.br\/wp-content\/uploads\/2023\/11\/amsted.png\",\"contentUrl\":\"https:\/\/www.amstedmaxion.com.br\/wp-content\/uploads\/2023\/11\/amsted.png\",\"width\":500,\"height\":500,\"caption\":\"AMSTEDMAXION\"},\"image\":{\"@id\":\"https:\/\/www.amstedmaxion.com.br\/#\/schema\/logo\/image\/\"},\"sameAs\":[\"https:\/\/www.facebook.com\/AmstedMaxion.Oficial\",\"https:\/\/br.linkedin.com\/company\/amstedmaxion\"]},{\"@type\":\"Person\",\"@id\":\"https:\/\/www.amstedmaxion.com.br\/#\/schema\/person\/140cb65f07d4e66dd5543c8a187bf436\",\"name\":\"Rosane Storto\",\"image\":{\"@type\":\"ImageObject\",\"inLanguage\":\"en-US\",\"@id\":\"https:\/\/www.amstedmaxion.com.br\/#\/schema\/person\/image\/\",\"url\":\"https:\/\/secure.gravatar.com\/avatar\/0e3d021545bbe593cb0eb3ee740544fefa86d59762e63dec1dbe9480a34c98cd?s=96&d=mm&r=g\",\"contentUrl\":\"https:\/\/secure.gravatar.com\/avatar\/0e3d021545bbe593cb0eb3ee740544fefa86d59762e63dec1dbe9480a34c98cd?s=96&d=mm&r=g\",\"caption\":\"Rosane Storto\"}}]}<\/script>\n<!-- \/ Yoast SEO plugin. -->","yoast_head_json":{"title":"Vendas de m\u00e1quinas agr\u00edcolas sobem 38,4% em mar\u00e7o ante fevereiro, diz Fenabrave - AmstedMaxion","robots":{"index":"index","follow":"follow","max-snippet":"max-snippet:-1","max-image-preview":"max-image-preview:large","max-video-preview":"max-video-preview:-1"},"canonical":"https:\/\/www.amstedmaxion.com.br\/en\/vendas-de-maquinas-agricolas-sobem-384-em-marco-ante-fevereiro-diz-fenabrave\/","og_locale":"en_US","og_type":"article","og_title":"Vendas de m\u00e1quinas agr\u00edcolas sobem 38,4% em mar\u00e7o ante fevereiro, diz Fenabrave - AmstedMaxion","og_description":"Money Times &#8211; As vendas de m\u00e1quinas agr\u00edcolas, entre tratores e colheitadeiras, cresceram 32,4% em mar\u00e7o na compara\u00e7\u00e3o com o mesmo m\u00eas do ano passado. No total, 6,2 mil unidades foram entregues a produtores rurais no terceiro m\u00eas do ano, o que representa uma alta de 38,4% frente a fevereiro, um m\u00eas mais curto. O [&hellip;]","og_url":"https:\/\/www.amstedmaxion.com.br\/en\/vendas-de-maquinas-agricolas-sobem-384-em-marco-ante-fevereiro-diz-fenabrave\/","og_site_name":"AmstedMaxion","article_publisher":"https:\/\/www.facebook.com\/AmstedMaxion.Oficial","article_published_time":"2023-05-26T18:46:31+00:00","og_image":[{"width":719,"height":537,"url":"https:\/\/www.amstedmaxion.com.br\/wp-content\/uploads\/2023\/05\/Money-Times.jpg","type":"image\/jpeg"}],"author":"Rosane Storto","twitter_card":"summary_large_image","twitter_misc":{"Written by":"Rosane Storto","Est. reading time":"2 minutes"},"schema":{"@context":"https:\/\/schema.org","@graph":[{"@type":"Article","@id":"https:\/\/www.amstedmaxion.com.br\/en\/vendas-de-maquinas-agricolas-sobem-384-em-marco-ante-fevereiro-diz-fenabrave\/#article","isPartOf":{"@id":"https:\/\/www.amstedmaxion.com.br\/en\/vendas-de-maquinas-agricolas-sobem-384-em-marco-ante-fevereiro-diz-fenabrave\/"},"author":{"name":"Rosane Storto","@id":"https:\/\/www.amstedmaxion.com.br\/#\/schema\/person\/140cb65f07d4e66dd5543c8a187bf436"},"headline":"Vendas de m\u00e1quinas agr\u00edcolas sobem 38,4% em mar\u00e7o ante fevereiro, diz Fenabrave","datePublished":"2023-05-26T18:46:31+00:00","dateModified":"2023-05-26T18:46:31+00:00","mainEntityOfPage":{"@id":"https:\/\/www.amstedmaxion.com.br\/en\/vendas-de-maquinas-agricolas-sobem-384-em-marco-ante-fevereiro-diz-fenabrave\/"},"wordCount":276,"commentCount":0,"publisher":{"@id":"https:\/\/www.amstedmaxion.com.br\/#organization"},"image":{"@id":"https:\/\/www.amstedmaxion.com.br\/en\/vendas-de-maquinas-agricolas-sobem-384-em-marco-ante-fevereiro-diz-fenabrave\/#primaryimage"},"thumbnailUrl":"https:\/\/www.amstedmaxion.com.br\/wp-content\/uploads\/2023\/05\/Money-Times.jpg","articleSection":["Newsletter"],"inLanguage":"en-US","potentialAction":[{"@type":"CommentAction","name":"Comment","target":["https:\/\/www.amstedmaxion.com.br\/en\/vendas-de-maquinas-agricolas-sobem-384-em-marco-ante-fevereiro-diz-fenabrave\/#respond"]}]},{"@type":"WebPage","@id":"https:\/\/www.amstedmaxion.com.br\/en\/vendas-de-maquinas-agricolas-sobem-384-em-marco-ante-fevereiro-diz-fenabrave\/","url":"https:\/\/www.amstedmaxion.com.br\/en\/vendas-de-maquinas-agricolas-sobem-384-em-marco-ante-fevereiro-diz-fenabrave\/","name":"Vendas de m\u00e1quinas agr\u00edcolas sobem 38,4% em mar\u00e7o ante fevereiro, diz Fenabrave - AmstedMaxion","isPartOf":{"@id":"https:\/\/www.amstedmaxion.com.br\/#website"},"primaryImageOfPage":{"@id":"https:\/\/www.amstedmaxion.com.br\/en\/vendas-de-maquinas-agricolas-sobem-384-em-marco-ante-fevereiro-diz-fenabrave\/#primaryimage"},"image":{"@id":"https:\/\/www.amstedmaxion.com.br\/en\/vendas-de-maquinas-agricolas-sobem-384-em-marco-ante-fevereiro-diz-fenabrave\/#primaryimage"},"thumbnailUrl":"https:\/\/www.amstedmaxion.com.br\/wp-content\/uploads\/2023\/05\/Money-Times.jpg","datePublished":"2023-05-26T18:46:31+00:00","dateModified":"2023-05-26T18:46:31+00:00","breadcrumb":{"@id":"https:\/\/www.amstedmaxion.com.br\/en\/vendas-de-maquinas-agricolas-sobem-384-em-marco-ante-fevereiro-diz-fenabrave\/#breadcrumb"},"inLanguage":"en-US","potentialAction":[{"@type":"ReadAction","target":["https:\/\/www.amstedmaxion.com.br\/en\/vendas-de-maquinas-agricolas-sobem-384-em-marco-ante-fevereiro-diz-fenabrave\/"]}]},{"@type":"ImageObject","inLanguage":"en-US","@id":"https:\/\/www.amstedmaxion.com.br\/en\/vendas-de-maquinas-agricolas-sobem-384-em-marco-ante-fevereiro-diz-fenabrave\/#primaryimage","url":"https:\/\/www.amstedmaxion.com.br\/wp-content\/uploads\/2023\/05\/Money-Times.jpg","contentUrl":"https:\/\/www.amstedmaxion.com.br\/wp-content\/uploads\/2023\/05\/Money-Times.jpg","width":719,"height":537},{"@type":"BreadcrumbList","@id":"https:\/\/www.amstedmaxion.com.br\/en\/vendas-de-maquinas-agricolas-sobem-384-em-marco-ante-fevereiro-diz-fenabrave\/#breadcrumb","itemListElement":[{"@type":"ListItem","position":1,"name":"In\u00edcio","item":"https:\/\/www.amstedmaxion.com.br\/"},{"@type":"ListItem","position":2,"name":"Vendas de m\u00e1quinas agr\u00edcolas sobem 38,4% em mar\u00e7o ante fevereiro, diz Fenabrave"}]},{"@type":"WebSite","@id":"https:\/\/www.amstedmaxion.com.br\/#website","url":"https:\/\/www.amstedmaxion.com.br\/","name":"AmstedMaxion","description":"AmstedMaxion - Fundi\u00e7\u00e3o e Equipamentos Ferrovi\u00e1rios","publisher":{"@id":"https:\/\/www.amstedmaxion.com.br\/#organization"},"alternateName":"AmstedMaxion","potentialAction":[{"@type":"SearchAction","target":{"@type":"EntryPoint","urlTemplate":"https:\/\/www.amstedmaxion.com.br\/?s={search_term_string}"},"query-input":{"@type":"PropertyValueSpecification","valueRequired":true,"valueName":"search_term_string"}}],"inLanguage":"en-US"},{"@type":"Organization","@id":"https:\/\/www.amstedmaxion.com.br\/#organization","name":"AMSTEDMAXION","url":"https:\/\/www.amstedmaxion.com.br\/","logo":{"@type":"ImageObject","inLanguage":"en-US","@id":"https:\/\/www.amstedmaxion.com.br\/#\/schema\/logo\/image\/","url":"https:\/\/www.amstedmaxion.com.br\/wp-content\/uploads\/2023\/11\/amsted.png","contentUrl":"https:\/\/www.amstedmaxion.com.br\/wp-content\/uploads\/2023\/11\/amsted.png","width":500,"height":500,"caption":"AMSTEDMAXION"},"image":{"@id":"https:\/\/www.amstedmaxion.com.br\/#\/schema\/logo\/image\/"},"sameAs":["https:\/\/www.facebook.com\/AmstedMaxion.Oficial","https:\/\/br.linkedin.com\/company\/amstedmaxion"]},{"@type":"Person","@id":"https:\/\/www.amstedmaxion.com.br\/#\/schema\/person\/140cb65f07d4e66dd5543c8a187bf436","name":"Rosane Storto","image":{"@type":"ImageObject","inLanguage":"en-US","@id":"https:\/\/www.amstedmaxion.com.br\/#\/schema\/person\/image\/","url":"https:\/\/secure.gravatar.com\/avatar\/0e3d021545bbe593cb0eb3ee740544fefa86d59762e63dec1dbe9480a34c98cd?s=96&d=mm&r=g","contentUrl":"https:\/\/secure.gravatar.com\/avatar\/0e3d021545bbe593cb0eb3ee740544fefa86d59762e63dec1dbe9480a34c98cd?s=96&d=mm&r=g","caption":"Rosane Storto"}}]}},"_links":{"self":[{"href":"https:\/\/www.amstedmaxion.com.br\/en\/wp-json\/wp\/v2\/posts\/43819","targetHints":{"allow":["GET"]}}],"collection":[{"href":"https:\/\/www.amstedmaxion.com.br\/en\/wp-json\/wp\/v2\/posts"}],"about":[{"href":"https:\/\/www.amstedmaxion.com.br\/en\/wp-json\/wp\/v2\/types\/post"}],"author":[{"embeddable":true,"href":"https:\/\/www.amstedmaxion.com.br\/en\/wp-json\/wp\/v2\/users\/5"}],"replies":[{"embeddable":true,"href":"https:\/\/www.amstedmaxion.com.br\/en\/wp-json\/wp\/v2\/comments?post=43819"}],"version-history":[{"count":1,"href":"https:\/\/www.amstedmaxion.com.br\/en\/wp-json\/wp\/v2\/posts\/43819\/revisions"}],"predecessor-version":[{"id":43822,"href":"https:\/\/www.amstedmaxion.com.br\/en\/wp-json\/wp\/v2\/posts\/43819\/revisions\/43822"}],"wp:featuredmedia":[{"embeddable":true,"href":"https:\/\/www.amstedmaxion.com.br\/en\/wp-json\/wp\/v2\/media\/43820"}],"wp:attachment":[{"href":"https:\/\/www.amstedmaxion.com.br\/en\/wp-json\/wp\/v2\/media?parent=43819"}],"wp:term":[{"taxonomy":"category","embeddable":true,"href":"https:\/\/www.amstedmaxion.com.br\/en\/wp-json\/wp\/v2\/categories?post=43819"},{"taxonomy":"post_tag","embeddable":true,"href":"https:\/\/www.amstedmaxion.com.br\/en\/wp-json\/wp\/v2\/tags?post=43819"}],"curies":[{"name":"wp","href":"https:\/\/api.w.org\/{rel}","templated":true}]}}