{"id":43970,"date":"2023-06-08T16:46:55","date_gmt":"2023-06-08T19:46:55","guid":{"rendered":"https:\/\/www.amstedmaxion.com.br\/?p=43970"},"modified":"2023-06-08T16:46:56","modified_gmt":"2023-06-08T19:46:56","slug":"vendas-na-industria-de-maquinas-e-equipamentos-diminuem","status":"publish","type":"post","link":"https:\/\/www.amstedmaxion.com.br\/en\/vendas-na-industria-de-maquinas-e-equipamentos-diminuem\/","title":{"rendered":"Vendas na ind\u00fastria de m\u00e1quinas e equipamentos diminuem"},"content":{"rendered":"\n<p>O Globo &#8211; Dados apontam queda de 7,8% na receita l\u00edquida de vendas da ind\u00fastria brasileira de m\u00e1quinas e equipamentos em fevereiro deste ano em compara\u00e7\u00e3o com o mesmo m\u00eas de 2022<\/p>\n\n\n\n<p>A Associa\u00e7\u00e3o Brasileira da Ind\u00fastria de M\u00e1quinas e Equipamentos (Abimaq) divulgou dados que apontam uma queda de 7,8% na receita l\u00edquida de vendas da ind\u00fastria brasileira de m\u00e1quinas e equipamentos em fevereiro deste ano, em compara\u00e7\u00e3o com o mesmo m\u00eas do ano anterior. O valor de venda registrado foi de R$ 21,76 bilh\u00f5es, representando a nona queda consecutiva nesse setor. No acumulado do primeiro bimestre, o setor registrou uma queda de 7,1%. No entanto, em rela\u00e7\u00e3o ao m\u00eas anterior, houve um aumento de 7%.<\/p>\n\n\n\n<p>De acordo com a Abimaq, ap\u00f3s uma queda de 2% em janeiro, o setor apresentou uma recupera\u00e7\u00e3o de 2,7% na ocupa\u00e7\u00e3o da capacidade instalada em fevereiro, alcan\u00e7ando 77,6% de sua capacidade total. Apesar desta recupera\u00e7\u00e3o, a capacidade do setor ainda se encontra 2% abaixo do n\u00edvel registrado em 2022 (79,2%).<\/p>\n\n\n\n<p>Ainda segundo o relat\u00f3rio apresentado, no resultado das exporta\u00e7\u00f5es, mais uma vez foi registrada uma quantia superior a US$ 1 bilh\u00e3o em m\u00e1quinas e equipamentos. Esses valores t\u00eam se tornado mais comuns, j\u00e1 que em 2022 houve oito meses com resultados semelhantes nas vendas para o exterior. Esse resultado evidencia o bom momento pelo qual passa o setor exportador de m\u00e1quinas e equipamentos, algo que s\u00f3 foi observado anteriormente em 2012, com n\u00fameros t\u00e3o expressivos. Esse movimento de crescimento n\u00e3o se restringe apenas aos valores monet\u00e1rios, mas tamb\u00e9m \u00e9 evidenciado quando a quantidade de bens exportados \u00e9 analisada.<\/p>\n\n\n\n<p>Apesar do resultado de fevereiro na ind\u00fastria de m\u00e1quinas e equipamentos ter ficado abaixo em rela\u00e7\u00e3o ao m\u00eas de fevereiro de 2022, o setor da constru\u00e7\u00e3o civil, que est\u00e1 diretamente relacionado ao segmento de m\u00e1quinas e equipamentos, as perspectivas para 2023 s\u00e3o positivas. Conforme informado pela C\u00e2mara Brasileira da Ind\u00fastria da Constru\u00e7\u00e3o (CBIC), o setor projeta um crescimento de 2,5% neste ano. Essa estimativa considera o cont\u00ednuo desenvolvimento do mercado nos \u00faltimos dois anos e a an\u00e1lise do ciclo de neg\u00f3cios em andamento no mercado imobili\u00e1rio, que apresenta uma demanda habitacional s\u00f3lida, de acordo com o informativo.<\/p>\n\n\n\n<p>O relat\u00f3rio tamb\u00e9m destaca o avan\u00e7o significativo do setor da constru\u00e7\u00e3o civil nos \u00faltimos dois anos (2021\/2022), com um crescimento de 17,7%, comparado aos 8,2% de crescimento da economia nacional. Apenas nos 12 meses encerrados em setembro de 2022, a constru\u00e7\u00e3o registrou um crescimento de 8,8%.<\/p>\n\n\n\n<p>Ainda de acordo com a Abimaq, mesmo com a queda no faturamento nos primeiros dois meses, o setor registrou um aumento no n\u00famero de contrata\u00e7\u00f5es, com pouco mais de 4 mil novos funcion\u00e1rios. Houve um crescimento de 0,5% na for\u00e7a de trabalho em compara\u00e7\u00e3o com o m\u00eas de janeiro, totalizando 394 mil pessoas empregadas na ind\u00fastria de m\u00e1quinas e equipamentos.<\/p>\n\n\n\n<p>A Abimaq destaca que este foi o segundo m\u00eas consecutivo de recupera\u00e7\u00e3o nas contrata\u00e7\u00f5es, ap\u00f3s uma queda no \u00faltimo trimestre do ano anterior. A associa\u00e7\u00e3o afirma que contribu\u00edram para esse aumento as ind\u00fastrias de m\u00e1quinas fornecedoras para o setor de bens de consumo dur\u00e1veis e semidur\u00e1veis, constru\u00e7\u00e3o civil e tamb\u00e9m infraestrutura.<\/p>\n\n\n\n<p>Mesmo considerando o resultado do primeiro bimestre, as proje\u00e7\u00f5es para 2023 no setor de venda de m\u00e1quinas e equipamentos para constru\u00e7\u00e3o s\u00e3o otimistas. O estudo sobre o setor de aluguel e venda de equipamentos para constru\u00e7\u00e3o civil, mostrou que o segmento vive momento de retomada e crescimento com potencial de aumento nas vendas em 2023. O 17\u00ba Estudo Sobratema do Mercado Brasileiro de Equipamentos para Constru\u00e7\u00e3o, realizado pela Associa\u00e7\u00e3o Brasileira de Tecnologia para Constru\u00e7\u00e3o e Minera\u00e7\u00e3o (Sobratema), estima que as vendas em 2023 ter\u00e3o uma eleva\u00e7\u00e3o da ordem de 4% tanto para o segmento de m\u00e1quinas da linha amarela como todo o setor de equipamentos para constru\u00e7\u00e3o.<\/p>\n\n\n\n<p>Jos\u00e9 Ant\u00f4nio Valente, diretor da empresa de aluguel de m\u00e1quinas Trans Obra, afirma que o momento \u00e9 de seguir o planejamento conforme as proje\u00e7\u00f5es positivas realizadas para 2023 para atender o setor da constru\u00e7\u00e3o civil e que esse \u00e9 um dos motivos que fizeram o n\u00famero de contrata\u00e7\u00f5es subir mesmo com o resultado de fevereiro ter ficado abaixo em compara\u00e7\u00e3o ao mesmo m\u00eas em 2022. \u201cDevemos estar preparados para atender todo o setor, desde equipamentos e m\u00e1quinas de grande porte at\u00e9 a venda e aluguel de betoneira, mangotes, bombas, m\u00e1quinas de alisar e muitas outras necess\u00e1rias para que o Brasil n\u00e3o pare de crescer e n\u00e3o tenha falta de m\u00e1quinas e equipamentos para a ind\u00fastria da constru\u00e7\u00e3o civil e at\u00e9 mesmo no agroneg\u00f3cio&#8221;.<\/p>\n\n\n\n<figure class=\"wp-block-image size-full is-resized\"><img loading=\"lazy\" decoding=\"async\" src=\"https:\/\/www.amstedmaxion.com.br\/wp-content\/uploads\/2023\/06\/ABIMAQ-O-Globo-1.jpg\" alt=\"\" class=\"wp-image-43973\" width=\"452\" height=\"305\" srcset=\"https:\/\/www.amstedmaxion.com.br\/wp-content\/uploads\/2023\/06\/ABIMAQ-O-Globo-1.jpg 719w, https:\/\/www.amstedmaxion.com.br\/wp-content\/uploads\/2023\/06\/ABIMAQ-O-Globo-1-300x202.jpg 300w\" sizes=\"auto, (max-width: 452px) 100vw, 452px\" \/><figcaption class=\"wp-element-caption\">Foto: captura de tela O Globo<\/figcaption><\/figure>\n\n\n\n<p>Fonte: O Globo (https:\/\/oglobo.globo.com\/patrocinado\/dino\/noticia\/2023\/06\/vendas-na-industria-de-maquinas-e-equipamentos-diminuem.ghtml)<\/p>\n","protected":false},"excerpt":{"rendered":"<p>O Globo &#8211; Dados apontam queda de 7,8% na receita l\u00edquida de vendas da ind\u00fastria brasileira de m\u00e1quinas e equipamentos em fevereiro deste ano em compara\u00e7\u00e3o com o mesmo m\u00eas de 2022 A Associa\u00e7\u00e3o Brasileira da Ind\u00fastria de M\u00e1quinas e Equipamentos (Abimaq) divulgou dados que apontam uma queda de 7,8% na receita l\u00edquida de vendas [&hellip;]<\/p>\n","protected":false},"author":5,"featured_media":43973,"comment_status":"open","ping_status":"open","sticky":false,"template":"","format":"standard","meta":{"_acf_changed":false,"footnotes":""},"categories":[148],"tags":[],"class_list":["post-43970","post","type-post","status-publish","format-standard","has-post-thumbnail","hentry","category-newsletter"],"acf":[],"yoast_head":"<!-- This site is optimized with the Yoast SEO plugin v23.9 - https:\/\/yoast.com\/wordpress\/plugins\/seo\/ -->\n<title>Vendas na ind\u00fastria de m\u00e1quinas e equipamentos diminuem - AmstedMaxion<\/title>\n<meta name=\"robots\" content=\"index, follow, max-snippet:-1, max-image-preview:large, max-video-preview:-1\" \/>\n<link rel=\"canonical\" href=\"https:\/\/www.amstedmaxion.com.br\/vendas-na-industria-de-maquinas-e-equipamentos-diminuem\/\" \/>\n<meta property=\"og:locale\" content=\"en_US\" \/>\n<meta property=\"og:type\" content=\"article\" \/>\n<meta property=\"og:title\" content=\"Vendas na ind\u00fastria de m\u00e1quinas e equipamentos diminuem - AmstedMaxion\" \/>\n<meta property=\"og:description\" content=\"O Globo &#8211; Dados apontam queda de 7,8% na receita l\u00edquida de vendas da ind\u00fastria brasileira de m\u00e1quinas e equipamentos em fevereiro deste ano em compara\u00e7\u00e3o com o mesmo m\u00eas de 2022 A Associa\u00e7\u00e3o Brasileira da Ind\u00fastria de M\u00e1quinas e Equipamentos (Abimaq) divulgou dados que apontam uma queda de 7,8% na receita l\u00edquida de vendas [&hellip;]\" \/>\n<meta property=\"og:url\" content=\"https:\/\/www.amstedmaxion.com.br\/vendas-na-industria-de-maquinas-e-equipamentos-diminuem\/\" \/>\n<meta property=\"og:site_name\" content=\"AmstedMaxion\" \/>\n<meta property=\"article:publisher\" content=\"https:\/\/www.facebook.com\/AmstedMaxion.Oficial\" \/>\n<meta property=\"article:published_time\" content=\"2023-06-08T19:46:55+00:00\" \/>\n<meta property=\"article:modified_time\" content=\"2023-06-08T19:46:56+00:00\" \/>\n<meta property=\"og:image\" content=\"https:\/\/www.amstedmaxion.com.br\/wp-content\/uploads\/2023\/06\/ABIMAQ-O-Globo-1.jpg\" \/>\n\t<meta property=\"og:image:width\" content=\"719\" \/>\n\t<meta property=\"og:image:height\" content=\"485\" \/>\n\t<meta property=\"og:image:type\" content=\"image\/jpeg\" \/>\n<meta name=\"author\" content=\"Rosane Storto\" \/>\n<meta name=\"twitter:card\" content=\"summary_large_image\" \/>\n<meta name=\"twitter:label1\" content=\"Written by\" \/>\n\t<meta name=\"twitter:data1\" content=\"Rosane Storto\" \/>\n\t<meta name=\"twitter:label2\" content=\"Est. reading time\" \/>\n\t<meta name=\"twitter:data2\" content=\"5 minutes\" \/>\n<script type=\"application\/ld+json\" class=\"yoast-schema-graph\">{\"@context\":\"https:\/\/schema.org\",\"@graph\":[{\"@type\":\"Article\",\"@id\":\"https:\/\/www.amstedmaxion.com.br\/vendas-na-industria-de-maquinas-e-equipamentos-diminuem\/#article\",\"isPartOf\":{\"@id\":\"https:\/\/www.amstedmaxion.com.br\/vendas-na-industria-de-maquinas-e-equipamentos-diminuem\/\"},\"author\":{\"name\":\"Rosane Storto\",\"@id\":\"https:\/\/www.amstedmaxion.com.br\/#\/schema\/person\/140cb65f07d4e66dd5543c8a187bf436\"},\"headline\":\"Vendas na ind\u00fastria de m\u00e1quinas e equipamentos diminuem\",\"datePublished\":\"2023-06-08T19:46:55+00:00\",\"dateModified\":\"2023-06-08T19:46:56+00:00\",\"mainEntityOfPage\":{\"@id\":\"https:\/\/www.amstedmaxion.com.br\/vendas-na-industria-de-maquinas-e-equipamentos-diminuem\/\"},\"wordCount\":841,\"commentCount\":0,\"publisher\":{\"@id\":\"https:\/\/www.amstedmaxion.com.br\/#organization\"},\"image\":{\"@id\":\"https:\/\/www.amstedmaxion.com.br\/vendas-na-industria-de-maquinas-e-equipamentos-diminuem\/#primaryimage\"},\"thumbnailUrl\":\"https:\/\/www.amstedmaxion.com.br\/wp-content\/uploads\/2023\/06\/ABIMAQ-O-Globo-1.jpg\",\"articleSection\":[\"Newsletter\"],\"inLanguage\":\"en-US\",\"potentialAction\":[{\"@type\":\"CommentAction\",\"name\":\"Comment\",\"target\":[\"https:\/\/www.amstedmaxion.com.br\/vendas-na-industria-de-maquinas-e-equipamentos-diminuem\/#respond\"]}]},{\"@type\":\"WebPage\",\"@id\":\"https:\/\/www.amstedmaxion.com.br\/vendas-na-industria-de-maquinas-e-equipamentos-diminuem\/\",\"url\":\"https:\/\/www.amstedmaxion.com.br\/vendas-na-industria-de-maquinas-e-equipamentos-diminuem\/\",\"name\":\"Vendas na ind\u00fastria de m\u00e1quinas e equipamentos diminuem - AmstedMaxion\",\"isPartOf\":{\"@id\":\"https:\/\/www.amstedmaxion.com.br\/#website\"},\"primaryImageOfPage\":{\"@id\":\"https:\/\/www.amstedmaxion.com.br\/vendas-na-industria-de-maquinas-e-equipamentos-diminuem\/#primaryimage\"},\"image\":{\"@id\":\"https:\/\/www.amstedmaxion.com.br\/vendas-na-industria-de-maquinas-e-equipamentos-diminuem\/#primaryimage\"},\"thumbnailUrl\":\"https:\/\/www.amstedmaxion.com.br\/wp-content\/uploads\/2023\/06\/ABIMAQ-O-Globo-1.jpg\",\"datePublished\":\"2023-06-08T19:46:55+00:00\",\"dateModified\":\"2023-06-08T19:46:56+00:00\",\"breadcrumb\":{\"@id\":\"https:\/\/www.amstedmaxion.com.br\/vendas-na-industria-de-maquinas-e-equipamentos-diminuem\/#breadcrumb\"},\"inLanguage\":\"en-US\",\"potentialAction\":[{\"@type\":\"ReadAction\",\"target\":[\"https:\/\/www.amstedmaxion.com.br\/vendas-na-industria-de-maquinas-e-equipamentos-diminuem\/\"]}]},{\"@type\":\"ImageObject\",\"inLanguage\":\"en-US\",\"@id\":\"https:\/\/www.amstedmaxion.com.br\/vendas-na-industria-de-maquinas-e-equipamentos-diminuem\/#primaryimage\",\"url\":\"https:\/\/www.amstedmaxion.com.br\/wp-content\/uploads\/2023\/06\/ABIMAQ-O-Globo-1.jpg\",\"contentUrl\":\"https:\/\/www.amstedmaxion.com.br\/wp-content\/uploads\/2023\/06\/ABIMAQ-O-Globo-1.jpg\",\"width\":719,\"height\":485,\"caption\":\"Foto: captura de tela O Globo\"},{\"@type\":\"BreadcrumbList\",\"@id\":\"https:\/\/www.amstedmaxion.com.br\/vendas-na-industria-de-maquinas-e-equipamentos-diminuem\/#breadcrumb\",\"itemListElement\":[{\"@type\":\"ListItem\",\"position\":1,\"name\":\"In\u00edcio\",\"item\":\"https:\/\/www.amstedmaxion.com.br\/\"},{\"@type\":\"ListItem\",\"position\":2,\"name\":\"Vendas na ind\u00fastria de m\u00e1quinas e equipamentos diminuem\"}]},{\"@type\":\"WebSite\",\"@id\":\"https:\/\/www.amstedmaxion.com.br\/#website\",\"url\":\"https:\/\/www.amstedmaxion.com.br\/\",\"name\":\"AmstedMaxion\",\"description\":\"AmstedMaxion - Fundi\u00e7\u00e3o e Equipamentos Ferrovi\u00e1rios\",\"publisher\":{\"@id\":\"https:\/\/www.amstedmaxion.com.br\/#organization\"},\"alternateName\":\"AmstedMaxion\",\"potentialAction\":[{\"@type\":\"SearchAction\",\"target\":{\"@type\":\"EntryPoint\",\"urlTemplate\":\"https:\/\/www.amstedmaxion.com.br\/?s={search_term_string}\"},\"query-input\":{\"@type\":\"PropertyValueSpecification\",\"valueRequired\":true,\"valueName\":\"search_term_string\"}}],\"inLanguage\":\"en-US\"},{\"@type\":\"Organization\",\"@id\":\"https:\/\/www.amstedmaxion.com.br\/#organization\",\"name\":\"AMSTEDMAXION\",\"url\":\"https:\/\/www.amstedmaxion.com.br\/\",\"logo\":{\"@type\":\"ImageObject\",\"inLanguage\":\"en-US\",\"@id\":\"https:\/\/www.amstedmaxion.com.br\/#\/schema\/logo\/image\/\",\"url\":\"https:\/\/www.amstedmaxion.com.br\/wp-content\/uploads\/2023\/11\/amsted.png\",\"contentUrl\":\"https:\/\/www.amstedmaxion.com.br\/wp-content\/uploads\/2023\/11\/amsted.png\",\"width\":500,\"height\":500,\"caption\":\"AMSTEDMAXION\"},\"image\":{\"@id\":\"https:\/\/www.amstedmaxion.com.br\/#\/schema\/logo\/image\/\"},\"sameAs\":[\"https:\/\/www.facebook.com\/AmstedMaxion.Oficial\",\"https:\/\/br.linkedin.com\/company\/amstedmaxion\"]},{\"@type\":\"Person\",\"@id\":\"https:\/\/www.amstedmaxion.com.br\/#\/schema\/person\/140cb65f07d4e66dd5543c8a187bf436\",\"name\":\"Rosane Storto\",\"image\":{\"@type\":\"ImageObject\",\"inLanguage\":\"en-US\",\"@id\":\"https:\/\/www.amstedmaxion.com.br\/#\/schema\/person\/image\/\",\"url\":\"https:\/\/secure.gravatar.com\/avatar\/0e3d021545bbe593cb0eb3ee740544fefa86d59762e63dec1dbe9480a34c98cd?s=96&d=mm&r=g\",\"contentUrl\":\"https:\/\/secure.gravatar.com\/avatar\/0e3d021545bbe593cb0eb3ee740544fefa86d59762e63dec1dbe9480a34c98cd?s=96&d=mm&r=g\",\"caption\":\"Rosane Storto\"}}]}<\/script>\n<!-- \/ Yoast SEO plugin. -->","yoast_head_json":{"title":"Vendas na ind\u00fastria de m\u00e1quinas e equipamentos diminuem - AmstedMaxion","robots":{"index":"index","follow":"follow","max-snippet":"max-snippet:-1","max-image-preview":"max-image-preview:large","max-video-preview":"max-video-preview:-1"},"canonical":"https:\/\/www.amstedmaxion.com.br\/vendas-na-industria-de-maquinas-e-equipamentos-diminuem\/","og_locale":"en_US","og_type":"article","og_title":"Vendas na ind\u00fastria de m\u00e1quinas e equipamentos diminuem - AmstedMaxion","og_description":"O Globo &#8211; Dados apontam queda de 7,8% na receita l\u00edquida de vendas da ind\u00fastria brasileira de m\u00e1quinas e equipamentos em fevereiro deste ano em compara\u00e7\u00e3o com o mesmo m\u00eas de 2022 A Associa\u00e7\u00e3o Brasileira da Ind\u00fastria de M\u00e1quinas e Equipamentos (Abimaq) divulgou dados que apontam uma queda de 7,8% na receita l\u00edquida de vendas [&hellip;]","og_url":"https:\/\/www.amstedmaxion.com.br\/vendas-na-industria-de-maquinas-e-equipamentos-diminuem\/","og_site_name":"AmstedMaxion","article_publisher":"https:\/\/www.facebook.com\/AmstedMaxion.Oficial","article_published_time":"2023-06-08T19:46:55+00:00","article_modified_time":"2023-06-08T19:46:56+00:00","og_image":[{"width":719,"height":485,"url":"https:\/\/www.amstedmaxion.com.br\/wp-content\/uploads\/2023\/06\/ABIMAQ-O-Globo-1.jpg","type":"image\/jpeg"}],"author":"Rosane Storto","twitter_card":"summary_large_image","twitter_misc":{"Written by":"Rosane Storto","Est. reading time":"5 minutes"},"schema":{"@context":"https:\/\/schema.org","@graph":[{"@type":"Article","@id":"https:\/\/www.amstedmaxion.com.br\/vendas-na-industria-de-maquinas-e-equipamentos-diminuem\/#article","isPartOf":{"@id":"https:\/\/www.amstedmaxion.com.br\/vendas-na-industria-de-maquinas-e-equipamentos-diminuem\/"},"author":{"name":"Rosane Storto","@id":"https:\/\/www.amstedmaxion.com.br\/#\/schema\/person\/140cb65f07d4e66dd5543c8a187bf436"},"headline":"Vendas na ind\u00fastria de m\u00e1quinas e equipamentos diminuem","datePublished":"2023-06-08T19:46:55+00:00","dateModified":"2023-06-08T19:46:56+00:00","mainEntityOfPage":{"@id":"https:\/\/www.amstedmaxion.com.br\/vendas-na-industria-de-maquinas-e-equipamentos-diminuem\/"},"wordCount":841,"commentCount":0,"publisher":{"@id":"https:\/\/www.amstedmaxion.com.br\/#organization"},"image":{"@id":"https:\/\/www.amstedmaxion.com.br\/vendas-na-industria-de-maquinas-e-equipamentos-diminuem\/#primaryimage"},"thumbnailUrl":"https:\/\/www.amstedmaxion.com.br\/wp-content\/uploads\/2023\/06\/ABIMAQ-O-Globo-1.jpg","articleSection":["Newsletter"],"inLanguage":"en-US","potentialAction":[{"@type":"CommentAction","name":"Comment","target":["https:\/\/www.amstedmaxion.com.br\/vendas-na-industria-de-maquinas-e-equipamentos-diminuem\/#respond"]}]},{"@type":"WebPage","@id":"https:\/\/www.amstedmaxion.com.br\/vendas-na-industria-de-maquinas-e-equipamentos-diminuem\/","url":"https:\/\/www.amstedmaxion.com.br\/vendas-na-industria-de-maquinas-e-equipamentos-diminuem\/","name":"Vendas na ind\u00fastria de m\u00e1quinas e equipamentos diminuem - AmstedMaxion","isPartOf":{"@id":"https:\/\/www.amstedmaxion.com.br\/#website"},"primaryImageOfPage":{"@id":"https:\/\/www.amstedmaxion.com.br\/vendas-na-industria-de-maquinas-e-equipamentos-diminuem\/#primaryimage"},"image":{"@id":"https:\/\/www.amstedmaxion.com.br\/vendas-na-industria-de-maquinas-e-equipamentos-diminuem\/#primaryimage"},"thumbnailUrl":"https:\/\/www.amstedmaxion.com.br\/wp-content\/uploads\/2023\/06\/ABIMAQ-O-Globo-1.jpg","datePublished":"2023-06-08T19:46:55+00:00","dateModified":"2023-06-08T19:46:56+00:00","breadcrumb":{"@id":"https:\/\/www.amstedmaxion.com.br\/vendas-na-industria-de-maquinas-e-equipamentos-diminuem\/#breadcrumb"},"inLanguage":"en-US","potentialAction":[{"@type":"ReadAction","target":["https:\/\/www.amstedmaxion.com.br\/vendas-na-industria-de-maquinas-e-equipamentos-diminuem\/"]}]},{"@type":"ImageObject","inLanguage":"en-US","@id":"https:\/\/www.amstedmaxion.com.br\/vendas-na-industria-de-maquinas-e-equipamentos-diminuem\/#primaryimage","url":"https:\/\/www.amstedmaxion.com.br\/wp-content\/uploads\/2023\/06\/ABIMAQ-O-Globo-1.jpg","contentUrl":"https:\/\/www.amstedmaxion.com.br\/wp-content\/uploads\/2023\/06\/ABIMAQ-O-Globo-1.jpg","width":719,"height":485,"caption":"Foto: captura de tela O Globo"},{"@type":"BreadcrumbList","@id":"https:\/\/www.amstedmaxion.com.br\/vendas-na-industria-de-maquinas-e-equipamentos-diminuem\/#breadcrumb","itemListElement":[{"@type":"ListItem","position":1,"name":"In\u00edcio","item":"https:\/\/www.amstedmaxion.com.br\/"},{"@type":"ListItem","position":2,"name":"Vendas na ind\u00fastria de m\u00e1quinas e equipamentos diminuem"}]},{"@type":"WebSite","@id":"https:\/\/www.amstedmaxion.com.br\/#website","url":"https:\/\/www.amstedmaxion.com.br\/","name":"AmstedMaxion","description":"AmstedMaxion - Fundi\u00e7\u00e3o e Equipamentos Ferrovi\u00e1rios","publisher":{"@id":"https:\/\/www.amstedmaxion.com.br\/#organization"},"alternateName":"AmstedMaxion","potentialAction":[{"@type":"SearchAction","target":{"@type":"EntryPoint","urlTemplate":"https:\/\/www.amstedmaxion.com.br\/?s={search_term_string}"},"query-input":{"@type":"PropertyValueSpecification","valueRequired":true,"valueName":"search_term_string"}}],"inLanguage":"en-US"},{"@type":"Organization","@id":"https:\/\/www.amstedmaxion.com.br\/#organization","name":"AMSTEDMAXION","url":"https:\/\/www.amstedmaxion.com.br\/","logo":{"@type":"ImageObject","inLanguage":"en-US","@id":"https:\/\/www.amstedmaxion.com.br\/#\/schema\/logo\/image\/","url":"https:\/\/www.amstedmaxion.com.br\/wp-content\/uploads\/2023\/11\/amsted.png","contentUrl":"https:\/\/www.amstedmaxion.com.br\/wp-content\/uploads\/2023\/11\/amsted.png","width":500,"height":500,"caption":"AMSTEDMAXION"},"image":{"@id":"https:\/\/www.amstedmaxion.com.br\/#\/schema\/logo\/image\/"},"sameAs":["https:\/\/www.facebook.com\/AmstedMaxion.Oficial","https:\/\/br.linkedin.com\/company\/amstedmaxion"]},{"@type":"Person","@id":"https:\/\/www.amstedmaxion.com.br\/#\/schema\/person\/140cb65f07d4e66dd5543c8a187bf436","name":"Rosane Storto","image":{"@type":"ImageObject","inLanguage":"en-US","@id":"https:\/\/www.amstedmaxion.com.br\/#\/schema\/person\/image\/","url":"https:\/\/secure.gravatar.com\/avatar\/0e3d021545bbe593cb0eb3ee740544fefa86d59762e63dec1dbe9480a34c98cd?s=96&d=mm&r=g","contentUrl":"https:\/\/secure.gravatar.com\/avatar\/0e3d021545bbe593cb0eb3ee740544fefa86d59762e63dec1dbe9480a34c98cd?s=96&d=mm&r=g","caption":"Rosane Storto"}}]}},"_links":{"self":[{"href":"https:\/\/www.amstedmaxion.com.br\/en\/wp-json\/wp\/v2\/posts\/43970","targetHints":{"allow":["GET"]}}],"collection":[{"href":"https:\/\/www.amstedmaxion.com.br\/en\/wp-json\/wp\/v2\/posts"}],"about":[{"href":"https:\/\/www.amstedmaxion.com.br\/en\/wp-json\/wp\/v2\/types\/post"}],"author":[{"embeddable":true,"href":"https:\/\/www.amstedmaxion.com.br\/en\/wp-json\/wp\/v2\/users\/5"}],"replies":[{"embeddable":true,"href":"https:\/\/www.amstedmaxion.com.br\/en\/wp-json\/wp\/v2\/comments?post=43970"}],"version-history":[{"count":1,"href":"https:\/\/www.amstedmaxion.com.br\/en\/wp-json\/wp\/v2\/posts\/43970\/revisions"}],"predecessor-version":[{"id":43975,"href":"https:\/\/www.amstedmaxion.com.br\/en\/wp-json\/wp\/v2\/posts\/43970\/revisions\/43975"}],"wp:featuredmedia":[{"embeddable":true,"href":"https:\/\/www.amstedmaxion.com.br\/en\/wp-json\/wp\/v2\/media\/43973"}],"wp:attachment":[{"href":"https:\/\/www.amstedmaxion.com.br\/en\/wp-json\/wp\/v2\/media?parent=43970"}],"wp:term":[{"taxonomy":"category","embeddable":true,"href":"https:\/\/www.amstedmaxion.com.br\/en\/wp-json\/wp\/v2\/categories?post=43970"},{"taxonomy":"post_tag","embeddable":true,"href":"https:\/\/www.amstedmaxion.com.br\/en\/wp-json\/wp\/v2\/tags?post=43970"}],"curies":[{"name":"wp","href":"https:\/\/api.w.org\/{rel}","templated":true}]}}