{"id":43980,"date":"2023-06-08T16:53:18","date_gmt":"2023-06-08T19:53:18","guid":{"rendered":"https:\/\/www.amstedmaxion.com.br\/?p=43980"},"modified":"2023-06-08T16:53:18","modified_gmt":"2023-06-08T19:53:18","slug":"semana-do-meio-ambiente-amstedmaxion","status":"publish","type":"post","link":"https:\/\/www.amstedmaxion.com.br\/en\/semana-do-meio-ambiente-amstedmaxion\/","title":{"rendered":"Semana do Meio Ambiente AmstedMaxion"},"content":{"rendered":"\n<p>E para comemorar o Dia Mundial do Meio Ambiente, celebrado no \u00faltimo dia 5, a AmstedMaxion realizou uma a\u00e7\u00e3o especial com os alunos do programa Formare, fornecedores e funcion\u00e1rios. Al\u00e9m do plantio de mudas nativas, foi realizada uma exposi\u00e7\u00e3o sobre Meio Ambiente e palestras com fornecedores. Tamb\u00e9m foi implantada a placa do projeto de reflorestamento da mata ciliar do Rio Para\u00edba do Sul. Implantado em 2003, o projeto teve como objetivo, contribuir com a preserva\u00e7\u00e3o dos recursos h\u00eddricos, com a melhora do clima, restabelecimento do ecossistema local e aumento da biodiversidade. Ap\u00f3s 20 anos, temos uma bela \u00e1rea de cerca de 60 mil m2, composta por aproximadamente 40 esp\u00e9cies de \u00e1rvores nativas de mata atl\u00e2ntica, dentre elas Ip\u00eas, Guapuruvus, Sibipirunas, Pau Brasil, Aroeiras e Paineiras. Mais do que um compromisso, este projeto de reflorestamento deixa um legado as futuras gera\u00e7\u00f5es e reafirma nosso compromisso com as quest\u00f5es ambientais.<\/p>\n\n\n\n<figure class=\"wp-block-image size-full is-resized\"><img loading=\"lazy\" decoding=\"async\" src=\"https:\/\/www.amstedmaxion.com.br\/wp-content\/uploads\/2023\/06\/Meio-Ambiente-AM.jpeg\" alt=\"\" class=\"wp-image-43981\" width=\"415\" height=\"415\" srcset=\"https:\/\/www.amstedmaxion.com.br\/wp-content\/uploads\/2023\/06\/Meio-Ambiente-AM.jpeg 800w, https:\/\/www.amstedmaxion.com.br\/wp-content\/uploads\/2023\/06\/Meio-Ambiente-AM-300x300.jpeg 300w, https:\/\/www.amstedmaxion.com.br\/wp-content\/uploads\/2023\/06\/Meio-Ambiente-AM-150x150.jpeg 150w, https:\/\/www.amstedmaxion.com.br\/wp-content\/uploads\/2023\/06\/Meio-Ambiente-AM-768x768.jpeg 768w\" sizes=\"auto, (max-width: 415px) 100vw, 415px\" \/><\/figure>\n","protected":false},"excerpt":{"rendered":"<p>E para comemorar o Dia Mundial do Meio Ambiente, celebrado no \u00faltimo dia 5, a AmstedMaxion realizou uma a\u00e7\u00e3o especial com os alunos do programa Formare, fornecedores e funcion\u00e1rios. Al\u00e9m do plantio de mudas nativas, foi realizada uma exposi\u00e7\u00e3o sobre Meio Ambiente e palestras com fornecedores. Tamb\u00e9m foi implantada a placa do projeto de reflorestamento [&hellip;]<\/p>\n","protected":false},"author":5,"featured_media":43981,"comment_status":"open","ping_status":"open","sticky":false,"template":"","format":"standard","meta":{"_acf_changed":false,"footnotes":""},"categories":[148],"tags":[],"class_list":["post-43980","post","type-post","status-publish","format-standard","has-post-thumbnail","hentry","category-newsletter"],"acf":[],"yoast_head":"<!-- This site is optimized with the Yoast SEO plugin v23.9 - https:\/\/yoast.com\/wordpress\/plugins\/seo\/ -->\n<title>Semana do Meio Ambiente AmstedMaxion - AmstedMaxion<\/title>\n<meta name=\"robots\" content=\"index, follow, max-snippet:-1, max-image-preview:large, max-video-preview:-1\" \/>\n<link rel=\"canonical\" href=\"https:\/\/www.amstedmaxion.com.br\/semana-do-meio-ambiente-amstedmaxion\/\" \/>\n<meta property=\"og:locale\" content=\"en_US\" \/>\n<meta property=\"og:type\" content=\"article\" \/>\n<meta property=\"og:title\" content=\"Semana do Meio Ambiente AmstedMaxion - AmstedMaxion\" \/>\n<meta property=\"og:description\" content=\"E para comemorar o Dia Mundial do Meio Ambiente, celebrado no \u00faltimo dia 5, a AmstedMaxion realizou uma a\u00e7\u00e3o especial com os alunos do programa Formare, fornecedores e funcion\u00e1rios. Al\u00e9m do plantio de mudas nativas, foi realizada uma exposi\u00e7\u00e3o sobre Meio Ambiente e palestras com fornecedores. Tamb\u00e9m foi implantada a placa do projeto de reflorestamento [&hellip;]\" \/>\n<meta property=\"og:url\" content=\"https:\/\/www.amstedmaxion.com.br\/semana-do-meio-ambiente-amstedmaxion\/\" \/>\n<meta property=\"og:site_name\" content=\"AmstedMaxion\" \/>\n<meta property=\"article:publisher\" content=\"https:\/\/www.facebook.com\/AmstedMaxion.Oficial\" \/>\n<meta property=\"article:published_time\" content=\"2023-06-08T19:53:18+00:00\" \/>\n<meta property=\"og:image\" content=\"https:\/\/www.amstedmaxion.com.br\/wp-content\/uploads\/2023\/06\/Meio-Ambiente-AM.jpeg\" \/>\n\t<meta property=\"og:image:width\" content=\"800\" \/>\n\t<meta property=\"og:image:height\" content=\"800\" \/>\n\t<meta property=\"og:image:type\" content=\"image\/jpeg\" \/>\n<meta name=\"author\" content=\"Rosane Storto\" \/>\n<meta name=\"twitter:card\" content=\"summary_large_image\" \/>\n<meta name=\"twitter:label1\" content=\"Written by\" \/>\n\t<meta name=\"twitter:data1\" content=\"Rosane Storto\" \/>\n\t<meta name=\"twitter:label2\" content=\"Est. reading time\" \/>\n\t<meta name=\"twitter:data2\" content=\"2 minutes\" \/>\n<script type=\"application\/ld+json\" class=\"yoast-schema-graph\">{\"@context\":\"https:\/\/schema.org\",\"@graph\":[{\"@type\":\"Article\",\"@id\":\"https:\/\/www.amstedmaxion.com.br\/semana-do-meio-ambiente-amstedmaxion\/#article\",\"isPartOf\":{\"@id\":\"https:\/\/www.amstedmaxion.com.br\/semana-do-meio-ambiente-amstedmaxion\/\"},\"author\":{\"name\":\"Rosane Storto\",\"@id\":\"https:\/\/www.amstedmaxion.com.br\/#\/schema\/person\/140cb65f07d4e66dd5543c8a187bf436\"},\"headline\":\"Semana do Meio Ambiente AmstedMaxion\",\"datePublished\":\"2023-06-08T19:53:18+00:00\",\"dateModified\":\"2023-06-08T19:53:18+00:00\",\"mainEntityOfPage\":{\"@id\":\"https:\/\/www.amstedmaxion.com.br\/semana-do-meio-ambiente-amstedmaxion\/\"},\"wordCount\":162,\"commentCount\":0,\"publisher\":{\"@id\":\"https:\/\/www.amstedmaxion.com.br\/#organization\"},\"image\":{\"@id\":\"https:\/\/www.amstedmaxion.com.br\/semana-do-meio-ambiente-amstedmaxion\/#primaryimage\"},\"thumbnailUrl\":\"https:\/\/www.amstedmaxion.com.br\/wp-content\/uploads\/2023\/06\/Meio-Ambiente-AM.jpeg\",\"articleSection\":[\"Newsletter\"],\"inLanguage\":\"en-US\",\"potentialAction\":[{\"@type\":\"CommentAction\",\"name\":\"Comment\",\"target\":[\"https:\/\/www.amstedmaxion.com.br\/semana-do-meio-ambiente-amstedmaxion\/#respond\"]}]},{\"@type\":\"WebPage\",\"@id\":\"https:\/\/www.amstedmaxion.com.br\/semana-do-meio-ambiente-amstedmaxion\/\",\"url\":\"https:\/\/www.amstedmaxion.com.br\/semana-do-meio-ambiente-amstedmaxion\/\",\"name\":\"Semana do Meio Ambiente AmstedMaxion - AmstedMaxion\",\"isPartOf\":{\"@id\":\"https:\/\/www.amstedmaxion.com.br\/#website\"},\"primaryImageOfPage\":{\"@id\":\"https:\/\/www.amstedmaxion.com.br\/semana-do-meio-ambiente-amstedmaxion\/#primaryimage\"},\"image\":{\"@id\":\"https:\/\/www.amstedmaxion.com.br\/semana-do-meio-ambiente-amstedmaxion\/#primaryimage\"},\"thumbnailUrl\":\"https:\/\/www.amstedmaxion.com.br\/wp-content\/uploads\/2023\/06\/Meio-Ambiente-AM.jpeg\",\"datePublished\":\"2023-06-08T19:53:18+00:00\",\"dateModified\":\"2023-06-08T19:53:18+00:00\",\"breadcrumb\":{\"@id\":\"https:\/\/www.amstedmaxion.com.br\/semana-do-meio-ambiente-amstedmaxion\/#breadcrumb\"},\"inLanguage\":\"en-US\",\"potentialAction\":[{\"@type\":\"ReadAction\",\"target\":[\"https:\/\/www.amstedmaxion.com.br\/semana-do-meio-ambiente-amstedmaxion\/\"]}]},{\"@type\":\"ImageObject\",\"inLanguage\":\"en-US\",\"@id\":\"https:\/\/www.amstedmaxion.com.br\/semana-do-meio-ambiente-amstedmaxion\/#primaryimage\",\"url\":\"https:\/\/www.amstedmaxion.com.br\/wp-content\/uploads\/2023\/06\/Meio-Ambiente-AM.jpeg\",\"contentUrl\":\"https:\/\/www.amstedmaxion.com.br\/wp-content\/uploads\/2023\/06\/Meio-Ambiente-AM.jpeg\",\"width\":800,\"height\":800},{\"@type\":\"BreadcrumbList\",\"@id\":\"https:\/\/www.amstedmaxion.com.br\/semana-do-meio-ambiente-amstedmaxion\/#breadcrumb\",\"itemListElement\":[{\"@type\":\"ListItem\",\"position\":1,\"name\":\"In\u00edcio\",\"item\":\"https:\/\/www.amstedmaxion.com.br\/\"},{\"@type\":\"ListItem\",\"position\":2,\"name\":\"Semana do Meio Ambiente AmstedMaxion\"}]},{\"@type\":\"WebSite\",\"@id\":\"https:\/\/www.amstedmaxion.com.br\/#website\",\"url\":\"https:\/\/www.amstedmaxion.com.br\/\",\"name\":\"AmstedMaxion\",\"description\":\"AmstedMaxion - Fundi\u00e7\u00e3o e Equipamentos Ferrovi\u00e1rios\",\"publisher\":{\"@id\":\"https:\/\/www.amstedmaxion.com.br\/#organization\"},\"alternateName\":\"AmstedMaxion\",\"potentialAction\":[{\"@type\":\"SearchAction\",\"target\":{\"@type\":\"EntryPoint\",\"urlTemplate\":\"https:\/\/www.amstedmaxion.com.br\/?s={search_term_string}\"},\"query-input\":{\"@type\":\"PropertyValueSpecification\",\"valueRequired\":true,\"valueName\":\"search_term_string\"}}],\"inLanguage\":\"en-US\"},{\"@type\":\"Organization\",\"@id\":\"https:\/\/www.amstedmaxion.com.br\/#organization\",\"name\":\"AMSTEDMAXION\",\"url\":\"https:\/\/www.amstedmaxion.com.br\/\",\"logo\":{\"@type\":\"ImageObject\",\"inLanguage\":\"en-US\",\"@id\":\"https:\/\/www.amstedmaxion.com.br\/#\/schema\/logo\/image\/\",\"url\":\"https:\/\/www.amstedmaxion.com.br\/wp-content\/uploads\/2023\/11\/amsted.png\",\"contentUrl\":\"https:\/\/www.amstedmaxion.com.br\/wp-content\/uploads\/2023\/11\/amsted.png\",\"width\":500,\"height\":500,\"caption\":\"AMSTEDMAXION\"},\"image\":{\"@id\":\"https:\/\/www.amstedmaxion.com.br\/#\/schema\/logo\/image\/\"},\"sameAs\":[\"https:\/\/www.facebook.com\/AmstedMaxion.Oficial\",\"https:\/\/br.linkedin.com\/company\/amstedmaxion\"]},{\"@type\":\"Person\",\"@id\":\"https:\/\/www.amstedmaxion.com.br\/#\/schema\/person\/140cb65f07d4e66dd5543c8a187bf436\",\"name\":\"Rosane Storto\",\"image\":{\"@type\":\"ImageObject\",\"inLanguage\":\"en-US\",\"@id\":\"https:\/\/www.amstedmaxion.com.br\/#\/schema\/person\/image\/\",\"url\":\"https:\/\/secure.gravatar.com\/avatar\/0e3d021545bbe593cb0eb3ee740544fefa86d59762e63dec1dbe9480a34c98cd?s=96&d=mm&r=g\",\"contentUrl\":\"https:\/\/secure.gravatar.com\/avatar\/0e3d021545bbe593cb0eb3ee740544fefa86d59762e63dec1dbe9480a34c98cd?s=96&d=mm&r=g\",\"caption\":\"Rosane Storto\"}}]}<\/script>\n<!-- \/ Yoast SEO plugin. -->","yoast_head_json":{"title":"Semana do Meio Ambiente AmstedMaxion - AmstedMaxion","robots":{"index":"index","follow":"follow","max-snippet":"max-snippet:-1","max-image-preview":"max-image-preview:large","max-video-preview":"max-video-preview:-1"},"canonical":"https:\/\/www.amstedmaxion.com.br\/semana-do-meio-ambiente-amstedmaxion\/","og_locale":"en_US","og_type":"article","og_title":"Semana do Meio Ambiente AmstedMaxion - AmstedMaxion","og_description":"E para comemorar o Dia Mundial do Meio Ambiente, celebrado no \u00faltimo dia 5, a AmstedMaxion realizou uma a\u00e7\u00e3o especial com os alunos do programa Formare, fornecedores e funcion\u00e1rios. Al\u00e9m do plantio de mudas nativas, foi realizada uma exposi\u00e7\u00e3o sobre Meio Ambiente e palestras com fornecedores. Tamb\u00e9m foi implantada a placa do projeto de reflorestamento [&hellip;]","og_url":"https:\/\/www.amstedmaxion.com.br\/semana-do-meio-ambiente-amstedmaxion\/","og_site_name":"AmstedMaxion","article_publisher":"https:\/\/www.facebook.com\/AmstedMaxion.Oficial","article_published_time":"2023-06-08T19:53:18+00:00","og_image":[{"width":800,"height":800,"url":"https:\/\/www.amstedmaxion.com.br\/wp-content\/uploads\/2023\/06\/Meio-Ambiente-AM.jpeg","type":"image\/jpeg"}],"author":"Rosane Storto","twitter_card":"summary_large_image","twitter_misc":{"Written by":"Rosane Storto","Est. reading time":"2 minutes"},"schema":{"@context":"https:\/\/schema.org","@graph":[{"@type":"Article","@id":"https:\/\/www.amstedmaxion.com.br\/semana-do-meio-ambiente-amstedmaxion\/#article","isPartOf":{"@id":"https:\/\/www.amstedmaxion.com.br\/semana-do-meio-ambiente-amstedmaxion\/"},"author":{"name":"Rosane Storto","@id":"https:\/\/www.amstedmaxion.com.br\/#\/schema\/person\/140cb65f07d4e66dd5543c8a187bf436"},"headline":"Semana do Meio Ambiente AmstedMaxion","datePublished":"2023-06-08T19:53:18+00:00","dateModified":"2023-06-08T19:53:18+00:00","mainEntityOfPage":{"@id":"https:\/\/www.amstedmaxion.com.br\/semana-do-meio-ambiente-amstedmaxion\/"},"wordCount":162,"commentCount":0,"publisher":{"@id":"https:\/\/www.amstedmaxion.com.br\/#organization"},"image":{"@id":"https:\/\/www.amstedmaxion.com.br\/semana-do-meio-ambiente-amstedmaxion\/#primaryimage"},"thumbnailUrl":"https:\/\/www.amstedmaxion.com.br\/wp-content\/uploads\/2023\/06\/Meio-Ambiente-AM.jpeg","articleSection":["Newsletter"],"inLanguage":"en-US","potentialAction":[{"@type":"CommentAction","name":"Comment","target":["https:\/\/www.amstedmaxion.com.br\/semana-do-meio-ambiente-amstedmaxion\/#respond"]}]},{"@type":"WebPage","@id":"https:\/\/www.amstedmaxion.com.br\/semana-do-meio-ambiente-amstedmaxion\/","url":"https:\/\/www.amstedmaxion.com.br\/semana-do-meio-ambiente-amstedmaxion\/","name":"Semana do Meio Ambiente AmstedMaxion - AmstedMaxion","isPartOf":{"@id":"https:\/\/www.amstedmaxion.com.br\/#website"},"primaryImageOfPage":{"@id":"https:\/\/www.amstedmaxion.com.br\/semana-do-meio-ambiente-amstedmaxion\/#primaryimage"},"image":{"@id":"https:\/\/www.amstedmaxion.com.br\/semana-do-meio-ambiente-amstedmaxion\/#primaryimage"},"thumbnailUrl":"https:\/\/www.amstedmaxion.com.br\/wp-content\/uploads\/2023\/06\/Meio-Ambiente-AM.jpeg","datePublished":"2023-06-08T19:53:18+00:00","dateModified":"2023-06-08T19:53:18+00:00","breadcrumb":{"@id":"https:\/\/www.amstedmaxion.com.br\/semana-do-meio-ambiente-amstedmaxion\/#breadcrumb"},"inLanguage":"en-US","potentialAction":[{"@type":"ReadAction","target":["https:\/\/www.amstedmaxion.com.br\/semana-do-meio-ambiente-amstedmaxion\/"]}]},{"@type":"ImageObject","inLanguage":"en-US","@id":"https:\/\/www.amstedmaxion.com.br\/semana-do-meio-ambiente-amstedmaxion\/#primaryimage","url":"https:\/\/www.amstedmaxion.com.br\/wp-content\/uploads\/2023\/06\/Meio-Ambiente-AM.jpeg","contentUrl":"https:\/\/www.amstedmaxion.com.br\/wp-content\/uploads\/2023\/06\/Meio-Ambiente-AM.jpeg","width":800,"height":800},{"@type":"BreadcrumbList","@id":"https:\/\/www.amstedmaxion.com.br\/semana-do-meio-ambiente-amstedmaxion\/#breadcrumb","itemListElement":[{"@type":"ListItem","position":1,"name":"In\u00edcio","item":"https:\/\/www.amstedmaxion.com.br\/"},{"@type":"ListItem","position":2,"name":"Semana do Meio Ambiente AmstedMaxion"}]},{"@type":"WebSite","@id":"https:\/\/www.amstedmaxion.com.br\/#website","url":"https:\/\/www.amstedmaxion.com.br\/","name":"AmstedMaxion","description":"AmstedMaxion - Fundi\u00e7\u00e3o e Equipamentos Ferrovi\u00e1rios","publisher":{"@id":"https:\/\/www.amstedmaxion.com.br\/#organization"},"alternateName":"AmstedMaxion","potentialAction":[{"@type":"SearchAction","target":{"@type":"EntryPoint","urlTemplate":"https:\/\/www.amstedmaxion.com.br\/?s={search_term_string}"},"query-input":{"@type":"PropertyValueSpecification","valueRequired":true,"valueName":"search_term_string"}}],"inLanguage":"en-US"},{"@type":"Organization","@id":"https:\/\/www.amstedmaxion.com.br\/#organization","name":"AMSTEDMAXION","url":"https:\/\/www.amstedmaxion.com.br\/","logo":{"@type":"ImageObject","inLanguage":"en-US","@id":"https:\/\/www.amstedmaxion.com.br\/#\/schema\/logo\/image\/","url":"https:\/\/www.amstedmaxion.com.br\/wp-content\/uploads\/2023\/11\/amsted.png","contentUrl":"https:\/\/www.amstedmaxion.com.br\/wp-content\/uploads\/2023\/11\/amsted.png","width":500,"height":500,"caption":"AMSTEDMAXION"},"image":{"@id":"https:\/\/www.amstedmaxion.com.br\/#\/schema\/logo\/image\/"},"sameAs":["https:\/\/www.facebook.com\/AmstedMaxion.Oficial","https:\/\/br.linkedin.com\/company\/amstedmaxion"]},{"@type":"Person","@id":"https:\/\/www.amstedmaxion.com.br\/#\/schema\/person\/140cb65f07d4e66dd5543c8a187bf436","name":"Rosane Storto","image":{"@type":"ImageObject","inLanguage":"en-US","@id":"https:\/\/www.amstedmaxion.com.br\/#\/schema\/person\/image\/","url":"https:\/\/secure.gravatar.com\/avatar\/0e3d021545bbe593cb0eb3ee740544fefa86d59762e63dec1dbe9480a34c98cd?s=96&d=mm&r=g","contentUrl":"https:\/\/secure.gravatar.com\/avatar\/0e3d021545bbe593cb0eb3ee740544fefa86d59762e63dec1dbe9480a34c98cd?s=96&d=mm&r=g","caption":"Rosane Storto"}}]}},"_links":{"self":[{"href":"https:\/\/www.amstedmaxion.com.br\/en\/wp-json\/wp\/v2\/posts\/43980","targetHints":{"allow":["GET"]}}],"collection":[{"href":"https:\/\/www.amstedmaxion.com.br\/en\/wp-json\/wp\/v2\/posts"}],"about":[{"href":"https:\/\/www.amstedmaxion.com.br\/en\/wp-json\/wp\/v2\/types\/post"}],"author":[{"embeddable":true,"href":"https:\/\/www.amstedmaxion.com.br\/en\/wp-json\/wp\/v2\/users\/5"}],"replies":[{"embeddable":true,"href":"https:\/\/www.amstedmaxion.com.br\/en\/wp-json\/wp\/v2\/comments?post=43980"}],"version-history":[{"count":2,"href":"https:\/\/www.amstedmaxion.com.br\/en\/wp-json\/wp\/v2\/posts\/43980\/revisions"}],"predecessor-version":[{"id":43984,"href":"https:\/\/www.amstedmaxion.com.br\/en\/wp-json\/wp\/v2\/posts\/43980\/revisions\/43984"}],"wp:featuredmedia":[{"embeddable":true,"href":"https:\/\/www.amstedmaxion.com.br\/en\/wp-json\/wp\/v2\/media\/43981"}],"wp:attachment":[{"href":"https:\/\/www.amstedmaxion.com.br\/en\/wp-json\/wp\/v2\/media?parent=43980"}],"wp:term":[{"taxonomy":"category","embeddable":true,"href":"https:\/\/www.amstedmaxion.com.br\/en\/wp-json\/wp\/v2\/categories?post=43980"},{"taxonomy":"post_tag","embeddable":true,"href":"https:\/\/www.amstedmaxion.com.br\/en\/wp-json\/wp\/v2\/tags?post=43980"}],"curies":[{"name":"wp","href":"https:\/\/api.w.org\/{rel}","templated":true}]}}