{"id":44020,"date":"2023-06-14T17:00:03","date_gmt":"2023-06-14T20:00:03","guid":{"rendered":"https:\/\/www.amstedmaxion.com.br\/?p=44020"},"modified":"2023-06-14T17:00:05","modified_gmt":"2023-06-14T20:00:05","slug":"industria-de-maquinas-e-equipamentos-aponta-queda-em-janeiro","status":"publish","type":"post","link":"https:\/\/www.amstedmaxion.com.br\/en\/industria-de-maquinas-e-equipamentos-aponta-queda-em-janeiro\/","title":{"rendered":"Ind\u00fastria de m\u00e1quinas e equipamentos aponta queda em janeiro"},"content":{"rendered":"\n<p>Terra &#8211; O resultado da ind\u00fastria de m\u00e1quinas e equipamentos ficou abaixo do resultado de janeiro de 2022 em 6,4%<\/p>\n\n\n\n<p>Segundo relat\u00f3rio divulgado pela Associa\u00e7\u00e3o Brasileira da Ind\u00fastria de M\u00e1quinas e Equipamentos (Abimaq) em mar\u00e7o deste ano, o resultado da ind\u00fastria de m\u00e1quinas e equipamentos em janeiro de 2023 ficou 6,4% abaixo do resultado de janeiro de 2022. J\u00e1 no setor de importa\u00e7\u00e3o de m\u00e1quinas e equipamentos a queda foi 4,1% em janeiro quando comparado ao m\u00eas anterior.<\/p>\n\n\n\n<p>J\u00e1 no relat\u00f3rio apresentado em abril pela Abimaq os dados divulgados mostraram uma queda de 7,8% na receita l\u00edquida de vendas da ind\u00fastria brasileira de m\u00e1quinas e equipamentos em fevereiro deste ano, em compara\u00e7\u00e3o com o mesmo m\u00eas do ano anterior. O valor de venda registrado foi de R$ 21,76 bilh\u00f5es, representando a nona queda consecutiva nesse setor. No acumulado do primeiro bimestre, o setor registrou uma queda de 7,1%. No entanto, em rela\u00e7\u00e3o ao m\u00eas anterior, houve um aumento de 7%.<\/p>\n\n\n\n<p>De acordo com a Abimaq, respons\u00e1vel pelo estudo, ap\u00f3s uma queda de 2% em janeiro, o setor apresentou uma recupera\u00e7\u00e3o de 2,7% na ocupa\u00e7\u00e3o da capacidade instalada em fevereiro, alcan\u00e7ando 77,6% de sua capacidade total. Apesar desta recupera\u00e7\u00e3o, a capacidade do setor ainda se encontra 2% abaixo do n\u00edvel registrado em 2022 (79,2%).<\/p>\n\n\n\n<p>Apesar da queda no setor de m\u00e1quinas e equipamentos, o desempenho geral da ind\u00fastria em 2022 foi positivo. A constru\u00e7\u00e3o tamb\u00e9m apresentou n\u00fameros favor\u00e1veis, com um aumento de 6,9%. No geral, de acordo com o Instituto Brasileiro de Geografia e Estat\u00edstica (IBGE), a ind\u00fastria contribuiu para um crescimento de 1,6% do Produto Interno Bruto (PIB).<\/p>\n\n\n\n<p>Apesar do desempenho registrado no primeiro bimestre, as proje\u00e7\u00f5es para 2023 no setor de comercializa\u00e7\u00e3o de m\u00e1quinas e equipamentos destinados \u00e0 constru\u00e7\u00e3o s\u00e3o promissoras. O estudo sobre o ramo de loca\u00e7\u00e3o e venda de equipamentos para o setor de constru\u00e7\u00e3o civil revelou um per\u00edodo de recupera\u00e7\u00e3o e crescimento, com potencial para aumentar as vendas em 2023. O 17\u00ba Estudo Sobratema do Mercado Brasileiro de Equipamentos para Constru\u00e7\u00e3o, conduzido pela Associa\u00e7\u00e3o Brasileira de Tecnologia para Constru\u00e7\u00e3o e Minera\u00e7\u00e3o (Sobratema), estima um crescimento de aproximadamente 4% nas vendas ao longo de 2023, tanto para o segmento de m\u00e1quinas da categoria &#8220;linha amarela&#8221; quanto para o setor geral de equipamentos destinados \u00e0 constru\u00e7\u00e3o.<\/p>\n\n\n\n<p>O relat\u00f3rio apresentado pela Abimaq mostrou ainda que o segmento de m\u00e1quinas e equipamentos exportou cerca de US$ 1,2 bilh\u00e3o, representando o segundo melhor resultado do ano. Ao longo do ano, foram registrados oito meses em que as vendas externas superaram a marca de US$ 1 bilh\u00e3o, algo que n\u00e3o era observado desde meados de 2012.<\/p>\n\n\n\n<p>Com isso, as exporta\u00e7\u00f5es do setor alcan\u00e7aram US$ 12,2 bilh\u00f5es ao longo do ano de 2022, registrando um crescimento de 21% em rela\u00e7\u00e3o a 2021. Esse valor representa mais de 20% da receita total do setor. Durante o ano, tamb\u00e9m houve um aumento na quantidade de bens exportados, embora em uma taxa relativamente menor, de aproximadamente 6,5%.<\/p>\n\n\n\n<p>Jos\u00e9 Ant\u00f4nio Valente, diretor da empresa de aluguel de equipamentos Trans Obra, afirma que a expectativa de crescimento nas vendas para 2023 apresentada por relat\u00f3rios e estudos como proje\u00e7\u00e3o para o ano, somado ao resultado das vendas para a exporta\u00e7\u00e3o podem abrir oportunidades para empresas que trabalham com aluguel de gerador, mangotes, bombas e outros grandes equipamentos e m\u00e1quinas. &#8220;A expectativa do setor \u00e9 de crescimento e as empresas devem estar empenhadas em realizar seu papel oferecendo produtos e servi\u00e7os de qualidade em favor da boa condu\u00e7\u00e3o deste setor na ind\u00fastria brasileira&#8221;.<\/p>\n\n\n\n<figure class=\"wp-block-image size-full\"><img loading=\"lazy\" decoding=\"async\" width=\"400\" height=\"400\" src=\"https:\/\/www.amstedmaxion.com.br\/wp-content\/uploads\/2022\/07\/ABIMAQ.jpg\" alt=\"\" class=\"wp-image-38143\"\/><figcaption class=\"wp-element-caption\">Foto: logo ABIMAQ<\/figcaption><\/figure>\n\n\n\n<p>Fonte: Terra (https:\/\/www.terra.com.br\/noticias\/industria-de-maquinas-e-equipamentos-aponta-queda-em-janeiro,1d42f96c19383b78cf01ba6dd68dc13cqlnmwiy1.html)<\/p>\n","protected":false},"excerpt":{"rendered":"<p>Terra &#8211; O resultado da ind\u00fastria de m\u00e1quinas e equipamentos ficou abaixo do resultado de janeiro de 2022 em 6,4% Segundo relat\u00f3rio divulgado pela Associa\u00e7\u00e3o Brasileira da Ind\u00fastria de M\u00e1quinas e Equipamentos (Abimaq) em mar\u00e7o deste ano, o resultado da ind\u00fastria de m\u00e1quinas e equipamentos em janeiro de 2023 ficou 6,4% abaixo do resultado de [&hellip;]<\/p>\n","protected":false},"author":5,"featured_media":38143,"comment_status":"open","ping_status":"open","sticky":false,"template":"","format":"standard","meta":{"_acf_changed":false,"footnotes":""},"categories":[148],"tags":[],"class_list":["post-44020","post","type-post","status-publish","format-standard","has-post-thumbnail","hentry","category-newsletter"],"acf":[],"yoast_head":"<!-- This site is optimized with the Yoast SEO plugin v23.9 - https:\/\/yoast.com\/wordpress\/plugins\/seo\/ -->\n<title>Ind\u00fastria de m\u00e1quinas e equipamentos aponta queda em janeiro - AmstedMaxion<\/title>\n<meta name=\"robots\" content=\"index, follow, max-snippet:-1, max-image-preview:large, max-video-preview:-1\" \/>\n<link rel=\"canonical\" href=\"https:\/\/www.amstedmaxion.com.br\/industria-de-maquinas-e-equipamentos-aponta-queda-em-janeiro\/\" \/>\n<meta property=\"og:locale\" content=\"en_US\" \/>\n<meta property=\"og:type\" content=\"article\" \/>\n<meta property=\"og:title\" content=\"Ind\u00fastria de m\u00e1quinas e equipamentos aponta queda em janeiro - AmstedMaxion\" \/>\n<meta property=\"og:description\" content=\"Terra &#8211; O resultado da ind\u00fastria de m\u00e1quinas e equipamentos ficou abaixo do resultado de janeiro de 2022 em 6,4% Segundo relat\u00f3rio divulgado pela Associa\u00e7\u00e3o Brasileira da Ind\u00fastria de M\u00e1quinas e Equipamentos (Abimaq) em mar\u00e7o deste ano, o resultado da ind\u00fastria de m\u00e1quinas e equipamentos em janeiro de 2023 ficou 6,4% abaixo do resultado de [&hellip;]\" \/>\n<meta property=\"og:url\" content=\"https:\/\/www.amstedmaxion.com.br\/industria-de-maquinas-e-equipamentos-aponta-queda-em-janeiro\/\" \/>\n<meta property=\"og:site_name\" content=\"AmstedMaxion\" \/>\n<meta property=\"article:publisher\" content=\"https:\/\/www.facebook.com\/AmstedMaxion.Oficial\" \/>\n<meta property=\"article:published_time\" content=\"2023-06-14T20:00:03+00:00\" \/>\n<meta property=\"article:modified_time\" content=\"2023-06-14T20:00:05+00:00\" \/>\n<meta property=\"og:image\" content=\"https:\/\/www.amstedmaxion.com.br\/wp-content\/uploads\/2022\/07\/ABIMAQ.jpg\" \/>\n\t<meta property=\"og:image:width\" content=\"400\" \/>\n\t<meta property=\"og:image:height\" content=\"400\" \/>\n\t<meta property=\"og:image:type\" content=\"image\/jpeg\" \/>\n<meta name=\"author\" content=\"Rosane Storto\" \/>\n<meta name=\"twitter:card\" content=\"summary_large_image\" \/>\n<meta name=\"twitter:label1\" content=\"Written by\" \/>\n\t<meta name=\"twitter:data1\" content=\"Rosane Storto\" \/>\n\t<meta name=\"twitter:label2\" content=\"Est. reading time\" \/>\n\t<meta name=\"twitter:data2\" content=\"4 minutes\" \/>\n<script type=\"application\/ld+json\" class=\"yoast-schema-graph\">{\"@context\":\"https:\/\/schema.org\",\"@graph\":[{\"@type\":\"Article\",\"@id\":\"https:\/\/www.amstedmaxion.com.br\/industria-de-maquinas-e-equipamentos-aponta-queda-em-janeiro\/#article\",\"isPartOf\":{\"@id\":\"https:\/\/www.amstedmaxion.com.br\/industria-de-maquinas-e-equipamentos-aponta-queda-em-janeiro\/\"},\"author\":{\"name\":\"Rosane Storto\",\"@id\":\"https:\/\/www.amstedmaxion.com.br\/#\/schema\/person\/140cb65f07d4e66dd5543c8a187bf436\"},\"headline\":\"Ind\u00fastria de m\u00e1quinas e equipamentos aponta queda em janeiro\",\"datePublished\":\"2023-06-14T20:00:03+00:00\",\"dateModified\":\"2023-06-14T20:00:05+00:00\",\"mainEntityOfPage\":{\"@id\":\"https:\/\/www.amstedmaxion.com.br\/industria-de-maquinas-e-equipamentos-aponta-queda-em-janeiro\/\"},\"wordCount\":648,\"commentCount\":0,\"publisher\":{\"@id\":\"https:\/\/www.amstedmaxion.com.br\/#organization\"},\"image\":{\"@id\":\"https:\/\/www.amstedmaxion.com.br\/industria-de-maquinas-e-equipamentos-aponta-queda-em-janeiro\/#primaryimage\"},\"thumbnailUrl\":\"https:\/\/www.amstedmaxion.com.br\/wp-content\/uploads\/2022\/07\/ABIMAQ.jpg\",\"articleSection\":[\"Newsletter\"],\"inLanguage\":\"en-US\",\"potentialAction\":[{\"@type\":\"CommentAction\",\"name\":\"Comment\",\"target\":[\"https:\/\/www.amstedmaxion.com.br\/industria-de-maquinas-e-equipamentos-aponta-queda-em-janeiro\/#respond\"]}]},{\"@type\":\"WebPage\",\"@id\":\"https:\/\/www.amstedmaxion.com.br\/industria-de-maquinas-e-equipamentos-aponta-queda-em-janeiro\/\",\"url\":\"https:\/\/www.amstedmaxion.com.br\/industria-de-maquinas-e-equipamentos-aponta-queda-em-janeiro\/\",\"name\":\"Ind\u00fastria de m\u00e1quinas e equipamentos aponta queda em janeiro - AmstedMaxion\",\"isPartOf\":{\"@id\":\"https:\/\/www.amstedmaxion.com.br\/#website\"},\"primaryImageOfPage\":{\"@id\":\"https:\/\/www.amstedmaxion.com.br\/industria-de-maquinas-e-equipamentos-aponta-queda-em-janeiro\/#primaryimage\"},\"image\":{\"@id\":\"https:\/\/www.amstedmaxion.com.br\/industria-de-maquinas-e-equipamentos-aponta-queda-em-janeiro\/#primaryimage\"},\"thumbnailUrl\":\"https:\/\/www.amstedmaxion.com.br\/wp-content\/uploads\/2022\/07\/ABIMAQ.jpg\",\"datePublished\":\"2023-06-14T20:00:03+00:00\",\"dateModified\":\"2023-06-14T20:00:05+00:00\",\"breadcrumb\":{\"@id\":\"https:\/\/www.amstedmaxion.com.br\/industria-de-maquinas-e-equipamentos-aponta-queda-em-janeiro\/#breadcrumb\"},\"inLanguage\":\"en-US\",\"potentialAction\":[{\"@type\":\"ReadAction\",\"target\":[\"https:\/\/www.amstedmaxion.com.br\/industria-de-maquinas-e-equipamentos-aponta-queda-em-janeiro\/\"]}]},{\"@type\":\"ImageObject\",\"inLanguage\":\"en-US\",\"@id\":\"https:\/\/www.amstedmaxion.com.br\/industria-de-maquinas-e-equipamentos-aponta-queda-em-janeiro\/#primaryimage\",\"url\":\"https:\/\/www.amstedmaxion.com.br\/wp-content\/uploads\/2022\/07\/ABIMAQ.jpg\",\"contentUrl\":\"https:\/\/www.amstedmaxion.com.br\/wp-content\/uploads\/2022\/07\/ABIMAQ.jpg\",\"width\":400,\"height\":400,\"caption\":\"Foto: logo ABIMAQ\"},{\"@type\":\"BreadcrumbList\",\"@id\":\"https:\/\/www.amstedmaxion.com.br\/industria-de-maquinas-e-equipamentos-aponta-queda-em-janeiro\/#breadcrumb\",\"itemListElement\":[{\"@type\":\"ListItem\",\"position\":1,\"name\":\"In\u00edcio\",\"item\":\"https:\/\/www.amstedmaxion.com.br\/\"},{\"@type\":\"ListItem\",\"position\":2,\"name\":\"Ind\u00fastria de m\u00e1quinas e equipamentos aponta queda em janeiro\"}]},{\"@type\":\"WebSite\",\"@id\":\"https:\/\/www.amstedmaxion.com.br\/#website\",\"url\":\"https:\/\/www.amstedmaxion.com.br\/\",\"name\":\"AmstedMaxion\",\"description\":\"AmstedMaxion - Fundi\u00e7\u00e3o e Equipamentos Ferrovi\u00e1rios\",\"publisher\":{\"@id\":\"https:\/\/www.amstedmaxion.com.br\/#organization\"},\"alternateName\":\"AmstedMaxion\",\"potentialAction\":[{\"@type\":\"SearchAction\",\"target\":{\"@type\":\"EntryPoint\",\"urlTemplate\":\"https:\/\/www.amstedmaxion.com.br\/?s={search_term_string}\"},\"query-input\":{\"@type\":\"PropertyValueSpecification\",\"valueRequired\":true,\"valueName\":\"search_term_string\"}}],\"inLanguage\":\"en-US\"},{\"@type\":\"Organization\",\"@id\":\"https:\/\/www.amstedmaxion.com.br\/#organization\",\"name\":\"AMSTEDMAXION\",\"url\":\"https:\/\/www.amstedmaxion.com.br\/\",\"logo\":{\"@type\":\"ImageObject\",\"inLanguage\":\"en-US\",\"@id\":\"https:\/\/www.amstedmaxion.com.br\/#\/schema\/logo\/image\/\",\"url\":\"https:\/\/www.amstedmaxion.com.br\/wp-content\/uploads\/2023\/11\/amsted.png\",\"contentUrl\":\"https:\/\/www.amstedmaxion.com.br\/wp-content\/uploads\/2023\/11\/amsted.png\",\"width\":500,\"height\":500,\"caption\":\"AMSTEDMAXION\"},\"image\":{\"@id\":\"https:\/\/www.amstedmaxion.com.br\/#\/schema\/logo\/image\/\"},\"sameAs\":[\"https:\/\/www.facebook.com\/AmstedMaxion.Oficial\",\"https:\/\/br.linkedin.com\/company\/amstedmaxion\"]},{\"@type\":\"Person\",\"@id\":\"https:\/\/www.amstedmaxion.com.br\/#\/schema\/person\/140cb65f07d4e66dd5543c8a187bf436\",\"name\":\"Rosane Storto\",\"image\":{\"@type\":\"ImageObject\",\"inLanguage\":\"en-US\",\"@id\":\"https:\/\/www.amstedmaxion.com.br\/#\/schema\/person\/image\/\",\"url\":\"https:\/\/secure.gravatar.com\/avatar\/0e3d021545bbe593cb0eb3ee740544fefa86d59762e63dec1dbe9480a34c98cd?s=96&d=mm&r=g\",\"contentUrl\":\"https:\/\/secure.gravatar.com\/avatar\/0e3d021545bbe593cb0eb3ee740544fefa86d59762e63dec1dbe9480a34c98cd?s=96&d=mm&r=g\",\"caption\":\"Rosane Storto\"}}]}<\/script>\n<!-- \/ Yoast SEO plugin. -->","yoast_head_json":{"title":"Ind\u00fastria de m\u00e1quinas e equipamentos aponta queda em janeiro - AmstedMaxion","robots":{"index":"index","follow":"follow","max-snippet":"max-snippet:-1","max-image-preview":"max-image-preview:large","max-video-preview":"max-video-preview:-1"},"canonical":"https:\/\/www.amstedmaxion.com.br\/industria-de-maquinas-e-equipamentos-aponta-queda-em-janeiro\/","og_locale":"en_US","og_type":"article","og_title":"Ind\u00fastria de m\u00e1quinas e equipamentos aponta queda em janeiro - AmstedMaxion","og_description":"Terra &#8211; O resultado da ind\u00fastria de m\u00e1quinas e equipamentos ficou abaixo do resultado de janeiro de 2022 em 6,4% Segundo relat\u00f3rio divulgado pela Associa\u00e7\u00e3o Brasileira da Ind\u00fastria de M\u00e1quinas e Equipamentos (Abimaq) em mar\u00e7o deste ano, o resultado da ind\u00fastria de m\u00e1quinas e equipamentos em janeiro de 2023 ficou 6,4% abaixo do resultado de [&hellip;]","og_url":"https:\/\/www.amstedmaxion.com.br\/industria-de-maquinas-e-equipamentos-aponta-queda-em-janeiro\/","og_site_name":"AmstedMaxion","article_publisher":"https:\/\/www.facebook.com\/AmstedMaxion.Oficial","article_published_time":"2023-06-14T20:00:03+00:00","article_modified_time":"2023-06-14T20:00:05+00:00","og_image":[{"width":400,"height":400,"url":"https:\/\/www.amstedmaxion.com.br\/wp-content\/uploads\/2022\/07\/ABIMAQ.jpg","type":"image\/jpeg"}],"author":"Rosane Storto","twitter_card":"summary_large_image","twitter_misc":{"Written by":"Rosane Storto","Est. reading time":"4 minutes"},"schema":{"@context":"https:\/\/schema.org","@graph":[{"@type":"Article","@id":"https:\/\/www.amstedmaxion.com.br\/industria-de-maquinas-e-equipamentos-aponta-queda-em-janeiro\/#article","isPartOf":{"@id":"https:\/\/www.amstedmaxion.com.br\/industria-de-maquinas-e-equipamentos-aponta-queda-em-janeiro\/"},"author":{"name":"Rosane Storto","@id":"https:\/\/www.amstedmaxion.com.br\/#\/schema\/person\/140cb65f07d4e66dd5543c8a187bf436"},"headline":"Ind\u00fastria de m\u00e1quinas e equipamentos aponta queda em janeiro","datePublished":"2023-06-14T20:00:03+00:00","dateModified":"2023-06-14T20:00:05+00:00","mainEntityOfPage":{"@id":"https:\/\/www.amstedmaxion.com.br\/industria-de-maquinas-e-equipamentos-aponta-queda-em-janeiro\/"},"wordCount":648,"commentCount":0,"publisher":{"@id":"https:\/\/www.amstedmaxion.com.br\/#organization"},"image":{"@id":"https:\/\/www.amstedmaxion.com.br\/industria-de-maquinas-e-equipamentos-aponta-queda-em-janeiro\/#primaryimage"},"thumbnailUrl":"https:\/\/www.amstedmaxion.com.br\/wp-content\/uploads\/2022\/07\/ABIMAQ.jpg","articleSection":["Newsletter"],"inLanguage":"en-US","potentialAction":[{"@type":"CommentAction","name":"Comment","target":["https:\/\/www.amstedmaxion.com.br\/industria-de-maquinas-e-equipamentos-aponta-queda-em-janeiro\/#respond"]}]},{"@type":"WebPage","@id":"https:\/\/www.amstedmaxion.com.br\/industria-de-maquinas-e-equipamentos-aponta-queda-em-janeiro\/","url":"https:\/\/www.amstedmaxion.com.br\/industria-de-maquinas-e-equipamentos-aponta-queda-em-janeiro\/","name":"Ind\u00fastria de m\u00e1quinas e equipamentos aponta queda em janeiro - AmstedMaxion","isPartOf":{"@id":"https:\/\/www.amstedmaxion.com.br\/#website"},"primaryImageOfPage":{"@id":"https:\/\/www.amstedmaxion.com.br\/industria-de-maquinas-e-equipamentos-aponta-queda-em-janeiro\/#primaryimage"},"image":{"@id":"https:\/\/www.amstedmaxion.com.br\/industria-de-maquinas-e-equipamentos-aponta-queda-em-janeiro\/#primaryimage"},"thumbnailUrl":"https:\/\/www.amstedmaxion.com.br\/wp-content\/uploads\/2022\/07\/ABIMAQ.jpg","datePublished":"2023-06-14T20:00:03+00:00","dateModified":"2023-06-14T20:00:05+00:00","breadcrumb":{"@id":"https:\/\/www.amstedmaxion.com.br\/industria-de-maquinas-e-equipamentos-aponta-queda-em-janeiro\/#breadcrumb"},"inLanguage":"en-US","potentialAction":[{"@type":"ReadAction","target":["https:\/\/www.amstedmaxion.com.br\/industria-de-maquinas-e-equipamentos-aponta-queda-em-janeiro\/"]}]},{"@type":"ImageObject","inLanguage":"en-US","@id":"https:\/\/www.amstedmaxion.com.br\/industria-de-maquinas-e-equipamentos-aponta-queda-em-janeiro\/#primaryimage","url":"https:\/\/www.amstedmaxion.com.br\/wp-content\/uploads\/2022\/07\/ABIMAQ.jpg","contentUrl":"https:\/\/www.amstedmaxion.com.br\/wp-content\/uploads\/2022\/07\/ABIMAQ.jpg","width":400,"height":400,"caption":"Foto: logo ABIMAQ"},{"@type":"BreadcrumbList","@id":"https:\/\/www.amstedmaxion.com.br\/industria-de-maquinas-e-equipamentos-aponta-queda-em-janeiro\/#breadcrumb","itemListElement":[{"@type":"ListItem","position":1,"name":"In\u00edcio","item":"https:\/\/www.amstedmaxion.com.br\/"},{"@type":"ListItem","position":2,"name":"Ind\u00fastria de m\u00e1quinas e equipamentos aponta queda em janeiro"}]},{"@type":"WebSite","@id":"https:\/\/www.amstedmaxion.com.br\/#website","url":"https:\/\/www.amstedmaxion.com.br\/","name":"AmstedMaxion","description":"AmstedMaxion - Fundi\u00e7\u00e3o e Equipamentos Ferrovi\u00e1rios","publisher":{"@id":"https:\/\/www.amstedmaxion.com.br\/#organization"},"alternateName":"AmstedMaxion","potentialAction":[{"@type":"SearchAction","target":{"@type":"EntryPoint","urlTemplate":"https:\/\/www.amstedmaxion.com.br\/?s={search_term_string}"},"query-input":{"@type":"PropertyValueSpecification","valueRequired":true,"valueName":"search_term_string"}}],"inLanguage":"en-US"},{"@type":"Organization","@id":"https:\/\/www.amstedmaxion.com.br\/#organization","name":"AMSTEDMAXION","url":"https:\/\/www.amstedmaxion.com.br\/","logo":{"@type":"ImageObject","inLanguage":"en-US","@id":"https:\/\/www.amstedmaxion.com.br\/#\/schema\/logo\/image\/","url":"https:\/\/www.amstedmaxion.com.br\/wp-content\/uploads\/2023\/11\/amsted.png","contentUrl":"https:\/\/www.amstedmaxion.com.br\/wp-content\/uploads\/2023\/11\/amsted.png","width":500,"height":500,"caption":"AMSTEDMAXION"},"image":{"@id":"https:\/\/www.amstedmaxion.com.br\/#\/schema\/logo\/image\/"},"sameAs":["https:\/\/www.facebook.com\/AmstedMaxion.Oficial","https:\/\/br.linkedin.com\/company\/amstedmaxion"]},{"@type":"Person","@id":"https:\/\/www.amstedmaxion.com.br\/#\/schema\/person\/140cb65f07d4e66dd5543c8a187bf436","name":"Rosane Storto","image":{"@type":"ImageObject","inLanguage":"en-US","@id":"https:\/\/www.amstedmaxion.com.br\/#\/schema\/person\/image\/","url":"https:\/\/secure.gravatar.com\/avatar\/0e3d021545bbe593cb0eb3ee740544fefa86d59762e63dec1dbe9480a34c98cd?s=96&d=mm&r=g","contentUrl":"https:\/\/secure.gravatar.com\/avatar\/0e3d021545bbe593cb0eb3ee740544fefa86d59762e63dec1dbe9480a34c98cd?s=96&d=mm&r=g","caption":"Rosane Storto"}}]}},"_links":{"self":[{"href":"https:\/\/www.amstedmaxion.com.br\/en\/wp-json\/wp\/v2\/posts\/44020","targetHints":{"allow":["GET"]}}],"collection":[{"href":"https:\/\/www.amstedmaxion.com.br\/en\/wp-json\/wp\/v2\/posts"}],"about":[{"href":"https:\/\/www.amstedmaxion.com.br\/en\/wp-json\/wp\/v2\/types\/post"}],"author":[{"embeddable":true,"href":"https:\/\/www.amstedmaxion.com.br\/en\/wp-json\/wp\/v2\/users\/5"}],"replies":[{"embeddable":true,"href":"https:\/\/www.amstedmaxion.com.br\/en\/wp-json\/wp\/v2\/comments?post=44020"}],"version-history":[{"count":1,"href":"https:\/\/www.amstedmaxion.com.br\/en\/wp-json\/wp\/v2\/posts\/44020\/revisions"}],"predecessor-version":[{"id":44021,"href":"https:\/\/www.amstedmaxion.com.br\/en\/wp-json\/wp\/v2\/posts\/44020\/revisions\/44021"}],"wp:featuredmedia":[{"embeddable":true,"href":"https:\/\/www.amstedmaxion.com.br\/en\/wp-json\/wp\/v2\/media\/38143"}],"wp:attachment":[{"href":"https:\/\/www.amstedmaxion.com.br\/en\/wp-json\/wp\/v2\/media?parent=44020"}],"wp:term":[{"taxonomy":"category","embeddable":true,"href":"https:\/\/www.amstedmaxion.com.br\/en\/wp-json\/wp\/v2\/categories?post=44020"},{"taxonomy":"post_tag","embeddable":true,"href":"https:\/\/www.amstedmaxion.com.br\/en\/wp-json\/wp\/v2\/tags?post=44020"}],"curies":[{"name":"wp","href":"https:\/\/api.w.org\/{rel}","templated":true}]}}