{"id":44093,"date":"2023-06-22T17:15:48","date_gmt":"2023-06-22T20:15:48","guid":{"rendered":"https:\/\/www.amstedmaxion.com.br\/?p=44093"},"modified":"2023-06-22T17:15:48","modified_gmt":"2023-06-22T20:15:48","slug":"brasmin-ii-feira-da-industria-da-mineracao","status":"publish","type":"post","link":"https:\/\/www.amstedmaxion.com.br\/en\/brasmin-ii-feira-da-industria-da-mineracao\/","title":{"rendered":"Brasmin \u2013 II Feira da Ind\u00fastria da Minera\u00e7\u00e3o"},"content":{"rendered":"\n<p>De 27 a 29 de junho de 2023 das 14h00 as 20h00 | Puc | Goi\u00e1s<\/p>\n\n\n\n<p>Av. Engler, 507 &#8211; Jardim Mariliza Goi\u00e2nia &#8211; GO, 74885-460<\/p>\n\n\n\n<p>Informa\u00e7\u00f5es de inscri\u00e7\u00f5es no site: <a href=\"http:\/\/www.brasmin.com.br\">www.brasmin.com.br<\/a><\/p>\n\n\n\n<figure class=\"wp-block-image size-full is-resized\"><img loading=\"lazy\" decoding=\"async\" src=\"https:\/\/www.amstedmaxion.com.br\/wp-content\/uploads\/2023\/06\/Brasmin.jpg\" alt=\"\" class=\"wp-image-44094\" width=\"431\" height=\"111\" srcset=\"https:\/\/www.amstedmaxion.com.br\/wp-content\/uploads\/2023\/06\/Brasmin.jpg 719w, https:\/\/www.amstedmaxion.com.br\/wp-content\/uploads\/2023\/06\/Brasmin-300x77.jpg 300w\" sizes=\"auto, (max-width: 431px) 100vw, 431px\" \/><\/figure>\n","protected":false},"excerpt":{"rendered":"<p>De 27 a 29 de junho de 2023 das 14h00 as 20h00 | Puc | Goi\u00e1s Av. Engler, 507 &#8211; Jardim Mariliza Goi\u00e2nia &#8211; GO, 74885-460 Informa\u00e7\u00f5es de inscri\u00e7\u00f5es no site: www.brasmin.com.br<\/p>\n","protected":false},"author":5,"featured_media":44094,"comment_status":"open","ping_status":"open","sticky":false,"template":"","format":"standard","meta":{"_acf_changed":false,"footnotes":""},"categories":[148],"tags":[],"class_list":["post-44093","post","type-post","status-publish","format-standard","has-post-thumbnail","hentry","category-newsletter"],"acf":[],"yoast_head":"<!-- This site is optimized with the Yoast SEO plugin v23.9 - https:\/\/yoast.com\/wordpress\/plugins\/seo\/ -->\n<title>Brasmin \u2013 II Feira da Ind\u00fastria da Minera\u00e7\u00e3o - AmstedMaxion<\/title>\n<meta name=\"robots\" content=\"index, follow, max-snippet:-1, max-image-preview:large, max-video-preview:-1\" \/>\n<link rel=\"canonical\" href=\"https:\/\/www.amstedmaxion.com.br\/brasmin-ii-feira-da-industria-da-mineracao\/\" \/>\n<meta property=\"og:locale\" content=\"en_US\" \/>\n<meta property=\"og:type\" content=\"article\" \/>\n<meta property=\"og:title\" content=\"Brasmin \u2013 II Feira da Ind\u00fastria da Minera\u00e7\u00e3o - AmstedMaxion\" \/>\n<meta property=\"og:description\" content=\"De 27 a 29 de junho de 2023 das 14h00 as 20h00 | Puc | Goi\u00e1s Av. Engler, 507 &#8211; Jardim Mariliza Goi\u00e2nia &#8211; GO, 74885-460 Informa\u00e7\u00f5es de inscri\u00e7\u00f5es no site: www.brasmin.com.br\" \/>\n<meta property=\"og:url\" content=\"https:\/\/www.amstedmaxion.com.br\/brasmin-ii-feira-da-industria-da-mineracao\/\" \/>\n<meta property=\"og:site_name\" content=\"AmstedMaxion\" \/>\n<meta property=\"article:publisher\" content=\"https:\/\/www.facebook.com\/AmstedMaxion.Oficial\" \/>\n<meta property=\"article:published_time\" content=\"2023-06-22T20:15:48+00:00\" \/>\n<meta property=\"og:image\" content=\"https:\/\/www.amstedmaxion.com.br\/wp-content\/uploads\/2023\/06\/Brasmin.jpg\" \/>\n\t<meta property=\"og:image:width\" content=\"719\" \/>\n\t<meta property=\"og:image:height\" content=\"185\" \/>\n\t<meta property=\"og:image:type\" content=\"image\/jpeg\" \/>\n<meta name=\"author\" content=\"Rosane Storto\" \/>\n<meta name=\"twitter:card\" content=\"summary_large_image\" \/>\n<meta name=\"twitter:label1\" content=\"Written by\" \/>\n\t<meta name=\"twitter:data1\" content=\"Rosane Storto\" \/>\n\t<meta name=\"twitter:label2\" content=\"Est. reading time\" \/>\n\t<meta name=\"twitter:data2\" content=\"1 minute\" \/>\n<script type=\"application\/ld+json\" class=\"yoast-schema-graph\">{\"@context\":\"https:\/\/schema.org\",\"@graph\":[{\"@type\":\"Article\",\"@id\":\"https:\/\/www.amstedmaxion.com.br\/brasmin-ii-feira-da-industria-da-mineracao\/#article\",\"isPartOf\":{\"@id\":\"https:\/\/www.amstedmaxion.com.br\/brasmin-ii-feira-da-industria-da-mineracao\/\"},\"author\":{\"name\":\"Rosane Storto\",\"@id\":\"https:\/\/www.amstedmaxion.com.br\/#\/schema\/person\/140cb65f07d4e66dd5543c8a187bf436\"},\"headline\":\"Brasmin \u2013 II Feira da Ind\u00fastria da Minera\u00e7\u00e3o\",\"datePublished\":\"2023-06-22T20:15:48+00:00\",\"dateModified\":\"2023-06-22T20:15:48+00:00\",\"mainEntityOfPage\":{\"@id\":\"https:\/\/www.amstedmaxion.com.br\/brasmin-ii-feira-da-industria-da-mineracao\/\"},\"wordCount\":42,\"commentCount\":0,\"publisher\":{\"@id\":\"https:\/\/www.amstedmaxion.com.br\/#organization\"},\"image\":{\"@id\":\"https:\/\/www.amstedmaxion.com.br\/brasmin-ii-feira-da-industria-da-mineracao\/#primaryimage\"},\"thumbnailUrl\":\"https:\/\/www.amstedmaxion.com.br\/wp-content\/uploads\/2023\/06\/Brasmin.jpg\",\"articleSection\":[\"Newsletter\"],\"inLanguage\":\"en-US\",\"potentialAction\":[{\"@type\":\"CommentAction\",\"name\":\"Comment\",\"target\":[\"https:\/\/www.amstedmaxion.com.br\/brasmin-ii-feira-da-industria-da-mineracao\/#respond\"]}]},{\"@type\":\"WebPage\",\"@id\":\"https:\/\/www.amstedmaxion.com.br\/brasmin-ii-feira-da-industria-da-mineracao\/\",\"url\":\"https:\/\/www.amstedmaxion.com.br\/brasmin-ii-feira-da-industria-da-mineracao\/\",\"name\":\"Brasmin \u2013 II Feira da Ind\u00fastria da Minera\u00e7\u00e3o - AmstedMaxion\",\"isPartOf\":{\"@id\":\"https:\/\/www.amstedmaxion.com.br\/#website\"},\"primaryImageOfPage\":{\"@id\":\"https:\/\/www.amstedmaxion.com.br\/brasmin-ii-feira-da-industria-da-mineracao\/#primaryimage\"},\"image\":{\"@id\":\"https:\/\/www.amstedmaxion.com.br\/brasmin-ii-feira-da-industria-da-mineracao\/#primaryimage\"},\"thumbnailUrl\":\"https:\/\/www.amstedmaxion.com.br\/wp-content\/uploads\/2023\/06\/Brasmin.jpg\",\"datePublished\":\"2023-06-22T20:15:48+00:00\",\"dateModified\":\"2023-06-22T20:15:48+00:00\",\"breadcrumb\":{\"@id\":\"https:\/\/www.amstedmaxion.com.br\/brasmin-ii-feira-da-industria-da-mineracao\/#breadcrumb\"},\"inLanguage\":\"en-US\",\"potentialAction\":[{\"@type\":\"ReadAction\",\"target\":[\"https:\/\/www.amstedmaxion.com.br\/brasmin-ii-feira-da-industria-da-mineracao\/\"]}]},{\"@type\":\"ImageObject\",\"inLanguage\":\"en-US\",\"@id\":\"https:\/\/www.amstedmaxion.com.br\/brasmin-ii-feira-da-industria-da-mineracao\/#primaryimage\",\"url\":\"https:\/\/www.amstedmaxion.com.br\/wp-content\/uploads\/2023\/06\/Brasmin.jpg\",\"contentUrl\":\"https:\/\/www.amstedmaxion.com.br\/wp-content\/uploads\/2023\/06\/Brasmin.jpg\",\"width\":719,\"height\":185},{\"@type\":\"BreadcrumbList\",\"@id\":\"https:\/\/www.amstedmaxion.com.br\/brasmin-ii-feira-da-industria-da-mineracao\/#breadcrumb\",\"itemListElement\":[{\"@type\":\"ListItem\",\"position\":1,\"name\":\"In\u00edcio\",\"item\":\"https:\/\/www.amstedmaxion.com.br\/\"},{\"@type\":\"ListItem\",\"position\":2,\"name\":\"Brasmin \u2013 II Feira da Ind\u00fastria da Minera\u00e7\u00e3o\"}]},{\"@type\":\"WebSite\",\"@id\":\"https:\/\/www.amstedmaxion.com.br\/#website\",\"url\":\"https:\/\/www.amstedmaxion.com.br\/\",\"name\":\"AmstedMaxion\",\"description\":\"AmstedMaxion - Fundi\u00e7\u00e3o e Equipamentos Ferrovi\u00e1rios\",\"publisher\":{\"@id\":\"https:\/\/www.amstedmaxion.com.br\/#organization\"},\"alternateName\":\"AmstedMaxion\",\"potentialAction\":[{\"@type\":\"SearchAction\",\"target\":{\"@type\":\"EntryPoint\",\"urlTemplate\":\"https:\/\/www.amstedmaxion.com.br\/?s={search_term_string}\"},\"query-input\":{\"@type\":\"PropertyValueSpecification\",\"valueRequired\":true,\"valueName\":\"search_term_string\"}}],\"inLanguage\":\"en-US\"},{\"@type\":\"Organization\",\"@id\":\"https:\/\/www.amstedmaxion.com.br\/#organization\",\"name\":\"AMSTEDMAXION\",\"url\":\"https:\/\/www.amstedmaxion.com.br\/\",\"logo\":{\"@type\":\"ImageObject\",\"inLanguage\":\"en-US\",\"@id\":\"https:\/\/www.amstedmaxion.com.br\/#\/schema\/logo\/image\/\",\"url\":\"https:\/\/www.amstedmaxion.com.br\/wp-content\/uploads\/2023\/11\/amsted.png\",\"contentUrl\":\"https:\/\/www.amstedmaxion.com.br\/wp-content\/uploads\/2023\/11\/amsted.png\",\"width\":500,\"height\":500,\"caption\":\"AMSTEDMAXION\"},\"image\":{\"@id\":\"https:\/\/www.amstedmaxion.com.br\/#\/schema\/logo\/image\/\"},\"sameAs\":[\"https:\/\/www.facebook.com\/AmstedMaxion.Oficial\",\"https:\/\/br.linkedin.com\/company\/amstedmaxion\"]},{\"@type\":\"Person\",\"@id\":\"https:\/\/www.amstedmaxion.com.br\/#\/schema\/person\/140cb65f07d4e66dd5543c8a187bf436\",\"name\":\"Rosane Storto\",\"image\":{\"@type\":\"ImageObject\",\"inLanguage\":\"en-US\",\"@id\":\"https:\/\/www.amstedmaxion.com.br\/#\/schema\/person\/image\/\",\"url\":\"https:\/\/secure.gravatar.com\/avatar\/0e3d021545bbe593cb0eb3ee740544fefa86d59762e63dec1dbe9480a34c98cd?s=96&d=mm&r=g\",\"contentUrl\":\"https:\/\/secure.gravatar.com\/avatar\/0e3d021545bbe593cb0eb3ee740544fefa86d59762e63dec1dbe9480a34c98cd?s=96&d=mm&r=g\",\"caption\":\"Rosane Storto\"}}]}<\/script>\n<!-- \/ Yoast SEO plugin. -->","yoast_head_json":{"title":"Brasmin \u2013 II Feira da Ind\u00fastria da Minera\u00e7\u00e3o - AmstedMaxion","robots":{"index":"index","follow":"follow","max-snippet":"max-snippet:-1","max-image-preview":"max-image-preview:large","max-video-preview":"max-video-preview:-1"},"canonical":"https:\/\/www.amstedmaxion.com.br\/brasmin-ii-feira-da-industria-da-mineracao\/","og_locale":"en_US","og_type":"article","og_title":"Brasmin \u2013 II Feira da Ind\u00fastria da Minera\u00e7\u00e3o - AmstedMaxion","og_description":"De 27 a 29 de junho de 2023 das 14h00 as 20h00 | Puc | Goi\u00e1s Av. Engler, 507 &#8211; Jardim Mariliza Goi\u00e2nia &#8211; GO, 74885-460 Informa\u00e7\u00f5es de inscri\u00e7\u00f5es no site: www.brasmin.com.br","og_url":"https:\/\/www.amstedmaxion.com.br\/brasmin-ii-feira-da-industria-da-mineracao\/","og_site_name":"AmstedMaxion","article_publisher":"https:\/\/www.facebook.com\/AmstedMaxion.Oficial","article_published_time":"2023-06-22T20:15:48+00:00","og_image":[{"width":719,"height":185,"url":"https:\/\/www.amstedmaxion.com.br\/wp-content\/uploads\/2023\/06\/Brasmin.jpg","type":"image\/jpeg"}],"author":"Rosane Storto","twitter_card":"summary_large_image","twitter_misc":{"Written by":"Rosane Storto","Est. reading time":"1 minute"},"schema":{"@context":"https:\/\/schema.org","@graph":[{"@type":"Article","@id":"https:\/\/www.amstedmaxion.com.br\/brasmin-ii-feira-da-industria-da-mineracao\/#article","isPartOf":{"@id":"https:\/\/www.amstedmaxion.com.br\/brasmin-ii-feira-da-industria-da-mineracao\/"},"author":{"name":"Rosane Storto","@id":"https:\/\/www.amstedmaxion.com.br\/#\/schema\/person\/140cb65f07d4e66dd5543c8a187bf436"},"headline":"Brasmin \u2013 II Feira da Ind\u00fastria da Minera\u00e7\u00e3o","datePublished":"2023-06-22T20:15:48+00:00","dateModified":"2023-06-22T20:15:48+00:00","mainEntityOfPage":{"@id":"https:\/\/www.amstedmaxion.com.br\/brasmin-ii-feira-da-industria-da-mineracao\/"},"wordCount":42,"commentCount":0,"publisher":{"@id":"https:\/\/www.amstedmaxion.com.br\/#organization"},"image":{"@id":"https:\/\/www.amstedmaxion.com.br\/brasmin-ii-feira-da-industria-da-mineracao\/#primaryimage"},"thumbnailUrl":"https:\/\/www.amstedmaxion.com.br\/wp-content\/uploads\/2023\/06\/Brasmin.jpg","articleSection":["Newsletter"],"inLanguage":"en-US","potentialAction":[{"@type":"CommentAction","name":"Comment","target":["https:\/\/www.amstedmaxion.com.br\/brasmin-ii-feira-da-industria-da-mineracao\/#respond"]}]},{"@type":"WebPage","@id":"https:\/\/www.amstedmaxion.com.br\/brasmin-ii-feira-da-industria-da-mineracao\/","url":"https:\/\/www.amstedmaxion.com.br\/brasmin-ii-feira-da-industria-da-mineracao\/","name":"Brasmin \u2013 II Feira da Ind\u00fastria da Minera\u00e7\u00e3o - AmstedMaxion","isPartOf":{"@id":"https:\/\/www.amstedmaxion.com.br\/#website"},"primaryImageOfPage":{"@id":"https:\/\/www.amstedmaxion.com.br\/brasmin-ii-feira-da-industria-da-mineracao\/#primaryimage"},"image":{"@id":"https:\/\/www.amstedmaxion.com.br\/brasmin-ii-feira-da-industria-da-mineracao\/#primaryimage"},"thumbnailUrl":"https:\/\/www.amstedmaxion.com.br\/wp-content\/uploads\/2023\/06\/Brasmin.jpg","datePublished":"2023-06-22T20:15:48+00:00","dateModified":"2023-06-22T20:15:48+00:00","breadcrumb":{"@id":"https:\/\/www.amstedmaxion.com.br\/brasmin-ii-feira-da-industria-da-mineracao\/#breadcrumb"},"inLanguage":"en-US","potentialAction":[{"@type":"ReadAction","target":["https:\/\/www.amstedmaxion.com.br\/brasmin-ii-feira-da-industria-da-mineracao\/"]}]},{"@type":"ImageObject","inLanguage":"en-US","@id":"https:\/\/www.amstedmaxion.com.br\/brasmin-ii-feira-da-industria-da-mineracao\/#primaryimage","url":"https:\/\/www.amstedmaxion.com.br\/wp-content\/uploads\/2023\/06\/Brasmin.jpg","contentUrl":"https:\/\/www.amstedmaxion.com.br\/wp-content\/uploads\/2023\/06\/Brasmin.jpg","width":719,"height":185},{"@type":"BreadcrumbList","@id":"https:\/\/www.amstedmaxion.com.br\/brasmin-ii-feira-da-industria-da-mineracao\/#breadcrumb","itemListElement":[{"@type":"ListItem","position":1,"name":"In\u00edcio","item":"https:\/\/www.amstedmaxion.com.br\/"},{"@type":"ListItem","position":2,"name":"Brasmin \u2013 II Feira da Ind\u00fastria da Minera\u00e7\u00e3o"}]},{"@type":"WebSite","@id":"https:\/\/www.amstedmaxion.com.br\/#website","url":"https:\/\/www.amstedmaxion.com.br\/","name":"AmstedMaxion","description":"AmstedMaxion - Fundi\u00e7\u00e3o e Equipamentos Ferrovi\u00e1rios","publisher":{"@id":"https:\/\/www.amstedmaxion.com.br\/#organization"},"alternateName":"AmstedMaxion","potentialAction":[{"@type":"SearchAction","target":{"@type":"EntryPoint","urlTemplate":"https:\/\/www.amstedmaxion.com.br\/?s={search_term_string}"},"query-input":{"@type":"PropertyValueSpecification","valueRequired":true,"valueName":"search_term_string"}}],"inLanguage":"en-US"},{"@type":"Organization","@id":"https:\/\/www.amstedmaxion.com.br\/#organization","name":"AMSTEDMAXION","url":"https:\/\/www.amstedmaxion.com.br\/","logo":{"@type":"ImageObject","inLanguage":"en-US","@id":"https:\/\/www.amstedmaxion.com.br\/#\/schema\/logo\/image\/","url":"https:\/\/www.amstedmaxion.com.br\/wp-content\/uploads\/2023\/11\/amsted.png","contentUrl":"https:\/\/www.amstedmaxion.com.br\/wp-content\/uploads\/2023\/11\/amsted.png","width":500,"height":500,"caption":"AMSTEDMAXION"},"image":{"@id":"https:\/\/www.amstedmaxion.com.br\/#\/schema\/logo\/image\/"},"sameAs":["https:\/\/www.facebook.com\/AmstedMaxion.Oficial","https:\/\/br.linkedin.com\/company\/amstedmaxion"]},{"@type":"Person","@id":"https:\/\/www.amstedmaxion.com.br\/#\/schema\/person\/140cb65f07d4e66dd5543c8a187bf436","name":"Rosane Storto","image":{"@type":"ImageObject","inLanguage":"en-US","@id":"https:\/\/www.amstedmaxion.com.br\/#\/schema\/person\/image\/","url":"https:\/\/secure.gravatar.com\/avatar\/0e3d021545bbe593cb0eb3ee740544fefa86d59762e63dec1dbe9480a34c98cd?s=96&d=mm&r=g","contentUrl":"https:\/\/secure.gravatar.com\/avatar\/0e3d021545bbe593cb0eb3ee740544fefa86d59762e63dec1dbe9480a34c98cd?s=96&d=mm&r=g","caption":"Rosane Storto"}}]}},"_links":{"self":[{"href":"https:\/\/www.amstedmaxion.com.br\/en\/wp-json\/wp\/v2\/posts\/44093","targetHints":{"allow":["GET"]}}],"collection":[{"href":"https:\/\/www.amstedmaxion.com.br\/en\/wp-json\/wp\/v2\/posts"}],"about":[{"href":"https:\/\/www.amstedmaxion.com.br\/en\/wp-json\/wp\/v2\/types\/post"}],"author":[{"embeddable":true,"href":"https:\/\/www.amstedmaxion.com.br\/en\/wp-json\/wp\/v2\/users\/5"}],"replies":[{"embeddable":true,"href":"https:\/\/www.amstedmaxion.com.br\/en\/wp-json\/wp\/v2\/comments?post=44093"}],"version-history":[{"count":1,"href":"https:\/\/www.amstedmaxion.com.br\/en\/wp-json\/wp\/v2\/posts\/44093\/revisions"}],"predecessor-version":[{"id":44096,"href":"https:\/\/www.amstedmaxion.com.br\/en\/wp-json\/wp\/v2\/posts\/44093\/revisions\/44096"}],"wp:featuredmedia":[{"embeddable":true,"href":"https:\/\/www.amstedmaxion.com.br\/en\/wp-json\/wp\/v2\/media\/44094"}],"wp:attachment":[{"href":"https:\/\/www.amstedmaxion.com.br\/en\/wp-json\/wp\/v2\/media?parent=44093"}],"wp:term":[{"taxonomy":"category","embeddable":true,"href":"https:\/\/www.amstedmaxion.com.br\/en\/wp-json\/wp\/v2\/categories?post=44093"},{"taxonomy":"post_tag","embeddable":true,"href":"https:\/\/www.amstedmaxion.com.br\/en\/wp-json\/wp\/v2\/tags?post=44093"}],"curies":[{"name":"wp","href":"https:\/\/api.w.org\/{rel}","templated":true}]}}