{"id":44097,"date":"2023-06-22T17:17:40","date_gmt":"2023-06-22T20:17:40","guid":{"rendered":"https:\/\/www.amstedmaxion.com.br\/?p=44097"},"modified":"2023-06-22T17:17:40","modified_gmt":"2023-06-22T20:17:40","slug":"selic-alta-faz-setor-de-maquinas-projetar-2023-no-vermelho","status":"publish","type":"post","link":"https:\/\/www.amstedmaxion.com.br\/en\/selic-alta-faz-setor-de-maquinas-projetar-2023-no-vermelho\/","title":{"rendered":"Selic alta faz setor de m\u00e1quinas projetar 2023 no vermelho"},"content":{"rendered":"\n<p>Valor Econ\u00f4mico &#8211; Associa\u00e7\u00e3o deve mudar sua proje\u00e7\u00e3o de alta de 2,4% para queda na receita total no ano, e com poucas perspectivas de voltar ao azul at\u00e9 dezembro<\/p>\n\n\n\n<p>A manuten\u00e7\u00e3o da taxa b\u00e1sica de juros, a Selic, em 13,75% na quinta-feira (22) pelo Comit\u00ea de Pol\u00edtica Monet\u00e1ria (Copom) e a falta de sinaliza\u00e7\u00e3o clara de que o in\u00edcio do ciclo de baixa possa come\u00e7ar j\u00e1 a partir do pr\u00f3ximo encontro, em agosto, vai levar o setor de m\u00e1quinas a rever suas previs\u00f5es para 2023. Mesmo ainda na metade do ano, na pr\u00f3xima quarta-feira (28), a Associa\u00e7\u00e3o Brasileira da Ind\u00fastria de M\u00e1quinas e Equipamentos (Abimaq) divulga os n\u00fameros do setor em maio e deve apresentar novas proje\u00e7\u00f5es para 2023, passando de expectativa de alta de 2,4% para queda na receita total. E com poucas perspectivas de voltar ao azul at\u00e9 dezembro.<\/p>\n\n\n\n<p>O setor come\u00e7ou o ano e manteve at\u00e9 agora a estimativa de crescimento de 0,6% na receita interna e de 8,6% nas exporta\u00e7\u00f5es. Isso levaria a alta de 2,4% no faturamento total dos fabricantes. O acumulado at\u00e9 abril, no entanto, j\u00e1 sinalizava que as metas seriam dif\u00edceis de serem alcan\u00e7adas. Nos quatro primeiros meses do ano a receita total somou R$ 91,7 bilh\u00f5es, queda de 6,5% na compara\u00e7\u00e3o com 2022. A receita interna, de R$ 69,4 bilh\u00f5es, ficou 11,9% menor na compara\u00e7\u00e3o anual. As exporta\u00e7\u00f5es ainda crescem 23,4% em 2023, somando US$ 4,3 bilh\u00f5es.<\/p>\n\n\n\n<p>\u201cA manuten\u00e7\u00e3o da taxa de juros n\u00e3o condiz com a realidade de um cen\u00e1rio econ\u00f4mico mais controlado. Mas preocupa que n\u00e3o veio uma sinaliza\u00e7\u00e3o para a pr\u00f3xima reuni\u00e3o (do Banco Central) em agosto. Esperamos que a ata (do Copom) possa trazer uma surpresa boa\u201d, afirma Cristina Zanella, diretora de competitividade, economia e estat\u00edstica da Abimaq. \u201cO pior cen\u00e1rio \u00e9 se o ciclo de baixa ficar para 2024. Dependemos de investimento do setor produtivo e como concorrer com uma taxa de juros real de quase 9%\u201d, questiona a economista, numa refer\u00eancia \u00e0 atual pol\u00edtica do Banco Central que estimula o investimento em ativos financeiros e n\u00e3o na produ\u00e7\u00e3o.<\/p>\n\n\n\n<p>Zanella lembra ainda que uma redu\u00e7\u00e3o da Selic n\u00e3o significa queda imediata nas taxas de juros praticadas pelos bancos, que pode demorar meses para ser sentida na ponta tomadora de financiamentos. E o ritmo de redu\u00e7\u00e3o tamb\u00e9m pesa sobre a ind\u00fastria. \u201cSe o corte vier de 0,25 pontos percentuais a cada reuni\u00e3o, teremos ainda dois anos de juros na casa dos dois d\u00edgitos\u201d, destaca.<\/p>\n\n\n\n<p>Ela disse que as proje\u00e7\u00f5es que ser\u00e3o apresentadas na pr\u00f3xima semana ainda n\u00e3o est\u00e3o fechadas, mas devem indicar uma leve queda na receita total para o ano. Os n\u00fameros de maio tamb\u00e9m n\u00e3o est\u00e3o fechados, mas ser\u00e3o melhores do que os de abril, por\u00e9m ainda abaixo do mesmo m\u00eas de 2022. O que vai aprofundar a queda acumulada neste ano.<\/p>\n\n\n\n<p>As exporta\u00e7\u00f5es tendem a se manter acima do US$ 1 bilh\u00e3o por m\u00eas no restante do ano e fechar com crescimento. Mas a valoriza\u00e7\u00e3o do real vai afetar a receita final do com\u00e9rcio exterior. A Abimaq trabalhava com d\u00f3lar entre R$ 5,10 e R$ 5,20 para 2023, o que dificilmente ser\u00e1 atingido. Com o c\u00e2mbio em torno de R$ 4,80, o setor come\u00e7a tamb\u00e9m a enfrentar problemas de competitividade.<\/p>\n\n\n\n<p>Zanella afirma que os contratos de exporta\u00e7\u00e3o s\u00e3o de longo prazo e o desempenho de 2023 est\u00e1 garantido. Para 2024, no entanto, o setor pode encontrar dificuldades no mercado externo.<\/p>\n\n\n\n<p>O impacto negativo da taxa de juros e c\u00e2mbio sobre o setor n\u00e3o se d\u00e1 de forma igual. Fabricantes que atendem o agroneg\u00f3cio ou os setores extrativistas t\u00eam previs\u00f5es mais positivas para o ano. J\u00e1 quem fabrica m\u00e1quinas para segmentos ligados ao consumo \u2014 alimentos, bebidas e t\u00eaxtil, por exemplo \u2014 j\u00e1 est\u00e1 sendo afetado. A linha amarela, de m\u00e1quinas usadas em constru\u00e7\u00e3o, tamb\u00e9m sentiu a redu\u00e7\u00e3o nos neg\u00f3cios.<\/p>\n\n\n\n<p>Para al\u00e9m da quest\u00e3o dos juros e c\u00e2mbio, a diretora da Abimaq destaca que existem motivos para manter o otimismo. Ela cita a reforma tribut\u00e1ria e a discuss\u00e3o do arcabou\u00e7o fiscal como fundamentais para estimular investimentos e acelerar o corte de juros. E medidas que est\u00e3o sendo avaliadas pelo BNDES para as suas linhas de cr\u00e9dito podem oferecer boas op\u00e7\u00f5es de financiamento ao setor produtivo.<\/p>\n\n\n\n<figure class=\"wp-block-image size-full is-resized\"><img loading=\"lazy\" decoding=\"async\" src=\"https:\/\/www.amstedmaxion.com.br\/wp-content\/uploads\/2023\/06\/Maquinas-Valor-Economico.jpg\" alt=\"\" class=\"wp-image-44098\" width=\"444\" height=\"348\" srcset=\"https:\/\/www.amstedmaxion.com.br\/wp-content\/uploads\/2023\/06\/Maquinas-Valor-Economico.jpg 720w, https:\/\/www.amstedmaxion.com.br\/wp-content\/uploads\/2023\/06\/Maquinas-Valor-Economico-300x235.jpg 300w\" sizes=\"auto, (max-width: 444px) 100vw, 444px\" \/><figcaption class=\"wp-element-caption\">Foto: captura de tela Valor Econ\u00f4mico<\/figcaption><\/figure>\n\n\n\n<p>Fonte: Valor Econ\u00f4mico (<a href=\"https:\/\/valor.globo.com\/empresas\/noticia\/2023\/06\/22\/selic-alta-faz-setor-de-mquinas-projetar-2023-no-vermelho.ghtml\">https:\/\/valor.globo.com\/empresas\/noticia\/2023\/06\/22\/selic-alta-faz-setor-de-mquinas-projetar-2023-no-vermelho.ghtml<\/a>)<\/p>\n","protected":false},"excerpt":{"rendered":"<p>Valor Econ\u00f4mico &#8211; Associa\u00e7\u00e3o deve mudar sua proje\u00e7\u00e3o de alta de 2,4% para queda na receita total no ano, e com poucas perspectivas de voltar ao azul at\u00e9 dezembro A manuten\u00e7\u00e3o da taxa b\u00e1sica de juros, a Selic, em 13,75% na quinta-feira (22) pelo Comit\u00ea de Pol\u00edtica Monet\u00e1ria (Copom) e a falta de sinaliza\u00e7\u00e3o clara [&hellip;]<\/p>\n","protected":false},"author":5,"featured_media":44098,"comment_status":"open","ping_status":"open","sticky":false,"template":"","format":"standard","meta":{"_acf_changed":false,"footnotes":""},"categories":[148],"tags":[],"class_list":["post-44097","post","type-post","status-publish","format-standard","has-post-thumbnail","hentry","category-newsletter"],"acf":[],"yoast_head":"<!-- This site is optimized with the Yoast SEO plugin v23.9 - https:\/\/yoast.com\/wordpress\/plugins\/seo\/ -->\n<title>Selic alta faz setor de m\u00e1quinas projetar 2023 no vermelho - AmstedMaxion<\/title>\n<meta name=\"robots\" content=\"index, follow, max-snippet:-1, max-image-preview:large, max-video-preview:-1\" \/>\n<link rel=\"canonical\" href=\"https:\/\/www.amstedmaxion.com.br\/selic-alta-faz-setor-de-maquinas-projetar-2023-no-vermelho\/\" \/>\n<meta property=\"og:locale\" content=\"en_US\" \/>\n<meta property=\"og:type\" content=\"article\" \/>\n<meta property=\"og:title\" content=\"Selic alta faz setor de m\u00e1quinas projetar 2023 no vermelho - AmstedMaxion\" \/>\n<meta property=\"og:description\" content=\"Valor Econ\u00f4mico &#8211; Associa\u00e7\u00e3o deve mudar sua proje\u00e7\u00e3o de alta de 2,4% para queda na receita total no ano, e com poucas perspectivas de voltar ao azul at\u00e9 dezembro A manuten\u00e7\u00e3o da taxa b\u00e1sica de juros, a Selic, em 13,75% na quinta-feira (22) pelo Comit\u00ea de Pol\u00edtica Monet\u00e1ria (Copom) e a falta de sinaliza\u00e7\u00e3o clara [&hellip;]\" \/>\n<meta property=\"og:url\" content=\"https:\/\/www.amstedmaxion.com.br\/selic-alta-faz-setor-de-maquinas-projetar-2023-no-vermelho\/\" \/>\n<meta property=\"og:site_name\" content=\"AmstedMaxion\" \/>\n<meta property=\"article:publisher\" content=\"https:\/\/www.facebook.com\/AmstedMaxion.Oficial\" \/>\n<meta property=\"article:published_time\" content=\"2023-06-22T20:17:40+00:00\" \/>\n<meta property=\"og:image\" content=\"https:\/\/www.amstedmaxion.com.br\/wp-content\/uploads\/2023\/06\/Maquinas-Valor-Economico.jpg\" \/>\n\t<meta property=\"og:image:width\" content=\"720\" \/>\n\t<meta property=\"og:image:height\" content=\"565\" \/>\n\t<meta property=\"og:image:type\" content=\"image\/jpeg\" \/>\n<meta name=\"author\" content=\"Rosane Storto\" \/>\n<meta name=\"twitter:card\" content=\"summary_large_image\" \/>\n<meta name=\"twitter:label1\" content=\"Written by\" \/>\n\t<meta name=\"twitter:data1\" content=\"Rosane Storto\" \/>\n\t<meta name=\"twitter:label2\" content=\"Est. reading time\" \/>\n\t<meta name=\"twitter:data2\" content=\"5 minutes\" \/>\n<script type=\"application\/ld+json\" class=\"yoast-schema-graph\">{\"@context\":\"https:\/\/schema.org\",\"@graph\":[{\"@type\":\"Article\",\"@id\":\"https:\/\/www.amstedmaxion.com.br\/selic-alta-faz-setor-de-maquinas-projetar-2023-no-vermelho\/#article\",\"isPartOf\":{\"@id\":\"https:\/\/www.amstedmaxion.com.br\/selic-alta-faz-setor-de-maquinas-projetar-2023-no-vermelho\/\"},\"author\":{\"name\":\"Rosane Storto\",\"@id\":\"https:\/\/www.amstedmaxion.com.br\/#\/schema\/person\/140cb65f07d4e66dd5543c8a187bf436\"},\"headline\":\"Selic alta faz setor de m\u00e1quinas projetar 2023 no vermelho\",\"datePublished\":\"2023-06-22T20:17:40+00:00\",\"dateModified\":\"2023-06-22T20:17:40+00:00\",\"mainEntityOfPage\":{\"@id\":\"https:\/\/www.amstedmaxion.com.br\/selic-alta-faz-setor-de-maquinas-projetar-2023-no-vermelho\/\"},\"wordCount\":790,\"commentCount\":0,\"publisher\":{\"@id\":\"https:\/\/www.amstedmaxion.com.br\/#organization\"},\"image\":{\"@id\":\"https:\/\/www.amstedmaxion.com.br\/selic-alta-faz-setor-de-maquinas-projetar-2023-no-vermelho\/#primaryimage\"},\"thumbnailUrl\":\"https:\/\/www.amstedmaxion.com.br\/wp-content\/uploads\/2023\/06\/Maquinas-Valor-Economico.jpg\",\"articleSection\":[\"Newsletter\"],\"inLanguage\":\"en-US\",\"potentialAction\":[{\"@type\":\"CommentAction\",\"name\":\"Comment\",\"target\":[\"https:\/\/www.amstedmaxion.com.br\/selic-alta-faz-setor-de-maquinas-projetar-2023-no-vermelho\/#respond\"]}]},{\"@type\":\"WebPage\",\"@id\":\"https:\/\/www.amstedmaxion.com.br\/selic-alta-faz-setor-de-maquinas-projetar-2023-no-vermelho\/\",\"url\":\"https:\/\/www.amstedmaxion.com.br\/selic-alta-faz-setor-de-maquinas-projetar-2023-no-vermelho\/\",\"name\":\"Selic alta faz setor de m\u00e1quinas projetar 2023 no vermelho - AmstedMaxion\",\"isPartOf\":{\"@id\":\"https:\/\/www.amstedmaxion.com.br\/#website\"},\"primaryImageOfPage\":{\"@id\":\"https:\/\/www.amstedmaxion.com.br\/selic-alta-faz-setor-de-maquinas-projetar-2023-no-vermelho\/#primaryimage\"},\"image\":{\"@id\":\"https:\/\/www.amstedmaxion.com.br\/selic-alta-faz-setor-de-maquinas-projetar-2023-no-vermelho\/#primaryimage\"},\"thumbnailUrl\":\"https:\/\/www.amstedmaxion.com.br\/wp-content\/uploads\/2023\/06\/Maquinas-Valor-Economico.jpg\",\"datePublished\":\"2023-06-22T20:17:40+00:00\",\"dateModified\":\"2023-06-22T20:17:40+00:00\",\"breadcrumb\":{\"@id\":\"https:\/\/www.amstedmaxion.com.br\/selic-alta-faz-setor-de-maquinas-projetar-2023-no-vermelho\/#breadcrumb\"},\"inLanguage\":\"en-US\",\"potentialAction\":[{\"@type\":\"ReadAction\",\"target\":[\"https:\/\/www.amstedmaxion.com.br\/selic-alta-faz-setor-de-maquinas-projetar-2023-no-vermelho\/\"]}]},{\"@type\":\"ImageObject\",\"inLanguage\":\"en-US\",\"@id\":\"https:\/\/www.amstedmaxion.com.br\/selic-alta-faz-setor-de-maquinas-projetar-2023-no-vermelho\/#primaryimage\",\"url\":\"https:\/\/www.amstedmaxion.com.br\/wp-content\/uploads\/2023\/06\/Maquinas-Valor-Economico.jpg\",\"contentUrl\":\"https:\/\/www.amstedmaxion.com.br\/wp-content\/uploads\/2023\/06\/Maquinas-Valor-Economico.jpg\",\"width\":720,\"height\":565,\"caption\":\"Foto: captura de tela Valor Econ\u00f4mico\"},{\"@type\":\"BreadcrumbList\",\"@id\":\"https:\/\/www.amstedmaxion.com.br\/selic-alta-faz-setor-de-maquinas-projetar-2023-no-vermelho\/#breadcrumb\",\"itemListElement\":[{\"@type\":\"ListItem\",\"position\":1,\"name\":\"In\u00edcio\",\"item\":\"https:\/\/www.amstedmaxion.com.br\/\"},{\"@type\":\"ListItem\",\"position\":2,\"name\":\"Selic alta faz setor de m\u00e1quinas projetar 2023 no vermelho\"}]},{\"@type\":\"WebSite\",\"@id\":\"https:\/\/www.amstedmaxion.com.br\/#website\",\"url\":\"https:\/\/www.amstedmaxion.com.br\/\",\"name\":\"AmstedMaxion\",\"description\":\"AmstedMaxion - Fundi\u00e7\u00e3o e Equipamentos Ferrovi\u00e1rios\",\"publisher\":{\"@id\":\"https:\/\/www.amstedmaxion.com.br\/#organization\"},\"alternateName\":\"AmstedMaxion\",\"potentialAction\":[{\"@type\":\"SearchAction\",\"target\":{\"@type\":\"EntryPoint\",\"urlTemplate\":\"https:\/\/www.amstedmaxion.com.br\/?s={search_term_string}\"},\"query-input\":{\"@type\":\"PropertyValueSpecification\",\"valueRequired\":true,\"valueName\":\"search_term_string\"}}],\"inLanguage\":\"en-US\"},{\"@type\":\"Organization\",\"@id\":\"https:\/\/www.amstedmaxion.com.br\/#organization\",\"name\":\"AMSTEDMAXION\",\"url\":\"https:\/\/www.amstedmaxion.com.br\/\",\"logo\":{\"@type\":\"ImageObject\",\"inLanguage\":\"en-US\",\"@id\":\"https:\/\/www.amstedmaxion.com.br\/#\/schema\/logo\/image\/\",\"url\":\"https:\/\/www.amstedmaxion.com.br\/wp-content\/uploads\/2023\/11\/amsted.png\",\"contentUrl\":\"https:\/\/www.amstedmaxion.com.br\/wp-content\/uploads\/2023\/11\/amsted.png\",\"width\":500,\"height\":500,\"caption\":\"AMSTEDMAXION\"},\"image\":{\"@id\":\"https:\/\/www.amstedmaxion.com.br\/#\/schema\/logo\/image\/\"},\"sameAs\":[\"https:\/\/www.facebook.com\/AmstedMaxion.Oficial\",\"https:\/\/br.linkedin.com\/company\/amstedmaxion\"]},{\"@type\":\"Person\",\"@id\":\"https:\/\/www.amstedmaxion.com.br\/#\/schema\/person\/140cb65f07d4e66dd5543c8a187bf436\",\"name\":\"Rosane Storto\",\"image\":{\"@type\":\"ImageObject\",\"inLanguage\":\"en-US\",\"@id\":\"https:\/\/www.amstedmaxion.com.br\/#\/schema\/person\/image\/\",\"url\":\"https:\/\/secure.gravatar.com\/avatar\/0e3d021545bbe593cb0eb3ee740544fefa86d59762e63dec1dbe9480a34c98cd?s=96&d=mm&r=g\",\"contentUrl\":\"https:\/\/secure.gravatar.com\/avatar\/0e3d021545bbe593cb0eb3ee740544fefa86d59762e63dec1dbe9480a34c98cd?s=96&d=mm&r=g\",\"caption\":\"Rosane Storto\"}}]}<\/script>\n<!-- \/ Yoast SEO plugin. -->","yoast_head_json":{"title":"Selic alta faz setor de m\u00e1quinas projetar 2023 no vermelho - AmstedMaxion","robots":{"index":"index","follow":"follow","max-snippet":"max-snippet:-1","max-image-preview":"max-image-preview:large","max-video-preview":"max-video-preview:-1"},"canonical":"https:\/\/www.amstedmaxion.com.br\/selic-alta-faz-setor-de-maquinas-projetar-2023-no-vermelho\/","og_locale":"en_US","og_type":"article","og_title":"Selic alta faz setor de m\u00e1quinas projetar 2023 no vermelho - AmstedMaxion","og_description":"Valor Econ\u00f4mico &#8211; Associa\u00e7\u00e3o deve mudar sua proje\u00e7\u00e3o de alta de 2,4% para queda na receita total no ano, e com poucas perspectivas de voltar ao azul at\u00e9 dezembro A manuten\u00e7\u00e3o da taxa b\u00e1sica de juros, a Selic, em 13,75% na quinta-feira (22) pelo Comit\u00ea de Pol\u00edtica Monet\u00e1ria (Copom) e a falta de sinaliza\u00e7\u00e3o clara [&hellip;]","og_url":"https:\/\/www.amstedmaxion.com.br\/selic-alta-faz-setor-de-maquinas-projetar-2023-no-vermelho\/","og_site_name":"AmstedMaxion","article_publisher":"https:\/\/www.facebook.com\/AmstedMaxion.Oficial","article_published_time":"2023-06-22T20:17:40+00:00","og_image":[{"width":720,"height":565,"url":"https:\/\/www.amstedmaxion.com.br\/wp-content\/uploads\/2023\/06\/Maquinas-Valor-Economico.jpg","type":"image\/jpeg"}],"author":"Rosane Storto","twitter_card":"summary_large_image","twitter_misc":{"Written by":"Rosane Storto","Est. reading time":"5 minutes"},"schema":{"@context":"https:\/\/schema.org","@graph":[{"@type":"Article","@id":"https:\/\/www.amstedmaxion.com.br\/selic-alta-faz-setor-de-maquinas-projetar-2023-no-vermelho\/#article","isPartOf":{"@id":"https:\/\/www.amstedmaxion.com.br\/selic-alta-faz-setor-de-maquinas-projetar-2023-no-vermelho\/"},"author":{"name":"Rosane Storto","@id":"https:\/\/www.amstedmaxion.com.br\/#\/schema\/person\/140cb65f07d4e66dd5543c8a187bf436"},"headline":"Selic alta faz setor de m\u00e1quinas projetar 2023 no vermelho","datePublished":"2023-06-22T20:17:40+00:00","dateModified":"2023-06-22T20:17:40+00:00","mainEntityOfPage":{"@id":"https:\/\/www.amstedmaxion.com.br\/selic-alta-faz-setor-de-maquinas-projetar-2023-no-vermelho\/"},"wordCount":790,"commentCount":0,"publisher":{"@id":"https:\/\/www.amstedmaxion.com.br\/#organization"},"image":{"@id":"https:\/\/www.amstedmaxion.com.br\/selic-alta-faz-setor-de-maquinas-projetar-2023-no-vermelho\/#primaryimage"},"thumbnailUrl":"https:\/\/www.amstedmaxion.com.br\/wp-content\/uploads\/2023\/06\/Maquinas-Valor-Economico.jpg","articleSection":["Newsletter"],"inLanguage":"en-US","potentialAction":[{"@type":"CommentAction","name":"Comment","target":["https:\/\/www.amstedmaxion.com.br\/selic-alta-faz-setor-de-maquinas-projetar-2023-no-vermelho\/#respond"]}]},{"@type":"WebPage","@id":"https:\/\/www.amstedmaxion.com.br\/selic-alta-faz-setor-de-maquinas-projetar-2023-no-vermelho\/","url":"https:\/\/www.amstedmaxion.com.br\/selic-alta-faz-setor-de-maquinas-projetar-2023-no-vermelho\/","name":"Selic alta faz setor de m\u00e1quinas projetar 2023 no vermelho - AmstedMaxion","isPartOf":{"@id":"https:\/\/www.amstedmaxion.com.br\/#website"},"primaryImageOfPage":{"@id":"https:\/\/www.amstedmaxion.com.br\/selic-alta-faz-setor-de-maquinas-projetar-2023-no-vermelho\/#primaryimage"},"image":{"@id":"https:\/\/www.amstedmaxion.com.br\/selic-alta-faz-setor-de-maquinas-projetar-2023-no-vermelho\/#primaryimage"},"thumbnailUrl":"https:\/\/www.amstedmaxion.com.br\/wp-content\/uploads\/2023\/06\/Maquinas-Valor-Economico.jpg","datePublished":"2023-06-22T20:17:40+00:00","dateModified":"2023-06-22T20:17:40+00:00","breadcrumb":{"@id":"https:\/\/www.amstedmaxion.com.br\/selic-alta-faz-setor-de-maquinas-projetar-2023-no-vermelho\/#breadcrumb"},"inLanguage":"en-US","potentialAction":[{"@type":"ReadAction","target":["https:\/\/www.amstedmaxion.com.br\/selic-alta-faz-setor-de-maquinas-projetar-2023-no-vermelho\/"]}]},{"@type":"ImageObject","inLanguage":"en-US","@id":"https:\/\/www.amstedmaxion.com.br\/selic-alta-faz-setor-de-maquinas-projetar-2023-no-vermelho\/#primaryimage","url":"https:\/\/www.amstedmaxion.com.br\/wp-content\/uploads\/2023\/06\/Maquinas-Valor-Economico.jpg","contentUrl":"https:\/\/www.amstedmaxion.com.br\/wp-content\/uploads\/2023\/06\/Maquinas-Valor-Economico.jpg","width":720,"height":565,"caption":"Foto: captura de tela Valor Econ\u00f4mico"},{"@type":"BreadcrumbList","@id":"https:\/\/www.amstedmaxion.com.br\/selic-alta-faz-setor-de-maquinas-projetar-2023-no-vermelho\/#breadcrumb","itemListElement":[{"@type":"ListItem","position":1,"name":"In\u00edcio","item":"https:\/\/www.amstedmaxion.com.br\/"},{"@type":"ListItem","position":2,"name":"Selic alta faz setor de m\u00e1quinas projetar 2023 no vermelho"}]},{"@type":"WebSite","@id":"https:\/\/www.amstedmaxion.com.br\/#website","url":"https:\/\/www.amstedmaxion.com.br\/","name":"AmstedMaxion","description":"AmstedMaxion - Fundi\u00e7\u00e3o e Equipamentos Ferrovi\u00e1rios","publisher":{"@id":"https:\/\/www.amstedmaxion.com.br\/#organization"},"alternateName":"AmstedMaxion","potentialAction":[{"@type":"SearchAction","target":{"@type":"EntryPoint","urlTemplate":"https:\/\/www.amstedmaxion.com.br\/?s={search_term_string}"},"query-input":{"@type":"PropertyValueSpecification","valueRequired":true,"valueName":"search_term_string"}}],"inLanguage":"en-US"},{"@type":"Organization","@id":"https:\/\/www.amstedmaxion.com.br\/#organization","name":"AMSTEDMAXION","url":"https:\/\/www.amstedmaxion.com.br\/","logo":{"@type":"ImageObject","inLanguage":"en-US","@id":"https:\/\/www.amstedmaxion.com.br\/#\/schema\/logo\/image\/","url":"https:\/\/www.amstedmaxion.com.br\/wp-content\/uploads\/2023\/11\/amsted.png","contentUrl":"https:\/\/www.amstedmaxion.com.br\/wp-content\/uploads\/2023\/11\/amsted.png","width":500,"height":500,"caption":"AMSTEDMAXION"},"image":{"@id":"https:\/\/www.amstedmaxion.com.br\/#\/schema\/logo\/image\/"},"sameAs":["https:\/\/www.facebook.com\/AmstedMaxion.Oficial","https:\/\/br.linkedin.com\/company\/amstedmaxion"]},{"@type":"Person","@id":"https:\/\/www.amstedmaxion.com.br\/#\/schema\/person\/140cb65f07d4e66dd5543c8a187bf436","name":"Rosane Storto","image":{"@type":"ImageObject","inLanguage":"en-US","@id":"https:\/\/www.amstedmaxion.com.br\/#\/schema\/person\/image\/","url":"https:\/\/secure.gravatar.com\/avatar\/0e3d021545bbe593cb0eb3ee740544fefa86d59762e63dec1dbe9480a34c98cd?s=96&d=mm&r=g","contentUrl":"https:\/\/secure.gravatar.com\/avatar\/0e3d021545bbe593cb0eb3ee740544fefa86d59762e63dec1dbe9480a34c98cd?s=96&d=mm&r=g","caption":"Rosane Storto"}}]}},"_links":{"self":[{"href":"https:\/\/www.amstedmaxion.com.br\/en\/wp-json\/wp\/v2\/posts\/44097","targetHints":{"allow":["GET"]}}],"collection":[{"href":"https:\/\/www.amstedmaxion.com.br\/en\/wp-json\/wp\/v2\/posts"}],"about":[{"href":"https:\/\/www.amstedmaxion.com.br\/en\/wp-json\/wp\/v2\/types\/post"}],"author":[{"embeddable":true,"href":"https:\/\/www.amstedmaxion.com.br\/en\/wp-json\/wp\/v2\/users\/5"}],"replies":[{"embeddable":true,"href":"https:\/\/www.amstedmaxion.com.br\/en\/wp-json\/wp\/v2\/comments?post=44097"}],"version-history":[{"count":1,"href":"https:\/\/www.amstedmaxion.com.br\/en\/wp-json\/wp\/v2\/posts\/44097\/revisions"}],"predecessor-version":[{"id":44100,"href":"https:\/\/www.amstedmaxion.com.br\/en\/wp-json\/wp\/v2\/posts\/44097\/revisions\/44100"}],"wp:featuredmedia":[{"embeddable":true,"href":"https:\/\/www.amstedmaxion.com.br\/en\/wp-json\/wp\/v2\/media\/44098"}],"wp:attachment":[{"href":"https:\/\/www.amstedmaxion.com.br\/en\/wp-json\/wp\/v2\/media?parent=44097"}],"wp:term":[{"taxonomy":"category","embeddable":true,"href":"https:\/\/www.amstedmaxion.com.br\/en\/wp-json\/wp\/v2\/categories?post=44097"},{"taxonomy":"post_tag","embeddable":true,"href":"https:\/\/www.amstedmaxion.com.br\/en\/wp-json\/wp\/v2\/tags?post=44097"}],"curies":[{"name":"wp","href":"https:\/\/api.w.org\/{rel}","templated":true}]}}