{"id":44144,"date":"2023-06-27T16:31:35","date_gmt":"2023-06-27T19:31:35","guid":{"rendered":"https:\/\/www.amstedmaxion.com.br\/?p=44144"},"modified":"2023-06-27T16:31:35","modified_gmt":"2023-06-27T19:31:35","slug":"plano-safra-governo-anuncia-financiamento-de-r-364-bilhoes","status":"publish","type":"post","link":"https:\/\/www.amstedmaxion.com.br\/en\/plano-safra-governo-anuncia-financiamento-de-r-364-bilhoes\/","title":{"rendered":"Plano Safra: governo anuncia financiamento de R$ 364 bilh\u00f5es"},"content":{"rendered":"\n<p>Ag\u00eancia Brasil &#8211; Safra 2023\/2024. \u00c9 um aumento de 27% em rela\u00e7\u00e3o ao valor oferecido no ano passado, segundo o governo federal. O lan\u00e7amento do novo&nbsp;plano, que tamb\u00e9m estimula produ\u00e7\u00e3o sustent\u00e1vel, foi anunciado nesta ter\u00e7a-feira (27).&nbsp;<\/p>\n\n\n\n<p>As taxas de juros para custeio e comercializa\u00e7\u00e3o ser\u00e3o de 8% ao ano para os produtores do Pronamp e de 12% para os demais. Para investimentos, as taxas ficam entre 7% e 12,5% ao ano.&nbsp;<\/p>\n\n\n\n<p>Produtores que j\u00e1 tiverem o Cadastro Ambiental Rural analisado v\u00e3o ter um desconto de 0,5% na taxa de juros para custeio. O mesmo benef\u00edcio \u00e9 dado para os produtores que adotarem pr\u00e1ticas mais sustent\u00e1veis. Os descontos podem ser acumulados, chegando a 1%.&nbsp;<\/p>\n\n\n\n<p>A ministra do Meio Ambiente e Mudan\u00e7a do Clima, Marina Silva, afirmou na cerim\u00f4nia, no Pal\u00e1cio do Planalto, que o Plano Safra pode induzir uma economia mais sustent\u00e1vel e de baixo carbono.&nbsp;<\/p>\n\n\n\n<p>O presidente Lula afirmou que o governo n\u00e3o tem problema ideol\u00f3gico com o agroneg\u00f3cio e que o pa\u00eds n\u00e3o pode depender da importa\u00e7\u00e3o de fertilizantes.&nbsp;<\/p>\n\n\n\n<p>O ministro da Agricultura e Pecu\u00e1ria, Carlos F\u00e1varo, disse que a alta taxa de juros no Brasil dificultou a elabora\u00e7\u00e3o do Plano Safra. Ele defendeu que o Senado convoque o presidente do Banco Central, Campos Neto, para dar explica\u00e7\u00f5es.<\/p>\n\n\n\n<figure class=\"wp-block-image size-full is-resized\"><img loading=\"lazy\" decoding=\"async\" src=\"https:\/\/www.amstedmaxion.com.br\/wp-content\/uploads\/2023\/06\/Plano-Safra-Agencia-Brasil.jpg\" alt=\"\" class=\"wp-image-44145\" width=\"434\" height=\"300\" srcset=\"https:\/\/www.amstedmaxion.com.br\/wp-content\/uploads\/2023\/06\/Plano-Safra-Agencia-Brasil.jpg 720w, https:\/\/www.amstedmaxion.com.br\/wp-content\/uploads\/2023\/06\/Plano-Safra-Agencia-Brasil-300x208.jpg 300w\" sizes=\"auto, (max-width: 434px) 100vw, 434px\" \/><figcaption class=\"wp-element-caption\">Foto: captura de tela Ag\u00eancia Brasil<\/figcaption><\/figure>\n\n\n\n<p>Fonte: Ag\u00eancia Brasil (<a href=\"https:\/\/agenciabrasil.ebc.com.br\/radioagencia-nacional\/economia\/audio\/2023-06\/plano-safra-governo-anuncia-financiamento-de-r-364-bilhoes\">https:\/\/agenciabrasil.ebc.com.br\/radioagencia-nacional\/economia\/audio\/2023-06\/plano-safra-governo-anuncia-financiamento-de-r-364-bilhoes<\/a>)<\/p>\n","protected":false},"excerpt":{"rendered":"<p>Ag\u00eancia Brasil &#8211; Safra 2023\/2024. \u00c9 um aumento de 27% em rela\u00e7\u00e3o ao valor oferecido no ano passado, segundo o governo federal. O lan\u00e7amento do novo&nbsp;plano, que tamb\u00e9m estimula produ\u00e7\u00e3o sustent\u00e1vel, foi anunciado nesta ter\u00e7a-feira (27).&nbsp; As taxas de juros para custeio e comercializa\u00e7\u00e3o ser\u00e3o de 8% ao ano para os produtores do Pronamp e [&hellip;]<\/p>\n","protected":false},"author":5,"featured_media":44145,"comment_status":"open","ping_status":"open","sticky":false,"template":"","format":"standard","meta":{"_acf_changed":false,"footnotes":""},"categories":[148],"tags":[],"class_list":["post-44144","post","type-post","status-publish","format-standard","has-post-thumbnail","hentry","category-newsletter"],"acf":[],"yoast_head":"<!-- This site is optimized with the Yoast SEO plugin v23.9 - https:\/\/yoast.com\/wordpress\/plugins\/seo\/ -->\n<title>Plano Safra: governo anuncia financiamento de R$ 364 bilh\u00f5es - AmstedMaxion<\/title>\n<meta name=\"robots\" content=\"index, follow, max-snippet:-1, max-image-preview:large, max-video-preview:-1\" \/>\n<link rel=\"canonical\" href=\"https:\/\/www.amstedmaxion.com.br\/plano-safra-governo-anuncia-financiamento-de-r-364-bilhoes\/\" \/>\n<meta property=\"og:locale\" content=\"en_US\" \/>\n<meta property=\"og:type\" content=\"article\" \/>\n<meta property=\"og:title\" content=\"Plano Safra: governo anuncia financiamento de R$ 364 bilh\u00f5es - AmstedMaxion\" \/>\n<meta property=\"og:description\" content=\"Ag\u00eancia Brasil &#8211; Safra 2023\/2024. \u00c9 um aumento de 27% em rela\u00e7\u00e3o ao valor oferecido no ano passado, segundo o governo federal. O lan\u00e7amento do novo&nbsp;plano, que tamb\u00e9m estimula produ\u00e7\u00e3o sustent\u00e1vel, foi anunciado nesta ter\u00e7a-feira (27).&nbsp; As taxas de juros para custeio e comercializa\u00e7\u00e3o ser\u00e3o de 8% ao ano para os produtores do Pronamp e [&hellip;]\" \/>\n<meta property=\"og:url\" content=\"https:\/\/www.amstedmaxion.com.br\/plano-safra-governo-anuncia-financiamento-de-r-364-bilhoes\/\" \/>\n<meta property=\"og:site_name\" content=\"AmstedMaxion\" \/>\n<meta property=\"article:publisher\" content=\"https:\/\/www.facebook.com\/AmstedMaxion.Oficial\" \/>\n<meta property=\"article:published_time\" content=\"2023-06-27T19:31:35+00:00\" \/>\n<meta property=\"og:image\" content=\"https:\/\/www.amstedmaxion.com.br\/wp-content\/uploads\/2023\/06\/Plano-Safra-Agencia-Brasil.jpg\" \/>\n\t<meta property=\"og:image:width\" content=\"720\" \/>\n\t<meta property=\"og:image:height\" content=\"498\" \/>\n\t<meta property=\"og:image:type\" content=\"image\/jpeg\" \/>\n<meta name=\"author\" content=\"Rosane Storto\" \/>\n<meta name=\"twitter:card\" content=\"summary_large_image\" \/>\n<meta name=\"twitter:label1\" content=\"Written by\" \/>\n\t<meta name=\"twitter:data1\" content=\"Rosane Storto\" \/>\n\t<meta name=\"twitter:label2\" content=\"Est. reading time\" \/>\n\t<meta name=\"twitter:data2\" content=\"2 minutes\" \/>\n<script type=\"application\/ld+json\" class=\"yoast-schema-graph\">{\"@context\":\"https:\/\/schema.org\",\"@graph\":[{\"@type\":\"Article\",\"@id\":\"https:\/\/www.amstedmaxion.com.br\/plano-safra-governo-anuncia-financiamento-de-r-364-bilhoes\/#article\",\"isPartOf\":{\"@id\":\"https:\/\/www.amstedmaxion.com.br\/plano-safra-governo-anuncia-financiamento-de-r-364-bilhoes\/\"},\"author\":{\"name\":\"Rosane Storto\",\"@id\":\"https:\/\/www.amstedmaxion.com.br\/#\/schema\/person\/140cb65f07d4e66dd5543c8a187bf436\"},\"headline\":\"Plano Safra: governo anuncia financiamento de R$ 364 bilh\u00f5es\",\"datePublished\":\"2023-06-27T19:31:35+00:00\",\"dateModified\":\"2023-06-27T19:31:35+00:00\",\"mainEntityOfPage\":{\"@id\":\"https:\/\/www.amstedmaxion.com.br\/plano-safra-governo-anuncia-financiamento-de-r-364-bilhoes\/\"},\"wordCount\":263,\"commentCount\":0,\"publisher\":{\"@id\":\"https:\/\/www.amstedmaxion.com.br\/#organization\"},\"image\":{\"@id\":\"https:\/\/www.amstedmaxion.com.br\/plano-safra-governo-anuncia-financiamento-de-r-364-bilhoes\/#primaryimage\"},\"thumbnailUrl\":\"https:\/\/www.amstedmaxion.com.br\/wp-content\/uploads\/2023\/06\/Plano-Safra-Agencia-Brasil.jpg\",\"articleSection\":[\"Newsletter\"],\"inLanguage\":\"en-US\",\"potentialAction\":[{\"@type\":\"CommentAction\",\"name\":\"Comment\",\"target\":[\"https:\/\/www.amstedmaxion.com.br\/plano-safra-governo-anuncia-financiamento-de-r-364-bilhoes\/#respond\"]}]},{\"@type\":\"WebPage\",\"@id\":\"https:\/\/www.amstedmaxion.com.br\/plano-safra-governo-anuncia-financiamento-de-r-364-bilhoes\/\",\"url\":\"https:\/\/www.amstedmaxion.com.br\/plano-safra-governo-anuncia-financiamento-de-r-364-bilhoes\/\",\"name\":\"Plano Safra: governo anuncia financiamento de R$ 364 bilh\u00f5es - AmstedMaxion\",\"isPartOf\":{\"@id\":\"https:\/\/www.amstedmaxion.com.br\/#website\"},\"primaryImageOfPage\":{\"@id\":\"https:\/\/www.amstedmaxion.com.br\/plano-safra-governo-anuncia-financiamento-de-r-364-bilhoes\/#primaryimage\"},\"image\":{\"@id\":\"https:\/\/www.amstedmaxion.com.br\/plano-safra-governo-anuncia-financiamento-de-r-364-bilhoes\/#primaryimage\"},\"thumbnailUrl\":\"https:\/\/www.amstedmaxion.com.br\/wp-content\/uploads\/2023\/06\/Plano-Safra-Agencia-Brasil.jpg\",\"datePublished\":\"2023-06-27T19:31:35+00:00\",\"dateModified\":\"2023-06-27T19:31:35+00:00\",\"breadcrumb\":{\"@id\":\"https:\/\/www.amstedmaxion.com.br\/plano-safra-governo-anuncia-financiamento-de-r-364-bilhoes\/#breadcrumb\"},\"inLanguage\":\"en-US\",\"potentialAction\":[{\"@type\":\"ReadAction\",\"target\":[\"https:\/\/www.amstedmaxion.com.br\/plano-safra-governo-anuncia-financiamento-de-r-364-bilhoes\/\"]}]},{\"@type\":\"ImageObject\",\"inLanguage\":\"en-US\",\"@id\":\"https:\/\/www.amstedmaxion.com.br\/plano-safra-governo-anuncia-financiamento-de-r-364-bilhoes\/#primaryimage\",\"url\":\"https:\/\/www.amstedmaxion.com.br\/wp-content\/uploads\/2023\/06\/Plano-Safra-Agencia-Brasil.jpg\",\"contentUrl\":\"https:\/\/www.amstedmaxion.com.br\/wp-content\/uploads\/2023\/06\/Plano-Safra-Agencia-Brasil.jpg\",\"width\":720,\"height\":498,\"caption\":\"Foto: captura de tela Ag\u00eancia Brasil\"},{\"@type\":\"BreadcrumbList\",\"@id\":\"https:\/\/www.amstedmaxion.com.br\/plano-safra-governo-anuncia-financiamento-de-r-364-bilhoes\/#breadcrumb\",\"itemListElement\":[{\"@type\":\"ListItem\",\"position\":1,\"name\":\"In\u00edcio\",\"item\":\"https:\/\/www.amstedmaxion.com.br\/\"},{\"@type\":\"ListItem\",\"position\":2,\"name\":\"Plano Safra: governo anuncia financiamento de R$ 364 bilh\u00f5es\"}]},{\"@type\":\"WebSite\",\"@id\":\"https:\/\/www.amstedmaxion.com.br\/#website\",\"url\":\"https:\/\/www.amstedmaxion.com.br\/\",\"name\":\"AmstedMaxion\",\"description\":\"AmstedMaxion - Fundi\u00e7\u00e3o e Equipamentos Ferrovi\u00e1rios\",\"publisher\":{\"@id\":\"https:\/\/www.amstedmaxion.com.br\/#organization\"},\"alternateName\":\"AmstedMaxion\",\"potentialAction\":[{\"@type\":\"SearchAction\",\"target\":{\"@type\":\"EntryPoint\",\"urlTemplate\":\"https:\/\/www.amstedmaxion.com.br\/?s={search_term_string}\"},\"query-input\":{\"@type\":\"PropertyValueSpecification\",\"valueRequired\":true,\"valueName\":\"search_term_string\"}}],\"inLanguage\":\"en-US\"},{\"@type\":\"Organization\",\"@id\":\"https:\/\/www.amstedmaxion.com.br\/#organization\",\"name\":\"AMSTEDMAXION\",\"url\":\"https:\/\/www.amstedmaxion.com.br\/\",\"logo\":{\"@type\":\"ImageObject\",\"inLanguage\":\"en-US\",\"@id\":\"https:\/\/www.amstedmaxion.com.br\/#\/schema\/logo\/image\/\",\"url\":\"https:\/\/www.amstedmaxion.com.br\/wp-content\/uploads\/2023\/11\/amsted.png\",\"contentUrl\":\"https:\/\/www.amstedmaxion.com.br\/wp-content\/uploads\/2023\/11\/amsted.png\",\"width\":500,\"height\":500,\"caption\":\"AMSTEDMAXION\"},\"image\":{\"@id\":\"https:\/\/www.amstedmaxion.com.br\/#\/schema\/logo\/image\/\"},\"sameAs\":[\"https:\/\/www.facebook.com\/AmstedMaxion.Oficial\",\"https:\/\/br.linkedin.com\/company\/amstedmaxion\"]},{\"@type\":\"Person\",\"@id\":\"https:\/\/www.amstedmaxion.com.br\/#\/schema\/person\/140cb65f07d4e66dd5543c8a187bf436\",\"name\":\"Rosane Storto\",\"image\":{\"@type\":\"ImageObject\",\"inLanguage\":\"en-US\",\"@id\":\"https:\/\/www.amstedmaxion.com.br\/#\/schema\/person\/image\/\",\"url\":\"https:\/\/secure.gravatar.com\/avatar\/0e3d021545bbe593cb0eb3ee740544fefa86d59762e63dec1dbe9480a34c98cd?s=96&d=mm&r=g\",\"contentUrl\":\"https:\/\/secure.gravatar.com\/avatar\/0e3d021545bbe593cb0eb3ee740544fefa86d59762e63dec1dbe9480a34c98cd?s=96&d=mm&r=g\",\"caption\":\"Rosane Storto\"}}]}<\/script>\n<!-- \/ Yoast SEO plugin. -->","yoast_head_json":{"title":"Plano Safra: governo anuncia financiamento de R$ 364 bilh\u00f5es - AmstedMaxion","robots":{"index":"index","follow":"follow","max-snippet":"max-snippet:-1","max-image-preview":"max-image-preview:large","max-video-preview":"max-video-preview:-1"},"canonical":"https:\/\/www.amstedmaxion.com.br\/plano-safra-governo-anuncia-financiamento-de-r-364-bilhoes\/","og_locale":"en_US","og_type":"article","og_title":"Plano Safra: governo anuncia financiamento de R$ 364 bilh\u00f5es - AmstedMaxion","og_description":"Ag\u00eancia Brasil &#8211; Safra 2023\/2024. \u00c9 um aumento de 27% em rela\u00e7\u00e3o ao valor oferecido no ano passado, segundo o governo federal. O lan\u00e7amento do novo&nbsp;plano, que tamb\u00e9m estimula produ\u00e7\u00e3o sustent\u00e1vel, foi anunciado nesta ter\u00e7a-feira (27).&nbsp; As taxas de juros para custeio e comercializa\u00e7\u00e3o ser\u00e3o de 8% ao ano para os produtores do Pronamp e [&hellip;]","og_url":"https:\/\/www.amstedmaxion.com.br\/plano-safra-governo-anuncia-financiamento-de-r-364-bilhoes\/","og_site_name":"AmstedMaxion","article_publisher":"https:\/\/www.facebook.com\/AmstedMaxion.Oficial","article_published_time":"2023-06-27T19:31:35+00:00","og_image":[{"width":720,"height":498,"url":"https:\/\/www.amstedmaxion.com.br\/wp-content\/uploads\/2023\/06\/Plano-Safra-Agencia-Brasil.jpg","type":"image\/jpeg"}],"author":"Rosane Storto","twitter_card":"summary_large_image","twitter_misc":{"Written by":"Rosane Storto","Est. reading time":"2 minutes"},"schema":{"@context":"https:\/\/schema.org","@graph":[{"@type":"Article","@id":"https:\/\/www.amstedmaxion.com.br\/plano-safra-governo-anuncia-financiamento-de-r-364-bilhoes\/#article","isPartOf":{"@id":"https:\/\/www.amstedmaxion.com.br\/plano-safra-governo-anuncia-financiamento-de-r-364-bilhoes\/"},"author":{"name":"Rosane Storto","@id":"https:\/\/www.amstedmaxion.com.br\/#\/schema\/person\/140cb65f07d4e66dd5543c8a187bf436"},"headline":"Plano Safra: governo anuncia financiamento de R$ 364 bilh\u00f5es","datePublished":"2023-06-27T19:31:35+00:00","dateModified":"2023-06-27T19:31:35+00:00","mainEntityOfPage":{"@id":"https:\/\/www.amstedmaxion.com.br\/plano-safra-governo-anuncia-financiamento-de-r-364-bilhoes\/"},"wordCount":263,"commentCount":0,"publisher":{"@id":"https:\/\/www.amstedmaxion.com.br\/#organization"},"image":{"@id":"https:\/\/www.amstedmaxion.com.br\/plano-safra-governo-anuncia-financiamento-de-r-364-bilhoes\/#primaryimage"},"thumbnailUrl":"https:\/\/www.amstedmaxion.com.br\/wp-content\/uploads\/2023\/06\/Plano-Safra-Agencia-Brasil.jpg","articleSection":["Newsletter"],"inLanguage":"en-US","potentialAction":[{"@type":"CommentAction","name":"Comment","target":["https:\/\/www.amstedmaxion.com.br\/plano-safra-governo-anuncia-financiamento-de-r-364-bilhoes\/#respond"]}]},{"@type":"WebPage","@id":"https:\/\/www.amstedmaxion.com.br\/plano-safra-governo-anuncia-financiamento-de-r-364-bilhoes\/","url":"https:\/\/www.amstedmaxion.com.br\/plano-safra-governo-anuncia-financiamento-de-r-364-bilhoes\/","name":"Plano Safra: governo anuncia financiamento de R$ 364 bilh\u00f5es - AmstedMaxion","isPartOf":{"@id":"https:\/\/www.amstedmaxion.com.br\/#website"},"primaryImageOfPage":{"@id":"https:\/\/www.amstedmaxion.com.br\/plano-safra-governo-anuncia-financiamento-de-r-364-bilhoes\/#primaryimage"},"image":{"@id":"https:\/\/www.amstedmaxion.com.br\/plano-safra-governo-anuncia-financiamento-de-r-364-bilhoes\/#primaryimage"},"thumbnailUrl":"https:\/\/www.amstedmaxion.com.br\/wp-content\/uploads\/2023\/06\/Plano-Safra-Agencia-Brasil.jpg","datePublished":"2023-06-27T19:31:35+00:00","dateModified":"2023-06-27T19:31:35+00:00","breadcrumb":{"@id":"https:\/\/www.amstedmaxion.com.br\/plano-safra-governo-anuncia-financiamento-de-r-364-bilhoes\/#breadcrumb"},"inLanguage":"en-US","potentialAction":[{"@type":"ReadAction","target":["https:\/\/www.amstedmaxion.com.br\/plano-safra-governo-anuncia-financiamento-de-r-364-bilhoes\/"]}]},{"@type":"ImageObject","inLanguage":"en-US","@id":"https:\/\/www.amstedmaxion.com.br\/plano-safra-governo-anuncia-financiamento-de-r-364-bilhoes\/#primaryimage","url":"https:\/\/www.amstedmaxion.com.br\/wp-content\/uploads\/2023\/06\/Plano-Safra-Agencia-Brasil.jpg","contentUrl":"https:\/\/www.amstedmaxion.com.br\/wp-content\/uploads\/2023\/06\/Plano-Safra-Agencia-Brasil.jpg","width":720,"height":498,"caption":"Foto: captura de tela Ag\u00eancia Brasil"},{"@type":"BreadcrumbList","@id":"https:\/\/www.amstedmaxion.com.br\/plano-safra-governo-anuncia-financiamento-de-r-364-bilhoes\/#breadcrumb","itemListElement":[{"@type":"ListItem","position":1,"name":"In\u00edcio","item":"https:\/\/www.amstedmaxion.com.br\/"},{"@type":"ListItem","position":2,"name":"Plano Safra: governo anuncia financiamento de R$ 364 bilh\u00f5es"}]},{"@type":"WebSite","@id":"https:\/\/www.amstedmaxion.com.br\/#website","url":"https:\/\/www.amstedmaxion.com.br\/","name":"AmstedMaxion","description":"AmstedMaxion - Fundi\u00e7\u00e3o e Equipamentos Ferrovi\u00e1rios","publisher":{"@id":"https:\/\/www.amstedmaxion.com.br\/#organization"},"alternateName":"AmstedMaxion","potentialAction":[{"@type":"SearchAction","target":{"@type":"EntryPoint","urlTemplate":"https:\/\/www.amstedmaxion.com.br\/?s={search_term_string}"},"query-input":{"@type":"PropertyValueSpecification","valueRequired":true,"valueName":"search_term_string"}}],"inLanguage":"en-US"},{"@type":"Organization","@id":"https:\/\/www.amstedmaxion.com.br\/#organization","name":"AMSTEDMAXION","url":"https:\/\/www.amstedmaxion.com.br\/","logo":{"@type":"ImageObject","inLanguage":"en-US","@id":"https:\/\/www.amstedmaxion.com.br\/#\/schema\/logo\/image\/","url":"https:\/\/www.amstedmaxion.com.br\/wp-content\/uploads\/2023\/11\/amsted.png","contentUrl":"https:\/\/www.amstedmaxion.com.br\/wp-content\/uploads\/2023\/11\/amsted.png","width":500,"height":500,"caption":"AMSTEDMAXION"},"image":{"@id":"https:\/\/www.amstedmaxion.com.br\/#\/schema\/logo\/image\/"},"sameAs":["https:\/\/www.facebook.com\/AmstedMaxion.Oficial","https:\/\/br.linkedin.com\/company\/amstedmaxion"]},{"@type":"Person","@id":"https:\/\/www.amstedmaxion.com.br\/#\/schema\/person\/140cb65f07d4e66dd5543c8a187bf436","name":"Rosane Storto","image":{"@type":"ImageObject","inLanguage":"en-US","@id":"https:\/\/www.amstedmaxion.com.br\/#\/schema\/person\/image\/","url":"https:\/\/secure.gravatar.com\/avatar\/0e3d021545bbe593cb0eb3ee740544fefa86d59762e63dec1dbe9480a34c98cd?s=96&d=mm&r=g","contentUrl":"https:\/\/secure.gravatar.com\/avatar\/0e3d021545bbe593cb0eb3ee740544fefa86d59762e63dec1dbe9480a34c98cd?s=96&d=mm&r=g","caption":"Rosane Storto"}}]}},"_links":{"self":[{"href":"https:\/\/www.amstedmaxion.com.br\/en\/wp-json\/wp\/v2\/posts\/44144","targetHints":{"allow":["GET"]}}],"collection":[{"href":"https:\/\/www.amstedmaxion.com.br\/en\/wp-json\/wp\/v2\/posts"}],"about":[{"href":"https:\/\/www.amstedmaxion.com.br\/en\/wp-json\/wp\/v2\/types\/post"}],"author":[{"embeddable":true,"href":"https:\/\/www.amstedmaxion.com.br\/en\/wp-json\/wp\/v2\/users\/5"}],"replies":[{"embeddable":true,"href":"https:\/\/www.amstedmaxion.com.br\/en\/wp-json\/wp\/v2\/comments?post=44144"}],"version-history":[{"count":1,"href":"https:\/\/www.amstedmaxion.com.br\/en\/wp-json\/wp\/v2\/posts\/44144\/revisions"}],"predecessor-version":[{"id":44147,"href":"https:\/\/www.amstedmaxion.com.br\/en\/wp-json\/wp\/v2\/posts\/44144\/revisions\/44147"}],"wp:featuredmedia":[{"embeddable":true,"href":"https:\/\/www.amstedmaxion.com.br\/en\/wp-json\/wp\/v2\/media\/44145"}],"wp:attachment":[{"href":"https:\/\/www.amstedmaxion.com.br\/en\/wp-json\/wp\/v2\/media?parent=44144"}],"wp:term":[{"taxonomy":"category","embeddable":true,"href":"https:\/\/www.amstedmaxion.com.br\/en\/wp-json\/wp\/v2\/categories?post=44144"},{"taxonomy":"post_tag","embeddable":true,"href":"https:\/\/www.amstedmaxion.com.br\/en\/wp-json\/wp\/v2\/tags?post=44144"}],"curies":[{"name":"wp","href":"https:\/\/api.w.org\/{rel}","templated":true}]}}