{"id":4418,"date":"2018-06-28T11:45:20","date_gmt":"2018-06-28T14:45:20","guid":{"rendered":"http:\/\/189.16.185.54\/?p=4418"},"modified":"2018-06-28T11:45:20","modified_gmt":"2018-06-28T14:45:20","slug":"vli-registra-aumento-dos-volumes-siderurgicos-em-minas","status":"publish","type":"post","link":"https:\/\/www.amstedmaxion.com.br\/en\/vli-registra-aumento-dos-volumes-siderurgicos-em-minas\/","title":{"rendered":"VLI registra aumento dos volumes sider\u00fargicos em Minas"},"content":{"rendered":"<p>A VLI, empresa de solu\u00e7\u00f5es log\u00edsticas que integram terminais, ferrovias e portos, registrou em maio um aumento no volume de cargas destinado ao setor sider\u00fargico. O Terminal Integrador de Santa Luzia, localizado na Regi\u00e3o Metropolitana de Belo Horizonte, bateu o recorde de movimenta\u00e7\u00e3o de produtos sider\u00fargicos com um fluxo 20% superior \u00e0 m\u00e9dia mensal.<\/p>\n<p>Essa unidade opera como um centro avan\u00e7ado para a distribui\u00e7\u00e3o de bobinas, fardos, chapas, placas de a\u00e7o, fio m\u00e1quina e tamb\u00e9m recebe min\u00e9rio de ferro destinado ao abastecimento de usinas sider\u00fargicas. Esse incremento s\u00f3 foi poss\u00edvel em virtude da conex\u00e3o direta entre a ferrovia e as plantas industriais dos clientes.<\/p>\n<p>Al\u00e9m disso, a VLI recebeu fluxos extras de cal, mat\u00e9ria-prima essencial para o processo de refino do a\u00e7o entre o fim de maio e o in\u00edcio de junho. Em apenas 10 dias a empresa movimentou, por meio da Ferrovia Centro Atl\u00e2ntica (FCA) e da Estrada de Ferro Vit\u00f3ria a Minas (EFVM), um volume de cal equivalente ao fluxo regular de 10 meses.<\/p>\n<p>A empresa j\u00e1 oferece ao segmento op\u00e7\u00f5es para escoamento de produtos sider\u00fargicos e de outros insumos, como carv\u00e3o mineral, calc\u00e1rio e min\u00e9rio de ferro. Em 2017, a VLI movimentou cerca de 10 milh\u00f5es de toneladas para esse setor, por meio da FCA, malha controlada pela pr\u00f3pria empresa, e da Estrada de Ferro Vit\u00f3ria Minas, controlada pela Vale, e que \u00e9 utilizada pela VLI por meio de contrato de compra de capacidade firmado com a mineradora.<\/p>\n<p>Fonte: VLI<\/p>\n","protected":false},"excerpt":{"rendered":"<p>A VLI, empresa de solu\u00e7\u00f5es log\u00edsticas que integram terminais, ferrovias e portos, registrou em maio um aumento no volume de cargas destinado ao setor sider\u00fargico. O Terminal Integrador de Santa Luzia, localizado na Regi\u00e3o Metropolitana de Belo Horizonte, bateu o recorde de movimenta\u00e7\u00e3o de produtos sider\u00fargicos com um fluxo 20% superior \u00e0 m\u00e9dia mensal. Essa [&hellip;]<\/p>\n","protected":false},"author":5,"featured_media":0,"comment_status":"open","ping_status":"open","sticky":false,"template":"","format":"standard","meta":{"_acf_changed":false,"footnotes":""},"categories":[2],"tags":[],"class_list":["post-4418","post","type-post","status-publish","format-standard","hentry","category-noticias"],"acf":[],"yoast_head":"<!-- This site is optimized with the Yoast SEO plugin v23.9 - https:\/\/yoast.com\/wordpress\/plugins\/seo\/ -->\n<title>VLI registra aumento dos volumes sider\u00fargicos em Minas - AmstedMaxion<\/title>\n<meta name=\"robots\" content=\"index, follow, max-snippet:-1, max-image-preview:large, max-video-preview:-1\" \/>\n<link rel=\"canonical\" href=\"https:\/\/www.amstedmaxion.com.br\/vli-registra-aumento-dos-volumes-siderurgicos-em-minas\/\" \/>\n<meta property=\"og:locale\" content=\"en_US\" \/>\n<meta property=\"og:type\" content=\"article\" \/>\n<meta property=\"og:title\" content=\"VLI registra aumento dos volumes sider\u00fargicos em Minas - AmstedMaxion\" \/>\n<meta property=\"og:description\" content=\"A VLI, empresa de solu\u00e7\u00f5es log\u00edsticas que integram terminais, ferrovias e portos, registrou em maio um aumento no volume de cargas destinado ao setor sider\u00fargico. O Terminal Integrador de Santa Luzia, localizado na Regi\u00e3o Metropolitana de Belo Horizonte, bateu o recorde de movimenta\u00e7\u00e3o de produtos sider\u00fargicos com um fluxo 20% superior \u00e0 m\u00e9dia mensal. Essa [&hellip;]\" \/>\n<meta property=\"og:url\" content=\"https:\/\/www.amstedmaxion.com.br\/vli-registra-aumento-dos-volumes-siderurgicos-em-minas\/\" \/>\n<meta property=\"og:site_name\" content=\"AmstedMaxion\" \/>\n<meta property=\"article:publisher\" content=\"https:\/\/www.facebook.com\/AmstedMaxion.Oficial\" \/>\n<meta property=\"article:published_time\" content=\"2018-06-28T14:45:20+00:00\" \/>\n<meta name=\"author\" content=\"Rosane Storto\" \/>\n<meta name=\"twitter:card\" content=\"summary_large_image\" \/>\n<meta name=\"twitter:label1\" content=\"Written by\" \/>\n\t<meta name=\"twitter:data1\" content=\"Rosane Storto\" \/>\n\t<meta name=\"twitter:label2\" content=\"Est. reading time\" \/>\n\t<meta name=\"twitter:data2\" content=\"1 minute\" \/>\n<script type=\"application\/ld+json\" class=\"yoast-schema-graph\">{\"@context\":\"https:\/\/schema.org\",\"@graph\":[{\"@type\":\"Article\",\"@id\":\"https:\/\/www.amstedmaxion.com.br\/vli-registra-aumento-dos-volumes-siderurgicos-em-minas\/#article\",\"isPartOf\":{\"@id\":\"https:\/\/www.amstedmaxion.com.br\/vli-registra-aumento-dos-volumes-siderurgicos-em-minas\/\"},\"author\":{\"name\":\"Rosane Storto\",\"@id\":\"https:\/\/www.amstedmaxion.com.br\/#\/schema\/person\/140cb65f07d4e66dd5543c8a187bf436\"},\"headline\":\"VLI registra aumento dos volumes sider\u00fargicos em Minas\",\"datePublished\":\"2018-06-28T14:45:20+00:00\",\"dateModified\":\"2018-06-28T14:45:20+00:00\",\"mainEntityOfPage\":{\"@id\":\"https:\/\/www.amstedmaxion.com.br\/vli-registra-aumento-dos-volumes-siderurgicos-em-minas\/\"},\"wordCount\":275,\"commentCount\":0,\"publisher\":{\"@id\":\"https:\/\/www.amstedmaxion.com.br\/#organization\"},\"articleSection\":[\"Not\u00edcias da AmstedMaxion\"],\"inLanguage\":\"en-US\",\"potentialAction\":[{\"@type\":\"CommentAction\",\"name\":\"Comment\",\"target\":[\"https:\/\/www.amstedmaxion.com.br\/vli-registra-aumento-dos-volumes-siderurgicos-em-minas\/#respond\"]}]},{\"@type\":\"WebPage\",\"@id\":\"https:\/\/www.amstedmaxion.com.br\/vli-registra-aumento-dos-volumes-siderurgicos-em-minas\/\",\"url\":\"https:\/\/www.amstedmaxion.com.br\/vli-registra-aumento-dos-volumes-siderurgicos-em-minas\/\",\"name\":\"VLI registra aumento dos volumes sider\u00fargicos em Minas - AmstedMaxion\",\"isPartOf\":{\"@id\":\"https:\/\/www.amstedmaxion.com.br\/#website\"},\"datePublished\":\"2018-06-28T14:45:20+00:00\",\"dateModified\":\"2018-06-28T14:45:20+00:00\",\"breadcrumb\":{\"@id\":\"https:\/\/www.amstedmaxion.com.br\/vli-registra-aumento-dos-volumes-siderurgicos-em-minas\/#breadcrumb\"},\"inLanguage\":\"en-US\",\"potentialAction\":[{\"@type\":\"ReadAction\",\"target\":[\"https:\/\/www.amstedmaxion.com.br\/vli-registra-aumento-dos-volumes-siderurgicos-em-minas\/\"]}]},{\"@type\":\"BreadcrumbList\",\"@id\":\"https:\/\/www.amstedmaxion.com.br\/vli-registra-aumento-dos-volumes-siderurgicos-em-minas\/#breadcrumb\",\"itemListElement\":[{\"@type\":\"ListItem\",\"position\":1,\"name\":\"In\u00edcio\",\"item\":\"https:\/\/www.amstedmaxion.com.br\/\"},{\"@type\":\"ListItem\",\"position\":2,\"name\":\"VLI registra aumento dos volumes sider\u00fargicos em Minas\"}]},{\"@type\":\"WebSite\",\"@id\":\"https:\/\/www.amstedmaxion.com.br\/#website\",\"url\":\"https:\/\/www.amstedmaxion.com.br\/\",\"name\":\"AmstedMaxion\",\"description\":\"AmstedMaxion - Fundi\u00e7\u00e3o e Equipamentos Ferrovi\u00e1rios\",\"publisher\":{\"@id\":\"https:\/\/www.amstedmaxion.com.br\/#organization\"},\"alternateName\":\"AmstedMaxion\",\"potentialAction\":[{\"@type\":\"SearchAction\",\"target\":{\"@type\":\"EntryPoint\",\"urlTemplate\":\"https:\/\/www.amstedmaxion.com.br\/?s={search_term_string}\"},\"query-input\":{\"@type\":\"PropertyValueSpecification\",\"valueRequired\":true,\"valueName\":\"search_term_string\"}}],\"inLanguage\":\"en-US\"},{\"@type\":\"Organization\",\"@id\":\"https:\/\/www.amstedmaxion.com.br\/#organization\",\"name\":\"AMSTEDMAXION\",\"url\":\"https:\/\/www.amstedmaxion.com.br\/\",\"logo\":{\"@type\":\"ImageObject\",\"inLanguage\":\"en-US\",\"@id\":\"https:\/\/www.amstedmaxion.com.br\/#\/schema\/logo\/image\/\",\"url\":\"https:\/\/www.amstedmaxion.com.br\/wp-content\/uploads\/2023\/11\/amsted.png\",\"contentUrl\":\"https:\/\/www.amstedmaxion.com.br\/wp-content\/uploads\/2023\/11\/amsted.png\",\"width\":500,\"height\":500,\"caption\":\"AMSTEDMAXION\"},\"image\":{\"@id\":\"https:\/\/www.amstedmaxion.com.br\/#\/schema\/logo\/image\/\"},\"sameAs\":[\"https:\/\/www.facebook.com\/AmstedMaxion.Oficial\",\"https:\/\/br.linkedin.com\/company\/amstedmaxion\"]},{\"@type\":\"Person\",\"@id\":\"https:\/\/www.amstedmaxion.com.br\/#\/schema\/person\/140cb65f07d4e66dd5543c8a187bf436\",\"name\":\"Rosane Storto\",\"image\":{\"@type\":\"ImageObject\",\"inLanguage\":\"en-US\",\"@id\":\"https:\/\/www.amstedmaxion.com.br\/#\/schema\/person\/image\/\",\"url\":\"https:\/\/secure.gravatar.com\/avatar\/0e3d021545bbe593cb0eb3ee740544fefa86d59762e63dec1dbe9480a34c98cd?s=96&d=mm&r=g\",\"contentUrl\":\"https:\/\/secure.gravatar.com\/avatar\/0e3d021545bbe593cb0eb3ee740544fefa86d59762e63dec1dbe9480a34c98cd?s=96&d=mm&r=g\",\"caption\":\"Rosane Storto\"}}]}<\/script>\n<!-- \/ Yoast SEO plugin. -->","yoast_head_json":{"title":"VLI registra aumento dos volumes sider\u00fargicos em Minas - AmstedMaxion","robots":{"index":"index","follow":"follow","max-snippet":"max-snippet:-1","max-image-preview":"max-image-preview:large","max-video-preview":"max-video-preview:-1"},"canonical":"https:\/\/www.amstedmaxion.com.br\/vli-registra-aumento-dos-volumes-siderurgicos-em-minas\/","og_locale":"en_US","og_type":"article","og_title":"VLI registra aumento dos volumes sider\u00fargicos em Minas - AmstedMaxion","og_description":"A VLI, empresa de solu\u00e7\u00f5es log\u00edsticas que integram terminais, ferrovias e portos, registrou em maio um aumento no volume de cargas destinado ao setor sider\u00fargico. O Terminal Integrador de Santa Luzia, localizado na Regi\u00e3o Metropolitana de Belo Horizonte, bateu o recorde de movimenta\u00e7\u00e3o de produtos sider\u00fargicos com um fluxo 20% superior \u00e0 m\u00e9dia mensal. Essa [&hellip;]","og_url":"https:\/\/www.amstedmaxion.com.br\/vli-registra-aumento-dos-volumes-siderurgicos-em-minas\/","og_site_name":"AmstedMaxion","article_publisher":"https:\/\/www.facebook.com\/AmstedMaxion.Oficial","article_published_time":"2018-06-28T14:45:20+00:00","author":"Rosane Storto","twitter_card":"summary_large_image","twitter_misc":{"Written by":"Rosane Storto","Est. reading time":"1 minute"},"schema":{"@context":"https:\/\/schema.org","@graph":[{"@type":"Article","@id":"https:\/\/www.amstedmaxion.com.br\/vli-registra-aumento-dos-volumes-siderurgicos-em-minas\/#article","isPartOf":{"@id":"https:\/\/www.amstedmaxion.com.br\/vli-registra-aumento-dos-volumes-siderurgicos-em-minas\/"},"author":{"name":"Rosane Storto","@id":"https:\/\/www.amstedmaxion.com.br\/#\/schema\/person\/140cb65f07d4e66dd5543c8a187bf436"},"headline":"VLI registra aumento dos volumes sider\u00fargicos em Minas","datePublished":"2018-06-28T14:45:20+00:00","dateModified":"2018-06-28T14:45:20+00:00","mainEntityOfPage":{"@id":"https:\/\/www.amstedmaxion.com.br\/vli-registra-aumento-dos-volumes-siderurgicos-em-minas\/"},"wordCount":275,"commentCount":0,"publisher":{"@id":"https:\/\/www.amstedmaxion.com.br\/#organization"},"articleSection":["Not\u00edcias da AmstedMaxion"],"inLanguage":"en-US","potentialAction":[{"@type":"CommentAction","name":"Comment","target":["https:\/\/www.amstedmaxion.com.br\/vli-registra-aumento-dos-volumes-siderurgicos-em-minas\/#respond"]}]},{"@type":"WebPage","@id":"https:\/\/www.amstedmaxion.com.br\/vli-registra-aumento-dos-volumes-siderurgicos-em-minas\/","url":"https:\/\/www.amstedmaxion.com.br\/vli-registra-aumento-dos-volumes-siderurgicos-em-minas\/","name":"VLI registra aumento dos volumes sider\u00fargicos em Minas - AmstedMaxion","isPartOf":{"@id":"https:\/\/www.amstedmaxion.com.br\/#website"},"datePublished":"2018-06-28T14:45:20+00:00","dateModified":"2018-06-28T14:45:20+00:00","breadcrumb":{"@id":"https:\/\/www.amstedmaxion.com.br\/vli-registra-aumento-dos-volumes-siderurgicos-em-minas\/#breadcrumb"},"inLanguage":"en-US","potentialAction":[{"@type":"ReadAction","target":["https:\/\/www.amstedmaxion.com.br\/vli-registra-aumento-dos-volumes-siderurgicos-em-minas\/"]}]},{"@type":"BreadcrumbList","@id":"https:\/\/www.amstedmaxion.com.br\/vli-registra-aumento-dos-volumes-siderurgicos-em-minas\/#breadcrumb","itemListElement":[{"@type":"ListItem","position":1,"name":"In\u00edcio","item":"https:\/\/www.amstedmaxion.com.br\/"},{"@type":"ListItem","position":2,"name":"VLI registra aumento dos volumes sider\u00fargicos em Minas"}]},{"@type":"WebSite","@id":"https:\/\/www.amstedmaxion.com.br\/#website","url":"https:\/\/www.amstedmaxion.com.br\/","name":"AmstedMaxion","description":"AmstedMaxion - Fundi\u00e7\u00e3o e Equipamentos Ferrovi\u00e1rios","publisher":{"@id":"https:\/\/www.amstedmaxion.com.br\/#organization"},"alternateName":"AmstedMaxion","potentialAction":[{"@type":"SearchAction","target":{"@type":"EntryPoint","urlTemplate":"https:\/\/www.amstedmaxion.com.br\/?s={search_term_string}"},"query-input":{"@type":"PropertyValueSpecification","valueRequired":true,"valueName":"search_term_string"}}],"inLanguage":"en-US"},{"@type":"Organization","@id":"https:\/\/www.amstedmaxion.com.br\/#organization","name":"AMSTEDMAXION","url":"https:\/\/www.amstedmaxion.com.br\/","logo":{"@type":"ImageObject","inLanguage":"en-US","@id":"https:\/\/www.amstedmaxion.com.br\/#\/schema\/logo\/image\/","url":"https:\/\/www.amstedmaxion.com.br\/wp-content\/uploads\/2023\/11\/amsted.png","contentUrl":"https:\/\/www.amstedmaxion.com.br\/wp-content\/uploads\/2023\/11\/amsted.png","width":500,"height":500,"caption":"AMSTEDMAXION"},"image":{"@id":"https:\/\/www.amstedmaxion.com.br\/#\/schema\/logo\/image\/"},"sameAs":["https:\/\/www.facebook.com\/AmstedMaxion.Oficial","https:\/\/br.linkedin.com\/company\/amstedmaxion"]},{"@type":"Person","@id":"https:\/\/www.amstedmaxion.com.br\/#\/schema\/person\/140cb65f07d4e66dd5543c8a187bf436","name":"Rosane Storto","image":{"@type":"ImageObject","inLanguage":"en-US","@id":"https:\/\/www.amstedmaxion.com.br\/#\/schema\/person\/image\/","url":"https:\/\/secure.gravatar.com\/avatar\/0e3d021545bbe593cb0eb3ee740544fefa86d59762e63dec1dbe9480a34c98cd?s=96&d=mm&r=g","contentUrl":"https:\/\/secure.gravatar.com\/avatar\/0e3d021545bbe593cb0eb3ee740544fefa86d59762e63dec1dbe9480a34c98cd?s=96&d=mm&r=g","caption":"Rosane Storto"}}]}},"_links":{"self":[{"href":"https:\/\/www.amstedmaxion.com.br\/en\/wp-json\/wp\/v2\/posts\/4418","targetHints":{"allow":["GET"]}}],"collection":[{"href":"https:\/\/www.amstedmaxion.com.br\/en\/wp-json\/wp\/v2\/posts"}],"about":[{"href":"https:\/\/www.amstedmaxion.com.br\/en\/wp-json\/wp\/v2\/types\/post"}],"author":[{"embeddable":true,"href":"https:\/\/www.amstedmaxion.com.br\/en\/wp-json\/wp\/v2\/users\/5"}],"replies":[{"embeddable":true,"href":"https:\/\/www.amstedmaxion.com.br\/en\/wp-json\/wp\/v2\/comments?post=4418"}],"version-history":[{"count":1,"href":"https:\/\/www.amstedmaxion.com.br\/en\/wp-json\/wp\/v2\/posts\/4418\/revisions"}],"predecessor-version":[{"id":4420,"href":"https:\/\/www.amstedmaxion.com.br\/en\/wp-json\/wp\/v2\/posts\/4418\/revisions\/4420"}],"wp:attachment":[{"href":"https:\/\/www.amstedmaxion.com.br\/en\/wp-json\/wp\/v2\/media?parent=4418"}],"wp:term":[{"taxonomy":"category","embeddable":true,"href":"https:\/\/www.amstedmaxion.com.br\/en\/wp-json\/wp\/v2\/categories?post=4418"},{"taxonomy":"post_tag","embeddable":true,"href":"https:\/\/www.amstedmaxion.com.br\/en\/wp-json\/wp\/v2\/tags?post=4418"}],"curies":[{"name":"wp","href":"https:\/\/api.w.org\/{rel}","templated":true}]}}