{"id":44618,"date":"2023-08-04T16:33:12","date_gmt":"2023-08-04T19:33:12","guid":{"rendered":"https:\/\/www.amstedmaxion.com.br\/?p=44618"},"modified":"2023-08-04T16:33:41","modified_gmt":"2023-08-04T19:33:41","slug":"maquinas-agricolas-vendas-caem-48-em-junho-diz-fenabrave","status":"publish","type":"post","link":"https:\/\/www.amstedmaxion.com.br\/en\/maquinas-agricolas-vendas-caem-48-em-junho-diz-fenabrave\/","title":{"rendered":"M\u00e1quinas agr\u00edcolas: vendas caem 4,8% em junho, diz Fenabrave"},"content":{"rendered":"\n<p>Canal Rural &#8211; Com o resultado de junho, as vendas de m\u00e1quinas agr\u00edcolas fecharam o primeiro semestre acumulando 29,5 mil unidades, queda de 6,9%<\/p>\n\n\n\n<p>As\u00a0vendas de m\u00e1quinas agr\u00edcolas, entre tratores e colheitadeiras, ca\u00edram 4,8% em junho na compara\u00e7\u00e3o com o mesmo m\u00eas do ano passado.<\/p>\n\n\n\n<p>No total, 5,7 mil unidades foram entregues a produtores rurais durante o m\u00eas, o que representa uma alta de 19% no comparativo com maio.<\/p>\n\n\n\n<p>O balan\u00e7o foi divulgado nesta quarta-feira (2), pela\u00a0Fenabrave, associa\u00e7\u00e3o que, al\u00e9m das concession\u00e1rias de autom\u00f3veis, representa revendedores de equipamentos usados no campo.<\/p>\n\n\n\n<p>Ao contr\u00e1rio das vendas de carros, que podem ser atualizadas diariamente com base nos licenciamentos di\u00e1rios de ve\u00edculos, os n\u00fameros de m\u00e1quinas agr\u00edcolas precisam ser levantados pela Fenabrave com os fabricantes.<\/p>\n\n\n\n<p>Por isso, as estat\u00edsticas t\u00eam defasagem de um m\u00eas em rela\u00e7\u00e3o ao balan\u00e7o das vendas de autom\u00f3veis, divulgados hoje pela associa\u00e7\u00e3o com dados j\u00e1 relativos a julho.<\/p>\n\n\n\n<p>Com o resultado de junho, as vendas de m\u00e1quinas agr\u00edcolas fecharam o primeiro semestre acumulando 29,5 mil unidades, queda de 6,9% frente aos seis primeiros meses de 2022.<\/p>\n\n\n\n<p>O presidente da Fenabrave, Jos\u00e9 Maur\u00edcio Andreta J\u00fanior, atribui o desempenho \u00e0 queda das cota\u00e7\u00f5es das commodities.<\/p>\n\n\n\n<figure class=\"wp-block-image size-full is-resized\"><img loading=\"lazy\" decoding=\"async\" src=\"https:\/\/www.amstedmaxion.com.br\/wp-content\/uploads\/2023\/08\/Maquinas-Agricolas-Canal-Rural.jpg\" alt=\"\" class=\"wp-image-44619\" width=\"436\" height=\"238\" srcset=\"https:\/\/www.amstedmaxion.com.br\/wp-content\/uploads\/2023\/08\/Maquinas-Agricolas-Canal-Rural.jpg 719w, https:\/\/www.amstedmaxion.com.br\/wp-content\/uploads\/2023\/08\/Maquinas-Agricolas-Canal-Rural-300x164.jpg 300w\" sizes=\"auto, (max-width: 436px) 100vw, 436px\" \/><figcaption class=\"wp-element-caption\">Foto: captura de tela Canal Rural<\/figcaption><\/figure>\n\n\n\n<p>Fonte: Canal Rural (<a href=\"https:\/\/www.canalrural.com.br\/noticias\/economia\/maquinas-agricolas-vendas-caem-48-em-junho-diz-fenabrave\/\">https:\/\/www.canalrural.com.br\/noticias\/economia\/maquinas-agricolas-vendas-caem-48-em-junho-diz-fenabrave\/<\/a>)<\/p>\n","protected":false},"excerpt":{"rendered":"<p>Canal Rural &#8211; Com o resultado de junho, as vendas de m\u00e1quinas agr\u00edcolas fecharam o primeiro semestre acumulando 29,5 mil unidades, queda de 6,9% As\u00a0vendas de m\u00e1quinas agr\u00edcolas, entre tratores e colheitadeiras, ca\u00edram 4,8% em junho na compara\u00e7\u00e3o com o mesmo m\u00eas do ano passado. No total, 5,7 mil unidades foram entregues a produtores rurais [&hellip;]<\/p>\n","protected":false},"author":5,"featured_media":44619,"comment_status":"open","ping_status":"open","sticky":false,"template":"","format":"standard","meta":{"_acf_changed":false,"footnotes":""},"categories":[148],"tags":[],"class_list":["post-44618","post","type-post","status-publish","format-standard","has-post-thumbnail","hentry","category-newsletter"],"acf":[],"yoast_head":"<!-- This site is optimized with the Yoast SEO plugin v23.9 - https:\/\/yoast.com\/wordpress\/plugins\/seo\/ -->\n<title>M\u00e1quinas agr\u00edcolas: vendas caem 4,8% em junho, diz Fenabrave - AmstedMaxion<\/title>\n<meta name=\"robots\" content=\"index, follow, max-snippet:-1, max-image-preview:large, max-video-preview:-1\" \/>\n<link rel=\"canonical\" href=\"https:\/\/www.amstedmaxion.com.br\/en\/maquinas-agricolas-vendas-caem-48-em-junho-diz-fenabrave\/\" \/>\n<meta property=\"og:locale\" content=\"en_US\" \/>\n<meta property=\"og:type\" content=\"article\" \/>\n<meta property=\"og:title\" content=\"M\u00e1quinas agr\u00edcolas: vendas caem 4,8% em junho, diz Fenabrave - AmstedMaxion\" \/>\n<meta property=\"og:description\" content=\"Canal Rural &#8211; Com o resultado de junho, as vendas de m\u00e1quinas agr\u00edcolas fecharam o primeiro semestre acumulando 29,5 mil unidades, queda de 6,9% As\u00a0vendas de m\u00e1quinas agr\u00edcolas, entre tratores e colheitadeiras, ca\u00edram 4,8% em junho na compara\u00e7\u00e3o com o mesmo m\u00eas do ano passado. No total, 5,7 mil unidades foram entregues a produtores rurais [&hellip;]\" \/>\n<meta property=\"og:url\" content=\"https:\/\/www.amstedmaxion.com.br\/en\/maquinas-agricolas-vendas-caem-48-em-junho-diz-fenabrave\/\" \/>\n<meta property=\"og:site_name\" content=\"AmstedMaxion\" \/>\n<meta property=\"article:publisher\" content=\"https:\/\/www.facebook.com\/AmstedMaxion.Oficial\" \/>\n<meta property=\"article:published_time\" content=\"2023-08-04T19:33:12+00:00\" \/>\n<meta property=\"article:modified_time\" content=\"2023-08-04T19:33:41+00:00\" \/>\n<meta property=\"og:image\" content=\"https:\/\/www.amstedmaxion.com.br\/wp-content\/uploads\/2023\/08\/Maquinas-Agricolas-Canal-Rural.jpg\" \/>\n\t<meta property=\"og:image:width\" content=\"719\" \/>\n\t<meta property=\"og:image:height\" content=\"393\" \/>\n\t<meta property=\"og:image:type\" content=\"image\/jpeg\" \/>\n<meta name=\"author\" content=\"Rosane Storto\" \/>\n<meta name=\"twitter:card\" content=\"summary_large_image\" \/>\n<meta name=\"twitter:label1\" content=\"Written by\" \/>\n\t<meta name=\"twitter:data1\" content=\"Rosane Storto\" \/>\n\t<meta name=\"twitter:label2\" content=\"Est. reading time\" \/>\n\t<meta name=\"twitter:data2\" content=\"2 minutes\" \/>\n<script type=\"application\/ld+json\" class=\"yoast-schema-graph\">{\"@context\":\"https:\/\/schema.org\",\"@graph\":[{\"@type\":\"Article\",\"@id\":\"https:\/\/www.amstedmaxion.com.br\/en\/maquinas-agricolas-vendas-caem-48-em-junho-diz-fenabrave\/#article\",\"isPartOf\":{\"@id\":\"https:\/\/www.amstedmaxion.com.br\/en\/maquinas-agricolas-vendas-caem-48-em-junho-diz-fenabrave\/\"},\"author\":{\"name\":\"Rosane Storto\",\"@id\":\"https:\/\/www.amstedmaxion.com.br\/#\/schema\/person\/140cb65f07d4e66dd5543c8a187bf436\"},\"headline\":\"M\u00e1quinas agr\u00edcolas: vendas caem 4,8% em junho, diz Fenabrave\",\"datePublished\":\"2023-08-04T19:33:12+00:00\",\"dateModified\":\"2023-08-04T19:33:41+00:00\",\"mainEntityOfPage\":{\"@id\":\"https:\/\/www.amstedmaxion.com.br\/en\/maquinas-agricolas-vendas-caem-48-em-junho-diz-fenabrave\/\"},\"wordCount\":245,\"commentCount\":0,\"publisher\":{\"@id\":\"https:\/\/www.amstedmaxion.com.br\/#organization\"},\"image\":{\"@id\":\"https:\/\/www.amstedmaxion.com.br\/en\/maquinas-agricolas-vendas-caem-48-em-junho-diz-fenabrave\/#primaryimage\"},\"thumbnailUrl\":\"https:\/\/www.amstedmaxion.com.br\/wp-content\/uploads\/2023\/08\/Maquinas-Agricolas-Canal-Rural.jpg\",\"articleSection\":[\"Newsletter\"],\"inLanguage\":\"en-US\",\"potentialAction\":[{\"@type\":\"CommentAction\",\"name\":\"Comment\",\"target\":[\"https:\/\/www.amstedmaxion.com.br\/en\/maquinas-agricolas-vendas-caem-48-em-junho-diz-fenabrave\/#respond\"]}]},{\"@type\":\"WebPage\",\"@id\":\"https:\/\/www.amstedmaxion.com.br\/en\/maquinas-agricolas-vendas-caem-48-em-junho-diz-fenabrave\/\",\"url\":\"https:\/\/www.amstedmaxion.com.br\/en\/maquinas-agricolas-vendas-caem-48-em-junho-diz-fenabrave\/\",\"name\":\"M\u00e1quinas agr\u00edcolas: vendas caem 4,8% em junho, diz Fenabrave - AmstedMaxion\",\"isPartOf\":{\"@id\":\"https:\/\/www.amstedmaxion.com.br\/#website\"},\"primaryImageOfPage\":{\"@id\":\"https:\/\/www.amstedmaxion.com.br\/en\/maquinas-agricolas-vendas-caem-48-em-junho-diz-fenabrave\/#primaryimage\"},\"image\":{\"@id\":\"https:\/\/www.amstedmaxion.com.br\/en\/maquinas-agricolas-vendas-caem-48-em-junho-diz-fenabrave\/#primaryimage\"},\"thumbnailUrl\":\"https:\/\/www.amstedmaxion.com.br\/wp-content\/uploads\/2023\/08\/Maquinas-Agricolas-Canal-Rural.jpg\",\"datePublished\":\"2023-08-04T19:33:12+00:00\",\"dateModified\":\"2023-08-04T19:33:41+00:00\",\"breadcrumb\":{\"@id\":\"https:\/\/www.amstedmaxion.com.br\/en\/maquinas-agricolas-vendas-caem-48-em-junho-diz-fenabrave\/#breadcrumb\"},\"inLanguage\":\"en-US\",\"potentialAction\":[{\"@type\":\"ReadAction\",\"target\":[\"https:\/\/www.amstedmaxion.com.br\/en\/maquinas-agricolas-vendas-caem-48-em-junho-diz-fenabrave\/\"]}]},{\"@type\":\"ImageObject\",\"inLanguage\":\"en-US\",\"@id\":\"https:\/\/www.amstedmaxion.com.br\/en\/maquinas-agricolas-vendas-caem-48-em-junho-diz-fenabrave\/#primaryimage\",\"url\":\"https:\/\/www.amstedmaxion.com.br\/wp-content\/uploads\/2023\/08\/Maquinas-Agricolas-Canal-Rural.jpg\",\"contentUrl\":\"https:\/\/www.amstedmaxion.com.br\/wp-content\/uploads\/2023\/08\/Maquinas-Agricolas-Canal-Rural.jpg\",\"width\":719,\"height\":393,\"caption\":\"Foto: captura de tela Canal Rural\"},{\"@type\":\"BreadcrumbList\",\"@id\":\"https:\/\/www.amstedmaxion.com.br\/en\/maquinas-agricolas-vendas-caem-48-em-junho-diz-fenabrave\/#breadcrumb\",\"itemListElement\":[{\"@type\":\"ListItem\",\"position\":1,\"name\":\"In\u00edcio\",\"item\":\"https:\/\/www.amstedmaxion.com.br\/\"},{\"@type\":\"ListItem\",\"position\":2,\"name\":\"M\u00e1quinas agr\u00edcolas: vendas caem 4,8% em junho, diz Fenabrave\"}]},{\"@type\":\"WebSite\",\"@id\":\"https:\/\/www.amstedmaxion.com.br\/#website\",\"url\":\"https:\/\/www.amstedmaxion.com.br\/\",\"name\":\"AmstedMaxion\",\"description\":\"AmstedMaxion - Fundi\u00e7\u00e3o e Equipamentos Ferrovi\u00e1rios\",\"publisher\":{\"@id\":\"https:\/\/www.amstedmaxion.com.br\/#organization\"},\"alternateName\":\"AmstedMaxion\",\"potentialAction\":[{\"@type\":\"SearchAction\",\"target\":{\"@type\":\"EntryPoint\",\"urlTemplate\":\"https:\/\/www.amstedmaxion.com.br\/?s={search_term_string}\"},\"query-input\":{\"@type\":\"PropertyValueSpecification\",\"valueRequired\":true,\"valueName\":\"search_term_string\"}}],\"inLanguage\":\"en-US\"},{\"@type\":\"Organization\",\"@id\":\"https:\/\/www.amstedmaxion.com.br\/#organization\",\"name\":\"AMSTEDMAXION\",\"url\":\"https:\/\/www.amstedmaxion.com.br\/\",\"logo\":{\"@type\":\"ImageObject\",\"inLanguage\":\"en-US\",\"@id\":\"https:\/\/www.amstedmaxion.com.br\/#\/schema\/logo\/image\/\",\"url\":\"https:\/\/www.amstedmaxion.com.br\/wp-content\/uploads\/2023\/11\/amsted.png\",\"contentUrl\":\"https:\/\/www.amstedmaxion.com.br\/wp-content\/uploads\/2023\/11\/amsted.png\",\"width\":500,\"height\":500,\"caption\":\"AMSTEDMAXION\"},\"image\":{\"@id\":\"https:\/\/www.amstedmaxion.com.br\/#\/schema\/logo\/image\/\"},\"sameAs\":[\"https:\/\/www.facebook.com\/AmstedMaxion.Oficial\",\"https:\/\/br.linkedin.com\/company\/amstedmaxion\"]},{\"@type\":\"Person\",\"@id\":\"https:\/\/www.amstedmaxion.com.br\/#\/schema\/person\/140cb65f07d4e66dd5543c8a187bf436\",\"name\":\"Rosane Storto\",\"image\":{\"@type\":\"ImageObject\",\"inLanguage\":\"en-US\",\"@id\":\"https:\/\/www.amstedmaxion.com.br\/#\/schema\/person\/image\/\",\"url\":\"https:\/\/secure.gravatar.com\/avatar\/0e3d021545bbe593cb0eb3ee740544fefa86d59762e63dec1dbe9480a34c98cd?s=96&d=mm&r=g\",\"contentUrl\":\"https:\/\/secure.gravatar.com\/avatar\/0e3d021545bbe593cb0eb3ee740544fefa86d59762e63dec1dbe9480a34c98cd?s=96&d=mm&r=g\",\"caption\":\"Rosane Storto\"}}]}<\/script>\n<!-- \/ Yoast SEO plugin. -->","yoast_head_json":{"title":"M\u00e1quinas agr\u00edcolas: vendas caem 4,8% em junho, diz Fenabrave - AmstedMaxion","robots":{"index":"index","follow":"follow","max-snippet":"max-snippet:-1","max-image-preview":"max-image-preview:large","max-video-preview":"max-video-preview:-1"},"canonical":"https:\/\/www.amstedmaxion.com.br\/en\/maquinas-agricolas-vendas-caem-48-em-junho-diz-fenabrave\/","og_locale":"en_US","og_type":"article","og_title":"M\u00e1quinas agr\u00edcolas: vendas caem 4,8% em junho, diz Fenabrave - AmstedMaxion","og_description":"Canal Rural &#8211; Com o resultado de junho, as vendas de m\u00e1quinas agr\u00edcolas fecharam o primeiro semestre acumulando 29,5 mil unidades, queda de 6,9% As\u00a0vendas de m\u00e1quinas agr\u00edcolas, entre tratores e colheitadeiras, ca\u00edram 4,8% em junho na compara\u00e7\u00e3o com o mesmo m\u00eas do ano passado. No total, 5,7 mil unidades foram entregues a produtores rurais [&hellip;]","og_url":"https:\/\/www.amstedmaxion.com.br\/en\/maquinas-agricolas-vendas-caem-48-em-junho-diz-fenabrave\/","og_site_name":"AmstedMaxion","article_publisher":"https:\/\/www.facebook.com\/AmstedMaxion.Oficial","article_published_time":"2023-08-04T19:33:12+00:00","article_modified_time":"2023-08-04T19:33:41+00:00","og_image":[{"width":719,"height":393,"url":"https:\/\/www.amstedmaxion.com.br\/wp-content\/uploads\/2023\/08\/Maquinas-Agricolas-Canal-Rural.jpg","type":"image\/jpeg"}],"author":"Rosane Storto","twitter_card":"summary_large_image","twitter_misc":{"Written by":"Rosane Storto","Est. reading time":"2 minutes"},"schema":{"@context":"https:\/\/schema.org","@graph":[{"@type":"Article","@id":"https:\/\/www.amstedmaxion.com.br\/en\/maquinas-agricolas-vendas-caem-48-em-junho-diz-fenabrave\/#article","isPartOf":{"@id":"https:\/\/www.amstedmaxion.com.br\/en\/maquinas-agricolas-vendas-caem-48-em-junho-diz-fenabrave\/"},"author":{"name":"Rosane Storto","@id":"https:\/\/www.amstedmaxion.com.br\/#\/schema\/person\/140cb65f07d4e66dd5543c8a187bf436"},"headline":"M\u00e1quinas agr\u00edcolas: vendas caem 4,8% em junho, diz Fenabrave","datePublished":"2023-08-04T19:33:12+00:00","dateModified":"2023-08-04T19:33:41+00:00","mainEntityOfPage":{"@id":"https:\/\/www.amstedmaxion.com.br\/en\/maquinas-agricolas-vendas-caem-48-em-junho-diz-fenabrave\/"},"wordCount":245,"commentCount":0,"publisher":{"@id":"https:\/\/www.amstedmaxion.com.br\/#organization"},"image":{"@id":"https:\/\/www.amstedmaxion.com.br\/en\/maquinas-agricolas-vendas-caem-48-em-junho-diz-fenabrave\/#primaryimage"},"thumbnailUrl":"https:\/\/www.amstedmaxion.com.br\/wp-content\/uploads\/2023\/08\/Maquinas-Agricolas-Canal-Rural.jpg","articleSection":["Newsletter"],"inLanguage":"en-US","potentialAction":[{"@type":"CommentAction","name":"Comment","target":["https:\/\/www.amstedmaxion.com.br\/en\/maquinas-agricolas-vendas-caem-48-em-junho-diz-fenabrave\/#respond"]}]},{"@type":"WebPage","@id":"https:\/\/www.amstedmaxion.com.br\/en\/maquinas-agricolas-vendas-caem-48-em-junho-diz-fenabrave\/","url":"https:\/\/www.amstedmaxion.com.br\/en\/maquinas-agricolas-vendas-caem-48-em-junho-diz-fenabrave\/","name":"M\u00e1quinas agr\u00edcolas: vendas caem 4,8% em junho, diz Fenabrave - AmstedMaxion","isPartOf":{"@id":"https:\/\/www.amstedmaxion.com.br\/#website"},"primaryImageOfPage":{"@id":"https:\/\/www.amstedmaxion.com.br\/en\/maquinas-agricolas-vendas-caem-48-em-junho-diz-fenabrave\/#primaryimage"},"image":{"@id":"https:\/\/www.amstedmaxion.com.br\/en\/maquinas-agricolas-vendas-caem-48-em-junho-diz-fenabrave\/#primaryimage"},"thumbnailUrl":"https:\/\/www.amstedmaxion.com.br\/wp-content\/uploads\/2023\/08\/Maquinas-Agricolas-Canal-Rural.jpg","datePublished":"2023-08-04T19:33:12+00:00","dateModified":"2023-08-04T19:33:41+00:00","breadcrumb":{"@id":"https:\/\/www.amstedmaxion.com.br\/en\/maquinas-agricolas-vendas-caem-48-em-junho-diz-fenabrave\/#breadcrumb"},"inLanguage":"en-US","potentialAction":[{"@type":"ReadAction","target":["https:\/\/www.amstedmaxion.com.br\/en\/maquinas-agricolas-vendas-caem-48-em-junho-diz-fenabrave\/"]}]},{"@type":"ImageObject","inLanguage":"en-US","@id":"https:\/\/www.amstedmaxion.com.br\/en\/maquinas-agricolas-vendas-caem-48-em-junho-diz-fenabrave\/#primaryimage","url":"https:\/\/www.amstedmaxion.com.br\/wp-content\/uploads\/2023\/08\/Maquinas-Agricolas-Canal-Rural.jpg","contentUrl":"https:\/\/www.amstedmaxion.com.br\/wp-content\/uploads\/2023\/08\/Maquinas-Agricolas-Canal-Rural.jpg","width":719,"height":393,"caption":"Foto: captura de tela Canal Rural"},{"@type":"BreadcrumbList","@id":"https:\/\/www.amstedmaxion.com.br\/en\/maquinas-agricolas-vendas-caem-48-em-junho-diz-fenabrave\/#breadcrumb","itemListElement":[{"@type":"ListItem","position":1,"name":"In\u00edcio","item":"https:\/\/www.amstedmaxion.com.br\/"},{"@type":"ListItem","position":2,"name":"M\u00e1quinas agr\u00edcolas: vendas caem 4,8% em junho, diz Fenabrave"}]},{"@type":"WebSite","@id":"https:\/\/www.amstedmaxion.com.br\/#website","url":"https:\/\/www.amstedmaxion.com.br\/","name":"AmstedMaxion","description":"AmstedMaxion - Fundi\u00e7\u00e3o e Equipamentos Ferrovi\u00e1rios","publisher":{"@id":"https:\/\/www.amstedmaxion.com.br\/#organization"},"alternateName":"AmstedMaxion","potentialAction":[{"@type":"SearchAction","target":{"@type":"EntryPoint","urlTemplate":"https:\/\/www.amstedmaxion.com.br\/?s={search_term_string}"},"query-input":{"@type":"PropertyValueSpecification","valueRequired":true,"valueName":"search_term_string"}}],"inLanguage":"en-US"},{"@type":"Organization","@id":"https:\/\/www.amstedmaxion.com.br\/#organization","name":"AMSTEDMAXION","url":"https:\/\/www.amstedmaxion.com.br\/","logo":{"@type":"ImageObject","inLanguage":"en-US","@id":"https:\/\/www.amstedmaxion.com.br\/#\/schema\/logo\/image\/","url":"https:\/\/www.amstedmaxion.com.br\/wp-content\/uploads\/2023\/11\/amsted.png","contentUrl":"https:\/\/www.amstedmaxion.com.br\/wp-content\/uploads\/2023\/11\/amsted.png","width":500,"height":500,"caption":"AMSTEDMAXION"},"image":{"@id":"https:\/\/www.amstedmaxion.com.br\/#\/schema\/logo\/image\/"},"sameAs":["https:\/\/www.facebook.com\/AmstedMaxion.Oficial","https:\/\/br.linkedin.com\/company\/amstedmaxion"]},{"@type":"Person","@id":"https:\/\/www.amstedmaxion.com.br\/#\/schema\/person\/140cb65f07d4e66dd5543c8a187bf436","name":"Rosane Storto","image":{"@type":"ImageObject","inLanguage":"en-US","@id":"https:\/\/www.amstedmaxion.com.br\/#\/schema\/person\/image\/","url":"https:\/\/secure.gravatar.com\/avatar\/0e3d021545bbe593cb0eb3ee740544fefa86d59762e63dec1dbe9480a34c98cd?s=96&d=mm&r=g","contentUrl":"https:\/\/secure.gravatar.com\/avatar\/0e3d021545bbe593cb0eb3ee740544fefa86d59762e63dec1dbe9480a34c98cd?s=96&d=mm&r=g","caption":"Rosane Storto"}}]}},"_links":{"self":[{"href":"https:\/\/www.amstedmaxion.com.br\/en\/wp-json\/wp\/v2\/posts\/44618","targetHints":{"allow":["GET"]}}],"collection":[{"href":"https:\/\/www.amstedmaxion.com.br\/en\/wp-json\/wp\/v2\/posts"}],"about":[{"href":"https:\/\/www.amstedmaxion.com.br\/en\/wp-json\/wp\/v2\/types\/post"}],"author":[{"embeddable":true,"href":"https:\/\/www.amstedmaxion.com.br\/en\/wp-json\/wp\/v2\/users\/5"}],"replies":[{"embeddable":true,"href":"https:\/\/www.amstedmaxion.com.br\/en\/wp-json\/wp\/v2\/comments?post=44618"}],"version-history":[{"count":1,"href":"https:\/\/www.amstedmaxion.com.br\/en\/wp-json\/wp\/v2\/posts\/44618\/revisions"}],"predecessor-version":[{"id":44621,"href":"https:\/\/www.amstedmaxion.com.br\/en\/wp-json\/wp\/v2\/posts\/44618\/revisions\/44621"}],"wp:featuredmedia":[{"embeddable":true,"href":"https:\/\/www.amstedmaxion.com.br\/en\/wp-json\/wp\/v2\/media\/44619"}],"wp:attachment":[{"href":"https:\/\/www.amstedmaxion.com.br\/en\/wp-json\/wp\/v2\/media?parent=44618"}],"wp:term":[{"taxonomy":"category","embeddable":true,"href":"https:\/\/www.amstedmaxion.com.br\/en\/wp-json\/wp\/v2\/categories?post=44618"},{"taxonomy":"post_tag","embeddable":true,"href":"https:\/\/www.amstedmaxion.com.br\/en\/wp-json\/wp\/v2\/tags?post=44618"}],"curies":[{"name":"wp","href":"https:\/\/api.w.org\/{rel}","templated":true}]}}