{"id":47278,"date":"2023-09-13T16:46:53","date_gmt":"2023-09-13T19:46:53","guid":{"rendered":"https:\/\/www.amstedmaxion.com.br\/?p=47278"},"modified":"2023-09-13T16:46:53","modified_gmt":"2023-09-13T19:46:53","slug":"2a-semana-da-diversidade-am","status":"publish","type":"post","link":"https:\/\/www.amstedmaxion.com.br\/en\/2a-semana-da-diversidade-am\/","title":{"rendered":"2\u00aa Semana da Diversidade AM"},"content":{"rendered":"\n<p>O Grupo de Afinidade AmstedMaxion promoveu a 2\u00aa Semana da Diversidade AM \u2013 Semana de Conscientiza\u00e7\u00e3o sobre Pessoas com Defici\u00eancia (PcD). Foram dias incr\u00edveis, cheio de atividades e troca de experi\u00eancias, al\u00e9m de muito aprendizado, partilha e empatia.<\/p>\n\n\n\n<p>A semana iniciou com a palestra \u201cAnticapacitismo\u201d, conduzida pela analista de Projetos em Diversidade, Equidade e Inclus\u00e3o Juliana Neri. A programa\u00e7\u00e3o contou tamb\u00e9m com um Quiz sobre o tema e Oficina de Libras, ministrada pela professora, pedagoga habilitada na \u00e1rea de Audiocomunica\u00e7\u00e3o, p\u00f3s graduada em Libras, Maria Helena do Amaral Romanelli.<\/p>\n\n\n\n<p>Os funcion\u00e1rios puderam ainda conhecer melhor as entidades que realizam trabalhos com pessoas com defici\u00eancia, como a Associa\u00e7\u00e3o Bra\u00e7os Abertos (ABA), Associa\u00e7\u00e3o dos Pais e Amigos dos Excepcionais (APAE-Cruzeiro), Associa\u00e7\u00e3o Mundo Autista (AMA) e da Caminhada Inclusiva. O evento foi finalizado com uma Roda de Conversa sobre o filme \u201cIntoc\u00e1veis\u201d.<\/p>\n\n\n\n<p>Confira um pouco do que rolou durante a semana. Agradecemos a participa\u00e7\u00e3o de todos e prepare-se, pois nos pr\u00f3ximos meses iremos realizar uma s\u00e9rie cont\u00ednua de eventos, abordando temas como: &#8220;Ra\u00e7a e Etnia&#8221;, &#8220;Equidade de G\u00eanero&#8221; e &#8220;LGBTQIAPN+&#8221;. Por um mundo mais diverso e inclusivo!<\/p>\n\n\n\n<figure class=\"wp-block-image size-large is-resized\"><img loading=\"lazy\" decoding=\"async\" src=\"https:\/\/www.amstedmaxion.com.br\/wp-content\/uploads\/2023\/09\/2-Semana-da-Diversidade-AM-1024x1024.jpg\" alt=\"\" class=\"wp-image-47279\" width=\"428\" height=\"428\" srcset=\"https:\/\/www.amstedmaxion.com.br\/wp-content\/uploads\/2023\/09\/2-Semana-da-Diversidade-AM-1024x1024.jpg 1024w, https:\/\/www.amstedmaxion.com.br\/wp-content\/uploads\/2023\/09\/2-Semana-da-Diversidade-AM-300x300.jpg 300w, https:\/\/www.amstedmaxion.com.br\/wp-content\/uploads\/2023\/09\/2-Semana-da-Diversidade-AM-150x150.jpg 150w, https:\/\/www.amstedmaxion.com.br\/wp-content\/uploads\/2023\/09\/2-Semana-da-Diversidade-AM-768x768.jpg 768w, https:\/\/www.amstedmaxion.com.br\/wp-content\/uploads\/2023\/09\/2-Semana-da-Diversidade-AM.jpg 1080w\" sizes=\"auto, (max-width: 428px) 100vw, 428px\" \/><\/figure>\n","protected":false},"excerpt":{"rendered":"<p>O Grupo de Afinidade AmstedMaxion promoveu a 2\u00aa Semana da Diversidade AM \u2013 Semana de Conscientiza\u00e7\u00e3o sobre Pessoas com Defici\u00eancia (PcD). Foram dias incr\u00edveis, cheio de atividades e troca de experi\u00eancias, al\u00e9m de muito aprendizado, partilha e empatia. A semana iniciou com a palestra \u201cAnticapacitismo\u201d, conduzida pela analista de Projetos em Diversidade, Equidade e Inclus\u00e3o [&hellip;]<\/p>\n","protected":false},"author":5,"featured_media":47279,"comment_status":"open","ping_status":"open","sticky":false,"template":"","format":"standard","meta":{"_acf_changed":false,"footnotes":""},"categories":[148],"tags":[],"class_list":["post-47278","post","type-post","status-publish","format-standard","has-post-thumbnail","hentry","category-newsletter"],"acf":[],"yoast_head":"<!-- This site is optimized with the Yoast SEO plugin v23.9 - https:\/\/yoast.com\/wordpress\/plugins\/seo\/ -->\n<title>2\u00aa Semana da Diversidade AM - AmstedMaxion<\/title>\n<meta name=\"robots\" content=\"index, follow, max-snippet:-1, max-image-preview:large, max-video-preview:-1\" \/>\n<link rel=\"canonical\" href=\"https:\/\/www.amstedmaxion.com.br\/2a-semana-da-diversidade-am\/\" \/>\n<meta property=\"og:locale\" content=\"en_US\" \/>\n<meta property=\"og:type\" content=\"article\" \/>\n<meta property=\"og:title\" content=\"2\u00aa Semana da Diversidade AM - AmstedMaxion\" \/>\n<meta property=\"og:description\" content=\"O Grupo de Afinidade AmstedMaxion promoveu a 2\u00aa Semana da Diversidade AM \u2013 Semana de Conscientiza\u00e7\u00e3o sobre Pessoas com Defici\u00eancia (PcD). Foram dias incr\u00edveis, cheio de atividades e troca de experi\u00eancias, al\u00e9m de muito aprendizado, partilha e empatia. A semana iniciou com a palestra \u201cAnticapacitismo\u201d, conduzida pela analista de Projetos em Diversidade, Equidade e Inclus\u00e3o [&hellip;]\" \/>\n<meta property=\"og:url\" content=\"https:\/\/www.amstedmaxion.com.br\/2a-semana-da-diversidade-am\/\" \/>\n<meta property=\"og:site_name\" content=\"AmstedMaxion\" \/>\n<meta property=\"article:publisher\" content=\"https:\/\/www.facebook.com\/AmstedMaxion.Oficial\" \/>\n<meta property=\"article:published_time\" content=\"2023-09-13T19:46:53+00:00\" \/>\n<meta property=\"og:image\" content=\"https:\/\/www.amstedmaxion.com.br\/wp-content\/uploads\/2023\/09\/2-Semana-da-Diversidade-AM.jpg\" \/>\n\t<meta property=\"og:image:width\" content=\"1080\" \/>\n\t<meta property=\"og:image:height\" content=\"1080\" \/>\n\t<meta property=\"og:image:type\" content=\"image\/jpeg\" \/>\n<meta name=\"author\" content=\"Rosane Storto\" \/>\n<meta name=\"twitter:card\" content=\"summary_large_image\" \/>\n<meta name=\"twitter:label1\" content=\"Written by\" \/>\n\t<meta name=\"twitter:data1\" content=\"Rosane Storto\" \/>\n\t<meta name=\"twitter:label2\" content=\"Est. reading time\" \/>\n\t<meta name=\"twitter:data2\" content=\"2 minutes\" \/>\n<script type=\"application\/ld+json\" class=\"yoast-schema-graph\">{\"@context\":\"https:\/\/schema.org\",\"@graph\":[{\"@type\":\"Article\",\"@id\":\"https:\/\/www.amstedmaxion.com.br\/2a-semana-da-diversidade-am\/#article\",\"isPartOf\":{\"@id\":\"https:\/\/www.amstedmaxion.com.br\/2a-semana-da-diversidade-am\/\"},\"author\":{\"name\":\"Rosane Storto\",\"@id\":\"https:\/\/www.amstedmaxion.com.br\/#\/schema\/person\/140cb65f07d4e66dd5543c8a187bf436\"},\"headline\":\"2\u00aa Semana da Diversidade AM\",\"datePublished\":\"2023-09-13T19:46:53+00:00\",\"dateModified\":\"2023-09-13T19:46:53+00:00\",\"mainEntityOfPage\":{\"@id\":\"https:\/\/www.amstedmaxion.com.br\/2a-semana-da-diversidade-am\/\"},\"wordCount\":209,\"commentCount\":0,\"publisher\":{\"@id\":\"https:\/\/www.amstedmaxion.com.br\/#organization\"},\"image\":{\"@id\":\"https:\/\/www.amstedmaxion.com.br\/2a-semana-da-diversidade-am\/#primaryimage\"},\"thumbnailUrl\":\"https:\/\/www.amstedmaxion.com.br\/wp-content\/uploads\/2023\/09\/2-Semana-da-Diversidade-AM.jpg\",\"articleSection\":[\"Newsletter\"],\"inLanguage\":\"en-US\",\"potentialAction\":[{\"@type\":\"CommentAction\",\"name\":\"Comment\",\"target\":[\"https:\/\/www.amstedmaxion.com.br\/2a-semana-da-diversidade-am\/#respond\"]}]},{\"@type\":\"WebPage\",\"@id\":\"https:\/\/www.amstedmaxion.com.br\/2a-semana-da-diversidade-am\/\",\"url\":\"https:\/\/www.amstedmaxion.com.br\/2a-semana-da-diversidade-am\/\",\"name\":\"2\u00aa Semana da Diversidade AM - AmstedMaxion\",\"isPartOf\":{\"@id\":\"https:\/\/www.amstedmaxion.com.br\/#website\"},\"primaryImageOfPage\":{\"@id\":\"https:\/\/www.amstedmaxion.com.br\/2a-semana-da-diversidade-am\/#primaryimage\"},\"image\":{\"@id\":\"https:\/\/www.amstedmaxion.com.br\/2a-semana-da-diversidade-am\/#primaryimage\"},\"thumbnailUrl\":\"https:\/\/www.amstedmaxion.com.br\/wp-content\/uploads\/2023\/09\/2-Semana-da-Diversidade-AM.jpg\",\"datePublished\":\"2023-09-13T19:46:53+00:00\",\"dateModified\":\"2023-09-13T19:46:53+00:00\",\"breadcrumb\":{\"@id\":\"https:\/\/www.amstedmaxion.com.br\/2a-semana-da-diversidade-am\/#breadcrumb\"},\"inLanguage\":\"en-US\",\"potentialAction\":[{\"@type\":\"ReadAction\",\"target\":[\"https:\/\/www.amstedmaxion.com.br\/2a-semana-da-diversidade-am\/\"]}]},{\"@type\":\"ImageObject\",\"inLanguage\":\"en-US\",\"@id\":\"https:\/\/www.amstedmaxion.com.br\/2a-semana-da-diversidade-am\/#primaryimage\",\"url\":\"https:\/\/www.amstedmaxion.com.br\/wp-content\/uploads\/2023\/09\/2-Semana-da-Diversidade-AM.jpg\",\"contentUrl\":\"https:\/\/www.amstedmaxion.com.br\/wp-content\/uploads\/2023\/09\/2-Semana-da-Diversidade-AM.jpg\",\"width\":1080,\"height\":1080},{\"@type\":\"BreadcrumbList\",\"@id\":\"https:\/\/www.amstedmaxion.com.br\/2a-semana-da-diversidade-am\/#breadcrumb\",\"itemListElement\":[{\"@type\":\"ListItem\",\"position\":1,\"name\":\"In\u00edcio\",\"item\":\"https:\/\/www.amstedmaxion.com.br\/\"},{\"@type\":\"ListItem\",\"position\":2,\"name\":\"2\u00aa Semana da Diversidade AM\"}]},{\"@type\":\"WebSite\",\"@id\":\"https:\/\/www.amstedmaxion.com.br\/#website\",\"url\":\"https:\/\/www.amstedmaxion.com.br\/\",\"name\":\"AmstedMaxion\",\"description\":\"AmstedMaxion - Fundi\u00e7\u00e3o e Equipamentos Ferrovi\u00e1rios\",\"publisher\":{\"@id\":\"https:\/\/www.amstedmaxion.com.br\/#organization\"},\"alternateName\":\"AmstedMaxion\",\"potentialAction\":[{\"@type\":\"SearchAction\",\"target\":{\"@type\":\"EntryPoint\",\"urlTemplate\":\"https:\/\/www.amstedmaxion.com.br\/?s={search_term_string}\"},\"query-input\":{\"@type\":\"PropertyValueSpecification\",\"valueRequired\":true,\"valueName\":\"search_term_string\"}}],\"inLanguage\":\"en-US\"},{\"@type\":\"Organization\",\"@id\":\"https:\/\/www.amstedmaxion.com.br\/#organization\",\"name\":\"AMSTEDMAXION\",\"url\":\"https:\/\/www.amstedmaxion.com.br\/\",\"logo\":{\"@type\":\"ImageObject\",\"inLanguage\":\"en-US\",\"@id\":\"https:\/\/www.amstedmaxion.com.br\/#\/schema\/logo\/image\/\",\"url\":\"https:\/\/www.amstedmaxion.com.br\/wp-content\/uploads\/2023\/11\/amsted.png\",\"contentUrl\":\"https:\/\/www.amstedmaxion.com.br\/wp-content\/uploads\/2023\/11\/amsted.png\",\"width\":500,\"height\":500,\"caption\":\"AMSTEDMAXION\"},\"image\":{\"@id\":\"https:\/\/www.amstedmaxion.com.br\/#\/schema\/logo\/image\/\"},\"sameAs\":[\"https:\/\/www.facebook.com\/AmstedMaxion.Oficial\",\"https:\/\/br.linkedin.com\/company\/amstedmaxion\"]},{\"@type\":\"Person\",\"@id\":\"https:\/\/www.amstedmaxion.com.br\/#\/schema\/person\/140cb65f07d4e66dd5543c8a187bf436\",\"name\":\"Rosane Storto\",\"image\":{\"@type\":\"ImageObject\",\"inLanguage\":\"en-US\",\"@id\":\"https:\/\/www.amstedmaxion.com.br\/#\/schema\/person\/image\/\",\"url\":\"https:\/\/secure.gravatar.com\/avatar\/0e3d021545bbe593cb0eb3ee740544fefa86d59762e63dec1dbe9480a34c98cd?s=96&d=mm&r=g\",\"contentUrl\":\"https:\/\/secure.gravatar.com\/avatar\/0e3d021545bbe593cb0eb3ee740544fefa86d59762e63dec1dbe9480a34c98cd?s=96&d=mm&r=g\",\"caption\":\"Rosane Storto\"}}]}<\/script>\n<!-- \/ Yoast SEO plugin. -->","yoast_head_json":{"title":"2\u00aa Semana da Diversidade AM - AmstedMaxion","robots":{"index":"index","follow":"follow","max-snippet":"max-snippet:-1","max-image-preview":"max-image-preview:large","max-video-preview":"max-video-preview:-1"},"canonical":"https:\/\/www.amstedmaxion.com.br\/2a-semana-da-diversidade-am\/","og_locale":"en_US","og_type":"article","og_title":"2\u00aa Semana da Diversidade AM - AmstedMaxion","og_description":"O Grupo de Afinidade AmstedMaxion promoveu a 2\u00aa Semana da Diversidade AM \u2013 Semana de Conscientiza\u00e7\u00e3o sobre Pessoas com Defici\u00eancia (PcD). Foram dias incr\u00edveis, cheio de atividades e troca de experi\u00eancias, al\u00e9m de muito aprendizado, partilha e empatia. A semana iniciou com a palestra \u201cAnticapacitismo\u201d, conduzida pela analista de Projetos em Diversidade, Equidade e Inclus\u00e3o [&hellip;]","og_url":"https:\/\/www.amstedmaxion.com.br\/2a-semana-da-diversidade-am\/","og_site_name":"AmstedMaxion","article_publisher":"https:\/\/www.facebook.com\/AmstedMaxion.Oficial","article_published_time":"2023-09-13T19:46:53+00:00","og_image":[{"width":1080,"height":1080,"url":"https:\/\/www.amstedmaxion.com.br\/wp-content\/uploads\/2023\/09\/2-Semana-da-Diversidade-AM.jpg","type":"image\/jpeg"}],"author":"Rosane Storto","twitter_card":"summary_large_image","twitter_misc":{"Written by":"Rosane Storto","Est. reading time":"2 minutes"},"schema":{"@context":"https:\/\/schema.org","@graph":[{"@type":"Article","@id":"https:\/\/www.amstedmaxion.com.br\/2a-semana-da-diversidade-am\/#article","isPartOf":{"@id":"https:\/\/www.amstedmaxion.com.br\/2a-semana-da-diversidade-am\/"},"author":{"name":"Rosane Storto","@id":"https:\/\/www.amstedmaxion.com.br\/#\/schema\/person\/140cb65f07d4e66dd5543c8a187bf436"},"headline":"2\u00aa Semana da Diversidade AM","datePublished":"2023-09-13T19:46:53+00:00","dateModified":"2023-09-13T19:46:53+00:00","mainEntityOfPage":{"@id":"https:\/\/www.amstedmaxion.com.br\/2a-semana-da-diversidade-am\/"},"wordCount":209,"commentCount":0,"publisher":{"@id":"https:\/\/www.amstedmaxion.com.br\/#organization"},"image":{"@id":"https:\/\/www.amstedmaxion.com.br\/2a-semana-da-diversidade-am\/#primaryimage"},"thumbnailUrl":"https:\/\/www.amstedmaxion.com.br\/wp-content\/uploads\/2023\/09\/2-Semana-da-Diversidade-AM.jpg","articleSection":["Newsletter"],"inLanguage":"en-US","potentialAction":[{"@type":"CommentAction","name":"Comment","target":["https:\/\/www.amstedmaxion.com.br\/2a-semana-da-diversidade-am\/#respond"]}]},{"@type":"WebPage","@id":"https:\/\/www.amstedmaxion.com.br\/2a-semana-da-diversidade-am\/","url":"https:\/\/www.amstedmaxion.com.br\/2a-semana-da-diversidade-am\/","name":"2\u00aa Semana da Diversidade AM - AmstedMaxion","isPartOf":{"@id":"https:\/\/www.amstedmaxion.com.br\/#website"},"primaryImageOfPage":{"@id":"https:\/\/www.amstedmaxion.com.br\/2a-semana-da-diversidade-am\/#primaryimage"},"image":{"@id":"https:\/\/www.amstedmaxion.com.br\/2a-semana-da-diversidade-am\/#primaryimage"},"thumbnailUrl":"https:\/\/www.amstedmaxion.com.br\/wp-content\/uploads\/2023\/09\/2-Semana-da-Diversidade-AM.jpg","datePublished":"2023-09-13T19:46:53+00:00","dateModified":"2023-09-13T19:46:53+00:00","breadcrumb":{"@id":"https:\/\/www.amstedmaxion.com.br\/2a-semana-da-diversidade-am\/#breadcrumb"},"inLanguage":"en-US","potentialAction":[{"@type":"ReadAction","target":["https:\/\/www.amstedmaxion.com.br\/2a-semana-da-diversidade-am\/"]}]},{"@type":"ImageObject","inLanguage":"en-US","@id":"https:\/\/www.amstedmaxion.com.br\/2a-semana-da-diversidade-am\/#primaryimage","url":"https:\/\/www.amstedmaxion.com.br\/wp-content\/uploads\/2023\/09\/2-Semana-da-Diversidade-AM.jpg","contentUrl":"https:\/\/www.amstedmaxion.com.br\/wp-content\/uploads\/2023\/09\/2-Semana-da-Diversidade-AM.jpg","width":1080,"height":1080},{"@type":"BreadcrumbList","@id":"https:\/\/www.amstedmaxion.com.br\/2a-semana-da-diversidade-am\/#breadcrumb","itemListElement":[{"@type":"ListItem","position":1,"name":"In\u00edcio","item":"https:\/\/www.amstedmaxion.com.br\/"},{"@type":"ListItem","position":2,"name":"2\u00aa Semana da Diversidade AM"}]},{"@type":"WebSite","@id":"https:\/\/www.amstedmaxion.com.br\/#website","url":"https:\/\/www.amstedmaxion.com.br\/","name":"AmstedMaxion","description":"AmstedMaxion - Fundi\u00e7\u00e3o e Equipamentos Ferrovi\u00e1rios","publisher":{"@id":"https:\/\/www.amstedmaxion.com.br\/#organization"},"alternateName":"AmstedMaxion","potentialAction":[{"@type":"SearchAction","target":{"@type":"EntryPoint","urlTemplate":"https:\/\/www.amstedmaxion.com.br\/?s={search_term_string}"},"query-input":{"@type":"PropertyValueSpecification","valueRequired":true,"valueName":"search_term_string"}}],"inLanguage":"en-US"},{"@type":"Organization","@id":"https:\/\/www.amstedmaxion.com.br\/#organization","name":"AMSTEDMAXION","url":"https:\/\/www.amstedmaxion.com.br\/","logo":{"@type":"ImageObject","inLanguage":"en-US","@id":"https:\/\/www.amstedmaxion.com.br\/#\/schema\/logo\/image\/","url":"https:\/\/www.amstedmaxion.com.br\/wp-content\/uploads\/2023\/11\/amsted.png","contentUrl":"https:\/\/www.amstedmaxion.com.br\/wp-content\/uploads\/2023\/11\/amsted.png","width":500,"height":500,"caption":"AMSTEDMAXION"},"image":{"@id":"https:\/\/www.amstedmaxion.com.br\/#\/schema\/logo\/image\/"},"sameAs":["https:\/\/www.facebook.com\/AmstedMaxion.Oficial","https:\/\/br.linkedin.com\/company\/amstedmaxion"]},{"@type":"Person","@id":"https:\/\/www.amstedmaxion.com.br\/#\/schema\/person\/140cb65f07d4e66dd5543c8a187bf436","name":"Rosane Storto","image":{"@type":"ImageObject","inLanguage":"en-US","@id":"https:\/\/www.amstedmaxion.com.br\/#\/schema\/person\/image\/","url":"https:\/\/secure.gravatar.com\/avatar\/0e3d021545bbe593cb0eb3ee740544fefa86d59762e63dec1dbe9480a34c98cd?s=96&d=mm&r=g","contentUrl":"https:\/\/secure.gravatar.com\/avatar\/0e3d021545bbe593cb0eb3ee740544fefa86d59762e63dec1dbe9480a34c98cd?s=96&d=mm&r=g","caption":"Rosane Storto"}}]}},"_links":{"self":[{"href":"https:\/\/www.amstedmaxion.com.br\/en\/wp-json\/wp\/v2\/posts\/47278","targetHints":{"allow":["GET"]}}],"collection":[{"href":"https:\/\/www.amstedmaxion.com.br\/en\/wp-json\/wp\/v2\/posts"}],"about":[{"href":"https:\/\/www.amstedmaxion.com.br\/en\/wp-json\/wp\/v2\/types\/post"}],"author":[{"embeddable":true,"href":"https:\/\/www.amstedmaxion.com.br\/en\/wp-json\/wp\/v2\/users\/5"}],"replies":[{"embeddable":true,"href":"https:\/\/www.amstedmaxion.com.br\/en\/wp-json\/wp\/v2\/comments?post=47278"}],"version-history":[{"count":1,"href":"https:\/\/www.amstedmaxion.com.br\/en\/wp-json\/wp\/v2\/posts\/47278\/revisions"}],"predecessor-version":[{"id":47281,"href":"https:\/\/www.amstedmaxion.com.br\/en\/wp-json\/wp\/v2\/posts\/47278\/revisions\/47281"}],"wp:featuredmedia":[{"embeddable":true,"href":"https:\/\/www.amstedmaxion.com.br\/en\/wp-json\/wp\/v2\/media\/47279"}],"wp:attachment":[{"href":"https:\/\/www.amstedmaxion.com.br\/en\/wp-json\/wp\/v2\/media?parent=47278"}],"wp:term":[{"taxonomy":"category","embeddable":true,"href":"https:\/\/www.amstedmaxion.com.br\/en\/wp-json\/wp\/v2\/categories?post=47278"},{"taxonomy":"post_tag","embeddable":true,"href":"https:\/\/www.amstedmaxion.com.br\/en\/wp-json\/wp\/v2\/tags?post=47278"}],"curies":[{"name":"wp","href":"https:\/\/api.w.org\/{rel}","templated":true}]}}