{"id":47410,"date":"2023-10-04T14:52:18","date_gmt":"2023-10-04T17:52:18","guid":{"rendered":"https:\/\/www.amstedmaxion.com.br\/?p=47410"},"modified":"2023-10-04T14:52:19","modified_gmt":"2023-10-04T17:52:19","slug":"venda-de-maquinas-agricolas-registra-queda-de-215","status":"publish","type":"post","link":"https:\/\/www.amstedmaxion.com.br\/en\/venda-de-maquinas-agricolas-registra-queda-de-215\/","title":{"rendered":"Venda de m\u00e1quinas agr\u00edcolas registra queda de 21,5%"},"content":{"rendered":"\n<p>Canal Rural &#8211; As vendas de m\u00e1quinas agr\u00edcolas no mercado brasileiro ca\u00edram 21,5% no acumulado de 2023, at\u00e9 agosto, segundo a Abimaq<\/p>\n\n\n\n<p>As\u00a0vendas de m\u00e1quinas agr\u00edcolas no mercado brasileiro\u00a0ca\u00edram 21,5% no acumulado de 2023, at\u00e9 agosto. Segundo a\u00a0Associa\u00e7\u00e3o Brasileira da Ind\u00fastria de M\u00e1quinas e Equipamentos (Abimaq), a receita acumulada no per\u00edodo soma R$ 44,32 bilh\u00f5es.<\/p>\n\n\n\n<p>O desempenho do setor em agosto foi melhor do que o registrado em julho.<\/p>\n\n\n\n<p>As vendas no m\u00eas somaram R$ 6,47 bilh\u00f5es, uma alta de 15%.<\/p>\n\n\n\n<p>Na compara\u00e7\u00e3o com o mesmo m\u00eas de 2022, no entanto, quando as vendas renderam R$ 8,04 bilh\u00f5es, houve queda de 19,53%.<\/p>\n\n\n\n<p>Avalia\u00e7\u00e3o da ind\u00fastria<\/p>\n\n\n\n<p>A&nbsp;diretora de economia e estat\u00edstica da Abimaq, Cristina Zanella, ressalta que a ind\u00fastria segue num patamar de receita elevado, tendo registrado altas anuais desde 2017. \u201cN\u00e3o podemos nos queixar, estamos passando por um momento de acomoda\u00e7\u00e3o.\u201d<\/p>\n\n\n\n<p>Por outro lado, a ind\u00fastria j\u00e1 se prepara para um problema recorrente: a tend\u00eancia \u00e9 de que os recursos do Plano Safra 2023\/24 para o financiamento de m\u00e1quinas agr\u00edcolas acabe antes do fim do programa, em junho do ano que vem. Segundo ela, \u201co dinheiro dispon\u00edvel j\u00e1 est\u00e1 quase todo comprometido.\u201d<\/p>\n\n\n\n<p>Zanella explica que o setor agr\u00edcola, mesmo tendo registrado crescimento na safra de gr\u00e3os na \u00faltima safra, passa por quest\u00f5es negativas.<\/p>\n\n\n\n<p>A baixa nos pre\u00e7os das commodities compromete a capitaliza\u00e7\u00e3o do produtor, assim como a retra\u00e7\u00e3o do d\u00f3lar em rela\u00e7\u00e3o ao real, que torna menos lucrativas as exporta\u00e7\u00f5es.<\/p>\n\n\n\n<p>Al\u00e9m disso, as elevadas taxas de juros \u2013 motivo de constante reclama\u00e7\u00e3o por parte da ind\u00fastria \u2013 atrapalham os investimentos, tanto do produtor quanto das montadoras.<\/p>\n\n\n\n<figure class=\"wp-block-image size-full is-resized\"><img loading=\"lazy\" decoding=\"async\" src=\"https:\/\/www.amstedmaxion.com.br\/wp-content\/uploads\/2023\/10\/Maquinas-Canal-Rural.jpg\" alt=\"\" class=\"wp-image-47411\" style=\"width:462px;height:320px\" width=\"462\" height=\"320\" srcset=\"https:\/\/www.amstedmaxion.com.br\/wp-content\/uploads\/2023\/10\/Maquinas-Canal-Rural.jpg 720w, https:\/\/www.amstedmaxion.com.br\/wp-content\/uploads\/2023\/10\/Maquinas-Canal-Rural-300x208.jpg 300w\" sizes=\"auto, (max-width: 462px) 100vw, 462px\" \/><\/figure>\n\n\n\n<p>Fonte: Canal Rural (<a href=\"https:\/\/www.canalrural.com.br\/agricultura\/venda-de-maquinas-agricolas-registra-queda-de-215\/\">https:\/\/www.canalrural.com.br\/agricultura\/venda-de-maquinas-agricolas-registra-queda-de-215\/<\/a>)<\/p>\n","protected":false},"excerpt":{"rendered":"<p>Canal Rural &#8211; As vendas de m\u00e1quinas agr\u00edcolas no mercado brasileiro ca\u00edram 21,5% no acumulado de 2023, at\u00e9 agosto, segundo a Abimaq As\u00a0vendas de m\u00e1quinas agr\u00edcolas no mercado brasileiro\u00a0ca\u00edram 21,5% no acumulado de 2023, at\u00e9 agosto. Segundo a\u00a0Associa\u00e7\u00e3o Brasileira da Ind\u00fastria de M\u00e1quinas e Equipamentos (Abimaq), a receita acumulada no per\u00edodo soma R$ 44,32 bilh\u00f5es. [&hellip;]<\/p>\n","protected":false},"author":5,"featured_media":47411,"comment_status":"open","ping_status":"open","sticky":false,"template":"","format":"standard","meta":{"_acf_changed":false,"footnotes":""},"categories":[148],"tags":[],"class_list":["post-47410","post","type-post","status-publish","format-standard","has-post-thumbnail","hentry","category-newsletter"],"acf":[],"yoast_head":"<!-- This site is optimized with the Yoast SEO plugin v23.9 - https:\/\/yoast.com\/wordpress\/plugins\/seo\/ -->\n<title>Venda de m\u00e1quinas agr\u00edcolas registra queda de 21,5% - AmstedMaxion<\/title>\n<meta name=\"robots\" content=\"index, follow, max-snippet:-1, max-image-preview:large, max-video-preview:-1\" \/>\n<link rel=\"canonical\" href=\"https:\/\/www.amstedmaxion.com.br\/venda-de-maquinas-agricolas-registra-queda-de-215\/\" \/>\n<meta property=\"og:locale\" content=\"en_US\" \/>\n<meta property=\"og:type\" content=\"article\" \/>\n<meta property=\"og:title\" content=\"Venda de m\u00e1quinas agr\u00edcolas registra queda de 21,5% - AmstedMaxion\" \/>\n<meta property=\"og:description\" content=\"Canal Rural &#8211; As vendas de m\u00e1quinas agr\u00edcolas no mercado brasileiro ca\u00edram 21,5% no acumulado de 2023, at\u00e9 agosto, segundo a Abimaq As\u00a0vendas de m\u00e1quinas agr\u00edcolas no mercado brasileiro\u00a0ca\u00edram 21,5% no acumulado de 2023, at\u00e9 agosto. Segundo a\u00a0Associa\u00e7\u00e3o Brasileira da Ind\u00fastria de M\u00e1quinas e Equipamentos (Abimaq), a receita acumulada no per\u00edodo soma R$ 44,32 bilh\u00f5es. [&hellip;]\" \/>\n<meta property=\"og:url\" content=\"https:\/\/www.amstedmaxion.com.br\/venda-de-maquinas-agricolas-registra-queda-de-215\/\" \/>\n<meta property=\"og:site_name\" content=\"AmstedMaxion\" \/>\n<meta property=\"article:publisher\" content=\"https:\/\/www.facebook.com\/AmstedMaxion.Oficial\" \/>\n<meta property=\"article:published_time\" content=\"2023-10-04T17:52:18+00:00\" \/>\n<meta property=\"article:modified_time\" content=\"2023-10-04T17:52:19+00:00\" \/>\n<meta property=\"og:image\" content=\"https:\/\/www.amstedmaxion.com.br\/wp-content\/uploads\/2023\/10\/Maquinas-Canal-Rural.jpg\" \/>\n\t<meta property=\"og:image:width\" content=\"720\" \/>\n\t<meta property=\"og:image:height\" content=\"500\" \/>\n\t<meta property=\"og:image:type\" content=\"image\/jpeg\" \/>\n<meta name=\"author\" content=\"Rosane Storto\" \/>\n<meta name=\"twitter:card\" content=\"summary_large_image\" \/>\n<meta name=\"twitter:label1\" content=\"Written by\" \/>\n\t<meta name=\"twitter:data1\" content=\"Rosane Storto\" \/>\n\t<meta name=\"twitter:label2\" content=\"Est. reading time\" \/>\n\t<meta name=\"twitter:data2\" content=\"2 minutes\" \/>\n<script type=\"application\/ld+json\" class=\"yoast-schema-graph\">{\"@context\":\"https:\/\/schema.org\",\"@graph\":[{\"@type\":\"Article\",\"@id\":\"https:\/\/www.amstedmaxion.com.br\/venda-de-maquinas-agricolas-registra-queda-de-215\/#article\",\"isPartOf\":{\"@id\":\"https:\/\/www.amstedmaxion.com.br\/venda-de-maquinas-agricolas-registra-queda-de-215\/\"},\"author\":{\"name\":\"Rosane Storto\",\"@id\":\"https:\/\/www.amstedmaxion.com.br\/#\/schema\/person\/140cb65f07d4e66dd5543c8a187bf436\"},\"headline\":\"Venda de m\u00e1quinas agr\u00edcolas registra queda de 21,5%\",\"datePublished\":\"2023-10-04T17:52:18+00:00\",\"dateModified\":\"2023-10-04T17:52:19+00:00\",\"mainEntityOfPage\":{\"@id\":\"https:\/\/www.amstedmaxion.com.br\/venda-de-maquinas-agricolas-registra-queda-de-215\/\"},\"wordCount\":314,\"commentCount\":0,\"publisher\":{\"@id\":\"https:\/\/www.amstedmaxion.com.br\/#organization\"},\"image\":{\"@id\":\"https:\/\/www.amstedmaxion.com.br\/venda-de-maquinas-agricolas-registra-queda-de-215\/#primaryimage\"},\"thumbnailUrl\":\"https:\/\/www.amstedmaxion.com.br\/wp-content\/uploads\/2023\/10\/Maquinas-Canal-Rural.jpg\",\"articleSection\":[\"Newsletter\"],\"inLanguage\":\"en-US\",\"potentialAction\":[{\"@type\":\"CommentAction\",\"name\":\"Comment\",\"target\":[\"https:\/\/www.amstedmaxion.com.br\/venda-de-maquinas-agricolas-registra-queda-de-215\/#respond\"]}]},{\"@type\":\"WebPage\",\"@id\":\"https:\/\/www.amstedmaxion.com.br\/venda-de-maquinas-agricolas-registra-queda-de-215\/\",\"url\":\"https:\/\/www.amstedmaxion.com.br\/venda-de-maquinas-agricolas-registra-queda-de-215\/\",\"name\":\"Venda de m\u00e1quinas agr\u00edcolas registra queda de 21,5% - AmstedMaxion\",\"isPartOf\":{\"@id\":\"https:\/\/www.amstedmaxion.com.br\/#website\"},\"primaryImageOfPage\":{\"@id\":\"https:\/\/www.amstedmaxion.com.br\/venda-de-maquinas-agricolas-registra-queda-de-215\/#primaryimage\"},\"image\":{\"@id\":\"https:\/\/www.amstedmaxion.com.br\/venda-de-maquinas-agricolas-registra-queda-de-215\/#primaryimage\"},\"thumbnailUrl\":\"https:\/\/www.amstedmaxion.com.br\/wp-content\/uploads\/2023\/10\/Maquinas-Canal-Rural.jpg\",\"datePublished\":\"2023-10-04T17:52:18+00:00\",\"dateModified\":\"2023-10-04T17:52:19+00:00\",\"breadcrumb\":{\"@id\":\"https:\/\/www.amstedmaxion.com.br\/venda-de-maquinas-agricolas-registra-queda-de-215\/#breadcrumb\"},\"inLanguage\":\"en-US\",\"potentialAction\":[{\"@type\":\"ReadAction\",\"target\":[\"https:\/\/www.amstedmaxion.com.br\/venda-de-maquinas-agricolas-registra-queda-de-215\/\"]}]},{\"@type\":\"ImageObject\",\"inLanguage\":\"en-US\",\"@id\":\"https:\/\/www.amstedmaxion.com.br\/venda-de-maquinas-agricolas-registra-queda-de-215\/#primaryimage\",\"url\":\"https:\/\/www.amstedmaxion.com.br\/wp-content\/uploads\/2023\/10\/Maquinas-Canal-Rural.jpg\",\"contentUrl\":\"https:\/\/www.amstedmaxion.com.br\/wp-content\/uploads\/2023\/10\/Maquinas-Canal-Rural.jpg\",\"width\":720,\"height\":500,\"caption\":\"Foto: captura de tela Canal Rural\"},{\"@type\":\"BreadcrumbList\",\"@id\":\"https:\/\/www.amstedmaxion.com.br\/venda-de-maquinas-agricolas-registra-queda-de-215\/#breadcrumb\",\"itemListElement\":[{\"@type\":\"ListItem\",\"position\":1,\"name\":\"In\u00edcio\",\"item\":\"https:\/\/www.amstedmaxion.com.br\/\"},{\"@type\":\"ListItem\",\"position\":2,\"name\":\"Venda de m\u00e1quinas agr\u00edcolas registra queda de 21,5%\"}]},{\"@type\":\"WebSite\",\"@id\":\"https:\/\/www.amstedmaxion.com.br\/#website\",\"url\":\"https:\/\/www.amstedmaxion.com.br\/\",\"name\":\"AmstedMaxion\",\"description\":\"AmstedMaxion - Fundi\u00e7\u00e3o e Equipamentos Ferrovi\u00e1rios\",\"publisher\":{\"@id\":\"https:\/\/www.amstedmaxion.com.br\/#organization\"},\"alternateName\":\"AmstedMaxion\",\"potentialAction\":[{\"@type\":\"SearchAction\",\"target\":{\"@type\":\"EntryPoint\",\"urlTemplate\":\"https:\/\/www.amstedmaxion.com.br\/?s={search_term_string}\"},\"query-input\":{\"@type\":\"PropertyValueSpecification\",\"valueRequired\":true,\"valueName\":\"search_term_string\"}}],\"inLanguage\":\"en-US\"},{\"@type\":\"Organization\",\"@id\":\"https:\/\/www.amstedmaxion.com.br\/#organization\",\"name\":\"AMSTEDMAXION\",\"url\":\"https:\/\/www.amstedmaxion.com.br\/\",\"logo\":{\"@type\":\"ImageObject\",\"inLanguage\":\"en-US\",\"@id\":\"https:\/\/www.amstedmaxion.com.br\/#\/schema\/logo\/image\/\",\"url\":\"https:\/\/www.amstedmaxion.com.br\/wp-content\/uploads\/2023\/11\/amsted.png\",\"contentUrl\":\"https:\/\/www.amstedmaxion.com.br\/wp-content\/uploads\/2023\/11\/amsted.png\",\"width\":500,\"height\":500,\"caption\":\"AMSTEDMAXION\"},\"image\":{\"@id\":\"https:\/\/www.amstedmaxion.com.br\/#\/schema\/logo\/image\/\"},\"sameAs\":[\"https:\/\/www.facebook.com\/AmstedMaxion.Oficial\",\"https:\/\/br.linkedin.com\/company\/amstedmaxion\"]},{\"@type\":\"Person\",\"@id\":\"https:\/\/www.amstedmaxion.com.br\/#\/schema\/person\/140cb65f07d4e66dd5543c8a187bf436\",\"name\":\"Rosane Storto\",\"image\":{\"@type\":\"ImageObject\",\"inLanguage\":\"en-US\",\"@id\":\"https:\/\/www.amstedmaxion.com.br\/#\/schema\/person\/image\/\",\"url\":\"https:\/\/secure.gravatar.com\/avatar\/0e3d021545bbe593cb0eb3ee740544fefa86d59762e63dec1dbe9480a34c98cd?s=96&d=mm&r=g\",\"contentUrl\":\"https:\/\/secure.gravatar.com\/avatar\/0e3d021545bbe593cb0eb3ee740544fefa86d59762e63dec1dbe9480a34c98cd?s=96&d=mm&r=g\",\"caption\":\"Rosane Storto\"}}]}<\/script>\n<!-- \/ Yoast SEO plugin. -->","yoast_head_json":{"title":"Venda de m\u00e1quinas agr\u00edcolas registra queda de 21,5% - AmstedMaxion","robots":{"index":"index","follow":"follow","max-snippet":"max-snippet:-1","max-image-preview":"max-image-preview:large","max-video-preview":"max-video-preview:-1"},"canonical":"https:\/\/www.amstedmaxion.com.br\/venda-de-maquinas-agricolas-registra-queda-de-215\/","og_locale":"en_US","og_type":"article","og_title":"Venda de m\u00e1quinas agr\u00edcolas registra queda de 21,5% - AmstedMaxion","og_description":"Canal Rural &#8211; As vendas de m\u00e1quinas agr\u00edcolas no mercado brasileiro ca\u00edram 21,5% no acumulado de 2023, at\u00e9 agosto, segundo a Abimaq As\u00a0vendas de m\u00e1quinas agr\u00edcolas no mercado brasileiro\u00a0ca\u00edram 21,5% no acumulado de 2023, at\u00e9 agosto. Segundo a\u00a0Associa\u00e7\u00e3o Brasileira da Ind\u00fastria de M\u00e1quinas e Equipamentos (Abimaq), a receita acumulada no per\u00edodo soma R$ 44,32 bilh\u00f5es. [&hellip;]","og_url":"https:\/\/www.amstedmaxion.com.br\/venda-de-maquinas-agricolas-registra-queda-de-215\/","og_site_name":"AmstedMaxion","article_publisher":"https:\/\/www.facebook.com\/AmstedMaxion.Oficial","article_published_time":"2023-10-04T17:52:18+00:00","article_modified_time":"2023-10-04T17:52:19+00:00","og_image":[{"width":720,"height":500,"url":"https:\/\/www.amstedmaxion.com.br\/wp-content\/uploads\/2023\/10\/Maquinas-Canal-Rural.jpg","type":"image\/jpeg"}],"author":"Rosane Storto","twitter_card":"summary_large_image","twitter_misc":{"Written by":"Rosane Storto","Est. reading time":"2 minutes"},"schema":{"@context":"https:\/\/schema.org","@graph":[{"@type":"Article","@id":"https:\/\/www.amstedmaxion.com.br\/venda-de-maquinas-agricolas-registra-queda-de-215\/#article","isPartOf":{"@id":"https:\/\/www.amstedmaxion.com.br\/venda-de-maquinas-agricolas-registra-queda-de-215\/"},"author":{"name":"Rosane Storto","@id":"https:\/\/www.amstedmaxion.com.br\/#\/schema\/person\/140cb65f07d4e66dd5543c8a187bf436"},"headline":"Venda de m\u00e1quinas agr\u00edcolas registra queda de 21,5%","datePublished":"2023-10-04T17:52:18+00:00","dateModified":"2023-10-04T17:52:19+00:00","mainEntityOfPage":{"@id":"https:\/\/www.amstedmaxion.com.br\/venda-de-maquinas-agricolas-registra-queda-de-215\/"},"wordCount":314,"commentCount":0,"publisher":{"@id":"https:\/\/www.amstedmaxion.com.br\/#organization"},"image":{"@id":"https:\/\/www.amstedmaxion.com.br\/venda-de-maquinas-agricolas-registra-queda-de-215\/#primaryimage"},"thumbnailUrl":"https:\/\/www.amstedmaxion.com.br\/wp-content\/uploads\/2023\/10\/Maquinas-Canal-Rural.jpg","articleSection":["Newsletter"],"inLanguage":"en-US","potentialAction":[{"@type":"CommentAction","name":"Comment","target":["https:\/\/www.amstedmaxion.com.br\/venda-de-maquinas-agricolas-registra-queda-de-215\/#respond"]}]},{"@type":"WebPage","@id":"https:\/\/www.amstedmaxion.com.br\/venda-de-maquinas-agricolas-registra-queda-de-215\/","url":"https:\/\/www.amstedmaxion.com.br\/venda-de-maquinas-agricolas-registra-queda-de-215\/","name":"Venda de m\u00e1quinas agr\u00edcolas registra queda de 21,5% - AmstedMaxion","isPartOf":{"@id":"https:\/\/www.amstedmaxion.com.br\/#website"},"primaryImageOfPage":{"@id":"https:\/\/www.amstedmaxion.com.br\/venda-de-maquinas-agricolas-registra-queda-de-215\/#primaryimage"},"image":{"@id":"https:\/\/www.amstedmaxion.com.br\/venda-de-maquinas-agricolas-registra-queda-de-215\/#primaryimage"},"thumbnailUrl":"https:\/\/www.amstedmaxion.com.br\/wp-content\/uploads\/2023\/10\/Maquinas-Canal-Rural.jpg","datePublished":"2023-10-04T17:52:18+00:00","dateModified":"2023-10-04T17:52:19+00:00","breadcrumb":{"@id":"https:\/\/www.amstedmaxion.com.br\/venda-de-maquinas-agricolas-registra-queda-de-215\/#breadcrumb"},"inLanguage":"en-US","potentialAction":[{"@type":"ReadAction","target":["https:\/\/www.amstedmaxion.com.br\/venda-de-maquinas-agricolas-registra-queda-de-215\/"]}]},{"@type":"ImageObject","inLanguage":"en-US","@id":"https:\/\/www.amstedmaxion.com.br\/venda-de-maquinas-agricolas-registra-queda-de-215\/#primaryimage","url":"https:\/\/www.amstedmaxion.com.br\/wp-content\/uploads\/2023\/10\/Maquinas-Canal-Rural.jpg","contentUrl":"https:\/\/www.amstedmaxion.com.br\/wp-content\/uploads\/2023\/10\/Maquinas-Canal-Rural.jpg","width":720,"height":500,"caption":"Foto: captura de tela Canal Rural"},{"@type":"BreadcrumbList","@id":"https:\/\/www.amstedmaxion.com.br\/venda-de-maquinas-agricolas-registra-queda-de-215\/#breadcrumb","itemListElement":[{"@type":"ListItem","position":1,"name":"In\u00edcio","item":"https:\/\/www.amstedmaxion.com.br\/"},{"@type":"ListItem","position":2,"name":"Venda de m\u00e1quinas agr\u00edcolas registra queda de 21,5%"}]},{"@type":"WebSite","@id":"https:\/\/www.amstedmaxion.com.br\/#website","url":"https:\/\/www.amstedmaxion.com.br\/","name":"AmstedMaxion","description":"AmstedMaxion - Fundi\u00e7\u00e3o e Equipamentos Ferrovi\u00e1rios","publisher":{"@id":"https:\/\/www.amstedmaxion.com.br\/#organization"},"alternateName":"AmstedMaxion","potentialAction":[{"@type":"SearchAction","target":{"@type":"EntryPoint","urlTemplate":"https:\/\/www.amstedmaxion.com.br\/?s={search_term_string}"},"query-input":{"@type":"PropertyValueSpecification","valueRequired":true,"valueName":"search_term_string"}}],"inLanguage":"en-US"},{"@type":"Organization","@id":"https:\/\/www.amstedmaxion.com.br\/#organization","name":"AMSTEDMAXION","url":"https:\/\/www.amstedmaxion.com.br\/","logo":{"@type":"ImageObject","inLanguage":"en-US","@id":"https:\/\/www.amstedmaxion.com.br\/#\/schema\/logo\/image\/","url":"https:\/\/www.amstedmaxion.com.br\/wp-content\/uploads\/2023\/11\/amsted.png","contentUrl":"https:\/\/www.amstedmaxion.com.br\/wp-content\/uploads\/2023\/11\/amsted.png","width":500,"height":500,"caption":"AMSTEDMAXION"},"image":{"@id":"https:\/\/www.amstedmaxion.com.br\/#\/schema\/logo\/image\/"},"sameAs":["https:\/\/www.facebook.com\/AmstedMaxion.Oficial","https:\/\/br.linkedin.com\/company\/amstedmaxion"]},{"@type":"Person","@id":"https:\/\/www.amstedmaxion.com.br\/#\/schema\/person\/140cb65f07d4e66dd5543c8a187bf436","name":"Rosane Storto","image":{"@type":"ImageObject","inLanguage":"en-US","@id":"https:\/\/www.amstedmaxion.com.br\/#\/schema\/person\/image\/","url":"https:\/\/secure.gravatar.com\/avatar\/0e3d021545bbe593cb0eb3ee740544fefa86d59762e63dec1dbe9480a34c98cd?s=96&d=mm&r=g","contentUrl":"https:\/\/secure.gravatar.com\/avatar\/0e3d021545bbe593cb0eb3ee740544fefa86d59762e63dec1dbe9480a34c98cd?s=96&d=mm&r=g","caption":"Rosane Storto"}}]}},"_links":{"self":[{"href":"https:\/\/www.amstedmaxion.com.br\/en\/wp-json\/wp\/v2\/posts\/47410","targetHints":{"allow":["GET"]}}],"collection":[{"href":"https:\/\/www.amstedmaxion.com.br\/en\/wp-json\/wp\/v2\/posts"}],"about":[{"href":"https:\/\/www.amstedmaxion.com.br\/en\/wp-json\/wp\/v2\/types\/post"}],"author":[{"embeddable":true,"href":"https:\/\/www.amstedmaxion.com.br\/en\/wp-json\/wp\/v2\/users\/5"}],"replies":[{"embeddable":true,"href":"https:\/\/www.amstedmaxion.com.br\/en\/wp-json\/wp\/v2\/comments?post=47410"}],"version-history":[{"count":1,"href":"https:\/\/www.amstedmaxion.com.br\/en\/wp-json\/wp\/v2\/posts\/47410\/revisions"}],"predecessor-version":[{"id":47413,"href":"https:\/\/www.amstedmaxion.com.br\/en\/wp-json\/wp\/v2\/posts\/47410\/revisions\/47413"}],"wp:featuredmedia":[{"embeddable":true,"href":"https:\/\/www.amstedmaxion.com.br\/en\/wp-json\/wp\/v2\/media\/47411"}],"wp:attachment":[{"href":"https:\/\/www.amstedmaxion.com.br\/en\/wp-json\/wp\/v2\/media?parent=47410"}],"wp:term":[{"taxonomy":"category","embeddable":true,"href":"https:\/\/www.amstedmaxion.com.br\/en\/wp-json\/wp\/v2\/categories?post=47410"},{"taxonomy":"post_tag","embeddable":true,"href":"https:\/\/www.amstedmaxion.com.br\/en\/wp-json\/wp\/v2\/tags?post=47410"}],"curies":[{"name":"wp","href":"https:\/\/api.w.org\/{rel}","templated":true}]}}