{"id":4762,"date":"2018-08-24T13:30:07","date_gmt":"2018-08-24T16:30:07","guid":{"rendered":"http:\/\/189.16.185.54\/?p=4762"},"modified":"2018-08-24T13:31:37","modified_gmt":"2018-08-24T16:31:37","slug":"especialistas-discutem-necessidade-de-expansao-da-malha-ferroviaria","status":"publish","type":"post","link":"https:\/\/www.amstedmaxion.com.br\/en\/especialistas-discutem-necessidade-de-expansao-da-malha-ferroviaria\/","title":{"rendered":"Especialistas discutem necessidade de expans\u00e3o da malha ferrovi\u00e1ria"},"content":{"rendered":"<p>A import\u00e2ncia da expans\u00e3o da malha ferrovi\u00e1ria brasileira, especialmente ap\u00f3s a greve dos caminhoneiros, que exp\u00f4s a depend\u00eancia do transporte rodovi\u00e1rio, foi discutida na tarde de hoje (23) durante o Semin\u00e1rio Infraestrutura de Transporte Ferrovi\u00e1rio, realizado pela Federa\u00e7\u00e3o das Ind\u00fastrias do Estado de S\u00e3o Paulo (Fiesp), dentro da 24\u00aa Semana de Tecnologia Metroferrovi\u00e1ria, na capital paulista.<\/p>\n<p>O presidente da Associa\u00e7\u00e3o dos Engenheiros e Arquitetos de Metr\u00f4 (Aeamesp), Pedro Machado, destacou a import\u00e2ncia do tema afirmando que a greve dos caminhoneiros, em maio deste ano, mostrou depend\u00eancia que o pa\u00eds tem do transporte rodovi\u00e1rio. \u201cVivemos o apag\u00e3o log\u00edstico com a recente greve dos caminhoneiros e sabemos que precisamos reverter a matriz de transporte do Brasil. N\u00e3o podemos ficar com uma participa\u00e7\u00e3o de 65% de caminh\u00e3o na matriz, \u00e9 invi\u00e1vel\u201d, afirmou.<\/p>\n<p>O gerente setorial de Transportes e Log\u00edstica do Banco Nacional de Desenvolvimento Econ\u00f4mico e Social (BNDES), Dalmo Marchetti, disse que o pa\u00eds tem muitas oportunidades no setor ferrovi\u00e1rio e que o desenvolvimento da \u00e1rea dar\u00e1 mais competitividade ao Brasil. \u201cA vis\u00e3o de que o Brasil precisa reduzir custos log\u00edsticos est\u00e1 muito em paralelo com o desenvolvimento do setor ferrovi\u00e1rio. Vamos atingir essa redu\u00e7\u00e3o na medida em que a ferrovia brasileira se insira na carga geral. Porque a grande parte do TKU [toneladas por quil\u00f4metro \u00fatil] brasileiro est\u00e1 na carga geral.\u201d<\/p>\n<p>Segundo Marchetti, por mais que se construam corredores de exporta\u00e7\u00e3o, a redu\u00e7\u00e3o de custo log\u00edstico estar\u00e1 fundamentada na capacidade da ferrovia de competir com o modal rodovi\u00e1rio. Ele ressaltou que a ind\u00fastria nacional \u00e9 capaz de fornecer praticamente 90% do que \u00e9 necess\u00e1rio para transporte ferrovi\u00e1rio de carga e de passageiros.<\/p>\n<p>\u201cO Brasil tem tudo para ter transporte de passageiros de longo percurso, com excelente qualidade t\u00e9cnica, transporte de cargas diversificadas e mobilidade por meio ferrovi\u00e1rio nas cidades\u201d, acrescentou Marchetti, que destacou a possibilidade de parcerias p\u00fablico-privadas (PPPs). \u201cPodemos pensar em PPPs \u2013 n\u00e3o acho nenhum palavr\u00e3o falarmos de investimento p\u00fablico no setor ferrovi\u00e1rio, desde que ele esteja justificado do ponto de vista econ\u00f4mico.\u201d Para ele, a justificativa econ\u00f4mica incluiria menor custo de manuten\u00e7\u00e3o de ve\u00edculos, menos acidentes e menos emiss\u00f5es de poluentes.<\/p>\n<p>O diretor do Departamento de Infraestrutura (Deinfra) da Fiesp, Lu\u00eds Felipe Valerim, enfatizou a necessidade de diversifica\u00e7\u00e3o da matriz de transporte do pa\u00eds com finalidade de aumentar a competitividade e reduzir os custos log\u00edsticos. Ele defendeu a prorroga\u00e7\u00e3o das concess\u00f5es de ferrovias como um fator de viabiliza\u00e7\u00e3o do desenvolvimento do setor ferrovi\u00e1rio brasileiro.<\/p>\n<p>\u201cEm alguns momentos, nos \u00faltimos 10 dias, tive a impress\u00e3o de que o processo [de prorroga\u00e7\u00e3o de concess\u00f5es] tem caminhado para tr\u00e1s, sobretudo, na vis\u00e3o que tem sido desenvolvida por \u00f3rg\u00e3os de controle e nas discuss\u00f5es de constitucionalidade da lei que d\u00e1 lastro a essa pol\u00edtica p\u00fablica de antecipa\u00e7\u00e3o de investimentos, que eram quest\u00f5es que j\u00e1 tinham sido pacificadas\u201d, disse.<\/p>\n<p>No in\u00edcio da semana passada, a procuradora-geral da Rep\u00fablica, Raquel Dodge, prop\u00f4s a\u00e7\u00e3o direta de inconstitucionalidade contra a Lei 13.334\/2016, que estabelece diretrizes gerais para a prorroga\u00e7\u00e3o antecipada de contratos de concess\u00e3o ferrovi\u00e1ria. De acordo com Raquel Dodge, a lei tem dispositivos que contrariam os princ\u00edpios constitucionais da efici\u00eancia, da impessoalidade, da moralidade e da razoabilidade, al\u00e9m de violar a regra da licita\u00e7\u00e3o e comprometer a qualidade dos servi\u00e7os oferecidos \u00e0 sociedade.<\/p>\n<p>A lei \u00e9 fruto de convers\u00e3o da Medida Provis\u00f3ria 752\/2016, que previa a possibilidade de prorroga\u00e7\u00e3o antecipada dos contratos, mediante investimentos n\u00e3o previstos nos contratos originais e o atendimento de determinadas condi\u00e7\u00f5es.<\/p>\n<p>Fonte: Ag\u00eancia Brasil<\/p>\n","protected":false},"excerpt":{"rendered":"<p>A import\u00e2ncia da expans\u00e3o da malha ferrovi\u00e1ria brasileira, especialmente ap\u00f3s a greve dos caminhoneiros, que exp\u00f4s a depend\u00eancia do transporte rodovi\u00e1rio, foi discutida na tarde de hoje (23) durante o Semin\u00e1rio Infraestrutura de Transporte Ferrovi\u00e1rio, realizado pela Federa\u00e7\u00e3o das Ind\u00fastrias do Estado de S\u00e3o Paulo (Fiesp), dentro da 24\u00aa Semana de Tecnologia Metroferrovi\u00e1ria, na capital [&hellip;]<\/p>\n","protected":false},"author":5,"featured_media":0,"comment_status":"open","ping_status":"open","sticky":false,"template":"","format":"standard","meta":{"_acf_changed":false,"footnotes":""},"categories":[2],"tags":[],"class_list":["post-4762","post","type-post","status-publish","format-standard","hentry","category-noticias"],"acf":[],"yoast_head":"<!-- This site is optimized with the Yoast SEO plugin v23.9 - https:\/\/yoast.com\/wordpress\/plugins\/seo\/ -->\n<title>Especialistas discutem necessidade de expans\u00e3o da malha ferrovi\u00e1ria - AmstedMaxion<\/title>\n<meta name=\"robots\" content=\"index, follow, max-snippet:-1, max-image-preview:large, max-video-preview:-1\" \/>\n<link rel=\"canonical\" href=\"https:\/\/www.amstedmaxion.com.br\/especialistas-discutem-necessidade-de-expansao-da-malha-ferroviaria\/\" \/>\n<meta property=\"og:locale\" content=\"en_US\" \/>\n<meta property=\"og:type\" content=\"article\" \/>\n<meta property=\"og:title\" content=\"Especialistas discutem necessidade de expans\u00e3o da malha ferrovi\u00e1ria - AmstedMaxion\" \/>\n<meta property=\"og:description\" content=\"A import\u00e2ncia da expans\u00e3o da malha ferrovi\u00e1ria brasileira, especialmente ap\u00f3s a greve dos caminhoneiros, que exp\u00f4s a depend\u00eancia do transporte rodovi\u00e1rio, foi discutida na tarde de hoje (23) durante o Semin\u00e1rio Infraestrutura de Transporte Ferrovi\u00e1rio, realizado pela Federa\u00e7\u00e3o das Ind\u00fastrias do Estado de S\u00e3o Paulo (Fiesp), dentro da 24\u00aa Semana de Tecnologia Metroferrovi\u00e1ria, na capital [&hellip;]\" \/>\n<meta property=\"og:url\" content=\"https:\/\/www.amstedmaxion.com.br\/especialistas-discutem-necessidade-de-expansao-da-malha-ferroviaria\/\" \/>\n<meta property=\"og:site_name\" content=\"AmstedMaxion\" \/>\n<meta property=\"article:publisher\" content=\"https:\/\/www.facebook.com\/AmstedMaxion.Oficial\" \/>\n<meta property=\"article:published_time\" content=\"2018-08-24T16:30:07+00:00\" \/>\n<meta property=\"article:modified_time\" content=\"2018-08-24T16:31:37+00:00\" \/>\n<meta name=\"author\" content=\"Rosane Storto\" \/>\n<meta name=\"twitter:card\" content=\"summary_large_image\" \/>\n<meta name=\"twitter:label1\" content=\"Written by\" \/>\n\t<meta name=\"twitter:data1\" content=\"Rosane Storto\" \/>\n\t<meta name=\"twitter:label2\" content=\"Est. reading time\" \/>\n\t<meta name=\"twitter:data2\" content=\"3 minutes\" \/>\n<script type=\"application\/ld+json\" class=\"yoast-schema-graph\">{\"@context\":\"https:\/\/schema.org\",\"@graph\":[{\"@type\":\"Article\",\"@id\":\"https:\/\/www.amstedmaxion.com.br\/especialistas-discutem-necessidade-de-expansao-da-malha-ferroviaria\/#article\",\"isPartOf\":{\"@id\":\"https:\/\/www.amstedmaxion.com.br\/especialistas-discutem-necessidade-de-expansao-da-malha-ferroviaria\/\"},\"author\":{\"name\":\"Rosane Storto\",\"@id\":\"https:\/\/www.amstedmaxion.com.br\/#\/schema\/person\/140cb65f07d4e66dd5543c8a187bf436\"},\"headline\":\"Especialistas discutem necessidade de expans\u00e3o da malha ferrovi\u00e1ria\",\"datePublished\":\"2018-08-24T16:30:07+00:00\",\"dateModified\":\"2018-08-24T16:31:37+00:00\",\"mainEntityOfPage\":{\"@id\":\"https:\/\/www.amstedmaxion.com.br\/especialistas-discutem-necessidade-de-expansao-da-malha-ferroviaria\/\"},\"wordCount\":658,\"commentCount\":0,\"publisher\":{\"@id\":\"https:\/\/www.amstedmaxion.com.br\/#organization\"},\"articleSection\":[\"Not\u00edcias da AmstedMaxion\"],\"inLanguage\":\"en-US\",\"potentialAction\":[{\"@type\":\"CommentAction\",\"name\":\"Comment\",\"target\":[\"https:\/\/www.amstedmaxion.com.br\/especialistas-discutem-necessidade-de-expansao-da-malha-ferroviaria\/#respond\"]}]},{\"@type\":\"WebPage\",\"@id\":\"https:\/\/www.amstedmaxion.com.br\/especialistas-discutem-necessidade-de-expansao-da-malha-ferroviaria\/\",\"url\":\"https:\/\/www.amstedmaxion.com.br\/especialistas-discutem-necessidade-de-expansao-da-malha-ferroviaria\/\",\"name\":\"Especialistas discutem necessidade de expans\u00e3o da malha ferrovi\u00e1ria - AmstedMaxion\",\"isPartOf\":{\"@id\":\"https:\/\/www.amstedmaxion.com.br\/#website\"},\"datePublished\":\"2018-08-24T16:30:07+00:00\",\"dateModified\":\"2018-08-24T16:31:37+00:00\",\"breadcrumb\":{\"@id\":\"https:\/\/www.amstedmaxion.com.br\/especialistas-discutem-necessidade-de-expansao-da-malha-ferroviaria\/#breadcrumb\"},\"inLanguage\":\"en-US\",\"potentialAction\":[{\"@type\":\"ReadAction\",\"target\":[\"https:\/\/www.amstedmaxion.com.br\/especialistas-discutem-necessidade-de-expansao-da-malha-ferroviaria\/\"]}]},{\"@type\":\"BreadcrumbList\",\"@id\":\"https:\/\/www.amstedmaxion.com.br\/especialistas-discutem-necessidade-de-expansao-da-malha-ferroviaria\/#breadcrumb\",\"itemListElement\":[{\"@type\":\"ListItem\",\"position\":1,\"name\":\"In\u00edcio\",\"item\":\"https:\/\/www.amstedmaxion.com.br\/\"},{\"@type\":\"ListItem\",\"position\":2,\"name\":\"Especialistas discutem necessidade de expans\u00e3o da malha ferrovi\u00e1ria\"}]},{\"@type\":\"WebSite\",\"@id\":\"https:\/\/www.amstedmaxion.com.br\/#website\",\"url\":\"https:\/\/www.amstedmaxion.com.br\/\",\"name\":\"AmstedMaxion\",\"description\":\"AmstedMaxion - Fundi\u00e7\u00e3o e Equipamentos Ferrovi\u00e1rios\",\"publisher\":{\"@id\":\"https:\/\/www.amstedmaxion.com.br\/#organization\"},\"alternateName\":\"AmstedMaxion\",\"potentialAction\":[{\"@type\":\"SearchAction\",\"target\":{\"@type\":\"EntryPoint\",\"urlTemplate\":\"https:\/\/www.amstedmaxion.com.br\/?s={search_term_string}\"},\"query-input\":{\"@type\":\"PropertyValueSpecification\",\"valueRequired\":true,\"valueName\":\"search_term_string\"}}],\"inLanguage\":\"en-US\"},{\"@type\":\"Organization\",\"@id\":\"https:\/\/www.amstedmaxion.com.br\/#organization\",\"name\":\"AMSTEDMAXION\",\"url\":\"https:\/\/www.amstedmaxion.com.br\/\",\"logo\":{\"@type\":\"ImageObject\",\"inLanguage\":\"en-US\",\"@id\":\"https:\/\/www.amstedmaxion.com.br\/#\/schema\/logo\/image\/\",\"url\":\"https:\/\/www.amstedmaxion.com.br\/wp-content\/uploads\/2023\/11\/amsted.png\",\"contentUrl\":\"https:\/\/www.amstedmaxion.com.br\/wp-content\/uploads\/2023\/11\/amsted.png\",\"width\":500,\"height\":500,\"caption\":\"AMSTEDMAXION\"},\"image\":{\"@id\":\"https:\/\/www.amstedmaxion.com.br\/#\/schema\/logo\/image\/\"},\"sameAs\":[\"https:\/\/www.facebook.com\/AmstedMaxion.Oficial\",\"https:\/\/br.linkedin.com\/company\/amstedmaxion\"]},{\"@type\":\"Person\",\"@id\":\"https:\/\/www.amstedmaxion.com.br\/#\/schema\/person\/140cb65f07d4e66dd5543c8a187bf436\",\"name\":\"Rosane Storto\",\"image\":{\"@type\":\"ImageObject\",\"inLanguage\":\"en-US\",\"@id\":\"https:\/\/www.amstedmaxion.com.br\/#\/schema\/person\/image\/\",\"url\":\"https:\/\/secure.gravatar.com\/avatar\/0e3d021545bbe593cb0eb3ee740544fefa86d59762e63dec1dbe9480a34c98cd?s=96&d=mm&r=g\",\"contentUrl\":\"https:\/\/secure.gravatar.com\/avatar\/0e3d021545bbe593cb0eb3ee740544fefa86d59762e63dec1dbe9480a34c98cd?s=96&d=mm&r=g\",\"caption\":\"Rosane Storto\"}}]}<\/script>\n<!-- \/ Yoast SEO plugin. -->","yoast_head_json":{"title":"Especialistas discutem necessidade de expans\u00e3o da malha ferrovi\u00e1ria - AmstedMaxion","robots":{"index":"index","follow":"follow","max-snippet":"max-snippet:-1","max-image-preview":"max-image-preview:large","max-video-preview":"max-video-preview:-1"},"canonical":"https:\/\/www.amstedmaxion.com.br\/especialistas-discutem-necessidade-de-expansao-da-malha-ferroviaria\/","og_locale":"en_US","og_type":"article","og_title":"Especialistas discutem necessidade de expans\u00e3o da malha ferrovi\u00e1ria - AmstedMaxion","og_description":"A import\u00e2ncia da expans\u00e3o da malha ferrovi\u00e1ria brasileira, especialmente ap\u00f3s a greve dos caminhoneiros, que exp\u00f4s a depend\u00eancia do transporte rodovi\u00e1rio, foi discutida na tarde de hoje (23) durante o Semin\u00e1rio Infraestrutura de Transporte Ferrovi\u00e1rio, realizado pela Federa\u00e7\u00e3o das Ind\u00fastrias do Estado de S\u00e3o Paulo (Fiesp), dentro da 24\u00aa Semana de Tecnologia Metroferrovi\u00e1ria, na capital [&hellip;]","og_url":"https:\/\/www.amstedmaxion.com.br\/especialistas-discutem-necessidade-de-expansao-da-malha-ferroviaria\/","og_site_name":"AmstedMaxion","article_publisher":"https:\/\/www.facebook.com\/AmstedMaxion.Oficial","article_published_time":"2018-08-24T16:30:07+00:00","article_modified_time":"2018-08-24T16:31:37+00:00","author":"Rosane Storto","twitter_card":"summary_large_image","twitter_misc":{"Written by":"Rosane Storto","Est. reading time":"3 minutes"},"schema":{"@context":"https:\/\/schema.org","@graph":[{"@type":"Article","@id":"https:\/\/www.amstedmaxion.com.br\/especialistas-discutem-necessidade-de-expansao-da-malha-ferroviaria\/#article","isPartOf":{"@id":"https:\/\/www.amstedmaxion.com.br\/especialistas-discutem-necessidade-de-expansao-da-malha-ferroviaria\/"},"author":{"name":"Rosane Storto","@id":"https:\/\/www.amstedmaxion.com.br\/#\/schema\/person\/140cb65f07d4e66dd5543c8a187bf436"},"headline":"Especialistas discutem necessidade de expans\u00e3o da malha ferrovi\u00e1ria","datePublished":"2018-08-24T16:30:07+00:00","dateModified":"2018-08-24T16:31:37+00:00","mainEntityOfPage":{"@id":"https:\/\/www.amstedmaxion.com.br\/especialistas-discutem-necessidade-de-expansao-da-malha-ferroviaria\/"},"wordCount":658,"commentCount":0,"publisher":{"@id":"https:\/\/www.amstedmaxion.com.br\/#organization"},"articleSection":["Not\u00edcias da AmstedMaxion"],"inLanguage":"en-US","potentialAction":[{"@type":"CommentAction","name":"Comment","target":["https:\/\/www.amstedmaxion.com.br\/especialistas-discutem-necessidade-de-expansao-da-malha-ferroviaria\/#respond"]}]},{"@type":"WebPage","@id":"https:\/\/www.amstedmaxion.com.br\/especialistas-discutem-necessidade-de-expansao-da-malha-ferroviaria\/","url":"https:\/\/www.amstedmaxion.com.br\/especialistas-discutem-necessidade-de-expansao-da-malha-ferroviaria\/","name":"Especialistas discutem necessidade de expans\u00e3o da malha ferrovi\u00e1ria - AmstedMaxion","isPartOf":{"@id":"https:\/\/www.amstedmaxion.com.br\/#website"},"datePublished":"2018-08-24T16:30:07+00:00","dateModified":"2018-08-24T16:31:37+00:00","breadcrumb":{"@id":"https:\/\/www.amstedmaxion.com.br\/especialistas-discutem-necessidade-de-expansao-da-malha-ferroviaria\/#breadcrumb"},"inLanguage":"en-US","potentialAction":[{"@type":"ReadAction","target":["https:\/\/www.amstedmaxion.com.br\/especialistas-discutem-necessidade-de-expansao-da-malha-ferroviaria\/"]}]},{"@type":"BreadcrumbList","@id":"https:\/\/www.amstedmaxion.com.br\/especialistas-discutem-necessidade-de-expansao-da-malha-ferroviaria\/#breadcrumb","itemListElement":[{"@type":"ListItem","position":1,"name":"In\u00edcio","item":"https:\/\/www.amstedmaxion.com.br\/"},{"@type":"ListItem","position":2,"name":"Especialistas discutem necessidade de expans\u00e3o da malha ferrovi\u00e1ria"}]},{"@type":"WebSite","@id":"https:\/\/www.amstedmaxion.com.br\/#website","url":"https:\/\/www.amstedmaxion.com.br\/","name":"AmstedMaxion","description":"AmstedMaxion - Fundi\u00e7\u00e3o e Equipamentos Ferrovi\u00e1rios","publisher":{"@id":"https:\/\/www.amstedmaxion.com.br\/#organization"},"alternateName":"AmstedMaxion","potentialAction":[{"@type":"SearchAction","target":{"@type":"EntryPoint","urlTemplate":"https:\/\/www.amstedmaxion.com.br\/?s={search_term_string}"},"query-input":{"@type":"PropertyValueSpecification","valueRequired":true,"valueName":"search_term_string"}}],"inLanguage":"en-US"},{"@type":"Organization","@id":"https:\/\/www.amstedmaxion.com.br\/#organization","name":"AMSTEDMAXION","url":"https:\/\/www.amstedmaxion.com.br\/","logo":{"@type":"ImageObject","inLanguage":"en-US","@id":"https:\/\/www.amstedmaxion.com.br\/#\/schema\/logo\/image\/","url":"https:\/\/www.amstedmaxion.com.br\/wp-content\/uploads\/2023\/11\/amsted.png","contentUrl":"https:\/\/www.amstedmaxion.com.br\/wp-content\/uploads\/2023\/11\/amsted.png","width":500,"height":500,"caption":"AMSTEDMAXION"},"image":{"@id":"https:\/\/www.amstedmaxion.com.br\/#\/schema\/logo\/image\/"},"sameAs":["https:\/\/www.facebook.com\/AmstedMaxion.Oficial","https:\/\/br.linkedin.com\/company\/amstedmaxion"]},{"@type":"Person","@id":"https:\/\/www.amstedmaxion.com.br\/#\/schema\/person\/140cb65f07d4e66dd5543c8a187bf436","name":"Rosane Storto","image":{"@type":"ImageObject","inLanguage":"en-US","@id":"https:\/\/www.amstedmaxion.com.br\/#\/schema\/person\/image\/","url":"https:\/\/secure.gravatar.com\/avatar\/0e3d021545bbe593cb0eb3ee740544fefa86d59762e63dec1dbe9480a34c98cd?s=96&d=mm&r=g","contentUrl":"https:\/\/secure.gravatar.com\/avatar\/0e3d021545bbe593cb0eb3ee740544fefa86d59762e63dec1dbe9480a34c98cd?s=96&d=mm&r=g","caption":"Rosane Storto"}}]}},"_links":{"self":[{"href":"https:\/\/www.amstedmaxion.com.br\/en\/wp-json\/wp\/v2\/posts\/4762","targetHints":{"allow":["GET"]}}],"collection":[{"href":"https:\/\/www.amstedmaxion.com.br\/en\/wp-json\/wp\/v2\/posts"}],"about":[{"href":"https:\/\/www.amstedmaxion.com.br\/en\/wp-json\/wp\/v2\/types\/post"}],"author":[{"embeddable":true,"href":"https:\/\/www.amstedmaxion.com.br\/en\/wp-json\/wp\/v2\/users\/5"}],"replies":[{"embeddable":true,"href":"https:\/\/www.amstedmaxion.com.br\/en\/wp-json\/wp\/v2\/comments?post=4762"}],"version-history":[{"count":1,"href":"https:\/\/www.amstedmaxion.com.br\/en\/wp-json\/wp\/v2\/posts\/4762\/revisions"}],"predecessor-version":[{"id":4764,"href":"https:\/\/www.amstedmaxion.com.br\/en\/wp-json\/wp\/v2\/posts\/4762\/revisions\/4764"}],"wp:attachment":[{"href":"https:\/\/www.amstedmaxion.com.br\/en\/wp-json\/wp\/v2\/media?parent=4762"}],"wp:term":[{"taxonomy":"category","embeddable":true,"href":"https:\/\/www.amstedmaxion.com.br\/en\/wp-json\/wp\/v2\/categories?post=4762"},{"taxonomy":"post_tag","embeddable":true,"href":"https:\/\/www.amstedmaxion.com.br\/en\/wp-json\/wp\/v2\/tags?post=4762"}],"curies":[{"name":"wp","href":"https:\/\/api.w.org\/{rel}","templated":true}]}}