{"id":4828,"date":"2018-08-30T14:50:32","date_gmt":"2018-08-30T17:50:32","guid":{"rendered":"http:\/\/189.16.185.54\/?p=4828"},"modified":"2018-08-30T14:50:32","modified_gmt":"2018-08-30T17:50:32","slug":"brado-movimenta-260-mil-toneladas-no-primeiro-ano-de-operacao-focado-no-mercado-interno","status":"publish","type":"post","link":"https:\/\/www.amstedmaxion.com.br\/en\/brado-movimenta-260-mil-toneladas-no-primeiro-ano-de-operacao-focado-no-mercado-interno\/","title":{"rendered":"Brado movimenta 260 mil toneladas no primeiro ano de opera\u00e7\u00e3o focado no mercado interno"},"content":{"rendered":"<p>Especializada na log\u00edstica de movimenta\u00e7\u00e3o de cont\u00eaineres, a Brado completou neste m\u00eas de agosto o primeiro ano de opera\u00e7\u00f5es focadas no mercado interno. A estrat\u00e9gia da companhia \u00e9 expandir cada vez mais a sua atua\u00e7\u00e3o em opera\u00e7\u00f5es multimodais customizadas no atendimento \u00e0s cooperativas e ind\u00fastrias do Pa\u00eds. Como resultado, cerca de 260 mil toneladas passaram a ser movimentadas pelas ferrovias no trecho entre Rondon\u00f3polis (MT) e Sumar\u00e9 (SP). A nova estrat\u00e9gia representa atualmente 35% dos neg\u00f3cios da empresa.<\/p>\n<p>Entre as cargas com maior representatividade, est\u00e3o o milho e \u00f3leo vegetal, que descem do Mato Grosso com destino ao interior paulista. Em dire\u00e7\u00e3o ao Centro-Oeste, o fluxo \u00e9 diversificado em alimentos, bebidas, produtos de limpeza, materiais de constru\u00e7\u00e3o, entre outros.<\/p>\n<p>A Companhia possui opera\u00e7\u00f5es dedicadas de farinha de trigo, piso cer\u00e2micos, materiais de higiene e limpeza e bebidas como cervejas e refrigerantes. Uns dos maiores itens de consumo do Brasil est\u00e3o sendo transportados em cont\u00eaineres pela ferrovia e com perspectiva para crescimento.<\/p>\n<p>\u201cOs cont\u00eaineres s\u00e3o preparados conforme as especificidades de cada produto, garantindo integralmente a qualidade e seguran\u00e7a durante todo processo, desde a sa\u00edda at\u00e9 o destino\u201d, explica Douglas Goetten, gerente executivo de cargas dry da Brado Log\u00edstica.<\/p>\n<p>Segundo Goetten, os cont\u00eaineres do tipo dry, destinado \u00e0s cargas gerais como commodities, produtos florestais, bens industriais, qu\u00edmicos e mercadorias de consumo representam em m\u00e9dia 80% das opera\u00e7\u00f5es do mercado interno.<\/p>\n<p>\u201cUtilizamos nossa expertise no mercado de exporta\u00e7\u00e3o e adaptamos para o mercado brasileiro. Por meio de solu\u00e7\u00f5es customizadas conseguimos atingir um bom percentual na ind\u00fastria nacional nesse primeiro ano\u201d, afirma.<\/p>\n<p>Al\u00e9m das cargas secas, produtos frigorificados tamb\u00e9m fazem parte do escopo de opera\u00e7\u00e3o do mercado interno. Carnes congeladas saem de cidades do Mato Grosso para abastecer a grande S\u00e3o Paulo. Este tipo de opera\u00e7\u00e3o \u00e9 realizada com cont\u00eaineres reefer e garantem de forma linear o abastecimento de produtos direcionados para as festas natalinas. A solu\u00e7\u00e3o oferece mais seguran\u00e7a e regularidade para a log\u00edstica de prote\u00edna animal.<\/p>\n<p>Em n\u00fameros, a companhia registra uma m\u00e9dia de movimenta\u00e7\u00e3o mensal de 650 cont\u00eaineres dry e 150 reefer que partem de Rondon\u00f3polis com destino a Sumar\u00e9. Em rela\u00e7\u00e3o as cargas oriundas do munic\u00edpio paulista, a m\u00e9dia mensal \u00e9 de 250 cont\u00eaineres.<\/p>\n<p>No comparativo entre o primeiro m\u00eas de opera\u00e7\u00e3o com julho de 2018, o crescimento foi superior \u00e0 110% na movimenta\u00e7\u00e3o. Todos os processos envolvem a multimodalidade entre trens e caminh\u00f5es. A movimenta\u00e7\u00e3o \u00e9 rastreada 24 horas por dia e abrange um raio de cerca de 300 quil\u00f4metros no entorno das cadeias log\u00edsticas de Campinas e Cuiab\u00e1.<\/p>\n<p>A Brado \u00e9 refer\u00eancia nacional em servi\u00e7os de log\u00edstica de cont\u00eaineres. Possui estrutura pr\u00f3pria composta por 16 locomotivas, mais de 3 mil cont\u00eaineres e 2,4 mil vag\u00f5es, equipamentos, armaz\u00e9ns e terminais, complementadas por meio de parcerias estrat\u00e9gicas nos principais centros de consumo do pa\u00eds. Com atua\u00e7\u00e3o cada vez mais adaptada \u00e0s necessidades do mercado de importa\u00e7\u00e3o, exporta\u00e7\u00e3o e mercado interno, a empresa preza pela excel\u00eancia na movimenta\u00e7\u00e3o de cont\u00eaineres no Brasil, focado na integra\u00e7\u00e3o multimodal.<\/p>\n<p>Fonte: Loures Consultoria<\/p>\n","protected":false},"excerpt":{"rendered":"<p>Especializada na log\u00edstica de movimenta\u00e7\u00e3o de cont\u00eaineres, a Brado completou neste m\u00eas de agosto o primeiro ano de opera\u00e7\u00f5es focadas no mercado interno. A estrat\u00e9gia da companhia \u00e9 expandir cada vez mais a sua atua\u00e7\u00e3o em opera\u00e7\u00f5es multimodais customizadas no atendimento \u00e0s cooperativas e ind\u00fastrias do Pa\u00eds. Como resultado, cerca de 260 mil toneladas passaram [&hellip;]<\/p>\n","protected":false},"author":5,"featured_media":4829,"comment_status":"open","ping_status":"open","sticky":false,"template":"","format":"standard","meta":{"_acf_changed":false,"footnotes":""},"categories":[2],"tags":[],"class_list":["post-4828","post","type-post","status-publish","format-standard","has-post-thumbnail","hentry","category-noticias"],"acf":[],"yoast_head":"<!-- This site is optimized with the Yoast SEO plugin v23.9 - https:\/\/yoast.com\/wordpress\/plugins\/seo\/ -->\n<title>Brado movimenta 260 mil toneladas no primeiro ano de opera\u00e7\u00e3o focado no mercado interno - AmstedMaxion<\/title>\n<meta name=\"robots\" content=\"index, follow, max-snippet:-1, max-image-preview:large, max-video-preview:-1\" \/>\n<link rel=\"canonical\" href=\"https:\/\/www.amstedmaxion.com.br\/brado-movimenta-260-mil-toneladas-no-primeiro-ano-de-operacao-focado-no-mercado-interno\/\" \/>\n<meta property=\"og:locale\" content=\"en_US\" \/>\n<meta property=\"og:type\" content=\"article\" \/>\n<meta property=\"og:title\" content=\"Brado movimenta 260 mil toneladas no primeiro ano de opera\u00e7\u00e3o focado no mercado interno - AmstedMaxion\" \/>\n<meta property=\"og:description\" content=\"Especializada na log\u00edstica de movimenta\u00e7\u00e3o de cont\u00eaineres, a Brado completou neste m\u00eas de agosto o primeiro ano de opera\u00e7\u00f5es focadas no mercado interno. A estrat\u00e9gia da companhia \u00e9 expandir cada vez mais a sua atua\u00e7\u00e3o em opera\u00e7\u00f5es multimodais customizadas no atendimento \u00e0s cooperativas e ind\u00fastrias do Pa\u00eds. Como resultado, cerca de 260 mil toneladas passaram [&hellip;]\" \/>\n<meta property=\"og:url\" content=\"https:\/\/www.amstedmaxion.com.br\/brado-movimenta-260-mil-toneladas-no-primeiro-ano-de-operacao-focado-no-mercado-interno\/\" \/>\n<meta property=\"og:site_name\" content=\"AmstedMaxion\" \/>\n<meta property=\"article:publisher\" content=\"https:\/\/www.facebook.com\/AmstedMaxion.Oficial\" \/>\n<meta property=\"article:published_time\" content=\"2018-08-30T17:50:32+00:00\" \/>\n<meta property=\"og:image\" content=\"https:\/\/www.amstedmaxion.com.br\/wp-content\/uploads\/2018\/08\/brado_rondonopolis-1200x640-e1535485492501.jpg\" \/>\n\t<meta property=\"og:image:width\" content=\"700\" \/>\n\t<meta property=\"og:image:height\" content=\"373\" \/>\n\t<meta property=\"og:image:type\" content=\"image\/jpeg\" \/>\n<meta name=\"author\" content=\"Rosane Storto\" \/>\n<meta name=\"twitter:card\" content=\"summary_large_image\" \/>\n<meta name=\"twitter:label1\" content=\"Written by\" \/>\n\t<meta name=\"twitter:data1\" content=\"Rosane Storto\" \/>\n\t<meta name=\"twitter:label2\" content=\"Est. reading time\" \/>\n\t<meta name=\"twitter:data2\" content=\"3 minutes\" \/>\n<script type=\"application\/ld+json\" class=\"yoast-schema-graph\">{\"@context\":\"https:\/\/schema.org\",\"@graph\":[{\"@type\":\"Article\",\"@id\":\"https:\/\/www.amstedmaxion.com.br\/brado-movimenta-260-mil-toneladas-no-primeiro-ano-de-operacao-focado-no-mercado-interno\/#article\",\"isPartOf\":{\"@id\":\"https:\/\/www.amstedmaxion.com.br\/brado-movimenta-260-mil-toneladas-no-primeiro-ano-de-operacao-focado-no-mercado-interno\/\"},\"author\":{\"name\":\"Rosane Storto\",\"@id\":\"https:\/\/www.amstedmaxion.com.br\/#\/schema\/person\/140cb65f07d4e66dd5543c8a187bf436\"},\"headline\":\"Brado movimenta 260 mil toneladas no primeiro ano de opera\u00e7\u00e3o focado no mercado interno\",\"datePublished\":\"2018-08-30T17:50:32+00:00\",\"dateModified\":\"2018-08-30T17:50:32+00:00\",\"mainEntityOfPage\":{\"@id\":\"https:\/\/www.amstedmaxion.com.br\/brado-movimenta-260-mil-toneladas-no-primeiro-ano-de-operacao-focado-no-mercado-interno\/\"},\"wordCount\":567,\"commentCount\":0,\"publisher\":{\"@id\":\"https:\/\/www.amstedmaxion.com.br\/#organization\"},\"image\":{\"@id\":\"https:\/\/www.amstedmaxion.com.br\/brado-movimenta-260-mil-toneladas-no-primeiro-ano-de-operacao-focado-no-mercado-interno\/#primaryimage\"},\"thumbnailUrl\":\"https:\/\/www.amstedmaxion.com.br\/wp-content\/uploads\/2018\/08\/brado_rondonopolis-1200x640-e1535485492501.jpg\",\"articleSection\":[\"Not\u00edcias da AmstedMaxion\"],\"inLanguage\":\"en-US\",\"potentialAction\":[{\"@type\":\"CommentAction\",\"name\":\"Comment\",\"target\":[\"https:\/\/www.amstedmaxion.com.br\/brado-movimenta-260-mil-toneladas-no-primeiro-ano-de-operacao-focado-no-mercado-interno\/#respond\"]}]},{\"@type\":\"WebPage\",\"@id\":\"https:\/\/www.amstedmaxion.com.br\/brado-movimenta-260-mil-toneladas-no-primeiro-ano-de-operacao-focado-no-mercado-interno\/\",\"url\":\"https:\/\/www.amstedmaxion.com.br\/brado-movimenta-260-mil-toneladas-no-primeiro-ano-de-operacao-focado-no-mercado-interno\/\",\"name\":\"Brado movimenta 260 mil toneladas no primeiro ano de opera\u00e7\u00e3o focado no mercado interno - AmstedMaxion\",\"isPartOf\":{\"@id\":\"https:\/\/www.amstedmaxion.com.br\/#website\"},\"primaryImageOfPage\":{\"@id\":\"https:\/\/www.amstedmaxion.com.br\/brado-movimenta-260-mil-toneladas-no-primeiro-ano-de-operacao-focado-no-mercado-interno\/#primaryimage\"},\"image\":{\"@id\":\"https:\/\/www.amstedmaxion.com.br\/brado-movimenta-260-mil-toneladas-no-primeiro-ano-de-operacao-focado-no-mercado-interno\/#primaryimage\"},\"thumbnailUrl\":\"https:\/\/www.amstedmaxion.com.br\/wp-content\/uploads\/2018\/08\/brado_rondonopolis-1200x640-e1535485492501.jpg\",\"datePublished\":\"2018-08-30T17:50:32+00:00\",\"dateModified\":\"2018-08-30T17:50:32+00:00\",\"breadcrumb\":{\"@id\":\"https:\/\/www.amstedmaxion.com.br\/brado-movimenta-260-mil-toneladas-no-primeiro-ano-de-operacao-focado-no-mercado-interno\/#breadcrumb\"},\"inLanguage\":\"en-US\",\"potentialAction\":[{\"@type\":\"ReadAction\",\"target\":[\"https:\/\/www.amstedmaxion.com.br\/brado-movimenta-260-mil-toneladas-no-primeiro-ano-de-operacao-focado-no-mercado-interno\/\"]}]},{\"@type\":\"ImageObject\",\"inLanguage\":\"en-US\",\"@id\":\"https:\/\/www.amstedmaxion.com.br\/brado-movimenta-260-mil-toneladas-no-primeiro-ano-de-operacao-focado-no-mercado-interno\/#primaryimage\",\"url\":\"https:\/\/www.amstedmaxion.com.br\/wp-content\/uploads\/2018\/08\/brado_rondonopolis-1200x640-e1535485492501.jpg\",\"contentUrl\":\"https:\/\/www.amstedmaxion.com.br\/wp-content\/uploads\/2018\/08\/brado_rondonopolis-1200x640-e1535485492501.jpg\",\"width\":700,\"height\":373},{\"@type\":\"BreadcrumbList\",\"@id\":\"https:\/\/www.amstedmaxion.com.br\/brado-movimenta-260-mil-toneladas-no-primeiro-ano-de-operacao-focado-no-mercado-interno\/#breadcrumb\",\"itemListElement\":[{\"@type\":\"ListItem\",\"position\":1,\"name\":\"In\u00edcio\",\"item\":\"https:\/\/www.amstedmaxion.com.br\/\"},{\"@type\":\"ListItem\",\"position\":2,\"name\":\"Brado movimenta 260 mil toneladas no primeiro ano de opera\u00e7\u00e3o focado no mercado interno\"}]},{\"@type\":\"WebSite\",\"@id\":\"https:\/\/www.amstedmaxion.com.br\/#website\",\"url\":\"https:\/\/www.amstedmaxion.com.br\/\",\"name\":\"AmstedMaxion\",\"description\":\"AmstedMaxion - Fundi\u00e7\u00e3o e Equipamentos Ferrovi\u00e1rios\",\"publisher\":{\"@id\":\"https:\/\/www.amstedmaxion.com.br\/#organization\"},\"alternateName\":\"AmstedMaxion\",\"potentialAction\":[{\"@type\":\"SearchAction\",\"target\":{\"@type\":\"EntryPoint\",\"urlTemplate\":\"https:\/\/www.amstedmaxion.com.br\/?s={search_term_string}\"},\"query-input\":{\"@type\":\"PropertyValueSpecification\",\"valueRequired\":true,\"valueName\":\"search_term_string\"}}],\"inLanguage\":\"en-US\"},{\"@type\":\"Organization\",\"@id\":\"https:\/\/www.amstedmaxion.com.br\/#organization\",\"name\":\"AMSTEDMAXION\",\"url\":\"https:\/\/www.amstedmaxion.com.br\/\",\"logo\":{\"@type\":\"ImageObject\",\"inLanguage\":\"en-US\",\"@id\":\"https:\/\/www.amstedmaxion.com.br\/#\/schema\/logo\/image\/\",\"url\":\"https:\/\/www.amstedmaxion.com.br\/wp-content\/uploads\/2023\/11\/amsted.png\",\"contentUrl\":\"https:\/\/www.amstedmaxion.com.br\/wp-content\/uploads\/2023\/11\/amsted.png\",\"width\":500,\"height\":500,\"caption\":\"AMSTEDMAXION\"},\"image\":{\"@id\":\"https:\/\/www.amstedmaxion.com.br\/#\/schema\/logo\/image\/\"},\"sameAs\":[\"https:\/\/www.facebook.com\/AmstedMaxion.Oficial\",\"https:\/\/br.linkedin.com\/company\/amstedmaxion\"]},{\"@type\":\"Person\",\"@id\":\"https:\/\/www.amstedmaxion.com.br\/#\/schema\/person\/140cb65f07d4e66dd5543c8a187bf436\",\"name\":\"Rosane Storto\",\"image\":{\"@type\":\"ImageObject\",\"inLanguage\":\"en-US\",\"@id\":\"https:\/\/www.amstedmaxion.com.br\/#\/schema\/person\/image\/\",\"url\":\"https:\/\/secure.gravatar.com\/avatar\/0e3d021545bbe593cb0eb3ee740544fefa86d59762e63dec1dbe9480a34c98cd?s=96&d=mm&r=g\",\"contentUrl\":\"https:\/\/secure.gravatar.com\/avatar\/0e3d021545bbe593cb0eb3ee740544fefa86d59762e63dec1dbe9480a34c98cd?s=96&d=mm&r=g\",\"caption\":\"Rosane Storto\"}}]}<\/script>\n<!-- \/ Yoast SEO plugin. -->","yoast_head_json":{"title":"Brado movimenta 260 mil toneladas no primeiro ano de opera\u00e7\u00e3o focado no mercado interno - AmstedMaxion","robots":{"index":"index","follow":"follow","max-snippet":"max-snippet:-1","max-image-preview":"max-image-preview:large","max-video-preview":"max-video-preview:-1"},"canonical":"https:\/\/www.amstedmaxion.com.br\/brado-movimenta-260-mil-toneladas-no-primeiro-ano-de-operacao-focado-no-mercado-interno\/","og_locale":"en_US","og_type":"article","og_title":"Brado movimenta 260 mil toneladas no primeiro ano de opera\u00e7\u00e3o focado no mercado interno - AmstedMaxion","og_description":"Especializada na log\u00edstica de movimenta\u00e7\u00e3o de cont\u00eaineres, a Brado completou neste m\u00eas de agosto o primeiro ano de opera\u00e7\u00f5es focadas no mercado interno. A estrat\u00e9gia da companhia \u00e9 expandir cada vez mais a sua atua\u00e7\u00e3o em opera\u00e7\u00f5es multimodais customizadas no atendimento \u00e0s cooperativas e ind\u00fastrias do Pa\u00eds. Como resultado, cerca de 260 mil toneladas passaram [&hellip;]","og_url":"https:\/\/www.amstedmaxion.com.br\/brado-movimenta-260-mil-toneladas-no-primeiro-ano-de-operacao-focado-no-mercado-interno\/","og_site_name":"AmstedMaxion","article_publisher":"https:\/\/www.facebook.com\/AmstedMaxion.Oficial","article_published_time":"2018-08-30T17:50:32+00:00","og_image":[{"width":700,"height":373,"url":"https:\/\/www.amstedmaxion.com.br\/wp-content\/uploads\/2018\/08\/brado_rondonopolis-1200x640-e1535485492501.jpg","type":"image\/jpeg"}],"author":"Rosane Storto","twitter_card":"summary_large_image","twitter_misc":{"Written by":"Rosane Storto","Est. reading time":"3 minutes"},"schema":{"@context":"https:\/\/schema.org","@graph":[{"@type":"Article","@id":"https:\/\/www.amstedmaxion.com.br\/brado-movimenta-260-mil-toneladas-no-primeiro-ano-de-operacao-focado-no-mercado-interno\/#article","isPartOf":{"@id":"https:\/\/www.amstedmaxion.com.br\/brado-movimenta-260-mil-toneladas-no-primeiro-ano-de-operacao-focado-no-mercado-interno\/"},"author":{"name":"Rosane Storto","@id":"https:\/\/www.amstedmaxion.com.br\/#\/schema\/person\/140cb65f07d4e66dd5543c8a187bf436"},"headline":"Brado movimenta 260 mil toneladas no primeiro ano de opera\u00e7\u00e3o focado no mercado interno","datePublished":"2018-08-30T17:50:32+00:00","dateModified":"2018-08-30T17:50:32+00:00","mainEntityOfPage":{"@id":"https:\/\/www.amstedmaxion.com.br\/brado-movimenta-260-mil-toneladas-no-primeiro-ano-de-operacao-focado-no-mercado-interno\/"},"wordCount":567,"commentCount":0,"publisher":{"@id":"https:\/\/www.amstedmaxion.com.br\/#organization"},"image":{"@id":"https:\/\/www.amstedmaxion.com.br\/brado-movimenta-260-mil-toneladas-no-primeiro-ano-de-operacao-focado-no-mercado-interno\/#primaryimage"},"thumbnailUrl":"https:\/\/www.amstedmaxion.com.br\/wp-content\/uploads\/2018\/08\/brado_rondonopolis-1200x640-e1535485492501.jpg","articleSection":["Not\u00edcias da AmstedMaxion"],"inLanguage":"en-US","potentialAction":[{"@type":"CommentAction","name":"Comment","target":["https:\/\/www.amstedmaxion.com.br\/brado-movimenta-260-mil-toneladas-no-primeiro-ano-de-operacao-focado-no-mercado-interno\/#respond"]}]},{"@type":"WebPage","@id":"https:\/\/www.amstedmaxion.com.br\/brado-movimenta-260-mil-toneladas-no-primeiro-ano-de-operacao-focado-no-mercado-interno\/","url":"https:\/\/www.amstedmaxion.com.br\/brado-movimenta-260-mil-toneladas-no-primeiro-ano-de-operacao-focado-no-mercado-interno\/","name":"Brado movimenta 260 mil toneladas no primeiro ano de opera\u00e7\u00e3o focado no mercado interno - AmstedMaxion","isPartOf":{"@id":"https:\/\/www.amstedmaxion.com.br\/#website"},"primaryImageOfPage":{"@id":"https:\/\/www.amstedmaxion.com.br\/brado-movimenta-260-mil-toneladas-no-primeiro-ano-de-operacao-focado-no-mercado-interno\/#primaryimage"},"image":{"@id":"https:\/\/www.amstedmaxion.com.br\/brado-movimenta-260-mil-toneladas-no-primeiro-ano-de-operacao-focado-no-mercado-interno\/#primaryimage"},"thumbnailUrl":"https:\/\/www.amstedmaxion.com.br\/wp-content\/uploads\/2018\/08\/brado_rondonopolis-1200x640-e1535485492501.jpg","datePublished":"2018-08-30T17:50:32+00:00","dateModified":"2018-08-30T17:50:32+00:00","breadcrumb":{"@id":"https:\/\/www.amstedmaxion.com.br\/brado-movimenta-260-mil-toneladas-no-primeiro-ano-de-operacao-focado-no-mercado-interno\/#breadcrumb"},"inLanguage":"en-US","potentialAction":[{"@type":"ReadAction","target":["https:\/\/www.amstedmaxion.com.br\/brado-movimenta-260-mil-toneladas-no-primeiro-ano-de-operacao-focado-no-mercado-interno\/"]}]},{"@type":"ImageObject","inLanguage":"en-US","@id":"https:\/\/www.amstedmaxion.com.br\/brado-movimenta-260-mil-toneladas-no-primeiro-ano-de-operacao-focado-no-mercado-interno\/#primaryimage","url":"https:\/\/www.amstedmaxion.com.br\/wp-content\/uploads\/2018\/08\/brado_rondonopolis-1200x640-e1535485492501.jpg","contentUrl":"https:\/\/www.amstedmaxion.com.br\/wp-content\/uploads\/2018\/08\/brado_rondonopolis-1200x640-e1535485492501.jpg","width":700,"height":373},{"@type":"BreadcrumbList","@id":"https:\/\/www.amstedmaxion.com.br\/brado-movimenta-260-mil-toneladas-no-primeiro-ano-de-operacao-focado-no-mercado-interno\/#breadcrumb","itemListElement":[{"@type":"ListItem","position":1,"name":"In\u00edcio","item":"https:\/\/www.amstedmaxion.com.br\/"},{"@type":"ListItem","position":2,"name":"Brado movimenta 260 mil toneladas no primeiro ano de opera\u00e7\u00e3o focado no mercado interno"}]},{"@type":"WebSite","@id":"https:\/\/www.amstedmaxion.com.br\/#website","url":"https:\/\/www.amstedmaxion.com.br\/","name":"AmstedMaxion","description":"AmstedMaxion - Fundi\u00e7\u00e3o e Equipamentos Ferrovi\u00e1rios","publisher":{"@id":"https:\/\/www.amstedmaxion.com.br\/#organization"},"alternateName":"AmstedMaxion","potentialAction":[{"@type":"SearchAction","target":{"@type":"EntryPoint","urlTemplate":"https:\/\/www.amstedmaxion.com.br\/?s={search_term_string}"},"query-input":{"@type":"PropertyValueSpecification","valueRequired":true,"valueName":"search_term_string"}}],"inLanguage":"en-US"},{"@type":"Organization","@id":"https:\/\/www.amstedmaxion.com.br\/#organization","name":"AMSTEDMAXION","url":"https:\/\/www.amstedmaxion.com.br\/","logo":{"@type":"ImageObject","inLanguage":"en-US","@id":"https:\/\/www.amstedmaxion.com.br\/#\/schema\/logo\/image\/","url":"https:\/\/www.amstedmaxion.com.br\/wp-content\/uploads\/2023\/11\/amsted.png","contentUrl":"https:\/\/www.amstedmaxion.com.br\/wp-content\/uploads\/2023\/11\/amsted.png","width":500,"height":500,"caption":"AMSTEDMAXION"},"image":{"@id":"https:\/\/www.amstedmaxion.com.br\/#\/schema\/logo\/image\/"},"sameAs":["https:\/\/www.facebook.com\/AmstedMaxion.Oficial","https:\/\/br.linkedin.com\/company\/amstedmaxion"]},{"@type":"Person","@id":"https:\/\/www.amstedmaxion.com.br\/#\/schema\/person\/140cb65f07d4e66dd5543c8a187bf436","name":"Rosane Storto","image":{"@type":"ImageObject","inLanguage":"en-US","@id":"https:\/\/www.amstedmaxion.com.br\/#\/schema\/person\/image\/","url":"https:\/\/secure.gravatar.com\/avatar\/0e3d021545bbe593cb0eb3ee740544fefa86d59762e63dec1dbe9480a34c98cd?s=96&d=mm&r=g","contentUrl":"https:\/\/secure.gravatar.com\/avatar\/0e3d021545bbe593cb0eb3ee740544fefa86d59762e63dec1dbe9480a34c98cd?s=96&d=mm&r=g","caption":"Rosane Storto"}}]}},"_links":{"self":[{"href":"https:\/\/www.amstedmaxion.com.br\/en\/wp-json\/wp\/v2\/posts\/4828","targetHints":{"allow":["GET"]}}],"collection":[{"href":"https:\/\/www.amstedmaxion.com.br\/en\/wp-json\/wp\/v2\/posts"}],"about":[{"href":"https:\/\/www.amstedmaxion.com.br\/en\/wp-json\/wp\/v2\/types\/post"}],"author":[{"embeddable":true,"href":"https:\/\/www.amstedmaxion.com.br\/en\/wp-json\/wp\/v2\/users\/5"}],"replies":[{"embeddable":true,"href":"https:\/\/www.amstedmaxion.com.br\/en\/wp-json\/wp\/v2\/comments?post=4828"}],"version-history":[{"count":1,"href":"https:\/\/www.amstedmaxion.com.br\/en\/wp-json\/wp\/v2\/posts\/4828\/revisions"}],"predecessor-version":[{"id":4830,"href":"https:\/\/www.amstedmaxion.com.br\/en\/wp-json\/wp\/v2\/posts\/4828\/revisions\/4830"}],"wp:featuredmedia":[{"embeddable":true,"href":"https:\/\/www.amstedmaxion.com.br\/en\/wp-json\/wp\/v2\/media\/4829"}],"wp:attachment":[{"href":"https:\/\/www.amstedmaxion.com.br\/en\/wp-json\/wp\/v2\/media?parent=4828"}],"wp:term":[{"taxonomy":"category","embeddable":true,"href":"https:\/\/www.amstedmaxion.com.br\/en\/wp-json\/wp\/v2\/categories?post=4828"},{"taxonomy":"post_tag","embeddable":true,"href":"https:\/\/www.amstedmaxion.com.br\/en\/wp-json\/wp\/v2\/tags?post=4828"}],"curies":[{"name":"wp","href":"https:\/\/api.w.org\/{rel}","templated":true}]}}