{"id":48509,"date":"2024-02-02T16:36:55","date_gmt":"2024-02-02T19:36:55","guid":{"rendered":"https:\/\/www.amstedmaxion.com.br\/?p=48509"},"modified":"2024-02-02T16:36:57","modified_gmt":"2024-02-02T19:36:57","slug":"producao-brasileira-de-fundidos-recua-em-2023-e-se-iguala-a-de-2021","status":"publish","type":"post","link":"https:\/\/www.amstedmaxion.com.br\/en\/producao-brasileira-de-fundidos-recua-em-2023-e-se-iguala-a-de-2021\/","title":{"rendered":"Produ\u00e7\u00e3o brasileira de fundidos recua em 2023 e se iguala \u00e0 de 2021"},"content":{"rendered":"\n<p>ABIFA &#8211; Em 2023, a produ\u00e7\u00e3o da ind\u00fastria brasileira de fundi\u00e7\u00e3o caiu (9,4%) no comparativo com o ano anterior, ficando em 2,69 milh\u00f5es t, entre ferro fundido (2,02 milh\u00f5es t), a\u00e7o (265.634) e metais n\u00e3o ferrosos (410.940 t). Nesta \u00faltima categoria, est\u00e3o inclu\u00eddos os metais cobre (32.735 t), zinco (1.175 t), alum\u00ednio (166.994 t), magn\u00e9sio (5.036 t) e chumbo (205 mil).<\/p>\n\n\n\n<figure class=\"wp-block-image size-full is-resized\"><img loading=\"lazy\" decoding=\"async\" width=\"720\" height=\"537\" src=\"https:\/\/www.amstedmaxion.com.br\/wp-content\/uploads\/2024\/02\/ABIFA-Tab1.jpg\" alt=\"\" class=\"wp-image-48510\" style=\"width:470px;height:auto\" srcset=\"https:\/\/www.amstedmaxion.com.br\/wp-content\/uploads\/2024\/02\/ABIFA-Tab1.jpg 720w, https:\/\/www.amstedmaxion.com.br\/wp-content\/uploads\/2024\/02\/ABIFA-Tab1-300x224.jpg 300w\" sizes=\"auto, (max-width: 720px) 100vw, 720px\" \/><\/figure>\n\n\n\n<p>A distribui\u00e7\u00e3o regional da produ\u00e7\u00e3o de fundidos em 2023 pode ser conferida na tabela<\/p>\n\n\n\n<figure class=\"wp-block-image size-full is-resized\"><img loading=\"lazy\" decoding=\"async\" width=\"720\" height=\"444\" src=\"https:\/\/www.amstedmaxion.com.br\/wp-content\/uploads\/2024\/02\/ABIFA-Tab-2.jpg\" alt=\"\" class=\"wp-image-48512\" style=\"width:472px;height:auto\" srcset=\"https:\/\/www.amstedmaxion.com.br\/wp-content\/uploads\/2024\/02\/ABIFA-Tab-2.jpg 720w, https:\/\/www.amstedmaxion.com.br\/wp-content\/uploads\/2024\/02\/ABIFA-Tab-2-300x185.jpg 300w\" sizes=\"auto, (max-width: 720px) 100vw, 720px\" \/><\/figure>\n\n\n\n<p>Mercado interno<\/p>\n\n\n\n<p>Do total produzido localmente, 2.632,0 mil t foram absorvidas no mercado interno (87,22%).<\/p>\n\n\n\n<p>No comparativo com 2022, a demanda brasileira de fundidos caiu (10,5%) em 2023.<\/p>\n\n\n\n<p>Mercado externo<\/p>\n\n\n\n<p>O volume de fundidos exportados pelo Brasil em 2023 foi de 344.797 t, o que representa uma queda de (1,0%) sobre 2022.<\/p>\n\n\n\n<p>O detalhamento das quantidades embarcadas, em fun\u00e7\u00e3o do tipo de metal, est\u00e1 discriminado na tabela 3.<\/p>\n\n\n\n<figure class=\"wp-block-image size-full is-resized\"><img loading=\"lazy\" decoding=\"async\" width=\"720\" height=\"364\" src=\"https:\/\/www.amstedmaxion.com.br\/wp-content\/uploads\/2024\/02\/ABIFA-Tab-3.jpg\" alt=\"\" class=\"wp-image-48514\" style=\"width:485px;height:auto\" srcset=\"https:\/\/www.amstedmaxion.com.br\/wp-content\/uploads\/2024\/02\/ABIFA-Tab-3.jpg 720w, https:\/\/www.amstedmaxion.com.br\/wp-content\/uploads\/2024\/02\/ABIFA-Tab-3-300x152.jpg 300w\" sizes=\"auto, (max-width: 720px) 100vw, 720px\" \/><\/figure>\n\n\n\n<p>Em valores, as exporta\u00e7\u00f5es de pe\u00e7as fundidas aumentaram +5,6% em 2023, no comparativo com o ano anterior, conforme apresentado na tabela 4.<\/p>\n\n\n\n<figure class=\"wp-block-image size-full is-resized\"><img loading=\"lazy\" decoding=\"async\" width=\"720\" height=\"388\" src=\"https:\/\/www.amstedmaxion.com.br\/wp-content\/uploads\/2024\/02\/ABIFA-Tab-4.jpg\" alt=\"\" class=\"wp-image-48516\" style=\"width:495px;height:auto\" srcset=\"https:\/\/www.amstedmaxion.com.br\/wp-content\/uploads\/2024\/02\/ABIFA-Tab-4.jpg 720w, https:\/\/www.amstedmaxion.com.br\/wp-content\/uploads\/2024\/02\/ABIFA-Tab-4-300x162.jpg 300w\" sizes=\"auto, (max-width: 720px) 100vw, 720px\" \/><\/figure>\n\n\n\n<p>O gr\u00e1fico abaixo compara a produ\u00e7\u00e3o brasileira de fundidos e o volume exportado, tanto em peso quanto valores.<\/p>\n\n\n\n<figure class=\"wp-block-image size-full is-resized\"><img loading=\"lazy\" decoding=\"async\" width=\"720\" height=\"720\" src=\"https:\/\/www.amstedmaxion.com.br\/wp-content\/uploads\/2024\/02\/ABIFA-Producao-Exportacao.jpg\" alt=\"\" class=\"wp-image-48518\" style=\"width:490px;height:auto\" srcset=\"https:\/\/www.amstedmaxion.com.br\/wp-content\/uploads\/2024\/02\/ABIFA-Producao-Exportacao.jpg 720w, https:\/\/www.amstedmaxion.com.br\/wp-content\/uploads\/2024\/02\/ABIFA-Producao-Exportacao-300x300.jpg 300w, https:\/\/www.amstedmaxion.com.br\/wp-content\/uploads\/2024\/02\/ABIFA-Producao-Exportacao-150x150.jpg 150w\" sizes=\"auto, (max-width: 720px) 100vw, 720px\" \/><\/figure>\n\n\n\n<p>Em 2023, as exporta\u00e7\u00f5es responderam por 12,8% da produ\u00e7\u00e3o do setor. Em 2022, esse percentual foi de 11,6%, o que explicita a import\u00e2ncia das exporta\u00e7\u00f5es em especial em cen\u00e1rios de queda do mercado interno.<\/p>\n\n\n\n<p>Emprego<\/p>\n\n\n\n<p>Em dezembro de 2023, o n\u00famero de colaboradores do segmento totalizava 60.560 pessoas.<\/p>\n\n\n\n<p>Produtividade<\/p>\n\n\n\n<p>A produtividade m\u00e9dia do setor em 2023 ficou em 41,8 t.h.a, o que indica estabilidade em rela\u00e7\u00e3o aos anos anteriores, conforme o gr\u00e1fico abaixo.<\/p>\n\n\n\n<figure class=\"wp-block-image size-full is-resized\"><img loading=\"lazy\" decoding=\"async\" width=\"720\" height=\"679\" src=\"https:\/\/www.amstedmaxion.com.br\/wp-content\/uploads\/2024\/02\/ABIFA-ProdutividadeMensal.jpg\" alt=\"\" class=\"wp-image-48520\" style=\"width:479px;height:auto\" srcset=\"https:\/\/www.amstedmaxion.com.br\/wp-content\/uploads\/2024\/02\/ABIFA-ProdutividadeMensal.jpg 720w, https:\/\/www.amstedmaxion.com.br\/wp-content\/uploads\/2024\/02\/ABIFA-ProdutividadeMensal-300x283.jpg 300w\" sizes=\"auto, (max-width: 720px) 100vw, 720px\" \/><\/figure>\n\n\n\n<p>Proje\u00e7\u00e3o 2024<\/p>\n\n\n\n<p>Para o atual exerc\u00edcio, a ABIFA projeta um cen\u00e1rio de estabilidade em rela\u00e7\u00e3o a 2023.<\/p>\n\n\n\n<p>\u201cAguardamos o desenrolar do Nova Ind\u00fastria Brasil na pr\u00e1tica, o que dever\u00e1 trazer f\u00f4lego para a ind\u00fastria nacional nos pr\u00f3ximos anos, revertendo o cen\u00e1rio de desindustrializa\u00e7\u00e3o em curso no pa\u00eds. Isso certamente atrair\u00e1 investimentos, dando seguran\u00e7a \u00e0 concretiza\u00e7\u00e3o de novos neg\u00f3cios\u201d \u2013 Cac\u00eddio Girardi, presidente da ABIFA \u2013 Associa\u00e7\u00e3o Brasileira de Fundi\u00e7\u00e3o.<\/p>\n\n\n\n<p>Fonte: ABIFA (<a href=\"https:\/\/abifa.org.br\/site\/producao-brasileira-de-fundidos-recua-em-2023-e-se-iguala-a-de-2021\/\">https:\/\/abifa.org.br\/site\/producao-brasileira-de-fundidos-recua-em-2023-e-se-iguala-a-de-2021\/<\/a>)<\/p>\n","protected":false},"excerpt":{"rendered":"<p>ABIFA &#8211; Em 2023, a produ\u00e7\u00e3o da ind\u00fastria brasileira de fundi\u00e7\u00e3o caiu (9,4%) no comparativo com o ano anterior, ficando em 2,69 milh\u00f5es t, entre ferro fundido (2,02 milh\u00f5es t), a\u00e7o (265.634) e metais n\u00e3o ferrosos (410.940 t). Nesta \u00faltima categoria, est\u00e3o inclu\u00eddos os metais cobre (32.735 t), zinco (1.175 t), alum\u00ednio (166.994 t), magn\u00e9sio [&hellip;]<\/p>\n","protected":false},"author":5,"featured_media":48518,"comment_status":"open","ping_status":"open","sticky":false,"template":"","format":"standard","meta":{"_acf_changed":false,"footnotes":""},"categories":[148],"tags":[],"class_list":["post-48509","post","type-post","status-publish","format-standard","has-post-thumbnail","hentry","category-newsletter"],"acf":[],"yoast_head":"<!-- This site is optimized with the Yoast SEO plugin v23.9 - https:\/\/yoast.com\/wordpress\/plugins\/seo\/ -->\n<title>Produ\u00e7\u00e3o brasileira de fundidos recua em 2023 e se iguala \u00e0 de 2021 - AmstedMaxion<\/title>\n<meta name=\"robots\" content=\"index, follow, max-snippet:-1, max-image-preview:large, max-video-preview:-1\" \/>\n<link rel=\"canonical\" href=\"https:\/\/www.amstedmaxion.com.br\/producao-brasileira-de-fundidos-recua-em-2023-e-se-iguala-a-de-2021\/\" \/>\n<meta property=\"og:locale\" content=\"en_US\" \/>\n<meta property=\"og:type\" content=\"article\" \/>\n<meta property=\"og:title\" content=\"Produ\u00e7\u00e3o brasileira de fundidos recua em 2023 e se iguala \u00e0 de 2021 - AmstedMaxion\" \/>\n<meta property=\"og:description\" content=\"ABIFA &#8211; Em 2023, a produ\u00e7\u00e3o da ind\u00fastria brasileira de fundi\u00e7\u00e3o caiu (9,4%) no comparativo com o ano anterior, ficando em 2,69 milh\u00f5es t, entre ferro fundido (2,02 milh\u00f5es t), a\u00e7o (265.634) e metais n\u00e3o ferrosos (410.940 t). Nesta \u00faltima categoria, est\u00e3o inclu\u00eddos os metais cobre (32.735 t), zinco (1.175 t), alum\u00ednio (166.994 t), magn\u00e9sio [&hellip;]\" \/>\n<meta property=\"og:url\" content=\"https:\/\/www.amstedmaxion.com.br\/producao-brasileira-de-fundidos-recua-em-2023-e-se-iguala-a-de-2021\/\" \/>\n<meta property=\"og:site_name\" content=\"AmstedMaxion\" \/>\n<meta property=\"article:publisher\" content=\"https:\/\/www.facebook.com\/AmstedMaxion.Oficial\" \/>\n<meta property=\"article:published_time\" content=\"2024-02-02T19:36:55+00:00\" \/>\n<meta property=\"article:modified_time\" content=\"2024-02-02T19:36:57+00:00\" \/>\n<meta property=\"og:image\" content=\"https:\/\/www.amstedmaxion.com.br\/wp-content\/uploads\/2024\/02\/ABIFA-Producao-Exportacao.jpg\" \/>\n\t<meta property=\"og:image:width\" content=\"720\" \/>\n\t<meta property=\"og:image:height\" content=\"720\" \/>\n\t<meta property=\"og:image:type\" content=\"image\/jpeg\" \/>\n<meta name=\"author\" content=\"Rosane Storto\" \/>\n<meta name=\"twitter:card\" content=\"summary_large_image\" \/>\n<meta name=\"twitter:label1\" content=\"Written by\" \/>\n\t<meta name=\"twitter:data1\" content=\"Rosane Storto\" \/>\n\t<meta name=\"twitter:label2\" content=\"Est. reading time\" \/>\n\t<meta name=\"twitter:data2\" content=\"4 minutes\" \/>\n<script type=\"application\/ld+json\" class=\"yoast-schema-graph\">{\"@context\":\"https:\/\/schema.org\",\"@graph\":[{\"@type\":\"Article\",\"@id\":\"https:\/\/www.amstedmaxion.com.br\/producao-brasileira-de-fundidos-recua-em-2023-e-se-iguala-a-de-2021\/#article\",\"isPartOf\":{\"@id\":\"https:\/\/www.amstedmaxion.com.br\/producao-brasileira-de-fundidos-recua-em-2023-e-se-iguala-a-de-2021\/\"},\"author\":{\"name\":\"Rosane Storto\",\"@id\":\"https:\/\/www.amstedmaxion.com.br\/#\/schema\/person\/140cb65f07d4e66dd5543c8a187bf436\"},\"headline\":\"Produ\u00e7\u00e3o brasileira de fundidos recua em 2023 e se iguala \u00e0 de 2021\",\"datePublished\":\"2024-02-02T19:36:55+00:00\",\"dateModified\":\"2024-02-02T19:36:57+00:00\",\"mainEntityOfPage\":{\"@id\":\"https:\/\/www.amstedmaxion.com.br\/producao-brasileira-de-fundidos-recua-em-2023-e-se-iguala-a-de-2021\/\"},\"wordCount\":354,\"commentCount\":0,\"publisher\":{\"@id\":\"https:\/\/www.amstedmaxion.com.br\/#organization\"},\"image\":{\"@id\":\"https:\/\/www.amstedmaxion.com.br\/producao-brasileira-de-fundidos-recua-em-2023-e-se-iguala-a-de-2021\/#primaryimage\"},\"thumbnailUrl\":\"https:\/\/www.amstedmaxion.com.br\/wp-content\/uploads\/2024\/02\/ABIFA-Producao-Exportacao.jpg\",\"articleSection\":[\"Newsletter\"],\"inLanguage\":\"en-US\",\"potentialAction\":[{\"@type\":\"CommentAction\",\"name\":\"Comment\",\"target\":[\"https:\/\/www.amstedmaxion.com.br\/producao-brasileira-de-fundidos-recua-em-2023-e-se-iguala-a-de-2021\/#respond\"]}]},{\"@type\":\"WebPage\",\"@id\":\"https:\/\/www.amstedmaxion.com.br\/producao-brasileira-de-fundidos-recua-em-2023-e-se-iguala-a-de-2021\/\",\"url\":\"https:\/\/www.amstedmaxion.com.br\/producao-brasileira-de-fundidos-recua-em-2023-e-se-iguala-a-de-2021\/\",\"name\":\"Produ\u00e7\u00e3o brasileira de fundidos recua em 2023 e se iguala \u00e0 de 2021 - AmstedMaxion\",\"isPartOf\":{\"@id\":\"https:\/\/www.amstedmaxion.com.br\/#website\"},\"primaryImageOfPage\":{\"@id\":\"https:\/\/www.amstedmaxion.com.br\/producao-brasileira-de-fundidos-recua-em-2023-e-se-iguala-a-de-2021\/#primaryimage\"},\"image\":{\"@id\":\"https:\/\/www.amstedmaxion.com.br\/producao-brasileira-de-fundidos-recua-em-2023-e-se-iguala-a-de-2021\/#primaryimage\"},\"thumbnailUrl\":\"https:\/\/www.amstedmaxion.com.br\/wp-content\/uploads\/2024\/02\/ABIFA-Producao-Exportacao.jpg\",\"datePublished\":\"2024-02-02T19:36:55+00:00\",\"dateModified\":\"2024-02-02T19:36:57+00:00\",\"breadcrumb\":{\"@id\":\"https:\/\/www.amstedmaxion.com.br\/producao-brasileira-de-fundidos-recua-em-2023-e-se-iguala-a-de-2021\/#breadcrumb\"},\"inLanguage\":\"en-US\",\"potentialAction\":[{\"@type\":\"ReadAction\",\"target\":[\"https:\/\/www.amstedmaxion.com.br\/producao-brasileira-de-fundidos-recua-em-2023-e-se-iguala-a-de-2021\/\"]}]},{\"@type\":\"ImageObject\",\"inLanguage\":\"en-US\",\"@id\":\"https:\/\/www.amstedmaxion.com.br\/producao-brasileira-de-fundidos-recua-em-2023-e-se-iguala-a-de-2021\/#primaryimage\",\"url\":\"https:\/\/www.amstedmaxion.com.br\/wp-content\/uploads\/2024\/02\/ABIFA-Producao-Exportacao.jpg\",\"contentUrl\":\"https:\/\/www.amstedmaxion.com.br\/wp-content\/uploads\/2024\/02\/ABIFA-Producao-Exportacao.jpg\",\"width\":720,\"height\":720},{\"@type\":\"BreadcrumbList\",\"@id\":\"https:\/\/www.amstedmaxion.com.br\/producao-brasileira-de-fundidos-recua-em-2023-e-se-iguala-a-de-2021\/#breadcrumb\",\"itemListElement\":[{\"@type\":\"ListItem\",\"position\":1,\"name\":\"In\u00edcio\",\"item\":\"https:\/\/www.amstedmaxion.com.br\/\"},{\"@type\":\"ListItem\",\"position\":2,\"name\":\"Produ\u00e7\u00e3o brasileira de fundidos recua em 2023 e se iguala \u00e0 de 2021\"}]},{\"@type\":\"WebSite\",\"@id\":\"https:\/\/www.amstedmaxion.com.br\/#website\",\"url\":\"https:\/\/www.amstedmaxion.com.br\/\",\"name\":\"AmstedMaxion\",\"description\":\"AmstedMaxion - Fundi\u00e7\u00e3o e Equipamentos Ferrovi\u00e1rios\",\"publisher\":{\"@id\":\"https:\/\/www.amstedmaxion.com.br\/#organization\"},\"alternateName\":\"AmstedMaxion\",\"potentialAction\":[{\"@type\":\"SearchAction\",\"target\":{\"@type\":\"EntryPoint\",\"urlTemplate\":\"https:\/\/www.amstedmaxion.com.br\/?s={search_term_string}\"},\"query-input\":{\"@type\":\"PropertyValueSpecification\",\"valueRequired\":true,\"valueName\":\"search_term_string\"}}],\"inLanguage\":\"en-US\"},{\"@type\":\"Organization\",\"@id\":\"https:\/\/www.amstedmaxion.com.br\/#organization\",\"name\":\"AMSTEDMAXION\",\"url\":\"https:\/\/www.amstedmaxion.com.br\/\",\"logo\":{\"@type\":\"ImageObject\",\"inLanguage\":\"en-US\",\"@id\":\"https:\/\/www.amstedmaxion.com.br\/#\/schema\/logo\/image\/\",\"url\":\"https:\/\/www.amstedmaxion.com.br\/wp-content\/uploads\/2023\/11\/amsted.png\",\"contentUrl\":\"https:\/\/www.amstedmaxion.com.br\/wp-content\/uploads\/2023\/11\/amsted.png\",\"width\":500,\"height\":500,\"caption\":\"AMSTEDMAXION\"},\"image\":{\"@id\":\"https:\/\/www.amstedmaxion.com.br\/#\/schema\/logo\/image\/\"},\"sameAs\":[\"https:\/\/www.facebook.com\/AmstedMaxion.Oficial\",\"https:\/\/br.linkedin.com\/company\/amstedmaxion\"]},{\"@type\":\"Person\",\"@id\":\"https:\/\/www.amstedmaxion.com.br\/#\/schema\/person\/140cb65f07d4e66dd5543c8a187bf436\",\"name\":\"Rosane Storto\",\"image\":{\"@type\":\"ImageObject\",\"inLanguage\":\"en-US\",\"@id\":\"https:\/\/www.amstedmaxion.com.br\/#\/schema\/person\/image\/\",\"url\":\"https:\/\/secure.gravatar.com\/avatar\/0e3d021545bbe593cb0eb3ee740544fefa86d59762e63dec1dbe9480a34c98cd?s=96&d=mm&r=g\",\"contentUrl\":\"https:\/\/secure.gravatar.com\/avatar\/0e3d021545bbe593cb0eb3ee740544fefa86d59762e63dec1dbe9480a34c98cd?s=96&d=mm&r=g\",\"caption\":\"Rosane Storto\"}}]}<\/script>\n<!-- \/ Yoast SEO plugin. -->","yoast_head_json":{"title":"Produ\u00e7\u00e3o brasileira de fundidos recua em 2023 e se iguala \u00e0 de 2021 - AmstedMaxion","robots":{"index":"index","follow":"follow","max-snippet":"max-snippet:-1","max-image-preview":"max-image-preview:large","max-video-preview":"max-video-preview:-1"},"canonical":"https:\/\/www.amstedmaxion.com.br\/producao-brasileira-de-fundidos-recua-em-2023-e-se-iguala-a-de-2021\/","og_locale":"en_US","og_type":"article","og_title":"Produ\u00e7\u00e3o brasileira de fundidos recua em 2023 e se iguala \u00e0 de 2021 - AmstedMaxion","og_description":"ABIFA &#8211; Em 2023, a produ\u00e7\u00e3o da ind\u00fastria brasileira de fundi\u00e7\u00e3o caiu (9,4%) no comparativo com o ano anterior, ficando em 2,69 milh\u00f5es t, entre ferro fundido (2,02 milh\u00f5es t), a\u00e7o (265.634) e metais n\u00e3o ferrosos (410.940 t). Nesta \u00faltima categoria, est\u00e3o inclu\u00eddos os metais cobre (32.735 t), zinco (1.175 t), alum\u00ednio (166.994 t), magn\u00e9sio [&hellip;]","og_url":"https:\/\/www.amstedmaxion.com.br\/producao-brasileira-de-fundidos-recua-em-2023-e-se-iguala-a-de-2021\/","og_site_name":"AmstedMaxion","article_publisher":"https:\/\/www.facebook.com\/AmstedMaxion.Oficial","article_published_time":"2024-02-02T19:36:55+00:00","article_modified_time":"2024-02-02T19:36:57+00:00","og_image":[{"width":720,"height":720,"url":"https:\/\/www.amstedmaxion.com.br\/wp-content\/uploads\/2024\/02\/ABIFA-Producao-Exportacao.jpg","type":"image\/jpeg"}],"author":"Rosane Storto","twitter_card":"summary_large_image","twitter_misc":{"Written by":"Rosane Storto","Est. reading time":"4 minutes"},"schema":{"@context":"https:\/\/schema.org","@graph":[{"@type":"Article","@id":"https:\/\/www.amstedmaxion.com.br\/producao-brasileira-de-fundidos-recua-em-2023-e-se-iguala-a-de-2021\/#article","isPartOf":{"@id":"https:\/\/www.amstedmaxion.com.br\/producao-brasileira-de-fundidos-recua-em-2023-e-se-iguala-a-de-2021\/"},"author":{"name":"Rosane Storto","@id":"https:\/\/www.amstedmaxion.com.br\/#\/schema\/person\/140cb65f07d4e66dd5543c8a187bf436"},"headline":"Produ\u00e7\u00e3o brasileira de fundidos recua em 2023 e se iguala \u00e0 de 2021","datePublished":"2024-02-02T19:36:55+00:00","dateModified":"2024-02-02T19:36:57+00:00","mainEntityOfPage":{"@id":"https:\/\/www.amstedmaxion.com.br\/producao-brasileira-de-fundidos-recua-em-2023-e-se-iguala-a-de-2021\/"},"wordCount":354,"commentCount":0,"publisher":{"@id":"https:\/\/www.amstedmaxion.com.br\/#organization"},"image":{"@id":"https:\/\/www.amstedmaxion.com.br\/producao-brasileira-de-fundidos-recua-em-2023-e-se-iguala-a-de-2021\/#primaryimage"},"thumbnailUrl":"https:\/\/www.amstedmaxion.com.br\/wp-content\/uploads\/2024\/02\/ABIFA-Producao-Exportacao.jpg","articleSection":["Newsletter"],"inLanguage":"en-US","potentialAction":[{"@type":"CommentAction","name":"Comment","target":["https:\/\/www.amstedmaxion.com.br\/producao-brasileira-de-fundidos-recua-em-2023-e-se-iguala-a-de-2021\/#respond"]}]},{"@type":"WebPage","@id":"https:\/\/www.amstedmaxion.com.br\/producao-brasileira-de-fundidos-recua-em-2023-e-se-iguala-a-de-2021\/","url":"https:\/\/www.amstedmaxion.com.br\/producao-brasileira-de-fundidos-recua-em-2023-e-se-iguala-a-de-2021\/","name":"Produ\u00e7\u00e3o brasileira de fundidos recua em 2023 e se iguala \u00e0 de 2021 - AmstedMaxion","isPartOf":{"@id":"https:\/\/www.amstedmaxion.com.br\/#website"},"primaryImageOfPage":{"@id":"https:\/\/www.amstedmaxion.com.br\/producao-brasileira-de-fundidos-recua-em-2023-e-se-iguala-a-de-2021\/#primaryimage"},"image":{"@id":"https:\/\/www.amstedmaxion.com.br\/producao-brasileira-de-fundidos-recua-em-2023-e-se-iguala-a-de-2021\/#primaryimage"},"thumbnailUrl":"https:\/\/www.amstedmaxion.com.br\/wp-content\/uploads\/2024\/02\/ABIFA-Producao-Exportacao.jpg","datePublished":"2024-02-02T19:36:55+00:00","dateModified":"2024-02-02T19:36:57+00:00","breadcrumb":{"@id":"https:\/\/www.amstedmaxion.com.br\/producao-brasileira-de-fundidos-recua-em-2023-e-se-iguala-a-de-2021\/#breadcrumb"},"inLanguage":"en-US","potentialAction":[{"@type":"ReadAction","target":["https:\/\/www.amstedmaxion.com.br\/producao-brasileira-de-fundidos-recua-em-2023-e-se-iguala-a-de-2021\/"]}]},{"@type":"ImageObject","inLanguage":"en-US","@id":"https:\/\/www.amstedmaxion.com.br\/producao-brasileira-de-fundidos-recua-em-2023-e-se-iguala-a-de-2021\/#primaryimage","url":"https:\/\/www.amstedmaxion.com.br\/wp-content\/uploads\/2024\/02\/ABIFA-Producao-Exportacao.jpg","contentUrl":"https:\/\/www.amstedmaxion.com.br\/wp-content\/uploads\/2024\/02\/ABIFA-Producao-Exportacao.jpg","width":720,"height":720},{"@type":"BreadcrumbList","@id":"https:\/\/www.amstedmaxion.com.br\/producao-brasileira-de-fundidos-recua-em-2023-e-se-iguala-a-de-2021\/#breadcrumb","itemListElement":[{"@type":"ListItem","position":1,"name":"In\u00edcio","item":"https:\/\/www.amstedmaxion.com.br\/"},{"@type":"ListItem","position":2,"name":"Produ\u00e7\u00e3o brasileira de fundidos recua em 2023 e se iguala \u00e0 de 2021"}]},{"@type":"WebSite","@id":"https:\/\/www.amstedmaxion.com.br\/#website","url":"https:\/\/www.amstedmaxion.com.br\/","name":"AmstedMaxion","description":"AmstedMaxion - Fundi\u00e7\u00e3o e Equipamentos Ferrovi\u00e1rios","publisher":{"@id":"https:\/\/www.amstedmaxion.com.br\/#organization"},"alternateName":"AmstedMaxion","potentialAction":[{"@type":"SearchAction","target":{"@type":"EntryPoint","urlTemplate":"https:\/\/www.amstedmaxion.com.br\/?s={search_term_string}"},"query-input":{"@type":"PropertyValueSpecification","valueRequired":true,"valueName":"search_term_string"}}],"inLanguage":"en-US"},{"@type":"Organization","@id":"https:\/\/www.amstedmaxion.com.br\/#organization","name":"AMSTEDMAXION","url":"https:\/\/www.amstedmaxion.com.br\/","logo":{"@type":"ImageObject","inLanguage":"en-US","@id":"https:\/\/www.amstedmaxion.com.br\/#\/schema\/logo\/image\/","url":"https:\/\/www.amstedmaxion.com.br\/wp-content\/uploads\/2023\/11\/amsted.png","contentUrl":"https:\/\/www.amstedmaxion.com.br\/wp-content\/uploads\/2023\/11\/amsted.png","width":500,"height":500,"caption":"AMSTEDMAXION"},"image":{"@id":"https:\/\/www.amstedmaxion.com.br\/#\/schema\/logo\/image\/"},"sameAs":["https:\/\/www.facebook.com\/AmstedMaxion.Oficial","https:\/\/br.linkedin.com\/company\/amstedmaxion"]},{"@type":"Person","@id":"https:\/\/www.amstedmaxion.com.br\/#\/schema\/person\/140cb65f07d4e66dd5543c8a187bf436","name":"Rosane Storto","image":{"@type":"ImageObject","inLanguage":"en-US","@id":"https:\/\/www.amstedmaxion.com.br\/#\/schema\/person\/image\/","url":"https:\/\/secure.gravatar.com\/avatar\/0e3d021545bbe593cb0eb3ee740544fefa86d59762e63dec1dbe9480a34c98cd?s=96&d=mm&r=g","contentUrl":"https:\/\/secure.gravatar.com\/avatar\/0e3d021545bbe593cb0eb3ee740544fefa86d59762e63dec1dbe9480a34c98cd?s=96&d=mm&r=g","caption":"Rosane Storto"}}]}},"_links":{"self":[{"href":"https:\/\/www.amstedmaxion.com.br\/en\/wp-json\/wp\/v2\/posts\/48509","targetHints":{"allow":["GET"]}}],"collection":[{"href":"https:\/\/www.amstedmaxion.com.br\/en\/wp-json\/wp\/v2\/posts"}],"about":[{"href":"https:\/\/www.amstedmaxion.com.br\/en\/wp-json\/wp\/v2\/types\/post"}],"author":[{"embeddable":true,"href":"https:\/\/www.amstedmaxion.com.br\/en\/wp-json\/wp\/v2\/users\/5"}],"replies":[{"embeddable":true,"href":"https:\/\/www.amstedmaxion.com.br\/en\/wp-json\/wp\/v2\/comments?post=48509"}],"version-history":[{"count":1,"href":"https:\/\/www.amstedmaxion.com.br\/en\/wp-json\/wp\/v2\/posts\/48509\/revisions"}],"predecessor-version":[{"id":48522,"href":"https:\/\/www.amstedmaxion.com.br\/en\/wp-json\/wp\/v2\/posts\/48509\/revisions\/48522"}],"wp:featuredmedia":[{"embeddable":true,"href":"https:\/\/www.amstedmaxion.com.br\/en\/wp-json\/wp\/v2\/media\/48518"}],"wp:attachment":[{"href":"https:\/\/www.amstedmaxion.com.br\/en\/wp-json\/wp\/v2\/media?parent=48509"}],"wp:term":[{"taxonomy":"category","embeddable":true,"href":"https:\/\/www.amstedmaxion.com.br\/en\/wp-json\/wp\/v2\/categories?post=48509"},{"taxonomy":"post_tag","embeddable":true,"href":"https:\/\/www.amstedmaxion.com.br\/en\/wp-json\/wp\/v2\/tags?post=48509"}],"curies":[{"name":"wp","href":"https:\/\/api.w.org\/{rel}","templated":true}]}}