{"id":48666,"date":"2024-02-14T15:26:39","date_gmt":"2024-02-14T18:26:39","guid":{"rendered":"https:\/\/www.amstedmaxion.com.br\/?p=48666"},"modified":"2024-02-14T15:26:40","modified_gmt":"2024-02-14T18:26:40","slug":"mercado-de-maquinas-agricolas-tera-acomodacao-em-2024-preve-diretor-da-john-deere","status":"publish","type":"post","link":"https:\/\/www.amstedmaxion.com.br\/en\/mercado-de-maquinas-agricolas-tera-acomodacao-em-2024-preve-diretor-da-john-deere\/","title":{"rendered":"Mercado de m\u00e1quinas agr\u00edcolas ter\u00e1 acomoda\u00e7\u00e3o em 2024, prev\u00ea diretor da John Deere"},"content":{"rendered":"\n<p>RIC &#8211; O Show Rural Coopavel funciona como um&nbsp;term\u00f4metro das expectativas&nbsp;do agroneg\u00f3cio brasileiro. Para o mercado de m\u00e1quinas, o cen\u00e1rio deve ser de estabiliza\u00e7\u00e3o, de acordo com o diretor de vendas da John Deere Brasil, Marcelo Lopes.<\/p>\n\n\n\n<p>Marcelo falou com o RIC.com.br nesta quarta-feira (7), 3\u00ba dia de Show Rural Coopavel 2024 e disse&nbsp;que o mercado&nbsp;das m\u00e1quinas agr deve apresentar uma pequena redu\u00e7\u00e3o no volume de vendas, mas que o cen\u00e1rio n\u00e3o \u00e9 de preocupa\u00e7\u00e3o. \u201cO mercado de m\u00e1quinas acompanha o cen\u00e1rio do mercado agr\u00edcola como um todo. A nossa expectativa \u00e9 que a gente vai ter uma redu\u00e7\u00e3o em rela\u00e7\u00e3o ao que foi o ano passado\u201d, comentou.<\/p>\n\n\n\n<p>Apesar da redu\u00e7\u00e3o, esse cen\u00e1rio \u00e9 visto como mais normal, tendo em vista o&nbsp;crescimento exponencial&nbsp;que foi observado pelo mercado nos \u00faltimos anos. \u201cNo entanto, eu lembro que a gente vem de um per\u00edodo de patamares muito altos, ent\u00e3o a gente vai ter uma acomoda\u00e7\u00e3o em patamares mais normais\u201d, destacou.<\/p>\n\n\n\n<p>Clima deve afetar mercado de m\u00e1quinas agr\u00edcolas<\/p>\n\n\n\n<p>O fator clim\u00e1tico foi elencado por Marcelo Lopes como o principal na desacelera\u00e7\u00e3o do mercado, mas ponderou que os cen\u00e1rios s\u00e3o muito diferentes por todo o Brasil. \u201cA gente tem regi\u00f5es que sofrem grandes impactos do clima. Mas tamb\u00e9m existe o contr\u00e1rio: o Rio Grande do Sul, por exemplo, sofreu com a seca no ano passado e neste ano est\u00e1 com clima favor\u00e1vel. Existem essas discrep\u00e2ncias entre um lugar e outro\u201d, informou.<\/p>\n\n\n\n<p>Baixa no mercado de m\u00e1quinas agr\u00edcolas n\u00e3o deve ser preocupa\u00e7\u00e3o<\/p>\n\n\n\n<p>Apesar disso, Lopes refor\u00e7a que essa pequena baixa observada \u00e9&nbsp;ben\u00e9fica para o cen\u00e1rio&nbsp;como um todo. \u201cEu diria que \u00e9 uma acomoda\u00e7\u00e3o que \u00e9 necess\u00e1ria. Esse momento \u00e9 importante para que o mercado se estabilize\u201d, opinou.<\/p>\n\n\n\n<p>Marcelo elencou algumas incertezas que rondam o agroneg\u00f3cio brasileiro em 2024, mas ressaltou que o homem do campo precisa investir para se destacar em um mercado competitivo. \u201cExiste uma situa\u00e7\u00e3o de taxas de juros e pre\u00e7os de commodities que seguram o mercado, mas o produtor que quer melhorar o seu neg\u00f3cio precisa de tecnologia, seja para reduzir seus custos ou melhorar sua rentabilidade. Esse \u00e9 o sustent\u00e1culo do mercado\u201d, destacou. <\/p>\n\n\n\n<figure class=\"wp-block-image size-full is-resized\"><img loading=\"lazy\" decoding=\"async\" width=\"720\" height=\"720\" src=\"https:\/\/www.amstedmaxion.com.br\/wp-content\/uploads\/2024\/02\/Maquinas-Agricolas-RIC.jpg\" alt=\"\" class=\"wp-image-48667\" style=\"width:485px;height:auto\" srcset=\"https:\/\/www.amstedmaxion.com.br\/wp-content\/uploads\/2024\/02\/Maquinas-Agricolas-RIC.jpg 720w, https:\/\/www.amstedmaxion.com.br\/wp-content\/uploads\/2024\/02\/Maquinas-Agricolas-RIC-300x300.jpg 300w, https:\/\/www.amstedmaxion.com.br\/wp-content\/uploads\/2024\/02\/Maquinas-Agricolas-RIC-150x150.jpg 150w\" sizes=\"auto, (max-width: 720px) 100vw, 720px\" \/><\/figure>\n\n\n\n<p>Fonte: RIC\/Jo\u00e3o Marochi (<a href=\"https:\/\/ric.com.br\/ricrural\/agronegocio\/mercado-de-maquinas-agricolas-tera-acomodacao-em-2024-preve-diretor-da-john-deere\">https:\/\/ric.com.br\/ricrural\/agronegocio\/mercado-de-maquinas-agricolas-tera-acomodacao-em-2024-preve-diretor-da-john-deere<\/a>)<\/p>\n","protected":false},"excerpt":{"rendered":"<p>RIC &#8211; O Show Rural Coopavel funciona como um&nbsp;term\u00f4metro das expectativas&nbsp;do agroneg\u00f3cio brasileiro. Para o mercado de m\u00e1quinas, o cen\u00e1rio deve ser de estabiliza\u00e7\u00e3o, de acordo com o diretor de vendas da John Deere Brasil, Marcelo Lopes. Marcelo falou com o RIC.com.br nesta quarta-feira (7), 3\u00ba dia de Show Rural Coopavel 2024 e disse&nbsp;que o [&hellip;]<\/p>\n","protected":false},"author":5,"featured_media":48667,"comment_status":"open","ping_status":"open","sticky":false,"template":"","format":"standard","meta":{"_acf_changed":false,"footnotes":""},"categories":[148],"tags":[],"class_list":["post-48666","post","type-post","status-publish","format-standard","has-post-thumbnail","hentry","category-newsletter"],"acf":[],"yoast_head":"<!-- This site is optimized with the Yoast SEO plugin v23.9 - https:\/\/yoast.com\/wordpress\/plugins\/seo\/ -->\n<title>Mercado de m\u00e1quinas agr\u00edcolas ter\u00e1 acomoda\u00e7\u00e3o em 2024, prev\u00ea diretor da John Deere - AmstedMaxion<\/title>\n<meta name=\"robots\" content=\"index, follow, max-snippet:-1, max-image-preview:large, max-video-preview:-1\" \/>\n<link rel=\"canonical\" href=\"https:\/\/www.amstedmaxion.com.br\/mercado-de-maquinas-agricolas-tera-acomodacao-em-2024-preve-diretor-da-john-deere\/\" \/>\n<meta property=\"og:locale\" content=\"en_US\" \/>\n<meta property=\"og:type\" content=\"article\" \/>\n<meta property=\"og:title\" content=\"Mercado de m\u00e1quinas agr\u00edcolas ter\u00e1 acomoda\u00e7\u00e3o em 2024, prev\u00ea diretor da John Deere - AmstedMaxion\" \/>\n<meta property=\"og:description\" content=\"RIC &#8211; O Show Rural Coopavel funciona como um&nbsp;term\u00f4metro das expectativas&nbsp;do agroneg\u00f3cio brasileiro. Para o mercado de m\u00e1quinas, o cen\u00e1rio deve ser de estabiliza\u00e7\u00e3o, de acordo com o diretor de vendas da John Deere Brasil, Marcelo Lopes. Marcelo falou com o RIC.com.br nesta quarta-feira (7), 3\u00ba dia de Show Rural Coopavel 2024 e disse&nbsp;que o [&hellip;]\" \/>\n<meta property=\"og:url\" content=\"https:\/\/www.amstedmaxion.com.br\/mercado-de-maquinas-agricolas-tera-acomodacao-em-2024-preve-diretor-da-john-deere\/\" \/>\n<meta property=\"og:site_name\" content=\"AmstedMaxion\" \/>\n<meta property=\"article:publisher\" content=\"https:\/\/www.facebook.com\/AmstedMaxion.Oficial\" \/>\n<meta property=\"article:published_time\" content=\"2024-02-14T18:26:39+00:00\" \/>\n<meta property=\"article:modified_time\" content=\"2024-02-14T18:26:40+00:00\" \/>\n<meta property=\"og:image\" content=\"https:\/\/www.amstedmaxion.com.br\/wp-content\/uploads\/2024\/02\/Maquinas-Agricolas-RIC.jpg\" \/>\n\t<meta property=\"og:image:width\" content=\"720\" \/>\n\t<meta property=\"og:image:height\" content=\"720\" \/>\n\t<meta property=\"og:image:type\" content=\"image\/jpeg\" \/>\n<meta name=\"author\" content=\"Rosane Storto\" \/>\n<meta name=\"twitter:card\" content=\"summary_large_image\" \/>\n<meta name=\"twitter:label1\" content=\"Written by\" \/>\n\t<meta name=\"twitter:data1\" content=\"Rosane Storto\" \/>\n\t<meta name=\"twitter:label2\" content=\"Est. reading time\" \/>\n\t<meta name=\"twitter:data2\" content=\"3 minutes\" \/>\n<script type=\"application\/ld+json\" class=\"yoast-schema-graph\">{\"@context\":\"https:\/\/schema.org\",\"@graph\":[{\"@type\":\"Article\",\"@id\":\"https:\/\/www.amstedmaxion.com.br\/mercado-de-maquinas-agricolas-tera-acomodacao-em-2024-preve-diretor-da-john-deere\/#article\",\"isPartOf\":{\"@id\":\"https:\/\/www.amstedmaxion.com.br\/mercado-de-maquinas-agricolas-tera-acomodacao-em-2024-preve-diretor-da-john-deere\/\"},\"author\":{\"name\":\"Rosane Storto\",\"@id\":\"https:\/\/www.amstedmaxion.com.br\/#\/schema\/person\/140cb65f07d4e66dd5543c8a187bf436\"},\"headline\":\"Mercado de m\u00e1quinas agr\u00edcolas ter\u00e1 acomoda\u00e7\u00e3o em 2024, prev\u00ea diretor da John Deere\",\"datePublished\":\"2024-02-14T18:26:39+00:00\",\"dateModified\":\"2024-02-14T18:26:40+00:00\",\"mainEntityOfPage\":{\"@id\":\"https:\/\/www.amstedmaxion.com.br\/mercado-de-maquinas-agricolas-tera-acomodacao-em-2024-preve-diretor-da-john-deere\/\"},\"wordCount\":430,\"commentCount\":0,\"publisher\":{\"@id\":\"https:\/\/www.amstedmaxion.com.br\/#organization\"},\"image\":{\"@id\":\"https:\/\/www.amstedmaxion.com.br\/mercado-de-maquinas-agricolas-tera-acomodacao-em-2024-preve-diretor-da-john-deere\/#primaryimage\"},\"thumbnailUrl\":\"https:\/\/www.amstedmaxion.com.br\/wp-content\/uploads\/2024\/02\/Maquinas-Agricolas-RIC.jpg\",\"articleSection\":[\"Newsletter\"],\"inLanguage\":\"en-US\",\"potentialAction\":[{\"@type\":\"CommentAction\",\"name\":\"Comment\",\"target\":[\"https:\/\/www.amstedmaxion.com.br\/mercado-de-maquinas-agricolas-tera-acomodacao-em-2024-preve-diretor-da-john-deere\/#respond\"]}]},{\"@type\":\"WebPage\",\"@id\":\"https:\/\/www.amstedmaxion.com.br\/mercado-de-maquinas-agricolas-tera-acomodacao-em-2024-preve-diretor-da-john-deere\/\",\"url\":\"https:\/\/www.amstedmaxion.com.br\/mercado-de-maquinas-agricolas-tera-acomodacao-em-2024-preve-diretor-da-john-deere\/\",\"name\":\"Mercado de m\u00e1quinas agr\u00edcolas ter\u00e1 acomoda\u00e7\u00e3o em 2024, prev\u00ea diretor da John Deere - AmstedMaxion\",\"isPartOf\":{\"@id\":\"https:\/\/www.amstedmaxion.com.br\/#website\"},\"primaryImageOfPage\":{\"@id\":\"https:\/\/www.amstedmaxion.com.br\/mercado-de-maquinas-agricolas-tera-acomodacao-em-2024-preve-diretor-da-john-deere\/#primaryimage\"},\"image\":{\"@id\":\"https:\/\/www.amstedmaxion.com.br\/mercado-de-maquinas-agricolas-tera-acomodacao-em-2024-preve-diretor-da-john-deere\/#primaryimage\"},\"thumbnailUrl\":\"https:\/\/www.amstedmaxion.com.br\/wp-content\/uploads\/2024\/02\/Maquinas-Agricolas-RIC.jpg\",\"datePublished\":\"2024-02-14T18:26:39+00:00\",\"dateModified\":\"2024-02-14T18:26:40+00:00\",\"breadcrumb\":{\"@id\":\"https:\/\/www.amstedmaxion.com.br\/mercado-de-maquinas-agricolas-tera-acomodacao-em-2024-preve-diretor-da-john-deere\/#breadcrumb\"},\"inLanguage\":\"en-US\",\"potentialAction\":[{\"@type\":\"ReadAction\",\"target\":[\"https:\/\/www.amstedmaxion.com.br\/mercado-de-maquinas-agricolas-tera-acomodacao-em-2024-preve-diretor-da-john-deere\/\"]}]},{\"@type\":\"ImageObject\",\"inLanguage\":\"en-US\",\"@id\":\"https:\/\/www.amstedmaxion.com.br\/mercado-de-maquinas-agricolas-tera-acomodacao-em-2024-preve-diretor-da-john-deere\/#primaryimage\",\"url\":\"https:\/\/www.amstedmaxion.com.br\/wp-content\/uploads\/2024\/02\/Maquinas-Agricolas-RIC.jpg\",\"contentUrl\":\"https:\/\/www.amstedmaxion.com.br\/wp-content\/uploads\/2024\/02\/Maquinas-Agricolas-RIC.jpg\",\"width\":720,\"height\":720,\"caption\":\"Foto: captura de tela RIC\"},{\"@type\":\"BreadcrumbList\",\"@id\":\"https:\/\/www.amstedmaxion.com.br\/mercado-de-maquinas-agricolas-tera-acomodacao-em-2024-preve-diretor-da-john-deere\/#breadcrumb\",\"itemListElement\":[{\"@type\":\"ListItem\",\"position\":1,\"name\":\"In\u00edcio\",\"item\":\"https:\/\/www.amstedmaxion.com.br\/\"},{\"@type\":\"ListItem\",\"position\":2,\"name\":\"Mercado de m\u00e1quinas agr\u00edcolas ter\u00e1 acomoda\u00e7\u00e3o em 2024, prev\u00ea diretor da John Deere\"}]},{\"@type\":\"WebSite\",\"@id\":\"https:\/\/www.amstedmaxion.com.br\/#website\",\"url\":\"https:\/\/www.amstedmaxion.com.br\/\",\"name\":\"AmstedMaxion\",\"description\":\"AmstedMaxion - Fundi\u00e7\u00e3o e Equipamentos Ferrovi\u00e1rios\",\"publisher\":{\"@id\":\"https:\/\/www.amstedmaxion.com.br\/#organization\"},\"alternateName\":\"AmstedMaxion\",\"potentialAction\":[{\"@type\":\"SearchAction\",\"target\":{\"@type\":\"EntryPoint\",\"urlTemplate\":\"https:\/\/www.amstedmaxion.com.br\/?s={search_term_string}\"},\"query-input\":{\"@type\":\"PropertyValueSpecification\",\"valueRequired\":true,\"valueName\":\"search_term_string\"}}],\"inLanguage\":\"en-US\"},{\"@type\":\"Organization\",\"@id\":\"https:\/\/www.amstedmaxion.com.br\/#organization\",\"name\":\"AMSTEDMAXION\",\"url\":\"https:\/\/www.amstedmaxion.com.br\/\",\"logo\":{\"@type\":\"ImageObject\",\"inLanguage\":\"en-US\",\"@id\":\"https:\/\/www.amstedmaxion.com.br\/#\/schema\/logo\/image\/\",\"url\":\"https:\/\/www.amstedmaxion.com.br\/wp-content\/uploads\/2023\/11\/amsted.png\",\"contentUrl\":\"https:\/\/www.amstedmaxion.com.br\/wp-content\/uploads\/2023\/11\/amsted.png\",\"width\":500,\"height\":500,\"caption\":\"AMSTEDMAXION\"},\"image\":{\"@id\":\"https:\/\/www.amstedmaxion.com.br\/#\/schema\/logo\/image\/\"},\"sameAs\":[\"https:\/\/www.facebook.com\/AmstedMaxion.Oficial\",\"https:\/\/br.linkedin.com\/company\/amstedmaxion\"]},{\"@type\":\"Person\",\"@id\":\"https:\/\/www.amstedmaxion.com.br\/#\/schema\/person\/140cb65f07d4e66dd5543c8a187bf436\",\"name\":\"Rosane Storto\",\"image\":{\"@type\":\"ImageObject\",\"inLanguage\":\"en-US\",\"@id\":\"https:\/\/www.amstedmaxion.com.br\/#\/schema\/person\/image\/\",\"url\":\"https:\/\/secure.gravatar.com\/avatar\/0e3d021545bbe593cb0eb3ee740544fefa86d59762e63dec1dbe9480a34c98cd?s=96&d=mm&r=g\",\"contentUrl\":\"https:\/\/secure.gravatar.com\/avatar\/0e3d021545bbe593cb0eb3ee740544fefa86d59762e63dec1dbe9480a34c98cd?s=96&d=mm&r=g\",\"caption\":\"Rosane Storto\"}}]}<\/script>\n<!-- \/ Yoast SEO plugin. -->","yoast_head_json":{"title":"Mercado de m\u00e1quinas agr\u00edcolas ter\u00e1 acomoda\u00e7\u00e3o em 2024, prev\u00ea diretor da John Deere - AmstedMaxion","robots":{"index":"index","follow":"follow","max-snippet":"max-snippet:-1","max-image-preview":"max-image-preview:large","max-video-preview":"max-video-preview:-1"},"canonical":"https:\/\/www.amstedmaxion.com.br\/mercado-de-maquinas-agricolas-tera-acomodacao-em-2024-preve-diretor-da-john-deere\/","og_locale":"en_US","og_type":"article","og_title":"Mercado de m\u00e1quinas agr\u00edcolas ter\u00e1 acomoda\u00e7\u00e3o em 2024, prev\u00ea diretor da John Deere - AmstedMaxion","og_description":"RIC &#8211; O Show Rural Coopavel funciona como um&nbsp;term\u00f4metro das expectativas&nbsp;do agroneg\u00f3cio brasileiro. Para o mercado de m\u00e1quinas, o cen\u00e1rio deve ser de estabiliza\u00e7\u00e3o, de acordo com o diretor de vendas da John Deere Brasil, Marcelo Lopes. Marcelo falou com o RIC.com.br nesta quarta-feira (7), 3\u00ba dia de Show Rural Coopavel 2024 e disse&nbsp;que o [&hellip;]","og_url":"https:\/\/www.amstedmaxion.com.br\/mercado-de-maquinas-agricolas-tera-acomodacao-em-2024-preve-diretor-da-john-deere\/","og_site_name":"AmstedMaxion","article_publisher":"https:\/\/www.facebook.com\/AmstedMaxion.Oficial","article_published_time":"2024-02-14T18:26:39+00:00","article_modified_time":"2024-02-14T18:26:40+00:00","og_image":[{"width":720,"height":720,"url":"https:\/\/www.amstedmaxion.com.br\/wp-content\/uploads\/2024\/02\/Maquinas-Agricolas-RIC.jpg","type":"image\/jpeg"}],"author":"Rosane Storto","twitter_card":"summary_large_image","twitter_misc":{"Written by":"Rosane Storto","Est. reading time":"3 minutes"},"schema":{"@context":"https:\/\/schema.org","@graph":[{"@type":"Article","@id":"https:\/\/www.amstedmaxion.com.br\/mercado-de-maquinas-agricolas-tera-acomodacao-em-2024-preve-diretor-da-john-deere\/#article","isPartOf":{"@id":"https:\/\/www.amstedmaxion.com.br\/mercado-de-maquinas-agricolas-tera-acomodacao-em-2024-preve-diretor-da-john-deere\/"},"author":{"name":"Rosane Storto","@id":"https:\/\/www.amstedmaxion.com.br\/#\/schema\/person\/140cb65f07d4e66dd5543c8a187bf436"},"headline":"Mercado de m\u00e1quinas agr\u00edcolas ter\u00e1 acomoda\u00e7\u00e3o em 2024, prev\u00ea diretor da John Deere","datePublished":"2024-02-14T18:26:39+00:00","dateModified":"2024-02-14T18:26:40+00:00","mainEntityOfPage":{"@id":"https:\/\/www.amstedmaxion.com.br\/mercado-de-maquinas-agricolas-tera-acomodacao-em-2024-preve-diretor-da-john-deere\/"},"wordCount":430,"commentCount":0,"publisher":{"@id":"https:\/\/www.amstedmaxion.com.br\/#organization"},"image":{"@id":"https:\/\/www.amstedmaxion.com.br\/mercado-de-maquinas-agricolas-tera-acomodacao-em-2024-preve-diretor-da-john-deere\/#primaryimage"},"thumbnailUrl":"https:\/\/www.amstedmaxion.com.br\/wp-content\/uploads\/2024\/02\/Maquinas-Agricolas-RIC.jpg","articleSection":["Newsletter"],"inLanguage":"en-US","potentialAction":[{"@type":"CommentAction","name":"Comment","target":["https:\/\/www.amstedmaxion.com.br\/mercado-de-maquinas-agricolas-tera-acomodacao-em-2024-preve-diretor-da-john-deere\/#respond"]}]},{"@type":"WebPage","@id":"https:\/\/www.amstedmaxion.com.br\/mercado-de-maquinas-agricolas-tera-acomodacao-em-2024-preve-diretor-da-john-deere\/","url":"https:\/\/www.amstedmaxion.com.br\/mercado-de-maquinas-agricolas-tera-acomodacao-em-2024-preve-diretor-da-john-deere\/","name":"Mercado de m\u00e1quinas agr\u00edcolas ter\u00e1 acomoda\u00e7\u00e3o em 2024, prev\u00ea diretor da John Deere - AmstedMaxion","isPartOf":{"@id":"https:\/\/www.amstedmaxion.com.br\/#website"},"primaryImageOfPage":{"@id":"https:\/\/www.amstedmaxion.com.br\/mercado-de-maquinas-agricolas-tera-acomodacao-em-2024-preve-diretor-da-john-deere\/#primaryimage"},"image":{"@id":"https:\/\/www.amstedmaxion.com.br\/mercado-de-maquinas-agricolas-tera-acomodacao-em-2024-preve-diretor-da-john-deere\/#primaryimage"},"thumbnailUrl":"https:\/\/www.amstedmaxion.com.br\/wp-content\/uploads\/2024\/02\/Maquinas-Agricolas-RIC.jpg","datePublished":"2024-02-14T18:26:39+00:00","dateModified":"2024-02-14T18:26:40+00:00","breadcrumb":{"@id":"https:\/\/www.amstedmaxion.com.br\/mercado-de-maquinas-agricolas-tera-acomodacao-em-2024-preve-diretor-da-john-deere\/#breadcrumb"},"inLanguage":"en-US","potentialAction":[{"@type":"ReadAction","target":["https:\/\/www.amstedmaxion.com.br\/mercado-de-maquinas-agricolas-tera-acomodacao-em-2024-preve-diretor-da-john-deere\/"]}]},{"@type":"ImageObject","inLanguage":"en-US","@id":"https:\/\/www.amstedmaxion.com.br\/mercado-de-maquinas-agricolas-tera-acomodacao-em-2024-preve-diretor-da-john-deere\/#primaryimage","url":"https:\/\/www.amstedmaxion.com.br\/wp-content\/uploads\/2024\/02\/Maquinas-Agricolas-RIC.jpg","contentUrl":"https:\/\/www.amstedmaxion.com.br\/wp-content\/uploads\/2024\/02\/Maquinas-Agricolas-RIC.jpg","width":720,"height":720,"caption":"Foto: captura de tela RIC"},{"@type":"BreadcrumbList","@id":"https:\/\/www.amstedmaxion.com.br\/mercado-de-maquinas-agricolas-tera-acomodacao-em-2024-preve-diretor-da-john-deere\/#breadcrumb","itemListElement":[{"@type":"ListItem","position":1,"name":"In\u00edcio","item":"https:\/\/www.amstedmaxion.com.br\/"},{"@type":"ListItem","position":2,"name":"Mercado de m\u00e1quinas agr\u00edcolas ter\u00e1 acomoda\u00e7\u00e3o em 2024, prev\u00ea diretor da John Deere"}]},{"@type":"WebSite","@id":"https:\/\/www.amstedmaxion.com.br\/#website","url":"https:\/\/www.amstedmaxion.com.br\/","name":"AmstedMaxion","description":"AmstedMaxion - Fundi\u00e7\u00e3o e Equipamentos Ferrovi\u00e1rios","publisher":{"@id":"https:\/\/www.amstedmaxion.com.br\/#organization"},"alternateName":"AmstedMaxion","potentialAction":[{"@type":"SearchAction","target":{"@type":"EntryPoint","urlTemplate":"https:\/\/www.amstedmaxion.com.br\/?s={search_term_string}"},"query-input":{"@type":"PropertyValueSpecification","valueRequired":true,"valueName":"search_term_string"}}],"inLanguage":"en-US"},{"@type":"Organization","@id":"https:\/\/www.amstedmaxion.com.br\/#organization","name":"AMSTEDMAXION","url":"https:\/\/www.amstedmaxion.com.br\/","logo":{"@type":"ImageObject","inLanguage":"en-US","@id":"https:\/\/www.amstedmaxion.com.br\/#\/schema\/logo\/image\/","url":"https:\/\/www.amstedmaxion.com.br\/wp-content\/uploads\/2023\/11\/amsted.png","contentUrl":"https:\/\/www.amstedmaxion.com.br\/wp-content\/uploads\/2023\/11\/amsted.png","width":500,"height":500,"caption":"AMSTEDMAXION"},"image":{"@id":"https:\/\/www.amstedmaxion.com.br\/#\/schema\/logo\/image\/"},"sameAs":["https:\/\/www.facebook.com\/AmstedMaxion.Oficial","https:\/\/br.linkedin.com\/company\/amstedmaxion"]},{"@type":"Person","@id":"https:\/\/www.amstedmaxion.com.br\/#\/schema\/person\/140cb65f07d4e66dd5543c8a187bf436","name":"Rosane Storto","image":{"@type":"ImageObject","inLanguage":"en-US","@id":"https:\/\/www.amstedmaxion.com.br\/#\/schema\/person\/image\/","url":"https:\/\/secure.gravatar.com\/avatar\/0e3d021545bbe593cb0eb3ee740544fefa86d59762e63dec1dbe9480a34c98cd?s=96&d=mm&r=g","contentUrl":"https:\/\/secure.gravatar.com\/avatar\/0e3d021545bbe593cb0eb3ee740544fefa86d59762e63dec1dbe9480a34c98cd?s=96&d=mm&r=g","caption":"Rosane Storto"}}]}},"_links":{"self":[{"href":"https:\/\/www.amstedmaxion.com.br\/en\/wp-json\/wp\/v2\/posts\/48666","targetHints":{"allow":["GET"]}}],"collection":[{"href":"https:\/\/www.amstedmaxion.com.br\/en\/wp-json\/wp\/v2\/posts"}],"about":[{"href":"https:\/\/www.amstedmaxion.com.br\/en\/wp-json\/wp\/v2\/types\/post"}],"author":[{"embeddable":true,"href":"https:\/\/www.amstedmaxion.com.br\/en\/wp-json\/wp\/v2\/users\/5"}],"replies":[{"embeddable":true,"href":"https:\/\/www.amstedmaxion.com.br\/en\/wp-json\/wp\/v2\/comments?post=48666"}],"version-history":[{"count":1,"href":"https:\/\/www.amstedmaxion.com.br\/en\/wp-json\/wp\/v2\/posts\/48666\/revisions"}],"predecessor-version":[{"id":48669,"href":"https:\/\/www.amstedmaxion.com.br\/en\/wp-json\/wp\/v2\/posts\/48666\/revisions\/48669"}],"wp:featuredmedia":[{"embeddable":true,"href":"https:\/\/www.amstedmaxion.com.br\/en\/wp-json\/wp\/v2\/media\/48667"}],"wp:attachment":[{"href":"https:\/\/www.amstedmaxion.com.br\/en\/wp-json\/wp\/v2\/media?parent=48666"}],"wp:term":[{"taxonomy":"category","embeddable":true,"href":"https:\/\/www.amstedmaxion.com.br\/en\/wp-json\/wp\/v2\/categories?post=48666"},{"taxonomy":"post_tag","embeddable":true,"href":"https:\/\/www.amstedmaxion.com.br\/en\/wp-json\/wp\/v2\/tags?post=48666"}],"curies":[{"name":"wp","href":"https:\/\/api.w.org\/{rel}","templated":true}]}}