{"id":4869,"date":"2018-09-03T14:52:24","date_gmt":"2018-09-03T17:52:24","guid":{"rendered":"http:\/\/189.16.185.54\/?p=4869"},"modified":"2018-09-04T14:54:57","modified_gmt":"2018-09-04T17:54:57","slug":"antt-da-mais-30-anos-para-ferrovia-da-rumo-em-sp-tcu-tem-de-dar-aval","status":"publish","type":"post","link":"https:\/\/www.amstedmaxion.com.br\/en\/antt-da-mais-30-anos-para-ferrovia-da-rumo-em-sp-tcu-tem-de-dar-aval\/","title":{"rendered":"ANTT d\u00e1 mais 30 anos para ferrovia da Rumo em SP; TCU tem de dar aval"},"content":{"rendered":"<p>A Ag\u00eancia Nacional de Transportes Terrestres (ANTT) aprovou a prorroga\u00e7\u00e3o antecipada por mais 30 anos da concess\u00e3o da Malha Paulista, ferrovia da Rumo que vai de Santa F\u00e9 do Sul (SP), quase na divisa com o Estado do Mato Grosso do Sul, at\u00e9 o porto de Santos. A concess\u00e3o vai agora at\u00e9 2058. Em troca disso, a Rumo se compromete a investir R$ 4,7 bilh\u00f5es nos pr\u00f3ximos seis anos para expandir a oferta anual de transporte das atuais 30 milh\u00f5es de toneladas para 75 milh\u00f5es de toneladas at\u00e9 o sexto ano.<\/p>\n<p>O tra\u00e7ado, que compreende uma linha tronco com aproximadamente 850 quil\u00f4metros e mais 650 quil\u00f4metros de ramais, integra o mais importante corredor do agroneg\u00f3cio do pa\u00eds.<\/p>\n<p>Em reuni\u00e3o extraordin\u00e1ria na quarta-feira, a diretoria da ag\u00eancia bateu o martelo liberando o envio de todos os documentos para o Tribunal de Contas da Uni\u00e3o (TCU). Entre os quais a minuta do termo aditivo ao contrato, os estudos econ\u00f4mico-financeiros e projetos de engenharia e ambiental. O TCU n\u00e3o tem data-limite para se posicionar, mas o governo entende que o arcabou\u00e7o documental est\u00e1 robusto e acredita que o aditivo seja assinado ainda neste ano.<\/p>\n<p>Trata-se do primeiro caso de prorroga\u00e7\u00e3o antecipada de uma concess\u00e3o ferrovi\u00e1ria no pa\u00eds. O prazo de explora\u00e7\u00e3o da Malha Paulista termina em 2028 e o contrato prev\u00ea uma prorroga\u00e7\u00e3o por mais 30 anos, mas a Rumo quer antecipar a renova\u00e7\u00e3o para ter tempo de amortizar investimentos necess\u00e1rios no ativo.<\/p>\n<p>Todo o investimento ser\u00e1 feito na pr\u00f3pria Malha Paulista \u2013 h\u00e1 ferrovias que pediram ao governo prorroga\u00e7\u00e3o do contrato, mas prop\u00f5em que os investimentos sejam feitos em outro local, fora do ativo.<\/p>\n<p>Os R$ 4,7 bilh\u00f5es contemplam desembolsos sobretudo para duplicar 110 quil\u00f4metros de ferrovia na regi\u00e3o de Campinas; extens\u00e3o de todos os p\u00e1tios ferrovi\u00e1rios (onde s\u00e3o feitas as manobras dos trens) para 2,5 quil\u00f4metros, o que possibilitar\u00e1 a acomoda\u00e7\u00e3o de trens maiores; e a constru\u00e7\u00e3o de oito p\u00e1tios. Hoje, s\u00e3o mais de 20 no total. Os recursos ser\u00e3o usados ainda para trocar todos os trilhos da linha tronco e colocar 100% dos dormentes de a\u00e7o. Hoje, h\u00e1 dormentes de madeira e concreto.<\/p>\n<p>Al\u00e9m do investimento nos primeiros seis anos, o Valor apurou que o governo optou por reverter em investimento o valor que seria pago pela Rumo a t\u00edtulo de outorga pelo prazo adicional da concess\u00e3o. Esse montante deve superar R$ 1,5 bilh\u00e3o e ser\u00e1 destinado \u00e0 redu\u00e7\u00e3o de conflitos urbanos em cidades cortadas pela Malha Paulista, tais quais contornos ferrovi\u00e1rios e viadutos.<\/p>\n<p>Para incentivar o direito de passagem \u2013 quando o trem de terceiros passa pela malha da concession\u00e1ria -, o governo garantiu duas condi\u00e7\u00f5es no aditivo contratual aprovado pela ANTT. A primeira \u00e9 o estabelecimento do n\u00famero de pares de trens previstos para os primeiros cinco anos de opera\u00e7\u00e3o da ferrovia Norte-Sul, que o governo pretende licitar em breve e um de seus trechos desemboca na Malha Paulista, em Estrela D\u2019Oeste (SP). A outra condi\u00e7\u00e3o \u00e9 a fixa\u00e7\u00e3o de uma tarifa-teto para o direito de passagem, algo in\u00e9dito em contratos ferrovi\u00e1rios no Brasil.<\/p>\n<p>Hoje, mais de dois ter\u00e7os do volume transportado na Malha Paulista \u00e9 feito em regime de direito de passagem. A Malha Paulista \u00e9 acessada por quatro ferrovias \u2013 a Norte-Sul; a Malha Norte, que \u00e9 da pr\u00f3pria Rumo; e ferrovias da VLI e da MRS.<\/p>\n<p>O pedido de prorroga\u00e7\u00e3o foi protocolado em setembro de 2015. Em janeiro de 2016 a Rumo entregou o plano de neg\u00f3cios. Em dezembro daquele ano foi aberta a consulta p\u00fablica do processo, que durou at\u00e9 mar\u00e7o de 2017. A ANTT analisou as mais de 400 contribui\u00e7\u00f5es e, em agosto do ano passado, determinou que a Rumo alterasse o projeto. Esse per\u00edodo levou um ano. S\u00e3o duas as principais mudan\u00e7as pedidas pela ANTT: realiza\u00e7\u00e3o de projetos executivos para todas as obras e quita\u00e7\u00e3o de todos os passivos regulat\u00f3rios.<\/p>\n<p>Sem mencionar a aprova\u00e7\u00e3o da ANTT, o secret\u00e1rio especial adjunto da Secretaria do Programa de Parcerias de Investimentos (PPI), Jos\u00e9 Carlos Medaglia Filho, afirmou ontem que o governo est\u00e1 confiante na assinatura do aditivo ainda neste ano. Isso implicaria um ganho de melhora na malha da Rumo que acessa o porto\u201d, disse. A manifesta\u00e7\u00e3o foi feita em evento na Federa\u00e7\u00e3o das Ind\u00fastrias do Estado de S\u00e3o Paulo (Fiesp) que debateu desafios do porto de Santos.<\/p>\n<p>O governo recebeu cinco pleitos de prorroga\u00e7\u00e3o antecipada, contando o da Malha Paulista. \u201cQueremos renovar as cinco antecipadamente em vez de esperar dez anos at\u00e9 haver nova licita\u00e7\u00e3o. Avaliamos o comparativo entre o custo de n\u00e3o fazer e o de fazer. Prorrogando, podemos aumentar mais rapidamente a capacidade de movimenta\u00e7\u00e3o\u201d, completou Medaglia.<\/p>\n<p>Fonte: Valor Econ\u00f4mico<\/p>\n","protected":false},"excerpt":{"rendered":"<p>A Ag\u00eancia Nacional de Transportes Terrestres (ANTT) aprovou a prorroga\u00e7\u00e3o antecipada por mais 30 anos da concess\u00e3o da Malha Paulista, ferrovia da Rumo que vai de Santa F\u00e9 do Sul (SP), quase na divisa com o Estado do Mato Grosso do Sul, at\u00e9 o porto de Santos. A concess\u00e3o vai agora at\u00e9 2058. Em troca [&hellip;]<\/p>\n","protected":false},"author":5,"featured_media":4400,"comment_status":"open","ping_status":"open","sticky":false,"template":"","format":"standard","meta":{"_acf_changed":false,"footnotes":""},"categories":[2],"tags":[],"class_list":["post-4869","post","type-post","status-publish","format-standard","has-post-thumbnail","hentry","category-noticias"],"acf":[],"yoast_head":"<!-- This site is optimized with the Yoast SEO plugin v23.9 - https:\/\/yoast.com\/wordpress\/plugins\/seo\/ -->\n<title>ANTT d\u00e1 mais 30 anos para ferrovia da Rumo em SP; TCU tem de dar aval - AmstedMaxion<\/title>\n<meta name=\"robots\" content=\"index, follow, max-snippet:-1, max-image-preview:large, max-video-preview:-1\" \/>\n<link rel=\"canonical\" href=\"https:\/\/www.amstedmaxion.com.br\/antt-da-mais-30-anos-para-ferrovia-da-rumo-em-sp-tcu-tem-de-dar-aval\/\" \/>\n<meta property=\"og:locale\" content=\"en_US\" \/>\n<meta property=\"og:type\" content=\"article\" \/>\n<meta property=\"og:title\" content=\"ANTT d\u00e1 mais 30 anos para ferrovia da Rumo em SP; TCU tem de dar aval - AmstedMaxion\" \/>\n<meta property=\"og:description\" content=\"A Ag\u00eancia Nacional de Transportes Terrestres (ANTT) aprovou a prorroga\u00e7\u00e3o antecipada por mais 30 anos da concess\u00e3o da Malha Paulista, ferrovia da Rumo que vai de Santa F\u00e9 do Sul (SP), quase na divisa com o Estado do Mato Grosso do Sul, at\u00e9 o porto de Santos. A concess\u00e3o vai agora at\u00e9 2058. Em troca [&hellip;]\" \/>\n<meta property=\"og:url\" content=\"https:\/\/www.amstedmaxion.com.br\/antt-da-mais-30-anos-para-ferrovia-da-rumo-em-sp-tcu-tem-de-dar-aval\/\" \/>\n<meta property=\"og:site_name\" content=\"AmstedMaxion\" \/>\n<meta property=\"article:publisher\" content=\"https:\/\/www.facebook.com\/AmstedMaxion.Oficial\" \/>\n<meta property=\"article:published_time\" content=\"2018-09-03T17:52:24+00:00\" \/>\n<meta property=\"article:modified_time\" content=\"2018-09-04T17:54:57+00:00\" \/>\n<meta property=\"og:image\" content=\"https:\/\/www.amstedmaxion.com.br\/wp-content\/uploads\/2018\/06\/10603228_1018663054867342_1982615849620828108_n.jpg\" \/>\n\t<meta property=\"og:image:width\" content=\"480\" \/>\n\t<meta property=\"og:image:height\" content=\"270\" \/>\n\t<meta property=\"og:image:type\" content=\"image\/jpeg\" \/>\n<meta name=\"author\" content=\"Rosane Storto\" \/>\n<meta name=\"twitter:card\" content=\"summary_large_image\" \/>\n<meta name=\"twitter:label1\" content=\"Written by\" \/>\n\t<meta name=\"twitter:data1\" content=\"Rosane Storto\" \/>\n\t<meta name=\"twitter:label2\" content=\"Est. reading time\" \/>\n\t<meta name=\"twitter:data2\" content=\"4 minutes\" \/>\n<script type=\"application\/ld+json\" class=\"yoast-schema-graph\">{\"@context\":\"https:\/\/schema.org\",\"@graph\":[{\"@type\":\"Article\",\"@id\":\"https:\/\/www.amstedmaxion.com.br\/antt-da-mais-30-anos-para-ferrovia-da-rumo-em-sp-tcu-tem-de-dar-aval\/#article\",\"isPartOf\":{\"@id\":\"https:\/\/www.amstedmaxion.com.br\/antt-da-mais-30-anos-para-ferrovia-da-rumo-em-sp-tcu-tem-de-dar-aval\/\"},\"author\":{\"name\":\"Rosane Storto\",\"@id\":\"https:\/\/www.amstedmaxion.com.br\/#\/schema\/person\/140cb65f07d4e66dd5543c8a187bf436\"},\"headline\":\"ANTT d\u00e1 mais 30 anos para ferrovia da Rumo em SP; TCU tem de dar aval\",\"datePublished\":\"2018-09-03T17:52:24+00:00\",\"dateModified\":\"2018-09-04T17:54:57+00:00\",\"mainEntityOfPage\":{\"@id\":\"https:\/\/www.amstedmaxion.com.br\/antt-da-mais-30-anos-para-ferrovia-da-rumo-em-sp-tcu-tem-de-dar-aval\/\"},\"wordCount\":839,\"commentCount\":0,\"publisher\":{\"@id\":\"https:\/\/www.amstedmaxion.com.br\/#organization\"},\"image\":{\"@id\":\"https:\/\/www.amstedmaxion.com.br\/antt-da-mais-30-anos-para-ferrovia-da-rumo-em-sp-tcu-tem-de-dar-aval\/#primaryimage\"},\"thumbnailUrl\":\"https:\/\/www.amstedmaxion.com.br\/wp-content\/uploads\/2018\/06\/10603228_1018663054867342_1982615849620828108_n.jpg\",\"articleSection\":[\"Not\u00edcias da AmstedMaxion\"],\"inLanguage\":\"en-US\",\"potentialAction\":[{\"@type\":\"CommentAction\",\"name\":\"Comment\",\"target\":[\"https:\/\/www.amstedmaxion.com.br\/antt-da-mais-30-anos-para-ferrovia-da-rumo-em-sp-tcu-tem-de-dar-aval\/#respond\"]}]},{\"@type\":\"WebPage\",\"@id\":\"https:\/\/www.amstedmaxion.com.br\/antt-da-mais-30-anos-para-ferrovia-da-rumo-em-sp-tcu-tem-de-dar-aval\/\",\"url\":\"https:\/\/www.amstedmaxion.com.br\/antt-da-mais-30-anos-para-ferrovia-da-rumo-em-sp-tcu-tem-de-dar-aval\/\",\"name\":\"ANTT d\u00e1 mais 30 anos para ferrovia da Rumo em SP; TCU tem de dar aval - AmstedMaxion\",\"isPartOf\":{\"@id\":\"https:\/\/www.amstedmaxion.com.br\/#website\"},\"primaryImageOfPage\":{\"@id\":\"https:\/\/www.amstedmaxion.com.br\/antt-da-mais-30-anos-para-ferrovia-da-rumo-em-sp-tcu-tem-de-dar-aval\/#primaryimage\"},\"image\":{\"@id\":\"https:\/\/www.amstedmaxion.com.br\/antt-da-mais-30-anos-para-ferrovia-da-rumo-em-sp-tcu-tem-de-dar-aval\/#primaryimage\"},\"thumbnailUrl\":\"https:\/\/www.amstedmaxion.com.br\/wp-content\/uploads\/2018\/06\/10603228_1018663054867342_1982615849620828108_n.jpg\",\"datePublished\":\"2018-09-03T17:52:24+00:00\",\"dateModified\":\"2018-09-04T17:54:57+00:00\",\"breadcrumb\":{\"@id\":\"https:\/\/www.amstedmaxion.com.br\/antt-da-mais-30-anos-para-ferrovia-da-rumo-em-sp-tcu-tem-de-dar-aval\/#breadcrumb\"},\"inLanguage\":\"en-US\",\"potentialAction\":[{\"@type\":\"ReadAction\",\"target\":[\"https:\/\/www.amstedmaxion.com.br\/antt-da-mais-30-anos-para-ferrovia-da-rumo-em-sp-tcu-tem-de-dar-aval\/\"]}]},{\"@type\":\"ImageObject\",\"inLanguage\":\"en-US\",\"@id\":\"https:\/\/www.amstedmaxion.com.br\/antt-da-mais-30-anos-para-ferrovia-da-rumo-em-sp-tcu-tem-de-dar-aval\/#primaryimage\",\"url\":\"https:\/\/www.amstedmaxion.com.br\/wp-content\/uploads\/2018\/06\/10603228_1018663054867342_1982615849620828108_n.jpg\",\"contentUrl\":\"https:\/\/www.amstedmaxion.com.br\/wp-content\/uploads\/2018\/06\/10603228_1018663054867342_1982615849620828108_n.jpg\",\"width\":480,\"height\":270},{\"@type\":\"BreadcrumbList\",\"@id\":\"https:\/\/www.amstedmaxion.com.br\/antt-da-mais-30-anos-para-ferrovia-da-rumo-em-sp-tcu-tem-de-dar-aval\/#breadcrumb\",\"itemListElement\":[{\"@type\":\"ListItem\",\"position\":1,\"name\":\"In\u00edcio\",\"item\":\"https:\/\/www.amstedmaxion.com.br\/\"},{\"@type\":\"ListItem\",\"position\":2,\"name\":\"ANTT d\u00e1 mais 30 anos para ferrovia da Rumo em SP; TCU tem de dar aval\"}]},{\"@type\":\"WebSite\",\"@id\":\"https:\/\/www.amstedmaxion.com.br\/#website\",\"url\":\"https:\/\/www.amstedmaxion.com.br\/\",\"name\":\"AmstedMaxion\",\"description\":\"AmstedMaxion - Fundi\u00e7\u00e3o e Equipamentos Ferrovi\u00e1rios\",\"publisher\":{\"@id\":\"https:\/\/www.amstedmaxion.com.br\/#organization\"},\"alternateName\":\"AmstedMaxion\",\"potentialAction\":[{\"@type\":\"SearchAction\",\"target\":{\"@type\":\"EntryPoint\",\"urlTemplate\":\"https:\/\/www.amstedmaxion.com.br\/?s={search_term_string}\"},\"query-input\":{\"@type\":\"PropertyValueSpecification\",\"valueRequired\":true,\"valueName\":\"search_term_string\"}}],\"inLanguage\":\"en-US\"},{\"@type\":\"Organization\",\"@id\":\"https:\/\/www.amstedmaxion.com.br\/#organization\",\"name\":\"AMSTEDMAXION\",\"url\":\"https:\/\/www.amstedmaxion.com.br\/\",\"logo\":{\"@type\":\"ImageObject\",\"inLanguage\":\"en-US\",\"@id\":\"https:\/\/www.amstedmaxion.com.br\/#\/schema\/logo\/image\/\",\"url\":\"https:\/\/www.amstedmaxion.com.br\/wp-content\/uploads\/2023\/11\/amsted.png\",\"contentUrl\":\"https:\/\/www.amstedmaxion.com.br\/wp-content\/uploads\/2023\/11\/amsted.png\",\"width\":500,\"height\":500,\"caption\":\"AMSTEDMAXION\"},\"image\":{\"@id\":\"https:\/\/www.amstedmaxion.com.br\/#\/schema\/logo\/image\/\"},\"sameAs\":[\"https:\/\/www.facebook.com\/AmstedMaxion.Oficial\",\"https:\/\/br.linkedin.com\/company\/amstedmaxion\"]},{\"@type\":\"Person\",\"@id\":\"https:\/\/www.amstedmaxion.com.br\/#\/schema\/person\/140cb65f07d4e66dd5543c8a187bf436\",\"name\":\"Rosane Storto\",\"image\":{\"@type\":\"ImageObject\",\"inLanguage\":\"en-US\",\"@id\":\"https:\/\/www.amstedmaxion.com.br\/#\/schema\/person\/image\/\",\"url\":\"https:\/\/secure.gravatar.com\/avatar\/0e3d021545bbe593cb0eb3ee740544fefa86d59762e63dec1dbe9480a34c98cd?s=96&d=mm&r=g\",\"contentUrl\":\"https:\/\/secure.gravatar.com\/avatar\/0e3d021545bbe593cb0eb3ee740544fefa86d59762e63dec1dbe9480a34c98cd?s=96&d=mm&r=g\",\"caption\":\"Rosane Storto\"}}]}<\/script>\n<!-- \/ Yoast SEO plugin. -->","yoast_head_json":{"title":"ANTT d\u00e1 mais 30 anos para ferrovia da Rumo em SP; TCU tem de dar aval - AmstedMaxion","robots":{"index":"index","follow":"follow","max-snippet":"max-snippet:-1","max-image-preview":"max-image-preview:large","max-video-preview":"max-video-preview:-1"},"canonical":"https:\/\/www.amstedmaxion.com.br\/antt-da-mais-30-anos-para-ferrovia-da-rumo-em-sp-tcu-tem-de-dar-aval\/","og_locale":"en_US","og_type":"article","og_title":"ANTT d\u00e1 mais 30 anos para ferrovia da Rumo em SP; TCU tem de dar aval - AmstedMaxion","og_description":"A Ag\u00eancia Nacional de Transportes Terrestres (ANTT) aprovou a prorroga\u00e7\u00e3o antecipada por mais 30 anos da concess\u00e3o da Malha Paulista, ferrovia da Rumo que vai de Santa F\u00e9 do Sul (SP), quase na divisa com o Estado do Mato Grosso do Sul, at\u00e9 o porto de Santos. A concess\u00e3o vai agora at\u00e9 2058. Em troca [&hellip;]","og_url":"https:\/\/www.amstedmaxion.com.br\/antt-da-mais-30-anos-para-ferrovia-da-rumo-em-sp-tcu-tem-de-dar-aval\/","og_site_name":"AmstedMaxion","article_publisher":"https:\/\/www.facebook.com\/AmstedMaxion.Oficial","article_published_time":"2018-09-03T17:52:24+00:00","article_modified_time":"2018-09-04T17:54:57+00:00","og_image":[{"width":480,"height":270,"url":"https:\/\/www.amstedmaxion.com.br\/wp-content\/uploads\/2018\/06\/10603228_1018663054867342_1982615849620828108_n.jpg","type":"image\/jpeg"}],"author":"Rosane Storto","twitter_card":"summary_large_image","twitter_misc":{"Written by":"Rosane Storto","Est. reading time":"4 minutes"},"schema":{"@context":"https:\/\/schema.org","@graph":[{"@type":"Article","@id":"https:\/\/www.amstedmaxion.com.br\/antt-da-mais-30-anos-para-ferrovia-da-rumo-em-sp-tcu-tem-de-dar-aval\/#article","isPartOf":{"@id":"https:\/\/www.amstedmaxion.com.br\/antt-da-mais-30-anos-para-ferrovia-da-rumo-em-sp-tcu-tem-de-dar-aval\/"},"author":{"name":"Rosane Storto","@id":"https:\/\/www.amstedmaxion.com.br\/#\/schema\/person\/140cb65f07d4e66dd5543c8a187bf436"},"headline":"ANTT d\u00e1 mais 30 anos para ferrovia da Rumo em SP; TCU tem de dar aval","datePublished":"2018-09-03T17:52:24+00:00","dateModified":"2018-09-04T17:54:57+00:00","mainEntityOfPage":{"@id":"https:\/\/www.amstedmaxion.com.br\/antt-da-mais-30-anos-para-ferrovia-da-rumo-em-sp-tcu-tem-de-dar-aval\/"},"wordCount":839,"commentCount":0,"publisher":{"@id":"https:\/\/www.amstedmaxion.com.br\/#organization"},"image":{"@id":"https:\/\/www.amstedmaxion.com.br\/antt-da-mais-30-anos-para-ferrovia-da-rumo-em-sp-tcu-tem-de-dar-aval\/#primaryimage"},"thumbnailUrl":"https:\/\/www.amstedmaxion.com.br\/wp-content\/uploads\/2018\/06\/10603228_1018663054867342_1982615849620828108_n.jpg","articleSection":["Not\u00edcias da AmstedMaxion"],"inLanguage":"en-US","potentialAction":[{"@type":"CommentAction","name":"Comment","target":["https:\/\/www.amstedmaxion.com.br\/antt-da-mais-30-anos-para-ferrovia-da-rumo-em-sp-tcu-tem-de-dar-aval\/#respond"]}]},{"@type":"WebPage","@id":"https:\/\/www.amstedmaxion.com.br\/antt-da-mais-30-anos-para-ferrovia-da-rumo-em-sp-tcu-tem-de-dar-aval\/","url":"https:\/\/www.amstedmaxion.com.br\/antt-da-mais-30-anos-para-ferrovia-da-rumo-em-sp-tcu-tem-de-dar-aval\/","name":"ANTT d\u00e1 mais 30 anos para ferrovia da Rumo em SP; TCU tem de dar aval - AmstedMaxion","isPartOf":{"@id":"https:\/\/www.amstedmaxion.com.br\/#website"},"primaryImageOfPage":{"@id":"https:\/\/www.amstedmaxion.com.br\/antt-da-mais-30-anos-para-ferrovia-da-rumo-em-sp-tcu-tem-de-dar-aval\/#primaryimage"},"image":{"@id":"https:\/\/www.amstedmaxion.com.br\/antt-da-mais-30-anos-para-ferrovia-da-rumo-em-sp-tcu-tem-de-dar-aval\/#primaryimage"},"thumbnailUrl":"https:\/\/www.amstedmaxion.com.br\/wp-content\/uploads\/2018\/06\/10603228_1018663054867342_1982615849620828108_n.jpg","datePublished":"2018-09-03T17:52:24+00:00","dateModified":"2018-09-04T17:54:57+00:00","breadcrumb":{"@id":"https:\/\/www.amstedmaxion.com.br\/antt-da-mais-30-anos-para-ferrovia-da-rumo-em-sp-tcu-tem-de-dar-aval\/#breadcrumb"},"inLanguage":"en-US","potentialAction":[{"@type":"ReadAction","target":["https:\/\/www.amstedmaxion.com.br\/antt-da-mais-30-anos-para-ferrovia-da-rumo-em-sp-tcu-tem-de-dar-aval\/"]}]},{"@type":"ImageObject","inLanguage":"en-US","@id":"https:\/\/www.amstedmaxion.com.br\/antt-da-mais-30-anos-para-ferrovia-da-rumo-em-sp-tcu-tem-de-dar-aval\/#primaryimage","url":"https:\/\/www.amstedmaxion.com.br\/wp-content\/uploads\/2018\/06\/10603228_1018663054867342_1982615849620828108_n.jpg","contentUrl":"https:\/\/www.amstedmaxion.com.br\/wp-content\/uploads\/2018\/06\/10603228_1018663054867342_1982615849620828108_n.jpg","width":480,"height":270},{"@type":"BreadcrumbList","@id":"https:\/\/www.amstedmaxion.com.br\/antt-da-mais-30-anos-para-ferrovia-da-rumo-em-sp-tcu-tem-de-dar-aval\/#breadcrumb","itemListElement":[{"@type":"ListItem","position":1,"name":"In\u00edcio","item":"https:\/\/www.amstedmaxion.com.br\/"},{"@type":"ListItem","position":2,"name":"ANTT d\u00e1 mais 30 anos para ferrovia da Rumo em SP; TCU tem de dar aval"}]},{"@type":"WebSite","@id":"https:\/\/www.amstedmaxion.com.br\/#website","url":"https:\/\/www.amstedmaxion.com.br\/","name":"AmstedMaxion","description":"AmstedMaxion - Fundi\u00e7\u00e3o e Equipamentos Ferrovi\u00e1rios","publisher":{"@id":"https:\/\/www.amstedmaxion.com.br\/#organization"},"alternateName":"AmstedMaxion","potentialAction":[{"@type":"SearchAction","target":{"@type":"EntryPoint","urlTemplate":"https:\/\/www.amstedmaxion.com.br\/?s={search_term_string}"},"query-input":{"@type":"PropertyValueSpecification","valueRequired":true,"valueName":"search_term_string"}}],"inLanguage":"en-US"},{"@type":"Organization","@id":"https:\/\/www.amstedmaxion.com.br\/#organization","name":"AMSTEDMAXION","url":"https:\/\/www.amstedmaxion.com.br\/","logo":{"@type":"ImageObject","inLanguage":"en-US","@id":"https:\/\/www.amstedmaxion.com.br\/#\/schema\/logo\/image\/","url":"https:\/\/www.amstedmaxion.com.br\/wp-content\/uploads\/2023\/11\/amsted.png","contentUrl":"https:\/\/www.amstedmaxion.com.br\/wp-content\/uploads\/2023\/11\/amsted.png","width":500,"height":500,"caption":"AMSTEDMAXION"},"image":{"@id":"https:\/\/www.amstedmaxion.com.br\/#\/schema\/logo\/image\/"},"sameAs":["https:\/\/www.facebook.com\/AmstedMaxion.Oficial","https:\/\/br.linkedin.com\/company\/amstedmaxion"]},{"@type":"Person","@id":"https:\/\/www.amstedmaxion.com.br\/#\/schema\/person\/140cb65f07d4e66dd5543c8a187bf436","name":"Rosane Storto","image":{"@type":"ImageObject","inLanguage":"en-US","@id":"https:\/\/www.amstedmaxion.com.br\/#\/schema\/person\/image\/","url":"https:\/\/secure.gravatar.com\/avatar\/0e3d021545bbe593cb0eb3ee740544fefa86d59762e63dec1dbe9480a34c98cd?s=96&d=mm&r=g","contentUrl":"https:\/\/secure.gravatar.com\/avatar\/0e3d021545bbe593cb0eb3ee740544fefa86d59762e63dec1dbe9480a34c98cd?s=96&d=mm&r=g","caption":"Rosane Storto"}}]}},"_links":{"self":[{"href":"https:\/\/www.amstedmaxion.com.br\/en\/wp-json\/wp\/v2\/posts\/4869","targetHints":{"allow":["GET"]}}],"collection":[{"href":"https:\/\/www.amstedmaxion.com.br\/en\/wp-json\/wp\/v2\/posts"}],"about":[{"href":"https:\/\/www.amstedmaxion.com.br\/en\/wp-json\/wp\/v2\/types\/post"}],"author":[{"embeddable":true,"href":"https:\/\/www.amstedmaxion.com.br\/en\/wp-json\/wp\/v2\/users\/5"}],"replies":[{"embeddable":true,"href":"https:\/\/www.amstedmaxion.com.br\/en\/wp-json\/wp\/v2\/comments?post=4869"}],"version-history":[{"count":1,"href":"https:\/\/www.amstedmaxion.com.br\/en\/wp-json\/wp\/v2\/posts\/4869\/revisions"}],"predecessor-version":[{"id":4870,"href":"https:\/\/www.amstedmaxion.com.br\/en\/wp-json\/wp\/v2\/posts\/4869\/revisions\/4870"}],"wp:featuredmedia":[{"embeddable":true,"href":"https:\/\/www.amstedmaxion.com.br\/en\/wp-json\/wp\/v2\/media\/4400"}],"wp:attachment":[{"href":"https:\/\/www.amstedmaxion.com.br\/en\/wp-json\/wp\/v2\/media?parent=4869"}],"wp:term":[{"taxonomy":"category","embeddable":true,"href":"https:\/\/www.amstedmaxion.com.br\/en\/wp-json\/wp\/v2\/categories?post=4869"},{"taxonomy":"post_tag","embeddable":true,"href":"https:\/\/www.amstedmaxion.com.br\/en\/wp-json\/wp\/v2\/tags?post=4869"}],"curies":[{"name":"wp","href":"https:\/\/api.w.org\/{rel}","templated":true}]}}