{"id":48716,"date":"2024-02-19T16:40:09","date_gmt":"2024-02-19T19:40:09","guid":{"rendered":"https:\/\/www.amstedmaxion.com.br\/?p=48716"},"modified":"2024-02-19T16:40:11","modified_gmt":"2024-02-19T19:40:11","slug":"mahindra-do-brasil-anuncia-fabrica-de-maquinas-agricolas-no-rio-grande-do-sul","status":"publish","type":"post","link":"https:\/\/www.amstedmaxion.com.br\/en\/mahindra-do-brasil-anuncia-fabrica-de-maquinas-agricolas-no-rio-grande-do-sul\/","title":{"rendered":"Mahindra do Brasil anuncia f\u00e1brica de m\u00e1quinas agr\u00edcolas no Rio Grande do Sul"},"content":{"rendered":"\n<p>Globo Rural &#8211; Subsidi\u00e1ria de multinacional indiana tinha a previs\u00e3o de investir R$ 100 milh\u00f5es na nova unidade<\/p>\n\n\n\n<p>Depois de mais de um ano de especula\u00e7\u00f5es, na pr\u00f3xima ter\u00e7a-feira, dia 20, a Mahindra no Brasil, subsidi\u00e1ria do grupo indiano que produz m\u00e1quinas agr\u00edcolas, vai anunciar sua nova f\u00e1brica no Rio Grande do Sul. A unidade ficar\u00e1 na RS-239 em&nbsp;Araric\u00e1, no Vale do Sinos, a 70 quil\u00f4metros da capital Porto Alegre.<\/p>\n\n\n\n<p>A ideia inicial era ampliar a f\u00e1brica existente em&nbsp;Dois Irm\u00e3os, mas em fun\u00e7\u00e3o do tamanho do terreno e de quest\u00f5es log\u00edsticas, Araric\u00e1 ganhou a disputa.<\/p>\n\n\n\n<p>A previs\u00e3o de investimento no projeto original, antes da troca de munic\u00edpio, era de R$ 100 milh\u00f5es, como j\u00e1 havia dito o diretor de opera\u00e7\u00f5es industriais da Mahindra no Brasil, Anderson Melo, no ano passado. Mas o valor s\u00f3 ser\u00e1 confirmado pela empresa durante a cerim\u00f4nia de lan\u00e7amento da f\u00e1brica, no Pal\u00e1cio Piratini, sede do governo ga\u00facho, em Porto Alegre.<\/p>\n\n\n\n<p>No projeto anunciado em 2023, a capacidade de produ\u00e7\u00e3o, que hoje est\u00e1 na casa dos 1,9 mil tratores ao ano, passaria para 8 mil tratores ao ano.<\/p>\n\n\n\n<p>\u201cO estudo da nova f\u00e1brica teve in\u00edcio por volta de 2020, quando avaliamos v\u00e1rios Estados e cidades. Nesse per\u00edodo de an\u00e1lise, decidimos por uma coisa muito importante, que \u00e9 manter 100% dos empregos e a m\u00e3o de obra qualificada que nos trouxe at\u00e9 aqui\u201d, disse Melo em encontro na Federa\u00e7\u00e3o das Ind\u00fastrias do Rio Grande do Sul (Fiergs) ao justificar a raz\u00e3o de permanecerem no Estado e perto de Dois Irm\u00e3os.<\/p>\n\n\n\n<p>O diretor de opera\u00e7\u00f5es industriais da Mahindra no Brasil revelou ainda, na ocasi\u00e3o, que a empresa tem a inten\u00e7\u00e3o de trazer outros produtos ao Brasil, como colheitadeiras e implementos para m\u00e1quinas el\u00e9tricas.<\/p>\n\n\n\n<p>Al\u00e9m de Dois Irm\u00e3os, a Mahindra tem f\u00e1bricas em 12 pa\u00edses e fatura US$ 20 bilh\u00f5es ao ano.<\/p>\n\n\n\n<figure class=\"wp-block-image size-full is-resized\"><img loading=\"lazy\" decoding=\"async\" width=\"720\" height=\"491\" src=\"https:\/\/www.amstedmaxion.com.br\/wp-content\/uploads\/2024\/02\/Mahindra-do-Brasil-Globo-Rural.jpg\" alt=\"\" class=\"wp-image-48717\" style=\"width:470px;height:auto\" srcset=\"https:\/\/www.amstedmaxion.com.br\/wp-content\/uploads\/2024\/02\/Mahindra-do-Brasil-Globo-Rural.jpg 720w, https:\/\/www.amstedmaxion.com.br\/wp-content\/uploads\/2024\/02\/Mahindra-do-Brasil-Globo-Rural-300x205.jpg 300w\" sizes=\"auto, (max-width: 720px) 100vw, 720px\" \/><\/figure>\n\n\n\n<p>Fonte: Globo Rural \/Fernanda Pressinott e Marcelo Beledeli &nbsp;(<a href=\"https:\/\/globorural.globo.com\/negocios\/noticia\/2024\/02\/mahindra-do-brasil-inaugura-fabrica-de-maquinas-agricolas-no-rio-grande-do-sul.ghtml\">https:\/\/globorural.globo.com\/negocios\/noticia\/2024\/02\/mahindra-do-brasil-inaugura-fabrica-de-maquinas-agricolas-no-rio-grande-do-sul.ghtml<\/a>)<\/p>\n","protected":false},"excerpt":{"rendered":"<p>Globo Rural &#8211; Subsidi\u00e1ria de multinacional indiana tinha a previs\u00e3o de investir R$ 100 milh\u00f5es na nova unidade Depois de mais de um ano de especula\u00e7\u00f5es, na pr\u00f3xima ter\u00e7a-feira, dia 20, a Mahindra no Brasil, subsidi\u00e1ria do grupo indiano que produz m\u00e1quinas agr\u00edcolas, vai anunciar sua nova f\u00e1brica no Rio Grande do Sul. A unidade [&hellip;]<\/p>\n","protected":false},"author":5,"featured_media":48717,"comment_status":"open","ping_status":"open","sticky":false,"template":"","format":"standard","meta":{"_acf_changed":false,"footnotes":""},"categories":[148],"tags":[],"class_list":["post-48716","post","type-post","status-publish","format-standard","has-post-thumbnail","hentry","category-newsletter"],"acf":[],"yoast_head":"<!-- This site is optimized with the Yoast SEO plugin v23.9 - https:\/\/yoast.com\/wordpress\/plugins\/seo\/ -->\n<title>Mahindra do Brasil anuncia f\u00e1brica de m\u00e1quinas agr\u00edcolas no Rio Grande do Sul - AmstedMaxion<\/title>\n<meta name=\"robots\" content=\"index, follow, max-snippet:-1, max-image-preview:large, max-video-preview:-1\" \/>\n<link rel=\"canonical\" href=\"https:\/\/www.amstedmaxion.com.br\/mahindra-do-brasil-anuncia-fabrica-de-maquinas-agricolas-no-rio-grande-do-sul\/\" \/>\n<meta property=\"og:locale\" content=\"en_US\" \/>\n<meta property=\"og:type\" content=\"article\" \/>\n<meta property=\"og:title\" content=\"Mahindra do Brasil anuncia f\u00e1brica de m\u00e1quinas agr\u00edcolas no Rio Grande do Sul - AmstedMaxion\" \/>\n<meta property=\"og:description\" content=\"Globo Rural &#8211; Subsidi\u00e1ria de multinacional indiana tinha a previs\u00e3o de investir R$ 100 milh\u00f5es na nova unidade Depois de mais de um ano de especula\u00e7\u00f5es, na pr\u00f3xima ter\u00e7a-feira, dia 20, a Mahindra no Brasil, subsidi\u00e1ria do grupo indiano que produz m\u00e1quinas agr\u00edcolas, vai anunciar sua nova f\u00e1brica no Rio Grande do Sul. A unidade [&hellip;]\" \/>\n<meta property=\"og:url\" content=\"https:\/\/www.amstedmaxion.com.br\/mahindra-do-brasil-anuncia-fabrica-de-maquinas-agricolas-no-rio-grande-do-sul\/\" \/>\n<meta property=\"og:site_name\" content=\"AmstedMaxion\" \/>\n<meta property=\"article:publisher\" content=\"https:\/\/www.facebook.com\/AmstedMaxion.Oficial\" \/>\n<meta property=\"article:published_time\" content=\"2024-02-19T19:40:09+00:00\" \/>\n<meta property=\"article:modified_time\" content=\"2024-02-19T19:40:11+00:00\" \/>\n<meta property=\"og:image\" content=\"https:\/\/www.amstedmaxion.com.br\/wp-content\/uploads\/2024\/02\/Mahindra-do-Brasil-Globo-Rural.jpg\" \/>\n\t<meta property=\"og:image:width\" content=\"720\" \/>\n\t<meta property=\"og:image:height\" content=\"491\" \/>\n\t<meta property=\"og:image:type\" content=\"image\/jpeg\" \/>\n<meta name=\"author\" content=\"Rosane Storto\" \/>\n<meta name=\"twitter:card\" content=\"summary_large_image\" \/>\n<meta name=\"twitter:label1\" content=\"Written by\" \/>\n\t<meta name=\"twitter:data1\" content=\"Rosane Storto\" \/>\n\t<meta name=\"twitter:label2\" content=\"Est. reading time\" \/>\n\t<meta name=\"twitter:data2\" content=\"2 minutes\" \/>\n<script type=\"application\/ld+json\" class=\"yoast-schema-graph\">{\"@context\":\"https:\/\/schema.org\",\"@graph\":[{\"@type\":\"Article\",\"@id\":\"https:\/\/www.amstedmaxion.com.br\/mahindra-do-brasil-anuncia-fabrica-de-maquinas-agricolas-no-rio-grande-do-sul\/#article\",\"isPartOf\":{\"@id\":\"https:\/\/www.amstedmaxion.com.br\/mahindra-do-brasil-anuncia-fabrica-de-maquinas-agricolas-no-rio-grande-do-sul\/\"},\"author\":{\"name\":\"Rosane Storto\",\"@id\":\"https:\/\/www.amstedmaxion.com.br\/#\/schema\/person\/140cb65f07d4e66dd5543c8a187bf436\"},\"headline\":\"Mahindra do Brasil anuncia f\u00e1brica de m\u00e1quinas agr\u00edcolas no Rio Grande do Sul\",\"datePublished\":\"2024-02-19T19:40:09+00:00\",\"dateModified\":\"2024-02-19T19:40:11+00:00\",\"mainEntityOfPage\":{\"@id\":\"https:\/\/www.amstedmaxion.com.br\/mahindra-do-brasil-anuncia-fabrica-de-maquinas-agricolas-no-rio-grande-do-sul\/\"},\"wordCount\":374,\"commentCount\":0,\"publisher\":{\"@id\":\"https:\/\/www.amstedmaxion.com.br\/#organization\"},\"image\":{\"@id\":\"https:\/\/www.amstedmaxion.com.br\/mahindra-do-brasil-anuncia-fabrica-de-maquinas-agricolas-no-rio-grande-do-sul\/#primaryimage\"},\"thumbnailUrl\":\"https:\/\/www.amstedmaxion.com.br\/wp-content\/uploads\/2024\/02\/Mahindra-do-Brasil-Globo-Rural.jpg\",\"articleSection\":[\"Newsletter\"],\"inLanguage\":\"en-US\",\"potentialAction\":[{\"@type\":\"CommentAction\",\"name\":\"Comment\",\"target\":[\"https:\/\/www.amstedmaxion.com.br\/mahindra-do-brasil-anuncia-fabrica-de-maquinas-agricolas-no-rio-grande-do-sul\/#respond\"]}]},{\"@type\":\"WebPage\",\"@id\":\"https:\/\/www.amstedmaxion.com.br\/mahindra-do-brasil-anuncia-fabrica-de-maquinas-agricolas-no-rio-grande-do-sul\/\",\"url\":\"https:\/\/www.amstedmaxion.com.br\/mahindra-do-brasil-anuncia-fabrica-de-maquinas-agricolas-no-rio-grande-do-sul\/\",\"name\":\"Mahindra do Brasil anuncia f\u00e1brica de m\u00e1quinas agr\u00edcolas no Rio Grande do Sul - AmstedMaxion\",\"isPartOf\":{\"@id\":\"https:\/\/www.amstedmaxion.com.br\/#website\"},\"primaryImageOfPage\":{\"@id\":\"https:\/\/www.amstedmaxion.com.br\/mahindra-do-brasil-anuncia-fabrica-de-maquinas-agricolas-no-rio-grande-do-sul\/#primaryimage\"},\"image\":{\"@id\":\"https:\/\/www.amstedmaxion.com.br\/mahindra-do-brasil-anuncia-fabrica-de-maquinas-agricolas-no-rio-grande-do-sul\/#primaryimage\"},\"thumbnailUrl\":\"https:\/\/www.amstedmaxion.com.br\/wp-content\/uploads\/2024\/02\/Mahindra-do-Brasil-Globo-Rural.jpg\",\"datePublished\":\"2024-02-19T19:40:09+00:00\",\"dateModified\":\"2024-02-19T19:40:11+00:00\",\"breadcrumb\":{\"@id\":\"https:\/\/www.amstedmaxion.com.br\/mahindra-do-brasil-anuncia-fabrica-de-maquinas-agricolas-no-rio-grande-do-sul\/#breadcrumb\"},\"inLanguage\":\"en-US\",\"potentialAction\":[{\"@type\":\"ReadAction\",\"target\":[\"https:\/\/www.amstedmaxion.com.br\/mahindra-do-brasil-anuncia-fabrica-de-maquinas-agricolas-no-rio-grande-do-sul\/\"]}]},{\"@type\":\"ImageObject\",\"inLanguage\":\"en-US\",\"@id\":\"https:\/\/www.amstedmaxion.com.br\/mahindra-do-brasil-anuncia-fabrica-de-maquinas-agricolas-no-rio-grande-do-sul\/#primaryimage\",\"url\":\"https:\/\/www.amstedmaxion.com.br\/wp-content\/uploads\/2024\/02\/Mahindra-do-Brasil-Globo-Rural.jpg\",\"contentUrl\":\"https:\/\/www.amstedmaxion.com.br\/wp-content\/uploads\/2024\/02\/Mahindra-do-Brasil-Globo-Rural.jpg\",\"width\":720,\"height\":491,\"caption\":\"Foto: captura de tela Globo Rural\"},{\"@type\":\"BreadcrumbList\",\"@id\":\"https:\/\/www.amstedmaxion.com.br\/mahindra-do-brasil-anuncia-fabrica-de-maquinas-agricolas-no-rio-grande-do-sul\/#breadcrumb\",\"itemListElement\":[{\"@type\":\"ListItem\",\"position\":1,\"name\":\"In\u00edcio\",\"item\":\"https:\/\/www.amstedmaxion.com.br\/\"},{\"@type\":\"ListItem\",\"position\":2,\"name\":\"Mahindra do Brasil anuncia f\u00e1brica de m\u00e1quinas agr\u00edcolas no Rio Grande do Sul\"}]},{\"@type\":\"WebSite\",\"@id\":\"https:\/\/www.amstedmaxion.com.br\/#website\",\"url\":\"https:\/\/www.amstedmaxion.com.br\/\",\"name\":\"AmstedMaxion\",\"description\":\"AmstedMaxion - Fundi\u00e7\u00e3o e Equipamentos Ferrovi\u00e1rios\",\"publisher\":{\"@id\":\"https:\/\/www.amstedmaxion.com.br\/#organization\"},\"alternateName\":\"AmstedMaxion\",\"potentialAction\":[{\"@type\":\"SearchAction\",\"target\":{\"@type\":\"EntryPoint\",\"urlTemplate\":\"https:\/\/www.amstedmaxion.com.br\/?s={search_term_string}\"},\"query-input\":{\"@type\":\"PropertyValueSpecification\",\"valueRequired\":true,\"valueName\":\"search_term_string\"}}],\"inLanguage\":\"en-US\"},{\"@type\":\"Organization\",\"@id\":\"https:\/\/www.amstedmaxion.com.br\/#organization\",\"name\":\"AMSTEDMAXION\",\"url\":\"https:\/\/www.amstedmaxion.com.br\/\",\"logo\":{\"@type\":\"ImageObject\",\"inLanguage\":\"en-US\",\"@id\":\"https:\/\/www.amstedmaxion.com.br\/#\/schema\/logo\/image\/\",\"url\":\"https:\/\/www.amstedmaxion.com.br\/wp-content\/uploads\/2023\/11\/amsted.png\",\"contentUrl\":\"https:\/\/www.amstedmaxion.com.br\/wp-content\/uploads\/2023\/11\/amsted.png\",\"width\":500,\"height\":500,\"caption\":\"AMSTEDMAXION\"},\"image\":{\"@id\":\"https:\/\/www.amstedmaxion.com.br\/#\/schema\/logo\/image\/\"},\"sameAs\":[\"https:\/\/www.facebook.com\/AmstedMaxion.Oficial\",\"https:\/\/br.linkedin.com\/company\/amstedmaxion\"]},{\"@type\":\"Person\",\"@id\":\"https:\/\/www.amstedmaxion.com.br\/#\/schema\/person\/140cb65f07d4e66dd5543c8a187bf436\",\"name\":\"Rosane Storto\",\"image\":{\"@type\":\"ImageObject\",\"inLanguage\":\"en-US\",\"@id\":\"https:\/\/www.amstedmaxion.com.br\/#\/schema\/person\/image\/\",\"url\":\"https:\/\/secure.gravatar.com\/avatar\/0e3d021545bbe593cb0eb3ee740544fefa86d59762e63dec1dbe9480a34c98cd?s=96&d=mm&r=g\",\"contentUrl\":\"https:\/\/secure.gravatar.com\/avatar\/0e3d021545bbe593cb0eb3ee740544fefa86d59762e63dec1dbe9480a34c98cd?s=96&d=mm&r=g\",\"caption\":\"Rosane Storto\"}}]}<\/script>\n<!-- \/ Yoast SEO plugin. -->","yoast_head_json":{"title":"Mahindra do Brasil anuncia f\u00e1brica de m\u00e1quinas agr\u00edcolas no Rio Grande do Sul - AmstedMaxion","robots":{"index":"index","follow":"follow","max-snippet":"max-snippet:-1","max-image-preview":"max-image-preview:large","max-video-preview":"max-video-preview:-1"},"canonical":"https:\/\/www.amstedmaxion.com.br\/mahindra-do-brasil-anuncia-fabrica-de-maquinas-agricolas-no-rio-grande-do-sul\/","og_locale":"en_US","og_type":"article","og_title":"Mahindra do Brasil anuncia f\u00e1brica de m\u00e1quinas agr\u00edcolas no Rio Grande do Sul - AmstedMaxion","og_description":"Globo Rural &#8211; Subsidi\u00e1ria de multinacional indiana tinha a previs\u00e3o de investir R$ 100 milh\u00f5es na nova unidade Depois de mais de um ano de especula\u00e7\u00f5es, na pr\u00f3xima ter\u00e7a-feira, dia 20, a Mahindra no Brasil, subsidi\u00e1ria do grupo indiano que produz m\u00e1quinas agr\u00edcolas, vai anunciar sua nova f\u00e1brica no Rio Grande do Sul. A unidade [&hellip;]","og_url":"https:\/\/www.amstedmaxion.com.br\/mahindra-do-brasil-anuncia-fabrica-de-maquinas-agricolas-no-rio-grande-do-sul\/","og_site_name":"AmstedMaxion","article_publisher":"https:\/\/www.facebook.com\/AmstedMaxion.Oficial","article_published_time":"2024-02-19T19:40:09+00:00","article_modified_time":"2024-02-19T19:40:11+00:00","og_image":[{"width":720,"height":491,"url":"https:\/\/www.amstedmaxion.com.br\/wp-content\/uploads\/2024\/02\/Mahindra-do-Brasil-Globo-Rural.jpg","type":"image\/jpeg"}],"author":"Rosane Storto","twitter_card":"summary_large_image","twitter_misc":{"Written by":"Rosane Storto","Est. reading time":"2 minutes"},"schema":{"@context":"https:\/\/schema.org","@graph":[{"@type":"Article","@id":"https:\/\/www.amstedmaxion.com.br\/mahindra-do-brasil-anuncia-fabrica-de-maquinas-agricolas-no-rio-grande-do-sul\/#article","isPartOf":{"@id":"https:\/\/www.amstedmaxion.com.br\/mahindra-do-brasil-anuncia-fabrica-de-maquinas-agricolas-no-rio-grande-do-sul\/"},"author":{"name":"Rosane Storto","@id":"https:\/\/www.amstedmaxion.com.br\/#\/schema\/person\/140cb65f07d4e66dd5543c8a187bf436"},"headline":"Mahindra do Brasil anuncia f\u00e1brica de m\u00e1quinas agr\u00edcolas no Rio Grande do Sul","datePublished":"2024-02-19T19:40:09+00:00","dateModified":"2024-02-19T19:40:11+00:00","mainEntityOfPage":{"@id":"https:\/\/www.amstedmaxion.com.br\/mahindra-do-brasil-anuncia-fabrica-de-maquinas-agricolas-no-rio-grande-do-sul\/"},"wordCount":374,"commentCount":0,"publisher":{"@id":"https:\/\/www.amstedmaxion.com.br\/#organization"},"image":{"@id":"https:\/\/www.amstedmaxion.com.br\/mahindra-do-brasil-anuncia-fabrica-de-maquinas-agricolas-no-rio-grande-do-sul\/#primaryimage"},"thumbnailUrl":"https:\/\/www.amstedmaxion.com.br\/wp-content\/uploads\/2024\/02\/Mahindra-do-Brasil-Globo-Rural.jpg","articleSection":["Newsletter"],"inLanguage":"en-US","potentialAction":[{"@type":"CommentAction","name":"Comment","target":["https:\/\/www.amstedmaxion.com.br\/mahindra-do-brasil-anuncia-fabrica-de-maquinas-agricolas-no-rio-grande-do-sul\/#respond"]}]},{"@type":"WebPage","@id":"https:\/\/www.amstedmaxion.com.br\/mahindra-do-brasil-anuncia-fabrica-de-maquinas-agricolas-no-rio-grande-do-sul\/","url":"https:\/\/www.amstedmaxion.com.br\/mahindra-do-brasil-anuncia-fabrica-de-maquinas-agricolas-no-rio-grande-do-sul\/","name":"Mahindra do Brasil anuncia f\u00e1brica de m\u00e1quinas agr\u00edcolas no Rio Grande do Sul - AmstedMaxion","isPartOf":{"@id":"https:\/\/www.amstedmaxion.com.br\/#website"},"primaryImageOfPage":{"@id":"https:\/\/www.amstedmaxion.com.br\/mahindra-do-brasil-anuncia-fabrica-de-maquinas-agricolas-no-rio-grande-do-sul\/#primaryimage"},"image":{"@id":"https:\/\/www.amstedmaxion.com.br\/mahindra-do-brasil-anuncia-fabrica-de-maquinas-agricolas-no-rio-grande-do-sul\/#primaryimage"},"thumbnailUrl":"https:\/\/www.amstedmaxion.com.br\/wp-content\/uploads\/2024\/02\/Mahindra-do-Brasil-Globo-Rural.jpg","datePublished":"2024-02-19T19:40:09+00:00","dateModified":"2024-02-19T19:40:11+00:00","breadcrumb":{"@id":"https:\/\/www.amstedmaxion.com.br\/mahindra-do-brasil-anuncia-fabrica-de-maquinas-agricolas-no-rio-grande-do-sul\/#breadcrumb"},"inLanguage":"en-US","potentialAction":[{"@type":"ReadAction","target":["https:\/\/www.amstedmaxion.com.br\/mahindra-do-brasil-anuncia-fabrica-de-maquinas-agricolas-no-rio-grande-do-sul\/"]}]},{"@type":"ImageObject","inLanguage":"en-US","@id":"https:\/\/www.amstedmaxion.com.br\/mahindra-do-brasil-anuncia-fabrica-de-maquinas-agricolas-no-rio-grande-do-sul\/#primaryimage","url":"https:\/\/www.amstedmaxion.com.br\/wp-content\/uploads\/2024\/02\/Mahindra-do-Brasil-Globo-Rural.jpg","contentUrl":"https:\/\/www.amstedmaxion.com.br\/wp-content\/uploads\/2024\/02\/Mahindra-do-Brasil-Globo-Rural.jpg","width":720,"height":491,"caption":"Foto: captura de tela Globo Rural"},{"@type":"BreadcrumbList","@id":"https:\/\/www.amstedmaxion.com.br\/mahindra-do-brasil-anuncia-fabrica-de-maquinas-agricolas-no-rio-grande-do-sul\/#breadcrumb","itemListElement":[{"@type":"ListItem","position":1,"name":"In\u00edcio","item":"https:\/\/www.amstedmaxion.com.br\/"},{"@type":"ListItem","position":2,"name":"Mahindra do Brasil anuncia f\u00e1brica de m\u00e1quinas agr\u00edcolas no Rio Grande do Sul"}]},{"@type":"WebSite","@id":"https:\/\/www.amstedmaxion.com.br\/#website","url":"https:\/\/www.amstedmaxion.com.br\/","name":"AmstedMaxion","description":"AmstedMaxion - Fundi\u00e7\u00e3o e Equipamentos Ferrovi\u00e1rios","publisher":{"@id":"https:\/\/www.amstedmaxion.com.br\/#organization"},"alternateName":"AmstedMaxion","potentialAction":[{"@type":"SearchAction","target":{"@type":"EntryPoint","urlTemplate":"https:\/\/www.amstedmaxion.com.br\/?s={search_term_string}"},"query-input":{"@type":"PropertyValueSpecification","valueRequired":true,"valueName":"search_term_string"}}],"inLanguage":"en-US"},{"@type":"Organization","@id":"https:\/\/www.amstedmaxion.com.br\/#organization","name":"AMSTEDMAXION","url":"https:\/\/www.amstedmaxion.com.br\/","logo":{"@type":"ImageObject","inLanguage":"en-US","@id":"https:\/\/www.amstedmaxion.com.br\/#\/schema\/logo\/image\/","url":"https:\/\/www.amstedmaxion.com.br\/wp-content\/uploads\/2023\/11\/amsted.png","contentUrl":"https:\/\/www.amstedmaxion.com.br\/wp-content\/uploads\/2023\/11\/amsted.png","width":500,"height":500,"caption":"AMSTEDMAXION"},"image":{"@id":"https:\/\/www.amstedmaxion.com.br\/#\/schema\/logo\/image\/"},"sameAs":["https:\/\/www.facebook.com\/AmstedMaxion.Oficial","https:\/\/br.linkedin.com\/company\/amstedmaxion"]},{"@type":"Person","@id":"https:\/\/www.amstedmaxion.com.br\/#\/schema\/person\/140cb65f07d4e66dd5543c8a187bf436","name":"Rosane Storto","image":{"@type":"ImageObject","inLanguage":"en-US","@id":"https:\/\/www.amstedmaxion.com.br\/#\/schema\/person\/image\/","url":"https:\/\/secure.gravatar.com\/avatar\/0e3d021545bbe593cb0eb3ee740544fefa86d59762e63dec1dbe9480a34c98cd?s=96&d=mm&r=g","contentUrl":"https:\/\/secure.gravatar.com\/avatar\/0e3d021545bbe593cb0eb3ee740544fefa86d59762e63dec1dbe9480a34c98cd?s=96&d=mm&r=g","caption":"Rosane Storto"}}]}},"_links":{"self":[{"href":"https:\/\/www.amstedmaxion.com.br\/en\/wp-json\/wp\/v2\/posts\/48716","targetHints":{"allow":["GET"]}}],"collection":[{"href":"https:\/\/www.amstedmaxion.com.br\/en\/wp-json\/wp\/v2\/posts"}],"about":[{"href":"https:\/\/www.amstedmaxion.com.br\/en\/wp-json\/wp\/v2\/types\/post"}],"author":[{"embeddable":true,"href":"https:\/\/www.amstedmaxion.com.br\/en\/wp-json\/wp\/v2\/users\/5"}],"replies":[{"embeddable":true,"href":"https:\/\/www.amstedmaxion.com.br\/en\/wp-json\/wp\/v2\/comments?post=48716"}],"version-history":[{"count":1,"href":"https:\/\/www.amstedmaxion.com.br\/en\/wp-json\/wp\/v2\/posts\/48716\/revisions"}],"predecessor-version":[{"id":48719,"href":"https:\/\/www.amstedmaxion.com.br\/en\/wp-json\/wp\/v2\/posts\/48716\/revisions\/48719"}],"wp:featuredmedia":[{"embeddable":true,"href":"https:\/\/www.amstedmaxion.com.br\/en\/wp-json\/wp\/v2\/media\/48717"}],"wp:attachment":[{"href":"https:\/\/www.amstedmaxion.com.br\/en\/wp-json\/wp\/v2\/media?parent=48716"}],"wp:term":[{"taxonomy":"category","embeddable":true,"href":"https:\/\/www.amstedmaxion.com.br\/en\/wp-json\/wp\/v2\/categories?post=48716"},{"taxonomy":"post_tag","embeddable":true,"href":"https:\/\/www.amstedmaxion.com.br\/en\/wp-json\/wp\/v2\/tags?post=48716"}],"curies":[{"name":"wp","href":"https:\/\/api.w.org\/{rel}","templated":true}]}}