{"id":49572,"date":"2024-04-03T12:31:37","date_gmt":"2024-04-03T15:31:37","guid":{"rendered":"https:\/\/www.amstedmaxion.com.br\/?p=49572"},"modified":"2024-04-03T12:31:37","modified_gmt":"2024-04-03T15:31:37","slug":"setor-de-maquinas-agricolas-tomba-quase-30-no-ano-e-projecao-pode-ser-revista-diz-abimaq","status":"publish","type":"post","link":"https:\/\/www.amstedmaxion.com.br\/en\/setor-de-maquinas-agricolas-tomba-quase-30-no-ano-e-projecao-pode-ser-revista-diz-abimaq\/","title":{"rendered":"Setor de m\u00e1quinas agr\u00edcolas &#8216;tomba&#8217; quase 30% no ano e proje\u00e7\u00e3o pode ser revista, diz Abimaq"},"content":{"rendered":"\n<p>Recentemente, f\u00e1bricas de m\u00e1quinas da John Deere e da AGCO anunciaram f\u00e9rias coletivas e demiss\u00f5es em plantas do Rio Grande do Sul<\/p>\n\n\n\n<p>O desempenho do segmento de\u00a0m\u00e1quinas agr\u00edcolas\u00a0caiu 29,7% nos primeiros dois meses de 2024.<\/p>\n\n\n\n<p>Segundo o\u00a0presidente da C\u00e2mara Setorial de M\u00e1quinas e Implementos Agr\u00edcolas (CSMIA) da Associa\u00e7\u00e3o Brasileira da Ind\u00fastria de M\u00e1quinas e Equipamentos (Abimaq), Pedro Estev\u00e3o Bastos, caso o acumulado do primeiro trimestre siga perto de 30% de queda, provavelmente a proje\u00e7\u00e3o para o fechamento do ano ter\u00e1 de ser revista.<\/p>\n\n\n\n<p>\u201cLevando em conta fatores econ\u00f4micos e clim\u00e1ticos, esperamos retra\u00e7\u00e3o de 15% ao final de 2024. Mas a amostra de janeiro a fevereiro j\u00e1 \u00e9 superior. Se continuar assim, dificilmente conseguiremos uma recupera\u00e7\u00e3o no segundo semestre, que tende a ser melhor\u201d, disse.<\/p>\n\n\n\n<p>Recentemente, f\u00e1bricas da\u00a0John Deere e da AGCO\u00a0anunciaram f\u00e9rias coletivas e demiss\u00f5es em plantas do Rio Grande do Sul. Bastos atribui isso ao cen\u00e1rio de menores vendas.<\/p>\n\n\n\n<p>\u201cA situa\u00e7\u00e3o no Sul \u00e9 a mesma do Brasil inteiro: a soja e o milho representam 60% do mercado e os pre\u00e7os das commodities ca\u00edram muito, o que afeta a rentabilidade do agricultor. Al\u00e9m disso, os juros altos desestimulam os investimentos, assim como a expectativa de queda faz com que os clientes esperem para comprar mais adiante. Isso tudo foi agravado pela seca, principalmente no Centro-Oeste, que \u00e9 um grande mercado\u201d, contextualizou.<\/p>\n\n\n\n<p>O dirigente n\u00e3o acredita que as paralisa\u00e7\u00f5es nas f\u00e1bricas possam afetar a oferta de m\u00e1quinas no mercado. \u201cPara tratores, h\u00e1 estimativas de que os estoques sejam suficientes para entre quatro e seis meses\u201d, disse.<\/p>\n\n\n\n<p>Ele salienta que o momento conjuntural \u00e9 ruim, mas que o setor est\u00e1 bem estruturado. \u201cN\u00e3o vivemos um bom momento, mas \u00e9 um problema circunscrito a este ano. A longo prazo, temos a previs\u00e3o de maiores exporta\u00e7\u00f5es de gr\u00e3os pelo Brasil, estamos bem situados\u201d, Bastos reiterou o impacto dos menores pre\u00e7os das commodities, resultado do excesso de oferta, e disse que \u201cs\u00f3 o tempo passando e os estoques diminuindo\u201d para que a rentabilidade retorne para o produtor.<\/p>\n\n\n\n<figure class=\"wp-block-image size-full is-resized\"><img loading=\"lazy\" decoding=\"async\" width=\"400\" height=\"400\" src=\"https:\/\/www.amstedmaxion.com.br\/wp-content\/uploads\/2022\/07\/ABIMAQ.jpg\" alt=\"\" class=\"wp-image-38143\" style=\"width:460px;height:auto\"\/><figcaption class=\"wp-element-caption\">Foto: logo ABIMAQ<\/figcaption><\/figure>\n\n\n\n<p>Fonte: Canal Rural (<a href=\"https:\/\/www.canalrural.com.br\/agricultura\/setor-de-maquinas-agricolas-tomba-quase-30-no-ano-e-projecao-pode-ser-revista-diz-abimaq\/\">https:\/\/www.canalrural.com.br\/agricultura\/setor-de-maquinas-agricolas-tomba-quase-30-no-ano-e-projecao-pode-ser-revista-diz-abimaq\/<\/a>)<\/p>\n","protected":false},"excerpt":{"rendered":"<p>Recentemente, f\u00e1bricas de m\u00e1quinas da John Deere e da AGCO anunciaram f\u00e9rias coletivas e demiss\u00f5es em plantas do Rio Grande do Sul O desempenho do segmento de\u00a0m\u00e1quinas agr\u00edcolas\u00a0caiu 29,7% nos primeiros dois meses de 2024. Segundo o\u00a0presidente da C\u00e2mara Setorial de M\u00e1quinas e Implementos Agr\u00edcolas (CSMIA) da Associa\u00e7\u00e3o Brasileira da Ind\u00fastria de M\u00e1quinas e Equipamentos [&hellip;]<\/p>\n","protected":false},"author":5,"featured_media":38143,"comment_status":"open","ping_status":"open","sticky":false,"template":"","format":"standard","meta":{"_acf_changed":false,"footnotes":""},"categories":[148],"tags":[],"class_list":["post-49572","post","type-post","status-publish","format-standard","has-post-thumbnail","hentry","category-newsletter"],"acf":[],"yoast_head":"<!-- This site is optimized with the Yoast SEO plugin v23.9 - https:\/\/yoast.com\/wordpress\/plugins\/seo\/ -->\n<title>Setor de m\u00e1quinas agr\u00edcolas &#039;tomba&#039; quase 30% no ano e proje\u00e7\u00e3o pode ser revista, diz Abimaq - AmstedMaxion<\/title>\n<meta name=\"robots\" content=\"index, follow, max-snippet:-1, max-image-preview:large, max-video-preview:-1\" \/>\n<link rel=\"canonical\" href=\"https:\/\/www.amstedmaxion.com.br\/setor-de-maquinas-agricolas-tomba-quase-30-no-ano-e-projecao-pode-ser-revista-diz-abimaq\/\" \/>\n<meta property=\"og:locale\" content=\"en_US\" \/>\n<meta property=\"og:type\" content=\"article\" \/>\n<meta property=\"og:title\" content=\"Setor de m\u00e1quinas agr\u00edcolas &#039;tomba&#039; quase 30% no ano e proje\u00e7\u00e3o pode ser revista, diz Abimaq - AmstedMaxion\" \/>\n<meta property=\"og:description\" content=\"Recentemente, f\u00e1bricas de m\u00e1quinas da John Deere e da AGCO anunciaram f\u00e9rias coletivas e demiss\u00f5es em plantas do Rio Grande do Sul O desempenho do segmento de\u00a0m\u00e1quinas agr\u00edcolas\u00a0caiu 29,7% nos primeiros dois meses de 2024. Segundo o\u00a0presidente da C\u00e2mara Setorial de M\u00e1quinas e Implementos Agr\u00edcolas (CSMIA) da Associa\u00e7\u00e3o Brasileira da Ind\u00fastria de M\u00e1quinas e Equipamentos [&hellip;]\" \/>\n<meta property=\"og:url\" content=\"https:\/\/www.amstedmaxion.com.br\/setor-de-maquinas-agricolas-tomba-quase-30-no-ano-e-projecao-pode-ser-revista-diz-abimaq\/\" \/>\n<meta property=\"og:site_name\" content=\"AmstedMaxion\" \/>\n<meta property=\"article:publisher\" content=\"https:\/\/www.facebook.com\/AmstedMaxion.Oficial\" \/>\n<meta property=\"article:published_time\" content=\"2024-04-03T15:31:37+00:00\" \/>\n<meta property=\"og:image\" content=\"https:\/\/www.amstedmaxion.com.br\/wp-content\/uploads\/2022\/07\/ABIMAQ.jpg\" \/>\n\t<meta property=\"og:image:width\" content=\"400\" \/>\n\t<meta property=\"og:image:height\" content=\"400\" \/>\n\t<meta property=\"og:image:type\" content=\"image\/jpeg\" \/>\n<meta name=\"author\" content=\"Rosane Storto\" \/>\n<meta name=\"twitter:card\" content=\"summary_large_image\" \/>\n<meta name=\"twitter:label1\" content=\"Written by\" \/>\n\t<meta name=\"twitter:data1\" content=\"Rosane Storto\" \/>\n\t<meta name=\"twitter:label2\" content=\"Est. reading time\" \/>\n\t<meta name=\"twitter:data2\" content=\"3 minutes\" \/>\n<script type=\"application\/ld+json\" class=\"yoast-schema-graph\">{\"@context\":\"https:\/\/schema.org\",\"@graph\":[{\"@type\":\"Article\",\"@id\":\"https:\/\/www.amstedmaxion.com.br\/setor-de-maquinas-agricolas-tomba-quase-30-no-ano-e-projecao-pode-ser-revista-diz-abimaq\/#article\",\"isPartOf\":{\"@id\":\"https:\/\/www.amstedmaxion.com.br\/setor-de-maquinas-agricolas-tomba-quase-30-no-ano-e-projecao-pode-ser-revista-diz-abimaq\/\"},\"author\":{\"name\":\"Rosane Storto\",\"@id\":\"https:\/\/www.amstedmaxion.com.br\/#\/schema\/person\/140cb65f07d4e66dd5543c8a187bf436\"},\"headline\":\"Setor de m\u00e1quinas agr\u00edcolas &#8216;tomba&#8217; quase 30% no ano e proje\u00e7\u00e3o pode ser revista, diz Abimaq\",\"datePublished\":\"2024-04-03T15:31:37+00:00\",\"dateModified\":\"2024-04-03T15:31:37+00:00\",\"mainEntityOfPage\":{\"@id\":\"https:\/\/www.amstedmaxion.com.br\/setor-de-maquinas-agricolas-tomba-quase-30-no-ano-e-projecao-pode-ser-revista-diz-abimaq\/\"},\"wordCount\":394,\"commentCount\":0,\"publisher\":{\"@id\":\"https:\/\/www.amstedmaxion.com.br\/#organization\"},\"image\":{\"@id\":\"https:\/\/www.amstedmaxion.com.br\/setor-de-maquinas-agricolas-tomba-quase-30-no-ano-e-projecao-pode-ser-revista-diz-abimaq\/#primaryimage\"},\"thumbnailUrl\":\"https:\/\/www.amstedmaxion.com.br\/wp-content\/uploads\/2022\/07\/ABIMAQ.jpg\",\"articleSection\":[\"Newsletter\"],\"inLanguage\":\"en-US\",\"potentialAction\":[{\"@type\":\"CommentAction\",\"name\":\"Comment\",\"target\":[\"https:\/\/www.amstedmaxion.com.br\/setor-de-maquinas-agricolas-tomba-quase-30-no-ano-e-projecao-pode-ser-revista-diz-abimaq\/#respond\"]}]},{\"@type\":\"WebPage\",\"@id\":\"https:\/\/www.amstedmaxion.com.br\/setor-de-maquinas-agricolas-tomba-quase-30-no-ano-e-projecao-pode-ser-revista-diz-abimaq\/\",\"url\":\"https:\/\/www.amstedmaxion.com.br\/setor-de-maquinas-agricolas-tomba-quase-30-no-ano-e-projecao-pode-ser-revista-diz-abimaq\/\",\"name\":\"Setor de m\u00e1quinas agr\u00edcolas 'tomba' quase 30% no ano e proje\u00e7\u00e3o pode ser revista, diz Abimaq - AmstedMaxion\",\"isPartOf\":{\"@id\":\"https:\/\/www.amstedmaxion.com.br\/#website\"},\"primaryImageOfPage\":{\"@id\":\"https:\/\/www.amstedmaxion.com.br\/setor-de-maquinas-agricolas-tomba-quase-30-no-ano-e-projecao-pode-ser-revista-diz-abimaq\/#primaryimage\"},\"image\":{\"@id\":\"https:\/\/www.amstedmaxion.com.br\/setor-de-maquinas-agricolas-tomba-quase-30-no-ano-e-projecao-pode-ser-revista-diz-abimaq\/#primaryimage\"},\"thumbnailUrl\":\"https:\/\/www.amstedmaxion.com.br\/wp-content\/uploads\/2022\/07\/ABIMAQ.jpg\",\"datePublished\":\"2024-04-03T15:31:37+00:00\",\"dateModified\":\"2024-04-03T15:31:37+00:00\",\"breadcrumb\":{\"@id\":\"https:\/\/www.amstedmaxion.com.br\/setor-de-maquinas-agricolas-tomba-quase-30-no-ano-e-projecao-pode-ser-revista-diz-abimaq\/#breadcrumb\"},\"inLanguage\":\"en-US\",\"potentialAction\":[{\"@type\":\"ReadAction\",\"target\":[\"https:\/\/www.amstedmaxion.com.br\/setor-de-maquinas-agricolas-tomba-quase-30-no-ano-e-projecao-pode-ser-revista-diz-abimaq\/\"]}]},{\"@type\":\"ImageObject\",\"inLanguage\":\"en-US\",\"@id\":\"https:\/\/www.amstedmaxion.com.br\/setor-de-maquinas-agricolas-tomba-quase-30-no-ano-e-projecao-pode-ser-revista-diz-abimaq\/#primaryimage\",\"url\":\"https:\/\/www.amstedmaxion.com.br\/wp-content\/uploads\/2022\/07\/ABIMAQ.jpg\",\"contentUrl\":\"https:\/\/www.amstedmaxion.com.br\/wp-content\/uploads\/2022\/07\/ABIMAQ.jpg\",\"width\":400,\"height\":400,\"caption\":\"Foto: logo ABIMAQ\"},{\"@type\":\"BreadcrumbList\",\"@id\":\"https:\/\/www.amstedmaxion.com.br\/setor-de-maquinas-agricolas-tomba-quase-30-no-ano-e-projecao-pode-ser-revista-diz-abimaq\/#breadcrumb\",\"itemListElement\":[{\"@type\":\"ListItem\",\"position\":1,\"name\":\"In\u00edcio\",\"item\":\"https:\/\/www.amstedmaxion.com.br\/\"},{\"@type\":\"ListItem\",\"position\":2,\"name\":\"Setor de m\u00e1quinas agr\u00edcolas &#8216;tomba&#8217; quase 30% no ano e proje\u00e7\u00e3o pode ser revista, diz Abimaq\"}]},{\"@type\":\"WebSite\",\"@id\":\"https:\/\/www.amstedmaxion.com.br\/#website\",\"url\":\"https:\/\/www.amstedmaxion.com.br\/\",\"name\":\"AmstedMaxion\",\"description\":\"AmstedMaxion - Fundi\u00e7\u00e3o e Equipamentos Ferrovi\u00e1rios\",\"publisher\":{\"@id\":\"https:\/\/www.amstedmaxion.com.br\/#organization\"},\"alternateName\":\"AmstedMaxion\",\"potentialAction\":[{\"@type\":\"SearchAction\",\"target\":{\"@type\":\"EntryPoint\",\"urlTemplate\":\"https:\/\/www.amstedmaxion.com.br\/?s={search_term_string}\"},\"query-input\":{\"@type\":\"PropertyValueSpecification\",\"valueRequired\":true,\"valueName\":\"search_term_string\"}}],\"inLanguage\":\"en-US\"},{\"@type\":\"Organization\",\"@id\":\"https:\/\/www.amstedmaxion.com.br\/#organization\",\"name\":\"AMSTEDMAXION\",\"url\":\"https:\/\/www.amstedmaxion.com.br\/\",\"logo\":{\"@type\":\"ImageObject\",\"inLanguage\":\"en-US\",\"@id\":\"https:\/\/www.amstedmaxion.com.br\/#\/schema\/logo\/image\/\",\"url\":\"https:\/\/www.amstedmaxion.com.br\/wp-content\/uploads\/2023\/11\/amsted.png\",\"contentUrl\":\"https:\/\/www.amstedmaxion.com.br\/wp-content\/uploads\/2023\/11\/amsted.png\",\"width\":500,\"height\":500,\"caption\":\"AMSTEDMAXION\"},\"image\":{\"@id\":\"https:\/\/www.amstedmaxion.com.br\/#\/schema\/logo\/image\/\"},\"sameAs\":[\"https:\/\/www.facebook.com\/AmstedMaxion.Oficial\",\"https:\/\/br.linkedin.com\/company\/amstedmaxion\"]},{\"@type\":\"Person\",\"@id\":\"https:\/\/www.amstedmaxion.com.br\/#\/schema\/person\/140cb65f07d4e66dd5543c8a187bf436\",\"name\":\"Rosane Storto\",\"image\":{\"@type\":\"ImageObject\",\"inLanguage\":\"en-US\",\"@id\":\"https:\/\/www.amstedmaxion.com.br\/#\/schema\/person\/image\/\",\"url\":\"https:\/\/secure.gravatar.com\/avatar\/0e3d021545bbe593cb0eb3ee740544fefa86d59762e63dec1dbe9480a34c98cd?s=96&d=mm&r=g\",\"contentUrl\":\"https:\/\/secure.gravatar.com\/avatar\/0e3d021545bbe593cb0eb3ee740544fefa86d59762e63dec1dbe9480a34c98cd?s=96&d=mm&r=g\",\"caption\":\"Rosane Storto\"}}]}<\/script>\n<!-- \/ Yoast SEO plugin. -->","yoast_head_json":{"title":"Setor de m\u00e1quinas agr\u00edcolas 'tomba' quase 30% no ano e proje\u00e7\u00e3o pode ser revista, diz Abimaq - AmstedMaxion","robots":{"index":"index","follow":"follow","max-snippet":"max-snippet:-1","max-image-preview":"max-image-preview:large","max-video-preview":"max-video-preview:-1"},"canonical":"https:\/\/www.amstedmaxion.com.br\/setor-de-maquinas-agricolas-tomba-quase-30-no-ano-e-projecao-pode-ser-revista-diz-abimaq\/","og_locale":"en_US","og_type":"article","og_title":"Setor de m\u00e1quinas agr\u00edcolas 'tomba' quase 30% no ano e proje\u00e7\u00e3o pode ser revista, diz Abimaq - AmstedMaxion","og_description":"Recentemente, f\u00e1bricas de m\u00e1quinas da John Deere e da AGCO anunciaram f\u00e9rias coletivas e demiss\u00f5es em plantas do Rio Grande do Sul O desempenho do segmento de\u00a0m\u00e1quinas agr\u00edcolas\u00a0caiu 29,7% nos primeiros dois meses de 2024. Segundo o\u00a0presidente da C\u00e2mara Setorial de M\u00e1quinas e Implementos Agr\u00edcolas (CSMIA) da Associa\u00e7\u00e3o Brasileira da Ind\u00fastria de M\u00e1quinas e Equipamentos [&hellip;]","og_url":"https:\/\/www.amstedmaxion.com.br\/setor-de-maquinas-agricolas-tomba-quase-30-no-ano-e-projecao-pode-ser-revista-diz-abimaq\/","og_site_name":"AmstedMaxion","article_publisher":"https:\/\/www.facebook.com\/AmstedMaxion.Oficial","article_published_time":"2024-04-03T15:31:37+00:00","og_image":[{"width":400,"height":400,"url":"https:\/\/www.amstedmaxion.com.br\/wp-content\/uploads\/2022\/07\/ABIMAQ.jpg","type":"image\/jpeg"}],"author":"Rosane Storto","twitter_card":"summary_large_image","twitter_misc":{"Written by":"Rosane Storto","Est. reading time":"3 minutes"},"schema":{"@context":"https:\/\/schema.org","@graph":[{"@type":"Article","@id":"https:\/\/www.amstedmaxion.com.br\/setor-de-maquinas-agricolas-tomba-quase-30-no-ano-e-projecao-pode-ser-revista-diz-abimaq\/#article","isPartOf":{"@id":"https:\/\/www.amstedmaxion.com.br\/setor-de-maquinas-agricolas-tomba-quase-30-no-ano-e-projecao-pode-ser-revista-diz-abimaq\/"},"author":{"name":"Rosane Storto","@id":"https:\/\/www.amstedmaxion.com.br\/#\/schema\/person\/140cb65f07d4e66dd5543c8a187bf436"},"headline":"Setor de m\u00e1quinas agr\u00edcolas &#8216;tomba&#8217; quase 30% no ano e proje\u00e7\u00e3o pode ser revista, diz Abimaq","datePublished":"2024-04-03T15:31:37+00:00","dateModified":"2024-04-03T15:31:37+00:00","mainEntityOfPage":{"@id":"https:\/\/www.amstedmaxion.com.br\/setor-de-maquinas-agricolas-tomba-quase-30-no-ano-e-projecao-pode-ser-revista-diz-abimaq\/"},"wordCount":394,"commentCount":0,"publisher":{"@id":"https:\/\/www.amstedmaxion.com.br\/#organization"},"image":{"@id":"https:\/\/www.amstedmaxion.com.br\/setor-de-maquinas-agricolas-tomba-quase-30-no-ano-e-projecao-pode-ser-revista-diz-abimaq\/#primaryimage"},"thumbnailUrl":"https:\/\/www.amstedmaxion.com.br\/wp-content\/uploads\/2022\/07\/ABIMAQ.jpg","articleSection":["Newsletter"],"inLanguage":"en-US","potentialAction":[{"@type":"CommentAction","name":"Comment","target":["https:\/\/www.amstedmaxion.com.br\/setor-de-maquinas-agricolas-tomba-quase-30-no-ano-e-projecao-pode-ser-revista-diz-abimaq\/#respond"]}]},{"@type":"WebPage","@id":"https:\/\/www.amstedmaxion.com.br\/setor-de-maquinas-agricolas-tomba-quase-30-no-ano-e-projecao-pode-ser-revista-diz-abimaq\/","url":"https:\/\/www.amstedmaxion.com.br\/setor-de-maquinas-agricolas-tomba-quase-30-no-ano-e-projecao-pode-ser-revista-diz-abimaq\/","name":"Setor de m\u00e1quinas agr\u00edcolas 'tomba' quase 30% no ano e proje\u00e7\u00e3o pode ser revista, diz Abimaq - AmstedMaxion","isPartOf":{"@id":"https:\/\/www.amstedmaxion.com.br\/#website"},"primaryImageOfPage":{"@id":"https:\/\/www.amstedmaxion.com.br\/setor-de-maquinas-agricolas-tomba-quase-30-no-ano-e-projecao-pode-ser-revista-diz-abimaq\/#primaryimage"},"image":{"@id":"https:\/\/www.amstedmaxion.com.br\/setor-de-maquinas-agricolas-tomba-quase-30-no-ano-e-projecao-pode-ser-revista-diz-abimaq\/#primaryimage"},"thumbnailUrl":"https:\/\/www.amstedmaxion.com.br\/wp-content\/uploads\/2022\/07\/ABIMAQ.jpg","datePublished":"2024-04-03T15:31:37+00:00","dateModified":"2024-04-03T15:31:37+00:00","breadcrumb":{"@id":"https:\/\/www.amstedmaxion.com.br\/setor-de-maquinas-agricolas-tomba-quase-30-no-ano-e-projecao-pode-ser-revista-diz-abimaq\/#breadcrumb"},"inLanguage":"en-US","potentialAction":[{"@type":"ReadAction","target":["https:\/\/www.amstedmaxion.com.br\/setor-de-maquinas-agricolas-tomba-quase-30-no-ano-e-projecao-pode-ser-revista-diz-abimaq\/"]}]},{"@type":"ImageObject","inLanguage":"en-US","@id":"https:\/\/www.amstedmaxion.com.br\/setor-de-maquinas-agricolas-tomba-quase-30-no-ano-e-projecao-pode-ser-revista-diz-abimaq\/#primaryimage","url":"https:\/\/www.amstedmaxion.com.br\/wp-content\/uploads\/2022\/07\/ABIMAQ.jpg","contentUrl":"https:\/\/www.amstedmaxion.com.br\/wp-content\/uploads\/2022\/07\/ABIMAQ.jpg","width":400,"height":400,"caption":"Foto: logo ABIMAQ"},{"@type":"BreadcrumbList","@id":"https:\/\/www.amstedmaxion.com.br\/setor-de-maquinas-agricolas-tomba-quase-30-no-ano-e-projecao-pode-ser-revista-diz-abimaq\/#breadcrumb","itemListElement":[{"@type":"ListItem","position":1,"name":"In\u00edcio","item":"https:\/\/www.amstedmaxion.com.br\/"},{"@type":"ListItem","position":2,"name":"Setor de m\u00e1quinas agr\u00edcolas &#8216;tomba&#8217; quase 30% no ano e proje\u00e7\u00e3o pode ser revista, diz Abimaq"}]},{"@type":"WebSite","@id":"https:\/\/www.amstedmaxion.com.br\/#website","url":"https:\/\/www.amstedmaxion.com.br\/","name":"AmstedMaxion","description":"AmstedMaxion - Fundi\u00e7\u00e3o e Equipamentos Ferrovi\u00e1rios","publisher":{"@id":"https:\/\/www.amstedmaxion.com.br\/#organization"},"alternateName":"AmstedMaxion","potentialAction":[{"@type":"SearchAction","target":{"@type":"EntryPoint","urlTemplate":"https:\/\/www.amstedmaxion.com.br\/?s={search_term_string}"},"query-input":{"@type":"PropertyValueSpecification","valueRequired":true,"valueName":"search_term_string"}}],"inLanguage":"en-US"},{"@type":"Organization","@id":"https:\/\/www.amstedmaxion.com.br\/#organization","name":"AMSTEDMAXION","url":"https:\/\/www.amstedmaxion.com.br\/","logo":{"@type":"ImageObject","inLanguage":"en-US","@id":"https:\/\/www.amstedmaxion.com.br\/#\/schema\/logo\/image\/","url":"https:\/\/www.amstedmaxion.com.br\/wp-content\/uploads\/2023\/11\/amsted.png","contentUrl":"https:\/\/www.amstedmaxion.com.br\/wp-content\/uploads\/2023\/11\/amsted.png","width":500,"height":500,"caption":"AMSTEDMAXION"},"image":{"@id":"https:\/\/www.amstedmaxion.com.br\/#\/schema\/logo\/image\/"},"sameAs":["https:\/\/www.facebook.com\/AmstedMaxion.Oficial","https:\/\/br.linkedin.com\/company\/amstedmaxion"]},{"@type":"Person","@id":"https:\/\/www.amstedmaxion.com.br\/#\/schema\/person\/140cb65f07d4e66dd5543c8a187bf436","name":"Rosane Storto","image":{"@type":"ImageObject","inLanguage":"en-US","@id":"https:\/\/www.amstedmaxion.com.br\/#\/schema\/person\/image\/","url":"https:\/\/secure.gravatar.com\/avatar\/0e3d021545bbe593cb0eb3ee740544fefa86d59762e63dec1dbe9480a34c98cd?s=96&d=mm&r=g","contentUrl":"https:\/\/secure.gravatar.com\/avatar\/0e3d021545bbe593cb0eb3ee740544fefa86d59762e63dec1dbe9480a34c98cd?s=96&d=mm&r=g","caption":"Rosane Storto"}}]}},"_links":{"self":[{"href":"https:\/\/www.amstedmaxion.com.br\/en\/wp-json\/wp\/v2\/posts\/49572","targetHints":{"allow":["GET"]}}],"collection":[{"href":"https:\/\/www.amstedmaxion.com.br\/en\/wp-json\/wp\/v2\/posts"}],"about":[{"href":"https:\/\/www.amstedmaxion.com.br\/en\/wp-json\/wp\/v2\/types\/post"}],"author":[{"embeddable":true,"href":"https:\/\/www.amstedmaxion.com.br\/en\/wp-json\/wp\/v2\/users\/5"}],"replies":[{"embeddable":true,"href":"https:\/\/www.amstedmaxion.com.br\/en\/wp-json\/wp\/v2\/comments?post=49572"}],"version-history":[{"count":1,"href":"https:\/\/www.amstedmaxion.com.br\/en\/wp-json\/wp\/v2\/posts\/49572\/revisions"}],"predecessor-version":[{"id":49573,"href":"https:\/\/www.amstedmaxion.com.br\/en\/wp-json\/wp\/v2\/posts\/49572\/revisions\/49573"}],"wp:featuredmedia":[{"embeddable":true,"href":"https:\/\/www.amstedmaxion.com.br\/en\/wp-json\/wp\/v2\/media\/38143"}],"wp:attachment":[{"href":"https:\/\/www.amstedmaxion.com.br\/en\/wp-json\/wp\/v2\/media?parent=49572"}],"wp:term":[{"taxonomy":"category","embeddable":true,"href":"https:\/\/www.amstedmaxion.com.br\/en\/wp-json\/wp\/v2\/categories?post=49572"},{"taxonomy":"post_tag","embeddable":true,"href":"https:\/\/www.amstedmaxion.com.br\/en\/wp-json\/wp\/v2\/tags?post=49572"}],"curies":[{"name":"wp","href":"https:\/\/api.w.org\/{rel}","templated":true}]}}