{"id":49733,"date":"2024-04-11T15:26:59","date_gmt":"2024-04-11T18:26:59","guid":{"rendered":"https:\/\/www.amstedmaxion.com.br\/?p=49733"},"modified":"2024-04-11T15:27:23","modified_gmt":"2024-04-11T18:27:23","slug":"maquinas-agricolas-vendas-recuam-405-no-primeiro-bimestre-diz-anfavea","status":"publish","type":"post","link":"https:\/\/www.amstedmaxion.com.br\/en\/maquinas-agricolas-vendas-recuam-405-no-primeiro-bimestre-diz-anfavea\/","title":{"rendered":"M\u00e1quinas agr\u00edcolas: vendas recuam 40,5% no primeiro bimestre, diz Anfavea"},"content":{"rendered":"\n<p>Canal Rural &#8211; Proje\u00e7\u00e3o da entidade para comercializa\u00e7\u00e3o somada de m\u00e1quinas agr\u00edcolas e rodovi\u00e1rias neste ano \u00e9 de queda de 11%<\/p>\n\n\n\n<p>O mercado de m\u00e1quinas agr\u00edcolas teve mais um m\u00eas de forte baixa em fevereiro, quando as vendas dos equipamentos usados no campo recuaram 39% frente ao mesmo m\u00eas do ano passado. Entre tratores de rodas e colheitadeiras de gr\u00e3os, foram vendidas 3 mil unidades em fevereiro.<\/p>\n\n\n\n<p>Na margem \u2013 ou seja, frente a janeiro, uma base baixa -, as vendas de m\u00e1quinas agr\u00edcolas subiram 43,8%. Com isso, as vendas no primeiro bimestre tiveram queda de 40,5%, somando 5,1 mil m\u00e1quinas agr\u00edcolas nos dois meses.<\/p>\n\n\n\n<p>Os n\u00fameros foram levados nesta segunda-feira (8) \u00e0 apresenta\u00e7\u00e3o do balan\u00e7o mensal de resultados da Anfavea, associa\u00e7\u00e3o que, al\u00e9m das montadoras de autom\u00f3veis, representa fabricantes de m\u00e1quinas agr\u00edcolas e de constru\u00e7\u00e3o.<\/p>\n\n\n\n<p>No setor de m\u00e1quinas de constru\u00e7\u00e3o, tamb\u00e9m chamadas de m\u00e1quinas rodovi\u00e1rias, as vendas, de 2,5 mil unidades, subiram 15,8% na compara\u00e7\u00e3o com fevereiro do ano passado e 5,7% frente a janeiro. No primeiro bimestre, as vendas de m\u00e1quinas de constru\u00e7\u00e3o subiram 7%, para 4,9 mil unidades.<\/p>\n\n\n\n<p>Na apresenta\u00e7\u00e3o dos dados \u00e0 imprensa, o diretor executivo da Anfavea, Igor Calvet, lembrou que a proje\u00e7\u00e3o da entidade \u00e0s vendas somadas de m\u00e1quinas agr\u00edcolas e rodovi\u00e1rias neste ano \u00e9 de queda de 11%. O progn\u00f3stico, pontuou, demonstra um \u201cotimismo cauteloso\u201d do setor quanto \u00e0 rea\u00e7\u00e3o dos volumes de m\u00e1quinas de constru\u00e7\u00e3o.<\/p>\n\n\n\n<p>Conforme Calvet, essa expectativa se baseia nos efeitos sobre os investimentos no campo da queda da taxa de juros, em paralelo \u00e0 entrada de recursos do Plano Safra, entre junho e julho, al\u00e9m da realiza\u00e7\u00e3o de feiras importantes do agroneg\u00f3cio, como a Agrishow, em Ribeir\u00e3o Preto, no interior paulista.<\/p>\n\n\n\n<p>Os n\u00fameros apresentados pela Anfavea s\u00e3o de levantamentos realizados por outras duas entidades: a AEM, uma associa\u00e7\u00e3o internacional de fabricantes de equipamentos, que levanta os resultados de m\u00e1quinas agr\u00edcolas; e a Abimaq, entidade da ind\u00fastria de bens de capital, que acompanha tamb\u00e9m todo m\u00eas o desempenho das m\u00e1quinas de constru\u00e7\u00e3o, como retroescavadeiras, motoniveladoras e rolos compactadores.<\/p>\n\n\n\n<p>Os dados t\u00eam defasagem de um m\u00eas em rela\u00e7\u00e3o \u00e0s estat\u00edsticas de ve\u00edculos divulgadas nesta segunda-feira pela Anfavea, j\u00e1 referentes a mar\u00e7o.<\/p>\n\n\n\n<figure class=\"wp-block-image size-full is-resized\"><img loading=\"lazy\" decoding=\"async\" width=\"720\" height=\"500\" src=\"https:\/\/www.amstedmaxion.com.br\/wp-content\/uploads\/2024\/04\/Maquinas-Agricolas-Canal-Rural.jpg\" alt=\"\" class=\"wp-image-49734\" style=\"width:487px;height:auto\" srcset=\"https:\/\/www.amstedmaxion.com.br\/wp-content\/uploads\/2024\/04\/Maquinas-Agricolas-Canal-Rural.jpg 720w, https:\/\/www.amstedmaxion.com.br\/wp-content\/uploads\/2024\/04\/Maquinas-Agricolas-Canal-Rural-300x208.jpg 300w\" sizes=\"auto, (max-width: 720px) 100vw, 720px\" \/><\/figure>\n\n\n\n<p>Fonte: Canal Rural (<a href=\"https:\/\/www.canalrural.com.br\/agricultura\/maquinas-agricolas-vendas-recuam-405-no-primeiro-bimestre-diz-anfavea\/\">https:\/\/www.canalrural.com.br\/agricultura\/maquinas-agricolas-vendas-recuam-405-no-primeiro-bimestre-diz-anfavea\/<\/a>)<\/p>\n","protected":false},"excerpt":{"rendered":"<p>Canal Rural &#8211; Proje\u00e7\u00e3o da entidade para comercializa\u00e7\u00e3o somada de m\u00e1quinas agr\u00edcolas e rodovi\u00e1rias neste ano \u00e9 de queda de 11% O mercado de m\u00e1quinas agr\u00edcolas teve mais um m\u00eas de forte baixa em fevereiro, quando as vendas dos equipamentos usados no campo recuaram 39% frente ao mesmo m\u00eas do ano passado. Entre tratores de [&hellip;]<\/p>\n","protected":false},"author":5,"featured_media":49734,"comment_status":"open","ping_status":"open","sticky":false,"template":"","format":"standard","meta":{"_acf_changed":false,"footnotes":""},"categories":[148],"tags":[],"class_list":["post-49733","post","type-post","status-publish","format-standard","has-post-thumbnail","hentry","category-newsletter"],"acf":[],"yoast_head":"<!-- This site is optimized with the Yoast SEO plugin v23.9 - https:\/\/yoast.com\/wordpress\/plugins\/seo\/ -->\n<title>M\u00e1quinas agr\u00edcolas: vendas recuam 40,5% no primeiro bimestre, diz Anfavea - AmstedMaxion<\/title>\n<meta name=\"robots\" content=\"index, follow, max-snippet:-1, max-image-preview:large, max-video-preview:-1\" \/>\n<link rel=\"canonical\" href=\"https:\/\/www.amstedmaxion.com.br\/maquinas-agricolas-vendas-recuam-405-no-primeiro-bimestre-diz-anfavea\/\" \/>\n<meta property=\"og:locale\" content=\"en_US\" \/>\n<meta property=\"og:type\" content=\"article\" \/>\n<meta property=\"og:title\" content=\"M\u00e1quinas agr\u00edcolas: vendas recuam 40,5% no primeiro bimestre, diz Anfavea - AmstedMaxion\" \/>\n<meta property=\"og:description\" content=\"Canal Rural &#8211; Proje\u00e7\u00e3o da entidade para comercializa\u00e7\u00e3o somada de m\u00e1quinas agr\u00edcolas e rodovi\u00e1rias neste ano \u00e9 de queda de 11% O mercado de m\u00e1quinas agr\u00edcolas teve mais um m\u00eas de forte baixa em fevereiro, quando as vendas dos equipamentos usados no campo recuaram 39% frente ao mesmo m\u00eas do ano passado. Entre tratores de [&hellip;]\" \/>\n<meta property=\"og:url\" content=\"https:\/\/www.amstedmaxion.com.br\/maquinas-agricolas-vendas-recuam-405-no-primeiro-bimestre-diz-anfavea\/\" \/>\n<meta property=\"og:site_name\" content=\"AmstedMaxion\" \/>\n<meta property=\"article:publisher\" content=\"https:\/\/www.facebook.com\/AmstedMaxion.Oficial\" \/>\n<meta property=\"article:published_time\" content=\"2024-04-11T18:26:59+00:00\" \/>\n<meta property=\"article:modified_time\" content=\"2024-04-11T18:27:23+00:00\" \/>\n<meta property=\"og:image\" content=\"https:\/\/www.amstedmaxion.com.br\/wp-content\/uploads\/2024\/04\/Maquinas-Agricolas-Canal-Rural.jpg\" \/>\n\t<meta property=\"og:image:width\" content=\"720\" \/>\n\t<meta property=\"og:image:height\" content=\"500\" \/>\n\t<meta property=\"og:image:type\" content=\"image\/jpeg\" \/>\n<meta name=\"author\" content=\"Rosane Storto\" \/>\n<meta name=\"twitter:card\" content=\"summary_large_image\" \/>\n<meta name=\"twitter:label1\" content=\"Written by\" \/>\n\t<meta name=\"twitter:data1\" content=\"Rosane Storto\" \/>\n\t<meta name=\"twitter:label2\" content=\"Est. reading time\" \/>\n\t<meta name=\"twitter:data2\" content=\"3 minutes\" \/>\n<script type=\"application\/ld+json\" class=\"yoast-schema-graph\">{\"@context\":\"https:\/\/schema.org\",\"@graph\":[{\"@type\":\"Article\",\"@id\":\"https:\/\/www.amstedmaxion.com.br\/maquinas-agricolas-vendas-recuam-405-no-primeiro-bimestre-diz-anfavea\/#article\",\"isPartOf\":{\"@id\":\"https:\/\/www.amstedmaxion.com.br\/maquinas-agricolas-vendas-recuam-405-no-primeiro-bimestre-diz-anfavea\/\"},\"author\":{\"name\":\"Rosane Storto\",\"@id\":\"https:\/\/www.amstedmaxion.com.br\/#\/schema\/person\/140cb65f07d4e66dd5543c8a187bf436\"},\"headline\":\"M\u00e1quinas agr\u00edcolas: vendas recuam 40,5% no primeiro bimestre, diz Anfavea\",\"datePublished\":\"2024-04-11T18:26:59+00:00\",\"dateModified\":\"2024-04-11T18:27:23+00:00\",\"mainEntityOfPage\":{\"@id\":\"https:\/\/www.amstedmaxion.com.br\/maquinas-agricolas-vendas-recuam-405-no-primeiro-bimestre-diz-anfavea\/\"},\"wordCount\":423,\"commentCount\":0,\"publisher\":{\"@id\":\"https:\/\/www.amstedmaxion.com.br\/#organization\"},\"image\":{\"@id\":\"https:\/\/www.amstedmaxion.com.br\/maquinas-agricolas-vendas-recuam-405-no-primeiro-bimestre-diz-anfavea\/#primaryimage\"},\"thumbnailUrl\":\"https:\/\/www.amstedmaxion.com.br\/wp-content\/uploads\/2024\/04\/Maquinas-Agricolas-Canal-Rural.jpg\",\"articleSection\":[\"Newsletter\"],\"inLanguage\":\"en-US\",\"potentialAction\":[{\"@type\":\"CommentAction\",\"name\":\"Comment\",\"target\":[\"https:\/\/www.amstedmaxion.com.br\/maquinas-agricolas-vendas-recuam-405-no-primeiro-bimestre-diz-anfavea\/#respond\"]}]},{\"@type\":\"WebPage\",\"@id\":\"https:\/\/www.amstedmaxion.com.br\/maquinas-agricolas-vendas-recuam-405-no-primeiro-bimestre-diz-anfavea\/\",\"url\":\"https:\/\/www.amstedmaxion.com.br\/maquinas-agricolas-vendas-recuam-405-no-primeiro-bimestre-diz-anfavea\/\",\"name\":\"M\u00e1quinas agr\u00edcolas: vendas recuam 40,5% no primeiro bimestre, diz Anfavea - AmstedMaxion\",\"isPartOf\":{\"@id\":\"https:\/\/www.amstedmaxion.com.br\/#website\"},\"primaryImageOfPage\":{\"@id\":\"https:\/\/www.amstedmaxion.com.br\/maquinas-agricolas-vendas-recuam-405-no-primeiro-bimestre-diz-anfavea\/#primaryimage\"},\"image\":{\"@id\":\"https:\/\/www.amstedmaxion.com.br\/maquinas-agricolas-vendas-recuam-405-no-primeiro-bimestre-diz-anfavea\/#primaryimage\"},\"thumbnailUrl\":\"https:\/\/www.amstedmaxion.com.br\/wp-content\/uploads\/2024\/04\/Maquinas-Agricolas-Canal-Rural.jpg\",\"datePublished\":\"2024-04-11T18:26:59+00:00\",\"dateModified\":\"2024-04-11T18:27:23+00:00\",\"breadcrumb\":{\"@id\":\"https:\/\/www.amstedmaxion.com.br\/maquinas-agricolas-vendas-recuam-405-no-primeiro-bimestre-diz-anfavea\/#breadcrumb\"},\"inLanguage\":\"en-US\",\"potentialAction\":[{\"@type\":\"ReadAction\",\"target\":[\"https:\/\/www.amstedmaxion.com.br\/maquinas-agricolas-vendas-recuam-405-no-primeiro-bimestre-diz-anfavea\/\"]}]},{\"@type\":\"ImageObject\",\"inLanguage\":\"en-US\",\"@id\":\"https:\/\/www.amstedmaxion.com.br\/maquinas-agricolas-vendas-recuam-405-no-primeiro-bimestre-diz-anfavea\/#primaryimage\",\"url\":\"https:\/\/www.amstedmaxion.com.br\/wp-content\/uploads\/2024\/04\/Maquinas-Agricolas-Canal-Rural.jpg\",\"contentUrl\":\"https:\/\/www.amstedmaxion.com.br\/wp-content\/uploads\/2024\/04\/Maquinas-Agricolas-Canal-Rural.jpg\",\"width\":720,\"height\":500,\"caption\":\"Foto: captura de tela Canal Rural\"},{\"@type\":\"BreadcrumbList\",\"@id\":\"https:\/\/www.amstedmaxion.com.br\/maquinas-agricolas-vendas-recuam-405-no-primeiro-bimestre-diz-anfavea\/#breadcrumb\",\"itemListElement\":[{\"@type\":\"ListItem\",\"position\":1,\"name\":\"In\u00edcio\",\"item\":\"https:\/\/www.amstedmaxion.com.br\/\"},{\"@type\":\"ListItem\",\"position\":2,\"name\":\"M\u00e1quinas agr\u00edcolas: vendas recuam 40,5% no primeiro bimestre, diz Anfavea\"}]},{\"@type\":\"WebSite\",\"@id\":\"https:\/\/www.amstedmaxion.com.br\/#website\",\"url\":\"https:\/\/www.amstedmaxion.com.br\/\",\"name\":\"AmstedMaxion\",\"description\":\"AmstedMaxion - Fundi\u00e7\u00e3o e Equipamentos Ferrovi\u00e1rios\",\"publisher\":{\"@id\":\"https:\/\/www.amstedmaxion.com.br\/#organization\"},\"alternateName\":\"AmstedMaxion\",\"potentialAction\":[{\"@type\":\"SearchAction\",\"target\":{\"@type\":\"EntryPoint\",\"urlTemplate\":\"https:\/\/www.amstedmaxion.com.br\/?s={search_term_string}\"},\"query-input\":{\"@type\":\"PropertyValueSpecification\",\"valueRequired\":true,\"valueName\":\"search_term_string\"}}],\"inLanguage\":\"en-US\"},{\"@type\":\"Organization\",\"@id\":\"https:\/\/www.amstedmaxion.com.br\/#organization\",\"name\":\"AMSTEDMAXION\",\"url\":\"https:\/\/www.amstedmaxion.com.br\/\",\"logo\":{\"@type\":\"ImageObject\",\"inLanguage\":\"en-US\",\"@id\":\"https:\/\/www.amstedmaxion.com.br\/#\/schema\/logo\/image\/\",\"url\":\"https:\/\/www.amstedmaxion.com.br\/wp-content\/uploads\/2023\/11\/amsted.png\",\"contentUrl\":\"https:\/\/www.amstedmaxion.com.br\/wp-content\/uploads\/2023\/11\/amsted.png\",\"width\":500,\"height\":500,\"caption\":\"AMSTEDMAXION\"},\"image\":{\"@id\":\"https:\/\/www.amstedmaxion.com.br\/#\/schema\/logo\/image\/\"},\"sameAs\":[\"https:\/\/www.facebook.com\/AmstedMaxion.Oficial\",\"https:\/\/br.linkedin.com\/company\/amstedmaxion\"]},{\"@type\":\"Person\",\"@id\":\"https:\/\/www.amstedmaxion.com.br\/#\/schema\/person\/140cb65f07d4e66dd5543c8a187bf436\",\"name\":\"Rosane Storto\",\"image\":{\"@type\":\"ImageObject\",\"inLanguage\":\"en-US\",\"@id\":\"https:\/\/www.amstedmaxion.com.br\/#\/schema\/person\/image\/\",\"url\":\"https:\/\/secure.gravatar.com\/avatar\/0e3d021545bbe593cb0eb3ee740544fefa86d59762e63dec1dbe9480a34c98cd?s=96&d=mm&r=g\",\"contentUrl\":\"https:\/\/secure.gravatar.com\/avatar\/0e3d021545bbe593cb0eb3ee740544fefa86d59762e63dec1dbe9480a34c98cd?s=96&d=mm&r=g\",\"caption\":\"Rosane Storto\"}}]}<\/script>\n<!-- \/ Yoast SEO plugin. -->","yoast_head_json":{"title":"M\u00e1quinas agr\u00edcolas: vendas recuam 40,5% no primeiro bimestre, diz Anfavea - AmstedMaxion","robots":{"index":"index","follow":"follow","max-snippet":"max-snippet:-1","max-image-preview":"max-image-preview:large","max-video-preview":"max-video-preview:-1"},"canonical":"https:\/\/www.amstedmaxion.com.br\/maquinas-agricolas-vendas-recuam-405-no-primeiro-bimestre-diz-anfavea\/","og_locale":"en_US","og_type":"article","og_title":"M\u00e1quinas agr\u00edcolas: vendas recuam 40,5% no primeiro bimestre, diz Anfavea - AmstedMaxion","og_description":"Canal Rural &#8211; Proje\u00e7\u00e3o da entidade para comercializa\u00e7\u00e3o somada de m\u00e1quinas agr\u00edcolas e rodovi\u00e1rias neste ano \u00e9 de queda de 11% O mercado de m\u00e1quinas agr\u00edcolas teve mais um m\u00eas de forte baixa em fevereiro, quando as vendas dos equipamentos usados no campo recuaram 39% frente ao mesmo m\u00eas do ano passado. Entre tratores de [&hellip;]","og_url":"https:\/\/www.amstedmaxion.com.br\/maquinas-agricolas-vendas-recuam-405-no-primeiro-bimestre-diz-anfavea\/","og_site_name":"AmstedMaxion","article_publisher":"https:\/\/www.facebook.com\/AmstedMaxion.Oficial","article_published_time":"2024-04-11T18:26:59+00:00","article_modified_time":"2024-04-11T18:27:23+00:00","og_image":[{"width":720,"height":500,"url":"https:\/\/www.amstedmaxion.com.br\/wp-content\/uploads\/2024\/04\/Maquinas-Agricolas-Canal-Rural.jpg","type":"image\/jpeg"}],"author":"Rosane Storto","twitter_card":"summary_large_image","twitter_misc":{"Written by":"Rosane Storto","Est. reading time":"3 minutes"},"schema":{"@context":"https:\/\/schema.org","@graph":[{"@type":"Article","@id":"https:\/\/www.amstedmaxion.com.br\/maquinas-agricolas-vendas-recuam-405-no-primeiro-bimestre-diz-anfavea\/#article","isPartOf":{"@id":"https:\/\/www.amstedmaxion.com.br\/maquinas-agricolas-vendas-recuam-405-no-primeiro-bimestre-diz-anfavea\/"},"author":{"name":"Rosane Storto","@id":"https:\/\/www.amstedmaxion.com.br\/#\/schema\/person\/140cb65f07d4e66dd5543c8a187bf436"},"headline":"M\u00e1quinas agr\u00edcolas: vendas recuam 40,5% no primeiro bimestre, diz Anfavea","datePublished":"2024-04-11T18:26:59+00:00","dateModified":"2024-04-11T18:27:23+00:00","mainEntityOfPage":{"@id":"https:\/\/www.amstedmaxion.com.br\/maquinas-agricolas-vendas-recuam-405-no-primeiro-bimestre-diz-anfavea\/"},"wordCount":423,"commentCount":0,"publisher":{"@id":"https:\/\/www.amstedmaxion.com.br\/#organization"},"image":{"@id":"https:\/\/www.amstedmaxion.com.br\/maquinas-agricolas-vendas-recuam-405-no-primeiro-bimestre-diz-anfavea\/#primaryimage"},"thumbnailUrl":"https:\/\/www.amstedmaxion.com.br\/wp-content\/uploads\/2024\/04\/Maquinas-Agricolas-Canal-Rural.jpg","articleSection":["Newsletter"],"inLanguage":"en-US","potentialAction":[{"@type":"CommentAction","name":"Comment","target":["https:\/\/www.amstedmaxion.com.br\/maquinas-agricolas-vendas-recuam-405-no-primeiro-bimestre-diz-anfavea\/#respond"]}]},{"@type":"WebPage","@id":"https:\/\/www.amstedmaxion.com.br\/maquinas-agricolas-vendas-recuam-405-no-primeiro-bimestre-diz-anfavea\/","url":"https:\/\/www.amstedmaxion.com.br\/maquinas-agricolas-vendas-recuam-405-no-primeiro-bimestre-diz-anfavea\/","name":"M\u00e1quinas agr\u00edcolas: vendas recuam 40,5% no primeiro bimestre, diz Anfavea - AmstedMaxion","isPartOf":{"@id":"https:\/\/www.amstedmaxion.com.br\/#website"},"primaryImageOfPage":{"@id":"https:\/\/www.amstedmaxion.com.br\/maquinas-agricolas-vendas-recuam-405-no-primeiro-bimestre-diz-anfavea\/#primaryimage"},"image":{"@id":"https:\/\/www.amstedmaxion.com.br\/maquinas-agricolas-vendas-recuam-405-no-primeiro-bimestre-diz-anfavea\/#primaryimage"},"thumbnailUrl":"https:\/\/www.amstedmaxion.com.br\/wp-content\/uploads\/2024\/04\/Maquinas-Agricolas-Canal-Rural.jpg","datePublished":"2024-04-11T18:26:59+00:00","dateModified":"2024-04-11T18:27:23+00:00","breadcrumb":{"@id":"https:\/\/www.amstedmaxion.com.br\/maquinas-agricolas-vendas-recuam-405-no-primeiro-bimestre-diz-anfavea\/#breadcrumb"},"inLanguage":"en-US","potentialAction":[{"@type":"ReadAction","target":["https:\/\/www.amstedmaxion.com.br\/maquinas-agricolas-vendas-recuam-405-no-primeiro-bimestre-diz-anfavea\/"]}]},{"@type":"ImageObject","inLanguage":"en-US","@id":"https:\/\/www.amstedmaxion.com.br\/maquinas-agricolas-vendas-recuam-405-no-primeiro-bimestre-diz-anfavea\/#primaryimage","url":"https:\/\/www.amstedmaxion.com.br\/wp-content\/uploads\/2024\/04\/Maquinas-Agricolas-Canal-Rural.jpg","contentUrl":"https:\/\/www.amstedmaxion.com.br\/wp-content\/uploads\/2024\/04\/Maquinas-Agricolas-Canal-Rural.jpg","width":720,"height":500,"caption":"Foto: captura de tela Canal Rural"},{"@type":"BreadcrumbList","@id":"https:\/\/www.amstedmaxion.com.br\/maquinas-agricolas-vendas-recuam-405-no-primeiro-bimestre-diz-anfavea\/#breadcrumb","itemListElement":[{"@type":"ListItem","position":1,"name":"In\u00edcio","item":"https:\/\/www.amstedmaxion.com.br\/"},{"@type":"ListItem","position":2,"name":"M\u00e1quinas agr\u00edcolas: vendas recuam 40,5% no primeiro bimestre, diz Anfavea"}]},{"@type":"WebSite","@id":"https:\/\/www.amstedmaxion.com.br\/#website","url":"https:\/\/www.amstedmaxion.com.br\/","name":"AmstedMaxion","description":"AmstedMaxion - Fundi\u00e7\u00e3o e Equipamentos Ferrovi\u00e1rios","publisher":{"@id":"https:\/\/www.amstedmaxion.com.br\/#organization"},"alternateName":"AmstedMaxion","potentialAction":[{"@type":"SearchAction","target":{"@type":"EntryPoint","urlTemplate":"https:\/\/www.amstedmaxion.com.br\/?s={search_term_string}"},"query-input":{"@type":"PropertyValueSpecification","valueRequired":true,"valueName":"search_term_string"}}],"inLanguage":"en-US"},{"@type":"Organization","@id":"https:\/\/www.amstedmaxion.com.br\/#organization","name":"AMSTEDMAXION","url":"https:\/\/www.amstedmaxion.com.br\/","logo":{"@type":"ImageObject","inLanguage":"en-US","@id":"https:\/\/www.amstedmaxion.com.br\/#\/schema\/logo\/image\/","url":"https:\/\/www.amstedmaxion.com.br\/wp-content\/uploads\/2023\/11\/amsted.png","contentUrl":"https:\/\/www.amstedmaxion.com.br\/wp-content\/uploads\/2023\/11\/amsted.png","width":500,"height":500,"caption":"AMSTEDMAXION"},"image":{"@id":"https:\/\/www.amstedmaxion.com.br\/#\/schema\/logo\/image\/"},"sameAs":["https:\/\/www.facebook.com\/AmstedMaxion.Oficial","https:\/\/br.linkedin.com\/company\/amstedmaxion"]},{"@type":"Person","@id":"https:\/\/www.amstedmaxion.com.br\/#\/schema\/person\/140cb65f07d4e66dd5543c8a187bf436","name":"Rosane Storto","image":{"@type":"ImageObject","inLanguage":"en-US","@id":"https:\/\/www.amstedmaxion.com.br\/#\/schema\/person\/image\/","url":"https:\/\/secure.gravatar.com\/avatar\/0e3d021545bbe593cb0eb3ee740544fefa86d59762e63dec1dbe9480a34c98cd?s=96&d=mm&r=g","contentUrl":"https:\/\/secure.gravatar.com\/avatar\/0e3d021545bbe593cb0eb3ee740544fefa86d59762e63dec1dbe9480a34c98cd?s=96&d=mm&r=g","caption":"Rosane Storto"}}]}},"_links":{"self":[{"href":"https:\/\/www.amstedmaxion.com.br\/en\/wp-json\/wp\/v2\/posts\/49733","targetHints":{"allow":["GET"]}}],"collection":[{"href":"https:\/\/www.amstedmaxion.com.br\/en\/wp-json\/wp\/v2\/posts"}],"about":[{"href":"https:\/\/www.amstedmaxion.com.br\/en\/wp-json\/wp\/v2\/types\/post"}],"author":[{"embeddable":true,"href":"https:\/\/www.amstedmaxion.com.br\/en\/wp-json\/wp\/v2\/users\/5"}],"replies":[{"embeddable":true,"href":"https:\/\/www.amstedmaxion.com.br\/en\/wp-json\/wp\/v2\/comments?post=49733"}],"version-history":[{"count":1,"href":"https:\/\/www.amstedmaxion.com.br\/en\/wp-json\/wp\/v2\/posts\/49733\/revisions"}],"predecessor-version":[{"id":49736,"href":"https:\/\/www.amstedmaxion.com.br\/en\/wp-json\/wp\/v2\/posts\/49733\/revisions\/49736"}],"wp:featuredmedia":[{"embeddable":true,"href":"https:\/\/www.amstedmaxion.com.br\/en\/wp-json\/wp\/v2\/media\/49734"}],"wp:attachment":[{"href":"https:\/\/www.amstedmaxion.com.br\/en\/wp-json\/wp\/v2\/media?parent=49733"}],"wp:term":[{"taxonomy":"category","embeddable":true,"href":"https:\/\/www.amstedmaxion.com.br\/en\/wp-json\/wp\/v2\/categories?post=49733"},{"taxonomy":"post_tag","embeddable":true,"href":"https:\/\/www.amstedmaxion.com.br\/en\/wp-json\/wp\/v2\/tags?post=49733"}],"curies":[{"name":"wp","href":"https:\/\/api.w.org\/{rel}","templated":true}]}}