{"id":51785,"date":"2024-08-07T15:51:59","date_gmt":"2024-08-07T18:51:59","guid":{"rendered":"https:\/\/www.amstedmaxion.com.br\/?p=51785"},"modified":"2024-08-07T15:52:01","modified_gmt":"2024-08-07T18:52:01","slug":"agco-adia-retorno-das-atividades-em-fabrica-de-colheitadeiras-parada-desde-marco","status":"publish","type":"post","link":"https:\/\/www.amstedmaxion.com.br\/en\/agco-adia-retorno-das-atividades-em-fabrica-de-colheitadeiras-parada-desde-marco\/","title":{"rendered":"AGCO adia retorno das atividades em f\u00e1brica de colheitadeiras, parada desde mar\u00e7o"},"content":{"rendered":"\n<p>Globo Rural &#8211; Medida atinge em torno de 350 colaboradores da unidade<\/p>\n\n\n\n<p>A&nbsp;AGCO&nbsp;adiou para o fim de setembro o retorno das atividades na f\u00e1brica de colheitadeiras de Santa Rosa (RS),&nbsp;parada desde 25 de mar\u00e7o. Inicialmente, a previs\u00e3o \u00e9 que as atividades fossem retomadas no fim de julho.<\/p>\n\n\n\n<p>\u201cA decis\u00e3o faz parte dos esfor\u00e7os cont\u00ednuos para enfrentar redu\u00e7\u00f5es de volumes no mercado de m\u00e1quinas agr\u00edcolas\u201d, disse a&nbsp;AGCO&nbsp;em comunicado.<\/p>\n\n\n\n<p>A proposta de layoff foi negociada com o Sindicato dos Metal\u00fargicos de Santa Rosa (RS) e aprovada por maioria ampla (93%) na manh\u00e3 do dia 11 de mar\u00e7o para ser aplicada no dia 25.<\/p>\n\n\n\n<p>A proposta visa readequar a produ\u00e7\u00e3o \u00e0 demanda atual de mercado, mantendo o n\u00edvel de emprego, disse a&nbsp;AGCO&nbsp;na ocasi\u00e3o. A medida atinge em torno de 350 colaboradores. Em Santa Rosa, a companhia produz colheitadeiras.<\/p>\n\n\n\n<p>Em Canoas (RS), onde a&nbsp;AGCO&nbsp;produz tratores, as&nbsp;atividades ficaram paralisadas por tr\u00eas meses&nbsp;e foram retomadas em junho.<\/p>\n\n\n\n<p>Os layoffs acontecem enquanto a empresa registra um&nbsp;preju\u00edzo l\u00edquido de US$ 367,1 milh\u00f5es&nbsp;no segundo trimestre de 2024 (encerrado em junho), na compara\u00e7\u00e3o com um lucro l\u00edquido de US$ 319,2 milh\u00f5es no mesmo per\u00edodo de 2023.<\/p>\n\n\n\n<p>Globalmente, a\u00a0AGCO\u00a0anunciou que far\u00e1 um corte de 6% no quadro de funcion\u00e1rios. Al\u00e9m disso, tem concentrado seus esfor\u00e7os na agricultura de precis\u00e3o e na produ\u00e7\u00e3o de m\u00e1quinas agr\u00edcolas, por isso, no m\u00eas passado vendeu a\u00a0GSI e as outras empresas ligadas \u00e0 armazenagem, por US$ 700 milh\u00f5es.<\/p>\n\n\n\n<figure class=\"wp-block-image size-full is-resized\"><img loading=\"lazy\" decoding=\"async\" width=\"720\" height=\"461\" src=\"https:\/\/www.amstedmaxion.com.br\/wp-content\/uploads\/2024\/08\/AGCO-Globo-Rural.jpg\" alt=\"\" class=\"wp-image-51786\" style=\"width:477px;height:auto\" srcset=\"https:\/\/www.amstedmaxion.com.br\/wp-content\/uploads\/2024\/08\/AGCO-Globo-Rural.jpg 720w, https:\/\/www.amstedmaxion.com.br\/wp-content\/uploads\/2024\/08\/AGCO-Globo-Rural-300x192.jpg 300w\" sizes=\"auto, (max-width: 720px) 100vw, 720px\" \/><figcaption class=\"wp-element-caption\">Foto: captura de tela Globo Rural<\/figcaption><\/figure>\n\n\n\n<p>Fonte: Globo Rural \/ Fernanda Pressinott (<a href=\"https:\/\/globorural.globo.com\/negocios\/noticia\/2024\/08\/agco-adia-retorno-das-atividades-em-fabrica-de-colheitadeiras-parada-desde-marco.ghtml\">https:\/\/globorural.globo.com\/negocios\/noticia\/2024\/08\/agco-adia-retorno-das-atividades-em-fabrica-de-colheitadeiras-parada-desde-marco.ghtml<\/a>)<\/p>\n","protected":false},"excerpt":{"rendered":"<p>Globo Rural &#8211; Medida atinge em torno de 350 colaboradores da unidade A&nbsp;AGCO&nbsp;adiou para o fim de setembro o retorno das atividades na f\u00e1brica de colheitadeiras de Santa Rosa (RS),&nbsp;parada desde 25 de mar\u00e7o. Inicialmente, a previs\u00e3o \u00e9 que as atividades fossem retomadas no fim de julho. \u201cA decis\u00e3o faz parte dos esfor\u00e7os cont\u00ednuos para [&hellip;]<\/p>\n","protected":false},"author":5,"featured_media":51786,"comment_status":"open","ping_status":"open","sticky":false,"template":"","format":"standard","meta":{"_acf_changed":false,"footnotes":""},"categories":[148],"tags":[],"class_list":["post-51785","post","type-post","status-publish","format-standard","has-post-thumbnail","hentry","category-newsletter"],"acf":[],"yoast_head":"<!-- This site is optimized with the Yoast SEO plugin v23.9 - https:\/\/yoast.com\/wordpress\/plugins\/seo\/ -->\n<title>AGCO adia retorno das atividades em f\u00e1brica de colheitadeiras, parada desde mar\u00e7o - AmstedMaxion<\/title>\n<meta name=\"robots\" content=\"index, follow, max-snippet:-1, max-image-preview:large, max-video-preview:-1\" \/>\n<link rel=\"canonical\" href=\"https:\/\/www.amstedmaxion.com.br\/en\/agco-adia-retorno-das-atividades-em-fabrica-de-colheitadeiras-parada-desde-marco\/\" \/>\n<meta property=\"og:locale\" content=\"en_US\" \/>\n<meta property=\"og:type\" content=\"article\" \/>\n<meta property=\"og:title\" content=\"AGCO adia retorno das atividades em f\u00e1brica de colheitadeiras, parada desde mar\u00e7o - AmstedMaxion\" \/>\n<meta property=\"og:description\" content=\"Globo Rural &#8211; Medida atinge em torno de 350 colaboradores da unidade A&nbsp;AGCO&nbsp;adiou para o fim de setembro o retorno das atividades na f\u00e1brica de colheitadeiras de Santa Rosa (RS),&nbsp;parada desde 25 de mar\u00e7o. Inicialmente, a previs\u00e3o \u00e9 que as atividades fossem retomadas no fim de julho. \u201cA decis\u00e3o faz parte dos esfor\u00e7os cont\u00ednuos para [&hellip;]\" \/>\n<meta property=\"og:url\" content=\"https:\/\/www.amstedmaxion.com.br\/en\/agco-adia-retorno-das-atividades-em-fabrica-de-colheitadeiras-parada-desde-marco\/\" \/>\n<meta property=\"og:site_name\" content=\"AmstedMaxion\" \/>\n<meta property=\"article:publisher\" content=\"https:\/\/www.facebook.com\/AmstedMaxion.Oficial\" \/>\n<meta property=\"article:published_time\" content=\"2024-08-07T18:51:59+00:00\" \/>\n<meta property=\"article:modified_time\" content=\"2024-08-07T18:52:01+00:00\" \/>\n<meta property=\"og:image\" content=\"https:\/\/www.amstedmaxion.com.br\/wp-content\/uploads\/2024\/08\/AGCO-Globo-Rural.jpg\" \/>\n\t<meta property=\"og:image:width\" content=\"720\" \/>\n\t<meta property=\"og:image:height\" content=\"461\" \/>\n\t<meta property=\"og:image:type\" content=\"image\/jpeg\" \/>\n<meta name=\"author\" content=\"Rosane Storto\" \/>\n<meta name=\"twitter:card\" content=\"summary_large_image\" \/>\n<meta name=\"twitter:label1\" content=\"Written by\" \/>\n\t<meta name=\"twitter:data1\" content=\"Rosane Storto\" \/>\n\t<meta name=\"twitter:label2\" content=\"Est. reading time\" \/>\n\t<meta name=\"twitter:data2\" content=\"2 minutes\" \/>\n<script type=\"application\/ld+json\" class=\"yoast-schema-graph\">{\"@context\":\"https:\/\/schema.org\",\"@graph\":[{\"@type\":\"Article\",\"@id\":\"https:\/\/www.amstedmaxion.com.br\/en\/agco-adia-retorno-das-atividades-em-fabrica-de-colheitadeiras-parada-desde-marco\/#article\",\"isPartOf\":{\"@id\":\"https:\/\/www.amstedmaxion.com.br\/en\/agco-adia-retorno-das-atividades-em-fabrica-de-colheitadeiras-parada-desde-marco\/\"},\"author\":{\"name\":\"Rosane Storto\",\"@id\":\"https:\/\/www.amstedmaxion.com.br\/#\/schema\/person\/140cb65f07d4e66dd5543c8a187bf436\"},\"headline\":\"AGCO adia retorno das atividades em f\u00e1brica de colheitadeiras, parada desde mar\u00e7o\",\"datePublished\":\"2024-08-07T18:51:59+00:00\",\"dateModified\":\"2024-08-07T18:52:01+00:00\",\"mainEntityOfPage\":{\"@id\":\"https:\/\/www.amstedmaxion.com.br\/en\/agco-adia-retorno-das-atividades-em-fabrica-de-colheitadeiras-parada-desde-marco\/\"},\"wordCount\":310,\"commentCount\":0,\"publisher\":{\"@id\":\"https:\/\/www.amstedmaxion.com.br\/#organization\"},\"image\":{\"@id\":\"https:\/\/www.amstedmaxion.com.br\/en\/agco-adia-retorno-das-atividades-em-fabrica-de-colheitadeiras-parada-desde-marco\/#primaryimage\"},\"thumbnailUrl\":\"https:\/\/www.amstedmaxion.com.br\/wp-content\/uploads\/2024\/08\/AGCO-Globo-Rural.jpg\",\"articleSection\":[\"Newsletter\"],\"inLanguage\":\"en-US\",\"potentialAction\":[{\"@type\":\"CommentAction\",\"name\":\"Comment\",\"target\":[\"https:\/\/www.amstedmaxion.com.br\/en\/agco-adia-retorno-das-atividades-em-fabrica-de-colheitadeiras-parada-desde-marco\/#respond\"]}]},{\"@type\":\"WebPage\",\"@id\":\"https:\/\/www.amstedmaxion.com.br\/en\/agco-adia-retorno-das-atividades-em-fabrica-de-colheitadeiras-parada-desde-marco\/\",\"url\":\"https:\/\/www.amstedmaxion.com.br\/en\/agco-adia-retorno-das-atividades-em-fabrica-de-colheitadeiras-parada-desde-marco\/\",\"name\":\"AGCO adia retorno das atividades em f\u00e1brica de colheitadeiras, parada desde mar\u00e7o - AmstedMaxion\",\"isPartOf\":{\"@id\":\"https:\/\/www.amstedmaxion.com.br\/#website\"},\"primaryImageOfPage\":{\"@id\":\"https:\/\/www.amstedmaxion.com.br\/en\/agco-adia-retorno-das-atividades-em-fabrica-de-colheitadeiras-parada-desde-marco\/#primaryimage\"},\"image\":{\"@id\":\"https:\/\/www.amstedmaxion.com.br\/en\/agco-adia-retorno-das-atividades-em-fabrica-de-colheitadeiras-parada-desde-marco\/#primaryimage\"},\"thumbnailUrl\":\"https:\/\/www.amstedmaxion.com.br\/wp-content\/uploads\/2024\/08\/AGCO-Globo-Rural.jpg\",\"datePublished\":\"2024-08-07T18:51:59+00:00\",\"dateModified\":\"2024-08-07T18:52:01+00:00\",\"breadcrumb\":{\"@id\":\"https:\/\/www.amstedmaxion.com.br\/en\/agco-adia-retorno-das-atividades-em-fabrica-de-colheitadeiras-parada-desde-marco\/#breadcrumb\"},\"inLanguage\":\"en-US\",\"potentialAction\":[{\"@type\":\"ReadAction\",\"target\":[\"https:\/\/www.amstedmaxion.com.br\/en\/agco-adia-retorno-das-atividades-em-fabrica-de-colheitadeiras-parada-desde-marco\/\"]}]},{\"@type\":\"ImageObject\",\"inLanguage\":\"en-US\",\"@id\":\"https:\/\/www.amstedmaxion.com.br\/en\/agco-adia-retorno-das-atividades-em-fabrica-de-colheitadeiras-parada-desde-marco\/#primaryimage\",\"url\":\"https:\/\/www.amstedmaxion.com.br\/wp-content\/uploads\/2024\/08\/AGCO-Globo-Rural.jpg\",\"contentUrl\":\"https:\/\/www.amstedmaxion.com.br\/wp-content\/uploads\/2024\/08\/AGCO-Globo-Rural.jpg\",\"width\":720,\"height\":461,\"caption\":\"Foto: captura de tela Globo Rural\"},{\"@type\":\"BreadcrumbList\",\"@id\":\"https:\/\/www.amstedmaxion.com.br\/en\/agco-adia-retorno-das-atividades-em-fabrica-de-colheitadeiras-parada-desde-marco\/#breadcrumb\",\"itemListElement\":[{\"@type\":\"ListItem\",\"position\":1,\"name\":\"In\u00edcio\",\"item\":\"https:\/\/www.amstedmaxion.com.br\/\"},{\"@type\":\"ListItem\",\"position\":2,\"name\":\"AGCO adia retorno das atividades em f\u00e1brica de colheitadeiras, parada desde mar\u00e7o\"}]},{\"@type\":\"WebSite\",\"@id\":\"https:\/\/www.amstedmaxion.com.br\/#website\",\"url\":\"https:\/\/www.amstedmaxion.com.br\/\",\"name\":\"AmstedMaxion\",\"description\":\"AmstedMaxion - Fundi\u00e7\u00e3o e Equipamentos Ferrovi\u00e1rios\",\"publisher\":{\"@id\":\"https:\/\/www.amstedmaxion.com.br\/#organization\"},\"alternateName\":\"AmstedMaxion\",\"potentialAction\":[{\"@type\":\"SearchAction\",\"target\":{\"@type\":\"EntryPoint\",\"urlTemplate\":\"https:\/\/www.amstedmaxion.com.br\/?s={search_term_string}\"},\"query-input\":{\"@type\":\"PropertyValueSpecification\",\"valueRequired\":true,\"valueName\":\"search_term_string\"}}],\"inLanguage\":\"en-US\"},{\"@type\":\"Organization\",\"@id\":\"https:\/\/www.amstedmaxion.com.br\/#organization\",\"name\":\"AMSTEDMAXION\",\"url\":\"https:\/\/www.amstedmaxion.com.br\/\",\"logo\":{\"@type\":\"ImageObject\",\"inLanguage\":\"en-US\",\"@id\":\"https:\/\/www.amstedmaxion.com.br\/#\/schema\/logo\/image\/\",\"url\":\"https:\/\/www.amstedmaxion.com.br\/wp-content\/uploads\/2023\/11\/amsted.png\",\"contentUrl\":\"https:\/\/www.amstedmaxion.com.br\/wp-content\/uploads\/2023\/11\/amsted.png\",\"width\":500,\"height\":500,\"caption\":\"AMSTEDMAXION\"},\"image\":{\"@id\":\"https:\/\/www.amstedmaxion.com.br\/#\/schema\/logo\/image\/\"},\"sameAs\":[\"https:\/\/www.facebook.com\/AmstedMaxion.Oficial\",\"https:\/\/br.linkedin.com\/company\/amstedmaxion\"]},{\"@type\":\"Person\",\"@id\":\"https:\/\/www.amstedmaxion.com.br\/#\/schema\/person\/140cb65f07d4e66dd5543c8a187bf436\",\"name\":\"Rosane Storto\",\"image\":{\"@type\":\"ImageObject\",\"inLanguage\":\"en-US\",\"@id\":\"https:\/\/www.amstedmaxion.com.br\/#\/schema\/person\/image\/\",\"url\":\"https:\/\/secure.gravatar.com\/avatar\/0e3d021545bbe593cb0eb3ee740544fefa86d59762e63dec1dbe9480a34c98cd?s=96&d=mm&r=g\",\"contentUrl\":\"https:\/\/secure.gravatar.com\/avatar\/0e3d021545bbe593cb0eb3ee740544fefa86d59762e63dec1dbe9480a34c98cd?s=96&d=mm&r=g\",\"caption\":\"Rosane Storto\"}}]}<\/script>\n<!-- \/ Yoast SEO plugin. -->","yoast_head_json":{"title":"AGCO adia retorno das atividades em f\u00e1brica de colheitadeiras, parada desde mar\u00e7o - AmstedMaxion","robots":{"index":"index","follow":"follow","max-snippet":"max-snippet:-1","max-image-preview":"max-image-preview:large","max-video-preview":"max-video-preview:-1"},"canonical":"https:\/\/www.amstedmaxion.com.br\/en\/agco-adia-retorno-das-atividades-em-fabrica-de-colheitadeiras-parada-desde-marco\/","og_locale":"en_US","og_type":"article","og_title":"AGCO adia retorno das atividades em f\u00e1brica de colheitadeiras, parada desde mar\u00e7o - AmstedMaxion","og_description":"Globo Rural &#8211; Medida atinge em torno de 350 colaboradores da unidade A&nbsp;AGCO&nbsp;adiou para o fim de setembro o retorno das atividades na f\u00e1brica de colheitadeiras de Santa Rosa (RS),&nbsp;parada desde 25 de mar\u00e7o. Inicialmente, a previs\u00e3o \u00e9 que as atividades fossem retomadas no fim de julho. \u201cA decis\u00e3o faz parte dos esfor\u00e7os cont\u00ednuos para [&hellip;]","og_url":"https:\/\/www.amstedmaxion.com.br\/en\/agco-adia-retorno-das-atividades-em-fabrica-de-colheitadeiras-parada-desde-marco\/","og_site_name":"AmstedMaxion","article_publisher":"https:\/\/www.facebook.com\/AmstedMaxion.Oficial","article_published_time":"2024-08-07T18:51:59+00:00","article_modified_time":"2024-08-07T18:52:01+00:00","og_image":[{"width":720,"height":461,"url":"https:\/\/www.amstedmaxion.com.br\/wp-content\/uploads\/2024\/08\/AGCO-Globo-Rural.jpg","type":"image\/jpeg"}],"author":"Rosane Storto","twitter_card":"summary_large_image","twitter_misc":{"Written by":"Rosane Storto","Est. reading time":"2 minutes"},"schema":{"@context":"https:\/\/schema.org","@graph":[{"@type":"Article","@id":"https:\/\/www.amstedmaxion.com.br\/en\/agco-adia-retorno-das-atividades-em-fabrica-de-colheitadeiras-parada-desde-marco\/#article","isPartOf":{"@id":"https:\/\/www.amstedmaxion.com.br\/en\/agco-adia-retorno-das-atividades-em-fabrica-de-colheitadeiras-parada-desde-marco\/"},"author":{"name":"Rosane Storto","@id":"https:\/\/www.amstedmaxion.com.br\/#\/schema\/person\/140cb65f07d4e66dd5543c8a187bf436"},"headline":"AGCO adia retorno das atividades em f\u00e1brica de colheitadeiras, parada desde mar\u00e7o","datePublished":"2024-08-07T18:51:59+00:00","dateModified":"2024-08-07T18:52:01+00:00","mainEntityOfPage":{"@id":"https:\/\/www.amstedmaxion.com.br\/en\/agco-adia-retorno-das-atividades-em-fabrica-de-colheitadeiras-parada-desde-marco\/"},"wordCount":310,"commentCount":0,"publisher":{"@id":"https:\/\/www.amstedmaxion.com.br\/#organization"},"image":{"@id":"https:\/\/www.amstedmaxion.com.br\/en\/agco-adia-retorno-das-atividades-em-fabrica-de-colheitadeiras-parada-desde-marco\/#primaryimage"},"thumbnailUrl":"https:\/\/www.amstedmaxion.com.br\/wp-content\/uploads\/2024\/08\/AGCO-Globo-Rural.jpg","articleSection":["Newsletter"],"inLanguage":"en-US","potentialAction":[{"@type":"CommentAction","name":"Comment","target":["https:\/\/www.amstedmaxion.com.br\/en\/agco-adia-retorno-das-atividades-em-fabrica-de-colheitadeiras-parada-desde-marco\/#respond"]}]},{"@type":"WebPage","@id":"https:\/\/www.amstedmaxion.com.br\/en\/agco-adia-retorno-das-atividades-em-fabrica-de-colheitadeiras-parada-desde-marco\/","url":"https:\/\/www.amstedmaxion.com.br\/en\/agco-adia-retorno-das-atividades-em-fabrica-de-colheitadeiras-parada-desde-marco\/","name":"AGCO adia retorno das atividades em f\u00e1brica de colheitadeiras, parada desde mar\u00e7o - AmstedMaxion","isPartOf":{"@id":"https:\/\/www.amstedmaxion.com.br\/#website"},"primaryImageOfPage":{"@id":"https:\/\/www.amstedmaxion.com.br\/en\/agco-adia-retorno-das-atividades-em-fabrica-de-colheitadeiras-parada-desde-marco\/#primaryimage"},"image":{"@id":"https:\/\/www.amstedmaxion.com.br\/en\/agco-adia-retorno-das-atividades-em-fabrica-de-colheitadeiras-parada-desde-marco\/#primaryimage"},"thumbnailUrl":"https:\/\/www.amstedmaxion.com.br\/wp-content\/uploads\/2024\/08\/AGCO-Globo-Rural.jpg","datePublished":"2024-08-07T18:51:59+00:00","dateModified":"2024-08-07T18:52:01+00:00","breadcrumb":{"@id":"https:\/\/www.amstedmaxion.com.br\/en\/agco-adia-retorno-das-atividades-em-fabrica-de-colheitadeiras-parada-desde-marco\/#breadcrumb"},"inLanguage":"en-US","potentialAction":[{"@type":"ReadAction","target":["https:\/\/www.amstedmaxion.com.br\/en\/agco-adia-retorno-das-atividades-em-fabrica-de-colheitadeiras-parada-desde-marco\/"]}]},{"@type":"ImageObject","inLanguage":"en-US","@id":"https:\/\/www.amstedmaxion.com.br\/en\/agco-adia-retorno-das-atividades-em-fabrica-de-colheitadeiras-parada-desde-marco\/#primaryimage","url":"https:\/\/www.amstedmaxion.com.br\/wp-content\/uploads\/2024\/08\/AGCO-Globo-Rural.jpg","contentUrl":"https:\/\/www.amstedmaxion.com.br\/wp-content\/uploads\/2024\/08\/AGCO-Globo-Rural.jpg","width":720,"height":461,"caption":"Foto: captura de tela Globo Rural"},{"@type":"BreadcrumbList","@id":"https:\/\/www.amstedmaxion.com.br\/en\/agco-adia-retorno-das-atividades-em-fabrica-de-colheitadeiras-parada-desde-marco\/#breadcrumb","itemListElement":[{"@type":"ListItem","position":1,"name":"In\u00edcio","item":"https:\/\/www.amstedmaxion.com.br\/"},{"@type":"ListItem","position":2,"name":"AGCO adia retorno das atividades em f\u00e1brica de colheitadeiras, parada desde mar\u00e7o"}]},{"@type":"WebSite","@id":"https:\/\/www.amstedmaxion.com.br\/#website","url":"https:\/\/www.amstedmaxion.com.br\/","name":"AmstedMaxion","description":"AmstedMaxion - Fundi\u00e7\u00e3o e Equipamentos Ferrovi\u00e1rios","publisher":{"@id":"https:\/\/www.amstedmaxion.com.br\/#organization"},"alternateName":"AmstedMaxion","potentialAction":[{"@type":"SearchAction","target":{"@type":"EntryPoint","urlTemplate":"https:\/\/www.amstedmaxion.com.br\/?s={search_term_string}"},"query-input":{"@type":"PropertyValueSpecification","valueRequired":true,"valueName":"search_term_string"}}],"inLanguage":"en-US"},{"@type":"Organization","@id":"https:\/\/www.amstedmaxion.com.br\/#organization","name":"AMSTEDMAXION","url":"https:\/\/www.amstedmaxion.com.br\/","logo":{"@type":"ImageObject","inLanguage":"en-US","@id":"https:\/\/www.amstedmaxion.com.br\/#\/schema\/logo\/image\/","url":"https:\/\/www.amstedmaxion.com.br\/wp-content\/uploads\/2023\/11\/amsted.png","contentUrl":"https:\/\/www.amstedmaxion.com.br\/wp-content\/uploads\/2023\/11\/amsted.png","width":500,"height":500,"caption":"AMSTEDMAXION"},"image":{"@id":"https:\/\/www.amstedmaxion.com.br\/#\/schema\/logo\/image\/"},"sameAs":["https:\/\/www.facebook.com\/AmstedMaxion.Oficial","https:\/\/br.linkedin.com\/company\/amstedmaxion"]},{"@type":"Person","@id":"https:\/\/www.amstedmaxion.com.br\/#\/schema\/person\/140cb65f07d4e66dd5543c8a187bf436","name":"Rosane Storto","image":{"@type":"ImageObject","inLanguage":"en-US","@id":"https:\/\/www.amstedmaxion.com.br\/#\/schema\/person\/image\/","url":"https:\/\/secure.gravatar.com\/avatar\/0e3d021545bbe593cb0eb3ee740544fefa86d59762e63dec1dbe9480a34c98cd?s=96&d=mm&r=g","contentUrl":"https:\/\/secure.gravatar.com\/avatar\/0e3d021545bbe593cb0eb3ee740544fefa86d59762e63dec1dbe9480a34c98cd?s=96&d=mm&r=g","caption":"Rosane Storto"}}]}},"_links":{"self":[{"href":"https:\/\/www.amstedmaxion.com.br\/en\/wp-json\/wp\/v2\/posts\/51785","targetHints":{"allow":["GET"]}}],"collection":[{"href":"https:\/\/www.amstedmaxion.com.br\/en\/wp-json\/wp\/v2\/posts"}],"about":[{"href":"https:\/\/www.amstedmaxion.com.br\/en\/wp-json\/wp\/v2\/types\/post"}],"author":[{"embeddable":true,"href":"https:\/\/www.amstedmaxion.com.br\/en\/wp-json\/wp\/v2\/users\/5"}],"replies":[{"embeddable":true,"href":"https:\/\/www.amstedmaxion.com.br\/en\/wp-json\/wp\/v2\/comments?post=51785"}],"version-history":[{"count":1,"href":"https:\/\/www.amstedmaxion.com.br\/en\/wp-json\/wp\/v2\/posts\/51785\/revisions"}],"predecessor-version":[{"id":51788,"href":"https:\/\/www.amstedmaxion.com.br\/en\/wp-json\/wp\/v2\/posts\/51785\/revisions\/51788"}],"wp:featuredmedia":[{"embeddable":true,"href":"https:\/\/www.amstedmaxion.com.br\/en\/wp-json\/wp\/v2\/media\/51786"}],"wp:attachment":[{"href":"https:\/\/www.amstedmaxion.com.br\/en\/wp-json\/wp\/v2\/media?parent=51785"}],"wp:term":[{"taxonomy":"category","embeddable":true,"href":"https:\/\/www.amstedmaxion.com.br\/en\/wp-json\/wp\/v2\/categories?post=51785"},{"taxonomy":"post_tag","embeddable":true,"href":"https:\/\/www.amstedmaxion.com.br\/en\/wp-json\/wp\/v2\/tags?post=51785"}],"curies":[{"name":"wp","href":"https:\/\/api.w.org\/{rel}","templated":true}]}}