{"id":5390,"date":"2019-02-01T16:29:27","date_gmt":"2019-02-01T18:29:27","guid":{"rendered":"http:\/\/www.amstedmaxion.com.br\/?p=5390"},"modified":"2019-02-25T16:30:58","modified_gmt":"2019-02-25T19:30:58","slug":"governo-quer-dobrar-fatia-de-ferrovia-no-transporte-diz-freitas","status":"publish","type":"post","link":"https:\/\/www.amstedmaxion.com.br\/en\/governo-quer-dobrar-fatia-de-ferrovia-no-transporte-diz-freitas\/","title":{"rendered":"GOVERNO QUER DOBRAR FATIA DE FERROVIA NO TRANSPORTE, DIZ FREITAS"},"content":{"rendered":"<p>(Bloomberg) \u2014 O Brasil pretende impulsionar os investimentos em ferrovias, incluindo uma nova rota atrav\u00e9s da Floresta Amaz\u00f4nica, para reduzir os custos de transporte da crescente produ\u00e7\u00e3o de soja e milho, segundo o ministro de Infraestrutura, Tarc\u00edsio de Freitas.<\/p>\n<p>O novo governo planeja dobrar a capacidade ferrovi\u00e1ria do pa\u00eds por meio de concess\u00f5es que demandar\u00e3o investimentos de cerca de R$ 25 bilh\u00f5es nos pr\u00f3ximos anos, disse o ministro, durante entrevista em S\u00e3o Paulo.<\/p>\n<p>\u201cA prioridade n\u00famero 1 do minist\u00e9rio hoje s\u00e3o as ferrovias\u201d, disse o engenheiro de 43 anos, citando uma lista de projetos que incluem a conclus\u00e3o da ferrovia Norte-Sul e a constru\u00e7\u00e3o da Fico e Ferrogr\u00e3o. O plano criaria uma gama de alternativas para a exporta\u00e7\u00e3o de gr\u00e3os cultivados na principal regi\u00e3o agr\u00edcola do Brasil. \u201cIsso vai gerar competi\u00e7\u00e3o em oferta de transporte, o que far\u00e1 o frete despencar.\u201d<\/p>\n<p>Parte da produ\u00e7\u00e3o brasileira de soja \u00e9 atualmente transportada por mais de 1.600 quil\u00f4metros de estradas prec\u00e1rias de Mato Grosso, que produz um quarto da produ\u00e7\u00e3o do pa\u00eds, para portos distantes da regi\u00e3o Sudeste. O acesso a terminais de exporta\u00e7\u00e3o mais pr\u00f3ximos no Norte depende de caminh\u00f5es que passam por quil\u00f4metros de estrada n\u00e3o pavimentadas.<\/p>\n<p>ABCDs<\/p>\n<p>A Ferrogr\u00e3o \u00e9 um projeto de 1.000 quil\u00f4metros concebido pelas principais tradings de commodities \u2013 conhecidas como \u201cABCDs\u201d \u2013 e planejado para ligar fazendas de soja em Mato Grosso ao Porto de Miritituba, no rio Tapaj\u00f3s, no Par\u00e1.<\/p>\n<p>Para Freitas, o projeto \u00e9 \u201cdesafiador, mas vi\u00e1vel\u201d. A rede responderia pela rota de exporta\u00e7\u00e3o de cerca de 40% da produ\u00e7\u00e3o de soja e milho do Mato Grosso, que pode aumentar para mais de 100 milh\u00f5es de toneladas at\u00e9 2025, das atuais 62 milh\u00f5es de toneladas, disse o ministro.<\/p>\n<p>As ABCDs, grupo formado por Amaggi, ADM, Bunge, Cargill e Dreyfus, est\u00e3o dispostas a participar com 30% do investimento estimado em R$ 13 bilh\u00f5es e os agricultores do Mato Grosso tamb\u00e9m entrar com at\u00e9 R$ 800 milh\u00f5es por ano por meio de um fundo coletivo, segundo Freitas. O projeto tamb\u00e9m atraiu interesse de investidores chineses.<\/p>\n<p>As ferrovias respondem por cerca de 15% transporte de cargas no Brasil, n\u00famero que pode subir para cerca de 30% em menos de uma d\u00e9cada se os atuais projetos de concess\u00e3o forem bem-sucedidos, disse Freitas.<\/p>\n<p>Cias de constru\u00e7\u00e3o<\/p>\n<p>Freitas disse ainda que as construtoras brasileiras atingidas pela Lava Jato, incluindo a Odebrecht, devem ter permiss\u00e3o para voltar aos neg\u00f3cios e entrarem novamente em grandes projetos de infraestrutura.<\/p>\n<p>\u201cEssas empresas t\u00eam pessoas, engenharia, acervo, hist\u00f3ria\u201d, afirmou, acrescentando que podem ser contratadas por empresas estrangeiras para executar projetos, em vez de fazer concess\u00f5es. \u201cEssas empresas s\u00e3o importantes, a gente n\u00e3o pode destruir as nossas empresas.\u201d<\/p>\n<p>Fonte: Uol Economia<\/p>\n","protected":false},"excerpt":{"rendered":"<p>(Bloomberg) \u2014 O Brasil pretende impulsionar os investimentos em ferrovias, incluindo uma nova rota atrav\u00e9s da Floresta Amaz\u00f4nica, para reduzir os custos de transporte da crescente produ\u00e7\u00e3o de soja e milho, segundo o ministro de Infraestrutura, Tarc\u00edsio de Freitas. O novo governo planeja dobrar a capacidade ferrovi\u00e1ria do pa\u00eds por meio de concess\u00f5es que demandar\u00e3o [&hellip;]<\/p>\n","protected":false},"author":5,"featured_media":0,"comment_status":"open","ping_status":"open","sticky":false,"template":"","format":"standard","meta":{"_acf_changed":false,"footnotes":""},"categories":[2],"tags":[],"class_list":["post-5390","post","type-post","status-publish","format-standard","hentry","category-noticias"],"acf":[],"yoast_head":"<!-- This site is optimized with the Yoast SEO plugin v23.9 - https:\/\/yoast.com\/wordpress\/plugins\/seo\/ -->\n<title>GOVERNO QUER DOBRAR FATIA DE FERROVIA NO TRANSPORTE, DIZ FREITAS - AmstedMaxion<\/title>\n<meta name=\"robots\" content=\"index, follow, max-snippet:-1, max-image-preview:large, max-video-preview:-1\" \/>\n<link rel=\"canonical\" href=\"https:\/\/www.amstedmaxion.com.br\/governo-quer-dobrar-fatia-de-ferrovia-no-transporte-diz-freitas\/\" \/>\n<meta property=\"og:locale\" content=\"en_US\" \/>\n<meta property=\"og:type\" content=\"article\" \/>\n<meta property=\"og:title\" content=\"GOVERNO QUER DOBRAR FATIA DE FERROVIA NO TRANSPORTE, DIZ FREITAS - AmstedMaxion\" \/>\n<meta property=\"og:description\" content=\"(Bloomberg) \u2014 O Brasil pretende impulsionar os investimentos em ferrovias, incluindo uma nova rota atrav\u00e9s da Floresta Amaz\u00f4nica, para reduzir os custos de transporte da crescente produ\u00e7\u00e3o de soja e milho, segundo o ministro de Infraestrutura, Tarc\u00edsio de Freitas. O novo governo planeja dobrar a capacidade ferrovi\u00e1ria do pa\u00eds por meio de concess\u00f5es que demandar\u00e3o [&hellip;]\" \/>\n<meta property=\"og:url\" content=\"https:\/\/www.amstedmaxion.com.br\/governo-quer-dobrar-fatia-de-ferrovia-no-transporte-diz-freitas\/\" \/>\n<meta property=\"og:site_name\" content=\"AmstedMaxion\" \/>\n<meta property=\"article:publisher\" content=\"https:\/\/www.facebook.com\/AmstedMaxion.Oficial\" \/>\n<meta property=\"article:published_time\" content=\"2019-02-01T18:29:27+00:00\" \/>\n<meta property=\"article:modified_time\" content=\"2019-02-25T19:30:58+00:00\" \/>\n<meta name=\"author\" content=\"Rosane Storto\" \/>\n<meta name=\"twitter:card\" content=\"summary_large_image\" \/>\n<meta name=\"twitter:label1\" content=\"Written by\" \/>\n\t<meta name=\"twitter:data1\" content=\"Rosane Storto\" \/>\n\t<meta name=\"twitter:label2\" content=\"Est. reading time\" \/>\n\t<meta name=\"twitter:data2\" content=\"2 minutes\" \/>\n<script type=\"application\/ld+json\" class=\"yoast-schema-graph\">{\"@context\":\"https:\/\/schema.org\",\"@graph\":[{\"@type\":\"Article\",\"@id\":\"https:\/\/www.amstedmaxion.com.br\/governo-quer-dobrar-fatia-de-ferrovia-no-transporte-diz-freitas\/#article\",\"isPartOf\":{\"@id\":\"https:\/\/www.amstedmaxion.com.br\/governo-quer-dobrar-fatia-de-ferrovia-no-transporte-diz-freitas\/\"},\"author\":{\"name\":\"Rosane Storto\",\"@id\":\"https:\/\/www.amstedmaxion.com.br\/#\/schema\/person\/140cb65f07d4e66dd5543c8a187bf436\"},\"headline\":\"GOVERNO QUER DOBRAR FATIA DE FERROVIA NO TRANSPORTE, DIZ FREITAS\",\"datePublished\":\"2019-02-01T18:29:27+00:00\",\"dateModified\":\"2019-02-25T19:30:58+00:00\",\"mainEntityOfPage\":{\"@id\":\"https:\/\/www.amstedmaxion.com.br\/governo-quer-dobrar-fatia-de-ferrovia-no-transporte-diz-freitas\/\"},\"wordCount\":492,\"commentCount\":0,\"publisher\":{\"@id\":\"https:\/\/www.amstedmaxion.com.br\/#organization\"},\"articleSection\":[\"Not\u00edcias da AmstedMaxion\"],\"inLanguage\":\"en-US\",\"potentialAction\":[{\"@type\":\"CommentAction\",\"name\":\"Comment\",\"target\":[\"https:\/\/www.amstedmaxion.com.br\/governo-quer-dobrar-fatia-de-ferrovia-no-transporte-diz-freitas\/#respond\"]}]},{\"@type\":\"WebPage\",\"@id\":\"https:\/\/www.amstedmaxion.com.br\/governo-quer-dobrar-fatia-de-ferrovia-no-transporte-diz-freitas\/\",\"url\":\"https:\/\/www.amstedmaxion.com.br\/governo-quer-dobrar-fatia-de-ferrovia-no-transporte-diz-freitas\/\",\"name\":\"GOVERNO QUER DOBRAR FATIA DE FERROVIA NO TRANSPORTE, DIZ FREITAS - AmstedMaxion\",\"isPartOf\":{\"@id\":\"https:\/\/www.amstedmaxion.com.br\/#website\"},\"datePublished\":\"2019-02-01T18:29:27+00:00\",\"dateModified\":\"2019-02-25T19:30:58+00:00\",\"breadcrumb\":{\"@id\":\"https:\/\/www.amstedmaxion.com.br\/governo-quer-dobrar-fatia-de-ferrovia-no-transporte-diz-freitas\/#breadcrumb\"},\"inLanguage\":\"en-US\",\"potentialAction\":[{\"@type\":\"ReadAction\",\"target\":[\"https:\/\/www.amstedmaxion.com.br\/governo-quer-dobrar-fatia-de-ferrovia-no-transporte-diz-freitas\/\"]}]},{\"@type\":\"BreadcrumbList\",\"@id\":\"https:\/\/www.amstedmaxion.com.br\/governo-quer-dobrar-fatia-de-ferrovia-no-transporte-diz-freitas\/#breadcrumb\",\"itemListElement\":[{\"@type\":\"ListItem\",\"position\":1,\"name\":\"In\u00edcio\",\"item\":\"https:\/\/www.amstedmaxion.com.br\/\"},{\"@type\":\"ListItem\",\"position\":2,\"name\":\"GOVERNO QUER DOBRAR FATIA DE FERROVIA NO TRANSPORTE, DIZ FREITAS\"}]},{\"@type\":\"WebSite\",\"@id\":\"https:\/\/www.amstedmaxion.com.br\/#website\",\"url\":\"https:\/\/www.amstedmaxion.com.br\/\",\"name\":\"AmstedMaxion\",\"description\":\"AmstedMaxion - Fundi\u00e7\u00e3o e Equipamentos Ferrovi\u00e1rios\",\"publisher\":{\"@id\":\"https:\/\/www.amstedmaxion.com.br\/#organization\"},\"alternateName\":\"AmstedMaxion\",\"potentialAction\":[{\"@type\":\"SearchAction\",\"target\":{\"@type\":\"EntryPoint\",\"urlTemplate\":\"https:\/\/www.amstedmaxion.com.br\/?s={search_term_string}\"},\"query-input\":{\"@type\":\"PropertyValueSpecification\",\"valueRequired\":true,\"valueName\":\"search_term_string\"}}],\"inLanguage\":\"en-US\"},{\"@type\":\"Organization\",\"@id\":\"https:\/\/www.amstedmaxion.com.br\/#organization\",\"name\":\"AMSTEDMAXION\",\"url\":\"https:\/\/www.amstedmaxion.com.br\/\",\"logo\":{\"@type\":\"ImageObject\",\"inLanguage\":\"en-US\",\"@id\":\"https:\/\/www.amstedmaxion.com.br\/#\/schema\/logo\/image\/\",\"url\":\"https:\/\/www.amstedmaxion.com.br\/wp-content\/uploads\/2023\/11\/amsted.png\",\"contentUrl\":\"https:\/\/www.amstedmaxion.com.br\/wp-content\/uploads\/2023\/11\/amsted.png\",\"width\":500,\"height\":500,\"caption\":\"AMSTEDMAXION\"},\"image\":{\"@id\":\"https:\/\/www.amstedmaxion.com.br\/#\/schema\/logo\/image\/\"},\"sameAs\":[\"https:\/\/www.facebook.com\/AmstedMaxion.Oficial\",\"https:\/\/br.linkedin.com\/company\/amstedmaxion\"]},{\"@type\":\"Person\",\"@id\":\"https:\/\/www.amstedmaxion.com.br\/#\/schema\/person\/140cb65f07d4e66dd5543c8a187bf436\",\"name\":\"Rosane Storto\",\"image\":{\"@type\":\"ImageObject\",\"inLanguage\":\"en-US\",\"@id\":\"https:\/\/www.amstedmaxion.com.br\/#\/schema\/person\/image\/\",\"url\":\"https:\/\/secure.gravatar.com\/avatar\/0e3d021545bbe593cb0eb3ee740544fefa86d59762e63dec1dbe9480a34c98cd?s=96&d=mm&r=g\",\"contentUrl\":\"https:\/\/secure.gravatar.com\/avatar\/0e3d021545bbe593cb0eb3ee740544fefa86d59762e63dec1dbe9480a34c98cd?s=96&d=mm&r=g\",\"caption\":\"Rosane Storto\"}}]}<\/script>\n<!-- \/ Yoast SEO plugin. -->","yoast_head_json":{"title":"GOVERNO QUER DOBRAR FATIA DE FERROVIA NO TRANSPORTE, DIZ FREITAS - AmstedMaxion","robots":{"index":"index","follow":"follow","max-snippet":"max-snippet:-1","max-image-preview":"max-image-preview:large","max-video-preview":"max-video-preview:-1"},"canonical":"https:\/\/www.amstedmaxion.com.br\/governo-quer-dobrar-fatia-de-ferrovia-no-transporte-diz-freitas\/","og_locale":"en_US","og_type":"article","og_title":"GOVERNO QUER DOBRAR FATIA DE FERROVIA NO TRANSPORTE, DIZ FREITAS - AmstedMaxion","og_description":"(Bloomberg) \u2014 O Brasil pretende impulsionar os investimentos em ferrovias, incluindo uma nova rota atrav\u00e9s da Floresta Amaz\u00f4nica, para reduzir os custos de transporte da crescente produ\u00e7\u00e3o de soja e milho, segundo o ministro de Infraestrutura, Tarc\u00edsio de Freitas. O novo governo planeja dobrar a capacidade ferrovi\u00e1ria do pa\u00eds por meio de concess\u00f5es que demandar\u00e3o [&hellip;]","og_url":"https:\/\/www.amstedmaxion.com.br\/governo-quer-dobrar-fatia-de-ferrovia-no-transporte-diz-freitas\/","og_site_name":"AmstedMaxion","article_publisher":"https:\/\/www.facebook.com\/AmstedMaxion.Oficial","article_published_time":"2019-02-01T18:29:27+00:00","article_modified_time":"2019-02-25T19:30:58+00:00","author":"Rosane Storto","twitter_card":"summary_large_image","twitter_misc":{"Written by":"Rosane Storto","Est. reading time":"2 minutes"},"schema":{"@context":"https:\/\/schema.org","@graph":[{"@type":"Article","@id":"https:\/\/www.amstedmaxion.com.br\/governo-quer-dobrar-fatia-de-ferrovia-no-transporte-diz-freitas\/#article","isPartOf":{"@id":"https:\/\/www.amstedmaxion.com.br\/governo-quer-dobrar-fatia-de-ferrovia-no-transporte-diz-freitas\/"},"author":{"name":"Rosane Storto","@id":"https:\/\/www.amstedmaxion.com.br\/#\/schema\/person\/140cb65f07d4e66dd5543c8a187bf436"},"headline":"GOVERNO QUER DOBRAR FATIA DE FERROVIA NO TRANSPORTE, DIZ FREITAS","datePublished":"2019-02-01T18:29:27+00:00","dateModified":"2019-02-25T19:30:58+00:00","mainEntityOfPage":{"@id":"https:\/\/www.amstedmaxion.com.br\/governo-quer-dobrar-fatia-de-ferrovia-no-transporte-diz-freitas\/"},"wordCount":492,"commentCount":0,"publisher":{"@id":"https:\/\/www.amstedmaxion.com.br\/#organization"},"articleSection":["Not\u00edcias da AmstedMaxion"],"inLanguage":"en-US","potentialAction":[{"@type":"CommentAction","name":"Comment","target":["https:\/\/www.amstedmaxion.com.br\/governo-quer-dobrar-fatia-de-ferrovia-no-transporte-diz-freitas\/#respond"]}]},{"@type":"WebPage","@id":"https:\/\/www.amstedmaxion.com.br\/governo-quer-dobrar-fatia-de-ferrovia-no-transporte-diz-freitas\/","url":"https:\/\/www.amstedmaxion.com.br\/governo-quer-dobrar-fatia-de-ferrovia-no-transporte-diz-freitas\/","name":"GOVERNO QUER DOBRAR FATIA DE FERROVIA NO TRANSPORTE, DIZ FREITAS - AmstedMaxion","isPartOf":{"@id":"https:\/\/www.amstedmaxion.com.br\/#website"},"datePublished":"2019-02-01T18:29:27+00:00","dateModified":"2019-02-25T19:30:58+00:00","breadcrumb":{"@id":"https:\/\/www.amstedmaxion.com.br\/governo-quer-dobrar-fatia-de-ferrovia-no-transporte-diz-freitas\/#breadcrumb"},"inLanguage":"en-US","potentialAction":[{"@type":"ReadAction","target":["https:\/\/www.amstedmaxion.com.br\/governo-quer-dobrar-fatia-de-ferrovia-no-transporte-diz-freitas\/"]}]},{"@type":"BreadcrumbList","@id":"https:\/\/www.amstedmaxion.com.br\/governo-quer-dobrar-fatia-de-ferrovia-no-transporte-diz-freitas\/#breadcrumb","itemListElement":[{"@type":"ListItem","position":1,"name":"In\u00edcio","item":"https:\/\/www.amstedmaxion.com.br\/"},{"@type":"ListItem","position":2,"name":"GOVERNO QUER DOBRAR FATIA DE FERROVIA NO TRANSPORTE, DIZ FREITAS"}]},{"@type":"WebSite","@id":"https:\/\/www.amstedmaxion.com.br\/#website","url":"https:\/\/www.amstedmaxion.com.br\/","name":"AmstedMaxion","description":"AmstedMaxion - Fundi\u00e7\u00e3o e Equipamentos Ferrovi\u00e1rios","publisher":{"@id":"https:\/\/www.amstedmaxion.com.br\/#organization"},"alternateName":"AmstedMaxion","potentialAction":[{"@type":"SearchAction","target":{"@type":"EntryPoint","urlTemplate":"https:\/\/www.amstedmaxion.com.br\/?s={search_term_string}"},"query-input":{"@type":"PropertyValueSpecification","valueRequired":true,"valueName":"search_term_string"}}],"inLanguage":"en-US"},{"@type":"Organization","@id":"https:\/\/www.amstedmaxion.com.br\/#organization","name":"AMSTEDMAXION","url":"https:\/\/www.amstedmaxion.com.br\/","logo":{"@type":"ImageObject","inLanguage":"en-US","@id":"https:\/\/www.amstedmaxion.com.br\/#\/schema\/logo\/image\/","url":"https:\/\/www.amstedmaxion.com.br\/wp-content\/uploads\/2023\/11\/amsted.png","contentUrl":"https:\/\/www.amstedmaxion.com.br\/wp-content\/uploads\/2023\/11\/amsted.png","width":500,"height":500,"caption":"AMSTEDMAXION"},"image":{"@id":"https:\/\/www.amstedmaxion.com.br\/#\/schema\/logo\/image\/"},"sameAs":["https:\/\/www.facebook.com\/AmstedMaxion.Oficial","https:\/\/br.linkedin.com\/company\/amstedmaxion"]},{"@type":"Person","@id":"https:\/\/www.amstedmaxion.com.br\/#\/schema\/person\/140cb65f07d4e66dd5543c8a187bf436","name":"Rosane Storto","image":{"@type":"ImageObject","inLanguage":"en-US","@id":"https:\/\/www.amstedmaxion.com.br\/#\/schema\/person\/image\/","url":"https:\/\/secure.gravatar.com\/avatar\/0e3d021545bbe593cb0eb3ee740544fefa86d59762e63dec1dbe9480a34c98cd?s=96&d=mm&r=g","contentUrl":"https:\/\/secure.gravatar.com\/avatar\/0e3d021545bbe593cb0eb3ee740544fefa86d59762e63dec1dbe9480a34c98cd?s=96&d=mm&r=g","caption":"Rosane Storto"}}]}},"_links":{"self":[{"href":"https:\/\/www.amstedmaxion.com.br\/en\/wp-json\/wp\/v2\/posts\/5390","targetHints":{"allow":["GET"]}}],"collection":[{"href":"https:\/\/www.amstedmaxion.com.br\/en\/wp-json\/wp\/v2\/posts"}],"about":[{"href":"https:\/\/www.amstedmaxion.com.br\/en\/wp-json\/wp\/v2\/types\/post"}],"author":[{"embeddable":true,"href":"https:\/\/www.amstedmaxion.com.br\/en\/wp-json\/wp\/v2\/users\/5"}],"replies":[{"embeddable":true,"href":"https:\/\/www.amstedmaxion.com.br\/en\/wp-json\/wp\/v2\/comments?post=5390"}],"version-history":[{"count":1,"href":"https:\/\/www.amstedmaxion.com.br\/en\/wp-json\/wp\/v2\/posts\/5390\/revisions"}],"predecessor-version":[{"id":5392,"href":"https:\/\/www.amstedmaxion.com.br\/en\/wp-json\/wp\/v2\/posts\/5390\/revisions\/5392"}],"wp:attachment":[{"href":"https:\/\/www.amstedmaxion.com.br\/en\/wp-json\/wp\/v2\/media?parent=5390"}],"wp:term":[{"taxonomy":"category","embeddable":true,"href":"https:\/\/www.amstedmaxion.com.br\/en\/wp-json\/wp\/v2\/categories?post=5390"},{"taxonomy":"post_tag","embeddable":true,"href":"https:\/\/www.amstedmaxion.com.br\/en\/wp-json\/wp\/v2\/tags?post=5390"}],"curies":[{"name":"wp","href":"https:\/\/api.w.org\/{rel}","templated":true}]}}