{"id":6009,"date":"2019-03-21T08:46:55","date_gmt":"2019-03-21T11:46:55","guid":{"rendered":"http:\/\/www.amstedmaxion.com.br\/?p=6009"},"modified":"2019-03-22T08:52:06","modified_gmt":"2019-03-22T11:52:06","slug":"concessionaria-da-cosan-vai-disputar-leilao-da-norte-sul","status":"publish","type":"post","link":"https:\/\/www.amstedmaxion.com.br\/en\/concessionaria-da-cosan-vai-disputar-leilao-da-norte-sul\/","title":{"rendered":"Concession\u00e1ria da Cosan vai disputar leil\u00e3o da Norte-Sul"},"content":{"rendered":"<p>A Rumo, maior operadora log\u00edstica de base ferrovi\u00e1ria do pa\u00eds, vai disputar o leil\u00e3o da Ferrovia Norte-Sul, marcado para o dia 28. Segundo o presidente da Cosan, Marcos Lutz, a controlada far\u00e1 uma proposta pela concess\u00e3o do trecho de pouco mais de 1,5 mil quil\u00f4metros entre Porto Nacional (TO) e Estrela D&#8217; Oeste (SP), com valor m\u00ednimo de outorga de R$ 1,353 bilh\u00e3o. N\u00e3o est\u00e1 claro, por\u00e9m, se o valor que deve ser ofertado \u00e9 competitivo.<\/p>\n<p>&#8220;Vamos fazer uma oferta. Se vai ser competitiva, \u00e9 outra hist\u00f3ria&#8221;, disse Lutz, ap\u00f3s as apresenta\u00e7\u00f5es do Cosan Day, realizado ontem em S\u00e3o Paulo. Por ter a maior malha ferrovi\u00e1ria do pa\u00eds, para a Rumo, olhar o ativo \u00e9 visto como obriga\u00e7\u00e3o. O edital, que recebeu uma s\u00e9rie de questionamentos, est\u00e1 sendo estudado &#8220;profundamente&#8221;.<\/p>\n<p>De acordo com o presidente da Rumo, J\u00falio Fontana, a companhia recebeu na sexta-feira \u00e0 noite um caderno com algumas centenas de p\u00e1ginas com respostas a questionamentos sobre o edital, apresentados por interessados no certame. &#8220;H\u00e1 alguns problemas&#8221;, observou. Ainda assim, a concession\u00e1ria apresentar\u00e1 sua oferta. &#8220;Talvez n\u00e3o seja competitiva&#8221;, reiterou Lutz.<\/p>\n<p>A alguns dias de transferir a presid\u00eancia da Rumo para Jo\u00e3o Alberto Fernandez de Abreu, Fontana disse que o resultado antes de juros, impostos, deprecia\u00e7\u00e3o e amortiza\u00e7\u00e3o (Ebitda) manter\u00e1 a expans\u00e3o de dois d\u00edgitos nos pr\u00f3ximos anos, referindo-se \u00e0 proje\u00e7\u00e3o de alta m\u00e9dia anual de 15% at\u00e9 2023. Com essa taxa, o Ebitda alcan\u00e7ar\u00e1 algo entre R$ 6,2 bilh\u00f5es e R$ 6,9 bilh\u00f5es naquele ano, frente ao intervalo de R$ 3,85 bilh\u00f5es a R$ 4,15 bilh\u00f5es estimado para 2019.<\/p>\n<p>A proje\u00e7\u00e3o para os resultados, por\u00e9m, foi ofuscada pelo programa de investimentos anunciado ontem. Para o intervalo de 2019 a 2023, a companhia prev\u00ea desembolso total de R$ 13 bilh\u00f5es a R$ 15 bilh\u00f5es. Somente neste ano, ser\u00e3o investidos de R$ 2 bilh\u00f5es a R$ 2,2 bilh\u00f5es, acima do que o mercado esperava &#8211; como resultado, as a\u00e7\u00f5es da Rumo fecharam o dia em baixa de 4,89%, a R$ 19,46.<\/p>\n<p>O or\u00e7amento apresentado ontem inclui a ado\u00e7\u00e3o de trens de 120 vag\u00f5es na opera\u00e7\u00e3o Norte, em lugar de trens com 80 vag\u00f5es como ocorre hoje. Essa mudan\u00e7a elevar\u00e1 em 50% a capacidade ferrovi\u00e1ria, com ganho de produtividade, competitividade e efici\u00eancia de custos, conforme Beto Abreu.<\/p>\n<p>O investimento faz parte de um projeto maior para a opera\u00e7\u00e3o Norte, cujo foco \u00e9 a produ\u00e7\u00e3o de gr\u00e3os em Mato Grosso e \u00e9 a grande aposta da Rumo. Nos pr\u00f3ximos dez anos, comentou Abreu, haver\u00e1 crescimento relevante dos volumes produzidos no Estado e 70% seguir\u00e1 sendo exportado. &#8220;A\u00ed est\u00e1 a grande oportunidade de crescimento&#8221;, disse. Para fazer frente a essa expans\u00e3o, investimentos em capacidade operacional ser\u00e3o elevados. Ap\u00f3s o lan\u00e7amento da pedra fundamental do terminal em Sorriso (MT), a companhia investir\u00e1 em extens\u00e3o da Malha Norte. Esse projeto, por\u00e9m, depende da aprova\u00e7\u00e3o final da Malha Paulista.<\/p>\n<p>Al\u00e9m do leil\u00e3o da Norte-Sul, a Cosan estar\u00e1 na disputa dos terminais portu\u00e1rios que ser\u00e3o licitados nesta sexta-feira na B3. Segundo o presidente da Ra\u00edzen, Luiz Henrique Guimar\u00e3es, a empresa tem interesse em todos os ativos que estiverem dispon\u00edveis &#8211; s\u00e3o tr\u00eas terminais no Porto de Cabedelo (PB) e um em Vit\u00f3ria (ES), mas a companhia obteve uma liminar que suspende a disputa por um dos terminais de Cabedelo. A joint venture entre Shell e Cosan tamb\u00e9m tem interesse em terminais dedicados a combust\u00edveis em Bel\u00e9m (PA), que ser\u00e3o leiloados em abril.<\/p>\n<p>Segundo Lutz, a estrat\u00e9gia de longo prazo da Cosan ainda \u00e9 a de ter uma \u00fanica holding, abaixo da qual aparecem as empresas operacionais, listadas em bolsa. Mas n\u00e3o h\u00e1 previs\u00e3o de quando essa estrutura ser\u00e1 alcan\u00e7ada. Hoje, existem tr\u00eas: al\u00e9m da Cosan S.A, a CZZ e a Cosan Log\u00edstica. &#8220;O prazo para chegar l\u00e1, n\u00e3o sei dizer. Mas vamos dando passos nessa dire\u00e7\u00e3o&#8221;.<\/p>\n<p>Ele defendeu ainda a estrat\u00e9gia de aloca\u00e7\u00e3o de recursos na recompra de a\u00e7\u00f5es de empresas do grupo. &#8220;Se houver um ativo mais atrativo do que a minha pr\u00f3pria a\u00e7\u00e3o, vamos olhar essa aquisi\u00e7\u00e3o&#8221;, ponderou. Um processo de venda de refinarias da Petrobras, por exemplo, ser\u00e1 acompanhado. A princ\u00edpio, contudo, n\u00e3o haveria interesse nesses ativos. Em 2019, o Ebitda consolidado da Cosan S.A. deve ficar entre R$ 5,6 bilh\u00f5es e R$ 6 bilh\u00f5es, ante R$ 5,1 bilh\u00f5es em 2018.<\/p>\n<p>Fonte: Valor Econ\u00f4mico<\/p>\n","protected":false},"excerpt":{"rendered":"<p>A Rumo, maior operadora log\u00edstica de base ferrovi\u00e1ria do pa\u00eds, vai disputar o leil\u00e3o da Ferrovia Norte-Sul, marcado para o dia 28. Segundo o presidente da Cosan, Marcos Lutz, a controlada far\u00e1 uma proposta pela concess\u00e3o do trecho de pouco mais de 1,5 mil quil\u00f4metros entre Porto Nacional (TO) e Estrela D&#8217; Oeste (SP), com [&hellip;]<\/p>\n","protected":false},"author":5,"featured_media":0,"comment_status":"open","ping_status":"open","sticky":false,"template":"","format":"standard","meta":{"_acf_changed":false,"footnotes":""},"categories":[2],"tags":[],"class_list":["post-6009","post","type-post","status-publish","format-standard","hentry","category-noticias"],"acf":[],"yoast_head":"<!-- This site is optimized with the Yoast SEO plugin v23.9 - https:\/\/yoast.com\/wordpress\/plugins\/seo\/ -->\n<title>Concession\u00e1ria da Cosan vai disputar leil\u00e3o da Norte-Sul - AmstedMaxion<\/title>\n<meta name=\"robots\" content=\"index, follow, max-snippet:-1, max-image-preview:large, max-video-preview:-1\" \/>\n<link rel=\"canonical\" href=\"https:\/\/www.amstedmaxion.com.br\/concessionaria-da-cosan-vai-disputar-leilao-da-norte-sul\/\" \/>\n<meta property=\"og:locale\" content=\"en_US\" \/>\n<meta property=\"og:type\" content=\"article\" \/>\n<meta property=\"og:title\" content=\"Concession\u00e1ria da Cosan vai disputar leil\u00e3o da Norte-Sul - AmstedMaxion\" \/>\n<meta property=\"og:description\" content=\"A Rumo, maior operadora log\u00edstica de base ferrovi\u00e1ria do pa\u00eds, vai disputar o leil\u00e3o da Ferrovia Norte-Sul, marcado para o dia 28. Segundo o presidente da Cosan, Marcos Lutz, a controlada far\u00e1 uma proposta pela concess\u00e3o do trecho de pouco mais de 1,5 mil quil\u00f4metros entre Porto Nacional (TO) e Estrela D&#8217; Oeste (SP), com [&hellip;]\" \/>\n<meta property=\"og:url\" content=\"https:\/\/www.amstedmaxion.com.br\/concessionaria-da-cosan-vai-disputar-leilao-da-norte-sul\/\" \/>\n<meta property=\"og:site_name\" content=\"AmstedMaxion\" \/>\n<meta property=\"article:publisher\" content=\"https:\/\/www.facebook.com\/AmstedMaxion.Oficial\" \/>\n<meta property=\"article:published_time\" content=\"2019-03-21T11:46:55+00:00\" \/>\n<meta property=\"article:modified_time\" content=\"2019-03-22T11:52:06+00:00\" \/>\n<meta name=\"author\" content=\"Rosane Storto\" \/>\n<meta name=\"twitter:card\" content=\"summary_large_image\" \/>\n<meta name=\"twitter:label1\" content=\"Written by\" \/>\n\t<meta name=\"twitter:data1\" content=\"Rosane Storto\" \/>\n\t<meta name=\"twitter:label2\" content=\"Est. reading time\" \/>\n\t<meta name=\"twitter:data2\" content=\"4 minutes\" \/>\n<script type=\"application\/ld+json\" class=\"yoast-schema-graph\">{\"@context\":\"https:\/\/schema.org\",\"@graph\":[{\"@type\":\"Article\",\"@id\":\"https:\/\/www.amstedmaxion.com.br\/concessionaria-da-cosan-vai-disputar-leilao-da-norte-sul\/#article\",\"isPartOf\":{\"@id\":\"https:\/\/www.amstedmaxion.com.br\/concessionaria-da-cosan-vai-disputar-leilao-da-norte-sul\/\"},\"author\":{\"name\":\"Rosane Storto\",\"@id\":\"https:\/\/www.amstedmaxion.com.br\/#\/schema\/person\/140cb65f07d4e66dd5543c8a187bf436\"},\"headline\":\"Concession\u00e1ria da Cosan vai disputar leil\u00e3o da Norte-Sul\",\"datePublished\":\"2019-03-21T11:46:55+00:00\",\"dateModified\":\"2019-03-22T11:52:06+00:00\",\"mainEntityOfPage\":{\"@id\":\"https:\/\/www.amstedmaxion.com.br\/concessionaria-da-cosan-vai-disputar-leilao-da-norte-sul\/\"},\"wordCount\":785,\"commentCount\":0,\"publisher\":{\"@id\":\"https:\/\/www.amstedmaxion.com.br\/#organization\"},\"articleSection\":[\"Not\u00edcias da AmstedMaxion\"],\"inLanguage\":\"en-US\",\"potentialAction\":[{\"@type\":\"CommentAction\",\"name\":\"Comment\",\"target\":[\"https:\/\/www.amstedmaxion.com.br\/concessionaria-da-cosan-vai-disputar-leilao-da-norte-sul\/#respond\"]}]},{\"@type\":\"WebPage\",\"@id\":\"https:\/\/www.amstedmaxion.com.br\/concessionaria-da-cosan-vai-disputar-leilao-da-norte-sul\/\",\"url\":\"https:\/\/www.amstedmaxion.com.br\/concessionaria-da-cosan-vai-disputar-leilao-da-norte-sul\/\",\"name\":\"Concession\u00e1ria da Cosan vai disputar leil\u00e3o da Norte-Sul - AmstedMaxion\",\"isPartOf\":{\"@id\":\"https:\/\/www.amstedmaxion.com.br\/#website\"},\"datePublished\":\"2019-03-21T11:46:55+00:00\",\"dateModified\":\"2019-03-22T11:52:06+00:00\",\"breadcrumb\":{\"@id\":\"https:\/\/www.amstedmaxion.com.br\/concessionaria-da-cosan-vai-disputar-leilao-da-norte-sul\/#breadcrumb\"},\"inLanguage\":\"en-US\",\"potentialAction\":[{\"@type\":\"ReadAction\",\"target\":[\"https:\/\/www.amstedmaxion.com.br\/concessionaria-da-cosan-vai-disputar-leilao-da-norte-sul\/\"]}]},{\"@type\":\"BreadcrumbList\",\"@id\":\"https:\/\/www.amstedmaxion.com.br\/concessionaria-da-cosan-vai-disputar-leilao-da-norte-sul\/#breadcrumb\",\"itemListElement\":[{\"@type\":\"ListItem\",\"position\":1,\"name\":\"In\u00edcio\",\"item\":\"https:\/\/www.amstedmaxion.com.br\/\"},{\"@type\":\"ListItem\",\"position\":2,\"name\":\"Concession\u00e1ria da Cosan vai disputar leil\u00e3o da Norte-Sul\"}]},{\"@type\":\"WebSite\",\"@id\":\"https:\/\/www.amstedmaxion.com.br\/#website\",\"url\":\"https:\/\/www.amstedmaxion.com.br\/\",\"name\":\"AmstedMaxion\",\"description\":\"AmstedMaxion - Fundi\u00e7\u00e3o e Equipamentos Ferrovi\u00e1rios\",\"publisher\":{\"@id\":\"https:\/\/www.amstedmaxion.com.br\/#organization\"},\"alternateName\":\"AmstedMaxion\",\"potentialAction\":[{\"@type\":\"SearchAction\",\"target\":{\"@type\":\"EntryPoint\",\"urlTemplate\":\"https:\/\/www.amstedmaxion.com.br\/?s={search_term_string}\"},\"query-input\":{\"@type\":\"PropertyValueSpecification\",\"valueRequired\":true,\"valueName\":\"search_term_string\"}}],\"inLanguage\":\"en-US\"},{\"@type\":\"Organization\",\"@id\":\"https:\/\/www.amstedmaxion.com.br\/#organization\",\"name\":\"AMSTEDMAXION\",\"url\":\"https:\/\/www.amstedmaxion.com.br\/\",\"logo\":{\"@type\":\"ImageObject\",\"inLanguage\":\"en-US\",\"@id\":\"https:\/\/www.amstedmaxion.com.br\/#\/schema\/logo\/image\/\",\"url\":\"https:\/\/www.amstedmaxion.com.br\/wp-content\/uploads\/2023\/11\/amsted.png\",\"contentUrl\":\"https:\/\/www.amstedmaxion.com.br\/wp-content\/uploads\/2023\/11\/amsted.png\",\"width\":500,\"height\":500,\"caption\":\"AMSTEDMAXION\"},\"image\":{\"@id\":\"https:\/\/www.amstedmaxion.com.br\/#\/schema\/logo\/image\/\"},\"sameAs\":[\"https:\/\/www.facebook.com\/AmstedMaxion.Oficial\",\"https:\/\/br.linkedin.com\/company\/amstedmaxion\"]},{\"@type\":\"Person\",\"@id\":\"https:\/\/www.amstedmaxion.com.br\/#\/schema\/person\/140cb65f07d4e66dd5543c8a187bf436\",\"name\":\"Rosane Storto\",\"image\":{\"@type\":\"ImageObject\",\"inLanguage\":\"en-US\",\"@id\":\"https:\/\/www.amstedmaxion.com.br\/#\/schema\/person\/image\/\",\"url\":\"https:\/\/secure.gravatar.com\/avatar\/0e3d021545bbe593cb0eb3ee740544fefa86d59762e63dec1dbe9480a34c98cd?s=96&d=mm&r=g\",\"contentUrl\":\"https:\/\/secure.gravatar.com\/avatar\/0e3d021545bbe593cb0eb3ee740544fefa86d59762e63dec1dbe9480a34c98cd?s=96&d=mm&r=g\",\"caption\":\"Rosane Storto\"}}]}<\/script>\n<!-- \/ Yoast SEO plugin. -->","yoast_head_json":{"title":"Concession\u00e1ria da Cosan vai disputar leil\u00e3o da Norte-Sul - AmstedMaxion","robots":{"index":"index","follow":"follow","max-snippet":"max-snippet:-1","max-image-preview":"max-image-preview:large","max-video-preview":"max-video-preview:-1"},"canonical":"https:\/\/www.amstedmaxion.com.br\/concessionaria-da-cosan-vai-disputar-leilao-da-norte-sul\/","og_locale":"en_US","og_type":"article","og_title":"Concession\u00e1ria da Cosan vai disputar leil\u00e3o da Norte-Sul - AmstedMaxion","og_description":"A Rumo, maior operadora log\u00edstica de base ferrovi\u00e1ria do pa\u00eds, vai disputar o leil\u00e3o da Ferrovia Norte-Sul, marcado para o dia 28. Segundo o presidente da Cosan, Marcos Lutz, a controlada far\u00e1 uma proposta pela concess\u00e3o do trecho de pouco mais de 1,5 mil quil\u00f4metros entre Porto Nacional (TO) e Estrela D&#8217; Oeste (SP), com [&hellip;]","og_url":"https:\/\/www.amstedmaxion.com.br\/concessionaria-da-cosan-vai-disputar-leilao-da-norte-sul\/","og_site_name":"AmstedMaxion","article_publisher":"https:\/\/www.facebook.com\/AmstedMaxion.Oficial","article_published_time":"2019-03-21T11:46:55+00:00","article_modified_time":"2019-03-22T11:52:06+00:00","author":"Rosane Storto","twitter_card":"summary_large_image","twitter_misc":{"Written by":"Rosane Storto","Est. reading time":"4 minutes"},"schema":{"@context":"https:\/\/schema.org","@graph":[{"@type":"Article","@id":"https:\/\/www.amstedmaxion.com.br\/concessionaria-da-cosan-vai-disputar-leilao-da-norte-sul\/#article","isPartOf":{"@id":"https:\/\/www.amstedmaxion.com.br\/concessionaria-da-cosan-vai-disputar-leilao-da-norte-sul\/"},"author":{"name":"Rosane Storto","@id":"https:\/\/www.amstedmaxion.com.br\/#\/schema\/person\/140cb65f07d4e66dd5543c8a187bf436"},"headline":"Concession\u00e1ria da Cosan vai disputar leil\u00e3o da Norte-Sul","datePublished":"2019-03-21T11:46:55+00:00","dateModified":"2019-03-22T11:52:06+00:00","mainEntityOfPage":{"@id":"https:\/\/www.amstedmaxion.com.br\/concessionaria-da-cosan-vai-disputar-leilao-da-norte-sul\/"},"wordCount":785,"commentCount":0,"publisher":{"@id":"https:\/\/www.amstedmaxion.com.br\/#organization"},"articleSection":["Not\u00edcias da AmstedMaxion"],"inLanguage":"en-US","potentialAction":[{"@type":"CommentAction","name":"Comment","target":["https:\/\/www.amstedmaxion.com.br\/concessionaria-da-cosan-vai-disputar-leilao-da-norte-sul\/#respond"]}]},{"@type":"WebPage","@id":"https:\/\/www.amstedmaxion.com.br\/concessionaria-da-cosan-vai-disputar-leilao-da-norte-sul\/","url":"https:\/\/www.amstedmaxion.com.br\/concessionaria-da-cosan-vai-disputar-leilao-da-norte-sul\/","name":"Concession\u00e1ria da Cosan vai disputar leil\u00e3o da Norte-Sul - AmstedMaxion","isPartOf":{"@id":"https:\/\/www.amstedmaxion.com.br\/#website"},"datePublished":"2019-03-21T11:46:55+00:00","dateModified":"2019-03-22T11:52:06+00:00","breadcrumb":{"@id":"https:\/\/www.amstedmaxion.com.br\/concessionaria-da-cosan-vai-disputar-leilao-da-norte-sul\/#breadcrumb"},"inLanguage":"en-US","potentialAction":[{"@type":"ReadAction","target":["https:\/\/www.amstedmaxion.com.br\/concessionaria-da-cosan-vai-disputar-leilao-da-norte-sul\/"]}]},{"@type":"BreadcrumbList","@id":"https:\/\/www.amstedmaxion.com.br\/concessionaria-da-cosan-vai-disputar-leilao-da-norte-sul\/#breadcrumb","itemListElement":[{"@type":"ListItem","position":1,"name":"In\u00edcio","item":"https:\/\/www.amstedmaxion.com.br\/"},{"@type":"ListItem","position":2,"name":"Concession\u00e1ria da Cosan vai disputar leil\u00e3o da Norte-Sul"}]},{"@type":"WebSite","@id":"https:\/\/www.amstedmaxion.com.br\/#website","url":"https:\/\/www.amstedmaxion.com.br\/","name":"AmstedMaxion","description":"AmstedMaxion - Fundi\u00e7\u00e3o e Equipamentos Ferrovi\u00e1rios","publisher":{"@id":"https:\/\/www.amstedmaxion.com.br\/#organization"},"alternateName":"AmstedMaxion","potentialAction":[{"@type":"SearchAction","target":{"@type":"EntryPoint","urlTemplate":"https:\/\/www.amstedmaxion.com.br\/?s={search_term_string}"},"query-input":{"@type":"PropertyValueSpecification","valueRequired":true,"valueName":"search_term_string"}}],"inLanguage":"en-US"},{"@type":"Organization","@id":"https:\/\/www.amstedmaxion.com.br\/#organization","name":"AMSTEDMAXION","url":"https:\/\/www.amstedmaxion.com.br\/","logo":{"@type":"ImageObject","inLanguage":"en-US","@id":"https:\/\/www.amstedmaxion.com.br\/#\/schema\/logo\/image\/","url":"https:\/\/www.amstedmaxion.com.br\/wp-content\/uploads\/2023\/11\/amsted.png","contentUrl":"https:\/\/www.amstedmaxion.com.br\/wp-content\/uploads\/2023\/11\/amsted.png","width":500,"height":500,"caption":"AMSTEDMAXION"},"image":{"@id":"https:\/\/www.amstedmaxion.com.br\/#\/schema\/logo\/image\/"},"sameAs":["https:\/\/www.facebook.com\/AmstedMaxion.Oficial","https:\/\/br.linkedin.com\/company\/amstedmaxion"]},{"@type":"Person","@id":"https:\/\/www.amstedmaxion.com.br\/#\/schema\/person\/140cb65f07d4e66dd5543c8a187bf436","name":"Rosane Storto","image":{"@type":"ImageObject","inLanguage":"en-US","@id":"https:\/\/www.amstedmaxion.com.br\/#\/schema\/person\/image\/","url":"https:\/\/secure.gravatar.com\/avatar\/0e3d021545bbe593cb0eb3ee740544fefa86d59762e63dec1dbe9480a34c98cd?s=96&d=mm&r=g","contentUrl":"https:\/\/secure.gravatar.com\/avatar\/0e3d021545bbe593cb0eb3ee740544fefa86d59762e63dec1dbe9480a34c98cd?s=96&d=mm&r=g","caption":"Rosane Storto"}}]}},"_links":{"self":[{"href":"https:\/\/www.amstedmaxion.com.br\/en\/wp-json\/wp\/v2\/posts\/6009","targetHints":{"allow":["GET"]}}],"collection":[{"href":"https:\/\/www.amstedmaxion.com.br\/en\/wp-json\/wp\/v2\/posts"}],"about":[{"href":"https:\/\/www.amstedmaxion.com.br\/en\/wp-json\/wp\/v2\/types\/post"}],"author":[{"embeddable":true,"href":"https:\/\/www.amstedmaxion.com.br\/en\/wp-json\/wp\/v2\/users\/5"}],"replies":[{"embeddable":true,"href":"https:\/\/www.amstedmaxion.com.br\/en\/wp-json\/wp\/v2\/comments?post=6009"}],"version-history":[{"count":1,"href":"https:\/\/www.amstedmaxion.com.br\/en\/wp-json\/wp\/v2\/posts\/6009\/revisions"}],"predecessor-version":[{"id":6015,"href":"https:\/\/www.amstedmaxion.com.br\/en\/wp-json\/wp\/v2\/posts\/6009\/revisions\/6015"}],"wp:attachment":[{"href":"https:\/\/www.amstedmaxion.com.br\/en\/wp-json\/wp\/v2\/media?parent=6009"}],"wp:term":[{"taxonomy":"category","embeddable":true,"href":"https:\/\/www.amstedmaxion.com.br\/en\/wp-json\/wp\/v2\/categories?post=6009"},{"taxonomy":"post_tag","embeddable":true,"href":"https:\/\/www.amstedmaxion.com.br\/en\/wp-json\/wp\/v2\/tags?post=6009"}],"curies":[{"name":"wp","href":"https:\/\/api.w.org\/{rel}","templated":true}]}}