{"id":6670,"date":"2019-04-29T11:26:22","date_gmt":"2019-04-29T14:26:22","guid":{"rendered":"http:\/\/www.amstedmaxion.com.br\/?p=6670"},"modified":"2019-04-29T11:26:22","modified_gmt":"2019-04-29T14:26:22","slug":"para-especialistas-projeto-sobre-ferrovias-privadas-estimulara-investimentos","status":"publish","type":"post","link":"https:\/\/www.amstedmaxion.com.br\/en\/para-especialistas-projeto-sobre-ferrovias-privadas-estimulara-investimentos\/","title":{"rendered":"Para especialistas, projeto sobre ferrovias privadas estimular\u00e1 investimentos"},"content":{"rendered":"<p>O projeto que permite \u00e0 iniciativa privada a constru\u00e7\u00e3o e a opera\u00e7\u00e3o de suas pr\u00f3prias ferrovias (PLS 261\/2018) aponta para uma contribui\u00e7\u00e3o decisiva para os investimentos em log\u00edstica, entendem os especialistas ouvidos pela Comiss\u00e3o de Servi\u00e7os de Infraestrutura (CI) em audi\u00eancia p\u00fablica interativa realizada nesta quinta-feira (25). Os convidados chamaram aten\u00e7\u00e3o para as limita\u00e7\u00f5es do setor ferrovi\u00e1rio brasileiro, que tem baixa cobertura territorial e longos trechos ociosos, e criticaram a concentra\u00e7\u00e3o de mercado no transporte sobre trilhos.<\/p>\n<p>Os precedentes hist\u00f3ricos s\u00e3o favor\u00e1veis \u00e0 autorregula\u00e7\u00e3o no setor ferrovi\u00e1rio no entendimento de Danielle Crema, assessora especial do Minist\u00e9rio da Infraestrutura. A desestatiza\u00e7\u00e3o das ferrovias atrav\u00e9s do regime de explora\u00e7\u00e3o de concess\u00f5es \u2014 processo iniciado em 1996 \u2014 levou a um crescimento de cerca de 30% do transporte ferrovi\u00e1rio, mas grande parte do investimento em trilhos se concentrou em corredores de commodities, com \u00eanfase no transporte de min\u00e9rio de ferro, ressaltou Danielle. Ela acrescentou que, apesar dos avan\u00e7os, a persist\u00eancia de elevados \u00edndices de abandono e subutiliza\u00e7\u00e3o de ferrovias aponta para \u201cum arcabou\u00e7o regulat\u00f3rio bastante arcaico\u201d.<\/p>\n<p>\u2014 As iniciativas em curso, baseadas no marco vigente n\u00e3o t\u00eam sido suficientes para sanar nosso deficits de infraestrutura \u2014 definiu.<\/p>\n<p>Para Gabriel Fiuza, subsecret\u00e1rio de regula\u00e7\u00e3o e mercado da Secretaria de Desenvolvimento da Infraestrutura do Minist\u00e9rio da Economia, o pa\u00eds precisaria de um investimento geral de R$ 10 trilh\u00f5es para voltar aos n\u00edveis do in\u00edcio dos anos 1980 de estoque de capital na infraestrutura.<\/p>\n<p>\u2014 Essa queda no estoque de capital est\u00e1 relacionada \u00e0 produtividade, que tem a ver com a quantidade e a qualidade de empregos. Tivemos uma brutal perda de competitividade nas \u00faltimas d\u00e9cadas \u2014 declarou.<\/p>\n<p>Ainda segundo Fiuza, o setor ferrovi\u00e1rio \u00e9 um dos mais atrasados na infraestrutura do pa\u00eds, apresentando baixa densidade mesmo em compara\u00e7\u00e3o com pa\u00edses como Argentina e Chile. O subsecret\u00e1rio citou precedentes nas telecomunica\u00e7\u00f5es, que tende a migrar para modelos mais flex\u00edveis de contratos, liberaliza\u00e7\u00e3o do setor ferrovi\u00e1rio trar\u00e1 vantagens diretas e indiretas em v\u00e1rios setores.<\/p>\n<p>Jer\u00f4nimo Miranda Netto, presidente da Federa\u00e7\u00e3o Interestadual de Trabalhadores Ferrovi\u00e1rios da Central \u00danica dos Trabalhadores (CUT), fez ressalvas ao projeto que, segundo ele, busca uma \u201csobrevida\u201d ao modelo privado de explora\u00e7\u00e3o das ferrovias, mas espera que o debate em torno do texto gere oportunidade para uma discuss\u00e3o sobre intermodalidade.<\/p>\n<p>\u2014 N\u00e3o tem como ficar discutindo s\u00f3 um modal ferrovi\u00e1rio, ou acharmos que vamos crescer da forma como estamos constitu\u00eddos hoje. Temos pouco mais de 10 mil quil\u00f4metros de linha e as operadoras acham que estamos no caminho desenvolvimentista \u2014 disse.<\/p>\n<p>Miranda Netto tamb\u00e9m opinou que \u201cn\u00e3o \u00e9 l\u00e1 essas coisas\u201d o modelo ferrovi\u00e1rio dos Estados Unidos, que considera ter inspirado o projeto em tramita\u00e7\u00e3o, e a possibilidade de desapropria\u00e7\u00e3o de \u00e1reas urbanas por entes privados poder\u00e1 estimular a especula\u00e7\u00e3o imobili\u00e1ria. Segundo ele, o Estado brasileiro deve executar um projeto de desenvolvimento como fizeram outros pa\u00edses industrializados, especialmente a China, onde o investimento em ferrovias alavancou a economia.<\/p>\n<p>O superintendente de infraestrutura e servi\u00e7os de transporte ferrovi\u00e1rio de cargas da Ag\u00eancia Nacional de Transportes Terrestres (ANTT), Alexandre Porto de Souza, tamb\u00e9m fez ressalvas ao texto do projeto, mas sublinhou a not\u00f3ria necessidade de investimentos privados para ampliar a malha ferrovi\u00e1ria.<\/p>\n<p>Por sua vez, Luiz Henrique Teixeira Baldez, presidente executivo da Associa\u00e7\u00e3o Nacional dos Usu\u00e1rios de Transporte de Carga (Anut), criticou o modelo ferrovi\u00e1rio vigente, que imp\u00f5e fretes caros e n\u00e3o permite sequer ao usu\u00e1rio \u201cespernear\u201d.<\/p>\n<p>\u2014 \u00c9 preciso mitigar o monop\u00f3lio a que somos subjugados no setor ferrovi\u00e1rio. Este modelo \u00e9 ineficiente, anticompetitivo e n\u00e3o reduz o custo log\u00edstico \u2014afirmou.<\/p>\n<p>Fernando Sim\u00f5es Paes, diretor-executivo da Associa\u00e7\u00e3o Nacional dos Transportadores Ferrovi\u00e1rios (ANTF), tamb\u00e9m cobrou a urg\u00eancia da moderniza\u00e7\u00e3o do marco regulat\u00f3rio no setor, o que, segundo ele, expandir\u00e1 os avan\u00e7os objetivos j\u00e1 proporcionados pela gest\u00e3o privada. Segundo as estat\u00edsticas que apresentou, as concess\u00f5es levaram a Uni\u00e3o a ter receita com as ferrovias e os acidentes ca\u00edram 90% e o transporte de cont\u00eaineres sobre trilhos aumentou 140 vezes.<\/p>\n<p>O requerimento para promo\u00e7\u00e3o da audi\u00eancia \u00e9 do senador Jean Paul Prates (PT-RN), relator do projeto na CI.<\/p>\n<p>Autorregula\u00e7\u00e3o<\/p>\n<p>O PLS 261\/2018, de autoria do senador Jos\u00e9 Serra (PSDB-SP), j\u00e1 foi aprovado pela Comiss\u00e3o de Assuntos Econ\u00f4micos (CAE), em dezembro de 2018. O texto trata da explora\u00e7\u00e3o do transporte ferrovi\u00e1rio em propriedade privada, autoriza a autorregula\u00e7\u00e3o ferrovi\u00e1ria e disciplina o tr\u00e2nsito e o transporte ferrovi\u00e1rio.<\/p>\n<p>Entre as novas regras, o projeto determina que a explora\u00e7\u00e3o das ferrovias se dar\u00e1 por uma autoriza\u00e7\u00e3o, em que o governo primeiro far\u00e1 uma chamada p\u00fablica de interessados. A competi\u00e7\u00e3o entre empresas explorando a mesma regi\u00e3o geogr\u00e1fica est\u00e1 prevista como forma de incentivar a competi\u00e7\u00e3o e a modicidade dos pre\u00e7os, e o mesmo trecho ferrovi\u00e1rio poder\u00e1 ser usado por v\u00e1rias empresas.<\/p>\n<p>Fonte: Ag\u00eancia Senado<\/p>\n","protected":false},"excerpt":{"rendered":"<p>O projeto que permite \u00e0 iniciativa privada a constru\u00e7\u00e3o e a opera\u00e7\u00e3o de suas pr\u00f3prias ferrovias (PLS 261\/2018) aponta para uma contribui\u00e7\u00e3o decisiva para os investimentos em log\u00edstica, entendem os especialistas ouvidos pela Comiss\u00e3o de Servi\u00e7os de Infraestrutura (CI) em audi\u00eancia p\u00fablica interativa realizada nesta quinta-feira (25). Os convidados chamaram aten\u00e7\u00e3o para as limita\u00e7\u00f5es do [&hellip;]<\/p>\n","protected":false},"author":5,"featured_media":0,"comment_status":"open","ping_status":"open","sticky":false,"template":"","format":"standard","meta":{"_acf_changed":false,"footnotes":""},"categories":[2],"tags":[],"class_list":["post-6670","post","type-post","status-publish","format-standard","hentry","category-noticias"],"acf":[],"yoast_head":"<!-- This site is optimized with the Yoast SEO plugin v23.9 - https:\/\/yoast.com\/wordpress\/plugins\/seo\/ -->\n<title>Para especialistas, projeto sobre ferrovias privadas estimular\u00e1 investimentos - AmstedMaxion<\/title>\n<meta name=\"robots\" content=\"index, follow, max-snippet:-1, max-image-preview:large, max-video-preview:-1\" \/>\n<link rel=\"canonical\" href=\"https:\/\/www.amstedmaxion.com.br\/en\/para-especialistas-projeto-sobre-ferrovias-privadas-estimulara-investimentos\/\" \/>\n<meta property=\"og:locale\" content=\"en_US\" \/>\n<meta property=\"og:type\" content=\"article\" \/>\n<meta property=\"og:title\" content=\"Para especialistas, projeto sobre ferrovias privadas estimular\u00e1 investimentos - AmstedMaxion\" \/>\n<meta property=\"og:description\" content=\"O projeto que permite \u00e0 iniciativa privada a constru\u00e7\u00e3o e a opera\u00e7\u00e3o de suas pr\u00f3prias ferrovias (PLS 261\/2018) aponta para uma contribui\u00e7\u00e3o decisiva para os investimentos em log\u00edstica, entendem os especialistas ouvidos pela Comiss\u00e3o de Servi\u00e7os de Infraestrutura (CI) em audi\u00eancia p\u00fablica interativa realizada nesta quinta-feira (25). Os convidados chamaram aten\u00e7\u00e3o para as limita\u00e7\u00f5es do [&hellip;]\" \/>\n<meta property=\"og:url\" content=\"https:\/\/www.amstedmaxion.com.br\/en\/para-especialistas-projeto-sobre-ferrovias-privadas-estimulara-investimentos\/\" \/>\n<meta property=\"og:site_name\" content=\"AmstedMaxion\" \/>\n<meta property=\"article:publisher\" content=\"https:\/\/www.facebook.com\/AmstedMaxion.Oficial\" \/>\n<meta property=\"article:published_time\" content=\"2019-04-29T14:26:22+00:00\" \/>\n<meta name=\"author\" content=\"Rosane Storto\" \/>\n<meta name=\"twitter:card\" content=\"summary_large_image\" \/>\n<meta name=\"twitter:label1\" content=\"Written by\" \/>\n\t<meta name=\"twitter:data1\" content=\"Rosane Storto\" \/>\n\t<meta name=\"twitter:label2\" content=\"Est. reading time\" \/>\n\t<meta name=\"twitter:data2\" content=\"4 minutes\" \/>\n<script type=\"application\/ld+json\" class=\"yoast-schema-graph\">{\"@context\":\"https:\/\/schema.org\",\"@graph\":[{\"@type\":\"Article\",\"@id\":\"https:\/\/www.amstedmaxion.com.br\/en\/para-especialistas-projeto-sobre-ferrovias-privadas-estimulara-investimentos\/#article\",\"isPartOf\":{\"@id\":\"https:\/\/www.amstedmaxion.com.br\/en\/para-especialistas-projeto-sobre-ferrovias-privadas-estimulara-investimentos\/\"},\"author\":{\"name\":\"Rosane Storto\",\"@id\":\"https:\/\/www.amstedmaxion.com.br\/#\/schema\/person\/140cb65f07d4e66dd5543c8a187bf436\"},\"headline\":\"Para especialistas, projeto sobre ferrovias privadas estimular\u00e1 investimentos\",\"datePublished\":\"2019-04-29T14:26:22+00:00\",\"dateModified\":\"2019-04-29T14:26:22+00:00\",\"mainEntityOfPage\":{\"@id\":\"https:\/\/www.amstedmaxion.com.br\/en\/para-especialistas-projeto-sobre-ferrovias-privadas-estimulara-investimentos\/\"},\"wordCount\":880,\"commentCount\":0,\"publisher\":{\"@id\":\"https:\/\/www.amstedmaxion.com.br\/#organization\"},\"articleSection\":[\"Not\u00edcias da AmstedMaxion\"],\"inLanguage\":\"en-US\",\"potentialAction\":[{\"@type\":\"CommentAction\",\"name\":\"Comment\",\"target\":[\"https:\/\/www.amstedmaxion.com.br\/en\/para-especialistas-projeto-sobre-ferrovias-privadas-estimulara-investimentos\/#respond\"]}]},{\"@type\":\"WebPage\",\"@id\":\"https:\/\/www.amstedmaxion.com.br\/en\/para-especialistas-projeto-sobre-ferrovias-privadas-estimulara-investimentos\/\",\"url\":\"https:\/\/www.amstedmaxion.com.br\/en\/para-especialistas-projeto-sobre-ferrovias-privadas-estimulara-investimentos\/\",\"name\":\"Para especialistas, projeto sobre ferrovias privadas estimular\u00e1 investimentos - AmstedMaxion\",\"isPartOf\":{\"@id\":\"https:\/\/www.amstedmaxion.com.br\/#website\"},\"datePublished\":\"2019-04-29T14:26:22+00:00\",\"dateModified\":\"2019-04-29T14:26:22+00:00\",\"breadcrumb\":{\"@id\":\"https:\/\/www.amstedmaxion.com.br\/en\/para-especialistas-projeto-sobre-ferrovias-privadas-estimulara-investimentos\/#breadcrumb\"},\"inLanguage\":\"en-US\",\"potentialAction\":[{\"@type\":\"ReadAction\",\"target\":[\"https:\/\/www.amstedmaxion.com.br\/en\/para-especialistas-projeto-sobre-ferrovias-privadas-estimulara-investimentos\/\"]}]},{\"@type\":\"BreadcrumbList\",\"@id\":\"https:\/\/www.amstedmaxion.com.br\/en\/para-especialistas-projeto-sobre-ferrovias-privadas-estimulara-investimentos\/#breadcrumb\",\"itemListElement\":[{\"@type\":\"ListItem\",\"position\":1,\"name\":\"In\u00edcio\",\"item\":\"https:\/\/www.amstedmaxion.com.br\/\"},{\"@type\":\"ListItem\",\"position\":2,\"name\":\"Para especialistas, projeto sobre ferrovias privadas estimular\u00e1 investimentos\"}]},{\"@type\":\"WebSite\",\"@id\":\"https:\/\/www.amstedmaxion.com.br\/#website\",\"url\":\"https:\/\/www.amstedmaxion.com.br\/\",\"name\":\"AmstedMaxion\",\"description\":\"AmstedMaxion - Fundi\u00e7\u00e3o e Equipamentos Ferrovi\u00e1rios\",\"publisher\":{\"@id\":\"https:\/\/www.amstedmaxion.com.br\/#organization\"},\"alternateName\":\"AmstedMaxion\",\"potentialAction\":[{\"@type\":\"SearchAction\",\"target\":{\"@type\":\"EntryPoint\",\"urlTemplate\":\"https:\/\/www.amstedmaxion.com.br\/?s={search_term_string}\"},\"query-input\":{\"@type\":\"PropertyValueSpecification\",\"valueRequired\":true,\"valueName\":\"search_term_string\"}}],\"inLanguage\":\"en-US\"},{\"@type\":\"Organization\",\"@id\":\"https:\/\/www.amstedmaxion.com.br\/#organization\",\"name\":\"AMSTEDMAXION\",\"url\":\"https:\/\/www.amstedmaxion.com.br\/\",\"logo\":{\"@type\":\"ImageObject\",\"inLanguage\":\"en-US\",\"@id\":\"https:\/\/www.amstedmaxion.com.br\/#\/schema\/logo\/image\/\",\"url\":\"https:\/\/www.amstedmaxion.com.br\/wp-content\/uploads\/2023\/11\/amsted.png\",\"contentUrl\":\"https:\/\/www.amstedmaxion.com.br\/wp-content\/uploads\/2023\/11\/amsted.png\",\"width\":500,\"height\":500,\"caption\":\"AMSTEDMAXION\"},\"image\":{\"@id\":\"https:\/\/www.amstedmaxion.com.br\/#\/schema\/logo\/image\/\"},\"sameAs\":[\"https:\/\/www.facebook.com\/AmstedMaxion.Oficial\",\"https:\/\/br.linkedin.com\/company\/amstedmaxion\"]},{\"@type\":\"Person\",\"@id\":\"https:\/\/www.amstedmaxion.com.br\/#\/schema\/person\/140cb65f07d4e66dd5543c8a187bf436\",\"name\":\"Rosane Storto\",\"image\":{\"@type\":\"ImageObject\",\"inLanguage\":\"en-US\",\"@id\":\"https:\/\/www.amstedmaxion.com.br\/#\/schema\/person\/image\/\",\"url\":\"https:\/\/secure.gravatar.com\/avatar\/0e3d021545bbe593cb0eb3ee740544fefa86d59762e63dec1dbe9480a34c98cd?s=96&d=mm&r=g\",\"contentUrl\":\"https:\/\/secure.gravatar.com\/avatar\/0e3d021545bbe593cb0eb3ee740544fefa86d59762e63dec1dbe9480a34c98cd?s=96&d=mm&r=g\",\"caption\":\"Rosane Storto\"}}]}<\/script>\n<!-- \/ Yoast SEO plugin. -->","yoast_head_json":{"title":"Para especialistas, projeto sobre ferrovias privadas estimular\u00e1 investimentos - AmstedMaxion","robots":{"index":"index","follow":"follow","max-snippet":"max-snippet:-1","max-image-preview":"max-image-preview:large","max-video-preview":"max-video-preview:-1"},"canonical":"https:\/\/www.amstedmaxion.com.br\/en\/para-especialistas-projeto-sobre-ferrovias-privadas-estimulara-investimentos\/","og_locale":"en_US","og_type":"article","og_title":"Para especialistas, projeto sobre ferrovias privadas estimular\u00e1 investimentos - AmstedMaxion","og_description":"O projeto que permite \u00e0 iniciativa privada a constru\u00e7\u00e3o e a opera\u00e7\u00e3o de suas pr\u00f3prias ferrovias (PLS 261\/2018) aponta para uma contribui\u00e7\u00e3o decisiva para os investimentos em log\u00edstica, entendem os especialistas ouvidos pela Comiss\u00e3o de Servi\u00e7os de Infraestrutura (CI) em audi\u00eancia p\u00fablica interativa realizada nesta quinta-feira (25). Os convidados chamaram aten\u00e7\u00e3o para as limita\u00e7\u00f5es do [&hellip;]","og_url":"https:\/\/www.amstedmaxion.com.br\/en\/para-especialistas-projeto-sobre-ferrovias-privadas-estimulara-investimentos\/","og_site_name":"AmstedMaxion","article_publisher":"https:\/\/www.facebook.com\/AmstedMaxion.Oficial","article_published_time":"2019-04-29T14:26:22+00:00","author":"Rosane Storto","twitter_card":"summary_large_image","twitter_misc":{"Written by":"Rosane Storto","Est. reading time":"4 minutes"},"schema":{"@context":"https:\/\/schema.org","@graph":[{"@type":"Article","@id":"https:\/\/www.amstedmaxion.com.br\/en\/para-especialistas-projeto-sobre-ferrovias-privadas-estimulara-investimentos\/#article","isPartOf":{"@id":"https:\/\/www.amstedmaxion.com.br\/en\/para-especialistas-projeto-sobre-ferrovias-privadas-estimulara-investimentos\/"},"author":{"name":"Rosane Storto","@id":"https:\/\/www.amstedmaxion.com.br\/#\/schema\/person\/140cb65f07d4e66dd5543c8a187bf436"},"headline":"Para especialistas, projeto sobre ferrovias privadas estimular\u00e1 investimentos","datePublished":"2019-04-29T14:26:22+00:00","dateModified":"2019-04-29T14:26:22+00:00","mainEntityOfPage":{"@id":"https:\/\/www.amstedmaxion.com.br\/en\/para-especialistas-projeto-sobre-ferrovias-privadas-estimulara-investimentos\/"},"wordCount":880,"commentCount":0,"publisher":{"@id":"https:\/\/www.amstedmaxion.com.br\/#organization"},"articleSection":["Not\u00edcias da AmstedMaxion"],"inLanguage":"en-US","potentialAction":[{"@type":"CommentAction","name":"Comment","target":["https:\/\/www.amstedmaxion.com.br\/en\/para-especialistas-projeto-sobre-ferrovias-privadas-estimulara-investimentos\/#respond"]}]},{"@type":"WebPage","@id":"https:\/\/www.amstedmaxion.com.br\/en\/para-especialistas-projeto-sobre-ferrovias-privadas-estimulara-investimentos\/","url":"https:\/\/www.amstedmaxion.com.br\/en\/para-especialistas-projeto-sobre-ferrovias-privadas-estimulara-investimentos\/","name":"Para especialistas, projeto sobre ferrovias privadas estimular\u00e1 investimentos - AmstedMaxion","isPartOf":{"@id":"https:\/\/www.amstedmaxion.com.br\/#website"},"datePublished":"2019-04-29T14:26:22+00:00","dateModified":"2019-04-29T14:26:22+00:00","breadcrumb":{"@id":"https:\/\/www.amstedmaxion.com.br\/en\/para-especialistas-projeto-sobre-ferrovias-privadas-estimulara-investimentos\/#breadcrumb"},"inLanguage":"en-US","potentialAction":[{"@type":"ReadAction","target":["https:\/\/www.amstedmaxion.com.br\/en\/para-especialistas-projeto-sobre-ferrovias-privadas-estimulara-investimentos\/"]}]},{"@type":"BreadcrumbList","@id":"https:\/\/www.amstedmaxion.com.br\/en\/para-especialistas-projeto-sobre-ferrovias-privadas-estimulara-investimentos\/#breadcrumb","itemListElement":[{"@type":"ListItem","position":1,"name":"In\u00edcio","item":"https:\/\/www.amstedmaxion.com.br\/"},{"@type":"ListItem","position":2,"name":"Para especialistas, projeto sobre ferrovias privadas estimular\u00e1 investimentos"}]},{"@type":"WebSite","@id":"https:\/\/www.amstedmaxion.com.br\/#website","url":"https:\/\/www.amstedmaxion.com.br\/","name":"AmstedMaxion","description":"AmstedMaxion - Fundi\u00e7\u00e3o e Equipamentos Ferrovi\u00e1rios","publisher":{"@id":"https:\/\/www.amstedmaxion.com.br\/#organization"},"alternateName":"AmstedMaxion","potentialAction":[{"@type":"SearchAction","target":{"@type":"EntryPoint","urlTemplate":"https:\/\/www.amstedmaxion.com.br\/?s={search_term_string}"},"query-input":{"@type":"PropertyValueSpecification","valueRequired":true,"valueName":"search_term_string"}}],"inLanguage":"en-US"},{"@type":"Organization","@id":"https:\/\/www.amstedmaxion.com.br\/#organization","name":"AMSTEDMAXION","url":"https:\/\/www.amstedmaxion.com.br\/","logo":{"@type":"ImageObject","inLanguage":"en-US","@id":"https:\/\/www.amstedmaxion.com.br\/#\/schema\/logo\/image\/","url":"https:\/\/www.amstedmaxion.com.br\/wp-content\/uploads\/2023\/11\/amsted.png","contentUrl":"https:\/\/www.amstedmaxion.com.br\/wp-content\/uploads\/2023\/11\/amsted.png","width":500,"height":500,"caption":"AMSTEDMAXION"},"image":{"@id":"https:\/\/www.amstedmaxion.com.br\/#\/schema\/logo\/image\/"},"sameAs":["https:\/\/www.facebook.com\/AmstedMaxion.Oficial","https:\/\/br.linkedin.com\/company\/amstedmaxion"]},{"@type":"Person","@id":"https:\/\/www.amstedmaxion.com.br\/#\/schema\/person\/140cb65f07d4e66dd5543c8a187bf436","name":"Rosane Storto","image":{"@type":"ImageObject","inLanguage":"en-US","@id":"https:\/\/www.amstedmaxion.com.br\/#\/schema\/person\/image\/","url":"https:\/\/secure.gravatar.com\/avatar\/0e3d021545bbe593cb0eb3ee740544fefa86d59762e63dec1dbe9480a34c98cd?s=96&d=mm&r=g","contentUrl":"https:\/\/secure.gravatar.com\/avatar\/0e3d021545bbe593cb0eb3ee740544fefa86d59762e63dec1dbe9480a34c98cd?s=96&d=mm&r=g","caption":"Rosane Storto"}}]}},"_links":{"self":[{"href":"https:\/\/www.amstedmaxion.com.br\/en\/wp-json\/wp\/v2\/posts\/6670","targetHints":{"allow":["GET"]}}],"collection":[{"href":"https:\/\/www.amstedmaxion.com.br\/en\/wp-json\/wp\/v2\/posts"}],"about":[{"href":"https:\/\/www.amstedmaxion.com.br\/en\/wp-json\/wp\/v2\/types\/post"}],"author":[{"embeddable":true,"href":"https:\/\/www.amstedmaxion.com.br\/en\/wp-json\/wp\/v2\/users\/5"}],"replies":[{"embeddable":true,"href":"https:\/\/www.amstedmaxion.com.br\/en\/wp-json\/wp\/v2\/comments?post=6670"}],"version-history":[{"count":1,"href":"https:\/\/www.amstedmaxion.com.br\/en\/wp-json\/wp\/v2\/posts\/6670\/revisions"}],"predecessor-version":[{"id":6673,"href":"https:\/\/www.amstedmaxion.com.br\/en\/wp-json\/wp\/v2\/posts\/6670\/revisions\/6673"}],"wp:attachment":[{"href":"https:\/\/www.amstedmaxion.com.br\/en\/wp-json\/wp\/v2\/media?parent=6670"}],"wp:term":[{"taxonomy":"category","embeddable":true,"href":"https:\/\/www.amstedmaxion.com.br\/en\/wp-json\/wp\/v2\/categories?post=6670"},{"taxonomy":"post_tag","embeddable":true,"href":"https:\/\/www.amstedmaxion.com.br\/en\/wp-json\/wp\/v2\/tags?post=6670"}],"curies":[{"name":"wp","href":"https:\/\/api.w.org\/{rel}","templated":true}]}}