{"id":6838,"date":"2019-05-09T14:17:47","date_gmt":"2019-05-09T17:17:47","guid":{"rendered":"http:\/\/www.amstedmaxion.com.br\/?p=6838"},"modified":"2019-05-13T14:22:44","modified_gmt":"2019-05-13T17:22:44","slug":"as-queridinhas-da-infraestrutura-ministro-anuncia-quais-estatais-nao-serao-privatizadas","status":"publish","type":"post","link":"https:\/\/www.amstedmaxion.com.br\/en\/as-queridinhas-da-infraestrutura-ministro-anuncia-quais-estatais-nao-serao-privatizadas\/","title":{"rendered":"As queridinhas da Infraestrutura: ministro anuncia quais estatais n\u00e3o ser\u00e3o privatizadas"},"content":{"rendered":"<p>Contrariando as expectativas, o ministro de Infraestrutura, Tarc\u00edsio Gomes de Freitas, confirmou na \u00faltima quarta-feira (8) que deve manter tr\u00eas estatais das que est\u00e3o sob guarda-chuva da pasta. S\u00e3o elas: a EPL, conhecida como estatal do trem-bala, a Valec, estatal das ferrovias, e a Infraero, que administra aeroportos. A ideia da pasta \u00e9 reestruturar essas companhias ao longo do mandato.<\/p>\n<p>O ministro chegou a afirmar publicamente que iria extinguir a Valec e fechar ou privatizar o que restasse da Infraero ao final da concess\u00e3o de todos os aeroportos \u00e0 iniciativa privada. J\u00e1 o fechamento da EPL era esperado por ela estar na lista de estatais criadas durante governos petistas e que entraram na mira do presidente Jair Bolsonaro &#8211; ele afirmou, durante campanha eleitoral, que umas 50 delas seriam fechadas.<\/p>\n<p>As explica\u00e7\u00f5es do ministro<\/p>\n<p>Tarc\u00edsio disse que o governo vai manter a EPL porque ela desempenha um importante papel na modelagem das novas concess\u00f5es de infraestrutura. J\u00e1 a Valec precisa ser mantida porque ela est\u00e1 tocando a obra de um trecho da Ferrovia de Integra\u00e7\u00e3o Oeste-Leste, conhecida como Fiol, e por estar transferindo parte das suas atividades na ferrovia Norte-Sul \u00e0 Rumo. A informa\u00e7\u00e3o que a Valec seria mantida pelo governo foi antecipada pela Gazeta do Povo em abril.<\/p>\n<p>Sobre a Infraero, Tarc\u00edsio disse que, ao final da concess\u00e3o de todos os aeroportos, ela ser\u00e1 enxugada, mas deve ser mantida. A ideia \u00e9 transformar a Infraero numa prestadora de servi\u00e7os para as novas concession\u00e1rias de aeroportos.<\/p>\n<p>Questionado pela reportagem sobre o porqu\u00ea manter essas estatais, o ministro disse que elas desempenham fun\u00e7\u00f5es importantes e se, reestruturadas, podem continuar contribuindo. Ele se mostrou incomodado com o termo estatal do trem-bala, argumentando que a EPL h\u00e1 muito tempo abandonou esse projeto. A empresa foi criada em 2012 para elaborar estudos sobre o Trem de Alta Velocidade (TAV).<\/p>\n<p>Duas estatais, pelo menos, ser\u00e3o privatizadas<\/p>\n<p>Se EPL, Valec e Infraero devem ser mantidas, o ministro Tarc\u00edsio Freitas confirmou a privatiza\u00e7\u00e3o de duas estatais que est\u00e3o sob o guarda-chuva da sua pasta. Uma delas \u00e9 a Companhia Brasileira de Trens Urbanos (CBTU), que atua em Belo Horizonte, Recife, Macei\u00f3, Jo\u00e3o Pessoa e Natal. A outra \u00e9 Trensurb: respons\u00e1vel pelo metr\u00f4 de superf\u00edcie de Porto Alegre. No caso da CBTU, a empresa ter\u00e1 suas atividades separadas por cidade para que seja poss\u00edvel privatiz\u00e1-las.<\/p>\n<p>O ministro destacou que o foco da sua pasta agora \u00e9 fazer as novas concess\u00f5es de rodovias, portos e aeroportos, a privatiza\u00e7\u00e3o das companhias de docas, algo in\u00e9dito, e as privatiza\u00e7\u00f5es da CBTU e Trensurb. As companhias de docas administram terminais portu\u00e1rios.<\/p>\n<p>As declara\u00e7\u00f5es do ministro foram dadas nesta quarta-feira (8), ap\u00f3s reuni\u00e3o do Conselho do Programa de Parcerias e Investimentos (PPI). O governo anunciou, ap\u00f3s essa reuni\u00e3o, 59 novos ativos a serem concedidos \u00e0 iniciativa privada. A lista conta com somente algumas desestatiza\u00e7\u00f5es.<\/p>\n<p>EPL, Valec e Infraero acumulam preju\u00edzos<\/p>\n<p>A EPL e a Valec s\u00e3o estatais dependentes do Tesouro, ou seja, o governo precisa enviar dinheiro para que essas empresas possam se manter. Elas n\u00e3o geram receita capaz de bancar seus custos, muito menos para fazer investimentos.<\/p>\n<p>Em 2018, por exemplo, a Uni\u00e3o cedeu R$ 970,78 milh\u00f5es para que essas duas companhias pudessem funcionar. Somente a Valec acumula preju\u00edzo de R$ 7,1 bilh\u00f5es desde a sua cria\u00e7\u00e3o, ainda na d\u00e9cada de 1980.<\/p>\n<p>J\u00e1 a Infraero \u00e9 uma estatal cotada para virar dependente do Tesouro, caso n\u00e3o passe por reestrutura\u00e7\u00e3o. O governo Temer, durante a transi\u00e7\u00e3o, recomendou a privatiza\u00e7\u00e3o da Infraero devida \u00e0 possibilidade de perda de sustentabilidade econ\u00f4mica e financeira da empresa. Os problemas apontados forma excesso de pessoal e perda de arrecada\u00e7\u00e3o.<\/p>\n","protected":false},"excerpt":{"rendered":"<p>Contrariando as expectativas, o ministro de Infraestrutura, Tarc\u00edsio Gomes de Freitas, confirmou na \u00faltima quarta-feira (8) que deve manter tr\u00eas estatais das que est\u00e3o sob guarda-chuva da pasta. S\u00e3o elas: a EPL, conhecida como estatal do trem-bala, a Valec, estatal das ferrovias, e a Infraero, que administra aeroportos. A ideia da pasta \u00e9 reestruturar essas [&hellip;]<\/p>\n","protected":false},"author":5,"featured_media":0,"comment_status":"open","ping_status":"open","sticky":false,"template":"","format":"standard","meta":{"_acf_changed":false,"footnotes":""},"categories":[2],"tags":[],"class_list":["post-6838","post","type-post","status-publish","format-standard","hentry","category-noticias"],"acf":[],"yoast_head":"<!-- This site is optimized with the Yoast SEO plugin v23.9 - https:\/\/yoast.com\/wordpress\/plugins\/seo\/ -->\n<title>As queridinhas da Infraestrutura: ministro anuncia quais estatais n\u00e3o ser\u00e3o privatizadas - AmstedMaxion<\/title>\n<meta name=\"robots\" content=\"index, follow, max-snippet:-1, max-image-preview:large, max-video-preview:-1\" \/>\n<link rel=\"canonical\" href=\"https:\/\/www.amstedmaxion.com.br\/en\/as-queridinhas-da-infraestrutura-ministro-anuncia-quais-estatais-nao-serao-privatizadas\/\" \/>\n<meta property=\"og:locale\" content=\"en_US\" \/>\n<meta property=\"og:type\" content=\"article\" \/>\n<meta property=\"og:title\" content=\"As queridinhas da Infraestrutura: ministro anuncia quais estatais n\u00e3o ser\u00e3o privatizadas - AmstedMaxion\" \/>\n<meta property=\"og:description\" content=\"Contrariando as expectativas, o ministro de Infraestrutura, Tarc\u00edsio Gomes de Freitas, confirmou na \u00faltima quarta-feira (8) que deve manter tr\u00eas estatais das que est\u00e3o sob guarda-chuva da pasta. S\u00e3o elas: a EPL, conhecida como estatal do trem-bala, a Valec, estatal das ferrovias, e a Infraero, que administra aeroportos. A ideia da pasta \u00e9 reestruturar essas [&hellip;]\" \/>\n<meta property=\"og:url\" content=\"https:\/\/www.amstedmaxion.com.br\/en\/as-queridinhas-da-infraestrutura-ministro-anuncia-quais-estatais-nao-serao-privatizadas\/\" \/>\n<meta property=\"og:site_name\" content=\"AmstedMaxion\" \/>\n<meta property=\"article:publisher\" content=\"https:\/\/www.facebook.com\/AmstedMaxion.Oficial\" \/>\n<meta property=\"article:published_time\" content=\"2019-05-09T17:17:47+00:00\" \/>\n<meta property=\"article:modified_time\" content=\"2019-05-13T17:22:44+00:00\" \/>\n<meta name=\"author\" content=\"Rosane Storto\" \/>\n<meta name=\"twitter:card\" content=\"summary_large_image\" \/>\n<meta name=\"twitter:label1\" content=\"Written by\" \/>\n\t<meta name=\"twitter:data1\" content=\"Rosane Storto\" \/>\n\t<meta name=\"twitter:label2\" content=\"Est. reading time\" \/>\n\t<meta name=\"twitter:data2\" content=\"3 minutes\" \/>\n<script type=\"application\/ld+json\" class=\"yoast-schema-graph\">{\"@context\":\"https:\/\/schema.org\",\"@graph\":[{\"@type\":\"Article\",\"@id\":\"https:\/\/www.amstedmaxion.com.br\/en\/as-queridinhas-da-infraestrutura-ministro-anuncia-quais-estatais-nao-serao-privatizadas\/#article\",\"isPartOf\":{\"@id\":\"https:\/\/www.amstedmaxion.com.br\/en\/as-queridinhas-da-infraestrutura-ministro-anuncia-quais-estatais-nao-serao-privatizadas\/\"},\"author\":{\"name\":\"Rosane Storto\",\"@id\":\"https:\/\/www.amstedmaxion.com.br\/#\/schema\/person\/140cb65f07d4e66dd5543c8a187bf436\"},\"headline\":\"As queridinhas da Infraestrutura: ministro anuncia quais estatais n\u00e3o ser\u00e3o privatizadas\",\"datePublished\":\"2019-05-09T17:17:47+00:00\",\"dateModified\":\"2019-05-13T17:22:44+00:00\",\"mainEntityOfPage\":{\"@id\":\"https:\/\/www.amstedmaxion.com.br\/en\/as-queridinhas-da-infraestrutura-ministro-anuncia-quais-estatais-nao-serao-privatizadas\/\"},\"wordCount\":645,\"commentCount\":0,\"publisher\":{\"@id\":\"https:\/\/www.amstedmaxion.com.br\/#organization\"},\"articleSection\":[\"Not\u00edcias da AmstedMaxion\"],\"inLanguage\":\"en-US\",\"potentialAction\":[{\"@type\":\"CommentAction\",\"name\":\"Comment\",\"target\":[\"https:\/\/www.amstedmaxion.com.br\/en\/as-queridinhas-da-infraestrutura-ministro-anuncia-quais-estatais-nao-serao-privatizadas\/#respond\"]}]},{\"@type\":\"WebPage\",\"@id\":\"https:\/\/www.amstedmaxion.com.br\/en\/as-queridinhas-da-infraestrutura-ministro-anuncia-quais-estatais-nao-serao-privatizadas\/\",\"url\":\"https:\/\/www.amstedmaxion.com.br\/en\/as-queridinhas-da-infraestrutura-ministro-anuncia-quais-estatais-nao-serao-privatizadas\/\",\"name\":\"As queridinhas da Infraestrutura: ministro anuncia quais estatais n\u00e3o ser\u00e3o privatizadas - AmstedMaxion\",\"isPartOf\":{\"@id\":\"https:\/\/www.amstedmaxion.com.br\/#website\"},\"datePublished\":\"2019-05-09T17:17:47+00:00\",\"dateModified\":\"2019-05-13T17:22:44+00:00\",\"breadcrumb\":{\"@id\":\"https:\/\/www.amstedmaxion.com.br\/en\/as-queridinhas-da-infraestrutura-ministro-anuncia-quais-estatais-nao-serao-privatizadas\/#breadcrumb\"},\"inLanguage\":\"en-US\",\"potentialAction\":[{\"@type\":\"ReadAction\",\"target\":[\"https:\/\/www.amstedmaxion.com.br\/en\/as-queridinhas-da-infraestrutura-ministro-anuncia-quais-estatais-nao-serao-privatizadas\/\"]}]},{\"@type\":\"BreadcrumbList\",\"@id\":\"https:\/\/www.amstedmaxion.com.br\/en\/as-queridinhas-da-infraestrutura-ministro-anuncia-quais-estatais-nao-serao-privatizadas\/#breadcrumb\",\"itemListElement\":[{\"@type\":\"ListItem\",\"position\":1,\"name\":\"In\u00edcio\",\"item\":\"https:\/\/www.amstedmaxion.com.br\/\"},{\"@type\":\"ListItem\",\"position\":2,\"name\":\"As queridinhas da Infraestrutura: ministro anuncia quais estatais n\u00e3o ser\u00e3o privatizadas\"}]},{\"@type\":\"WebSite\",\"@id\":\"https:\/\/www.amstedmaxion.com.br\/#website\",\"url\":\"https:\/\/www.amstedmaxion.com.br\/\",\"name\":\"AmstedMaxion\",\"description\":\"AmstedMaxion - Fundi\u00e7\u00e3o e Equipamentos Ferrovi\u00e1rios\",\"publisher\":{\"@id\":\"https:\/\/www.amstedmaxion.com.br\/#organization\"},\"alternateName\":\"AmstedMaxion\",\"potentialAction\":[{\"@type\":\"SearchAction\",\"target\":{\"@type\":\"EntryPoint\",\"urlTemplate\":\"https:\/\/www.amstedmaxion.com.br\/?s={search_term_string}\"},\"query-input\":{\"@type\":\"PropertyValueSpecification\",\"valueRequired\":true,\"valueName\":\"search_term_string\"}}],\"inLanguage\":\"en-US\"},{\"@type\":\"Organization\",\"@id\":\"https:\/\/www.amstedmaxion.com.br\/#organization\",\"name\":\"AMSTEDMAXION\",\"url\":\"https:\/\/www.amstedmaxion.com.br\/\",\"logo\":{\"@type\":\"ImageObject\",\"inLanguage\":\"en-US\",\"@id\":\"https:\/\/www.amstedmaxion.com.br\/#\/schema\/logo\/image\/\",\"url\":\"https:\/\/www.amstedmaxion.com.br\/wp-content\/uploads\/2023\/11\/amsted.png\",\"contentUrl\":\"https:\/\/www.amstedmaxion.com.br\/wp-content\/uploads\/2023\/11\/amsted.png\",\"width\":500,\"height\":500,\"caption\":\"AMSTEDMAXION\"},\"image\":{\"@id\":\"https:\/\/www.amstedmaxion.com.br\/#\/schema\/logo\/image\/\"},\"sameAs\":[\"https:\/\/www.facebook.com\/AmstedMaxion.Oficial\",\"https:\/\/br.linkedin.com\/company\/amstedmaxion\"]},{\"@type\":\"Person\",\"@id\":\"https:\/\/www.amstedmaxion.com.br\/#\/schema\/person\/140cb65f07d4e66dd5543c8a187bf436\",\"name\":\"Rosane Storto\",\"image\":{\"@type\":\"ImageObject\",\"inLanguage\":\"en-US\",\"@id\":\"https:\/\/www.amstedmaxion.com.br\/#\/schema\/person\/image\/\",\"url\":\"https:\/\/secure.gravatar.com\/avatar\/0e3d021545bbe593cb0eb3ee740544fefa86d59762e63dec1dbe9480a34c98cd?s=96&d=mm&r=g\",\"contentUrl\":\"https:\/\/secure.gravatar.com\/avatar\/0e3d021545bbe593cb0eb3ee740544fefa86d59762e63dec1dbe9480a34c98cd?s=96&d=mm&r=g\",\"caption\":\"Rosane Storto\"}}]}<\/script>\n<!-- \/ Yoast SEO plugin. -->","yoast_head_json":{"title":"As queridinhas da Infraestrutura: ministro anuncia quais estatais n\u00e3o ser\u00e3o privatizadas - AmstedMaxion","robots":{"index":"index","follow":"follow","max-snippet":"max-snippet:-1","max-image-preview":"max-image-preview:large","max-video-preview":"max-video-preview:-1"},"canonical":"https:\/\/www.amstedmaxion.com.br\/en\/as-queridinhas-da-infraestrutura-ministro-anuncia-quais-estatais-nao-serao-privatizadas\/","og_locale":"en_US","og_type":"article","og_title":"As queridinhas da Infraestrutura: ministro anuncia quais estatais n\u00e3o ser\u00e3o privatizadas - AmstedMaxion","og_description":"Contrariando as expectativas, o ministro de Infraestrutura, Tarc\u00edsio Gomes de Freitas, confirmou na \u00faltima quarta-feira (8) que deve manter tr\u00eas estatais das que est\u00e3o sob guarda-chuva da pasta. S\u00e3o elas: a EPL, conhecida como estatal do trem-bala, a Valec, estatal das ferrovias, e a Infraero, que administra aeroportos. A ideia da pasta \u00e9 reestruturar essas [&hellip;]","og_url":"https:\/\/www.amstedmaxion.com.br\/en\/as-queridinhas-da-infraestrutura-ministro-anuncia-quais-estatais-nao-serao-privatizadas\/","og_site_name":"AmstedMaxion","article_publisher":"https:\/\/www.facebook.com\/AmstedMaxion.Oficial","article_published_time":"2019-05-09T17:17:47+00:00","article_modified_time":"2019-05-13T17:22:44+00:00","author":"Rosane Storto","twitter_card":"summary_large_image","twitter_misc":{"Written by":"Rosane Storto","Est. reading time":"3 minutes"},"schema":{"@context":"https:\/\/schema.org","@graph":[{"@type":"Article","@id":"https:\/\/www.amstedmaxion.com.br\/en\/as-queridinhas-da-infraestrutura-ministro-anuncia-quais-estatais-nao-serao-privatizadas\/#article","isPartOf":{"@id":"https:\/\/www.amstedmaxion.com.br\/en\/as-queridinhas-da-infraestrutura-ministro-anuncia-quais-estatais-nao-serao-privatizadas\/"},"author":{"name":"Rosane Storto","@id":"https:\/\/www.amstedmaxion.com.br\/#\/schema\/person\/140cb65f07d4e66dd5543c8a187bf436"},"headline":"As queridinhas da Infraestrutura: ministro anuncia quais estatais n\u00e3o ser\u00e3o privatizadas","datePublished":"2019-05-09T17:17:47+00:00","dateModified":"2019-05-13T17:22:44+00:00","mainEntityOfPage":{"@id":"https:\/\/www.amstedmaxion.com.br\/en\/as-queridinhas-da-infraestrutura-ministro-anuncia-quais-estatais-nao-serao-privatizadas\/"},"wordCount":645,"commentCount":0,"publisher":{"@id":"https:\/\/www.amstedmaxion.com.br\/#organization"},"articleSection":["Not\u00edcias da AmstedMaxion"],"inLanguage":"en-US","potentialAction":[{"@type":"CommentAction","name":"Comment","target":["https:\/\/www.amstedmaxion.com.br\/en\/as-queridinhas-da-infraestrutura-ministro-anuncia-quais-estatais-nao-serao-privatizadas\/#respond"]}]},{"@type":"WebPage","@id":"https:\/\/www.amstedmaxion.com.br\/en\/as-queridinhas-da-infraestrutura-ministro-anuncia-quais-estatais-nao-serao-privatizadas\/","url":"https:\/\/www.amstedmaxion.com.br\/en\/as-queridinhas-da-infraestrutura-ministro-anuncia-quais-estatais-nao-serao-privatizadas\/","name":"As queridinhas da Infraestrutura: ministro anuncia quais estatais n\u00e3o ser\u00e3o privatizadas - AmstedMaxion","isPartOf":{"@id":"https:\/\/www.amstedmaxion.com.br\/#website"},"datePublished":"2019-05-09T17:17:47+00:00","dateModified":"2019-05-13T17:22:44+00:00","breadcrumb":{"@id":"https:\/\/www.amstedmaxion.com.br\/en\/as-queridinhas-da-infraestrutura-ministro-anuncia-quais-estatais-nao-serao-privatizadas\/#breadcrumb"},"inLanguage":"en-US","potentialAction":[{"@type":"ReadAction","target":["https:\/\/www.amstedmaxion.com.br\/en\/as-queridinhas-da-infraestrutura-ministro-anuncia-quais-estatais-nao-serao-privatizadas\/"]}]},{"@type":"BreadcrumbList","@id":"https:\/\/www.amstedmaxion.com.br\/en\/as-queridinhas-da-infraestrutura-ministro-anuncia-quais-estatais-nao-serao-privatizadas\/#breadcrumb","itemListElement":[{"@type":"ListItem","position":1,"name":"In\u00edcio","item":"https:\/\/www.amstedmaxion.com.br\/"},{"@type":"ListItem","position":2,"name":"As queridinhas da Infraestrutura: ministro anuncia quais estatais n\u00e3o ser\u00e3o privatizadas"}]},{"@type":"WebSite","@id":"https:\/\/www.amstedmaxion.com.br\/#website","url":"https:\/\/www.amstedmaxion.com.br\/","name":"AmstedMaxion","description":"AmstedMaxion - Fundi\u00e7\u00e3o e Equipamentos Ferrovi\u00e1rios","publisher":{"@id":"https:\/\/www.amstedmaxion.com.br\/#organization"},"alternateName":"AmstedMaxion","potentialAction":[{"@type":"SearchAction","target":{"@type":"EntryPoint","urlTemplate":"https:\/\/www.amstedmaxion.com.br\/?s={search_term_string}"},"query-input":{"@type":"PropertyValueSpecification","valueRequired":true,"valueName":"search_term_string"}}],"inLanguage":"en-US"},{"@type":"Organization","@id":"https:\/\/www.amstedmaxion.com.br\/#organization","name":"AMSTEDMAXION","url":"https:\/\/www.amstedmaxion.com.br\/","logo":{"@type":"ImageObject","inLanguage":"en-US","@id":"https:\/\/www.amstedmaxion.com.br\/#\/schema\/logo\/image\/","url":"https:\/\/www.amstedmaxion.com.br\/wp-content\/uploads\/2023\/11\/amsted.png","contentUrl":"https:\/\/www.amstedmaxion.com.br\/wp-content\/uploads\/2023\/11\/amsted.png","width":500,"height":500,"caption":"AMSTEDMAXION"},"image":{"@id":"https:\/\/www.amstedmaxion.com.br\/#\/schema\/logo\/image\/"},"sameAs":["https:\/\/www.facebook.com\/AmstedMaxion.Oficial","https:\/\/br.linkedin.com\/company\/amstedmaxion"]},{"@type":"Person","@id":"https:\/\/www.amstedmaxion.com.br\/#\/schema\/person\/140cb65f07d4e66dd5543c8a187bf436","name":"Rosane Storto","image":{"@type":"ImageObject","inLanguage":"en-US","@id":"https:\/\/www.amstedmaxion.com.br\/#\/schema\/person\/image\/","url":"https:\/\/secure.gravatar.com\/avatar\/0e3d021545bbe593cb0eb3ee740544fefa86d59762e63dec1dbe9480a34c98cd?s=96&d=mm&r=g","contentUrl":"https:\/\/secure.gravatar.com\/avatar\/0e3d021545bbe593cb0eb3ee740544fefa86d59762e63dec1dbe9480a34c98cd?s=96&d=mm&r=g","caption":"Rosane Storto"}}]}},"_links":{"self":[{"href":"https:\/\/www.amstedmaxion.com.br\/en\/wp-json\/wp\/v2\/posts\/6838","targetHints":{"allow":["GET"]}}],"collection":[{"href":"https:\/\/www.amstedmaxion.com.br\/en\/wp-json\/wp\/v2\/posts"}],"about":[{"href":"https:\/\/www.amstedmaxion.com.br\/en\/wp-json\/wp\/v2\/types\/post"}],"author":[{"embeddable":true,"href":"https:\/\/www.amstedmaxion.com.br\/en\/wp-json\/wp\/v2\/users\/5"}],"replies":[{"embeddable":true,"href":"https:\/\/www.amstedmaxion.com.br\/en\/wp-json\/wp\/v2\/comments?post=6838"}],"version-history":[{"count":1,"href":"https:\/\/www.amstedmaxion.com.br\/en\/wp-json\/wp\/v2\/posts\/6838\/revisions"}],"predecessor-version":[{"id":6840,"href":"https:\/\/www.amstedmaxion.com.br\/en\/wp-json\/wp\/v2\/posts\/6838\/revisions\/6840"}],"wp:attachment":[{"href":"https:\/\/www.amstedmaxion.com.br\/en\/wp-json\/wp\/v2\/media?parent=6838"}],"wp:term":[{"taxonomy":"category","embeddable":true,"href":"https:\/\/www.amstedmaxion.com.br\/en\/wp-json\/wp\/v2\/categories?post=6838"},{"taxonomy":"post_tag","embeddable":true,"href":"https:\/\/www.amstedmaxion.com.br\/en\/wp-json\/wp\/v2\/tags?post=6838"}],"curies":[{"name":"wp","href":"https:\/\/api.w.org\/{rel}","templated":true}]}}