{"id":6972,"date":"2019-05-21T09:53:49","date_gmt":"2019-05-21T12:53:49","guid":{"rendered":"http:\/\/www.amstedmaxion.com.br\/?p=6972"},"modified":"2019-05-21T09:53:49","modified_gmt":"2019-05-21T12:53:49","slug":"ministro-garante-assinatura-de-contrato-de-ferrovia-neste-ano","status":"publish","type":"post","link":"https:\/\/www.amstedmaxion.com.br\/en\/ministro-garante-assinatura-de-contrato-de-ferrovia-neste-ano\/","title":{"rendered":"Ministro garante assinatura de contrato de ferrovia neste ano"},"content":{"rendered":"<p>\u201cEste ano vamos ter o contrato da FICO (Ferrovia de Integra\u00e7\u00e3o do Centro-Oeste) assinado\u201d. A garantia foi dada pelo ministro Tarc\u00edsio de Freitas, da Infraestrutura, ao senador Wellington Fagundes (PR-MT), presidente da Frente de Log\u00edstica e Infraestrutura (Frenlogi), durante audi\u00eancia realizada nesta quarta-feira, 10. Wellington afirmou que a implanta\u00e7\u00e3o dessa ferrovia \u00e9 uma prioridade para o desenvolvimento de Mato Grosso. <\/p>\n<p>\u201cA FICO est\u00e1 mais forte do que nunca. Este ano vamos ter contrato dela assinado, e combinamos uma ida a \u00c1gua Boa para dar a not\u00edcia \u00e0 popula\u00e7\u00e3o, mostrando como essa ferrovia vai ser feita. E com certeza \u00e9 uma ferrovia que estar\u00e1 pronta ainda no governo Bolsonaro\u201d, assegurou o ministro Tarc\u00edsio.<\/p>\n<p>Wellington Fagundes afirmou que ser\u00e1 um grande passo para interiorizar o desenvolvimento. \u201cO trecho entre \u00c1gua Boa e Campinorte (Goi\u00e1s), na extens\u00e3o da Ferrovia Norte-Sul, ser\u00e1 uma mola motriz ao crescimento de nosso Estado, e ir\u00e1 reduzir custos at\u00e9 os portos, para exportarmos com mais competitividade\u201d, enalteceu o republicano.<\/p>\n<p>Convite aceito \u2013 Wellington convidou o ministro a visitar regi\u00f5es estrat\u00e9gicas do Estado: o Araguaia, o Nort\u00e3o, Rondon\u00f3polis e a capital Cuiab\u00e1. \u201cN\u00f3s queremos que o ministro Tarc\u00edsio tenha a oportunidade de ir logo para Mato Grosso, porque temos muitas not\u00edcias boas. Em \u00c1gua Boa, vamos inaugurar a ilumina\u00e7\u00e3o da travessia urbana e lan\u00e7ar a ilumina\u00e7\u00e3o da travessia j\u00e1 duplicada de Nova Xavantina. Al\u00e9m disso, vamos tratar da infraestrutura do Araguaia. \u00c9 importante concluirmos a BR 242 e resolver a quest\u00e3o da BR 158, bem como a ferrovia FICO, claro\u201d, adiantou o republicano.<\/p>\n<p>Em Cuiab\u00e1, o ministro deve dialogar sobre a chegada da Ferronorte, no trecho que tem origem em Rondon\u00f3polis. Esta \u00e9, segundo Wellington, uma luta cotidiana \u201cde toda a bancada\u201d, liderada tamb\u00e9m pelo senador Jayme Campos. J\u00e1 em Sinop, no \u201cNort\u00e3o do Estado\u201d, Tarc\u00edsio assinar\u00e1 o contrato de concess\u00e3o dos aeroportos de Sinop, Alta Floresta Rondon\u00f3polis e V\u00e1rzea Grande, abrindo canal para novos investimentos. Al\u00e9m disso, deve \u2013 segundo Wellington \u2013 falar da concess\u00e3o da BR 163, tanto do trecho j\u00e1 concessionado quanto sobre o lan\u00e7amento da nova concess\u00e3o \u2013 de Sinop a Miritituba\/PA.<\/p>\n<p>Por fim, em Rondon\u00f3polis, o ministro dever\u00e1 tratar da conclus\u00e3o da travessia urbana do munic\u00edpio e da BR 163, at\u00e9 chegar ao Posto Trev\u00e3o. \u201cAl\u00e9m disso, trataremos da continuidade das obras de duplica\u00e7\u00e3o da BR 364, do Trev\u00e3o at\u00e9 o Lourencinho, e tamb\u00e9m faremos uma visita ao terminal ferrovi\u00e1rio, que \u00e9 o maior da Am\u00e9rica Latina. Essas visitas s\u00e3o fundamentais, j\u00e1 que Mato Grosso \u00e9 o Estado solu\u00e7\u00e3o, onde, para todo investimento que se faz por l\u00e1, h\u00e1 retorno imediato\u201d, finalizou o senador.<\/p>\n<p>Fonte: O Documento<\/p>\n","protected":false},"excerpt":{"rendered":"<p>\u201cEste ano vamos ter o contrato da FICO (Ferrovia de Integra\u00e7\u00e3o do Centro-Oeste) assinado\u201d. A garantia foi dada pelo ministro Tarc\u00edsio de Freitas, da Infraestrutura, ao senador Wellington Fagundes (PR-MT), presidente da Frente de Log\u00edstica e Infraestrutura (Frenlogi), durante audi\u00eancia realizada nesta quarta-feira, 10. Wellington afirmou que a implanta\u00e7\u00e3o dessa ferrovia \u00e9 uma prioridade para [&hellip;]<\/p>\n","protected":false},"author":5,"featured_media":0,"comment_status":"open","ping_status":"open","sticky":false,"template":"","format":"standard","meta":{"_acf_changed":false,"footnotes":""},"categories":[2],"tags":[],"class_list":["post-6972","post","type-post","status-publish","format-standard","hentry","category-noticias"],"acf":[],"yoast_head":"<!-- This site is optimized with the Yoast SEO plugin v23.9 - https:\/\/yoast.com\/wordpress\/plugins\/seo\/ -->\n<title>Ministro garante assinatura de contrato de ferrovia neste ano - AmstedMaxion<\/title>\n<meta name=\"robots\" content=\"index, follow, max-snippet:-1, max-image-preview:large, max-video-preview:-1\" \/>\n<link rel=\"canonical\" href=\"https:\/\/www.amstedmaxion.com.br\/ministro-garante-assinatura-de-contrato-de-ferrovia-neste-ano\/\" \/>\n<meta property=\"og:locale\" content=\"en_US\" \/>\n<meta property=\"og:type\" content=\"article\" \/>\n<meta property=\"og:title\" content=\"Ministro garante assinatura de contrato de ferrovia neste ano - AmstedMaxion\" \/>\n<meta property=\"og:description\" content=\"\u201cEste ano vamos ter o contrato da FICO (Ferrovia de Integra\u00e7\u00e3o do Centro-Oeste) assinado\u201d. A garantia foi dada pelo ministro Tarc\u00edsio de Freitas, da Infraestrutura, ao senador Wellington Fagundes (PR-MT), presidente da Frente de Log\u00edstica e Infraestrutura (Frenlogi), durante audi\u00eancia realizada nesta quarta-feira, 10. Wellington afirmou que a implanta\u00e7\u00e3o dessa ferrovia \u00e9 uma prioridade para [&hellip;]\" \/>\n<meta property=\"og:url\" content=\"https:\/\/www.amstedmaxion.com.br\/ministro-garante-assinatura-de-contrato-de-ferrovia-neste-ano\/\" \/>\n<meta property=\"og:site_name\" content=\"AmstedMaxion\" \/>\n<meta property=\"article:publisher\" content=\"https:\/\/www.facebook.com\/AmstedMaxion.Oficial\" \/>\n<meta property=\"article:published_time\" content=\"2019-05-21T12:53:49+00:00\" \/>\n<meta name=\"author\" content=\"Rosane Storto\" \/>\n<meta name=\"twitter:card\" content=\"summary_large_image\" \/>\n<meta name=\"twitter:label1\" content=\"Written by\" \/>\n\t<meta name=\"twitter:data1\" content=\"Rosane Storto\" \/>\n\t<meta name=\"twitter:label2\" content=\"Est. reading time\" \/>\n\t<meta name=\"twitter:data2\" content=\"2 minutes\" \/>\n<script type=\"application\/ld+json\" class=\"yoast-schema-graph\">{\"@context\":\"https:\/\/schema.org\",\"@graph\":[{\"@type\":\"Article\",\"@id\":\"https:\/\/www.amstedmaxion.com.br\/ministro-garante-assinatura-de-contrato-de-ferrovia-neste-ano\/#article\",\"isPartOf\":{\"@id\":\"https:\/\/www.amstedmaxion.com.br\/ministro-garante-assinatura-de-contrato-de-ferrovia-neste-ano\/\"},\"author\":{\"name\":\"Rosane Storto\",\"@id\":\"https:\/\/www.amstedmaxion.com.br\/#\/schema\/person\/140cb65f07d4e66dd5543c8a187bf436\"},\"headline\":\"Ministro garante assinatura de contrato de ferrovia neste ano\",\"datePublished\":\"2019-05-21T12:53:49+00:00\",\"dateModified\":\"2019-05-21T12:53:49+00:00\",\"mainEntityOfPage\":{\"@id\":\"https:\/\/www.amstedmaxion.com.br\/ministro-garante-assinatura-de-contrato-de-ferrovia-neste-ano\/\"},\"wordCount\":471,\"commentCount\":0,\"publisher\":{\"@id\":\"https:\/\/www.amstedmaxion.com.br\/#organization\"},\"articleSection\":[\"Not\u00edcias da AmstedMaxion\"],\"inLanguage\":\"en-US\",\"potentialAction\":[{\"@type\":\"CommentAction\",\"name\":\"Comment\",\"target\":[\"https:\/\/www.amstedmaxion.com.br\/ministro-garante-assinatura-de-contrato-de-ferrovia-neste-ano\/#respond\"]}]},{\"@type\":\"WebPage\",\"@id\":\"https:\/\/www.amstedmaxion.com.br\/ministro-garante-assinatura-de-contrato-de-ferrovia-neste-ano\/\",\"url\":\"https:\/\/www.amstedmaxion.com.br\/ministro-garante-assinatura-de-contrato-de-ferrovia-neste-ano\/\",\"name\":\"Ministro garante assinatura de contrato de ferrovia neste ano - AmstedMaxion\",\"isPartOf\":{\"@id\":\"https:\/\/www.amstedmaxion.com.br\/#website\"},\"datePublished\":\"2019-05-21T12:53:49+00:00\",\"dateModified\":\"2019-05-21T12:53:49+00:00\",\"breadcrumb\":{\"@id\":\"https:\/\/www.amstedmaxion.com.br\/ministro-garante-assinatura-de-contrato-de-ferrovia-neste-ano\/#breadcrumb\"},\"inLanguage\":\"en-US\",\"potentialAction\":[{\"@type\":\"ReadAction\",\"target\":[\"https:\/\/www.amstedmaxion.com.br\/ministro-garante-assinatura-de-contrato-de-ferrovia-neste-ano\/\"]}]},{\"@type\":\"BreadcrumbList\",\"@id\":\"https:\/\/www.amstedmaxion.com.br\/ministro-garante-assinatura-de-contrato-de-ferrovia-neste-ano\/#breadcrumb\",\"itemListElement\":[{\"@type\":\"ListItem\",\"position\":1,\"name\":\"In\u00edcio\",\"item\":\"https:\/\/www.amstedmaxion.com.br\/\"},{\"@type\":\"ListItem\",\"position\":2,\"name\":\"Ministro garante assinatura de contrato de ferrovia neste ano\"}]},{\"@type\":\"WebSite\",\"@id\":\"https:\/\/www.amstedmaxion.com.br\/#website\",\"url\":\"https:\/\/www.amstedmaxion.com.br\/\",\"name\":\"AmstedMaxion\",\"description\":\"AmstedMaxion - Fundi\u00e7\u00e3o e Equipamentos Ferrovi\u00e1rios\",\"publisher\":{\"@id\":\"https:\/\/www.amstedmaxion.com.br\/#organization\"},\"alternateName\":\"AmstedMaxion\",\"potentialAction\":[{\"@type\":\"SearchAction\",\"target\":{\"@type\":\"EntryPoint\",\"urlTemplate\":\"https:\/\/www.amstedmaxion.com.br\/?s={search_term_string}\"},\"query-input\":{\"@type\":\"PropertyValueSpecification\",\"valueRequired\":true,\"valueName\":\"search_term_string\"}}],\"inLanguage\":\"en-US\"},{\"@type\":\"Organization\",\"@id\":\"https:\/\/www.amstedmaxion.com.br\/#organization\",\"name\":\"AMSTEDMAXION\",\"url\":\"https:\/\/www.amstedmaxion.com.br\/\",\"logo\":{\"@type\":\"ImageObject\",\"inLanguage\":\"en-US\",\"@id\":\"https:\/\/www.amstedmaxion.com.br\/#\/schema\/logo\/image\/\",\"url\":\"https:\/\/www.amstedmaxion.com.br\/wp-content\/uploads\/2023\/11\/amsted.png\",\"contentUrl\":\"https:\/\/www.amstedmaxion.com.br\/wp-content\/uploads\/2023\/11\/amsted.png\",\"width\":500,\"height\":500,\"caption\":\"AMSTEDMAXION\"},\"image\":{\"@id\":\"https:\/\/www.amstedmaxion.com.br\/#\/schema\/logo\/image\/\"},\"sameAs\":[\"https:\/\/www.facebook.com\/AmstedMaxion.Oficial\",\"https:\/\/br.linkedin.com\/company\/amstedmaxion\"]},{\"@type\":\"Person\",\"@id\":\"https:\/\/www.amstedmaxion.com.br\/#\/schema\/person\/140cb65f07d4e66dd5543c8a187bf436\",\"name\":\"Rosane Storto\",\"image\":{\"@type\":\"ImageObject\",\"inLanguage\":\"en-US\",\"@id\":\"https:\/\/www.amstedmaxion.com.br\/#\/schema\/person\/image\/\",\"url\":\"https:\/\/secure.gravatar.com\/avatar\/0e3d021545bbe593cb0eb3ee740544fefa86d59762e63dec1dbe9480a34c98cd?s=96&d=mm&r=g\",\"contentUrl\":\"https:\/\/secure.gravatar.com\/avatar\/0e3d021545bbe593cb0eb3ee740544fefa86d59762e63dec1dbe9480a34c98cd?s=96&d=mm&r=g\",\"caption\":\"Rosane Storto\"}}]}<\/script>\n<!-- \/ Yoast SEO plugin. -->","yoast_head_json":{"title":"Ministro garante assinatura de contrato de ferrovia neste ano - AmstedMaxion","robots":{"index":"index","follow":"follow","max-snippet":"max-snippet:-1","max-image-preview":"max-image-preview:large","max-video-preview":"max-video-preview:-1"},"canonical":"https:\/\/www.amstedmaxion.com.br\/ministro-garante-assinatura-de-contrato-de-ferrovia-neste-ano\/","og_locale":"en_US","og_type":"article","og_title":"Ministro garante assinatura de contrato de ferrovia neste ano - AmstedMaxion","og_description":"\u201cEste ano vamos ter o contrato da FICO (Ferrovia de Integra\u00e7\u00e3o do Centro-Oeste) assinado\u201d. A garantia foi dada pelo ministro Tarc\u00edsio de Freitas, da Infraestrutura, ao senador Wellington Fagundes (PR-MT), presidente da Frente de Log\u00edstica e Infraestrutura (Frenlogi), durante audi\u00eancia realizada nesta quarta-feira, 10. Wellington afirmou que a implanta\u00e7\u00e3o dessa ferrovia \u00e9 uma prioridade para [&hellip;]","og_url":"https:\/\/www.amstedmaxion.com.br\/ministro-garante-assinatura-de-contrato-de-ferrovia-neste-ano\/","og_site_name":"AmstedMaxion","article_publisher":"https:\/\/www.facebook.com\/AmstedMaxion.Oficial","article_published_time":"2019-05-21T12:53:49+00:00","author":"Rosane Storto","twitter_card":"summary_large_image","twitter_misc":{"Written by":"Rosane Storto","Est. reading time":"2 minutes"},"schema":{"@context":"https:\/\/schema.org","@graph":[{"@type":"Article","@id":"https:\/\/www.amstedmaxion.com.br\/ministro-garante-assinatura-de-contrato-de-ferrovia-neste-ano\/#article","isPartOf":{"@id":"https:\/\/www.amstedmaxion.com.br\/ministro-garante-assinatura-de-contrato-de-ferrovia-neste-ano\/"},"author":{"name":"Rosane Storto","@id":"https:\/\/www.amstedmaxion.com.br\/#\/schema\/person\/140cb65f07d4e66dd5543c8a187bf436"},"headline":"Ministro garante assinatura de contrato de ferrovia neste ano","datePublished":"2019-05-21T12:53:49+00:00","dateModified":"2019-05-21T12:53:49+00:00","mainEntityOfPage":{"@id":"https:\/\/www.amstedmaxion.com.br\/ministro-garante-assinatura-de-contrato-de-ferrovia-neste-ano\/"},"wordCount":471,"commentCount":0,"publisher":{"@id":"https:\/\/www.amstedmaxion.com.br\/#organization"},"articleSection":["Not\u00edcias da AmstedMaxion"],"inLanguage":"en-US","potentialAction":[{"@type":"CommentAction","name":"Comment","target":["https:\/\/www.amstedmaxion.com.br\/ministro-garante-assinatura-de-contrato-de-ferrovia-neste-ano\/#respond"]}]},{"@type":"WebPage","@id":"https:\/\/www.amstedmaxion.com.br\/ministro-garante-assinatura-de-contrato-de-ferrovia-neste-ano\/","url":"https:\/\/www.amstedmaxion.com.br\/ministro-garante-assinatura-de-contrato-de-ferrovia-neste-ano\/","name":"Ministro garante assinatura de contrato de ferrovia neste ano - AmstedMaxion","isPartOf":{"@id":"https:\/\/www.amstedmaxion.com.br\/#website"},"datePublished":"2019-05-21T12:53:49+00:00","dateModified":"2019-05-21T12:53:49+00:00","breadcrumb":{"@id":"https:\/\/www.amstedmaxion.com.br\/ministro-garante-assinatura-de-contrato-de-ferrovia-neste-ano\/#breadcrumb"},"inLanguage":"en-US","potentialAction":[{"@type":"ReadAction","target":["https:\/\/www.amstedmaxion.com.br\/ministro-garante-assinatura-de-contrato-de-ferrovia-neste-ano\/"]}]},{"@type":"BreadcrumbList","@id":"https:\/\/www.amstedmaxion.com.br\/ministro-garante-assinatura-de-contrato-de-ferrovia-neste-ano\/#breadcrumb","itemListElement":[{"@type":"ListItem","position":1,"name":"In\u00edcio","item":"https:\/\/www.amstedmaxion.com.br\/"},{"@type":"ListItem","position":2,"name":"Ministro garante assinatura de contrato de ferrovia neste ano"}]},{"@type":"WebSite","@id":"https:\/\/www.amstedmaxion.com.br\/#website","url":"https:\/\/www.amstedmaxion.com.br\/","name":"AmstedMaxion","description":"AmstedMaxion - Fundi\u00e7\u00e3o e Equipamentos Ferrovi\u00e1rios","publisher":{"@id":"https:\/\/www.amstedmaxion.com.br\/#organization"},"alternateName":"AmstedMaxion","potentialAction":[{"@type":"SearchAction","target":{"@type":"EntryPoint","urlTemplate":"https:\/\/www.amstedmaxion.com.br\/?s={search_term_string}"},"query-input":{"@type":"PropertyValueSpecification","valueRequired":true,"valueName":"search_term_string"}}],"inLanguage":"en-US"},{"@type":"Organization","@id":"https:\/\/www.amstedmaxion.com.br\/#organization","name":"AMSTEDMAXION","url":"https:\/\/www.amstedmaxion.com.br\/","logo":{"@type":"ImageObject","inLanguage":"en-US","@id":"https:\/\/www.amstedmaxion.com.br\/#\/schema\/logo\/image\/","url":"https:\/\/www.amstedmaxion.com.br\/wp-content\/uploads\/2023\/11\/amsted.png","contentUrl":"https:\/\/www.amstedmaxion.com.br\/wp-content\/uploads\/2023\/11\/amsted.png","width":500,"height":500,"caption":"AMSTEDMAXION"},"image":{"@id":"https:\/\/www.amstedmaxion.com.br\/#\/schema\/logo\/image\/"},"sameAs":["https:\/\/www.facebook.com\/AmstedMaxion.Oficial","https:\/\/br.linkedin.com\/company\/amstedmaxion"]},{"@type":"Person","@id":"https:\/\/www.amstedmaxion.com.br\/#\/schema\/person\/140cb65f07d4e66dd5543c8a187bf436","name":"Rosane Storto","image":{"@type":"ImageObject","inLanguage":"en-US","@id":"https:\/\/www.amstedmaxion.com.br\/#\/schema\/person\/image\/","url":"https:\/\/secure.gravatar.com\/avatar\/0e3d021545bbe593cb0eb3ee740544fefa86d59762e63dec1dbe9480a34c98cd?s=96&d=mm&r=g","contentUrl":"https:\/\/secure.gravatar.com\/avatar\/0e3d021545bbe593cb0eb3ee740544fefa86d59762e63dec1dbe9480a34c98cd?s=96&d=mm&r=g","caption":"Rosane Storto"}}]}},"_links":{"self":[{"href":"https:\/\/www.amstedmaxion.com.br\/en\/wp-json\/wp\/v2\/posts\/6972","targetHints":{"allow":["GET"]}}],"collection":[{"href":"https:\/\/www.amstedmaxion.com.br\/en\/wp-json\/wp\/v2\/posts"}],"about":[{"href":"https:\/\/www.amstedmaxion.com.br\/en\/wp-json\/wp\/v2\/types\/post"}],"author":[{"embeddable":true,"href":"https:\/\/www.amstedmaxion.com.br\/en\/wp-json\/wp\/v2\/users\/5"}],"replies":[{"embeddable":true,"href":"https:\/\/www.amstedmaxion.com.br\/en\/wp-json\/wp\/v2\/comments?post=6972"}],"version-history":[{"count":1,"href":"https:\/\/www.amstedmaxion.com.br\/en\/wp-json\/wp\/v2\/posts\/6972\/revisions"}],"predecessor-version":[{"id":6974,"href":"https:\/\/www.amstedmaxion.com.br\/en\/wp-json\/wp\/v2\/posts\/6972\/revisions\/6974"}],"wp:attachment":[{"href":"https:\/\/www.amstedmaxion.com.br\/en\/wp-json\/wp\/v2\/media?parent=6972"}],"wp:term":[{"taxonomy":"category","embeddable":true,"href":"https:\/\/www.amstedmaxion.com.br\/en\/wp-json\/wp\/v2\/categories?post=6972"},{"taxonomy":"post_tag","embeddable":true,"href":"https:\/\/www.amstedmaxion.com.br\/en\/wp-json\/wp\/v2\/tags?post=6972"}],"curies":[{"name":"wp","href":"https:\/\/api.w.org\/{rel}","templated":true}]}}