{"id":7136,"date":"2019-05-27T16:49:40","date_gmt":"2019-05-27T19:49:40","guid":{"rendered":"http:\/\/www.amstedmaxion.com.br\/?p=7136"},"modified":"2019-05-27T16:49:40","modified_gmt":"2019-05-27T19:49:40","slug":"humberto-freitas-assume-a-presidencia-interina-da-vli","status":"publish","type":"post","link":"https:\/\/www.amstedmaxion.com.br\/en\/humberto-freitas-assume-a-presidencia-interina-da-vli\/","title":{"rendered":"Humberto Freitas assume a presid\u00eancia interina da VLI"},"content":{"rendered":"<p>Desde 2010 \u00e0 frente da VLI, Marcello Spinelli deixa o cargo de diretor-presidente para dar lugar a Humberto Freitas, que assume a presid\u00eancia interina da companhia. Spinelli vai para a \u00e1rea de Log\u00edstica da Vale.<\/p>\n<p>Com uma s\u00f3lida carreira no segmento de neg\u00f3cios e log\u00edstica, Freitas \u00e9 considerado um dos principais respons\u00e1veis pela origem e estrat\u00e9gia da VLI.<\/p>\n<p>Graduado em Engenharia Metal\u00fargica pela Escola de Minas Ouro Preto e p\u00f3s-gradua\u00e7\u00f5es e cursos de extens\u00e3o relacionados a gest\u00e3o e neg\u00f3cios no Brasil e no exterior, Freitas foi diretor executivo de Log\u00edstica da Vale de 2011 a 2017, onde participou de maneira ativa e decisiva do processo de spin-off da VLI e da elabora\u00e7\u00e3o de seu plano inicial de neg\u00f3cios, estrat\u00e9gia que consistiu num plano de investimentos de R$ 9 bilh\u00f5es iniciado em 2013 e conclu\u00eddo nesse ano. Freitas tamb\u00e9m atuou anteriormente em outras diretorias e esteve \u00e0 frente de diversos neg\u00f3cios da mineradora.<\/p>\n<p>Entre 2014 e 2017, Freitas foi presidente do Conselho de Administra\u00e7\u00e3o da VLI e, ap\u00f3s esta data, passou a atuar como consultor nos assuntos estrat\u00e9gicos junto \u00e0 diretoria da empresa. A proximidade e a familiaridade com o plano de neg\u00f3cios da companhia foram crit\u00e9rios para a sua escolha, al\u00e9m de sua senioridade e compromisso com o desenvolvimento da log\u00edstica no pa\u00eds. Sua indica\u00e7\u00e3o, aprovada pelos acionistas da empresa, est\u00e1 alinhada \u00e0 vis\u00e3o de futuro e valores da companhia, disse a VLI em nota.<\/p>\n<p>A trajet\u00f3ria da VLI \u00e9 marcada por um compromisso consistente e s\u00f3lido com a transforma\u00e7\u00e3o log\u00edstica do Pa\u00eds, e sinto-me privilegiado em ter feito parte, de maneira ativa, dos planos que deram origem ao que a companhia \u00e9 hoje. Recebo com entusiasmo a tarefa de contribuir diretamente nessa nova etapa, destacou Humberto Freitas. O executivo foi eleito Ferrovi\u00e1rio do Ano de 2016 pelo Conselho Editorial da Revista Ferrovi\u00e1ria. <\/p>\n<p>Marcello Spinelli tamb\u00e9m foi um dos respons\u00e1veis pela cria\u00e7\u00e3o da VLI e por sua capitaliza\u00e7\u00e3o em 2013, quando passou a ter como s\u00f3cias a Vale, Brookfield, Mitsui e FI-FGTS. Em comunicado, a VLI afirma que sob seu comando, a VLI deu in\u00edcio a um ciclo de R$ 9 bilh\u00f5es de investimentos, conclu\u00eddo em 2019 e que a levou a ser uma das maiores empresas de infraestrutura do pa\u00eds. Spinelli deixa a empresa pronta para dar continuidade ao seu s\u00f3lido plano de neg\u00f3cios e seguir com sua vis\u00e3o de transformar a log\u00edstica do Brasil.<\/p>\n<p>Fonte: Revista Ferrovi\u00e1ria<\/p>\n","protected":false},"excerpt":{"rendered":"<p>Desde 2010 \u00e0 frente da VLI, Marcello Spinelli deixa o cargo de diretor-presidente para dar lugar a Humberto Freitas, que assume a presid\u00eancia interina da companhia. Spinelli vai para a \u00e1rea de Log\u00edstica da Vale. Com uma s\u00f3lida carreira no segmento de neg\u00f3cios e log\u00edstica, Freitas \u00e9 considerado um dos principais respons\u00e1veis pela origem e [&hellip;]<\/p>\n","protected":false},"author":5,"featured_media":0,"comment_status":"open","ping_status":"open","sticky":false,"template":"","format":"standard","meta":{"_acf_changed":false,"footnotes":""},"categories":[2],"tags":[],"class_list":["post-7136","post","type-post","status-publish","format-standard","hentry","category-noticias"],"acf":[],"yoast_head":"<!-- This site is optimized with the Yoast SEO plugin v23.9 - https:\/\/yoast.com\/wordpress\/plugins\/seo\/ -->\n<title>Humberto Freitas assume a presid\u00eancia interina da VLI - AmstedMaxion<\/title>\n<meta name=\"robots\" content=\"index, follow, max-snippet:-1, max-image-preview:large, max-video-preview:-1\" \/>\n<link rel=\"canonical\" href=\"https:\/\/www.amstedmaxion.com.br\/humberto-freitas-assume-a-presidencia-interina-da-vli\/\" \/>\n<meta property=\"og:locale\" content=\"en_US\" \/>\n<meta property=\"og:type\" content=\"article\" \/>\n<meta property=\"og:title\" content=\"Humberto Freitas assume a presid\u00eancia interina da VLI - AmstedMaxion\" \/>\n<meta property=\"og:description\" content=\"Desde 2010 \u00e0 frente da VLI, Marcello Spinelli deixa o cargo de diretor-presidente para dar lugar a Humberto Freitas, que assume a presid\u00eancia interina da companhia. Spinelli vai para a \u00e1rea de Log\u00edstica da Vale. Com uma s\u00f3lida carreira no segmento de neg\u00f3cios e log\u00edstica, Freitas \u00e9 considerado um dos principais respons\u00e1veis pela origem e [&hellip;]\" \/>\n<meta property=\"og:url\" content=\"https:\/\/www.amstedmaxion.com.br\/humberto-freitas-assume-a-presidencia-interina-da-vli\/\" \/>\n<meta property=\"og:site_name\" content=\"AmstedMaxion\" \/>\n<meta property=\"article:publisher\" content=\"https:\/\/www.facebook.com\/AmstedMaxion.Oficial\" \/>\n<meta property=\"article:published_time\" content=\"2019-05-27T19:49:40+00:00\" \/>\n<meta name=\"author\" content=\"Rosane Storto\" \/>\n<meta name=\"twitter:card\" content=\"summary_large_image\" \/>\n<meta name=\"twitter:label1\" content=\"Written by\" \/>\n\t<meta name=\"twitter:data1\" content=\"Rosane Storto\" \/>\n\t<meta name=\"twitter:label2\" content=\"Est. reading time\" \/>\n\t<meta name=\"twitter:data2\" content=\"2 minutes\" \/>\n<script type=\"application\/ld+json\" class=\"yoast-schema-graph\">{\"@context\":\"https:\/\/schema.org\",\"@graph\":[{\"@type\":\"Article\",\"@id\":\"https:\/\/www.amstedmaxion.com.br\/humberto-freitas-assume-a-presidencia-interina-da-vli\/#article\",\"isPartOf\":{\"@id\":\"https:\/\/www.amstedmaxion.com.br\/humberto-freitas-assume-a-presidencia-interina-da-vli\/\"},\"author\":{\"name\":\"Rosane Storto\",\"@id\":\"https:\/\/www.amstedmaxion.com.br\/#\/schema\/person\/140cb65f07d4e66dd5543c8a187bf436\"},\"headline\":\"Humberto Freitas assume a presid\u00eancia interina da VLI\",\"datePublished\":\"2019-05-27T19:49:40+00:00\",\"dateModified\":\"2019-05-27T19:49:40+00:00\",\"mainEntityOfPage\":{\"@id\":\"https:\/\/www.amstedmaxion.com.br\/humberto-freitas-assume-a-presidencia-interina-da-vli\/\"},\"wordCount\":442,\"commentCount\":0,\"publisher\":{\"@id\":\"https:\/\/www.amstedmaxion.com.br\/#organization\"},\"articleSection\":[\"Not\u00edcias da AmstedMaxion\"],\"inLanguage\":\"en-US\",\"potentialAction\":[{\"@type\":\"CommentAction\",\"name\":\"Comment\",\"target\":[\"https:\/\/www.amstedmaxion.com.br\/humberto-freitas-assume-a-presidencia-interina-da-vli\/#respond\"]}]},{\"@type\":\"WebPage\",\"@id\":\"https:\/\/www.amstedmaxion.com.br\/humberto-freitas-assume-a-presidencia-interina-da-vli\/\",\"url\":\"https:\/\/www.amstedmaxion.com.br\/humberto-freitas-assume-a-presidencia-interina-da-vli\/\",\"name\":\"Humberto Freitas assume a presid\u00eancia interina da VLI - AmstedMaxion\",\"isPartOf\":{\"@id\":\"https:\/\/www.amstedmaxion.com.br\/#website\"},\"datePublished\":\"2019-05-27T19:49:40+00:00\",\"dateModified\":\"2019-05-27T19:49:40+00:00\",\"breadcrumb\":{\"@id\":\"https:\/\/www.amstedmaxion.com.br\/humberto-freitas-assume-a-presidencia-interina-da-vli\/#breadcrumb\"},\"inLanguage\":\"en-US\",\"potentialAction\":[{\"@type\":\"ReadAction\",\"target\":[\"https:\/\/www.amstedmaxion.com.br\/humberto-freitas-assume-a-presidencia-interina-da-vli\/\"]}]},{\"@type\":\"BreadcrumbList\",\"@id\":\"https:\/\/www.amstedmaxion.com.br\/humberto-freitas-assume-a-presidencia-interina-da-vli\/#breadcrumb\",\"itemListElement\":[{\"@type\":\"ListItem\",\"position\":1,\"name\":\"In\u00edcio\",\"item\":\"https:\/\/www.amstedmaxion.com.br\/\"},{\"@type\":\"ListItem\",\"position\":2,\"name\":\"Humberto Freitas assume a presid\u00eancia interina da VLI\"}]},{\"@type\":\"WebSite\",\"@id\":\"https:\/\/www.amstedmaxion.com.br\/#website\",\"url\":\"https:\/\/www.amstedmaxion.com.br\/\",\"name\":\"AmstedMaxion\",\"description\":\"AmstedMaxion - Fundi\u00e7\u00e3o e Equipamentos Ferrovi\u00e1rios\",\"publisher\":{\"@id\":\"https:\/\/www.amstedmaxion.com.br\/#organization\"},\"alternateName\":\"AmstedMaxion\",\"potentialAction\":[{\"@type\":\"SearchAction\",\"target\":{\"@type\":\"EntryPoint\",\"urlTemplate\":\"https:\/\/www.amstedmaxion.com.br\/?s={search_term_string}\"},\"query-input\":{\"@type\":\"PropertyValueSpecification\",\"valueRequired\":true,\"valueName\":\"search_term_string\"}}],\"inLanguage\":\"en-US\"},{\"@type\":\"Organization\",\"@id\":\"https:\/\/www.amstedmaxion.com.br\/#organization\",\"name\":\"AMSTEDMAXION\",\"url\":\"https:\/\/www.amstedmaxion.com.br\/\",\"logo\":{\"@type\":\"ImageObject\",\"inLanguage\":\"en-US\",\"@id\":\"https:\/\/www.amstedmaxion.com.br\/#\/schema\/logo\/image\/\",\"url\":\"https:\/\/www.amstedmaxion.com.br\/wp-content\/uploads\/2023\/11\/amsted.png\",\"contentUrl\":\"https:\/\/www.amstedmaxion.com.br\/wp-content\/uploads\/2023\/11\/amsted.png\",\"width\":500,\"height\":500,\"caption\":\"AMSTEDMAXION\"},\"image\":{\"@id\":\"https:\/\/www.amstedmaxion.com.br\/#\/schema\/logo\/image\/\"},\"sameAs\":[\"https:\/\/www.facebook.com\/AmstedMaxion.Oficial\",\"https:\/\/br.linkedin.com\/company\/amstedmaxion\"]},{\"@type\":\"Person\",\"@id\":\"https:\/\/www.amstedmaxion.com.br\/#\/schema\/person\/140cb65f07d4e66dd5543c8a187bf436\",\"name\":\"Rosane Storto\",\"image\":{\"@type\":\"ImageObject\",\"inLanguage\":\"en-US\",\"@id\":\"https:\/\/www.amstedmaxion.com.br\/#\/schema\/person\/image\/\",\"url\":\"https:\/\/secure.gravatar.com\/avatar\/0e3d021545bbe593cb0eb3ee740544fefa86d59762e63dec1dbe9480a34c98cd?s=96&d=mm&r=g\",\"contentUrl\":\"https:\/\/secure.gravatar.com\/avatar\/0e3d021545bbe593cb0eb3ee740544fefa86d59762e63dec1dbe9480a34c98cd?s=96&d=mm&r=g\",\"caption\":\"Rosane Storto\"}}]}<\/script>\n<!-- \/ Yoast SEO plugin. -->","yoast_head_json":{"title":"Humberto Freitas assume a presid\u00eancia interina da VLI - AmstedMaxion","robots":{"index":"index","follow":"follow","max-snippet":"max-snippet:-1","max-image-preview":"max-image-preview:large","max-video-preview":"max-video-preview:-1"},"canonical":"https:\/\/www.amstedmaxion.com.br\/humberto-freitas-assume-a-presidencia-interina-da-vli\/","og_locale":"en_US","og_type":"article","og_title":"Humberto Freitas assume a presid\u00eancia interina da VLI - AmstedMaxion","og_description":"Desde 2010 \u00e0 frente da VLI, Marcello Spinelli deixa o cargo de diretor-presidente para dar lugar a Humberto Freitas, que assume a presid\u00eancia interina da companhia. Spinelli vai para a \u00e1rea de Log\u00edstica da Vale. Com uma s\u00f3lida carreira no segmento de neg\u00f3cios e log\u00edstica, Freitas \u00e9 considerado um dos principais respons\u00e1veis pela origem e [&hellip;]","og_url":"https:\/\/www.amstedmaxion.com.br\/humberto-freitas-assume-a-presidencia-interina-da-vli\/","og_site_name":"AmstedMaxion","article_publisher":"https:\/\/www.facebook.com\/AmstedMaxion.Oficial","article_published_time":"2019-05-27T19:49:40+00:00","author":"Rosane Storto","twitter_card":"summary_large_image","twitter_misc":{"Written by":"Rosane Storto","Est. reading time":"2 minutes"},"schema":{"@context":"https:\/\/schema.org","@graph":[{"@type":"Article","@id":"https:\/\/www.amstedmaxion.com.br\/humberto-freitas-assume-a-presidencia-interina-da-vli\/#article","isPartOf":{"@id":"https:\/\/www.amstedmaxion.com.br\/humberto-freitas-assume-a-presidencia-interina-da-vli\/"},"author":{"name":"Rosane Storto","@id":"https:\/\/www.amstedmaxion.com.br\/#\/schema\/person\/140cb65f07d4e66dd5543c8a187bf436"},"headline":"Humberto Freitas assume a presid\u00eancia interina da VLI","datePublished":"2019-05-27T19:49:40+00:00","dateModified":"2019-05-27T19:49:40+00:00","mainEntityOfPage":{"@id":"https:\/\/www.amstedmaxion.com.br\/humberto-freitas-assume-a-presidencia-interina-da-vli\/"},"wordCount":442,"commentCount":0,"publisher":{"@id":"https:\/\/www.amstedmaxion.com.br\/#organization"},"articleSection":["Not\u00edcias da AmstedMaxion"],"inLanguage":"en-US","potentialAction":[{"@type":"CommentAction","name":"Comment","target":["https:\/\/www.amstedmaxion.com.br\/humberto-freitas-assume-a-presidencia-interina-da-vli\/#respond"]}]},{"@type":"WebPage","@id":"https:\/\/www.amstedmaxion.com.br\/humberto-freitas-assume-a-presidencia-interina-da-vli\/","url":"https:\/\/www.amstedmaxion.com.br\/humberto-freitas-assume-a-presidencia-interina-da-vli\/","name":"Humberto Freitas assume a presid\u00eancia interina da VLI - AmstedMaxion","isPartOf":{"@id":"https:\/\/www.amstedmaxion.com.br\/#website"},"datePublished":"2019-05-27T19:49:40+00:00","dateModified":"2019-05-27T19:49:40+00:00","breadcrumb":{"@id":"https:\/\/www.amstedmaxion.com.br\/humberto-freitas-assume-a-presidencia-interina-da-vli\/#breadcrumb"},"inLanguage":"en-US","potentialAction":[{"@type":"ReadAction","target":["https:\/\/www.amstedmaxion.com.br\/humberto-freitas-assume-a-presidencia-interina-da-vli\/"]}]},{"@type":"BreadcrumbList","@id":"https:\/\/www.amstedmaxion.com.br\/humberto-freitas-assume-a-presidencia-interina-da-vli\/#breadcrumb","itemListElement":[{"@type":"ListItem","position":1,"name":"In\u00edcio","item":"https:\/\/www.amstedmaxion.com.br\/"},{"@type":"ListItem","position":2,"name":"Humberto Freitas assume a presid\u00eancia interina da VLI"}]},{"@type":"WebSite","@id":"https:\/\/www.amstedmaxion.com.br\/#website","url":"https:\/\/www.amstedmaxion.com.br\/","name":"AmstedMaxion","description":"AmstedMaxion - Fundi\u00e7\u00e3o e Equipamentos Ferrovi\u00e1rios","publisher":{"@id":"https:\/\/www.amstedmaxion.com.br\/#organization"},"alternateName":"AmstedMaxion","potentialAction":[{"@type":"SearchAction","target":{"@type":"EntryPoint","urlTemplate":"https:\/\/www.amstedmaxion.com.br\/?s={search_term_string}"},"query-input":{"@type":"PropertyValueSpecification","valueRequired":true,"valueName":"search_term_string"}}],"inLanguage":"en-US"},{"@type":"Organization","@id":"https:\/\/www.amstedmaxion.com.br\/#organization","name":"AMSTEDMAXION","url":"https:\/\/www.amstedmaxion.com.br\/","logo":{"@type":"ImageObject","inLanguage":"en-US","@id":"https:\/\/www.amstedmaxion.com.br\/#\/schema\/logo\/image\/","url":"https:\/\/www.amstedmaxion.com.br\/wp-content\/uploads\/2023\/11\/amsted.png","contentUrl":"https:\/\/www.amstedmaxion.com.br\/wp-content\/uploads\/2023\/11\/amsted.png","width":500,"height":500,"caption":"AMSTEDMAXION"},"image":{"@id":"https:\/\/www.amstedmaxion.com.br\/#\/schema\/logo\/image\/"},"sameAs":["https:\/\/www.facebook.com\/AmstedMaxion.Oficial","https:\/\/br.linkedin.com\/company\/amstedmaxion"]},{"@type":"Person","@id":"https:\/\/www.amstedmaxion.com.br\/#\/schema\/person\/140cb65f07d4e66dd5543c8a187bf436","name":"Rosane Storto","image":{"@type":"ImageObject","inLanguage":"en-US","@id":"https:\/\/www.amstedmaxion.com.br\/#\/schema\/person\/image\/","url":"https:\/\/secure.gravatar.com\/avatar\/0e3d021545bbe593cb0eb3ee740544fefa86d59762e63dec1dbe9480a34c98cd?s=96&d=mm&r=g","contentUrl":"https:\/\/secure.gravatar.com\/avatar\/0e3d021545bbe593cb0eb3ee740544fefa86d59762e63dec1dbe9480a34c98cd?s=96&d=mm&r=g","caption":"Rosane Storto"}}]}},"_links":{"self":[{"href":"https:\/\/www.amstedmaxion.com.br\/en\/wp-json\/wp\/v2\/posts\/7136","targetHints":{"allow":["GET"]}}],"collection":[{"href":"https:\/\/www.amstedmaxion.com.br\/en\/wp-json\/wp\/v2\/posts"}],"about":[{"href":"https:\/\/www.amstedmaxion.com.br\/en\/wp-json\/wp\/v2\/types\/post"}],"author":[{"embeddable":true,"href":"https:\/\/www.amstedmaxion.com.br\/en\/wp-json\/wp\/v2\/users\/5"}],"replies":[{"embeddable":true,"href":"https:\/\/www.amstedmaxion.com.br\/en\/wp-json\/wp\/v2\/comments?post=7136"}],"version-history":[{"count":1,"href":"https:\/\/www.amstedmaxion.com.br\/en\/wp-json\/wp\/v2\/posts\/7136\/revisions"}],"predecessor-version":[{"id":7138,"href":"https:\/\/www.amstedmaxion.com.br\/en\/wp-json\/wp\/v2\/posts\/7136\/revisions\/7138"}],"wp:attachment":[{"href":"https:\/\/www.amstedmaxion.com.br\/en\/wp-json\/wp\/v2\/media?parent=7136"}],"wp:term":[{"taxonomy":"category","embeddable":true,"href":"https:\/\/www.amstedmaxion.com.br\/en\/wp-json\/wp\/v2\/categories?post=7136"},{"taxonomy":"post_tag","embeddable":true,"href":"https:\/\/www.amstedmaxion.com.br\/en\/wp-json\/wp\/v2\/tags?post=7136"}],"curies":[{"name":"wp","href":"https:\/\/api.w.org\/{rel}","templated":true}]}}